{"id":69303,"date":"2023-07-19T08:00:40","date_gmt":"2023-07-19T07:00:40","guid":{"rendered":"https:\/\/jornaldasoficinas.com\/pt\/?p=69303"},"modified":"2023-08-30T08:35:47","modified_gmt":"2023-08-30T07:35:47","slug":"opco-qualifica-industria-automovel","status":"publish","type":"post","link":"https:\/\/jornaldasoficinas.com\/pt\/opco-qualifica-industria-automovel\/","title":{"rendered":"OPCO qualifica ind\u00fastria autom\u00f3vel"},"content":{"rendered":"<p><strong><img loading=\"lazy\" decoding=\"async\" class=\"alignnone size-full wp-image-69315\" src=\"https:\/\/jornaldasoficinas.com\/pt\/wp-content\/uploads\/2023\/07\/OPCO-qualifica-industria-automovel.jpg\" alt=\"07 - OPCO qualifica industria automovel\" width=\"1024\" height=\"581\" srcset=\"https:\/\/jornaldasoficinas.com\/pt\/wp-content\/uploads\/2023\/07\/OPCO-qualifica-industria-automovel.jpg 1024w, https:\/\/jornaldasoficinas.com\/pt\/wp-content\/uploads\/2023\/07\/OPCO-qualifica-industria-automovel-300x170.jpg 300w, https:\/\/jornaldasoficinas.com\/pt\/wp-content\/uploads\/2023\/07\/OPCO-qualifica-industria-automovel-150x85.jpg 150w, https:\/\/jornaldasoficinas.com\/pt\/wp-content\/uploads\/2023\/07\/OPCO-qualifica-industria-automovel-768x436.jpg 768w\" sizes=\"auto, (max-width: 1024px) 100vw, 1024px\" \/><\/strong><strong>\u00a0<\/strong><\/p>\n<p><strong>A <a href=\"https:\/\/opco.pt\/\" target=\"_blank\" rel=\"noopener\">OPCO<\/a> presta servi\u00e7os de consultoria, forma\u00e7\u00e3o e auditoria \u00e0 ind\u00fastria. Atualmente, oferece mais de 30 a\u00e7\u00f5es de forma\u00e7\u00e3o de julho a dezembro de 2023. As sess\u00f5es s\u00e3o realizadas online em hor\u00e1rio laboral e \u00e9 poss\u00edvel inscrever-se at\u00e9 \u00e0 \u00faltima hora<\/strong><\/p>\n<p>Cada vez mais sustent\u00e1vel e cada vez mais econ\u00f3mico \u2013 este \u00e9 o mantra atual dos construtores autom\u00f3veis. Sob permanente press\u00e3o do mercado e com prazos reduzidos de Investiga\u00e7\u00e3o &amp; Desenvolvimento, apertam por sua vez com os fornecedores de componentes. \u201c\u00c9 essencial que as empresas portuguesas acompanhem a evolu\u00e7\u00e3o com aten\u00e7\u00e3o e que se mantenham perfeitamente qualificadas\u201d, sublinhou Pedro Silva, diretor-geral da consultora e formadora OPCO.<\/p>\n<p>Quanto aos conte\u00fados, transmitem compet\u00eancias espec\u00edficas dos mais diversos segmentos do setor, como por exemplo a log\u00edstica, o desenvolvimento de processos e de produtos, a responsabilidade civil, as <em>core tools <\/em>exigidas pela ind\u00fastria, o controlo de produ\u00e7\u00e3o, a medi\u00e7\u00e3o, a preven\u00e7\u00e3o de falhas e a prepara\u00e7\u00e3o de auditorias.<\/p>\n<p>\u201cQueremos ajudar as empresas, nesta realidade particularmente exigente, com os nossos conhecimentos espec\u00edficos e do mercado e com toda a nossa experi\u00eancia pr\u00e1tica para poderem continuar a cumprir os requisitos da ind\u00fastria e seguir o rumo de qualidade, de produtividade e de melhoria cont\u00ednua\u201d, sublinhou Pedro Silva.<\/p>\n<p>Com mais de 25 anos de experi\u00eancia sobretudo em OEM e fornecedores da ind\u00fastria autom\u00f3vel, como profissional nas \u00e1reas da Qualidade, Engenharia, Produ\u00e7\u00e3o\/Processo e Dire\u00e7\u00e3o de F\u00e1brica, e agora como formador, consultor e auditor, o engenheiro mec\u00e2nico reuniu uma equipa de especialistas com experi\u00eancia de terreno para dar suporte e forma\u00e7\u00e3o certificada \u00e0s empresas da ind\u00fastria autom\u00f3vel. Com uma m\u00e9dia de mais de 1.200 profissionais qualificados por ano, \u201cacredito que o sucesso da nossa academia tem a ver com o facto de falarmos a l\u00edngua dos profissionais da ind\u00fastria autom\u00f3vel. Assim, fazemos mesmo parte da equipa\u201d, explicou o diretor-geral da OPCO, e acrescentou: \u201cOutro ponto forte, para al\u00e9m desta postura de parceria, \u00e9 a OPCO ser parceira e licenciada pela Associa\u00e7\u00e3o da Ind\u00fastria Autom\u00f3vel Alem\u00e3 (VDA) em Portugal. Traduzimos os manuais de requisitos da VDA para portugu\u00eas e estamos sempre a par das tend\u00eancias e necessidades espec\u00edficas da ind\u00fastria\u201d.<\/p>\n<p>A agenda completa das 30 a\u00e7\u00f5es de qualifica\u00e7\u00e3o e forma\u00e7\u00e3o est\u00e1 dispon\u00edvel no site da OPCO.<\/p>\n<p>Em julho, j\u00e1 nos dias 17 e 18, acontece a a\u00e7\u00e3o \u201cMMOG\/LE v6 \u2013 Materials Management and Logistics Assessment\u201d, de 17 a 19 decorre a a\u00e7\u00e3o \u201cIATF 16949 &#8211; Qualifica\u00e7\u00e3o de Auditor 1.\u00aa \/ 2.\u00aa parte\u201d, a 24 \u00e9 a vez de \u201c5\u2019S e Gest\u00e3o Visual\u201d, a 25 e 26 \u201cAutomotive Core Tools for Process and System Auditors\u201d, 27 e 28 \u201cMetrologia e calibra\u00e7\u00e3o\u201d e, a fechar o m\u00eas de julho, no dia 31 \u201cVDA 16 \u2013 Superf\u00edcies decorativas de acess\u00f3rios e pe\u00e7as funcionais nas \u00e1reas externas e internas de autom\u00f3veis\u201d.<\/p>\n<p>As a\u00e7\u00f5es da OPCO destinam-se a um n\u00famero m\u00e1ximo de 12 participantes por sess\u00e3o. A inscri\u00e7\u00e3o pode ser realizada diretamente no site da formadora, certificada pela DGERT, com um Sistema de Gest\u00e3o da Qualidade certificado pela BVC de acordo com a Norma ISO 9001.<\/p>\n","protected":false},"excerpt":{"rendered":"<p>\u00a0 A OPCO presta servi\u00e7os de&#8230;<\/p>\n","protected":false},"author":15,"featured_media":69315,"comment_status":"closed","ping_status":"closed","sticky":false,"template":"","format":"standard","meta":{"footnotes":""},"categories":[37],"tags":[5889,538,5890,212,2849],"class_list":["post-69303","post","type-post","status-publish","format-standard","has-post-thumbnail","hentry","category-mercado","tag-auditoria","tag-consultoria","tag-de-julho-a-dezembro-de-2023","tag-formacao","tag-opco"],"yoast_head":"<!-- This site is optimized with the Yoast SEO plugin v27.4 - https:\/\/yoast.com\/product\/yoast-seo-wordpress\/ -->\n<title>OPCO qualifica ind\u00fastria autom\u00f3vel - Jornal das Oficinas<\/title>\n<meta name=\"description\" content=\"A OPCO presta servi\u00e7os de consultoria, forma\u00e7\u00e3o e auditoria \u00e0 ind\u00fastria. Atualmente, oferece mais de 30 a\u00e7\u00f5es de forma\u00e7\u00e3o de julho a dezembro\" \/>\n<meta name=\"robots\" content=\"index, follow, max-snippet:-1, max-image-preview:large, max-video-preview:-1\" \/>\n<link rel=\"canonical\" href=\"https:\/\/jornaldasoficinas.com\/pt\/opco-qualifica-industria-automovel\/\" \/>\n<meta property=\"og:locale\" content=\"pt_PT\" \/>\n<meta property=\"og:type\" content=\"article\" \/>\n<meta property=\"og:title\" content=\"OPCO qualifica ind\u00fastria autom\u00f3vel - Jornal das Oficinas\" \/>\n<meta property=\"og:description\" content=\"A OPCO presta servi\u00e7os de consultoria, forma\u00e7\u00e3o e auditoria \u00e0 ind\u00fastria. Atualmente, oferece mais de 30 a\u00e7\u00f5es de forma\u00e7\u00e3o de julho a dezembro\" \/>\n<meta property=\"og:url\" content=\"https:\/\/jornaldasoficinas.com\/pt\/opco-qualifica-industria-automovel\/\" \/>\n<meta property=\"og:site_name\" content=\"Jornal das Oficinas\" \/>\n<meta property=\"article:publisher\" content=\"https:\/\/www.facebook.com\/jornaloficinas\" \/>\n<meta property=\"article:published_time\" content=\"2023-07-19T07:00:40+00:00\" \/>\n<meta property=\"article:modified_time\" content=\"2023-08-30T07:35:47+00:00\" \/>\n<meta property=\"og:image\" content=\"https:\/\/jornaldasoficinas.com\/pt\/wp-content\/uploads\/2023\/07\/OPCO-qualifica-industria-automovel.jpg\" \/>\n\t<meta property=\"og:image:width\" content=\"1024\" \/>\n\t<meta property=\"og:image:height\" content=\"581\" \/>\n\t<meta property=\"og:image:type\" content=\"image\/jpeg\" \/>\n<meta name=\"author\" content=\"Reda\u00e7\u00e3o JO\" \/>\n<meta name=\"twitter:card\" content=\"summary_large_image\" \/>\n<meta name=\"twitter:creator\" content=\"@jornaloficinas\" \/>\n<meta name=\"twitter:site\" content=\"@jornaloficinas\" \/>\n<meta name=\"twitter:label1\" content=\"Escrito por\" \/>\n\t<meta name=\"twitter:data1\" content=\"Reda\u00e7\u00e3o JO\" \/>\n\t<meta name=\"twitter:label2\" content=\"Tempo estimado de leitura\" \/>\n\t<meta name=\"twitter:data2\" content=\"3 minutos\" \/>\n<script type=\"application\/ld+json\" class=\"yoast-schema-graph\">{\"@context\":\"https:\\\/\\\/schema.org\",\"@graph\":[{\"@type\":\"Article\",\"@id\":\"https:\\\/\\\/jornaldasoficinas.com\\\/pt\\\/opco-qualifica-industria-automovel\\\/#article\",\"isPartOf\":{\"@id\":\"https:\\\/\\\/jornaldasoficinas.com\\\/pt\\\/opco-qualifica-industria-automovel\\\/\"},\"author\":{\"name\":\"Reda\u00e7\u00e3o JO\",\"@id\":\"https:\\\/\\\/jornaldasoficinas.com\\\/pt\\\/#\\\/schema\\\/person\\\/a38eef5de2c41d9e7c9ac10141afddf3\"},\"headline\":\"OPCO qualifica ind\u00fastria autom\u00f3vel\",\"datePublished\":\"2023-07-19T07:00:40+00:00\",\"dateModified\":\"2023-08-30T07:35:47+00:00\",\"mainEntityOfPage\":{\"@id\":\"https:\\\/\\\/jornaldasoficinas.com\\\/pt\\\/opco-qualifica-industria-automovel\\\/\"},\"wordCount\":551,\"publisher\":{\"@id\":\"https:\\\/\\\/jornaldasoficinas.com\\\/pt\\\/#organization\"},\"image\":{\"@id\":\"https:\\\/\\\/jornaldasoficinas.com\\\/pt\\\/opco-qualifica-industria-automovel\\\/#primaryimage\"},\"thumbnailUrl\":\"https:\\\/\\\/jornaldasoficinas.com\\\/pt\\\/wp-content\\\/uploads\\\/2023\\\/07\\\/OPCO-qualifica-industria-automovel.jpg\",\"keywords\":[\"auditoria\",\"consultoria\",\"de julho a dezembro de 2023\",\"Forma\u00e7\u00e3o\",\"OPCO\"],\"articleSection\":[\"Mercado\"],\"inLanguage\":\"pt-PT\"},{\"@type\":\"WebPage\",\"@id\":\"https:\\\/\\\/jornaldasoficinas.com\\\/pt\\\/opco-qualifica-industria-automovel\\\/\",\"url\":\"https:\\\/\\\/jornaldasoficinas.com\\\/pt\\\/opco-qualifica-industria-automovel\\\/\",\"name\":\"OPCO qualifica ind\u00fastria autom\u00f3vel - Jornal das Oficinas\",\"isPartOf\":{\"@id\":\"https:\\\/\\\/jornaldasoficinas.com\\\/pt\\\/#website\"},\"primaryImageOfPage\":{\"@id\":\"https:\\\/\\\/jornaldasoficinas.com\\\/pt\\\/opco-qualifica-industria-automovel\\\/#primaryimage\"},\"image\":{\"@id\":\"https:\\\/\\\/jornaldasoficinas.com\\\/pt\\\/opco-qualifica-industria-automovel\\\/#primaryimage\"},\"thumbnailUrl\":\"https:\\\/\\\/jornaldasoficinas.com\\\/pt\\\/wp-content\\\/uploads\\\/2023\\\/07\\\/OPCO-qualifica-industria-automovel.jpg\",\"datePublished\":\"2023-07-19T07:00:40+00:00\",\"dateModified\":\"2023-08-30T07:35:47+00:00\",\"description\":\"A OPCO presta servi\u00e7os de consultoria, forma\u00e7\u00e3o e auditoria \u00e0 ind\u00fastria. Atualmente, oferece mais de 30 a\u00e7\u00f5es de forma\u00e7\u00e3o de julho a dezembro\",\"breadcrumb\":{\"@id\":\"https:\\\/\\\/jornaldasoficinas.com\\\/pt\\\/opco-qualifica-industria-automovel\\\/#breadcrumb\"},\"inLanguage\":\"pt-PT\",\"potentialAction\":[{\"@type\":\"ReadAction\",\"target\":[\"https:\\\/\\\/jornaldasoficinas.com\\\/pt\\\/opco-qualifica-industria-automovel\\\/\"]}]},{\"@type\":\"ImageObject\",\"inLanguage\":\"pt-PT\",\"@id\":\"https:\\\/\\\/jornaldasoficinas.com\\\/pt\\\/opco-qualifica-industria-automovel\\\/#primaryimage\",\"url\":\"https:\\\/\\\/jornaldasoficinas.com\\\/pt\\\/wp-content\\\/uploads\\\/2023\\\/07\\\/OPCO-qualifica-industria-automovel.jpg\",\"contentUrl\":\"https:\\\/\\\/jornaldasoficinas.com\\\/pt\\\/wp-content\\\/uploads\\\/2023\\\/07\\\/OPCO-qualifica-industria-automovel.jpg\",\"width\":1024,\"height\":581,\"caption\":\"07 - OPCO qualifica industria automovel\"},{\"@type\":\"BreadcrumbList\",\"@id\":\"https:\\\/\\\/jornaldasoficinas.com\\\/pt\\\/opco-qualifica-industria-automovel\\\/#breadcrumb\",\"itemListElement\":[{\"@type\":\"ListItem\",\"position\":1,\"name\":\"In\u00edcio\",\"item\":\"https:\\\/\\\/jornaldasoficinas.com\\\/pt\\\/\"},{\"@type\":\"ListItem\",\"position\":2,\"name\":\"OPCO qualifica ind\u00fastria autom\u00f3vel\"}]},{\"@type\":\"WebSite\",\"@id\":\"https:\\\/\\\/jornaldasoficinas.com\\\/pt\\\/#website\",\"url\":\"https:\\\/\\\/jornaldasoficinas.com\\\/pt\\\/\",\"name\":\"Jornal das Oficinas\",\"description\":\"Jornal independente do Aftermarket Autom\u00f3vel em Portugal\",\"publisher\":{\"@id\":\"https:\\\/\\\/jornaldasoficinas.com\\\/pt\\\/#organization\"},\"potentialAction\":[{\"@type\":\"SearchAction\",\"target\":{\"@type\":\"EntryPoint\",\"urlTemplate\":\"https:\\\/\\\/jornaldasoficinas.com\\\/pt\\\/?s={search_term_string}\"},\"query-input\":{\"@type\":\"PropertyValueSpecification\",\"valueRequired\":true,\"valueName\":\"search_term_string\"}}],\"inLanguage\":\"pt-PT\"},{\"@type\":\"Organization\",\"@id\":\"https:\\\/\\\/jornaldasoficinas.com\\\/pt\\\/#organization\",\"name\":\"Jornal das Oficinas\",\"url\":\"https:\\\/\\\/jornaldasoficinas.com\\\/pt\\\/\",\"logo\":{\"@type\":\"ImageObject\",\"inLanguage\":\"pt-PT\",\"@id\":\"https:\\\/\\\/jornaldasoficinas.com\\\/pt\\\/#\\\/schema\\\/logo\\\/image\\\/\",\"url\":\"https:\\\/\\\/jornaldasoficinas.com\\\/pt\\\/wp-content\\\/uploads\\\/logoJO-SEO.png\",\"contentUrl\":\"https:\\\/\\\/jornaldasoficinas.com\\\/pt\\\/wp-content\\\/uploads\\\/logoJO-SEO.png\",\"width\":285,\"height\":450,\"caption\":\"Jornal das Oficinas\"},\"image\":{\"@id\":\"https:\\\/\\\/jornaldasoficinas.com\\\/pt\\\/#\\\/schema\\\/logo\\\/image\\\/\"},\"sameAs\":[\"https:\\\/\\\/www.facebook.com\\\/jornaloficinas\",\"https:\\\/\\\/x.com\\\/jornaloficinas\",\"https:\\\/\\\/www.instagram.com\\\/jornal_oficinas\\\/\",\"https:\\\/\\\/www.linkedin.com\\\/company\\\/jornal-das-oficinas\\\/\",\"https:\\\/\\\/www.youtube.com\\\/channel\\\/UCbQZBqtcvV-oSQrr7RzINGg\"]},{\"@type\":\"Person\",\"@id\":\"https:\\\/\\\/jornaldasoficinas.com\\\/pt\\\/#\\\/schema\\\/person\\\/a38eef5de2c41d9e7c9ac10141afddf3\",\"name\":\"Reda\u00e7\u00e3o JO\",\"image\":{\"@type\":\"ImageObject\",\"inLanguage\":\"pt-PT\",\"@id\":\"https:\\\/\\\/secure.gravatar.com\\\/avatar\\\/71f2fa71737ad68a84fea94bc708ddac8ea5b0c4788dc2ad202f3ccb2887742f?s=96&d=wp_user_avatar&r=g\",\"url\":\"https:\\\/\\\/secure.gravatar.com\\\/avatar\\\/71f2fa71737ad68a84fea94bc708ddac8ea5b0c4788dc2ad202f3ccb2887742f?s=96&d=wp_user_avatar&r=g\",\"contentUrl\":\"https:\\\/\\\/secure.gravatar.com\\\/avatar\\\/71f2fa71737ad68a84fea94bc708ddac8ea5b0c4788dc2ad202f3ccb2887742f?s=96&d=wp_user_avatar&r=g\",\"caption\":\"Reda\u00e7\u00e3o JO\"},\"url\":\"https:\\\/\\\/jornaldasoficinas.com\\\/pt\\\/author\\\/joredacao\\\/\"}]}<\/script>\n<!-- \/ Yoast SEO plugin. -->","yoast_head_json":{"title":"OPCO qualifica ind\u00fastria autom\u00f3vel - Jornal das Oficinas","description":"A OPCO presta servi\u00e7os de consultoria, forma\u00e7\u00e3o e auditoria \u00e0 ind\u00fastria. Atualmente, oferece mais de 30 a\u00e7\u00f5es de forma\u00e7\u00e3o de julho a dezembro","robots":{"index":"index","follow":"follow","max-snippet":"max-snippet:-1","max-image-preview":"max-image-preview:large","max-video-preview":"max-video-preview:-1"},"canonical":"https:\/\/jornaldasoficinas.com\/pt\/opco-qualifica-industria-automovel\/","og_locale":"pt_PT","og_type":"article","og_title":"OPCO qualifica ind\u00fastria autom\u00f3vel - Jornal das Oficinas","og_description":"A OPCO presta servi\u00e7os de consultoria, forma\u00e7\u00e3o e auditoria \u00e0 ind\u00fastria. Atualmente, oferece mais de 30 a\u00e7\u00f5es de forma\u00e7\u00e3o de julho a dezembro","og_url":"https:\/\/jornaldasoficinas.com\/pt\/opco-qualifica-industria-automovel\/","og_site_name":"Jornal das Oficinas","article_publisher":"https:\/\/www.facebook.com\/jornaloficinas","article_published_time":"2023-07-19T07:00:40+00:00","article_modified_time":"2023-08-30T07:35:47+00:00","og_image":[{"width":1024,"height":581,"url":"https:\/\/jornaldasoficinas.com\/pt\/wp-content\/uploads\/2023\/07\/OPCO-qualifica-industria-automovel.jpg","type":"image\/jpeg"}],"author":"Reda\u00e7\u00e3o JO","twitter_card":"summary_large_image","twitter_creator":"@jornaloficinas","twitter_site":"@jornaloficinas","twitter_misc":{"Escrito por":"Reda\u00e7\u00e3o JO","Tempo estimado de leitura":"3 minutos"},"schema":{"@context":"https:\/\/schema.org","@graph":[{"@type":"Article","@id":"https:\/\/jornaldasoficinas.com\/pt\/opco-qualifica-industria-automovel\/#article","isPartOf":{"@id":"https:\/\/jornaldasoficinas.com\/pt\/opco-qualifica-industria-automovel\/"},"author":{"name":"Reda\u00e7\u00e3o JO","@id":"https:\/\/jornaldasoficinas.com\/pt\/#\/schema\/person\/a38eef5de2c41d9e7c9ac10141afddf3"},"headline":"OPCO qualifica ind\u00fastria autom\u00f3vel","datePublished":"2023-07-19T07:00:40+00:00","dateModified":"2023-08-30T07:35:47+00:00","mainEntityOfPage":{"@id":"https:\/\/jornaldasoficinas.com\/pt\/opco-qualifica-industria-automovel\/"},"wordCount":551,"publisher":{"@id":"https:\/\/jornaldasoficinas.com\/pt\/#organization"},"image":{"@id":"https:\/\/jornaldasoficinas.com\/pt\/opco-qualifica-industria-automovel\/#primaryimage"},"thumbnailUrl":"https:\/\/jornaldasoficinas.com\/pt\/wp-content\/uploads\/2023\/07\/OPCO-qualifica-industria-automovel.jpg","keywords":["auditoria","consultoria","de julho a dezembro de 2023","Forma\u00e7\u00e3o","OPCO"],"articleSection":["Mercado"],"inLanguage":"pt-PT"},{"@type":"WebPage","@id":"https:\/\/jornaldasoficinas.com\/pt\/opco-qualifica-industria-automovel\/","url":"https:\/\/jornaldasoficinas.com\/pt\/opco-qualifica-industria-automovel\/","name":"OPCO qualifica ind\u00fastria autom\u00f3vel - Jornal das Oficinas","isPartOf":{"@id":"https:\/\/jornaldasoficinas.com\/pt\/#website"},"primaryImageOfPage":{"@id":"https:\/\/jornaldasoficinas.com\/pt\/opco-qualifica-industria-automovel\/#primaryimage"},"image":{"@id":"https:\/\/jornaldasoficinas.com\/pt\/opco-qualifica-industria-automovel\/#primaryimage"},"thumbnailUrl":"https:\/\/jornaldasoficinas.com\/pt\/wp-content\/uploads\/2023\/07\/OPCO-qualifica-industria-automovel.jpg","datePublished":"2023-07-19T07:00:40+00:00","dateModified":"2023-08-30T07:35:47+00:00","description":"A OPCO presta servi\u00e7os de consultoria, forma\u00e7\u00e3o e auditoria \u00e0 ind\u00fastria. Atualmente, oferece mais de 30 a\u00e7\u00f5es de forma\u00e7\u00e3o de julho a dezembro","breadcrumb":{"@id":"https:\/\/jornaldasoficinas.com\/pt\/opco-qualifica-industria-automovel\/#breadcrumb"},"inLanguage":"pt-PT","potentialAction":[{"@type":"ReadAction","target":["https:\/\/jornaldasoficinas.com\/pt\/opco-qualifica-industria-automovel\/"]}]},{"@type":"ImageObject","inLanguage":"pt-PT","@id":"https:\/\/jornaldasoficinas.com\/pt\/opco-qualifica-industria-automovel\/#primaryimage","url":"https:\/\/jornaldasoficinas.com\/pt\/wp-content\/uploads\/2023\/07\/OPCO-qualifica-industria-automovel.jpg","contentUrl":"https:\/\/jornaldasoficinas.com\/pt\/wp-content\/uploads\/2023\/07\/OPCO-qualifica-industria-automovel.jpg","width":1024,"height":581,"caption":"07 - OPCO qualifica industria automovel"},{"@type":"BreadcrumbList","@id":"https:\/\/jornaldasoficinas.com\/pt\/opco-qualifica-industria-automovel\/#breadcrumb","itemListElement":[{"@type":"ListItem","position":1,"name":"In\u00edcio","item":"https:\/\/jornaldasoficinas.com\/pt\/"},{"@type":"ListItem","position":2,"name":"OPCO qualifica ind\u00fastria autom\u00f3vel"}]},{"@type":"WebSite","@id":"https:\/\/jornaldasoficinas.com\/pt\/#website","url":"https:\/\/jornaldasoficinas.com\/pt\/","name":"Jornal das Oficinas","description":"Jornal independente do Aftermarket Autom\u00f3vel em Portugal","publisher":{"@id":"https:\/\/jornaldasoficinas.com\/pt\/#organization"},"potentialAction":[{"@type":"SearchAction","target":{"@type":"EntryPoint","urlTemplate":"https:\/\/jornaldasoficinas.com\/pt\/?s={search_term_string}"},"query-input":{"@type":"PropertyValueSpecification","valueRequired":true,"valueName":"search_term_string"}}],"inLanguage":"pt-PT"},{"@type":"Organization","@id":"https:\/\/jornaldasoficinas.com\/pt\/#organization","name":"Jornal das Oficinas","url":"https:\/\/jornaldasoficinas.com\/pt\/","logo":{"@type":"ImageObject","inLanguage":"pt-PT","@id":"https:\/\/jornaldasoficinas.com\/pt\/#\/schema\/logo\/image\/","url":"https:\/\/jornaldasoficinas.com\/pt\/wp-content\/uploads\/logoJO-SEO.png","contentUrl":"https:\/\/jornaldasoficinas.com\/pt\/wp-content\/uploads\/logoJO-SEO.png","width":285,"height":450,"caption":"Jornal das Oficinas"},"image":{"@id":"https:\/\/jornaldasoficinas.com\/pt\/#\/schema\/logo\/image\/"},"sameAs":["https:\/\/www.facebook.com\/jornaloficinas","https:\/\/x.com\/jornaloficinas","https:\/\/www.instagram.com\/jornal_oficinas\/","https:\/\/www.linkedin.com\/company\/jornal-das-oficinas\/","https:\/\/www.youtube.com\/channel\/UCbQZBqtcvV-oSQrr7RzINGg"]},{"@type":"Person","@id":"https:\/\/jornaldasoficinas.com\/pt\/#\/schema\/person\/a38eef5de2c41d9e7c9ac10141afddf3","name":"Reda\u00e7\u00e3o JO","image":{"@type":"ImageObject","inLanguage":"pt-PT","@id":"https:\/\/secure.gravatar.com\/avatar\/71f2fa71737ad68a84fea94bc708ddac8ea5b0c4788dc2ad202f3ccb2887742f?s=96&d=wp_user_avatar&r=g","url":"https:\/\/secure.gravatar.com\/avatar\/71f2fa71737ad68a84fea94bc708ddac8ea5b0c4788dc2ad202f3ccb2887742f?s=96&d=wp_user_avatar&r=g","contentUrl":"https:\/\/secure.gravatar.com\/avatar\/71f2fa71737ad68a84fea94bc708ddac8ea5b0c4788dc2ad202f3ccb2887742f?s=96&d=wp_user_avatar&r=g","caption":"Reda\u00e7\u00e3o JO"},"url":"https:\/\/jornaldasoficinas.com\/pt\/author\/joredacao\/"}]}},"_links":{"self":[{"href":"https:\/\/jornaldasoficinas.com\/pt\/wp-json\/wp\/v2\/posts\/69303","targetHints":{"allow":["GET"]}}],"collection":[{"href":"https:\/\/jornaldasoficinas.com\/pt\/wp-json\/wp\/v2\/posts"}],"about":[{"href":"https:\/\/jornaldasoficinas.com\/pt\/wp-json\/wp\/v2\/types\/post"}],"author":[{"embeddable":true,"href":"https:\/\/jornaldasoficinas.com\/pt\/wp-json\/wp\/v2\/users\/15"}],"replies":[{"embeddable":true,"href":"https:\/\/jornaldasoficinas.com\/pt\/wp-json\/wp\/v2\/comments?post=69303"}],"version-history":[{"count":0,"href":"https:\/\/jornaldasoficinas.com\/pt\/wp-json\/wp\/v2\/posts\/69303\/revisions"}],"wp:featuredmedia":[{"embeddable":true,"href":"https:\/\/jornaldasoficinas.com\/pt\/wp-json\/wp\/v2\/media\/69315"}],"wp:attachment":[{"href":"https:\/\/jornaldasoficinas.com\/pt\/wp-json\/wp\/v2\/media?parent=69303"}],"wp:term":[{"taxonomy":"category","embeddable":true,"href":"https:\/\/jornaldasoficinas.com\/pt\/wp-json\/wp\/v2\/categories?post=69303"},{"taxonomy":"post_tag","embeddable":true,"href":"https:\/\/jornaldasoficinas.com\/pt\/wp-json\/wp\/v2\/tags?post=69303"}],"curies":[{"name":"wp","href":"https:\/\/api.w.org\/{rel}","templated":true}]}}