{"id":69362,"date":"2023-07-19T18:00:15","date_gmt":"2023-07-19T17:00:15","guid":{"rendered":"https:\/\/jornaldasoficinas.com\/pt\/?p=69362"},"modified":"2023-07-19T10:09:22","modified_gmt":"2023-07-19T09:09:22","slug":"alugar-bicicletas-e-trotinetes-eletricas-a-norauto-tem","status":"publish","type":"post","link":"https:\/\/jornaldasoficinas.com\/pt\/alugar-bicicletas-e-trotinetes-eletricas-a-norauto-tem\/","title":{"rendered":"Alugar bicicletas e trotinetes el\u00e9tricas? A Norauto tem!"},"content":{"rendered":"<p><strong><img loading=\"lazy\" decoding=\"async\" class=\"alignnone size-full wp-image-69305\" src=\"https:\/\/jornaldasoficinas.com\/pt\/wp-content\/uploads\/2023\/07\/Alugar-bicicletas-e-trotinetes-eletricas-A-Norauto-tem.jpg\" alt=\"07 - Alugar bicicletas e trotinetes eletricas A Norauto tem\" width=\"1024\" height=\"581\" srcset=\"https:\/\/jornaldasoficinas.com\/pt\/wp-content\/uploads\/2023\/07\/Alugar-bicicletas-e-trotinetes-eletricas-A-Norauto-tem.jpg 1024w, https:\/\/jornaldasoficinas.com\/pt\/wp-content\/uploads\/2023\/07\/Alugar-bicicletas-e-trotinetes-eletricas-A-Norauto-tem-300x170.jpg 300w, https:\/\/jornaldasoficinas.com\/pt\/wp-content\/uploads\/2023\/07\/Alugar-bicicletas-e-trotinetes-eletricas-A-Norauto-tem-150x85.jpg 150w, https:\/\/jornaldasoficinas.com\/pt\/wp-content\/uploads\/2023\/07\/Alugar-bicicletas-e-trotinetes-eletricas-A-Norauto-tem-768x436.jpg 768w\" sizes=\"auto, (max-width: 1024px) 100vw, 1024px\" \/><\/strong><\/p>\n<p><strong>No \u00e2mbito da miss\u00e3o da marca, de \u201ctornar acess\u00edveis a cada automobilista solu\u00e7\u00f5es dur\u00e1veis de mobilidade\u201d, a <a href=\"https:\/\/www.norauto.pt\/\" target=\"_blank\" rel=\"noopener\">Norauto<\/a> disponibilizou um novo servi\u00e7o de aluguer de bicicletas e trotinetes el\u00e9tricas, que visa refor\u00e7a o seu compromisso com a sustentabilidade, que faz parte do ADN da marca<\/strong><\/p>\n<p>Atualmente, o aluguer destes ve\u00edculos est\u00e1 dispon\u00edvel na Norauto Solu\u00e7\u00f5es Urbanas, a loja ligada \u00e0s solu\u00e7\u00f5es de mobilidade urbana, situada no centro de Lisboa, que oferece produtos e servi\u00e7os (manuten\u00e7\u00e3o e repara\u00e7\u00e3o) de ve\u00edculos de duas rodas. Ainda assim, o objetivo passa por disponibilizar o servi\u00e7o noutros centros Norauto num futuro pr\u00f3ximo.<\/p>\n<p>Neste momento, a Norauto disp\u00f5e de quatro ve\u00edculos de duas rodas dispon\u00edveis para aluguer, divididos nas seguintes categorias:<\/p>\n<ul>\n<li>Bicicletas el\u00e9tricas: Wayscral Everyway E250 e Wayscral Everyway E200;<\/li>\n<li>Bicicletas el\u00e9tricas dobr\u00e1veis: Wayscral Takeaway E100;<\/li>\n<li>Trotinetes el\u00e9tricas: Wayscral Kickway E2.<\/li>\n<\/ul>\n<p>O pre\u00e7o de aluguer para qualquer um dos modelos dispon\u00edveis \u00e9 de 15\u20ac por dia, n\u00e3o existindo limite para a dura\u00e7\u00e3o do aluguer.<\/p>\n<p>Com este novo servi\u00e7o, a Norauto d\u00e1 mais um passo para uma mobilidade mais ecol\u00f3gica, criando impacto positivo, continuando a oferecer solu\u00e7\u00f5es inovadoras que promovam as compras conscientes e sustent\u00e1veis dos automobilistas! Sempre com o foco nas necessidades dos automobilistas e do planeta, refor\u00e7ando o sentido da nossa a\u00e7\u00e3o \u201cAutomobilista &amp; Respons\u00e1vel\u201d.<\/p>\n","protected":false},"excerpt":{"rendered":"<p>No \u00e2mbito da miss\u00e3o da marca,&#8230;<\/p>\n","protected":false},"author":15,"featured_media":69305,"comment_status":"closed","ping_status":"closed","sticky":false,"template":"","format":"standard","meta":{"footnotes":""},"categories":[29],"tags":[5895,5896,4375,959,1767,1269],"class_list":["post-69362","post","type-post","status-publish","format-standard","has-post-thumbnail","hentry","category-empresas","tag-aluguer-de-bicicletas","tag-aluguer-de-trotinetes","tag-bicicletas-eletricas","tag-norauto","tag-sustentabilidade","tag-trotinetes-eletricas"],"yoast_head":"<!-- This site is optimized with the Yoast SEO plugin v27.4 - https:\/\/yoast.com\/product\/yoast-seo-wordpress\/ -->\n<title>Alugar bicicletas e trotinetes el\u00e9tricas? A Norauto tem! - Jornal das Oficinas<\/title>\n<meta name=\"description\" content=\"A Norauto disponibiliza um servi\u00e7o de aluguer de bicicletas e trotinetes el\u00e9tricas, que visa refor\u00e7a o seu compromisso com a sustentabilidade\" \/>\n<meta name=\"robots\" content=\"index, follow, max-snippet:-1, max-image-preview:large, max-video-preview:-1\" \/>\n<link rel=\"canonical\" href=\"https:\/\/jornaldasoficinas.com\/pt\/alugar-bicicletas-e-trotinetes-eletricas-a-norauto-tem\/\" \/>\n<meta property=\"og:locale\" content=\"pt_PT\" \/>\n<meta property=\"og:type\" content=\"article\" \/>\n<meta property=\"og:title\" content=\"Alugar bicicletas e trotinetes el\u00e9tricas? A Norauto tem! - Jornal das Oficinas\" \/>\n<meta property=\"og:description\" content=\"A Norauto disponibiliza um servi\u00e7o de aluguer de bicicletas e trotinetes el\u00e9tricas, que visa refor\u00e7a o seu compromisso com a sustentabilidade\" \/>\n<meta property=\"og:url\" content=\"https:\/\/jornaldasoficinas.com\/pt\/alugar-bicicletas-e-trotinetes-eletricas-a-norauto-tem\/\" \/>\n<meta property=\"og:site_name\" content=\"Jornal das Oficinas\" \/>\n<meta property=\"article:publisher\" content=\"https:\/\/www.facebook.com\/jornaloficinas\" \/>\n<meta property=\"article:published_time\" content=\"2023-07-19T17:00:15+00:00\" \/>\n<meta property=\"og:image\" content=\"https:\/\/jornaldasoficinas.com\/pt\/wp-content\/uploads\/2023\/07\/Alugar-bicicletas-e-trotinetes-eletricas-A-Norauto-tem.jpg\" \/>\n\t<meta property=\"og:image:width\" content=\"1024\" \/>\n\t<meta property=\"og:image:height\" content=\"581\" \/>\n\t<meta property=\"og:image:type\" content=\"image\/jpeg\" \/>\n<meta name=\"author\" content=\"Reda\u00e7\u00e3o JO\" \/>\n<meta name=\"twitter:card\" content=\"summary_large_image\" \/>\n<meta name=\"twitter:creator\" content=\"@jornaloficinas\" \/>\n<meta name=\"twitter:site\" content=\"@jornaloficinas\" \/>\n<meta name=\"twitter:label1\" content=\"Escrito por\" \/>\n\t<meta name=\"twitter:data1\" content=\"Reda\u00e7\u00e3o JO\" \/>\n\t<meta name=\"twitter:label2\" content=\"Tempo estimado de leitura\" \/>\n\t<meta name=\"twitter:data2\" content=\"2 minutos\" \/>\n<script type=\"application\/ld+json\" class=\"yoast-schema-graph\">{\"@context\":\"https:\\\/\\\/schema.org\",\"@graph\":[{\"@type\":\"Article\",\"@id\":\"https:\\\/\\\/jornaldasoficinas.com\\\/pt\\\/alugar-bicicletas-e-trotinetes-eletricas-a-norauto-tem\\\/#article\",\"isPartOf\":{\"@id\":\"https:\\\/\\\/jornaldasoficinas.com\\\/pt\\\/alugar-bicicletas-e-trotinetes-eletricas-a-norauto-tem\\\/\"},\"author\":{\"name\":\"Reda\u00e7\u00e3o JO\",\"@id\":\"https:\\\/\\\/jornaldasoficinas.com\\\/pt\\\/#\\\/schema\\\/person\\\/a38eef5de2c41d9e7c9ac10141afddf3\"},\"headline\":\"Alugar bicicletas e trotinetes el\u00e9tricas? A Norauto tem!\",\"datePublished\":\"2023-07-19T17:00:15+00:00\",\"mainEntityOfPage\":{\"@id\":\"https:\\\/\\\/jornaldasoficinas.com\\\/pt\\\/alugar-bicicletas-e-trotinetes-eletricas-a-norauto-tem\\\/\"},\"wordCount\":252,\"publisher\":{\"@id\":\"https:\\\/\\\/jornaldasoficinas.com\\\/pt\\\/#organization\"},\"image\":{\"@id\":\"https:\\\/\\\/jornaldasoficinas.com\\\/pt\\\/alugar-bicicletas-e-trotinetes-eletricas-a-norauto-tem\\\/#primaryimage\"},\"thumbnailUrl\":\"https:\\\/\\\/jornaldasoficinas.com\\\/pt\\\/wp-content\\\/uploads\\\/2023\\\/07\\\/Alugar-bicicletas-e-trotinetes-eletricas-A-Norauto-tem.jpg\",\"keywords\":[\"Aluguer de bicicletas\",\"Aluguer de trotinetes\",\"Bicicletas el\u00e9tricas\",\"Norauto\",\"Sustentabilidade\",\"trotinetes el\u00e9tricas\"],\"articleSection\":[\"Empresas\"],\"inLanguage\":\"pt-PT\"},{\"@type\":\"WebPage\",\"@id\":\"https:\\\/\\\/jornaldasoficinas.com\\\/pt\\\/alugar-bicicletas-e-trotinetes-eletricas-a-norauto-tem\\\/\",\"url\":\"https:\\\/\\\/jornaldasoficinas.com\\\/pt\\\/alugar-bicicletas-e-trotinetes-eletricas-a-norauto-tem\\\/\",\"name\":\"Alugar bicicletas e trotinetes el\u00e9tricas? A Norauto tem! - Jornal das Oficinas\",\"isPartOf\":{\"@id\":\"https:\\\/\\\/jornaldasoficinas.com\\\/pt\\\/#website\"},\"primaryImageOfPage\":{\"@id\":\"https:\\\/\\\/jornaldasoficinas.com\\\/pt\\\/alugar-bicicletas-e-trotinetes-eletricas-a-norauto-tem\\\/#primaryimage\"},\"image\":{\"@id\":\"https:\\\/\\\/jornaldasoficinas.com\\\/pt\\\/alugar-bicicletas-e-trotinetes-eletricas-a-norauto-tem\\\/#primaryimage\"},\"thumbnailUrl\":\"https:\\\/\\\/jornaldasoficinas.com\\\/pt\\\/wp-content\\\/uploads\\\/2023\\\/07\\\/Alugar-bicicletas-e-trotinetes-eletricas-A-Norauto-tem.jpg\",\"datePublished\":\"2023-07-19T17:00:15+00:00\",\"description\":\"A Norauto disponibiliza um servi\u00e7o de aluguer de bicicletas e trotinetes el\u00e9tricas, que visa refor\u00e7a o seu compromisso com a sustentabilidade\",\"breadcrumb\":{\"@id\":\"https:\\\/\\\/jornaldasoficinas.com\\\/pt\\\/alugar-bicicletas-e-trotinetes-eletricas-a-norauto-tem\\\/#breadcrumb\"},\"inLanguage\":\"pt-PT\",\"potentialAction\":[{\"@type\":\"ReadAction\",\"target\":[\"https:\\\/\\\/jornaldasoficinas.com\\\/pt\\\/alugar-bicicletas-e-trotinetes-eletricas-a-norauto-tem\\\/\"]}]},{\"@type\":\"ImageObject\",\"inLanguage\":\"pt-PT\",\"@id\":\"https:\\\/\\\/jornaldasoficinas.com\\\/pt\\\/alugar-bicicletas-e-trotinetes-eletricas-a-norauto-tem\\\/#primaryimage\",\"url\":\"https:\\\/\\\/jornaldasoficinas.com\\\/pt\\\/wp-content\\\/uploads\\\/2023\\\/07\\\/Alugar-bicicletas-e-trotinetes-eletricas-A-Norauto-tem.jpg\",\"contentUrl\":\"https:\\\/\\\/jornaldasoficinas.com\\\/pt\\\/wp-content\\\/uploads\\\/2023\\\/07\\\/Alugar-bicicletas-e-trotinetes-eletricas-A-Norauto-tem.jpg\",\"width\":1024,\"height\":581,\"caption\":\"07 - Alugar bicicletas e trotinetes eletricas A Norauto tem\"},{\"@type\":\"BreadcrumbList\",\"@id\":\"https:\\\/\\\/jornaldasoficinas.com\\\/pt\\\/alugar-bicicletas-e-trotinetes-eletricas-a-norauto-tem\\\/#breadcrumb\",\"itemListElement\":[{\"@type\":\"ListItem\",\"position\":1,\"name\":\"In\u00edcio\",\"item\":\"https:\\\/\\\/jornaldasoficinas.com\\\/pt\\\/\"},{\"@type\":\"ListItem\",\"position\":2,\"name\":\"Alugar bicicletas e trotinetes el\u00e9tricas? A Norauto tem!\"}]},{\"@type\":\"WebSite\",\"@id\":\"https:\\\/\\\/jornaldasoficinas.com\\\/pt\\\/#website\",\"url\":\"https:\\\/\\\/jornaldasoficinas.com\\\/pt\\\/\",\"name\":\"Jornal das Oficinas\",\"description\":\"Jornal independente do Aftermarket Autom\u00f3vel em Portugal\",\"publisher\":{\"@id\":\"https:\\\/\\\/jornaldasoficinas.com\\\/pt\\\/#organization\"},\"potentialAction\":[{\"@type\":\"SearchAction\",\"target\":{\"@type\":\"EntryPoint\",\"urlTemplate\":\"https:\\\/\\\/jornaldasoficinas.com\\\/pt\\\/?s={search_term_string}\"},\"query-input\":{\"@type\":\"PropertyValueSpecification\",\"valueRequired\":true,\"valueName\":\"search_term_string\"}}],\"inLanguage\":\"pt-PT\"},{\"@type\":\"Organization\",\"@id\":\"https:\\\/\\\/jornaldasoficinas.com\\\/pt\\\/#organization\",\"name\":\"Jornal das Oficinas\",\"url\":\"https:\\\/\\\/jornaldasoficinas.com\\\/pt\\\/\",\"logo\":{\"@type\":\"ImageObject\",\"inLanguage\":\"pt-PT\",\"@id\":\"https:\\\/\\\/jornaldasoficinas.com\\\/pt\\\/#\\\/schema\\\/logo\\\/image\\\/\",\"url\":\"https:\\\/\\\/jornaldasoficinas.com\\\/pt\\\/wp-content\\\/uploads\\\/logoJO-SEO.png\",\"contentUrl\":\"https:\\\/\\\/jornaldasoficinas.com\\\/pt\\\/wp-content\\\/uploads\\\/logoJO-SEO.png\",\"width\":285,\"height\":450,\"caption\":\"Jornal das Oficinas\"},\"image\":{\"@id\":\"https:\\\/\\\/jornaldasoficinas.com\\\/pt\\\/#\\\/schema\\\/logo\\\/image\\\/\"},\"sameAs\":[\"https:\\\/\\\/www.facebook.com\\\/jornaloficinas\",\"https:\\\/\\\/x.com\\\/jornaloficinas\",\"https:\\\/\\\/www.instagram.com\\\/jornal_oficinas\\\/\",\"https:\\\/\\\/www.linkedin.com\\\/company\\\/jornal-das-oficinas\\\/\",\"https:\\\/\\\/www.youtube.com\\\/channel\\\/UCbQZBqtcvV-oSQrr7RzINGg\"]},{\"@type\":\"Person\",\"@id\":\"https:\\\/\\\/jornaldasoficinas.com\\\/pt\\\/#\\\/schema\\\/person\\\/a38eef5de2c41d9e7c9ac10141afddf3\",\"name\":\"Reda\u00e7\u00e3o JO\",\"image\":{\"@type\":\"ImageObject\",\"inLanguage\":\"pt-PT\",\"@id\":\"https:\\\/\\\/secure.gravatar.com\\\/avatar\\\/71f2fa71737ad68a84fea94bc708ddac8ea5b0c4788dc2ad202f3ccb2887742f?s=96&d=wp_user_avatar&r=g\",\"url\":\"https:\\\/\\\/secure.gravatar.com\\\/avatar\\\/71f2fa71737ad68a84fea94bc708ddac8ea5b0c4788dc2ad202f3ccb2887742f?s=96&d=wp_user_avatar&r=g\",\"contentUrl\":\"https:\\\/\\\/secure.gravatar.com\\\/avatar\\\/71f2fa71737ad68a84fea94bc708ddac8ea5b0c4788dc2ad202f3ccb2887742f?s=96&d=wp_user_avatar&r=g\",\"caption\":\"Reda\u00e7\u00e3o JO\"},\"url\":\"https:\\\/\\\/jornaldasoficinas.com\\\/pt\\\/author\\\/joredacao\\\/\"}]}<\/script>\n<!-- \/ Yoast SEO plugin. -->","yoast_head_json":{"title":"Alugar bicicletas e trotinetes el\u00e9tricas? A Norauto tem! - Jornal das Oficinas","description":"A Norauto disponibiliza um servi\u00e7o de aluguer de bicicletas e trotinetes el\u00e9tricas, que visa refor\u00e7a o seu compromisso com a sustentabilidade","robots":{"index":"index","follow":"follow","max-snippet":"max-snippet:-1","max-image-preview":"max-image-preview:large","max-video-preview":"max-video-preview:-1"},"canonical":"https:\/\/jornaldasoficinas.com\/pt\/alugar-bicicletas-e-trotinetes-eletricas-a-norauto-tem\/","og_locale":"pt_PT","og_type":"article","og_title":"Alugar bicicletas e trotinetes el\u00e9tricas? A Norauto tem! - Jornal das Oficinas","og_description":"A Norauto disponibiliza um servi\u00e7o de aluguer de bicicletas e trotinetes el\u00e9tricas, que visa refor\u00e7a o seu compromisso com a sustentabilidade","og_url":"https:\/\/jornaldasoficinas.com\/pt\/alugar-bicicletas-e-trotinetes-eletricas-a-norauto-tem\/","og_site_name":"Jornal das Oficinas","article_publisher":"https:\/\/www.facebook.com\/jornaloficinas","article_published_time":"2023-07-19T17:00:15+00:00","og_image":[{"width":1024,"height":581,"url":"https:\/\/jornaldasoficinas.com\/pt\/wp-content\/uploads\/2023\/07\/Alugar-bicicletas-e-trotinetes-eletricas-A-Norauto-tem.jpg","type":"image\/jpeg"}],"author":"Reda\u00e7\u00e3o JO","twitter_card":"summary_large_image","twitter_creator":"@jornaloficinas","twitter_site":"@jornaloficinas","twitter_misc":{"Escrito por":"Reda\u00e7\u00e3o JO","Tempo estimado de leitura":"2 minutos"},"schema":{"@context":"https:\/\/schema.org","@graph":[{"@type":"Article","@id":"https:\/\/jornaldasoficinas.com\/pt\/alugar-bicicletas-e-trotinetes-eletricas-a-norauto-tem\/#article","isPartOf":{"@id":"https:\/\/jornaldasoficinas.com\/pt\/alugar-bicicletas-e-trotinetes-eletricas-a-norauto-tem\/"},"author":{"name":"Reda\u00e7\u00e3o JO","@id":"https:\/\/jornaldasoficinas.com\/pt\/#\/schema\/person\/a38eef5de2c41d9e7c9ac10141afddf3"},"headline":"Alugar bicicletas e trotinetes el\u00e9tricas? A Norauto tem!","datePublished":"2023-07-19T17:00:15+00:00","mainEntityOfPage":{"@id":"https:\/\/jornaldasoficinas.com\/pt\/alugar-bicicletas-e-trotinetes-eletricas-a-norauto-tem\/"},"wordCount":252,"publisher":{"@id":"https:\/\/jornaldasoficinas.com\/pt\/#organization"},"image":{"@id":"https:\/\/jornaldasoficinas.com\/pt\/alugar-bicicletas-e-trotinetes-eletricas-a-norauto-tem\/#primaryimage"},"thumbnailUrl":"https:\/\/jornaldasoficinas.com\/pt\/wp-content\/uploads\/2023\/07\/Alugar-bicicletas-e-trotinetes-eletricas-A-Norauto-tem.jpg","keywords":["Aluguer de bicicletas","Aluguer de trotinetes","Bicicletas el\u00e9tricas","Norauto","Sustentabilidade","trotinetes el\u00e9tricas"],"articleSection":["Empresas"],"inLanguage":"pt-PT"},{"@type":"WebPage","@id":"https:\/\/jornaldasoficinas.com\/pt\/alugar-bicicletas-e-trotinetes-eletricas-a-norauto-tem\/","url":"https:\/\/jornaldasoficinas.com\/pt\/alugar-bicicletas-e-trotinetes-eletricas-a-norauto-tem\/","name":"Alugar bicicletas e trotinetes el\u00e9tricas? A Norauto tem! - Jornal das Oficinas","isPartOf":{"@id":"https:\/\/jornaldasoficinas.com\/pt\/#website"},"primaryImageOfPage":{"@id":"https:\/\/jornaldasoficinas.com\/pt\/alugar-bicicletas-e-trotinetes-eletricas-a-norauto-tem\/#primaryimage"},"image":{"@id":"https:\/\/jornaldasoficinas.com\/pt\/alugar-bicicletas-e-trotinetes-eletricas-a-norauto-tem\/#primaryimage"},"thumbnailUrl":"https:\/\/jornaldasoficinas.com\/pt\/wp-content\/uploads\/2023\/07\/Alugar-bicicletas-e-trotinetes-eletricas-A-Norauto-tem.jpg","datePublished":"2023-07-19T17:00:15+00:00","description":"A Norauto disponibiliza um servi\u00e7o de aluguer de bicicletas e trotinetes el\u00e9tricas, que visa refor\u00e7a o seu compromisso com a sustentabilidade","breadcrumb":{"@id":"https:\/\/jornaldasoficinas.com\/pt\/alugar-bicicletas-e-trotinetes-eletricas-a-norauto-tem\/#breadcrumb"},"inLanguage":"pt-PT","potentialAction":[{"@type":"ReadAction","target":["https:\/\/jornaldasoficinas.com\/pt\/alugar-bicicletas-e-trotinetes-eletricas-a-norauto-tem\/"]}]},{"@type":"ImageObject","inLanguage":"pt-PT","@id":"https:\/\/jornaldasoficinas.com\/pt\/alugar-bicicletas-e-trotinetes-eletricas-a-norauto-tem\/#primaryimage","url":"https:\/\/jornaldasoficinas.com\/pt\/wp-content\/uploads\/2023\/07\/Alugar-bicicletas-e-trotinetes-eletricas-A-Norauto-tem.jpg","contentUrl":"https:\/\/jornaldasoficinas.com\/pt\/wp-content\/uploads\/2023\/07\/Alugar-bicicletas-e-trotinetes-eletricas-A-Norauto-tem.jpg","width":1024,"height":581,"caption":"07 - Alugar bicicletas e trotinetes eletricas A Norauto tem"},{"@type":"BreadcrumbList","@id":"https:\/\/jornaldasoficinas.com\/pt\/alugar-bicicletas-e-trotinetes-eletricas-a-norauto-tem\/#breadcrumb","itemListElement":[{"@type":"ListItem","position":1,"name":"In\u00edcio","item":"https:\/\/jornaldasoficinas.com\/pt\/"},{"@type":"ListItem","position":2,"name":"Alugar bicicletas e trotinetes el\u00e9tricas? A Norauto tem!"}]},{"@type":"WebSite","@id":"https:\/\/jornaldasoficinas.com\/pt\/#website","url":"https:\/\/jornaldasoficinas.com\/pt\/","name":"Jornal das Oficinas","description":"Jornal independente do Aftermarket Autom\u00f3vel em Portugal","publisher":{"@id":"https:\/\/jornaldasoficinas.com\/pt\/#organization"},"potentialAction":[{"@type":"SearchAction","target":{"@type":"EntryPoint","urlTemplate":"https:\/\/jornaldasoficinas.com\/pt\/?s={search_term_string}"},"query-input":{"@type":"PropertyValueSpecification","valueRequired":true,"valueName":"search_term_string"}}],"inLanguage":"pt-PT"},{"@type":"Organization","@id":"https:\/\/jornaldasoficinas.com\/pt\/#organization","name":"Jornal das Oficinas","url":"https:\/\/jornaldasoficinas.com\/pt\/","logo":{"@type":"ImageObject","inLanguage":"pt-PT","@id":"https:\/\/jornaldasoficinas.com\/pt\/#\/schema\/logo\/image\/","url":"https:\/\/jornaldasoficinas.com\/pt\/wp-content\/uploads\/logoJO-SEO.png","contentUrl":"https:\/\/jornaldasoficinas.com\/pt\/wp-content\/uploads\/logoJO-SEO.png","width":285,"height":450,"caption":"Jornal das Oficinas"},"image":{"@id":"https:\/\/jornaldasoficinas.com\/pt\/#\/schema\/logo\/image\/"},"sameAs":["https:\/\/www.facebook.com\/jornaloficinas","https:\/\/x.com\/jornaloficinas","https:\/\/www.instagram.com\/jornal_oficinas\/","https:\/\/www.linkedin.com\/company\/jornal-das-oficinas\/","https:\/\/www.youtube.com\/channel\/UCbQZBqtcvV-oSQrr7RzINGg"]},{"@type":"Person","@id":"https:\/\/jornaldasoficinas.com\/pt\/#\/schema\/person\/a38eef5de2c41d9e7c9ac10141afddf3","name":"Reda\u00e7\u00e3o JO","image":{"@type":"ImageObject","inLanguage":"pt-PT","@id":"https:\/\/secure.gravatar.com\/avatar\/71f2fa71737ad68a84fea94bc708ddac8ea5b0c4788dc2ad202f3ccb2887742f?s=96&d=wp_user_avatar&r=g","url":"https:\/\/secure.gravatar.com\/avatar\/71f2fa71737ad68a84fea94bc708ddac8ea5b0c4788dc2ad202f3ccb2887742f?s=96&d=wp_user_avatar&r=g","contentUrl":"https:\/\/secure.gravatar.com\/avatar\/71f2fa71737ad68a84fea94bc708ddac8ea5b0c4788dc2ad202f3ccb2887742f?s=96&d=wp_user_avatar&r=g","caption":"Reda\u00e7\u00e3o JO"},"url":"https:\/\/jornaldasoficinas.com\/pt\/author\/joredacao\/"}]}},"_links":{"self":[{"href":"https:\/\/jornaldasoficinas.com\/pt\/wp-json\/wp\/v2\/posts\/69362","targetHints":{"allow":["GET"]}}],"collection":[{"href":"https:\/\/jornaldasoficinas.com\/pt\/wp-json\/wp\/v2\/posts"}],"about":[{"href":"https:\/\/jornaldasoficinas.com\/pt\/wp-json\/wp\/v2\/types\/post"}],"author":[{"embeddable":true,"href":"https:\/\/jornaldasoficinas.com\/pt\/wp-json\/wp\/v2\/users\/15"}],"replies":[{"embeddable":true,"href":"https:\/\/jornaldasoficinas.com\/pt\/wp-json\/wp\/v2\/comments?post=69362"}],"version-history":[{"count":0,"href":"https:\/\/jornaldasoficinas.com\/pt\/wp-json\/wp\/v2\/posts\/69362\/revisions"}],"wp:featuredmedia":[{"embeddable":true,"href":"https:\/\/jornaldasoficinas.com\/pt\/wp-json\/wp\/v2\/media\/69305"}],"wp:attachment":[{"href":"https:\/\/jornaldasoficinas.com\/pt\/wp-json\/wp\/v2\/media?parent=69362"}],"wp:term":[{"taxonomy":"category","embeddable":true,"href":"https:\/\/jornaldasoficinas.com\/pt\/wp-json\/wp\/v2\/categories?post=69362"},{"taxonomy":"post_tag","embeddable":true,"href":"https:\/\/jornaldasoficinas.com\/pt\/wp-json\/wp\/v2\/tags?post=69362"}],"curies":[{"name":"wp","href":"https:\/\/api.w.org\/{rel}","templated":true}]}}