{"id":70068,"date":"2023-07-21T14:00:09","date_gmt":"2023-07-21T13:00:09","guid":{"rendered":"https:\/\/jornaldasoficinas.com\/pt\/?p=70068"},"modified":"2023-07-21T11:56:52","modified_gmt":"2023-07-21T10:56:52","slug":"combustivel-100-renovavel-ja-rola-nas-autoestradas-portuguesas","status":"publish","type":"post","link":"https:\/\/jornaldasoficinas.com\/pt\/combustivel-100-renovavel-ja-rola-nas-autoestradas-portuguesas\/","title":{"rendered":"Combust\u00edvel 100% renov\u00e1vel j\u00e1 \u2018rola\u2019 nas autoestradas portuguesas"},"content":{"rendered":"<p><strong><img loading=\"lazy\" decoding=\"async\" class=\"alignnone size-full wp-image-69304\" src=\"https:\/\/jornaldasoficinas.com\/pt\/wp-content\/uploads\/2023\/07\/Combustivel-100-renovavel-ja-\u2018rola-nas-autoestradas-portuguesas-.jpg\" alt=\"07 - Combustivel 100 renovavel ja \u2018rola nas autoestradas portuguesas \" width=\"1024\" height=\"581\" srcset=\"https:\/\/jornaldasoficinas.com\/pt\/wp-content\/uploads\/2023\/07\/Combustivel-100-renovavel-ja-\u2018rola-nas-autoestradas-portuguesas-.jpg 1024w, https:\/\/jornaldasoficinas.com\/pt\/wp-content\/uploads\/2023\/07\/Combustivel-100-renovavel-ja-\u2018rola-nas-autoestradas-portuguesas--300x170.jpg 300w, https:\/\/jornaldasoficinas.com\/pt\/wp-content\/uploads\/2023\/07\/Combustivel-100-renovavel-ja-\u2018rola-nas-autoestradas-portuguesas--150x85.jpg 150w, https:\/\/jornaldasoficinas.com\/pt\/wp-content\/uploads\/2023\/07\/Combustivel-100-renovavel-ja-\u2018rola-nas-autoestradas-portuguesas--768x436.jpg 768w\" sizes=\"auto, (max-width: 1024px) 100vw, 1024px\" \/><\/strong><\/p>\n<p><strong>A <a href=\"https:\/\/www.repsol.pt\/particulares\/\" target=\"_blank\" rel=\"noopener\">Repsol<\/a> deu mais um passo rumo \u00e0 transi\u00e7\u00e3o energ\u00e9tica com o in\u00edcio da comercializa\u00e7\u00e3o para frotas cativas, de combust\u00edvel 100% renov\u00e1vel em autoestradas portuguesas, \u00c1rea de Servi\u00e7o de Vila Nova de Gaia, sentido Sul-Norte e na \u00c1rea de Servi\u00e7o de Antu\u00e3, sentido Norte-Sul<\/strong><\/p>\n<p>A sess\u00e3o de inaugura\u00e7\u00e3o contou com a presen\u00e7a de Armando Oliveira, Administrador-delegado da Repsol Portuguesa, Nuno Soares, Gestor de Produto de Combust\u00edveis Renov\u00e1veis da Repsol Portuguesa, Alexandre Manuel Rodrigues Fernandes, Presidente da Entidade Nacional para o Setor Energ\u00e9tico (ENSE), e ainda com Maria Jos\u00e9 Esp\u00edrito Santo, Subdiretora-geral da Dire\u00e7\u00e3o-Geral de Energia e Geologia (DGEG).<\/p>\n<p>Para\u00a0Armando Oliveira, Administrador-delegado da Repsol Portuguesa, \u201cMais do que um novo combust\u00edvel, este \u00e9 um ponto de viragem na mobilidade e mais um passo que damos, firme, no caminho da descarboniza\u00e7\u00e3o do transporte, n\u00e3o s\u00f3 rodovi\u00e1rio, mas tamb\u00e9m ferrovi\u00e1rio, mar\u00edtimo e a\u00e9reo. Al\u00e9m disso, n\u00e3o queremos que seja um passo s\u00f3 nosso, mas tamb\u00e9m de todos os nossos parceiros\u201d.<\/p>\n<p>Desde abril deste ano, que se encontra a decorrer um teste piloto com diesel 100% renov\u00e1vel na Esta\u00e7\u00e3o de Servi\u00e7o de Alcochete,\u00a0com 54 ve\u00edculos de frotas de distribui\u00e7\u00e3o nacionais,\u00a0em colabora\u00e7\u00e3o com empresas l\u00edderes, como Coca-Cola, DPD, Elis e LIDL, e operadores log\u00edsticos como a Atlantic Cargo, HAVI, Transportes J Amaral e Transportes Flor\u00eancio Silva. Mais para diante, juntou-se tamb\u00e9m ao teste a ENSE, a CP Comboios de Portugal e os T Paulo Duarte. Durante este teste pioneiro em Portugal, cada cami\u00e3o pesado de mercadorias evitou a emiss\u00e3o correspondente a 150 toneladas anuais de CO<sub>2\u00a0<\/sub>equivalente. Apenas tr\u00eas meses depois, a Repsol consagra-se, assim, pioneira no fornecimento deste diesel renov\u00e1vel nas autoestradas portuguesas, um biocombust\u00edvel avan\u00e7ado produzido a partir de res\u00edduos e com zero emiss\u00f5es l\u00edquidas durante a utiliza\u00e7\u00e3o.<\/p>\n<p>J\u00e1\u00a0Nuno Soares,\u00a0Gestor de Produto de Combust\u00edveis Renov\u00e1veis na Repsol Portuguesa acrescenta que \u201cos combust\u00edveis renov\u00e1veis s\u00e3o uma solu\u00e7\u00e3o complementar \u00e0 mobilidade el\u00e9trica, que permite come\u00e7ar, desde j\u00e1, a reduzir as emiss\u00f5es dos transportes, sobretudo em setores onde a eletrifica\u00e7\u00e3o n\u00e3o \u00e9 uma solu\u00e7\u00e3o vi\u00e1vel, a curto ou m\u00e9dio prazo, como \u00e9 o caso do transporte rodovi\u00e1rio pesado. Os combust\u00edveis 100% renov\u00e1veis s\u00e3o uma alternativa real para os portugueses e um contributo efetivo e imediato para o combate \u00e0s altera\u00e7\u00f5es clim\u00e1ticas\u201d.<\/p>\n<p>A Repsol aposta assim num modelo energ\u00e9tico que combina a eletrifica\u00e7\u00e3o, os combust\u00edveis renov\u00e1veis e o hidrog\u00e9nio, sendo que os combust\u00edveis renov\u00e1veis s\u00e3o um dos principais pilares da sua estrat\u00e9gia para se tornar uma empresa com zero emiss\u00f5es l\u00edquidas at\u00e9 2050. Neste \u00e2mbito, a multinerg\u00e9tica tem previsto chegar ao final do ano com este combust\u00edvel dispon\u00edvel em 10 Esta\u00e7\u00f5es de Servi\u00e7o em Portugal e 50 na Pen\u00ednsula Ib\u00e9rica.<\/p>\n","protected":false},"excerpt":{"rendered":"<p>A Repsol deu mais um passo&#8230;<\/p>\n","protected":false},"author":15,"featured_media":69304,"comment_status":"closed","ping_status":"closed","sticky":false,"template":"","format":"standard","meta":{"footnotes":""},"categories":[29],"tags":[5252,5925,46,5592],"class_list":["post-70068","post","type-post","status-publish","format-standard","has-post-thumbnail","hentry","category-empresas","tag-100-renovavel","tag-area-de-servico","tag-repsol","tag-vila-nova-de-gaia"],"yoast_head":"<!-- This site is optimized with the Yoast SEO plugin v27.4 - https:\/\/yoast.com\/product\/yoast-seo-wordpress\/ -->\n<title>Combust\u00edvel 100% renov\u00e1vel j\u00e1 \u2018rola\u2019 nas autoestradas portuguesas - Jornal das Oficinas<\/title>\n<meta name=\"description\" content=\"A Repsol deu mais um passo rumo \u00e0 transi\u00e7\u00e3o energ\u00e9tica com o in\u00edcio da comercializa\u00e7\u00e3o para frotas cativas, de combust\u00edvel 100% renov\u00e1vel\" \/>\n<meta name=\"robots\" content=\"index, follow, max-snippet:-1, max-image-preview:large, max-video-preview:-1\" \/>\n<link rel=\"canonical\" href=\"https:\/\/jornaldasoficinas.com\/pt\/combustivel-100-renovavel-ja-rola-nas-autoestradas-portuguesas\/\" \/>\n<meta property=\"og:locale\" content=\"pt_PT\" \/>\n<meta property=\"og:type\" content=\"article\" \/>\n<meta property=\"og:title\" content=\"Combust\u00edvel 100% renov\u00e1vel j\u00e1 \u2018rola\u2019 nas autoestradas portuguesas - Jornal das Oficinas\" \/>\n<meta property=\"og:description\" content=\"A Repsol deu mais um passo rumo \u00e0 transi\u00e7\u00e3o energ\u00e9tica com o in\u00edcio da comercializa\u00e7\u00e3o para frotas cativas, de combust\u00edvel 100% renov\u00e1vel\" \/>\n<meta property=\"og:url\" content=\"https:\/\/jornaldasoficinas.com\/pt\/combustivel-100-renovavel-ja-rola-nas-autoestradas-portuguesas\/\" \/>\n<meta property=\"og:site_name\" content=\"Jornal das Oficinas\" \/>\n<meta property=\"article:publisher\" content=\"https:\/\/www.facebook.com\/jornaloficinas\" \/>\n<meta property=\"article:published_time\" content=\"2023-07-21T13:00:09+00:00\" \/>\n<meta property=\"og:image\" content=\"https:\/\/jornaldasoficinas.com\/pt\/wp-content\/uploads\/2023\/07\/Combustivel-100-renovavel-ja-\u2018rola-nas-autoestradas-portuguesas-.jpg\" \/>\n\t<meta property=\"og:image:width\" content=\"1024\" \/>\n\t<meta property=\"og:image:height\" content=\"581\" \/>\n\t<meta property=\"og:image:type\" content=\"image\/jpeg\" \/>\n<meta name=\"author\" content=\"Reda\u00e7\u00e3o JO\" \/>\n<meta name=\"twitter:card\" content=\"summary_large_image\" \/>\n<meta name=\"twitter:creator\" content=\"@jornaloficinas\" \/>\n<meta name=\"twitter:site\" content=\"@jornaloficinas\" \/>\n<meta name=\"twitter:label1\" content=\"Escrito por\" \/>\n\t<meta name=\"twitter:data1\" content=\"Reda\u00e7\u00e3o JO\" \/>\n\t<meta name=\"twitter:label2\" content=\"Tempo estimado de leitura\" \/>\n\t<meta name=\"twitter:data2\" content=\"3 minutos\" \/>\n<script type=\"application\/ld+json\" class=\"yoast-schema-graph\">{\"@context\":\"https:\\\/\\\/schema.org\",\"@graph\":[{\"@type\":\"Article\",\"@id\":\"https:\\\/\\\/jornaldasoficinas.com\\\/pt\\\/combustivel-100-renovavel-ja-rola-nas-autoestradas-portuguesas\\\/#article\",\"isPartOf\":{\"@id\":\"https:\\\/\\\/jornaldasoficinas.com\\\/pt\\\/combustivel-100-renovavel-ja-rola-nas-autoestradas-portuguesas\\\/\"},\"author\":{\"name\":\"Reda\u00e7\u00e3o JO\",\"@id\":\"https:\\\/\\\/jornaldasoficinas.com\\\/pt\\\/#\\\/schema\\\/person\\\/a38eef5de2c41d9e7c9ac10141afddf3\"},\"headline\":\"Combust\u00edvel 100% renov\u00e1vel j\u00e1 \u2018rola\u2019 nas autoestradas portuguesas\",\"datePublished\":\"2023-07-21T13:00:09+00:00\",\"mainEntityOfPage\":{\"@id\":\"https:\\\/\\\/jornaldasoficinas.com\\\/pt\\\/combustivel-100-renovavel-ja-rola-nas-autoestradas-portuguesas\\\/\"},\"wordCount\":519,\"publisher\":{\"@id\":\"https:\\\/\\\/jornaldasoficinas.com\\\/pt\\\/#organization\"},\"image\":{\"@id\":\"https:\\\/\\\/jornaldasoficinas.com\\\/pt\\\/combustivel-100-renovavel-ja-rola-nas-autoestradas-portuguesas\\\/#primaryimage\"},\"thumbnailUrl\":\"https:\\\/\\\/jornaldasoficinas.com\\\/pt\\\/wp-content\\\/uploads\\\/2023\\\/07\\\/Combustivel-100-renovavel-ja-\u2018rola-nas-autoestradas-portuguesas-.jpg\",\"keywords\":[\"100% renov\u00e1vel\",\"\u00c1rea de Servi\u00e7o\",\"Repsol\",\"Vila Nova de Gaia\"],\"articleSection\":[\"Empresas\"],\"inLanguage\":\"pt-PT\"},{\"@type\":\"WebPage\",\"@id\":\"https:\\\/\\\/jornaldasoficinas.com\\\/pt\\\/combustivel-100-renovavel-ja-rola-nas-autoestradas-portuguesas\\\/\",\"url\":\"https:\\\/\\\/jornaldasoficinas.com\\\/pt\\\/combustivel-100-renovavel-ja-rola-nas-autoestradas-portuguesas\\\/\",\"name\":\"Combust\u00edvel 100% renov\u00e1vel j\u00e1 \u2018rola\u2019 nas autoestradas portuguesas - Jornal das Oficinas\",\"isPartOf\":{\"@id\":\"https:\\\/\\\/jornaldasoficinas.com\\\/pt\\\/#website\"},\"primaryImageOfPage\":{\"@id\":\"https:\\\/\\\/jornaldasoficinas.com\\\/pt\\\/combustivel-100-renovavel-ja-rola-nas-autoestradas-portuguesas\\\/#primaryimage\"},\"image\":{\"@id\":\"https:\\\/\\\/jornaldasoficinas.com\\\/pt\\\/combustivel-100-renovavel-ja-rola-nas-autoestradas-portuguesas\\\/#primaryimage\"},\"thumbnailUrl\":\"https:\\\/\\\/jornaldasoficinas.com\\\/pt\\\/wp-content\\\/uploads\\\/2023\\\/07\\\/Combustivel-100-renovavel-ja-\u2018rola-nas-autoestradas-portuguesas-.jpg\",\"datePublished\":\"2023-07-21T13:00:09+00:00\",\"description\":\"A Repsol deu mais um passo rumo \u00e0 transi\u00e7\u00e3o energ\u00e9tica com o in\u00edcio da comercializa\u00e7\u00e3o para frotas cativas, de combust\u00edvel 100% renov\u00e1vel\",\"breadcrumb\":{\"@id\":\"https:\\\/\\\/jornaldasoficinas.com\\\/pt\\\/combustivel-100-renovavel-ja-rola-nas-autoestradas-portuguesas\\\/#breadcrumb\"},\"inLanguage\":\"pt-PT\",\"potentialAction\":[{\"@type\":\"ReadAction\",\"target\":[\"https:\\\/\\\/jornaldasoficinas.com\\\/pt\\\/combustivel-100-renovavel-ja-rola-nas-autoestradas-portuguesas\\\/\"]}]},{\"@type\":\"ImageObject\",\"inLanguage\":\"pt-PT\",\"@id\":\"https:\\\/\\\/jornaldasoficinas.com\\\/pt\\\/combustivel-100-renovavel-ja-rola-nas-autoestradas-portuguesas\\\/#primaryimage\",\"url\":\"https:\\\/\\\/jornaldasoficinas.com\\\/pt\\\/wp-content\\\/uploads\\\/2023\\\/07\\\/Combustivel-100-renovavel-ja-\u2018rola-nas-autoestradas-portuguesas-.jpg\",\"contentUrl\":\"https:\\\/\\\/jornaldasoficinas.com\\\/pt\\\/wp-content\\\/uploads\\\/2023\\\/07\\\/Combustivel-100-renovavel-ja-\u2018rola-nas-autoestradas-portuguesas-.jpg\",\"width\":1024,\"height\":581,\"caption\":\"07 - Combustivel 100 renovavel ja \u2018rola nas autoestradas portuguesas\"},{\"@type\":\"BreadcrumbList\",\"@id\":\"https:\\\/\\\/jornaldasoficinas.com\\\/pt\\\/combustivel-100-renovavel-ja-rola-nas-autoestradas-portuguesas\\\/#breadcrumb\",\"itemListElement\":[{\"@type\":\"ListItem\",\"position\":1,\"name\":\"In\u00edcio\",\"item\":\"https:\\\/\\\/jornaldasoficinas.com\\\/pt\\\/\"},{\"@type\":\"ListItem\",\"position\":2,\"name\":\"Combust\u00edvel 100% renov\u00e1vel j\u00e1 \u2018rola\u2019 nas autoestradas portuguesas\"}]},{\"@type\":\"WebSite\",\"@id\":\"https:\\\/\\\/jornaldasoficinas.com\\\/pt\\\/#website\",\"url\":\"https:\\\/\\\/jornaldasoficinas.com\\\/pt\\\/\",\"name\":\"Jornal das Oficinas\",\"description\":\"Jornal independente do Aftermarket Autom\u00f3vel em Portugal\",\"publisher\":{\"@id\":\"https:\\\/\\\/jornaldasoficinas.com\\\/pt\\\/#organization\"},\"potentialAction\":[{\"@type\":\"SearchAction\",\"target\":{\"@type\":\"EntryPoint\",\"urlTemplate\":\"https:\\\/\\\/jornaldasoficinas.com\\\/pt\\\/?s={search_term_string}\"},\"query-input\":{\"@type\":\"PropertyValueSpecification\",\"valueRequired\":true,\"valueName\":\"search_term_string\"}}],\"inLanguage\":\"pt-PT\"},{\"@type\":\"Organization\",\"@id\":\"https:\\\/\\\/jornaldasoficinas.com\\\/pt\\\/#organization\",\"name\":\"Jornal das Oficinas\",\"url\":\"https:\\\/\\\/jornaldasoficinas.com\\\/pt\\\/\",\"logo\":{\"@type\":\"ImageObject\",\"inLanguage\":\"pt-PT\",\"@id\":\"https:\\\/\\\/jornaldasoficinas.com\\\/pt\\\/#\\\/schema\\\/logo\\\/image\\\/\",\"url\":\"https:\\\/\\\/jornaldasoficinas.com\\\/pt\\\/wp-content\\\/uploads\\\/logoJO-SEO.png\",\"contentUrl\":\"https:\\\/\\\/jornaldasoficinas.com\\\/pt\\\/wp-content\\\/uploads\\\/logoJO-SEO.png\",\"width\":285,\"height\":450,\"caption\":\"Jornal das Oficinas\"},\"image\":{\"@id\":\"https:\\\/\\\/jornaldasoficinas.com\\\/pt\\\/#\\\/schema\\\/logo\\\/image\\\/\"},\"sameAs\":[\"https:\\\/\\\/www.facebook.com\\\/jornaloficinas\",\"https:\\\/\\\/x.com\\\/jornaloficinas\",\"https:\\\/\\\/www.instagram.com\\\/jornal_oficinas\\\/\",\"https:\\\/\\\/www.linkedin.com\\\/company\\\/jornal-das-oficinas\\\/\",\"https:\\\/\\\/www.youtube.com\\\/channel\\\/UCbQZBqtcvV-oSQrr7RzINGg\"]},{\"@type\":\"Person\",\"@id\":\"https:\\\/\\\/jornaldasoficinas.com\\\/pt\\\/#\\\/schema\\\/person\\\/a38eef5de2c41d9e7c9ac10141afddf3\",\"name\":\"Reda\u00e7\u00e3o JO\",\"image\":{\"@type\":\"ImageObject\",\"inLanguage\":\"pt-PT\",\"@id\":\"https:\\\/\\\/secure.gravatar.com\\\/avatar\\\/71f2fa71737ad68a84fea94bc708ddac8ea5b0c4788dc2ad202f3ccb2887742f?s=96&d=wp_user_avatar&r=g\",\"url\":\"https:\\\/\\\/secure.gravatar.com\\\/avatar\\\/71f2fa71737ad68a84fea94bc708ddac8ea5b0c4788dc2ad202f3ccb2887742f?s=96&d=wp_user_avatar&r=g\",\"contentUrl\":\"https:\\\/\\\/secure.gravatar.com\\\/avatar\\\/71f2fa71737ad68a84fea94bc708ddac8ea5b0c4788dc2ad202f3ccb2887742f?s=96&d=wp_user_avatar&r=g\",\"caption\":\"Reda\u00e7\u00e3o JO\"},\"url\":\"https:\\\/\\\/jornaldasoficinas.com\\\/pt\\\/author\\\/joredacao\\\/\"}]}<\/script>\n<!-- \/ Yoast SEO plugin. -->","yoast_head_json":{"title":"Combust\u00edvel 100% renov\u00e1vel j\u00e1 \u2018rola\u2019 nas autoestradas portuguesas - Jornal das Oficinas","description":"A Repsol deu mais um passo rumo \u00e0 transi\u00e7\u00e3o energ\u00e9tica com o in\u00edcio da comercializa\u00e7\u00e3o para frotas cativas, de combust\u00edvel 100% renov\u00e1vel","robots":{"index":"index","follow":"follow","max-snippet":"max-snippet:-1","max-image-preview":"max-image-preview:large","max-video-preview":"max-video-preview:-1"},"canonical":"https:\/\/jornaldasoficinas.com\/pt\/combustivel-100-renovavel-ja-rola-nas-autoestradas-portuguesas\/","og_locale":"pt_PT","og_type":"article","og_title":"Combust\u00edvel 100% renov\u00e1vel j\u00e1 \u2018rola\u2019 nas autoestradas portuguesas - Jornal das Oficinas","og_description":"A Repsol deu mais um passo rumo \u00e0 transi\u00e7\u00e3o energ\u00e9tica com o in\u00edcio da comercializa\u00e7\u00e3o para frotas cativas, de combust\u00edvel 100% renov\u00e1vel","og_url":"https:\/\/jornaldasoficinas.com\/pt\/combustivel-100-renovavel-ja-rola-nas-autoestradas-portuguesas\/","og_site_name":"Jornal das Oficinas","article_publisher":"https:\/\/www.facebook.com\/jornaloficinas","article_published_time":"2023-07-21T13:00:09+00:00","og_image":[{"width":1024,"height":581,"url":"https:\/\/jornaldasoficinas.com\/pt\/wp-content\/uploads\/2023\/07\/Combustivel-100-renovavel-ja-\u2018rola-nas-autoestradas-portuguesas-.jpg","type":"image\/jpeg"}],"author":"Reda\u00e7\u00e3o JO","twitter_card":"summary_large_image","twitter_creator":"@jornaloficinas","twitter_site":"@jornaloficinas","twitter_misc":{"Escrito por":"Reda\u00e7\u00e3o JO","Tempo estimado de leitura":"3 minutos"},"schema":{"@context":"https:\/\/schema.org","@graph":[{"@type":"Article","@id":"https:\/\/jornaldasoficinas.com\/pt\/combustivel-100-renovavel-ja-rola-nas-autoestradas-portuguesas\/#article","isPartOf":{"@id":"https:\/\/jornaldasoficinas.com\/pt\/combustivel-100-renovavel-ja-rola-nas-autoestradas-portuguesas\/"},"author":{"name":"Reda\u00e7\u00e3o JO","@id":"https:\/\/jornaldasoficinas.com\/pt\/#\/schema\/person\/a38eef5de2c41d9e7c9ac10141afddf3"},"headline":"Combust\u00edvel 100% renov\u00e1vel j\u00e1 \u2018rola\u2019 nas autoestradas portuguesas","datePublished":"2023-07-21T13:00:09+00:00","mainEntityOfPage":{"@id":"https:\/\/jornaldasoficinas.com\/pt\/combustivel-100-renovavel-ja-rola-nas-autoestradas-portuguesas\/"},"wordCount":519,"publisher":{"@id":"https:\/\/jornaldasoficinas.com\/pt\/#organization"},"image":{"@id":"https:\/\/jornaldasoficinas.com\/pt\/combustivel-100-renovavel-ja-rola-nas-autoestradas-portuguesas\/#primaryimage"},"thumbnailUrl":"https:\/\/jornaldasoficinas.com\/pt\/wp-content\/uploads\/2023\/07\/Combustivel-100-renovavel-ja-\u2018rola-nas-autoestradas-portuguesas-.jpg","keywords":["100% renov\u00e1vel","\u00c1rea de Servi\u00e7o","Repsol","Vila Nova de Gaia"],"articleSection":["Empresas"],"inLanguage":"pt-PT"},{"@type":"WebPage","@id":"https:\/\/jornaldasoficinas.com\/pt\/combustivel-100-renovavel-ja-rola-nas-autoestradas-portuguesas\/","url":"https:\/\/jornaldasoficinas.com\/pt\/combustivel-100-renovavel-ja-rola-nas-autoestradas-portuguesas\/","name":"Combust\u00edvel 100% renov\u00e1vel j\u00e1 \u2018rola\u2019 nas autoestradas portuguesas - Jornal das Oficinas","isPartOf":{"@id":"https:\/\/jornaldasoficinas.com\/pt\/#website"},"primaryImageOfPage":{"@id":"https:\/\/jornaldasoficinas.com\/pt\/combustivel-100-renovavel-ja-rola-nas-autoestradas-portuguesas\/#primaryimage"},"image":{"@id":"https:\/\/jornaldasoficinas.com\/pt\/combustivel-100-renovavel-ja-rola-nas-autoestradas-portuguesas\/#primaryimage"},"thumbnailUrl":"https:\/\/jornaldasoficinas.com\/pt\/wp-content\/uploads\/2023\/07\/Combustivel-100-renovavel-ja-\u2018rola-nas-autoestradas-portuguesas-.jpg","datePublished":"2023-07-21T13:00:09+00:00","description":"A Repsol deu mais um passo rumo \u00e0 transi\u00e7\u00e3o energ\u00e9tica com o in\u00edcio da comercializa\u00e7\u00e3o para frotas cativas, de combust\u00edvel 100% renov\u00e1vel","breadcrumb":{"@id":"https:\/\/jornaldasoficinas.com\/pt\/combustivel-100-renovavel-ja-rola-nas-autoestradas-portuguesas\/#breadcrumb"},"inLanguage":"pt-PT","potentialAction":[{"@type":"ReadAction","target":["https:\/\/jornaldasoficinas.com\/pt\/combustivel-100-renovavel-ja-rola-nas-autoestradas-portuguesas\/"]}]},{"@type":"ImageObject","inLanguage":"pt-PT","@id":"https:\/\/jornaldasoficinas.com\/pt\/combustivel-100-renovavel-ja-rola-nas-autoestradas-portuguesas\/#primaryimage","url":"https:\/\/jornaldasoficinas.com\/pt\/wp-content\/uploads\/2023\/07\/Combustivel-100-renovavel-ja-\u2018rola-nas-autoestradas-portuguesas-.jpg","contentUrl":"https:\/\/jornaldasoficinas.com\/pt\/wp-content\/uploads\/2023\/07\/Combustivel-100-renovavel-ja-\u2018rola-nas-autoestradas-portuguesas-.jpg","width":1024,"height":581,"caption":"07 - Combustivel 100 renovavel ja \u2018rola nas autoestradas portuguesas"},{"@type":"BreadcrumbList","@id":"https:\/\/jornaldasoficinas.com\/pt\/combustivel-100-renovavel-ja-rola-nas-autoestradas-portuguesas\/#breadcrumb","itemListElement":[{"@type":"ListItem","position":1,"name":"In\u00edcio","item":"https:\/\/jornaldasoficinas.com\/pt\/"},{"@type":"ListItem","position":2,"name":"Combust\u00edvel 100% renov\u00e1vel j\u00e1 \u2018rola\u2019 nas autoestradas portuguesas"}]},{"@type":"WebSite","@id":"https:\/\/jornaldasoficinas.com\/pt\/#website","url":"https:\/\/jornaldasoficinas.com\/pt\/","name":"Jornal das Oficinas","description":"Jornal independente do Aftermarket Autom\u00f3vel em Portugal","publisher":{"@id":"https:\/\/jornaldasoficinas.com\/pt\/#organization"},"potentialAction":[{"@type":"SearchAction","target":{"@type":"EntryPoint","urlTemplate":"https:\/\/jornaldasoficinas.com\/pt\/?s={search_term_string}"},"query-input":{"@type":"PropertyValueSpecification","valueRequired":true,"valueName":"search_term_string"}}],"inLanguage":"pt-PT"},{"@type":"Organization","@id":"https:\/\/jornaldasoficinas.com\/pt\/#organization","name":"Jornal das Oficinas","url":"https:\/\/jornaldasoficinas.com\/pt\/","logo":{"@type":"ImageObject","inLanguage":"pt-PT","@id":"https:\/\/jornaldasoficinas.com\/pt\/#\/schema\/logo\/image\/","url":"https:\/\/jornaldasoficinas.com\/pt\/wp-content\/uploads\/logoJO-SEO.png","contentUrl":"https:\/\/jornaldasoficinas.com\/pt\/wp-content\/uploads\/logoJO-SEO.png","width":285,"height":450,"caption":"Jornal das Oficinas"},"image":{"@id":"https:\/\/jornaldasoficinas.com\/pt\/#\/schema\/logo\/image\/"},"sameAs":["https:\/\/www.facebook.com\/jornaloficinas","https:\/\/x.com\/jornaloficinas","https:\/\/www.instagram.com\/jornal_oficinas\/","https:\/\/www.linkedin.com\/company\/jornal-das-oficinas\/","https:\/\/www.youtube.com\/channel\/UCbQZBqtcvV-oSQrr7RzINGg"]},{"@type":"Person","@id":"https:\/\/jornaldasoficinas.com\/pt\/#\/schema\/person\/a38eef5de2c41d9e7c9ac10141afddf3","name":"Reda\u00e7\u00e3o JO","image":{"@type":"ImageObject","inLanguage":"pt-PT","@id":"https:\/\/secure.gravatar.com\/avatar\/71f2fa71737ad68a84fea94bc708ddac8ea5b0c4788dc2ad202f3ccb2887742f?s=96&d=wp_user_avatar&r=g","url":"https:\/\/secure.gravatar.com\/avatar\/71f2fa71737ad68a84fea94bc708ddac8ea5b0c4788dc2ad202f3ccb2887742f?s=96&d=wp_user_avatar&r=g","contentUrl":"https:\/\/secure.gravatar.com\/avatar\/71f2fa71737ad68a84fea94bc708ddac8ea5b0c4788dc2ad202f3ccb2887742f?s=96&d=wp_user_avatar&r=g","caption":"Reda\u00e7\u00e3o JO"},"url":"https:\/\/jornaldasoficinas.com\/pt\/author\/joredacao\/"}]}},"_links":{"self":[{"href":"https:\/\/jornaldasoficinas.com\/pt\/wp-json\/wp\/v2\/posts\/70068","targetHints":{"allow":["GET"]}}],"collection":[{"href":"https:\/\/jornaldasoficinas.com\/pt\/wp-json\/wp\/v2\/posts"}],"about":[{"href":"https:\/\/jornaldasoficinas.com\/pt\/wp-json\/wp\/v2\/types\/post"}],"author":[{"embeddable":true,"href":"https:\/\/jornaldasoficinas.com\/pt\/wp-json\/wp\/v2\/users\/15"}],"replies":[{"embeddable":true,"href":"https:\/\/jornaldasoficinas.com\/pt\/wp-json\/wp\/v2\/comments?post=70068"}],"version-history":[{"count":0,"href":"https:\/\/jornaldasoficinas.com\/pt\/wp-json\/wp\/v2\/posts\/70068\/revisions"}],"wp:featuredmedia":[{"embeddable":true,"href":"https:\/\/jornaldasoficinas.com\/pt\/wp-json\/wp\/v2\/media\/69304"}],"wp:attachment":[{"href":"https:\/\/jornaldasoficinas.com\/pt\/wp-json\/wp\/v2\/media?parent=70068"}],"wp:term":[{"taxonomy":"category","embeddable":true,"href":"https:\/\/jornaldasoficinas.com\/pt\/wp-json\/wp\/v2\/categories?post=70068"},{"taxonomy":"post_tag","embeddable":true,"href":"https:\/\/jornaldasoficinas.com\/pt\/wp-json\/wp\/v2\/tags?post=70068"}],"curies":[{"name":"wp","href":"https:\/\/api.w.org\/{rel}","templated":true}]}}