{"id":70133,"date":"2023-07-24T18:30:57","date_gmt":"2023-07-24T17:30:57","guid":{"rendered":"https:\/\/jornaldasoficinas.com\/pt\/?p=70133"},"modified":"2023-07-24T11:14:06","modified_gmt":"2023-07-24T10:14:06","slug":"veiculos-byd-conquistam-portugueses-no-primeiro-semestre-de-2023","status":"publish","type":"post","link":"https:\/\/jornaldasoficinas.com\/pt\/veiculos-byd-conquistam-portugueses-no-primeiro-semestre-de-2023\/","title":{"rendered":"Ve\u00edculos BYD conquistam portugueses no primeiro semestre de 2023"},"content":{"rendered":"<p><strong><img loading=\"lazy\" decoding=\"async\" class=\"alignnone size-full wp-image-70123\" src=\"https:\/\/jornaldasoficinas.com\/pt\/wp-content\/uploads\/2023\/07\/Veiculos-BYD-conquistam-portugueses-no-primeiro-semestre-de-2023.png\" alt=\"07 - Veiculos BYD conquistam portugueses no primeiro semestre de 2023\" width=\"1024\" height=\"581\" srcset=\"https:\/\/jornaldasoficinas.com\/pt\/wp-content\/uploads\/2023\/07\/Veiculos-BYD-conquistam-portugueses-no-primeiro-semestre-de-2023.png 1024w, https:\/\/jornaldasoficinas.com\/pt\/wp-content\/uploads\/2023\/07\/Veiculos-BYD-conquistam-portugueses-no-primeiro-semestre-de-2023-300x170.png 300w, https:\/\/jornaldasoficinas.com\/pt\/wp-content\/uploads\/2023\/07\/Veiculos-BYD-conquistam-portugueses-no-primeiro-semestre-de-2023-150x85.png 150w, https:\/\/jornaldasoficinas.com\/pt\/wp-content\/uploads\/2023\/07\/Veiculos-BYD-conquistam-portugueses-no-primeiro-semestre-de-2023-768x436.png 768w\" sizes=\"auto, (max-width: 1024px) 100vw, 1024px\" \/><\/strong><\/p>\n<p><strong>A <a href=\"https:\/\/www.byd-auto.pt\/\" target=\"_blank\" rel=\"noopener\">BYD<\/a> atingiu 1,25 milh\u00f5es de vendas globais de ve\u00edculos movidos a novas energias <\/strong><strong>no primeiro semestre de 2023, um aumento de 96% em rela\u00e7\u00e3o ao ano anterior. Pela primeira vez, num \u00fanico m\u00eas (junho de 2023), a BYD vendeu mais de 250.000 unidades de ve\u00edculos el\u00e9tricos (BEV e PHEV)<\/strong><\/p>\n<p>Este sucesso de vendas acelerou um crescimento anual substancial de 96%, refor\u00e7ando ainda mais a BYD como a marca l\u00edder nas vendas globais de NEV.<\/p>\n<p>A inova\u00e7\u00e3o na tecnologia de ve\u00edculos el\u00e9tricos tem sido fundamental para o resultado das vendas, com a BYD a introduzir uma gama diversificada de viaturas el\u00e9tricas de passageiros em novos mercados, inspirando a procura global e gerando um r\u00e1pido crescimento das vendas em muitos continentes.<\/p>\n<p>A entrada em novos mercados na Europa tem tido um lugar de destaque na estrat\u00e9gia global da BYD para os ve\u00edculos de passageiros. As parcerias-chave estrat\u00e9gicas, para fornecer aos consumidores vendas localizadas e apoio p\u00f3s-venda, tem sido fundamental para este objetivo.<\/p>\n<p>O est\u00edmulo \u00e0 procura de autom\u00f3veis BYD tem sido potenciado por uma s\u00e9rie de lan\u00e7amentos de produtos na Europa, nos primeiros seis meses de 2023. Este crescimento teve in\u00edcio em meados de mar\u00e7o, quando o BYD ATTO 3 se estreou no Reino Unido, rapidamente seguido pelo lan\u00e7amento em Espanha do BYD HAN, TANG e tamb\u00e9m do ATTO 3. Em maio, o BYD DOLPHIN e o SEAL fizeram a sua primeira apari\u00e7\u00e3o p\u00fablica no Sal\u00e3o Internacional do Autom\u00f3vel de Barcelona de 2023, onde a BYD revelou aos consumidores europeus o seu conceito Ocean Design, de inspira\u00e7\u00e3o mar\u00edtima. Os lan\u00e7amentos continuaram em maio e junho, quando os principais modelos foram apresentados em Portugal, Fran\u00e7a, It\u00e1lia e Isl\u00e2ndia, aumentando ainda mais o reconhecimento dos produtos BYD nos mercados europeus.<\/p>\n<p>A BYD tamb\u00e9m far\u00e1 a sua estreia no sal\u00e3o IAA Mobility em Munique, na Alemanha, em setembro de 2023, apresentando a sua mais recente linha de produtos e tecnologias sustent\u00e1veis, para potenciar a aceita\u00e7\u00e3o de ve\u00edculos de passageiros movidos a novas energias na Europa.<\/p>\n<p>Com o compromisso de oferecer aos consumidores europeus uma gama completa e diversificada de ve\u00edculos el\u00e9tricos, a BYD est\u00e1 empenhada em oferecer escolhas inspiradoras, combinando valor com experi\u00eancias de alta tecnologia de primeira qualidade, tendo a garantia de elevados n\u00edveis de assist\u00eancia local ao cliente.<\/p>\n","protected":false},"excerpt":{"rendered":"<p>A BYD atingiu 1,25 milh\u00f5es de&#8230;<\/p>\n","protected":false},"author":15,"featured_media":70123,"comment_status":"closed","ping_status":"closed","sticky":false,"template":"","format":"standard","meta":{"footnotes":""},"categories":[37],"tags":[3287,1421,5455,5934,89],"class_list":["post-70133","post","type-post","status-publish","format-standard","has-post-thumbnail","hentry","category-mercado","tag-bev","tag-mobilidade-eletrica","tag-phev","tag-veiculos-byd","tag-veiculos-eletricos"],"yoast_head":"<!-- This site is optimized with the Yoast SEO plugin v27.4 - https:\/\/yoast.com\/product\/yoast-seo-wordpress\/ -->\n<title>Ve\u00edculos BYD conquistam portugueses no primeiro semestre de 2023 - Jornal das Oficinas<\/title>\n<meta name=\"description\" content=\"A BYD atingiu 1,25 milh\u00f5es de vendas globais de ve\u00edculos movidos a novas energias no primeiro semestre de 2023\" \/>\n<meta name=\"robots\" content=\"index, follow, max-snippet:-1, max-image-preview:large, max-video-preview:-1\" \/>\n<link rel=\"canonical\" href=\"https:\/\/jornaldasoficinas.com\/pt\/veiculos-byd-conquistam-portugueses-no-primeiro-semestre-de-2023\/\" \/>\n<meta property=\"og:locale\" content=\"pt_PT\" \/>\n<meta property=\"og:type\" content=\"article\" \/>\n<meta property=\"og:title\" content=\"Ve\u00edculos BYD conquistam portugueses no primeiro semestre de 2023 - Jornal das Oficinas\" \/>\n<meta property=\"og:description\" content=\"A BYD atingiu 1,25 milh\u00f5es de vendas globais de ve\u00edculos movidos a novas energias no primeiro semestre de 2023\" \/>\n<meta property=\"og:url\" content=\"https:\/\/jornaldasoficinas.com\/pt\/veiculos-byd-conquistam-portugueses-no-primeiro-semestre-de-2023\/\" \/>\n<meta property=\"og:site_name\" content=\"Jornal das Oficinas\" \/>\n<meta property=\"article:publisher\" content=\"https:\/\/www.facebook.com\/jornaloficinas\" \/>\n<meta property=\"article:published_time\" content=\"2023-07-24T17:30:57+00:00\" \/>\n<meta property=\"og:image\" content=\"https:\/\/jornaldasoficinas.com\/pt\/wp-content\/uploads\/2023\/07\/Veiculos-BYD-conquistam-portugueses-no-primeiro-semestre-de-2023.png\" \/>\n\t<meta property=\"og:image:width\" content=\"1024\" \/>\n\t<meta property=\"og:image:height\" content=\"581\" \/>\n\t<meta property=\"og:image:type\" content=\"image\/png\" \/>\n<meta name=\"author\" content=\"Reda\u00e7\u00e3o JO\" \/>\n<meta name=\"twitter:card\" content=\"summary_large_image\" \/>\n<meta name=\"twitter:creator\" content=\"@jornaloficinas\" \/>\n<meta name=\"twitter:site\" content=\"@jornaloficinas\" \/>\n<meta name=\"twitter:label1\" content=\"Escrito por\" \/>\n\t<meta name=\"twitter:data1\" content=\"Reda\u00e7\u00e3o JO\" \/>\n\t<meta name=\"twitter:label2\" content=\"Tempo estimado de leitura\" \/>\n\t<meta name=\"twitter:data2\" content=\"3 minutos\" \/>\n<script type=\"application\/ld+json\" class=\"yoast-schema-graph\">{\"@context\":\"https:\\\/\\\/schema.org\",\"@graph\":[{\"@type\":\"Article\",\"@id\":\"https:\\\/\\\/jornaldasoficinas.com\\\/pt\\\/veiculos-byd-conquistam-portugueses-no-primeiro-semestre-de-2023\\\/#article\",\"isPartOf\":{\"@id\":\"https:\\\/\\\/jornaldasoficinas.com\\\/pt\\\/veiculos-byd-conquistam-portugueses-no-primeiro-semestre-de-2023\\\/\"},\"author\":{\"name\":\"Reda\u00e7\u00e3o JO\",\"@id\":\"https:\\\/\\\/jornaldasoficinas.com\\\/pt\\\/#\\\/schema\\\/person\\\/a38eef5de2c41d9e7c9ac10141afddf3\"},\"headline\":\"Ve\u00edculos BYD conquistam portugueses no primeiro semestre de 2023\",\"datePublished\":\"2023-07-24T17:30:57+00:00\",\"mainEntityOfPage\":{\"@id\":\"https:\\\/\\\/jornaldasoficinas.com\\\/pt\\\/veiculos-byd-conquistam-portugueses-no-primeiro-semestre-de-2023\\\/\"},\"wordCount\":418,\"publisher\":{\"@id\":\"https:\\\/\\\/jornaldasoficinas.com\\\/pt\\\/#organization\"},\"image\":{\"@id\":\"https:\\\/\\\/jornaldasoficinas.com\\\/pt\\\/veiculos-byd-conquistam-portugueses-no-primeiro-semestre-de-2023\\\/#primaryimage\"},\"thumbnailUrl\":\"https:\\\/\\\/jornaldasoficinas.com\\\/pt\\\/wp-content\\\/uploads\\\/2023\\\/07\\\/Veiculos-BYD-conquistam-portugueses-no-primeiro-semestre-de-2023.png\",\"keywords\":[\"BEV\",\"Mobilidade el\u00e9trica\",\"PHEV\",\"Ve\u00edculos BYD\",\"Ve\u00edculos el\u00e9tricos\"],\"articleSection\":[\"Mercado\"],\"inLanguage\":\"pt-PT\"},{\"@type\":\"WebPage\",\"@id\":\"https:\\\/\\\/jornaldasoficinas.com\\\/pt\\\/veiculos-byd-conquistam-portugueses-no-primeiro-semestre-de-2023\\\/\",\"url\":\"https:\\\/\\\/jornaldasoficinas.com\\\/pt\\\/veiculos-byd-conquistam-portugueses-no-primeiro-semestre-de-2023\\\/\",\"name\":\"Ve\u00edculos BYD conquistam portugueses no primeiro semestre de 2023 - Jornal das Oficinas\",\"isPartOf\":{\"@id\":\"https:\\\/\\\/jornaldasoficinas.com\\\/pt\\\/#website\"},\"primaryImageOfPage\":{\"@id\":\"https:\\\/\\\/jornaldasoficinas.com\\\/pt\\\/veiculos-byd-conquistam-portugueses-no-primeiro-semestre-de-2023\\\/#primaryimage\"},\"image\":{\"@id\":\"https:\\\/\\\/jornaldasoficinas.com\\\/pt\\\/veiculos-byd-conquistam-portugueses-no-primeiro-semestre-de-2023\\\/#primaryimage\"},\"thumbnailUrl\":\"https:\\\/\\\/jornaldasoficinas.com\\\/pt\\\/wp-content\\\/uploads\\\/2023\\\/07\\\/Veiculos-BYD-conquistam-portugueses-no-primeiro-semestre-de-2023.png\",\"datePublished\":\"2023-07-24T17:30:57+00:00\",\"description\":\"A BYD atingiu 1,25 milh\u00f5es de vendas globais de ve\u00edculos movidos a novas energias no primeiro semestre de 2023\",\"breadcrumb\":{\"@id\":\"https:\\\/\\\/jornaldasoficinas.com\\\/pt\\\/veiculos-byd-conquistam-portugueses-no-primeiro-semestre-de-2023\\\/#breadcrumb\"},\"inLanguage\":\"pt-PT\",\"potentialAction\":[{\"@type\":\"ReadAction\",\"target\":[\"https:\\\/\\\/jornaldasoficinas.com\\\/pt\\\/veiculos-byd-conquistam-portugueses-no-primeiro-semestre-de-2023\\\/\"]}]},{\"@type\":\"ImageObject\",\"inLanguage\":\"pt-PT\",\"@id\":\"https:\\\/\\\/jornaldasoficinas.com\\\/pt\\\/veiculos-byd-conquistam-portugueses-no-primeiro-semestre-de-2023\\\/#primaryimage\",\"url\":\"https:\\\/\\\/jornaldasoficinas.com\\\/pt\\\/wp-content\\\/uploads\\\/2023\\\/07\\\/Veiculos-BYD-conquistam-portugueses-no-primeiro-semestre-de-2023.png\",\"contentUrl\":\"https:\\\/\\\/jornaldasoficinas.com\\\/pt\\\/wp-content\\\/uploads\\\/2023\\\/07\\\/Veiculos-BYD-conquistam-portugueses-no-primeiro-semestre-de-2023.png\",\"width\":1024,\"height\":581,\"caption\":\"07 - Veiculos BYD conquistam portugueses no primeiro semestre de 2023\"},{\"@type\":\"BreadcrumbList\",\"@id\":\"https:\\\/\\\/jornaldasoficinas.com\\\/pt\\\/veiculos-byd-conquistam-portugueses-no-primeiro-semestre-de-2023\\\/#breadcrumb\",\"itemListElement\":[{\"@type\":\"ListItem\",\"position\":1,\"name\":\"In\u00edcio\",\"item\":\"https:\\\/\\\/jornaldasoficinas.com\\\/pt\\\/\"},{\"@type\":\"ListItem\",\"position\":2,\"name\":\"Ve\u00edculos BYD conquistam portugueses no primeiro semestre de 2023\"}]},{\"@type\":\"WebSite\",\"@id\":\"https:\\\/\\\/jornaldasoficinas.com\\\/pt\\\/#website\",\"url\":\"https:\\\/\\\/jornaldasoficinas.com\\\/pt\\\/\",\"name\":\"Jornal das Oficinas\",\"description\":\"Jornal independente do Aftermarket Autom\u00f3vel em Portugal\",\"publisher\":{\"@id\":\"https:\\\/\\\/jornaldasoficinas.com\\\/pt\\\/#organization\"},\"potentialAction\":[{\"@type\":\"SearchAction\",\"target\":{\"@type\":\"EntryPoint\",\"urlTemplate\":\"https:\\\/\\\/jornaldasoficinas.com\\\/pt\\\/?s={search_term_string}\"},\"query-input\":{\"@type\":\"PropertyValueSpecification\",\"valueRequired\":true,\"valueName\":\"search_term_string\"}}],\"inLanguage\":\"pt-PT\"},{\"@type\":\"Organization\",\"@id\":\"https:\\\/\\\/jornaldasoficinas.com\\\/pt\\\/#organization\",\"name\":\"Jornal das Oficinas\",\"url\":\"https:\\\/\\\/jornaldasoficinas.com\\\/pt\\\/\",\"logo\":{\"@type\":\"ImageObject\",\"inLanguage\":\"pt-PT\",\"@id\":\"https:\\\/\\\/jornaldasoficinas.com\\\/pt\\\/#\\\/schema\\\/logo\\\/image\\\/\",\"url\":\"https:\\\/\\\/jornaldasoficinas.com\\\/pt\\\/wp-content\\\/uploads\\\/logoJO-SEO.png\",\"contentUrl\":\"https:\\\/\\\/jornaldasoficinas.com\\\/pt\\\/wp-content\\\/uploads\\\/logoJO-SEO.png\",\"width\":285,\"height\":450,\"caption\":\"Jornal das Oficinas\"},\"image\":{\"@id\":\"https:\\\/\\\/jornaldasoficinas.com\\\/pt\\\/#\\\/schema\\\/logo\\\/image\\\/\"},\"sameAs\":[\"https:\\\/\\\/www.facebook.com\\\/jornaloficinas\",\"https:\\\/\\\/x.com\\\/jornaloficinas\",\"https:\\\/\\\/www.instagram.com\\\/jornal_oficinas\\\/\",\"https:\\\/\\\/www.linkedin.com\\\/company\\\/jornal-das-oficinas\\\/\",\"https:\\\/\\\/www.youtube.com\\\/channel\\\/UCbQZBqtcvV-oSQrr7RzINGg\"]},{\"@type\":\"Person\",\"@id\":\"https:\\\/\\\/jornaldasoficinas.com\\\/pt\\\/#\\\/schema\\\/person\\\/a38eef5de2c41d9e7c9ac10141afddf3\",\"name\":\"Reda\u00e7\u00e3o JO\",\"image\":{\"@type\":\"ImageObject\",\"inLanguage\":\"pt-PT\",\"@id\":\"https:\\\/\\\/secure.gravatar.com\\\/avatar\\\/71f2fa71737ad68a84fea94bc708ddac8ea5b0c4788dc2ad202f3ccb2887742f?s=96&d=wp_user_avatar&r=g\",\"url\":\"https:\\\/\\\/secure.gravatar.com\\\/avatar\\\/71f2fa71737ad68a84fea94bc708ddac8ea5b0c4788dc2ad202f3ccb2887742f?s=96&d=wp_user_avatar&r=g\",\"contentUrl\":\"https:\\\/\\\/secure.gravatar.com\\\/avatar\\\/71f2fa71737ad68a84fea94bc708ddac8ea5b0c4788dc2ad202f3ccb2887742f?s=96&d=wp_user_avatar&r=g\",\"caption\":\"Reda\u00e7\u00e3o JO\"},\"url\":\"https:\\\/\\\/jornaldasoficinas.com\\\/pt\\\/author\\\/joredacao\\\/\"}]}<\/script>\n<!-- \/ Yoast SEO plugin. -->","yoast_head_json":{"title":"Ve\u00edculos BYD conquistam portugueses no primeiro semestre de 2023 - Jornal das Oficinas","description":"A BYD atingiu 1,25 milh\u00f5es de vendas globais de ve\u00edculos movidos a novas energias no primeiro semestre de 2023","robots":{"index":"index","follow":"follow","max-snippet":"max-snippet:-1","max-image-preview":"max-image-preview:large","max-video-preview":"max-video-preview:-1"},"canonical":"https:\/\/jornaldasoficinas.com\/pt\/veiculos-byd-conquistam-portugueses-no-primeiro-semestre-de-2023\/","og_locale":"pt_PT","og_type":"article","og_title":"Ve\u00edculos BYD conquistam portugueses no primeiro semestre de 2023 - Jornal das Oficinas","og_description":"A BYD atingiu 1,25 milh\u00f5es de vendas globais de ve\u00edculos movidos a novas energias no primeiro semestre de 2023","og_url":"https:\/\/jornaldasoficinas.com\/pt\/veiculos-byd-conquistam-portugueses-no-primeiro-semestre-de-2023\/","og_site_name":"Jornal das Oficinas","article_publisher":"https:\/\/www.facebook.com\/jornaloficinas","article_published_time":"2023-07-24T17:30:57+00:00","og_image":[{"width":1024,"height":581,"url":"https:\/\/jornaldasoficinas.com\/pt\/wp-content\/uploads\/2023\/07\/Veiculos-BYD-conquistam-portugueses-no-primeiro-semestre-de-2023.png","type":"image\/png"}],"author":"Reda\u00e7\u00e3o JO","twitter_card":"summary_large_image","twitter_creator":"@jornaloficinas","twitter_site":"@jornaloficinas","twitter_misc":{"Escrito por":"Reda\u00e7\u00e3o JO","Tempo estimado de leitura":"3 minutos"},"schema":{"@context":"https:\/\/schema.org","@graph":[{"@type":"Article","@id":"https:\/\/jornaldasoficinas.com\/pt\/veiculos-byd-conquistam-portugueses-no-primeiro-semestre-de-2023\/#article","isPartOf":{"@id":"https:\/\/jornaldasoficinas.com\/pt\/veiculos-byd-conquistam-portugueses-no-primeiro-semestre-de-2023\/"},"author":{"name":"Reda\u00e7\u00e3o JO","@id":"https:\/\/jornaldasoficinas.com\/pt\/#\/schema\/person\/a38eef5de2c41d9e7c9ac10141afddf3"},"headline":"Ve\u00edculos BYD conquistam portugueses no primeiro semestre de 2023","datePublished":"2023-07-24T17:30:57+00:00","mainEntityOfPage":{"@id":"https:\/\/jornaldasoficinas.com\/pt\/veiculos-byd-conquistam-portugueses-no-primeiro-semestre-de-2023\/"},"wordCount":418,"publisher":{"@id":"https:\/\/jornaldasoficinas.com\/pt\/#organization"},"image":{"@id":"https:\/\/jornaldasoficinas.com\/pt\/veiculos-byd-conquistam-portugueses-no-primeiro-semestre-de-2023\/#primaryimage"},"thumbnailUrl":"https:\/\/jornaldasoficinas.com\/pt\/wp-content\/uploads\/2023\/07\/Veiculos-BYD-conquistam-portugueses-no-primeiro-semestre-de-2023.png","keywords":["BEV","Mobilidade el\u00e9trica","PHEV","Ve\u00edculos BYD","Ve\u00edculos el\u00e9tricos"],"articleSection":["Mercado"],"inLanguage":"pt-PT"},{"@type":"WebPage","@id":"https:\/\/jornaldasoficinas.com\/pt\/veiculos-byd-conquistam-portugueses-no-primeiro-semestre-de-2023\/","url":"https:\/\/jornaldasoficinas.com\/pt\/veiculos-byd-conquistam-portugueses-no-primeiro-semestre-de-2023\/","name":"Ve\u00edculos BYD conquistam portugueses no primeiro semestre de 2023 - Jornal das Oficinas","isPartOf":{"@id":"https:\/\/jornaldasoficinas.com\/pt\/#website"},"primaryImageOfPage":{"@id":"https:\/\/jornaldasoficinas.com\/pt\/veiculos-byd-conquistam-portugueses-no-primeiro-semestre-de-2023\/#primaryimage"},"image":{"@id":"https:\/\/jornaldasoficinas.com\/pt\/veiculos-byd-conquistam-portugueses-no-primeiro-semestre-de-2023\/#primaryimage"},"thumbnailUrl":"https:\/\/jornaldasoficinas.com\/pt\/wp-content\/uploads\/2023\/07\/Veiculos-BYD-conquistam-portugueses-no-primeiro-semestre-de-2023.png","datePublished":"2023-07-24T17:30:57+00:00","description":"A BYD atingiu 1,25 milh\u00f5es de vendas globais de ve\u00edculos movidos a novas energias no primeiro semestre de 2023","breadcrumb":{"@id":"https:\/\/jornaldasoficinas.com\/pt\/veiculos-byd-conquistam-portugueses-no-primeiro-semestre-de-2023\/#breadcrumb"},"inLanguage":"pt-PT","potentialAction":[{"@type":"ReadAction","target":["https:\/\/jornaldasoficinas.com\/pt\/veiculos-byd-conquistam-portugueses-no-primeiro-semestre-de-2023\/"]}]},{"@type":"ImageObject","inLanguage":"pt-PT","@id":"https:\/\/jornaldasoficinas.com\/pt\/veiculos-byd-conquistam-portugueses-no-primeiro-semestre-de-2023\/#primaryimage","url":"https:\/\/jornaldasoficinas.com\/pt\/wp-content\/uploads\/2023\/07\/Veiculos-BYD-conquistam-portugueses-no-primeiro-semestre-de-2023.png","contentUrl":"https:\/\/jornaldasoficinas.com\/pt\/wp-content\/uploads\/2023\/07\/Veiculos-BYD-conquistam-portugueses-no-primeiro-semestre-de-2023.png","width":1024,"height":581,"caption":"07 - Veiculos BYD conquistam portugueses no primeiro semestre de 2023"},{"@type":"BreadcrumbList","@id":"https:\/\/jornaldasoficinas.com\/pt\/veiculos-byd-conquistam-portugueses-no-primeiro-semestre-de-2023\/#breadcrumb","itemListElement":[{"@type":"ListItem","position":1,"name":"In\u00edcio","item":"https:\/\/jornaldasoficinas.com\/pt\/"},{"@type":"ListItem","position":2,"name":"Ve\u00edculos BYD conquistam portugueses no primeiro semestre de 2023"}]},{"@type":"WebSite","@id":"https:\/\/jornaldasoficinas.com\/pt\/#website","url":"https:\/\/jornaldasoficinas.com\/pt\/","name":"Jornal das Oficinas","description":"Jornal independente do Aftermarket Autom\u00f3vel em Portugal","publisher":{"@id":"https:\/\/jornaldasoficinas.com\/pt\/#organization"},"potentialAction":[{"@type":"SearchAction","target":{"@type":"EntryPoint","urlTemplate":"https:\/\/jornaldasoficinas.com\/pt\/?s={search_term_string}"},"query-input":{"@type":"PropertyValueSpecification","valueRequired":true,"valueName":"search_term_string"}}],"inLanguage":"pt-PT"},{"@type":"Organization","@id":"https:\/\/jornaldasoficinas.com\/pt\/#organization","name":"Jornal das Oficinas","url":"https:\/\/jornaldasoficinas.com\/pt\/","logo":{"@type":"ImageObject","inLanguage":"pt-PT","@id":"https:\/\/jornaldasoficinas.com\/pt\/#\/schema\/logo\/image\/","url":"https:\/\/jornaldasoficinas.com\/pt\/wp-content\/uploads\/logoJO-SEO.png","contentUrl":"https:\/\/jornaldasoficinas.com\/pt\/wp-content\/uploads\/logoJO-SEO.png","width":285,"height":450,"caption":"Jornal das Oficinas"},"image":{"@id":"https:\/\/jornaldasoficinas.com\/pt\/#\/schema\/logo\/image\/"},"sameAs":["https:\/\/www.facebook.com\/jornaloficinas","https:\/\/x.com\/jornaloficinas","https:\/\/www.instagram.com\/jornal_oficinas\/","https:\/\/www.linkedin.com\/company\/jornal-das-oficinas\/","https:\/\/www.youtube.com\/channel\/UCbQZBqtcvV-oSQrr7RzINGg"]},{"@type":"Person","@id":"https:\/\/jornaldasoficinas.com\/pt\/#\/schema\/person\/a38eef5de2c41d9e7c9ac10141afddf3","name":"Reda\u00e7\u00e3o JO","image":{"@type":"ImageObject","inLanguage":"pt-PT","@id":"https:\/\/secure.gravatar.com\/avatar\/71f2fa71737ad68a84fea94bc708ddac8ea5b0c4788dc2ad202f3ccb2887742f?s=96&d=wp_user_avatar&r=g","url":"https:\/\/secure.gravatar.com\/avatar\/71f2fa71737ad68a84fea94bc708ddac8ea5b0c4788dc2ad202f3ccb2887742f?s=96&d=wp_user_avatar&r=g","contentUrl":"https:\/\/secure.gravatar.com\/avatar\/71f2fa71737ad68a84fea94bc708ddac8ea5b0c4788dc2ad202f3ccb2887742f?s=96&d=wp_user_avatar&r=g","caption":"Reda\u00e7\u00e3o JO"},"url":"https:\/\/jornaldasoficinas.com\/pt\/author\/joredacao\/"}]}},"_links":{"self":[{"href":"https:\/\/jornaldasoficinas.com\/pt\/wp-json\/wp\/v2\/posts\/70133","targetHints":{"allow":["GET"]}}],"collection":[{"href":"https:\/\/jornaldasoficinas.com\/pt\/wp-json\/wp\/v2\/posts"}],"about":[{"href":"https:\/\/jornaldasoficinas.com\/pt\/wp-json\/wp\/v2\/types\/post"}],"author":[{"embeddable":true,"href":"https:\/\/jornaldasoficinas.com\/pt\/wp-json\/wp\/v2\/users\/15"}],"replies":[{"embeddable":true,"href":"https:\/\/jornaldasoficinas.com\/pt\/wp-json\/wp\/v2\/comments?post=70133"}],"version-history":[{"count":0,"href":"https:\/\/jornaldasoficinas.com\/pt\/wp-json\/wp\/v2\/posts\/70133\/revisions"}],"wp:featuredmedia":[{"embeddable":true,"href":"https:\/\/jornaldasoficinas.com\/pt\/wp-json\/wp\/v2\/media\/70123"}],"wp:attachment":[{"href":"https:\/\/jornaldasoficinas.com\/pt\/wp-json\/wp\/v2\/media?parent=70133"}],"wp:term":[{"taxonomy":"category","embeddable":true,"href":"https:\/\/jornaldasoficinas.com\/pt\/wp-json\/wp\/v2\/categories?post=70133"},{"taxonomy":"post_tag","embeddable":true,"href":"https:\/\/jornaldasoficinas.com\/pt\/wp-json\/wp\/v2\/tags?post=70133"}],"curies":[{"name":"wp","href":"https:\/\/api.w.org\/{rel}","templated":true}]}}