{"id":70238,"date":"2023-07-27T10:00:50","date_gmt":"2023-07-27T09:00:50","guid":{"rendered":"https:\/\/jornaldasoficinas.com\/pt\/?p=70238"},"modified":"2023-08-08T19:28:31","modified_gmt":"2023-08-08T18:28:31","slug":"kroftools-apresenta-modulos-armario-de-oficina","status":"publish","type":"post","link":"https:\/\/jornaldasoficinas.com\/pt\/kroftools-apresenta-modulos-armario-de-oficina\/","title":{"rendered":"KROFtools apresenta m\u00f3dulos arm\u00e1rio de oficina"},"content":{"rendered":"<p><img loading=\"lazy\" decoding=\"async\" class=\"alignnone size-full wp-image-70239\" src=\"https:\/\/jornaldasoficinas.com\/pt\/wp-content\/uploads\/2023\/07\/Kroftools.jpg\" alt=\"07 - Kroftools\" width=\"1024\" height=\"581\" srcset=\"https:\/\/jornaldasoficinas.com\/pt\/wp-content\/uploads\/2023\/07\/Kroftools.jpg 1024w, https:\/\/jornaldasoficinas.com\/pt\/wp-content\/uploads\/2023\/07\/Kroftools-300x170.jpg 300w, https:\/\/jornaldasoficinas.com\/pt\/wp-content\/uploads\/2023\/07\/Kroftools-150x85.jpg 150w, https:\/\/jornaldasoficinas.com\/pt\/wp-content\/uploads\/2023\/07\/Kroftools-768x436.jpg 768w\" sizes=\"auto, (max-width: 1024px) 100vw, 1024px\" \/><\/p>\n<p><strong>O cat\u00e1logo da <a href=\"http:\/\/KROFtools\" target=\"_blank\" rel=\"noopener\">KROFtools<\/a> est\u00e1 em constante adapta\u00e7\u00e3o, consoante s\u00e3o adicionados novos produtos \u00e0 gama, amplia as categorias presentes no cat\u00e1logo<\/strong><\/p>\n<p>Disponibilizando desta forma o total de 19 categorias que contemplam os mais variados produtos e equipamentos, desde bits, chaves de caixa, produtos de merchandising, roupa de trabalho e os mais aprimorados equipamentos de garagem. A adi\u00e7\u00e3o de novos produtos representa a diversifica\u00e7\u00e3o do leque de oferta de ferramentas e equipamentos sempre com o foco no melhoramento constante, em que disp\u00f5e atualmente de mais de 2.500 refer\u00eancias.<\/p>\n<p>O lan\u00e7amento de novos produtos \u00e9 uma pr\u00e1tica recorrente da marca, pois vai lan\u00e7ando v\u00e1rios ao longo do ano, e a par disso, tamb\u00e9m aprimora os modelos j\u00e1 existentes. Este ano optou por criar um suplemento \u00e0 parte do cat\u00e1logo para que quem procura consiga facilmente identificar as novidades.<\/p>\n<p>A mais recente novidade da KROFtools, que neste caso s\u00e3o v\u00e1rias novidades, pois juntas formam um arm\u00e1rio de oficina totalmente adaptado para as necessidades das oficinas. Entre m\u00f3dulos de arm\u00e1rios, gavetas pain\u00e9is perfurados as oficinas conseguem centrar e trabalhar com muito mais rigor.<\/p>\n","protected":false},"excerpt":{"rendered":"<p>O cat\u00e1logo da KROFtools est\u00e1 em&#8230;<\/p>\n","protected":false},"author":15,"featured_media":70239,"comment_status":"closed","ping_status":"closed","sticky":false,"template":"","format":"standard","meta":{"footnotes":""},"categories":[6],"tags":[5960,42,2771],"class_list":["post-70238","post","type-post","status-publish","format-standard","has-post-thumbnail","hentry","category-equipamentos","tag-armario-de-oficina","tag-kroftools","tag-novos-produtos"],"yoast_head":"<!-- This site is optimized with the Yoast SEO plugin v27.5 - https:\/\/yoast.com\/product\/yoast-seo-wordpress\/ -->\n<title>KROFtools apresenta m\u00f3dulos arm\u00e1rio de oficina - Jornal das Oficinas<\/title>\n<meta name=\"description\" content=\"O cat\u00e1logo da KROFtools est\u00e1 em constante adapta\u00e7\u00e3o, consoante s\u00e3o adicionados novos produtos, amplia as categorias presentes no cat\u00e1logo\" \/>\n<meta name=\"robots\" content=\"index, follow, max-snippet:-1, max-image-preview:large, max-video-preview:-1\" \/>\n<link rel=\"canonical\" href=\"https:\/\/jornaldasoficinas.com\/pt\/kroftools-apresenta-modulos-armario-de-oficina\/\" \/>\n<meta property=\"og:locale\" content=\"pt_PT\" \/>\n<meta property=\"og:type\" content=\"article\" \/>\n<meta property=\"og:title\" content=\"KROFtools apresenta m\u00f3dulos arm\u00e1rio de oficina - Jornal das Oficinas\" \/>\n<meta property=\"og:description\" content=\"O cat\u00e1logo da KROFtools est\u00e1 em constante adapta\u00e7\u00e3o, consoante s\u00e3o adicionados novos produtos, amplia as categorias presentes no cat\u00e1logo\" \/>\n<meta property=\"og:url\" content=\"https:\/\/jornaldasoficinas.com\/pt\/kroftools-apresenta-modulos-armario-de-oficina\/\" \/>\n<meta property=\"og:site_name\" content=\"Jornal das Oficinas\" \/>\n<meta property=\"article:publisher\" content=\"https:\/\/www.facebook.com\/jornaloficinas\" \/>\n<meta property=\"article:published_time\" content=\"2023-07-27T09:00:50+00:00\" \/>\n<meta property=\"article:modified_time\" content=\"2023-08-08T18:28:31+00:00\" \/>\n<meta property=\"og:image\" content=\"https:\/\/jornaldasoficinas.com\/pt\/wp-content\/uploads\/2023\/07\/Kroftools.jpg\" \/>\n\t<meta property=\"og:image:width\" content=\"1024\" \/>\n\t<meta property=\"og:image:height\" content=\"581\" \/>\n\t<meta property=\"og:image:type\" content=\"image\/jpeg\" \/>\n<meta name=\"author\" content=\"Reda\u00e7\u00e3o JO\" \/>\n<meta name=\"twitter:card\" content=\"summary_large_image\" \/>\n<meta name=\"twitter:creator\" content=\"@jornaloficinas\" \/>\n<meta name=\"twitter:site\" content=\"@jornaloficinas\" \/>\n<meta name=\"twitter:label1\" content=\"Escrito por\" \/>\n\t<meta name=\"twitter:data1\" content=\"Reda\u00e7\u00e3o JO\" \/>\n\t<meta name=\"twitter:label2\" content=\"Tempo estimado de leitura\" \/>\n\t<meta name=\"twitter:data2\" content=\"2 minutos\" \/>\n<script type=\"application\/ld+json\" class=\"yoast-schema-graph\">{\"@context\":\"https:\\\/\\\/schema.org\",\"@graph\":[{\"@type\":\"Article\",\"@id\":\"https:\\\/\\\/jornaldasoficinas.com\\\/pt\\\/kroftools-apresenta-modulos-armario-de-oficina\\\/#article\",\"isPartOf\":{\"@id\":\"https:\\\/\\\/jornaldasoficinas.com\\\/pt\\\/kroftools-apresenta-modulos-armario-de-oficina\\\/\"},\"author\":{\"name\":\"Reda\u00e7\u00e3o JO\",\"@id\":\"https:\\\/\\\/jornaldasoficinas.com\\\/pt\\\/#\\\/schema\\\/person\\\/a38eef5de2c41d9e7c9ac10141afddf3\"},\"headline\":\"KROFtools apresenta m\u00f3dulos arm\u00e1rio de oficina\",\"datePublished\":\"2023-07-27T09:00:50+00:00\",\"dateModified\":\"2023-08-08T18:28:31+00:00\",\"mainEntityOfPage\":{\"@id\":\"https:\\\/\\\/jornaldasoficinas.com\\\/pt\\\/kroftools-apresenta-modulos-armario-de-oficina\\\/\"},\"wordCount\":202,\"publisher\":{\"@id\":\"https:\\\/\\\/jornaldasoficinas.com\\\/pt\\\/#organization\"},\"image\":{\"@id\":\"https:\\\/\\\/jornaldasoficinas.com\\\/pt\\\/kroftools-apresenta-modulos-armario-de-oficina\\\/#primaryimage\"},\"thumbnailUrl\":\"https:\\\/\\\/jornaldasoficinas.com\\\/pt\\\/wp-content\\\/uploads\\\/2023\\\/07\\\/Kroftools.jpg\",\"keywords\":[\"Arm\u00e1rio de oficina\",\"KROFtools\",\"novos produtos\"],\"articleSection\":[\"Equipamentos\"],\"inLanguage\":\"pt-PT\"},{\"@type\":\"WebPage\",\"@id\":\"https:\\\/\\\/jornaldasoficinas.com\\\/pt\\\/kroftools-apresenta-modulos-armario-de-oficina\\\/\",\"url\":\"https:\\\/\\\/jornaldasoficinas.com\\\/pt\\\/kroftools-apresenta-modulos-armario-de-oficina\\\/\",\"name\":\"KROFtools apresenta m\u00f3dulos arm\u00e1rio de oficina - Jornal das Oficinas\",\"isPartOf\":{\"@id\":\"https:\\\/\\\/jornaldasoficinas.com\\\/pt\\\/#website\"},\"primaryImageOfPage\":{\"@id\":\"https:\\\/\\\/jornaldasoficinas.com\\\/pt\\\/kroftools-apresenta-modulos-armario-de-oficina\\\/#primaryimage\"},\"image\":{\"@id\":\"https:\\\/\\\/jornaldasoficinas.com\\\/pt\\\/kroftools-apresenta-modulos-armario-de-oficina\\\/#primaryimage\"},\"thumbnailUrl\":\"https:\\\/\\\/jornaldasoficinas.com\\\/pt\\\/wp-content\\\/uploads\\\/2023\\\/07\\\/Kroftools.jpg\",\"datePublished\":\"2023-07-27T09:00:50+00:00\",\"dateModified\":\"2023-08-08T18:28:31+00:00\",\"description\":\"O cat\u00e1logo da KROFtools est\u00e1 em constante adapta\u00e7\u00e3o, consoante s\u00e3o adicionados novos produtos, amplia as categorias presentes no cat\u00e1logo\",\"breadcrumb\":{\"@id\":\"https:\\\/\\\/jornaldasoficinas.com\\\/pt\\\/kroftools-apresenta-modulos-armario-de-oficina\\\/#breadcrumb\"},\"inLanguage\":\"pt-PT\",\"potentialAction\":[{\"@type\":\"ReadAction\",\"target\":[\"https:\\\/\\\/jornaldasoficinas.com\\\/pt\\\/kroftools-apresenta-modulos-armario-de-oficina\\\/\"]}]},{\"@type\":\"ImageObject\",\"inLanguage\":\"pt-PT\",\"@id\":\"https:\\\/\\\/jornaldasoficinas.com\\\/pt\\\/kroftools-apresenta-modulos-armario-de-oficina\\\/#primaryimage\",\"url\":\"https:\\\/\\\/jornaldasoficinas.com\\\/pt\\\/wp-content\\\/uploads\\\/2023\\\/07\\\/Kroftools.jpg\",\"contentUrl\":\"https:\\\/\\\/jornaldasoficinas.com\\\/pt\\\/wp-content\\\/uploads\\\/2023\\\/07\\\/Kroftools.jpg\",\"width\":1024,\"height\":581,\"caption\":\"07 - Kroftools\"},{\"@type\":\"BreadcrumbList\",\"@id\":\"https:\\\/\\\/jornaldasoficinas.com\\\/pt\\\/kroftools-apresenta-modulos-armario-de-oficina\\\/#breadcrumb\",\"itemListElement\":[{\"@type\":\"ListItem\",\"position\":1,\"name\":\"In\u00edcio\",\"item\":\"https:\\\/\\\/jornaldasoficinas.com\\\/pt\\\/\"},{\"@type\":\"ListItem\",\"position\":2,\"name\":\"KROFtools apresenta m\u00f3dulos arm\u00e1rio de oficina\"}]},{\"@type\":\"WebSite\",\"@id\":\"https:\\\/\\\/jornaldasoficinas.com\\\/pt\\\/#website\",\"url\":\"https:\\\/\\\/jornaldasoficinas.com\\\/pt\\\/\",\"name\":\"Jornal das Oficinas\",\"description\":\"Jornal independente do Aftermarket Autom\u00f3vel em Portugal\",\"publisher\":{\"@id\":\"https:\\\/\\\/jornaldasoficinas.com\\\/pt\\\/#organization\"},\"potentialAction\":[{\"@type\":\"SearchAction\",\"target\":{\"@type\":\"EntryPoint\",\"urlTemplate\":\"https:\\\/\\\/jornaldasoficinas.com\\\/pt\\\/?s={search_term_string}\"},\"query-input\":{\"@type\":\"PropertyValueSpecification\",\"valueRequired\":true,\"valueName\":\"search_term_string\"}}],\"inLanguage\":\"pt-PT\"},{\"@type\":\"Organization\",\"@id\":\"https:\\\/\\\/jornaldasoficinas.com\\\/pt\\\/#organization\",\"name\":\"Jornal das Oficinas\",\"url\":\"https:\\\/\\\/jornaldasoficinas.com\\\/pt\\\/\",\"logo\":{\"@type\":\"ImageObject\",\"inLanguage\":\"pt-PT\",\"@id\":\"https:\\\/\\\/jornaldasoficinas.com\\\/pt\\\/#\\\/schema\\\/logo\\\/image\\\/\",\"url\":\"https:\\\/\\\/jornaldasoficinas.com\\\/pt\\\/wp-content\\\/uploads\\\/logoJO-SEO.png\",\"contentUrl\":\"https:\\\/\\\/jornaldasoficinas.com\\\/pt\\\/wp-content\\\/uploads\\\/logoJO-SEO.png\",\"width\":285,\"height\":450,\"caption\":\"Jornal das Oficinas\"},\"image\":{\"@id\":\"https:\\\/\\\/jornaldasoficinas.com\\\/pt\\\/#\\\/schema\\\/logo\\\/image\\\/\"},\"sameAs\":[\"https:\\\/\\\/www.facebook.com\\\/jornaloficinas\",\"https:\\\/\\\/x.com\\\/jornaloficinas\",\"https:\\\/\\\/www.instagram.com\\\/jornal_oficinas\\\/\",\"https:\\\/\\\/www.linkedin.com\\\/company\\\/jornal-das-oficinas\\\/\",\"https:\\\/\\\/www.youtube.com\\\/channel\\\/UCbQZBqtcvV-oSQrr7RzINGg\"]},{\"@type\":\"Person\",\"@id\":\"https:\\\/\\\/jornaldasoficinas.com\\\/pt\\\/#\\\/schema\\\/person\\\/a38eef5de2c41d9e7c9ac10141afddf3\",\"name\":\"Reda\u00e7\u00e3o JO\",\"image\":{\"@type\":\"ImageObject\",\"inLanguage\":\"pt-PT\",\"@id\":\"https:\\\/\\\/secure.gravatar.com\\\/avatar\\\/71f2fa71737ad68a84fea94bc708ddac8ea5b0c4788dc2ad202f3ccb2887742f?s=96&d=wp_user_avatar&r=g\",\"url\":\"https:\\\/\\\/secure.gravatar.com\\\/avatar\\\/71f2fa71737ad68a84fea94bc708ddac8ea5b0c4788dc2ad202f3ccb2887742f?s=96&d=wp_user_avatar&r=g\",\"contentUrl\":\"https:\\\/\\\/secure.gravatar.com\\\/avatar\\\/71f2fa71737ad68a84fea94bc708ddac8ea5b0c4788dc2ad202f3ccb2887742f?s=96&d=wp_user_avatar&r=g\",\"caption\":\"Reda\u00e7\u00e3o JO\"},\"url\":\"https:\\\/\\\/jornaldasoficinas.com\\\/pt\\\/author\\\/joredacao\\\/\"}]}<\/script>\n<!-- \/ Yoast SEO plugin. -->","yoast_head_json":{"title":"KROFtools apresenta m\u00f3dulos arm\u00e1rio de oficina - Jornal das Oficinas","description":"O cat\u00e1logo da KROFtools est\u00e1 em constante adapta\u00e7\u00e3o, consoante s\u00e3o adicionados novos produtos, amplia as categorias presentes no cat\u00e1logo","robots":{"index":"index","follow":"follow","max-snippet":"max-snippet:-1","max-image-preview":"max-image-preview:large","max-video-preview":"max-video-preview:-1"},"canonical":"https:\/\/jornaldasoficinas.com\/pt\/kroftools-apresenta-modulos-armario-de-oficina\/","og_locale":"pt_PT","og_type":"article","og_title":"KROFtools apresenta m\u00f3dulos arm\u00e1rio de oficina - Jornal das Oficinas","og_description":"O cat\u00e1logo da KROFtools est\u00e1 em constante adapta\u00e7\u00e3o, consoante s\u00e3o adicionados novos produtos, amplia as categorias presentes no cat\u00e1logo","og_url":"https:\/\/jornaldasoficinas.com\/pt\/kroftools-apresenta-modulos-armario-de-oficina\/","og_site_name":"Jornal das Oficinas","article_publisher":"https:\/\/www.facebook.com\/jornaloficinas","article_published_time":"2023-07-27T09:00:50+00:00","article_modified_time":"2023-08-08T18:28:31+00:00","og_image":[{"width":1024,"height":581,"url":"https:\/\/jornaldasoficinas.com\/pt\/wp-content\/uploads\/2023\/07\/Kroftools.jpg","type":"image\/jpeg"}],"author":"Reda\u00e7\u00e3o JO","twitter_card":"summary_large_image","twitter_creator":"@jornaloficinas","twitter_site":"@jornaloficinas","twitter_misc":{"Escrito por":"Reda\u00e7\u00e3o JO","Tempo estimado de leitura":"2 minutos"},"schema":{"@context":"https:\/\/schema.org","@graph":[{"@type":"Article","@id":"https:\/\/jornaldasoficinas.com\/pt\/kroftools-apresenta-modulos-armario-de-oficina\/#article","isPartOf":{"@id":"https:\/\/jornaldasoficinas.com\/pt\/kroftools-apresenta-modulos-armario-de-oficina\/"},"author":{"name":"Reda\u00e7\u00e3o JO","@id":"https:\/\/jornaldasoficinas.com\/pt\/#\/schema\/person\/a38eef5de2c41d9e7c9ac10141afddf3"},"headline":"KROFtools apresenta m\u00f3dulos arm\u00e1rio de oficina","datePublished":"2023-07-27T09:00:50+00:00","dateModified":"2023-08-08T18:28:31+00:00","mainEntityOfPage":{"@id":"https:\/\/jornaldasoficinas.com\/pt\/kroftools-apresenta-modulos-armario-de-oficina\/"},"wordCount":202,"publisher":{"@id":"https:\/\/jornaldasoficinas.com\/pt\/#organization"},"image":{"@id":"https:\/\/jornaldasoficinas.com\/pt\/kroftools-apresenta-modulos-armario-de-oficina\/#primaryimage"},"thumbnailUrl":"https:\/\/jornaldasoficinas.com\/pt\/wp-content\/uploads\/2023\/07\/Kroftools.jpg","keywords":["Arm\u00e1rio de oficina","KROFtools","novos produtos"],"articleSection":["Equipamentos"],"inLanguage":"pt-PT"},{"@type":"WebPage","@id":"https:\/\/jornaldasoficinas.com\/pt\/kroftools-apresenta-modulos-armario-de-oficina\/","url":"https:\/\/jornaldasoficinas.com\/pt\/kroftools-apresenta-modulos-armario-de-oficina\/","name":"KROFtools apresenta m\u00f3dulos arm\u00e1rio de oficina - Jornal das Oficinas","isPartOf":{"@id":"https:\/\/jornaldasoficinas.com\/pt\/#website"},"primaryImageOfPage":{"@id":"https:\/\/jornaldasoficinas.com\/pt\/kroftools-apresenta-modulos-armario-de-oficina\/#primaryimage"},"image":{"@id":"https:\/\/jornaldasoficinas.com\/pt\/kroftools-apresenta-modulos-armario-de-oficina\/#primaryimage"},"thumbnailUrl":"https:\/\/jornaldasoficinas.com\/pt\/wp-content\/uploads\/2023\/07\/Kroftools.jpg","datePublished":"2023-07-27T09:00:50+00:00","dateModified":"2023-08-08T18:28:31+00:00","description":"O cat\u00e1logo da KROFtools est\u00e1 em constante adapta\u00e7\u00e3o, consoante s\u00e3o adicionados novos produtos, amplia as categorias presentes no cat\u00e1logo","breadcrumb":{"@id":"https:\/\/jornaldasoficinas.com\/pt\/kroftools-apresenta-modulos-armario-de-oficina\/#breadcrumb"},"inLanguage":"pt-PT","potentialAction":[{"@type":"ReadAction","target":["https:\/\/jornaldasoficinas.com\/pt\/kroftools-apresenta-modulos-armario-de-oficina\/"]}]},{"@type":"ImageObject","inLanguage":"pt-PT","@id":"https:\/\/jornaldasoficinas.com\/pt\/kroftools-apresenta-modulos-armario-de-oficina\/#primaryimage","url":"https:\/\/jornaldasoficinas.com\/pt\/wp-content\/uploads\/2023\/07\/Kroftools.jpg","contentUrl":"https:\/\/jornaldasoficinas.com\/pt\/wp-content\/uploads\/2023\/07\/Kroftools.jpg","width":1024,"height":581,"caption":"07 - Kroftools"},{"@type":"BreadcrumbList","@id":"https:\/\/jornaldasoficinas.com\/pt\/kroftools-apresenta-modulos-armario-de-oficina\/#breadcrumb","itemListElement":[{"@type":"ListItem","position":1,"name":"In\u00edcio","item":"https:\/\/jornaldasoficinas.com\/pt\/"},{"@type":"ListItem","position":2,"name":"KROFtools apresenta m\u00f3dulos arm\u00e1rio de oficina"}]},{"@type":"WebSite","@id":"https:\/\/jornaldasoficinas.com\/pt\/#website","url":"https:\/\/jornaldasoficinas.com\/pt\/","name":"Jornal das Oficinas","description":"Jornal independente do Aftermarket Autom\u00f3vel em Portugal","publisher":{"@id":"https:\/\/jornaldasoficinas.com\/pt\/#organization"},"potentialAction":[{"@type":"SearchAction","target":{"@type":"EntryPoint","urlTemplate":"https:\/\/jornaldasoficinas.com\/pt\/?s={search_term_string}"},"query-input":{"@type":"PropertyValueSpecification","valueRequired":true,"valueName":"search_term_string"}}],"inLanguage":"pt-PT"},{"@type":"Organization","@id":"https:\/\/jornaldasoficinas.com\/pt\/#organization","name":"Jornal das Oficinas","url":"https:\/\/jornaldasoficinas.com\/pt\/","logo":{"@type":"ImageObject","inLanguage":"pt-PT","@id":"https:\/\/jornaldasoficinas.com\/pt\/#\/schema\/logo\/image\/","url":"https:\/\/jornaldasoficinas.com\/pt\/wp-content\/uploads\/logoJO-SEO.png","contentUrl":"https:\/\/jornaldasoficinas.com\/pt\/wp-content\/uploads\/logoJO-SEO.png","width":285,"height":450,"caption":"Jornal das Oficinas"},"image":{"@id":"https:\/\/jornaldasoficinas.com\/pt\/#\/schema\/logo\/image\/"},"sameAs":["https:\/\/www.facebook.com\/jornaloficinas","https:\/\/x.com\/jornaloficinas","https:\/\/www.instagram.com\/jornal_oficinas\/","https:\/\/www.linkedin.com\/company\/jornal-das-oficinas\/","https:\/\/www.youtube.com\/channel\/UCbQZBqtcvV-oSQrr7RzINGg"]},{"@type":"Person","@id":"https:\/\/jornaldasoficinas.com\/pt\/#\/schema\/person\/a38eef5de2c41d9e7c9ac10141afddf3","name":"Reda\u00e7\u00e3o JO","image":{"@type":"ImageObject","inLanguage":"pt-PT","@id":"https:\/\/secure.gravatar.com\/avatar\/71f2fa71737ad68a84fea94bc708ddac8ea5b0c4788dc2ad202f3ccb2887742f?s=96&d=wp_user_avatar&r=g","url":"https:\/\/secure.gravatar.com\/avatar\/71f2fa71737ad68a84fea94bc708ddac8ea5b0c4788dc2ad202f3ccb2887742f?s=96&d=wp_user_avatar&r=g","contentUrl":"https:\/\/secure.gravatar.com\/avatar\/71f2fa71737ad68a84fea94bc708ddac8ea5b0c4788dc2ad202f3ccb2887742f?s=96&d=wp_user_avatar&r=g","caption":"Reda\u00e7\u00e3o JO"},"url":"https:\/\/jornaldasoficinas.com\/pt\/author\/joredacao\/"}]}},"_links":{"self":[{"href":"https:\/\/jornaldasoficinas.com\/pt\/wp-json\/wp\/v2\/posts\/70238","targetHints":{"allow":["GET"]}}],"collection":[{"href":"https:\/\/jornaldasoficinas.com\/pt\/wp-json\/wp\/v2\/posts"}],"about":[{"href":"https:\/\/jornaldasoficinas.com\/pt\/wp-json\/wp\/v2\/types\/post"}],"author":[{"embeddable":true,"href":"https:\/\/jornaldasoficinas.com\/pt\/wp-json\/wp\/v2\/users\/15"}],"replies":[{"embeddable":true,"href":"https:\/\/jornaldasoficinas.com\/pt\/wp-json\/wp\/v2\/comments?post=70238"}],"version-history":[{"count":0,"href":"https:\/\/jornaldasoficinas.com\/pt\/wp-json\/wp\/v2\/posts\/70238\/revisions"}],"wp:featuredmedia":[{"embeddable":true,"href":"https:\/\/jornaldasoficinas.com\/pt\/wp-json\/wp\/v2\/media\/70239"}],"wp:attachment":[{"href":"https:\/\/jornaldasoficinas.com\/pt\/wp-json\/wp\/v2\/media?parent=70238"}],"wp:term":[{"taxonomy":"category","embeddable":true,"href":"https:\/\/jornaldasoficinas.com\/pt\/wp-json\/wp\/v2\/categories?post=70238"},{"taxonomy":"post_tag","embeddable":true,"href":"https:\/\/jornaldasoficinas.com\/pt\/wp-json\/wp\/v2\/tags?post=70238"}],"curies":[{"name":"wp","href":"https:\/\/api.w.org\/{rel}","templated":true}]}}