{"id":70414,"date":"2023-07-31T14:00:13","date_gmt":"2023-07-31T13:00:13","guid":{"rendered":"https:\/\/jornaldasoficinas.com\/pt\/?p=70414"},"modified":"2023-07-31T10:09:29","modified_gmt":"2023-07-31T09:09:29","slug":"akzonobel-lanca-rede-de-reparacao-sustentavel","status":"publish","type":"post","link":"https:\/\/jornaldasoficinas.com\/pt\/akzonobel-lanca-rede-de-reparacao-sustentavel\/","title":{"rendered":"AkzoNobel lan\u00e7a Rede de Repara\u00e7\u00e3o Sustent\u00e1vel"},"content":{"rendered":"<p><img loading=\"lazy\" decoding=\"async\" class=\"alignnone size-full wp-image-70398\" src=\"https:\/\/jornaldasoficinas.com\/pt\/wp-content\/uploads\/2023\/07\/AkzoNobel-lanca-Rede-de-Reparacao-Sustentavel.png\" alt=\"07 - AkzoNobel lanca Rede de Reparacao Sustentavel\" width=\"1024\" height=\"581\" srcset=\"https:\/\/jornaldasoficinas.com\/pt\/wp-content\/uploads\/2023\/07\/AkzoNobel-lanca-Rede-de-Reparacao-Sustentavel.png 1024w, https:\/\/jornaldasoficinas.com\/pt\/wp-content\/uploads\/2023\/07\/AkzoNobel-lanca-Rede-de-Reparacao-Sustentavel-300x170.png 300w, https:\/\/jornaldasoficinas.com\/pt\/wp-content\/uploads\/2023\/07\/AkzoNobel-lanca-Rede-de-Reparacao-Sustentavel-150x85.png 150w, https:\/\/jornaldasoficinas.com\/pt\/wp-content\/uploads\/2023\/07\/AkzoNobel-lanca-Rede-de-Reparacao-Sustentavel-768x436.png 768w\" sizes=\"auto, (max-width: 1024px) 100vw, 1024px\" \/><\/p>\n<p><strong>A <a href=\"https:\/\/www.akzonobel.com\/\" target=\"_blank\" rel=\"noopener\">AkzoNobel<\/a> acaba de lan\u00e7ar na Europa, uma Rede de Repara\u00e7\u00e3o Sustent\u00e1vel. Um programa para ajudar as oficinas a reduzir sua pegada de CO2. Ao certificar as opera\u00e7\u00f5es das oficinas dos seu clientes, eles s\u00e3o capazes de medir, rastrear e melhorar suas emiss\u00f5es de CO2<\/strong><\/p>\n<p>Em linha com o objetivo de reduzir as emiss\u00f5es de CO2 em 50% at\u00e9 2030, a AkzoNobel vai ajudar as oficinas de repara\u00e7\u00e3o a medir, monitorizar e melhorar as emiss\u00f5es de di\u00f3xido de carbono num novo programa de parceria conhecido como Rede de Repara\u00e7\u00e3o Sustent\u00e1vel. No \u00e2mbito do programa, a empresa fornecer\u00e1 ferramentas, conhecimentos, apoio e experi\u00eancia do seu neg\u00f3cio de revestimentos de retoque de ve\u00edculos, num esfor\u00e7o para reduzir a pegada de carbono das oficinas de repara\u00e7\u00e3o.<\/p>\n<p>Empregando um processo de tr\u00eas etapas &#8211; medir, monitorizar e melhorar &#8211; o programa de certifica\u00e7\u00e3o analisar\u00e1 a pegada de CO2 de uma oficina de repara\u00e7\u00e3o, identificar\u00e1 as medidas que podem ser tomadas para reduzir as emiss\u00f5es em todas as suas opera\u00e7\u00f5es e estabelecer\u00e1 uma parceria com a oficina para apoiar a execu\u00e7\u00e3o dos processos.<\/p>\n<p>A AkzoNobel afirma ter desenvolvido ferramentas especificamente para este fim, fornecendo informa\u00e7\u00f5es sobre a pegada de CO2 das oficinas, convertendo o consumo de g\u00e1s, o consumo de eletricidade, os quil\u00f3metros percorridos e todos os par\u00e2metros relevantes dos \u00e2mbitos 1, 2 e 3 em equivalentes de CO2, de acordo com os mais recentes fatores de emiss\u00e3o. Isto permite \u00e0s oficinas definir objetivos, calcular o efeito das medidas de mitiga\u00e7\u00e3o de emiss\u00f5es e monitorizar o progresso.<\/p>\n<p>Para conseguir uma repara\u00e7\u00e3o sustent\u00e1vel, todas as etapas do processo de repara\u00e7\u00e3o e o funcionamento geral da oficina s\u00e3o avaliados para identificar onde as emiss\u00f5es s\u00e3o criadas e como podem ser reduzidas. Isto pode incluir altera\u00e7\u00f5es no equipamento, nos processos e na escolha de produtos. A empresa afirma que \u00e9 fundamental para qualquer recomenda\u00e7\u00e3o uma compreens\u00e3o hol\u00edstica da base de refer\u00eancia de uma oficina de carro\u00e7aria.<\/p>\n<p>Ignacio Roman Navarro, Diretor Comercial Regional da AkzoNobel para a EMEA, afirmou que a nova iniciativa ajuda a alinhar os objetivos de sustentabilidade da AkzoNobel com os dos seus clientes.<\/p>\n<p>&#8220;Todos n\u00f3s na cadeia de valor, incluindo os OEMs e as companhias de seguros, estamos focados na sustentabilidade, e vamos atingir os nossos objetivos criando verdadeiras parcerias com ambi\u00e7\u00f5es partilhadas.<\/p>\n<p>&#8220;Ao aderirem \u00e0 nova Rede de Repara\u00e7\u00e3o Sustent\u00e1vel e ao tornarem-se parceiros, os nossos clientes estar\u00e3o a criar e a promover um local de trabalho mais sustent\u00e1vel que trar\u00e1 benef\u00edcios financeiros e ambientais genu\u00ednos para todos&#8221;, afirmou.<\/p>\n<p>A AkzoNobel planeia lan\u00e7ar o programa nos pr\u00f3ximos meses nos principais mercados da Europa Central.<\/p>\n","protected":false},"excerpt":{"rendered":"<p>A AkzoNobel acaba de lan\u00e7ar na&#8230;<\/p>\n","protected":false},"author":15,"featured_media":70398,"comment_status":"closed","ping_status":"closed","sticky":false,"template":"","format":"standard","meta":{"footnotes":""},"categories":[29],"tags":[115,5988,5987],"class_list":["post-70414","post","type-post","status-publish","format-standard","has-post-thumbnail","hentry","category-empresas","tag-akzonobel","tag-lanca-rede","tag-reparacao-sustentavel"],"yoast_head":"<!-- This site is optimized with the Yoast SEO plugin v27.4 - https:\/\/yoast.com\/product\/yoast-seo-wordpress\/ -->\n<title>AkzoNobel lan\u00e7a Rede de Repara\u00e7\u00e3o Sustent\u00e1vel - Jornal das Oficinas<\/title>\n<meta name=\"description\" content=\"A AkzoNobel acaba de lan\u00e7ar na Europa, uma Rede de Repara\u00e7\u00e3o Sustent\u00e1vel. Um programa para ajudar as oficinas a reduzir sua pegada de CO2\" \/>\n<meta name=\"robots\" content=\"index, follow, max-snippet:-1, max-image-preview:large, max-video-preview:-1\" \/>\n<link rel=\"canonical\" href=\"https:\/\/jornaldasoficinas.com\/pt\/akzonobel-lanca-rede-de-reparacao-sustentavel\/\" \/>\n<meta property=\"og:locale\" content=\"pt_PT\" \/>\n<meta property=\"og:type\" content=\"article\" \/>\n<meta property=\"og:title\" content=\"AkzoNobel lan\u00e7a Rede de Repara\u00e7\u00e3o Sustent\u00e1vel - Jornal das Oficinas\" \/>\n<meta property=\"og:description\" content=\"A AkzoNobel acaba de lan\u00e7ar na Europa, uma Rede de Repara\u00e7\u00e3o Sustent\u00e1vel. Um programa para ajudar as oficinas a reduzir sua pegada de CO2\" \/>\n<meta property=\"og:url\" content=\"https:\/\/jornaldasoficinas.com\/pt\/akzonobel-lanca-rede-de-reparacao-sustentavel\/\" \/>\n<meta property=\"og:site_name\" content=\"Jornal das Oficinas\" \/>\n<meta property=\"article:publisher\" content=\"https:\/\/www.facebook.com\/jornaloficinas\" \/>\n<meta property=\"article:published_time\" content=\"2023-07-31T13:00:13+00:00\" \/>\n<meta property=\"og:image\" content=\"https:\/\/jornaldasoficinas.com\/pt\/wp-content\/uploads\/2023\/07\/AkzoNobel-lanca-Rede-de-Reparacao-Sustentavel.png\" \/>\n\t<meta property=\"og:image:width\" content=\"1024\" \/>\n\t<meta property=\"og:image:height\" content=\"581\" \/>\n\t<meta property=\"og:image:type\" content=\"image\/png\" \/>\n<meta name=\"author\" content=\"Reda\u00e7\u00e3o JO\" \/>\n<meta name=\"twitter:card\" content=\"summary_large_image\" \/>\n<meta name=\"twitter:creator\" content=\"@jornaloficinas\" \/>\n<meta name=\"twitter:site\" content=\"@jornaloficinas\" \/>\n<meta name=\"twitter:label1\" content=\"Escrito por\" \/>\n\t<meta name=\"twitter:data1\" content=\"Reda\u00e7\u00e3o JO\" \/>\n\t<meta name=\"twitter:label2\" content=\"Tempo estimado de leitura\" \/>\n\t<meta name=\"twitter:data2\" content=\"3 minutos\" \/>\n<script type=\"application\/ld+json\" class=\"yoast-schema-graph\">{\"@context\":\"https:\\\/\\\/schema.org\",\"@graph\":[{\"@type\":\"Article\",\"@id\":\"https:\\\/\\\/jornaldasoficinas.com\\\/pt\\\/akzonobel-lanca-rede-de-reparacao-sustentavel\\\/#article\",\"isPartOf\":{\"@id\":\"https:\\\/\\\/jornaldasoficinas.com\\\/pt\\\/akzonobel-lanca-rede-de-reparacao-sustentavel\\\/\"},\"author\":{\"name\":\"Reda\u00e7\u00e3o JO\",\"@id\":\"https:\\\/\\\/jornaldasoficinas.com\\\/pt\\\/#\\\/schema\\\/person\\\/a38eef5de2c41d9e7c9ac10141afddf3\"},\"headline\":\"AkzoNobel lan\u00e7a Rede de Repara\u00e7\u00e3o Sustent\u00e1vel\",\"datePublished\":\"2023-07-31T13:00:13+00:00\",\"mainEntityOfPage\":{\"@id\":\"https:\\\/\\\/jornaldasoficinas.com\\\/pt\\\/akzonobel-lanca-rede-de-reparacao-sustentavel\\\/\"},\"wordCount\":484,\"publisher\":{\"@id\":\"https:\\\/\\\/jornaldasoficinas.com\\\/pt\\\/#organization\"},\"image\":{\"@id\":\"https:\\\/\\\/jornaldasoficinas.com\\\/pt\\\/akzonobel-lanca-rede-de-reparacao-sustentavel\\\/#primaryimage\"},\"thumbnailUrl\":\"https:\\\/\\\/jornaldasoficinas.com\\\/pt\\\/wp-content\\\/uploads\\\/2023\\\/07\\\/AkzoNobel-lanca-Rede-de-Reparacao-Sustentavel.png\",\"keywords\":[\"AkzoNobel\",\"Lan\u00e7a rede\",\"Repara\u00e7\u00e3o Sustent\u00e1vel\"],\"articleSection\":[\"Empresas\"],\"inLanguage\":\"pt-PT\"},{\"@type\":\"WebPage\",\"@id\":\"https:\\\/\\\/jornaldasoficinas.com\\\/pt\\\/akzonobel-lanca-rede-de-reparacao-sustentavel\\\/\",\"url\":\"https:\\\/\\\/jornaldasoficinas.com\\\/pt\\\/akzonobel-lanca-rede-de-reparacao-sustentavel\\\/\",\"name\":\"AkzoNobel lan\u00e7a Rede de Repara\u00e7\u00e3o Sustent\u00e1vel - Jornal das Oficinas\",\"isPartOf\":{\"@id\":\"https:\\\/\\\/jornaldasoficinas.com\\\/pt\\\/#website\"},\"primaryImageOfPage\":{\"@id\":\"https:\\\/\\\/jornaldasoficinas.com\\\/pt\\\/akzonobel-lanca-rede-de-reparacao-sustentavel\\\/#primaryimage\"},\"image\":{\"@id\":\"https:\\\/\\\/jornaldasoficinas.com\\\/pt\\\/akzonobel-lanca-rede-de-reparacao-sustentavel\\\/#primaryimage\"},\"thumbnailUrl\":\"https:\\\/\\\/jornaldasoficinas.com\\\/pt\\\/wp-content\\\/uploads\\\/2023\\\/07\\\/AkzoNobel-lanca-Rede-de-Reparacao-Sustentavel.png\",\"datePublished\":\"2023-07-31T13:00:13+00:00\",\"description\":\"A AkzoNobel acaba de lan\u00e7ar na Europa, uma Rede de Repara\u00e7\u00e3o Sustent\u00e1vel. Um programa para ajudar as oficinas a reduzir sua pegada de CO2\",\"breadcrumb\":{\"@id\":\"https:\\\/\\\/jornaldasoficinas.com\\\/pt\\\/akzonobel-lanca-rede-de-reparacao-sustentavel\\\/#breadcrumb\"},\"inLanguage\":\"pt-PT\",\"potentialAction\":[{\"@type\":\"ReadAction\",\"target\":[\"https:\\\/\\\/jornaldasoficinas.com\\\/pt\\\/akzonobel-lanca-rede-de-reparacao-sustentavel\\\/\"]}]},{\"@type\":\"ImageObject\",\"inLanguage\":\"pt-PT\",\"@id\":\"https:\\\/\\\/jornaldasoficinas.com\\\/pt\\\/akzonobel-lanca-rede-de-reparacao-sustentavel\\\/#primaryimage\",\"url\":\"https:\\\/\\\/jornaldasoficinas.com\\\/pt\\\/wp-content\\\/uploads\\\/2023\\\/07\\\/AkzoNobel-lanca-Rede-de-Reparacao-Sustentavel.png\",\"contentUrl\":\"https:\\\/\\\/jornaldasoficinas.com\\\/pt\\\/wp-content\\\/uploads\\\/2023\\\/07\\\/AkzoNobel-lanca-Rede-de-Reparacao-Sustentavel.png\",\"width\":1024,\"height\":581,\"caption\":\"07 - AkzoNobel lanca Rede de Reparacao Sustentavel\"},{\"@type\":\"BreadcrumbList\",\"@id\":\"https:\\\/\\\/jornaldasoficinas.com\\\/pt\\\/akzonobel-lanca-rede-de-reparacao-sustentavel\\\/#breadcrumb\",\"itemListElement\":[{\"@type\":\"ListItem\",\"position\":1,\"name\":\"In\u00edcio\",\"item\":\"https:\\\/\\\/jornaldasoficinas.com\\\/pt\\\/\"},{\"@type\":\"ListItem\",\"position\":2,\"name\":\"AkzoNobel lan\u00e7a Rede de Repara\u00e7\u00e3o Sustent\u00e1vel\"}]},{\"@type\":\"WebSite\",\"@id\":\"https:\\\/\\\/jornaldasoficinas.com\\\/pt\\\/#website\",\"url\":\"https:\\\/\\\/jornaldasoficinas.com\\\/pt\\\/\",\"name\":\"Jornal das Oficinas\",\"description\":\"Jornal independente do Aftermarket Autom\u00f3vel em Portugal\",\"publisher\":{\"@id\":\"https:\\\/\\\/jornaldasoficinas.com\\\/pt\\\/#organization\"},\"potentialAction\":[{\"@type\":\"SearchAction\",\"target\":{\"@type\":\"EntryPoint\",\"urlTemplate\":\"https:\\\/\\\/jornaldasoficinas.com\\\/pt\\\/?s={search_term_string}\"},\"query-input\":{\"@type\":\"PropertyValueSpecification\",\"valueRequired\":true,\"valueName\":\"search_term_string\"}}],\"inLanguage\":\"pt-PT\"},{\"@type\":\"Organization\",\"@id\":\"https:\\\/\\\/jornaldasoficinas.com\\\/pt\\\/#organization\",\"name\":\"Jornal das Oficinas\",\"url\":\"https:\\\/\\\/jornaldasoficinas.com\\\/pt\\\/\",\"logo\":{\"@type\":\"ImageObject\",\"inLanguage\":\"pt-PT\",\"@id\":\"https:\\\/\\\/jornaldasoficinas.com\\\/pt\\\/#\\\/schema\\\/logo\\\/image\\\/\",\"url\":\"https:\\\/\\\/jornaldasoficinas.com\\\/pt\\\/wp-content\\\/uploads\\\/logoJO-SEO.png\",\"contentUrl\":\"https:\\\/\\\/jornaldasoficinas.com\\\/pt\\\/wp-content\\\/uploads\\\/logoJO-SEO.png\",\"width\":285,\"height\":450,\"caption\":\"Jornal das Oficinas\"},\"image\":{\"@id\":\"https:\\\/\\\/jornaldasoficinas.com\\\/pt\\\/#\\\/schema\\\/logo\\\/image\\\/\"},\"sameAs\":[\"https:\\\/\\\/www.facebook.com\\\/jornaloficinas\",\"https:\\\/\\\/x.com\\\/jornaloficinas\",\"https:\\\/\\\/www.instagram.com\\\/jornal_oficinas\\\/\",\"https:\\\/\\\/www.linkedin.com\\\/company\\\/jornal-das-oficinas\\\/\",\"https:\\\/\\\/www.youtube.com\\\/channel\\\/UCbQZBqtcvV-oSQrr7RzINGg\"]},{\"@type\":\"Person\",\"@id\":\"https:\\\/\\\/jornaldasoficinas.com\\\/pt\\\/#\\\/schema\\\/person\\\/a38eef5de2c41d9e7c9ac10141afddf3\",\"name\":\"Reda\u00e7\u00e3o JO\",\"image\":{\"@type\":\"ImageObject\",\"inLanguage\":\"pt-PT\",\"@id\":\"https:\\\/\\\/secure.gravatar.com\\\/avatar\\\/71f2fa71737ad68a84fea94bc708ddac8ea5b0c4788dc2ad202f3ccb2887742f?s=96&d=wp_user_avatar&r=g\",\"url\":\"https:\\\/\\\/secure.gravatar.com\\\/avatar\\\/71f2fa71737ad68a84fea94bc708ddac8ea5b0c4788dc2ad202f3ccb2887742f?s=96&d=wp_user_avatar&r=g\",\"contentUrl\":\"https:\\\/\\\/secure.gravatar.com\\\/avatar\\\/71f2fa71737ad68a84fea94bc708ddac8ea5b0c4788dc2ad202f3ccb2887742f?s=96&d=wp_user_avatar&r=g\",\"caption\":\"Reda\u00e7\u00e3o JO\"},\"url\":\"https:\\\/\\\/jornaldasoficinas.com\\\/pt\\\/author\\\/joredacao\\\/\"}]}<\/script>\n<!-- \/ Yoast SEO plugin. -->","yoast_head_json":{"title":"AkzoNobel lan\u00e7a Rede de Repara\u00e7\u00e3o Sustent\u00e1vel - Jornal das Oficinas","description":"A AkzoNobel acaba de lan\u00e7ar na Europa, uma Rede de Repara\u00e7\u00e3o Sustent\u00e1vel. Um programa para ajudar as oficinas a reduzir sua pegada de CO2","robots":{"index":"index","follow":"follow","max-snippet":"max-snippet:-1","max-image-preview":"max-image-preview:large","max-video-preview":"max-video-preview:-1"},"canonical":"https:\/\/jornaldasoficinas.com\/pt\/akzonobel-lanca-rede-de-reparacao-sustentavel\/","og_locale":"pt_PT","og_type":"article","og_title":"AkzoNobel lan\u00e7a Rede de Repara\u00e7\u00e3o Sustent\u00e1vel - Jornal das Oficinas","og_description":"A AkzoNobel acaba de lan\u00e7ar na Europa, uma Rede de Repara\u00e7\u00e3o Sustent\u00e1vel. Um programa para ajudar as oficinas a reduzir sua pegada de CO2","og_url":"https:\/\/jornaldasoficinas.com\/pt\/akzonobel-lanca-rede-de-reparacao-sustentavel\/","og_site_name":"Jornal das Oficinas","article_publisher":"https:\/\/www.facebook.com\/jornaloficinas","article_published_time":"2023-07-31T13:00:13+00:00","og_image":[{"width":1024,"height":581,"url":"https:\/\/jornaldasoficinas.com\/pt\/wp-content\/uploads\/2023\/07\/AkzoNobel-lanca-Rede-de-Reparacao-Sustentavel.png","type":"image\/png"}],"author":"Reda\u00e7\u00e3o JO","twitter_card":"summary_large_image","twitter_creator":"@jornaloficinas","twitter_site":"@jornaloficinas","twitter_misc":{"Escrito por":"Reda\u00e7\u00e3o JO","Tempo estimado de leitura":"3 minutos"},"schema":{"@context":"https:\/\/schema.org","@graph":[{"@type":"Article","@id":"https:\/\/jornaldasoficinas.com\/pt\/akzonobel-lanca-rede-de-reparacao-sustentavel\/#article","isPartOf":{"@id":"https:\/\/jornaldasoficinas.com\/pt\/akzonobel-lanca-rede-de-reparacao-sustentavel\/"},"author":{"name":"Reda\u00e7\u00e3o JO","@id":"https:\/\/jornaldasoficinas.com\/pt\/#\/schema\/person\/a38eef5de2c41d9e7c9ac10141afddf3"},"headline":"AkzoNobel lan\u00e7a Rede de Repara\u00e7\u00e3o Sustent\u00e1vel","datePublished":"2023-07-31T13:00:13+00:00","mainEntityOfPage":{"@id":"https:\/\/jornaldasoficinas.com\/pt\/akzonobel-lanca-rede-de-reparacao-sustentavel\/"},"wordCount":484,"publisher":{"@id":"https:\/\/jornaldasoficinas.com\/pt\/#organization"},"image":{"@id":"https:\/\/jornaldasoficinas.com\/pt\/akzonobel-lanca-rede-de-reparacao-sustentavel\/#primaryimage"},"thumbnailUrl":"https:\/\/jornaldasoficinas.com\/pt\/wp-content\/uploads\/2023\/07\/AkzoNobel-lanca-Rede-de-Reparacao-Sustentavel.png","keywords":["AkzoNobel","Lan\u00e7a rede","Repara\u00e7\u00e3o Sustent\u00e1vel"],"articleSection":["Empresas"],"inLanguage":"pt-PT"},{"@type":"WebPage","@id":"https:\/\/jornaldasoficinas.com\/pt\/akzonobel-lanca-rede-de-reparacao-sustentavel\/","url":"https:\/\/jornaldasoficinas.com\/pt\/akzonobel-lanca-rede-de-reparacao-sustentavel\/","name":"AkzoNobel lan\u00e7a Rede de Repara\u00e7\u00e3o Sustent\u00e1vel - Jornal das Oficinas","isPartOf":{"@id":"https:\/\/jornaldasoficinas.com\/pt\/#website"},"primaryImageOfPage":{"@id":"https:\/\/jornaldasoficinas.com\/pt\/akzonobel-lanca-rede-de-reparacao-sustentavel\/#primaryimage"},"image":{"@id":"https:\/\/jornaldasoficinas.com\/pt\/akzonobel-lanca-rede-de-reparacao-sustentavel\/#primaryimage"},"thumbnailUrl":"https:\/\/jornaldasoficinas.com\/pt\/wp-content\/uploads\/2023\/07\/AkzoNobel-lanca-Rede-de-Reparacao-Sustentavel.png","datePublished":"2023-07-31T13:00:13+00:00","description":"A AkzoNobel acaba de lan\u00e7ar na Europa, uma Rede de Repara\u00e7\u00e3o Sustent\u00e1vel. Um programa para ajudar as oficinas a reduzir sua pegada de CO2","breadcrumb":{"@id":"https:\/\/jornaldasoficinas.com\/pt\/akzonobel-lanca-rede-de-reparacao-sustentavel\/#breadcrumb"},"inLanguage":"pt-PT","potentialAction":[{"@type":"ReadAction","target":["https:\/\/jornaldasoficinas.com\/pt\/akzonobel-lanca-rede-de-reparacao-sustentavel\/"]}]},{"@type":"ImageObject","inLanguage":"pt-PT","@id":"https:\/\/jornaldasoficinas.com\/pt\/akzonobel-lanca-rede-de-reparacao-sustentavel\/#primaryimage","url":"https:\/\/jornaldasoficinas.com\/pt\/wp-content\/uploads\/2023\/07\/AkzoNobel-lanca-Rede-de-Reparacao-Sustentavel.png","contentUrl":"https:\/\/jornaldasoficinas.com\/pt\/wp-content\/uploads\/2023\/07\/AkzoNobel-lanca-Rede-de-Reparacao-Sustentavel.png","width":1024,"height":581,"caption":"07 - AkzoNobel lanca Rede de Reparacao Sustentavel"},{"@type":"BreadcrumbList","@id":"https:\/\/jornaldasoficinas.com\/pt\/akzonobel-lanca-rede-de-reparacao-sustentavel\/#breadcrumb","itemListElement":[{"@type":"ListItem","position":1,"name":"In\u00edcio","item":"https:\/\/jornaldasoficinas.com\/pt\/"},{"@type":"ListItem","position":2,"name":"AkzoNobel lan\u00e7a Rede de Repara\u00e7\u00e3o Sustent\u00e1vel"}]},{"@type":"WebSite","@id":"https:\/\/jornaldasoficinas.com\/pt\/#website","url":"https:\/\/jornaldasoficinas.com\/pt\/","name":"Jornal das Oficinas","description":"Jornal independente do Aftermarket Autom\u00f3vel em Portugal","publisher":{"@id":"https:\/\/jornaldasoficinas.com\/pt\/#organization"},"potentialAction":[{"@type":"SearchAction","target":{"@type":"EntryPoint","urlTemplate":"https:\/\/jornaldasoficinas.com\/pt\/?s={search_term_string}"},"query-input":{"@type":"PropertyValueSpecification","valueRequired":true,"valueName":"search_term_string"}}],"inLanguage":"pt-PT"},{"@type":"Organization","@id":"https:\/\/jornaldasoficinas.com\/pt\/#organization","name":"Jornal das Oficinas","url":"https:\/\/jornaldasoficinas.com\/pt\/","logo":{"@type":"ImageObject","inLanguage":"pt-PT","@id":"https:\/\/jornaldasoficinas.com\/pt\/#\/schema\/logo\/image\/","url":"https:\/\/jornaldasoficinas.com\/pt\/wp-content\/uploads\/logoJO-SEO.png","contentUrl":"https:\/\/jornaldasoficinas.com\/pt\/wp-content\/uploads\/logoJO-SEO.png","width":285,"height":450,"caption":"Jornal das Oficinas"},"image":{"@id":"https:\/\/jornaldasoficinas.com\/pt\/#\/schema\/logo\/image\/"},"sameAs":["https:\/\/www.facebook.com\/jornaloficinas","https:\/\/x.com\/jornaloficinas","https:\/\/www.instagram.com\/jornal_oficinas\/","https:\/\/www.linkedin.com\/company\/jornal-das-oficinas\/","https:\/\/www.youtube.com\/channel\/UCbQZBqtcvV-oSQrr7RzINGg"]},{"@type":"Person","@id":"https:\/\/jornaldasoficinas.com\/pt\/#\/schema\/person\/a38eef5de2c41d9e7c9ac10141afddf3","name":"Reda\u00e7\u00e3o JO","image":{"@type":"ImageObject","inLanguage":"pt-PT","@id":"https:\/\/secure.gravatar.com\/avatar\/71f2fa71737ad68a84fea94bc708ddac8ea5b0c4788dc2ad202f3ccb2887742f?s=96&d=wp_user_avatar&r=g","url":"https:\/\/secure.gravatar.com\/avatar\/71f2fa71737ad68a84fea94bc708ddac8ea5b0c4788dc2ad202f3ccb2887742f?s=96&d=wp_user_avatar&r=g","contentUrl":"https:\/\/secure.gravatar.com\/avatar\/71f2fa71737ad68a84fea94bc708ddac8ea5b0c4788dc2ad202f3ccb2887742f?s=96&d=wp_user_avatar&r=g","caption":"Reda\u00e7\u00e3o JO"},"url":"https:\/\/jornaldasoficinas.com\/pt\/author\/joredacao\/"}]}},"_links":{"self":[{"href":"https:\/\/jornaldasoficinas.com\/pt\/wp-json\/wp\/v2\/posts\/70414","targetHints":{"allow":["GET"]}}],"collection":[{"href":"https:\/\/jornaldasoficinas.com\/pt\/wp-json\/wp\/v2\/posts"}],"about":[{"href":"https:\/\/jornaldasoficinas.com\/pt\/wp-json\/wp\/v2\/types\/post"}],"author":[{"embeddable":true,"href":"https:\/\/jornaldasoficinas.com\/pt\/wp-json\/wp\/v2\/users\/15"}],"replies":[{"embeddable":true,"href":"https:\/\/jornaldasoficinas.com\/pt\/wp-json\/wp\/v2\/comments?post=70414"}],"version-history":[{"count":0,"href":"https:\/\/jornaldasoficinas.com\/pt\/wp-json\/wp\/v2\/posts\/70414\/revisions"}],"wp:featuredmedia":[{"embeddable":true,"href":"https:\/\/jornaldasoficinas.com\/pt\/wp-json\/wp\/v2\/media\/70398"}],"wp:attachment":[{"href":"https:\/\/jornaldasoficinas.com\/pt\/wp-json\/wp\/v2\/media?parent=70414"}],"wp:term":[{"taxonomy":"category","embeddable":true,"href":"https:\/\/jornaldasoficinas.com\/pt\/wp-json\/wp\/v2\/categories?post=70414"},{"taxonomy":"post_tag","embeddable":true,"href":"https:\/\/jornaldasoficinas.com\/pt\/wp-json\/wp\/v2\/tags?post=70414"}],"curies":[{"name":"wp","href":"https:\/\/api.w.org\/{rel}","templated":true}]}}