{"id":70485,"date":"2023-08-02T12:30:05","date_gmt":"2023-08-02T11:30:05","guid":{"rendered":"https:\/\/jornaldasoficinas.com\/pt\/?p=70485"},"modified":"2023-08-01T12:26:33","modified_gmt":"2023-08-01T11:26:33","slug":"cetraa-estuda-mercado-de-pos-venda-automovel","status":"publish","type":"post","link":"https:\/\/jornaldasoficinas.com\/pt\/cetraa-estuda-mercado-de-pos-venda-automovel\/","title":{"rendered":"CETRAA estuda mercado de p\u00f3s-venda autom\u00f3vel"},"content":{"rendered":"<p><strong><img loading=\"lazy\" decoding=\"async\" class=\"alignnone size-full wp-image-70482\" src=\"https:\/\/jornaldasoficinas.com\/pt\/wp-content\/uploads\/2023\/08\/CETRAA-estuda-mercado-de-pos-venda-automovel-1.jpeg\" alt=\"08 - CETRAA estuda mercado de pos venda automovel 1\" width=\"1024\" height=\"581\" srcset=\"https:\/\/jornaldasoficinas.com\/pt\/wp-content\/uploads\/2023\/08\/CETRAA-estuda-mercado-de-pos-venda-automovel-1.jpeg 1024w, https:\/\/jornaldasoficinas.com\/pt\/wp-content\/uploads\/2023\/08\/CETRAA-estuda-mercado-de-pos-venda-automovel-1-300x170.jpeg 300w, https:\/\/jornaldasoficinas.com\/pt\/wp-content\/uploads\/2023\/08\/CETRAA-estuda-mercado-de-pos-venda-automovel-1-150x85.jpeg 150w, https:\/\/jornaldasoficinas.com\/pt\/wp-content\/uploads\/2023\/08\/CETRAA-estuda-mercado-de-pos-venda-automovel-1-768x436.jpeg 768w\" sizes=\"auto, (max-width: 1024px) 100vw, 1024px\" \/><\/strong><strong>\u00a0<\/strong><\/p>\n<p><strong>A Confedera\u00e7\u00e3o Espanhola de Oficinas, <a href=\"https:\/\/www.cetraa.com\/\" target=\"_blank\" rel=\"noopener\">CETRAA<\/a>, apresentou um estudo sobre a evolu\u00e7\u00e3o semestral do mercado de p\u00f3s-venda autom\u00f3vel, onde analisou o volume e valor de mercado e o pre\u00e7o m\u00e9dio da ordem de servi\u00e7o<\/strong><\/p>\n<p>Relativamente ao volume do mercado, medido no n\u00famero de encomendas realizadas, registou-se um crescimento muito ligeiro da atividade face ao semestre hom\u00f3logo, de apenas 0,3%, passando de 19.713.190 entradas em 2022 para 19.781.789 entradas em 2023. Por outro lado, registou-se um forte aumento do pre\u00e7o m\u00e9dio da encomenda, passando de 298,75\u20ac no primeiro semestre de 2022 para 323,71\u20ac no mesmo per\u00edodo deste ano, o que aumenta o valor do volume de neg\u00f3cios em mais de 8% ano-a-ano, em rela\u00e7\u00e3o ao mesmo semestre do ano anterior.<\/p>\n<p>As oficinas faturaram em 2022 o montante de 12.098 milh\u00f5es de euros, dos quais 5.889 milh\u00f5es correspondem ao primeiro semestre do ano, tendo passado para 6.403 milh\u00f5es de euros nos primeiros seis meses do corrente ano. Fontes da Confedera\u00e7\u00e3o apontam, como algumas das raz\u00f5es a ter em conta na justifica\u00e7\u00e3o deste aumento, o aumento da m\u00e3o-de-obra com base nas revis\u00f5es salariais previstas nos acordos coletivos e o aumento do pre\u00e7o das pe\u00e7as sobressalentes. \u201c\u00c9 importante destacar a tend\u00eancia de queda da atividade de funilaria, em contraste com o melhor comportamento da atividade de pneus\u201d, destacou Enrique Font\u00e1n, presidente da CETRAA, que acrescentou: \u201cem termos gerais, o volume de neg\u00f3cios est\u00e1 em n\u00edveis pr\u00e9-pandemia, este aumento ocorreu principalmente como um mecanismo de compensa\u00e7\u00e3o pelo aumento das despesas que t\u00eam de ser suportadas pelas oficinas\u201d.<\/p>\n<p>O universo de estudo para este ano, segundo estimativas de dados pr\u00f3prios e fontes oficiais, \u00e9 de 40.079 oficinas e \u00e9 composto por 137.070 profissionais. Uma amostra de quase 600 oficinas foi estudada e aproximadamente 250.000 ordens de servi\u00e7o foram analisadas.<\/p>\n","protected":false},"excerpt":{"rendered":"<p>\u00a0 A Confedera\u00e7\u00e3o Espanhola de Oficinas,&#8230;<\/p>\n","protected":false},"author":15,"featured_media":70482,"comment_status":"closed","ping_status":"closed","sticky":false,"template":"","format":"standard","meta":{"footnotes":""},"categories":[37],"tags":[1313,6003,3930],"class_list":["post-70485","post","type-post","status-publish","format-standard","has-post-thumbnail","hentry","category-mercado","tag-cetraa","tag-estudo-de-mercado","tag-pos-venda-automovel"],"yoast_head":"<!-- This site is optimized with the Yoast SEO plugin v27.5 - https:\/\/yoast.com\/product\/yoast-seo-wordpress\/ -->\n<title>CETRAA estuda mercado de p\u00f3s-venda autom\u00f3vel - Jornal das Oficinas<\/title>\n<meta name=\"description\" content=\"A Confedera\u00e7\u00e3o Espanhola de Oficinas, CETRAA, apresentou um estudo sobre a evolu\u00e7\u00e3o semestral do mercado de p\u00f3s-venda autom\u00f3vel\" \/>\n<meta name=\"robots\" content=\"index, follow, max-snippet:-1, max-image-preview:large, max-video-preview:-1\" \/>\n<link rel=\"canonical\" href=\"https:\/\/jornaldasoficinas.com\/pt\/cetraa-estuda-mercado-de-pos-venda-automovel\/\" \/>\n<meta property=\"og:locale\" content=\"pt_PT\" \/>\n<meta property=\"og:type\" content=\"article\" \/>\n<meta property=\"og:title\" content=\"CETRAA estuda mercado de p\u00f3s-venda autom\u00f3vel - Jornal das Oficinas\" \/>\n<meta property=\"og:description\" content=\"A Confedera\u00e7\u00e3o Espanhola de Oficinas, CETRAA, apresentou um estudo sobre a evolu\u00e7\u00e3o semestral do mercado de p\u00f3s-venda autom\u00f3vel\" \/>\n<meta property=\"og:url\" content=\"https:\/\/jornaldasoficinas.com\/pt\/cetraa-estuda-mercado-de-pos-venda-automovel\/\" \/>\n<meta property=\"og:site_name\" content=\"Jornal das Oficinas\" \/>\n<meta property=\"article:publisher\" content=\"https:\/\/www.facebook.com\/jornaloficinas\" \/>\n<meta property=\"article:published_time\" content=\"2023-08-02T11:30:05+00:00\" \/>\n<meta property=\"og:image\" content=\"https:\/\/jornaldasoficinas.com\/pt\/wp-content\/uploads\/2023\/08\/CETRAA-estuda-mercado-de-pos-venda-automovel-1.jpeg\" \/>\n\t<meta property=\"og:image:width\" content=\"1024\" \/>\n\t<meta property=\"og:image:height\" content=\"581\" \/>\n\t<meta property=\"og:image:type\" content=\"image\/jpeg\" \/>\n<meta name=\"author\" content=\"Reda\u00e7\u00e3o JO\" \/>\n<meta name=\"twitter:card\" content=\"summary_large_image\" \/>\n<meta name=\"twitter:creator\" content=\"@jornaloficinas\" \/>\n<meta name=\"twitter:site\" content=\"@jornaloficinas\" \/>\n<meta name=\"twitter:label1\" content=\"Escrito por\" \/>\n\t<meta name=\"twitter:data1\" content=\"Reda\u00e7\u00e3o JO\" \/>\n\t<meta name=\"twitter:label2\" content=\"Tempo estimado de leitura\" \/>\n\t<meta name=\"twitter:data2\" content=\"2 minutos\" \/>\n<script type=\"application\/ld+json\" class=\"yoast-schema-graph\">{\"@context\":\"https:\\\/\\\/schema.org\",\"@graph\":[{\"@type\":\"Article\",\"@id\":\"https:\\\/\\\/jornaldasoficinas.com\\\/pt\\\/cetraa-estuda-mercado-de-pos-venda-automovel\\\/#article\",\"isPartOf\":{\"@id\":\"https:\\\/\\\/jornaldasoficinas.com\\\/pt\\\/cetraa-estuda-mercado-de-pos-venda-automovel\\\/\"},\"author\":{\"name\":\"Reda\u00e7\u00e3o JO\",\"@id\":\"https:\\\/\\\/jornaldasoficinas.com\\\/pt\\\/#\\\/schema\\\/person\\\/a38eef5de2c41d9e7c9ac10141afddf3\"},\"headline\":\"CETRAA estuda mercado de p\u00f3s-venda autom\u00f3vel\",\"datePublished\":\"2023-08-02T11:30:05+00:00\",\"mainEntityOfPage\":{\"@id\":\"https:\\\/\\\/jornaldasoficinas.com\\\/pt\\\/cetraa-estuda-mercado-de-pos-venda-automovel\\\/\"},\"wordCount\":314,\"publisher\":{\"@id\":\"https:\\\/\\\/jornaldasoficinas.com\\\/pt\\\/#organization\"},\"image\":{\"@id\":\"https:\\\/\\\/jornaldasoficinas.com\\\/pt\\\/cetraa-estuda-mercado-de-pos-venda-automovel\\\/#primaryimage\"},\"thumbnailUrl\":\"https:\\\/\\\/jornaldasoficinas.com\\\/pt\\\/wp-content\\\/uploads\\\/2023\\\/08\\\/CETRAA-estuda-mercado-de-pos-venda-automovel-1.jpeg\",\"keywords\":[\"CETRAA\",\"Estudo de mercado\",\"p\u00f3s-venda autom\u00f3vel\"],\"articleSection\":[\"Mercado\"],\"inLanguage\":\"pt-PT\"},{\"@type\":\"WebPage\",\"@id\":\"https:\\\/\\\/jornaldasoficinas.com\\\/pt\\\/cetraa-estuda-mercado-de-pos-venda-automovel\\\/\",\"url\":\"https:\\\/\\\/jornaldasoficinas.com\\\/pt\\\/cetraa-estuda-mercado-de-pos-venda-automovel\\\/\",\"name\":\"CETRAA estuda mercado de p\u00f3s-venda autom\u00f3vel - Jornal das Oficinas\",\"isPartOf\":{\"@id\":\"https:\\\/\\\/jornaldasoficinas.com\\\/pt\\\/#website\"},\"primaryImageOfPage\":{\"@id\":\"https:\\\/\\\/jornaldasoficinas.com\\\/pt\\\/cetraa-estuda-mercado-de-pos-venda-automovel\\\/#primaryimage\"},\"image\":{\"@id\":\"https:\\\/\\\/jornaldasoficinas.com\\\/pt\\\/cetraa-estuda-mercado-de-pos-venda-automovel\\\/#primaryimage\"},\"thumbnailUrl\":\"https:\\\/\\\/jornaldasoficinas.com\\\/pt\\\/wp-content\\\/uploads\\\/2023\\\/08\\\/CETRAA-estuda-mercado-de-pos-venda-automovel-1.jpeg\",\"datePublished\":\"2023-08-02T11:30:05+00:00\",\"description\":\"A Confedera\u00e7\u00e3o Espanhola de Oficinas, CETRAA, apresentou um estudo sobre a evolu\u00e7\u00e3o semestral do mercado de p\u00f3s-venda autom\u00f3vel\",\"breadcrumb\":{\"@id\":\"https:\\\/\\\/jornaldasoficinas.com\\\/pt\\\/cetraa-estuda-mercado-de-pos-venda-automovel\\\/#breadcrumb\"},\"inLanguage\":\"pt-PT\",\"potentialAction\":[{\"@type\":\"ReadAction\",\"target\":[\"https:\\\/\\\/jornaldasoficinas.com\\\/pt\\\/cetraa-estuda-mercado-de-pos-venda-automovel\\\/\"]}]},{\"@type\":\"ImageObject\",\"inLanguage\":\"pt-PT\",\"@id\":\"https:\\\/\\\/jornaldasoficinas.com\\\/pt\\\/cetraa-estuda-mercado-de-pos-venda-automovel\\\/#primaryimage\",\"url\":\"https:\\\/\\\/jornaldasoficinas.com\\\/pt\\\/wp-content\\\/uploads\\\/2023\\\/08\\\/CETRAA-estuda-mercado-de-pos-venda-automovel-1.jpeg\",\"contentUrl\":\"https:\\\/\\\/jornaldasoficinas.com\\\/pt\\\/wp-content\\\/uploads\\\/2023\\\/08\\\/CETRAA-estuda-mercado-de-pos-venda-automovel-1.jpeg\",\"width\":1024,\"height\":581,\"caption\":\"08 - CETRAA estuda mercado de pos venda automovel 1\"},{\"@type\":\"BreadcrumbList\",\"@id\":\"https:\\\/\\\/jornaldasoficinas.com\\\/pt\\\/cetraa-estuda-mercado-de-pos-venda-automovel\\\/#breadcrumb\",\"itemListElement\":[{\"@type\":\"ListItem\",\"position\":1,\"name\":\"In\u00edcio\",\"item\":\"https:\\\/\\\/jornaldasoficinas.com\\\/pt\\\/\"},{\"@type\":\"ListItem\",\"position\":2,\"name\":\"CETRAA estuda mercado de p\u00f3s-venda autom\u00f3vel\"}]},{\"@type\":\"WebSite\",\"@id\":\"https:\\\/\\\/jornaldasoficinas.com\\\/pt\\\/#website\",\"url\":\"https:\\\/\\\/jornaldasoficinas.com\\\/pt\\\/\",\"name\":\"Jornal das Oficinas\",\"description\":\"Jornal independente do Aftermarket Autom\u00f3vel em Portugal\",\"publisher\":{\"@id\":\"https:\\\/\\\/jornaldasoficinas.com\\\/pt\\\/#organization\"},\"potentialAction\":[{\"@type\":\"SearchAction\",\"target\":{\"@type\":\"EntryPoint\",\"urlTemplate\":\"https:\\\/\\\/jornaldasoficinas.com\\\/pt\\\/?s={search_term_string}\"},\"query-input\":{\"@type\":\"PropertyValueSpecification\",\"valueRequired\":true,\"valueName\":\"search_term_string\"}}],\"inLanguage\":\"pt-PT\"},{\"@type\":\"Organization\",\"@id\":\"https:\\\/\\\/jornaldasoficinas.com\\\/pt\\\/#organization\",\"name\":\"Jornal das Oficinas\",\"url\":\"https:\\\/\\\/jornaldasoficinas.com\\\/pt\\\/\",\"logo\":{\"@type\":\"ImageObject\",\"inLanguage\":\"pt-PT\",\"@id\":\"https:\\\/\\\/jornaldasoficinas.com\\\/pt\\\/#\\\/schema\\\/logo\\\/image\\\/\",\"url\":\"https:\\\/\\\/jornaldasoficinas.com\\\/pt\\\/wp-content\\\/uploads\\\/logoJO-SEO.png\",\"contentUrl\":\"https:\\\/\\\/jornaldasoficinas.com\\\/pt\\\/wp-content\\\/uploads\\\/logoJO-SEO.png\",\"width\":285,\"height\":450,\"caption\":\"Jornal das Oficinas\"},\"image\":{\"@id\":\"https:\\\/\\\/jornaldasoficinas.com\\\/pt\\\/#\\\/schema\\\/logo\\\/image\\\/\"},\"sameAs\":[\"https:\\\/\\\/www.facebook.com\\\/jornaloficinas\",\"https:\\\/\\\/x.com\\\/jornaloficinas\",\"https:\\\/\\\/www.instagram.com\\\/jornal_oficinas\\\/\",\"https:\\\/\\\/www.linkedin.com\\\/company\\\/jornal-das-oficinas\\\/\",\"https:\\\/\\\/www.youtube.com\\\/channel\\\/UCbQZBqtcvV-oSQrr7RzINGg\"]},{\"@type\":\"Person\",\"@id\":\"https:\\\/\\\/jornaldasoficinas.com\\\/pt\\\/#\\\/schema\\\/person\\\/a38eef5de2c41d9e7c9ac10141afddf3\",\"name\":\"Reda\u00e7\u00e3o JO\",\"image\":{\"@type\":\"ImageObject\",\"inLanguage\":\"pt-PT\",\"@id\":\"https:\\\/\\\/secure.gravatar.com\\\/avatar\\\/71f2fa71737ad68a84fea94bc708ddac8ea5b0c4788dc2ad202f3ccb2887742f?s=96&d=wp_user_avatar&r=g\",\"url\":\"https:\\\/\\\/secure.gravatar.com\\\/avatar\\\/71f2fa71737ad68a84fea94bc708ddac8ea5b0c4788dc2ad202f3ccb2887742f?s=96&d=wp_user_avatar&r=g\",\"contentUrl\":\"https:\\\/\\\/secure.gravatar.com\\\/avatar\\\/71f2fa71737ad68a84fea94bc708ddac8ea5b0c4788dc2ad202f3ccb2887742f?s=96&d=wp_user_avatar&r=g\",\"caption\":\"Reda\u00e7\u00e3o JO\"},\"url\":\"https:\\\/\\\/jornaldasoficinas.com\\\/pt\\\/author\\\/joredacao\\\/\"}]}<\/script>\n<!-- \/ Yoast SEO plugin. -->","yoast_head_json":{"title":"CETRAA estuda mercado de p\u00f3s-venda autom\u00f3vel - Jornal das Oficinas","description":"A Confedera\u00e7\u00e3o Espanhola de Oficinas, CETRAA, apresentou um estudo sobre a evolu\u00e7\u00e3o semestral do mercado de p\u00f3s-venda autom\u00f3vel","robots":{"index":"index","follow":"follow","max-snippet":"max-snippet:-1","max-image-preview":"max-image-preview:large","max-video-preview":"max-video-preview:-1"},"canonical":"https:\/\/jornaldasoficinas.com\/pt\/cetraa-estuda-mercado-de-pos-venda-automovel\/","og_locale":"pt_PT","og_type":"article","og_title":"CETRAA estuda mercado de p\u00f3s-venda autom\u00f3vel - Jornal das Oficinas","og_description":"A Confedera\u00e7\u00e3o Espanhola de Oficinas, CETRAA, apresentou um estudo sobre a evolu\u00e7\u00e3o semestral do mercado de p\u00f3s-venda autom\u00f3vel","og_url":"https:\/\/jornaldasoficinas.com\/pt\/cetraa-estuda-mercado-de-pos-venda-automovel\/","og_site_name":"Jornal das Oficinas","article_publisher":"https:\/\/www.facebook.com\/jornaloficinas","article_published_time":"2023-08-02T11:30:05+00:00","og_image":[{"width":1024,"height":581,"url":"https:\/\/jornaldasoficinas.com\/pt\/wp-content\/uploads\/2023\/08\/CETRAA-estuda-mercado-de-pos-venda-automovel-1.jpeg","type":"image\/jpeg"}],"author":"Reda\u00e7\u00e3o JO","twitter_card":"summary_large_image","twitter_creator":"@jornaloficinas","twitter_site":"@jornaloficinas","twitter_misc":{"Escrito por":"Reda\u00e7\u00e3o JO","Tempo estimado de leitura":"2 minutos"},"schema":{"@context":"https:\/\/schema.org","@graph":[{"@type":"Article","@id":"https:\/\/jornaldasoficinas.com\/pt\/cetraa-estuda-mercado-de-pos-venda-automovel\/#article","isPartOf":{"@id":"https:\/\/jornaldasoficinas.com\/pt\/cetraa-estuda-mercado-de-pos-venda-automovel\/"},"author":{"name":"Reda\u00e7\u00e3o JO","@id":"https:\/\/jornaldasoficinas.com\/pt\/#\/schema\/person\/a38eef5de2c41d9e7c9ac10141afddf3"},"headline":"CETRAA estuda mercado de p\u00f3s-venda autom\u00f3vel","datePublished":"2023-08-02T11:30:05+00:00","mainEntityOfPage":{"@id":"https:\/\/jornaldasoficinas.com\/pt\/cetraa-estuda-mercado-de-pos-venda-automovel\/"},"wordCount":314,"publisher":{"@id":"https:\/\/jornaldasoficinas.com\/pt\/#organization"},"image":{"@id":"https:\/\/jornaldasoficinas.com\/pt\/cetraa-estuda-mercado-de-pos-venda-automovel\/#primaryimage"},"thumbnailUrl":"https:\/\/jornaldasoficinas.com\/pt\/wp-content\/uploads\/2023\/08\/CETRAA-estuda-mercado-de-pos-venda-automovel-1.jpeg","keywords":["CETRAA","Estudo de mercado","p\u00f3s-venda autom\u00f3vel"],"articleSection":["Mercado"],"inLanguage":"pt-PT"},{"@type":"WebPage","@id":"https:\/\/jornaldasoficinas.com\/pt\/cetraa-estuda-mercado-de-pos-venda-automovel\/","url":"https:\/\/jornaldasoficinas.com\/pt\/cetraa-estuda-mercado-de-pos-venda-automovel\/","name":"CETRAA estuda mercado de p\u00f3s-venda autom\u00f3vel - Jornal das Oficinas","isPartOf":{"@id":"https:\/\/jornaldasoficinas.com\/pt\/#website"},"primaryImageOfPage":{"@id":"https:\/\/jornaldasoficinas.com\/pt\/cetraa-estuda-mercado-de-pos-venda-automovel\/#primaryimage"},"image":{"@id":"https:\/\/jornaldasoficinas.com\/pt\/cetraa-estuda-mercado-de-pos-venda-automovel\/#primaryimage"},"thumbnailUrl":"https:\/\/jornaldasoficinas.com\/pt\/wp-content\/uploads\/2023\/08\/CETRAA-estuda-mercado-de-pos-venda-automovel-1.jpeg","datePublished":"2023-08-02T11:30:05+00:00","description":"A Confedera\u00e7\u00e3o Espanhola de Oficinas, CETRAA, apresentou um estudo sobre a evolu\u00e7\u00e3o semestral do mercado de p\u00f3s-venda autom\u00f3vel","breadcrumb":{"@id":"https:\/\/jornaldasoficinas.com\/pt\/cetraa-estuda-mercado-de-pos-venda-automovel\/#breadcrumb"},"inLanguage":"pt-PT","potentialAction":[{"@type":"ReadAction","target":["https:\/\/jornaldasoficinas.com\/pt\/cetraa-estuda-mercado-de-pos-venda-automovel\/"]}]},{"@type":"ImageObject","inLanguage":"pt-PT","@id":"https:\/\/jornaldasoficinas.com\/pt\/cetraa-estuda-mercado-de-pos-venda-automovel\/#primaryimage","url":"https:\/\/jornaldasoficinas.com\/pt\/wp-content\/uploads\/2023\/08\/CETRAA-estuda-mercado-de-pos-venda-automovel-1.jpeg","contentUrl":"https:\/\/jornaldasoficinas.com\/pt\/wp-content\/uploads\/2023\/08\/CETRAA-estuda-mercado-de-pos-venda-automovel-1.jpeg","width":1024,"height":581,"caption":"08 - CETRAA estuda mercado de pos venda automovel 1"},{"@type":"BreadcrumbList","@id":"https:\/\/jornaldasoficinas.com\/pt\/cetraa-estuda-mercado-de-pos-venda-automovel\/#breadcrumb","itemListElement":[{"@type":"ListItem","position":1,"name":"In\u00edcio","item":"https:\/\/jornaldasoficinas.com\/pt\/"},{"@type":"ListItem","position":2,"name":"CETRAA estuda mercado de p\u00f3s-venda autom\u00f3vel"}]},{"@type":"WebSite","@id":"https:\/\/jornaldasoficinas.com\/pt\/#website","url":"https:\/\/jornaldasoficinas.com\/pt\/","name":"Jornal das Oficinas","description":"Jornal independente do Aftermarket Autom\u00f3vel em Portugal","publisher":{"@id":"https:\/\/jornaldasoficinas.com\/pt\/#organization"},"potentialAction":[{"@type":"SearchAction","target":{"@type":"EntryPoint","urlTemplate":"https:\/\/jornaldasoficinas.com\/pt\/?s={search_term_string}"},"query-input":{"@type":"PropertyValueSpecification","valueRequired":true,"valueName":"search_term_string"}}],"inLanguage":"pt-PT"},{"@type":"Organization","@id":"https:\/\/jornaldasoficinas.com\/pt\/#organization","name":"Jornal das Oficinas","url":"https:\/\/jornaldasoficinas.com\/pt\/","logo":{"@type":"ImageObject","inLanguage":"pt-PT","@id":"https:\/\/jornaldasoficinas.com\/pt\/#\/schema\/logo\/image\/","url":"https:\/\/jornaldasoficinas.com\/pt\/wp-content\/uploads\/logoJO-SEO.png","contentUrl":"https:\/\/jornaldasoficinas.com\/pt\/wp-content\/uploads\/logoJO-SEO.png","width":285,"height":450,"caption":"Jornal das Oficinas"},"image":{"@id":"https:\/\/jornaldasoficinas.com\/pt\/#\/schema\/logo\/image\/"},"sameAs":["https:\/\/www.facebook.com\/jornaloficinas","https:\/\/x.com\/jornaloficinas","https:\/\/www.instagram.com\/jornal_oficinas\/","https:\/\/www.linkedin.com\/company\/jornal-das-oficinas\/","https:\/\/www.youtube.com\/channel\/UCbQZBqtcvV-oSQrr7RzINGg"]},{"@type":"Person","@id":"https:\/\/jornaldasoficinas.com\/pt\/#\/schema\/person\/a38eef5de2c41d9e7c9ac10141afddf3","name":"Reda\u00e7\u00e3o JO","image":{"@type":"ImageObject","inLanguage":"pt-PT","@id":"https:\/\/secure.gravatar.com\/avatar\/71f2fa71737ad68a84fea94bc708ddac8ea5b0c4788dc2ad202f3ccb2887742f?s=96&d=wp_user_avatar&r=g","url":"https:\/\/secure.gravatar.com\/avatar\/71f2fa71737ad68a84fea94bc708ddac8ea5b0c4788dc2ad202f3ccb2887742f?s=96&d=wp_user_avatar&r=g","contentUrl":"https:\/\/secure.gravatar.com\/avatar\/71f2fa71737ad68a84fea94bc708ddac8ea5b0c4788dc2ad202f3ccb2887742f?s=96&d=wp_user_avatar&r=g","caption":"Reda\u00e7\u00e3o JO"},"url":"https:\/\/jornaldasoficinas.com\/pt\/author\/joredacao\/"}]}},"_links":{"self":[{"href":"https:\/\/jornaldasoficinas.com\/pt\/wp-json\/wp\/v2\/posts\/70485","targetHints":{"allow":["GET"]}}],"collection":[{"href":"https:\/\/jornaldasoficinas.com\/pt\/wp-json\/wp\/v2\/posts"}],"about":[{"href":"https:\/\/jornaldasoficinas.com\/pt\/wp-json\/wp\/v2\/types\/post"}],"author":[{"embeddable":true,"href":"https:\/\/jornaldasoficinas.com\/pt\/wp-json\/wp\/v2\/users\/15"}],"replies":[{"embeddable":true,"href":"https:\/\/jornaldasoficinas.com\/pt\/wp-json\/wp\/v2\/comments?post=70485"}],"version-history":[{"count":0,"href":"https:\/\/jornaldasoficinas.com\/pt\/wp-json\/wp\/v2\/posts\/70485\/revisions"}],"wp:featuredmedia":[{"embeddable":true,"href":"https:\/\/jornaldasoficinas.com\/pt\/wp-json\/wp\/v2\/media\/70482"}],"wp:attachment":[{"href":"https:\/\/jornaldasoficinas.com\/pt\/wp-json\/wp\/v2\/media?parent=70485"}],"wp:term":[{"taxonomy":"category","embeddable":true,"href":"https:\/\/jornaldasoficinas.com\/pt\/wp-json\/wp\/v2\/categories?post=70485"},{"taxonomy":"post_tag","embeddable":true,"href":"https:\/\/jornaldasoficinas.com\/pt\/wp-json\/wp\/v2\/tags?post=70485"}],"curies":[{"name":"wp","href":"https:\/\/api.w.org\/{rel}","templated":true}]}}