{"id":70585,"date":"2023-08-04T14:00:33","date_gmt":"2023-08-04T13:00:33","guid":{"rendered":"https:\/\/jornaldasoficinas.com\/pt\/?p=70585"},"modified":"2023-08-03T16:50:15","modified_gmt":"2023-08-03T15:50:15","slug":"vendas-automoveis-em-portugal-desaceleram-em-julho","status":"publish","type":"post","link":"https:\/\/jornaldasoficinas.com\/pt\/vendas-automoveis-em-portugal-desaceleram-em-julho\/","title":{"rendered":"Vendas autom\u00f3veis em Portugal desaceleram em julho"},"content":{"rendered":"<p><img loading=\"lazy\" decoding=\"async\" class=\"alignnone size-full wp-image-70580\" src=\"https:\/\/jornaldasoficinas.com\/pt\/wp-content\/uploads\/2023\/08\/Vendas-automoveis-em-Portugal.jpg\" alt=\"08 - Vendas automoveis em Portugal\" width=\"1024\" height=\"581\" srcset=\"https:\/\/jornaldasoficinas.com\/pt\/wp-content\/uploads\/2023\/08\/Vendas-automoveis-em-Portugal.jpg 1024w, https:\/\/jornaldasoficinas.com\/pt\/wp-content\/uploads\/2023\/08\/Vendas-automoveis-em-Portugal-300x170.jpg 300w, https:\/\/jornaldasoficinas.com\/pt\/wp-content\/uploads\/2023\/08\/Vendas-automoveis-em-Portugal-150x85.jpg 150w, https:\/\/jornaldasoficinas.com\/pt\/wp-content\/uploads\/2023\/08\/Vendas-automoveis-em-Portugal-768x436.jpg 768w\" sizes=\"auto, (max-width: 1024px) 100vw, 1024px\" \/><\/p>\n<p><strong>O mercado autom\u00f3vel de ligeiros e pesados, no m\u00eas de julho de 2023, registou um crescimento de 9,9 por cento face a igual per\u00edodo do ano anterior, o que representou uma forte desacelera\u00e7\u00e3o relativamente ao crescimento m\u00e9dio de 45,4% que se verificou no primeiro semestre do ano. Apesar desta evolu\u00e7\u00e3o, o mercado, nos sete primeiros meses docorrente ano, encontra-se 15,7% abaixo do observado em igual per\u00edodo de 2019<\/strong><\/p>\n<p>Em julho de 2023 foram matriculados, em Portugal, 18.822 ve\u00edculos autom\u00f3veis, ou seja, menos 15,0 por cento que no mesmo m\u00eas de 2019, ou seja, que no \u00faltimo ano pr\u00e9-pandemia, mas mais 9,9 por cento quando comparado com o m\u00eas hom\u00f3logo de 2022.<\/p>\n<p>No per\u00edodo de janeiro a julho de 2023, foram colocados em circula\u00e7\u00e3o em Portugal 146.105 novos ve\u00edculos, o que representou uma diminui\u00e7\u00e3o de 15,7 por cento relativamente aos sete primeiros meses de 2019, apesar de a compara\u00e7\u00e3o com o mesmo per\u00edodo de 2022apresentar um aumento de 35,8 por cento.<\/p>\n<p><strong>Por categorias e tipos de ve\u00edculos observou-se a seguinte evolu\u00e7\u00e3o do n\u00famero de unidades matriculadas no nosso pa\u00eds:<\/strong><\/p>\n<p><strong>Autom\u00f3veis Ligeiros de Passageiros<br \/>\n<\/strong>No m\u00eas de julho de 2023 foram matriculados em Portugal 16.074 autom\u00f3veis ligeiros de passageiros novos, ou seja, menos 14,3 por cento que em igual m\u00eas de 2019. Em compara\u00e7\u00e3o com julho de 2022 o mercado registou um crescimento de 9,6 por cento.<\/p>\n<p>De janeiro a julho de 2023 as matr\u00edculas de ve\u00edculos ligeiros de passageiros totalizaram 126.229 unidades, o que se traduziu numa varia\u00e7\u00e3o negativa de 14,5 por cento relativamente ao per\u00edodo hom\u00f3logo de 2019. Por compara\u00e7\u00e3o com o per\u00edodo de janeiro a julho do ano de 2022, o mercado registou um acr\u00e9scimo de 39,6 por cento.<\/p>\n<p>Especificamente observando os ve\u00edculos el\u00e9tricos, em Julho de 2023 registou-se um aumento de 112,2 por cento em compara\u00e7\u00e3o com o mesmo m\u00eas de 2022, tendo sido matriculados 2.697 ligeiros de passageiros novos.<\/p>\n<p>Nos sete meses de 2023 verificou-se um aumento de 119,5 por cento, em compara\u00e7\u00e3o com o mesmo per\u00edodo do ano anterior, no mercado de ve\u00edculos ligeiros de passageiros novos el\u00e9tricos, tendo sido matriculados 19.771unidades.<\/p>\n<p>Em Julho de 2023 verificou-se um aumento de 266,7 por cento nas matr\u00edculas de ve\u00edculos ligeiros de mercadorias novos el\u00e9ctricos em compara\u00e7\u00e3o com o mesmo m\u00eas de 2022. Nos primeiros sete meses de 2023 verifica-se tamb\u00e9m um crescimento de 237,5 por cento face ao mesmo per\u00edodo do ano anterior.<\/p>\n<p>Em termos acumulados, nos sete primeiros meses de 2023, verificou-se um aumento de 265,9 por cento relativamente ao acumulado de 2022, traduzindo-se em 161 ve\u00edculos matriculados nesse per\u00edodo.<\/p>\n<p><strong> Ve\u00edculos Ligeiros de Mercadorias<br \/>\n<\/strong>O mercado de ligeiros de mercadorias registou, no s\u00e9timo m\u00eas de 2023, uma evolu\u00e7\u00e3o negativa de 31,2 por cento face ao m\u00eas hom\u00f3logo do ano de 2019, situando-se em 2.159 unidades matriculadas. Quando comparado com o mesmo m\u00eas de 2022, verifica-se um crescimento de 14,6 por cento.<\/p>\n<p>Em termos acumulados, o mercado atingiu 15.876 unidades, o que representou um decr\u00e9scimo de 28,5 por cento face ao mesmo per\u00edodo do ano de 2019 e um aumento de 16,2 por cento em compara\u00e7\u00e3o com o primeiro semestre do ano de 2022.<\/p>\n<p><strong>Ve\u00edculos Pesados<br \/>\n<\/strong>Quanto ao mercado de ve\u00edculos pesados, o qual engloba os tipos de passageiros e de mercadorias, em julho de 2023 verificou-se um crescimento de 3,0 por cento em rela\u00e7\u00e3o ao m\u00eas hom\u00f3logo de 2022, tendo sido comercializados 589 ve\u00edculos desta categoria.<\/p>\n<p>Nos primeiros sete meses de 2023 as matr\u00edculas de pesados totalizaram 4.000 unidades, oque representou um crescimento do mercado de 14,6 por cento relativamente ao per\u00edodo hom\u00f3logo de 2022.<\/p>\n","protected":false},"excerpt":{"rendered":"<p>O mercado autom\u00f3vel de ligeiros e&#8230;<\/p>\n","protected":false},"author":15,"featured_media":70580,"comment_status":"closed","ping_status":"closed","sticky":false,"template":"","format":"standard","meta":{"footnotes":""},"categories":[37],"tags":[6013,3284,466,6012],"class_list":["post-70585","post","type-post","status-publish","format-standard","has-post-thumbnail","hentry","category-mercado","tag-automoveis-ligeiros","tag-ligeiros-de-mercadorias","tag-veiculos-pesados","tag-vendas-automoveis"],"yoast_head":"<!-- This site is optimized with the Yoast SEO plugin v27.4 - https:\/\/yoast.com\/product\/yoast-seo-wordpress\/ -->\n<title>Vendas autom\u00f3veis em Portugal desaceleram em julho - Jornal das Oficinas<\/title>\n<meta name=\"description\" content=\"O mercado autom\u00f3vel de ligeiros e pesados, no m\u00eas de julho de 2023, registou um crescimento de 9,9 por cento\" \/>\n<meta name=\"robots\" content=\"index, follow, max-snippet:-1, max-image-preview:large, max-video-preview:-1\" \/>\n<link rel=\"canonical\" href=\"https:\/\/jornaldasoficinas.com\/pt\/vendas-automoveis-em-portugal-desaceleram-em-julho\/\" \/>\n<meta property=\"og:locale\" content=\"pt_PT\" \/>\n<meta property=\"og:type\" content=\"article\" \/>\n<meta property=\"og:title\" content=\"Vendas autom\u00f3veis em Portugal desaceleram em julho - Jornal das Oficinas\" \/>\n<meta property=\"og:description\" content=\"O mercado autom\u00f3vel de ligeiros e pesados, no m\u00eas de julho de 2023, registou um crescimento de 9,9 por cento\" \/>\n<meta property=\"og:url\" content=\"https:\/\/jornaldasoficinas.com\/pt\/vendas-automoveis-em-portugal-desaceleram-em-julho\/\" \/>\n<meta property=\"og:site_name\" content=\"Jornal das Oficinas\" \/>\n<meta property=\"article:publisher\" content=\"https:\/\/www.facebook.com\/jornaloficinas\" \/>\n<meta property=\"article:published_time\" content=\"2023-08-04T13:00:33+00:00\" \/>\n<meta property=\"og:image\" content=\"https:\/\/jornaldasoficinas.com\/pt\/wp-content\/uploads\/2023\/08\/Vendas-automoveis-em-Portugal.jpg\" \/>\n\t<meta property=\"og:image:width\" content=\"1024\" \/>\n\t<meta property=\"og:image:height\" content=\"581\" \/>\n\t<meta property=\"og:image:type\" content=\"image\/jpeg\" \/>\n<meta name=\"author\" content=\"Reda\u00e7\u00e3o JO\" \/>\n<meta name=\"twitter:card\" content=\"summary_large_image\" \/>\n<meta name=\"twitter:creator\" content=\"@jornaloficinas\" \/>\n<meta name=\"twitter:site\" content=\"@jornaloficinas\" \/>\n<meta name=\"twitter:label1\" content=\"Escrito por\" \/>\n\t<meta name=\"twitter:data1\" content=\"Reda\u00e7\u00e3o JO\" \/>\n\t<meta name=\"twitter:label2\" content=\"Tempo estimado de leitura\" \/>\n\t<meta name=\"twitter:data2\" content=\"4 minutos\" \/>\n<script type=\"application\/ld+json\" class=\"yoast-schema-graph\">{\"@context\":\"https:\\\/\\\/schema.org\",\"@graph\":[{\"@type\":\"Article\",\"@id\":\"https:\\\/\\\/jornaldasoficinas.com\\\/pt\\\/vendas-automoveis-em-portugal-desaceleram-em-julho\\\/#article\",\"isPartOf\":{\"@id\":\"https:\\\/\\\/jornaldasoficinas.com\\\/pt\\\/vendas-automoveis-em-portugal-desaceleram-em-julho\\\/\"},\"author\":{\"name\":\"Reda\u00e7\u00e3o JO\",\"@id\":\"https:\\\/\\\/jornaldasoficinas.com\\\/pt\\\/#\\\/schema\\\/person\\\/a38eef5de2c41d9e7c9ac10141afddf3\"},\"headline\":\"Vendas autom\u00f3veis em Portugal desaceleram em julho\",\"datePublished\":\"2023-08-04T13:00:33+00:00\",\"mainEntityOfPage\":{\"@id\":\"https:\\\/\\\/jornaldasoficinas.com\\\/pt\\\/vendas-automoveis-em-portugal-desaceleram-em-julho\\\/\"},\"wordCount\":606,\"publisher\":{\"@id\":\"https:\\\/\\\/jornaldasoficinas.com\\\/pt\\\/#organization\"},\"image\":{\"@id\":\"https:\\\/\\\/jornaldasoficinas.com\\\/pt\\\/vendas-automoveis-em-portugal-desaceleram-em-julho\\\/#primaryimage\"},\"thumbnailUrl\":\"https:\\\/\\\/jornaldasoficinas.com\\\/pt\\\/wp-content\\\/uploads\\\/2023\\\/08\\\/Vendas-automoveis-em-Portugal.jpg\",\"keywords\":[\"Autom\u00f3veis ligeiros\",\"Ligeiros de Mercadorias\",\"Ve\u00edculos Pesados\",\"Vendas autom\u00f3veis\"],\"articleSection\":[\"Mercado\"],\"inLanguage\":\"pt-PT\"},{\"@type\":\"WebPage\",\"@id\":\"https:\\\/\\\/jornaldasoficinas.com\\\/pt\\\/vendas-automoveis-em-portugal-desaceleram-em-julho\\\/\",\"url\":\"https:\\\/\\\/jornaldasoficinas.com\\\/pt\\\/vendas-automoveis-em-portugal-desaceleram-em-julho\\\/\",\"name\":\"Vendas autom\u00f3veis em Portugal desaceleram em julho - Jornal das Oficinas\",\"isPartOf\":{\"@id\":\"https:\\\/\\\/jornaldasoficinas.com\\\/pt\\\/#website\"},\"primaryImageOfPage\":{\"@id\":\"https:\\\/\\\/jornaldasoficinas.com\\\/pt\\\/vendas-automoveis-em-portugal-desaceleram-em-julho\\\/#primaryimage\"},\"image\":{\"@id\":\"https:\\\/\\\/jornaldasoficinas.com\\\/pt\\\/vendas-automoveis-em-portugal-desaceleram-em-julho\\\/#primaryimage\"},\"thumbnailUrl\":\"https:\\\/\\\/jornaldasoficinas.com\\\/pt\\\/wp-content\\\/uploads\\\/2023\\\/08\\\/Vendas-automoveis-em-Portugal.jpg\",\"datePublished\":\"2023-08-04T13:00:33+00:00\",\"description\":\"O mercado autom\u00f3vel de ligeiros e pesados, no m\u00eas de julho de 2023, registou um crescimento de 9,9 por cento\",\"breadcrumb\":{\"@id\":\"https:\\\/\\\/jornaldasoficinas.com\\\/pt\\\/vendas-automoveis-em-portugal-desaceleram-em-julho\\\/#breadcrumb\"},\"inLanguage\":\"pt-PT\",\"potentialAction\":[{\"@type\":\"ReadAction\",\"target\":[\"https:\\\/\\\/jornaldasoficinas.com\\\/pt\\\/vendas-automoveis-em-portugal-desaceleram-em-julho\\\/\"]}]},{\"@type\":\"ImageObject\",\"inLanguage\":\"pt-PT\",\"@id\":\"https:\\\/\\\/jornaldasoficinas.com\\\/pt\\\/vendas-automoveis-em-portugal-desaceleram-em-julho\\\/#primaryimage\",\"url\":\"https:\\\/\\\/jornaldasoficinas.com\\\/pt\\\/wp-content\\\/uploads\\\/2023\\\/08\\\/Vendas-automoveis-em-Portugal.jpg\",\"contentUrl\":\"https:\\\/\\\/jornaldasoficinas.com\\\/pt\\\/wp-content\\\/uploads\\\/2023\\\/08\\\/Vendas-automoveis-em-Portugal.jpg\",\"width\":1024,\"height\":581,\"caption\":\"08 - Vendas automoveis em Portugal\"},{\"@type\":\"BreadcrumbList\",\"@id\":\"https:\\\/\\\/jornaldasoficinas.com\\\/pt\\\/vendas-automoveis-em-portugal-desaceleram-em-julho\\\/#breadcrumb\",\"itemListElement\":[{\"@type\":\"ListItem\",\"position\":1,\"name\":\"In\u00edcio\",\"item\":\"https:\\\/\\\/jornaldasoficinas.com\\\/pt\\\/\"},{\"@type\":\"ListItem\",\"position\":2,\"name\":\"Vendas autom\u00f3veis em Portugal desaceleram em julho\"}]},{\"@type\":\"WebSite\",\"@id\":\"https:\\\/\\\/jornaldasoficinas.com\\\/pt\\\/#website\",\"url\":\"https:\\\/\\\/jornaldasoficinas.com\\\/pt\\\/\",\"name\":\"Jornal das Oficinas\",\"description\":\"Jornal independente do Aftermarket Autom\u00f3vel em Portugal\",\"publisher\":{\"@id\":\"https:\\\/\\\/jornaldasoficinas.com\\\/pt\\\/#organization\"},\"potentialAction\":[{\"@type\":\"SearchAction\",\"target\":{\"@type\":\"EntryPoint\",\"urlTemplate\":\"https:\\\/\\\/jornaldasoficinas.com\\\/pt\\\/?s={search_term_string}\"},\"query-input\":{\"@type\":\"PropertyValueSpecification\",\"valueRequired\":true,\"valueName\":\"search_term_string\"}}],\"inLanguage\":\"pt-PT\"},{\"@type\":\"Organization\",\"@id\":\"https:\\\/\\\/jornaldasoficinas.com\\\/pt\\\/#organization\",\"name\":\"Jornal das Oficinas\",\"url\":\"https:\\\/\\\/jornaldasoficinas.com\\\/pt\\\/\",\"logo\":{\"@type\":\"ImageObject\",\"inLanguage\":\"pt-PT\",\"@id\":\"https:\\\/\\\/jornaldasoficinas.com\\\/pt\\\/#\\\/schema\\\/logo\\\/image\\\/\",\"url\":\"https:\\\/\\\/jornaldasoficinas.com\\\/pt\\\/wp-content\\\/uploads\\\/logoJO-SEO.png\",\"contentUrl\":\"https:\\\/\\\/jornaldasoficinas.com\\\/pt\\\/wp-content\\\/uploads\\\/logoJO-SEO.png\",\"width\":285,\"height\":450,\"caption\":\"Jornal das Oficinas\"},\"image\":{\"@id\":\"https:\\\/\\\/jornaldasoficinas.com\\\/pt\\\/#\\\/schema\\\/logo\\\/image\\\/\"},\"sameAs\":[\"https:\\\/\\\/www.facebook.com\\\/jornaloficinas\",\"https:\\\/\\\/x.com\\\/jornaloficinas\",\"https:\\\/\\\/www.instagram.com\\\/jornal_oficinas\\\/\",\"https:\\\/\\\/www.linkedin.com\\\/company\\\/jornal-das-oficinas\\\/\",\"https:\\\/\\\/www.youtube.com\\\/channel\\\/UCbQZBqtcvV-oSQrr7RzINGg\"]},{\"@type\":\"Person\",\"@id\":\"https:\\\/\\\/jornaldasoficinas.com\\\/pt\\\/#\\\/schema\\\/person\\\/a38eef5de2c41d9e7c9ac10141afddf3\",\"name\":\"Reda\u00e7\u00e3o JO\",\"image\":{\"@type\":\"ImageObject\",\"inLanguage\":\"pt-PT\",\"@id\":\"https:\\\/\\\/secure.gravatar.com\\\/avatar\\\/71f2fa71737ad68a84fea94bc708ddac8ea5b0c4788dc2ad202f3ccb2887742f?s=96&d=wp_user_avatar&r=g\",\"url\":\"https:\\\/\\\/secure.gravatar.com\\\/avatar\\\/71f2fa71737ad68a84fea94bc708ddac8ea5b0c4788dc2ad202f3ccb2887742f?s=96&d=wp_user_avatar&r=g\",\"contentUrl\":\"https:\\\/\\\/secure.gravatar.com\\\/avatar\\\/71f2fa71737ad68a84fea94bc708ddac8ea5b0c4788dc2ad202f3ccb2887742f?s=96&d=wp_user_avatar&r=g\",\"caption\":\"Reda\u00e7\u00e3o JO\"},\"url\":\"https:\\\/\\\/jornaldasoficinas.com\\\/pt\\\/author\\\/joredacao\\\/\"}]}<\/script>\n<!-- \/ Yoast SEO plugin. -->","yoast_head_json":{"title":"Vendas autom\u00f3veis em Portugal desaceleram em julho - Jornal das Oficinas","description":"O mercado autom\u00f3vel de ligeiros e pesados, no m\u00eas de julho de 2023, registou um crescimento de 9,9 por cento","robots":{"index":"index","follow":"follow","max-snippet":"max-snippet:-1","max-image-preview":"max-image-preview:large","max-video-preview":"max-video-preview:-1"},"canonical":"https:\/\/jornaldasoficinas.com\/pt\/vendas-automoveis-em-portugal-desaceleram-em-julho\/","og_locale":"pt_PT","og_type":"article","og_title":"Vendas autom\u00f3veis em Portugal desaceleram em julho - Jornal das Oficinas","og_description":"O mercado autom\u00f3vel de ligeiros e pesados, no m\u00eas de julho de 2023, registou um crescimento de 9,9 por cento","og_url":"https:\/\/jornaldasoficinas.com\/pt\/vendas-automoveis-em-portugal-desaceleram-em-julho\/","og_site_name":"Jornal das Oficinas","article_publisher":"https:\/\/www.facebook.com\/jornaloficinas","article_published_time":"2023-08-04T13:00:33+00:00","og_image":[{"width":1024,"height":581,"url":"https:\/\/jornaldasoficinas.com\/pt\/wp-content\/uploads\/2023\/08\/Vendas-automoveis-em-Portugal.jpg","type":"image\/jpeg"}],"author":"Reda\u00e7\u00e3o JO","twitter_card":"summary_large_image","twitter_creator":"@jornaloficinas","twitter_site":"@jornaloficinas","twitter_misc":{"Escrito por":"Reda\u00e7\u00e3o JO","Tempo estimado de leitura":"4 minutos"},"schema":{"@context":"https:\/\/schema.org","@graph":[{"@type":"Article","@id":"https:\/\/jornaldasoficinas.com\/pt\/vendas-automoveis-em-portugal-desaceleram-em-julho\/#article","isPartOf":{"@id":"https:\/\/jornaldasoficinas.com\/pt\/vendas-automoveis-em-portugal-desaceleram-em-julho\/"},"author":{"name":"Reda\u00e7\u00e3o JO","@id":"https:\/\/jornaldasoficinas.com\/pt\/#\/schema\/person\/a38eef5de2c41d9e7c9ac10141afddf3"},"headline":"Vendas autom\u00f3veis em Portugal desaceleram em julho","datePublished":"2023-08-04T13:00:33+00:00","mainEntityOfPage":{"@id":"https:\/\/jornaldasoficinas.com\/pt\/vendas-automoveis-em-portugal-desaceleram-em-julho\/"},"wordCount":606,"publisher":{"@id":"https:\/\/jornaldasoficinas.com\/pt\/#organization"},"image":{"@id":"https:\/\/jornaldasoficinas.com\/pt\/vendas-automoveis-em-portugal-desaceleram-em-julho\/#primaryimage"},"thumbnailUrl":"https:\/\/jornaldasoficinas.com\/pt\/wp-content\/uploads\/2023\/08\/Vendas-automoveis-em-Portugal.jpg","keywords":["Autom\u00f3veis ligeiros","Ligeiros de Mercadorias","Ve\u00edculos Pesados","Vendas autom\u00f3veis"],"articleSection":["Mercado"],"inLanguage":"pt-PT"},{"@type":"WebPage","@id":"https:\/\/jornaldasoficinas.com\/pt\/vendas-automoveis-em-portugal-desaceleram-em-julho\/","url":"https:\/\/jornaldasoficinas.com\/pt\/vendas-automoveis-em-portugal-desaceleram-em-julho\/","name":"Vendas autom\u00f3veis em Portugal desaceleram em julho - Jornal das Oficinas","isPartOf":{"@id":"https:\/\/jornaldasoficinas.com\/pt\/#website"},"primaryImageOfPage":{"@id":"https:\/\/jornaldasoficinas.com\/pt\/vendas-automoveis-em-portugal-desaceleram-em-julho\/#primaryimage"},"image":{"@id":"https:\/\/jornaldasoficinas.com\/pt\/vendas-automoveis-em-portugal-desaceleram-em-julho\/#primaryimage"},"thumbnailUrl":"https:\/\/jornaldasoficinas.com\/pt\/wp-content\/uploads\/2023\/08\/Vendas-automoveis-em-Portugal.jpg","datePublished":"2023-08-04T13:00:33+00:00","description":"O mercado autom\u00f3vel de ligeiros e pesados, no m\u00eas de julho de 2023, registou um crescimento de 9,9 por cento","breadcrumb":{"@id":"https:\/\/jornaldasoficinas.com\/pt\/vendas-automoveis-em-portugal-desaceleram-em-julho\/#breadcrumb"},"inLanguage":"pt-PT","potentialAction":[{"@type":"ReadAction","target":["https:\/\/jornaldasoficinas.com\/pt\/vendas-automoveis-em-portugal-desaceleram-em-julho\/"]}]},{"@type":"ImageObject","inLanguage":"pt-PT","@id":"https:\/\/jornaldasoficinas.com\/pt\/vendas-automoveis-em-portugal-desaceleram-em-julho\/#primaryimage","url":"https:\/\/jornaldasoficinas.com\/pt\/wp-content\/uploads\/2023\/08\/Vendas-automoveis-em-Portugal.jpg","contentUrl":"https:\/\/jornaldasoficinas.com\/pt\/wp-content\/uploads\/2023\/08\/Vendas-automoveis-em-Portugal.jpg","width":1024,"height":581,"caption":"08 - Vendas automoveis em Portugal"},{"@type":"BreadcrumbList","@id":"https:\/\/jornaldasoficinas.com\/pt\/vendas-automoveis-em-portugal-desaceleram-em-julho\/#breadcrumb","itemListElement":[{"@type":"ListItem","position":1,"name":"In\u00edcio","item":"https:\/\/jornaldasoficinas.com\/pt\/"},{"@type":"ListItem","position":2,"name":"Vendas autom\u00f3veis em Portugal desaceleram em julho"}]},{"@type":"WebSite","@id":"https:\/\/jornaldasoficinas.com\/pt\/#website","url":"https:\/\/jornaldasoficinas.com\/pt\/","name":"Jornal das Oficinas","description":"Jornal independente do Aftermarket Autom\u00f3vel em Portugal","publisher":{"@id":"https:\/\/jornaldasoficinas.com\/pt\/#organization"},"potentialAction":[{"@type":"SearchAction","target":{"@type":"EntryPoint","urlTemplate":"https:\/\/jornaldasoficinas.com\/pt\/?s={search_term_string}"},"query-input":{"@type":"PropertyValueSpecification","valueRequired":true,"valueName":"search_term_string"}}],"inLanguage":"pt-PT"},{"@type":"Organization","@id":"https:\/\/jornaldasoficinas.com\/pt\/#organization","name":"Jornal das Oficinas","url":"https:\/\/jornaldasoficinas.com\/pt\/","logo":{"@type":"ImageObject","inLanguage":"pt-PT","@id":"https:\/\/jornaldasoficinas.com\/pt\/#\/schema\/logo\/image\/","url":"https:\/\/jornaldasoficinas.com\/pt\/wp-content\/uploads\/logoJO-SEO.png","contentUrl":"https:\/\/jornaldasoficinas.com\/pt\/wp-content\/uploads\/logoJO-SEO.png","width":285,"height":450,"caption":"Jornal das Oficinas"},"image":{"@id":"https:\/\/jornaldasoficinas.com\/pt\/#\/schema\/logo\/image\/"},"sameAs":["https:\/\/www.facebook.com\/jornaloficinas","https:\/\/x.com\/jornaloficinas","https:\/\/www.instagram.com\/jornal_oficinas\/","https:\/\/www.linkedin.com\/company\/jornal-das-oficinas\/","https:\/\/www.youtube.com\/channel\/UCbQZBqtcvV-oSQrr7RzINGg"]},{"@type":"Person","@id":"https:\/\/jornaldasoficinas.com\/pt\/#\/schema\/person\/a38eef5de2c41d9e7c9ac10141afddf3","name":"Reda\u00e7\u00e3o JO","image":{"@type":"ImageObject","inLanguage":"pt-PT","@id":"https:\/\/secure.gravatar.com\/avatar\/71f2fa71737ad68a84fea94bc708ddac8ea5b0c4788dc2ad202f3ccb2887742f?s=96&d=wp_user_avatar&r=g","url":"https:\/\/secure.gravatar.com\/avatar\/71f2fa71737ad68a84fea94bc708ddac8ea5b0c4788dc2ad202f3ccb2887742f?s=96&d=wp_user_avatar&r=g","contentUrl":"https:\/\/secure.gravatar.com\/avatar\/71f2fa71737ad68a84fea94bc708ddac8ea5b0c4788dc2ad202f3ccb2887742f?s=96&d=wp_user_avatar&r=g","caption":"Reda\u00e7\u00e3o JO"},"url":"https:\/\/jornaldasoficinas.com\/pt\/author\/joredacao\/"}]}},"_links":{"self":[{"href":"https:\/\/jornaldasoficinas.com\/pt\/wp-json\/wp\/v2\/posts\/70585","targetHints":{"allow":["GET"]}}],"collection":[{"href":"https:\/\/jornaldasoficinas.com\/pt\/wp-json\/wp\/v2\/posts"}],"about":[{"href":"https:\/\/jornaldasoficinas.com\/pt\/wp-json\/wp\/v2\/types\/post"}],"author":[{"embeddable":true,"href":"https:\/\/jornaldasoficinas.com\/pt\/wp-json\/wp\/v2\/users\/15"}],"replies":[{"embeddable":true,"href":"https:\/\/jornaldasoficinas.com\/pt\/wp-json\/wp\/v2\/comments?post=70585"}],"version-history":[{"count":0,"href":"https:\/\/jornaldasoficinas.com\/pt\/wp-json\/wp\/v2\/posts\/70585\/revisions"}],"wp:featuredmedia":[{"embeddable":true,"href":"https:\/\/jornaldasoficinas.com\/pt\/wp-json\/wp\/v2\/media\/70580"}],"wp:attachment":[{"href":"https:\/\/jornaldasoficinas.com\/pt\/wp-json\/wp\/v2\/media?parent=70585"}],"wp:term":[{"taxonomy":"category","embeddable":true,"href":"https:\/\/jornaldasoficinas.com\/pt\/wp-json\/wp\/v2\/categories?post=70585"},{"taxonomy":"post_tag","embeddable":true,"href":"https:\/\/jornaldasoficinas.com\/pt\/wp-json\/wp\/v2\/tags?post=70585"}],"curies":[{"name":"wp","href":"https:\/\/api.w.org\/{rel}","templated":true}]}}