{"id":70791,"date":"2023-08-11T12:30:47","date_gmt":"2023-08-11T11:30:47","guid":{"rendered":"https:\/\/jornaldasoficinas.com\/pt\/?p=70791"},"modified":"2023-08-11T13:45:58","modified_gmt":"2023-08-11T12:45:58","slug":"oficina-expopneus-adota-visual-confortauto","status":"publish","type":"post","link":"https:\/\/jornaldasoficinas.com\/pt\/oficina-expopneus-adota-visual-confortauto\/","title":{"rendered":"Oficina\u00a0Expopneu adota visual Confortauto"},"content":{"rendered":"<p><strong><img loading=\"lazy\" decoding=\"async\" class=\"alignnone size-full wp-image-70788\" src=\"https:\/\/jornaldasoficinas.com\/pt\/wp-content\/uploads\/2023\/08\/Oficina-Expopneus-adota-visual-Confortauto-1.jpg\" alt=\"08 - Oficina Expopneus adota visual Confortauto 1\" width=\"1024\" height=\"581\" srcset=\"https:\/\/jornaldasoficinas.com\/pt\/wp-content\/uploads\/2023\/08\/Oficina-Expopneus-adota-visual-Confortauto-1.jpg 1024w, https:\/\/jornaldasoficinas.com\/pt\/wp-content\/uploads\/2023\/08\/Oficina-Expopneus-adota-visual-Confortauto-1-300x170.jpg 300w, https:\/\/jornaldasoficinas.com\/pt\/wp-content\/uploads\/2023\/08\/Oficina-Expopneus-adota-visual-Confortauto-1-150x85.jpg 150w, https:\/\/jornaldasoficinas.com\/pt\/wp-content\/uploads\/2023\/08\/Oficina-Expopneus-adota-visual-Confortauto-1-768x436.jpg 768w\" sizes=\"auto, (max-width: 1024px) 100vw, 1024px\" \/><\/strong><strong>\u00a0<\/strong><\/p>\n<p><strong>A<\/strong><strong>\u00a0<\/strong><strong>oficina<\/strong><strong>\u00a0<a href=\"https:\/\/expopneu.pt\/\" target=\"_blank\" rel=\"noopener\">Expopneu<\/a>, especializad<\/strong><strong>a<\/strong><strong>\u00a0em jantes e pneus, acaba de renovar a sua imagem com a marca <a href=\"https:\/\/www.confortauto.pt\/\" target=\"_blank\" rel=\"noopener\">Confortauto<\/a>, a primeira rede ib\u00e9rica de pontos de venda de pneus e mec\u00e2nica r\u00e1pida do autom\u00f3vel.\u00a0<\/strong><strong>A<\/strong><strong>\u00a0<\/strong><strong>oficina<\/strong><strong>, situad<\/strong><strong>a<\/strong><strong>\u00a0na Estrada de Belas, Bairro Dr. Pinto Bastos, Lote A, em Belas, Lisboa, apresenta agora uma fachada mais moderna e atrativa, com as cores e o logotipo da Confortauto<\/strong><\/p>\n<p>A mudan\u00e7a de imagem faz parte do processo de integra\u00e7\u00e3o da\u00a0oficina\u00a0na rede Confortauto, que conta com mais de 700 centros em Espanha e Portugal. Ao aderir \u00e0 Confortauto,\u00a0a\u00a0oficina\u00a0Expopneus beneficia de um conjunto de vantagens, como o acesso a produtos e servi\u00e7os de qualidade superior, o apoio de uma equipa humana altamente qualificada, e a participa\u00e7\u00e3o em campanhas promocionais e formativas.<\/p>\n<p>A\u00a0oficina\u00a0Expopneus oferece aos seus clientes uma ampla gama de servi\u00e7os relacionados com o cuidado e a manuten\u00e7\u00e3o do autom\u00f3vel, como alinhamento de dire\u00e7\u00e3o, venda e montagem de pneus, venda e montagem de jantes de alum\u00ednio, venda de acess\u00f3rios, mec\u00e2nica r\u00e1pida, carregamento de ar condicionado, tuning, som, baterias, pastilhas de trav\u00e3o, tubos de escape, amortecedores, mudan\u00e7a de \u00f3leo e filtros, repara\u00e7\u00e3o de pneus, pr\u00e9 inspe\u00e7\u00e3o, recolha ao domic\u00edlio e mec\u00e2nica geral.<\/p>\n<p>A\u00a0oficina\u00a0Expopneus trabalha com as melhores marcas do mercado, como Hankook, Lauffen Pirelli, Michelin, Continental, Goodyear, Dunlop, Insa Turbo. Al\u00e9m disso, disp\u00f5e de um cat\u00e1logo online onde os clientes podem consultar os modelos dispon\u00edveis e fazer a sua compra diretamente na web\u00a0<a href=\"http:\/\/www.confortauto.pt\/\" target=\"_blank\" rel=\"noopener\">www.confortauto.pt<\/a><\/p>\n<p>O gerente da\u00a0oficina\u00a0Expopneus, manifestou a sua satisfa\u00e7\u00e3o pela nova imagem do seu neg\u00f3cio: \u201cEstamos muito contentes por fazer parte da rede Confortauto e por poder oferecer aos nossos clientes um servi\u00e7o de excel\u00eancia. A nova rotula\u00e7\u00e3o d\u00e1-nos uma maior visibilidade e prest\u00edgio no mercado. Convidamos todos os que precisam de cuidar do seu autom\u00f3vel a visitar-nos e a comprovar a qualidade dos nossos produtos e servi\u00e7os\u201d.<\/p>\n","protected":false},"excerpt":{"rendered":"<p>\u00a0 A\u00a0oficina\u00a0Expopneu, especializada\u00a0em jantes e pneus,&#8230;<\/p>\n","protected":false},"author":15,"featured_media":70788,"comment_status":"closed","ping_status":"closed","sticky":false,"template":"","format":"standard","meta":{"footnotes":""},"categories":[29],"tags":[6053,6057,5209,6054],"class_list":["post-70791","post","type-post","status-publish","format-standard","has-post-thumbnail","hentry","category-empresas","tag-confortauto","tag-expopneu","tag-mecanica-rapida","tag-venda-de-pneus"],"yoast_head":"<!-- This site is optimized with the Yoast SEO plugin v27.5 - https:\/\/yoast.com\/product\/yoast-seo-wordpress\/ -->\n<title>Oficina\u00a0Expopneu adota visual Confortauto - Jornal das Oficinas<\/title>\n<meta name=\"description\" content=\"A\u00a0oficina\u00a0Expopneu, especializada\u00a0em jantes e pneus, acaba de renovar a sua imagem com a marca Confortauto\" \/>\n<meta name=\"robots\" content=\"index, follow, max-snippet:-1, max-image-preview:large, max-video-preview:-1\" \/>\n<link rel=\"canonical\" href=\"https:\/\/jornaldasoficinas.com\/pt\/oficina-expopneus-adota-visual-confortauto\/\" \/>\n<meta property=\"og:locale\" content=\"pt_PT\" \/>\n<meta property=\"og:type\" content=\"article\" \/>\n<meta property=\"og:title\" content=\"Oficina\u00a0Expopneu adota visual Confortauto - Jornal das Oficinas\" \/>\n<meta property=\"og:description\" content=\"A\u00a0oficina\u00a0Expopneu, especializada\u00a0em jantes e pneus, acaba de renovar a sua imagem com a marca Confortauto\" \/>\n<meta property=\"og:url\" content=\"https:\/\/jornaldasoficinas.com\/pt\/oficina-expopneus-adota-visual-confortauto\/\" \/>\n<meta property=\"og:site_name\" content=\"Jornal das Oficinas\" \/>\n<meta property=\"article:publisher\" content=\"https:\/\/www.facebook.com\/jornaloficinas\" \/>\n<meta property=\"article:published_time\" content=\"2023-08-11T11:30:47+00:00\" \/>\n<meta property=\"article:modified_time\" content=\"2023-08-11T12:45:58+00:00\" \/>\n<meta property=\"og:image\" content=\"https:\/\/jornaldasoficinas.com\/pt\/wp-content\/uploads\/2023\/08\/Oficina-Expopneus-adota-visual-Confortauto-1.jpg\" \/>\n\t<meta property=\"og:image:width\" content=\"1024\" \/>\n\t<meta property=\"og:image:height\" content=\"581\" \/>\n\t<meta property=\"og:image:type\" content=\"image\/jpeg\" \/>\n<meta name=\"author\" content=\"Reda\u00e7\u00e3o JO\" \/>\n<meta name=\"twitter:card\" content=\"summary_large_image\" \/>\n<meta name=\"twitter:creator\" content=\"@jornaloficinas\" \/>\n<meta name=\"twitter:site\" content=\"@jornaloficinas\" \/>\n<meta name=\"twitter:label1\" content=\"Escrito por\" \/>\n\t<meta name=\"twitter:data1\" content=\"Reda\u00e7\u00e3o JO\" \/>\n\t<meta name=\"twitter:label2\" content=\"Tempo estimado de leitura\" \/>\n\t<meta name=\"twitter:data2\" content=\"2 minutos\" \/>\n<script type=\"application\/ld+json\" class=\"yoast-schema-graph\">{\"@context\":\"https:\\\/\\\/schema.org\",\"@graph\":[{\"@type\":\"Article\",\"@id\":\"https:\\\/\\\/jornaldasoficinas.com\\\/pt\\\/oficina-expopneus-adota-visual-confortauto\\\/#article\",\"isPartOf\":{\"@id\":\"https:\\\/\\\/jornaldasoficinas.com\\\/pt\\\/oficina-expopneus-adota-visual-confortauto\\\/\"},\"author\":{\"name\":\"Reda\u00e7\u00e3o JO\",\"@id\":\"https:\\\/\\\/jornaldasoficinas.com\\\/pt\\\/#\\\/schema\\\/person\\\/a38eef5de2c41d9e7c9ac10141afddf3\"},\"headline\":\"Oficina\u00a0Expopneu adota visual Confortauto\",\"datePublished\":\"2023-08-11T11:30:47+00:00\",\"dateModified\":\"2023-08-11T12:45:58+00:00\",\"mainEntityOfPage\":{\"@id\":\"https:\\\/\\\/jornaldasoficinas.com\\\/pt\\\/oficina-expopneus-adota-visual-confortauto\\\/\"},\"wordCount\":356,\"publisher\":{\"@id\":\"https:\\\/\\\/jornaldasoficinas.com\\\/pt\\\/#organization\"},\"image\":{\"@id\":\"https:\\\/\\\/jornaldasoficinas.com\\\/pt\\\/oficina-expopneus-adota-visual-confortauto\\\/#primaryimage\"},\"thumbnailUrl\":\"https:\\\/\\\/jornaldasoficinas.com\\\/pt\\\/wp-content\\\/uploads\\\/2023\\\/08\\\/Oficina-Expopneus-adota-visual-Confortauto-1.jpg\",\"keywords\":[\"Confortauto\",\"Expopneu\",\"mec\u00e2nica r\u00e1pida\",\"venda de pneus\"],\"articleSection\":[\"Empresas\"],\"inLanguage\":\"pt-PT\"},{\"@type\":\"WebPage\",\"@id\":\"https:\\\/\\\/jornaldasoficinas.com\\\/pt\\\/oficina-expopneus-adota-visual-confortauto\\\/\",\"url\":\"https:\\\/\\\/jornaldasoficinas.com\\\/pt\\\/oficina-expopneus-adota-visual-confortauto\\\/\",\"name\":\"Oficina\u00a0Expopneu adota visual Confortauto - Jornal das Oficinas\",\"isPartOf\":{\"@id\":\"https:\\\/\\\/jornaldasoficinas.com\\\/pt\\\/#website\"},\"primaryImageOfPage\":{\"@id\":\"https:\\\/\\\/jornaldasoficinas.com\\\/pt\\\/oficina-expopneus-adota-visual-confortauto\\\/#primaryimage\"},\"image\":{\"@id\":\"https:\\\/\\\/jornaldasoficinas.com\\\/pt\\\/oficina-expopneus-adota-visual-confortauto\\\/#primaryimage\"},\"thumbnailUrl\":\"https:\\\/\\\/jornaldasoficinas.com\\\/pt\\\/wp-content\\\/uploads\\\/2023\\\/08\\\/Oficina-Expopneus-adota-visual-Confortauto-1.jpg\",\"datePublished\":\"2023-08-11T11:30:47+00:00\",\"dateModified\":\"2023-08-11T12:45:58+00:00\",\"description\":\"A\u00a0oficina\u00a0Expopneu, especializada\u00a0em jantes e pneus, acaba de renovar a sua imagem com a marca Confortauto\",\"breadcrumb\":{\"@id\":\"https:\\\/\\\/jornaldasoficinas.com\\\/pt\\\/oficina-expopneus-adota-visual-confortauto\\\/#breadcrumb\"},\"inLanguage\":\"pt-PT\",\"potentialAction\":[{\"@type\":\"ReadAction\",\"target\":[\"https:\\\/\\\/jornaldasoficinas.com\\\/pt\\\/oficina-expopneus-adota-visual-confortauto\\\/\"]}]},{\"@type\":\"ImageObject\",\"inLanguage\":\"pt-PT\",\"@id\":\"https:\\\/\\\/jornaldasoficinas.com\\\/pt\\\/oficina-expopneus-adota-visual-confortauto\\\/#primaryimage\",\"url\":\"https:\\\/\\\/jornaldasoficinas.com\\\/pt\\\/wp-content\\\/uploads\\\/2023\\\/08\\\/Oficina-Expopneus-adota-visual-Confortauto-1.jpg\",\"contentUrl\":\"https:\\\/\\\/jornaldasoficinas.com\\\/pt\\\/wp-content\\\/uploads\\\/2023\\\/08\\\/Oficina-Expopneus-adota-visual-Confortauto-1.jpg\",\"width\":1024,\"height\":581,\"caption\":\"08 - Oficina Expopneus adota visual Confortauto 1\"},{\"@type\":\"BreadcrumbList\",\"@id\":\"https:\\\/\\\/jornaldasoficinas.com\\\/pt\\\/oficina-expopneus-adota-visual-confortauto\\\/#breadcrumb\",\"itemListElement\":[{\"@type\":\"ListItem\",\"position\":1,\"name\":\"In\u00edcio\",\"item\":\"https:\\\/\\\/jornaldasoficinas.com\\\/pt\\\/\"},{\"@type\":\"ListItem\",\"position\":2,\"name\":\"Oficina\u00a0Expopneu adota visual Confortauto\"}]},{\"@type\":\"WebSite\",\"@id\":\"https:\\\/\\\/jornaldasoficinas.com\\\/pt\\\/#website\",\"url\":\"https:\\\/\\\/jornaldasoficinas.com\\\/pt\\\/\",\"name\":\"Jornal das Oficinas\",\"description\":\"Jornal independente do Aftermarket Autom\u00f3vel em Portugal\",\"publisher\":{\"@id\":\"https:\\\/\\\/jornaldasoficinas.com\\\/pt\\\/#organization\"},\"potentialAction\":[{\"@type\":\"SearchAction\",\"target\":{\"@type\":\"EntryPoint\",\"urlTemplate\":\"https:\\\/\\\/jornaldasoficinas.com\\\/pt\\\/?s={search_term_string}\"},\"query-input\":{\"@type\":\"PropertyValueSpecification\",\"valueRequired\":true,\"valueName\":\"search_term_string\"}}],\"inLanguage\":\"pt-PT\"},{\"@type\":\"Organization\",\"@id\":\"https:\\\/\\\/jornaldasoficinas.com\\\/pt\\\/#organization\",\"name\":\"Jornal das Oficinas\",\"url\":\"https:\\\/\\\/jornaldasoficinas.com\\\/pt\\\/\",\"logo\":{\"@type\":\"ImageObject\",\"inLanguage\":\"pt-PT\",\"@id\":\"https:\\\/\\\/jornaldasoficinas.com\\\/pt\\\/#\\\/schema\\\/logo\\\/image\\\/\",\"url\":\"https:\\\/\\\/jornaldasoficinas.com\\\/pt\\\/wp-content\\\/uploads\\\/logoJO-SEO.png\",\"contentUrl\":\"https:\\\/\\\/jornaldasoficinas.com\\\/pt\\\/wp-content\\\/uploads\\\/logoJO-SEO.png\",\"width\":285,\"height\":450,\"caption\":\"Jornal das Oficinas\"},\"image\":{\"@id\":\"https:\\\/\\\/jornaldasoficinas.com\\\/pt\\\/#\\\/schema\\\/logo\\\/image\\\/\"},\"sameAs\":[\"https:\\\/\\\/www.facebook.com\\\/jornaloficinas\",\"https:\\\/\\\/x.com\\\/jornaloficinas\",\"https:\\\/\\\/www.instagram.com\\\/jornal_oficinas\\\/\",\"https:\\\/\\\/www.linkedin.com\\\/company\\\/jornal-das-oficinas\\\/\",\"https:\\\/\\\/www.youtube.com\\\/channel\\\/UCbQZBqtcvV-oSQrr7RzINGg\"]},{\"@type\":\"Person\",\"@id\":\"https:\\\/\\\/jornaldasoficinas.com\\\/pt\\\/#\\\/schema\\\/person\\\/a38eef5de2c41d9e7c9ac10141afddf3\",\"name\":\"Reda\u00e7\u00e3o JO\",\"image\":{\"@type\":\"ImageObject\",\"inLanguage\":\"pt-PT\",\"@id\":\"https:\\\/\\\/secure.gravatar.com\\\/avatar\\\/71f2fa71737ad68a84fea94bc708ddac8ea5b0c4788dc2ad202f3ccb2887742f?s=96&d=wp_user_avatar&r=g\",\"url\":\"https:\\\/\\\/secure.gravatar.com\\\/avatar\\\/71f2fa71737ad68a84fea94bc708ddac8ea5b0c4788dc2ad202f3ccb2887742f?s=96&d=wp_user_avatar&r=g\",\"contentUrl\":\"https:\\\/\\\/secure.gravatar.com\\\/avatar\\\/71f2fa71737ad68a84fea94bc708ddac8ea5b0c4788dc2ad202f3ccb2887742f?s=96&d=wp_user_avatar&r=g\",\"caption\":\"Reda\u00e7\u00e3o JO\"},\"url\":\"https:\\\/\\\/jornaldasoficinas.com\\\/pt\\\/author\\\/joredacao\\\/\"}]}<\/script>\n<!-- \/ Yoast SEO plugin. -->","yoast_head_json":{"title":"Oficina\u00a0Expopneu adota visual Confortauto - Jornal das Oficinas","description":"A\u00a0oficina\u00a0Expopneu, especializada\u00a0em jantes e pneus, acaba de renovar a sua imagem com a marca Confortauto","robots":{"index":"index","follow":"follow","max-snippet":"max-snippet:-1","max-image-preview":"max-image-preview:large","max-video-preview":"max-video-preview:-1"},"canonical":"https:\/\/jornaldasoficinas.com\/pt\/oficina-expopneus-adota-visual-confortauto\/","og_locale":"pt_PT","og_type":"article","og_title":"Oficina\u00a0Expopneu adota visual Confortauto - Jornal das Oficinas","og_description":"A\u00a0oficina\u00a0Expopneu, especializada\u00a0em jantes e pneus, acaba de renovar a sua imagem com a marca Confortauto","og_url":"https:\/\/jornaldasoficinas.com\/pt\/oficina-expopneus-adota-visual-confortauto\/","og_site_name":"Jornal das Oficinas","article_publisher":"https:\/\/www.facebook.com\/jornaloficinas","article_published_time":"2023-08-11T11:30:47+00:00","article_modified_time":"2023-08-11T12:45:58+00:00","og_image":[{"width":1024,"height":581,"url":"https:\/\/jornaldasoficinas.com\/pt\/wp-content\/uploads\/2023\/08\/Oficina-Expopneus-adota-visual-Confortauto-1.jpg","type":"image\/jpeg"}],"author":"Reda\u00e7\u00e3o JO","twitter_card":"summary_large_image","twitter_creator":"@jornaloficinas","twitter_site":"@jornaloficinas","twitter_misc":{"Escrito por":"Reda\u00e7\u00e3o JO","Tempo estimado de leitura":"2 minutos"},"schema":{"@context":"https:\/\/schema.org","@graph":[{"@type":"Article","@id":"https:\/\/jornaldasoficinas.com\/pt\/oficina-expopneus-adota-visual-confortauto\/#article","isPartOf":{"@id":"https:\/\/jornaldasoficinas.com\/pt\/oficina-expopneus-adota-visual-confortauto\/"},"author":{"name":"Reda\u00e7\u00e3o JO","@id":"https:\/\/jornaldasoficinas.com\/pt\/#\/schema\/person\/a38eef5de2c41d9e7c9ac10141afddf3"},"headline":"Oficina\u00a0Expopneu adota visual Confortauto","datePublished":"2023-08-11T11:30:47+00:00","dateModified":"2023-08-11T12:45:58+00:00","mainEntityOfPage":{"@id":"https:\/\/jornaldasoficinas.com\/pt\/oficina-expopneus-adota-visual-confortauto\/"},"wordCount":356,"publisher":{"@id":"https:\/\/jornaldasoficinas.com\/pt\/#organization"},"image":{"@id":"https:\/\/jornaldasoficinas.com\/pt\/oficina-expopneus-adota-visual-confortauto\/#primaryimage"},"thumbnailUrl":"https:\/\/jornaldasoficinas.com\/pt\/wp-content\/uploads\/2023\/08\/Oficina-Expopneus-adota-visual-Confortauto-1.jpg","keywords":["Confortauto","Expopneu","mec\u00e2nica r\u00e1pida","venda de pneus"],"articleSection":["Empresas"],"inLanguage":"pt-PT"},{"@type":"WebPage","@id":"https:\/\/jornaldasoficinas.com\/pt\/oficina-expopneus-adota-visual-confortauto\/","url":"https:\/\/jornaldasoficinas.com\/pt\/oficina-expopneus-adota-visual-confortauto\/","name":"Oficina\u00a0Expopneu adota visual Confortauto - Jornal das Oficinas","isPartOf":{"@id":"https:\/\/jornaldasoficinas.com\/pt\/#website"},"primaryImageOfPage":{"@id":"https:\/\/jornaldasoficinas.com\/pt\/oficina-expopneus-adota-visual-confortauto\/#primaryimage"},"image":{"@id":"https:\/\/jornaldasoficinas.com\/pt\/oficina-expopneus-adota-visual-confortauto\/#primaryimage"},"thumbnailUrl":"https:\/\/jornaldasoficinas.com\/pt\/wp-content\/uploads\/2023\/08\/Oficina-Expopneus-adota-visual-Confortauto-1.jpg","datePublished":"2023-08-11T11:30:47+00:00","dateModified":"2023-08-11T12:45:58+00:00","description":"A\u00a0oficina\u00a0Expopneu, especializada\u00a0em jantes e pneus, acaba de renovar a sua imagem com a marca Confortauto","breadcrumb":{"@id":"https:\/\/jornaldasoficinas.com\/pt\/oficina-expopneus-adota-visual-confortauto\/#breadcrumb"},"inLanguage":"pt-PT","potentialAction":[{"@type":"ReadAction","target":["https:\/\/jornaldasoficinas.com\/pt\/oficina-expopneus-adota-visual-confortauto\/"]}]},{"@type":"ImageObject","inLanguage":"pt-PT","@id":"https:\/\/jornaldasoficinas.com\/pt\/oficina-expopneus-adota-visual-confortauto\/#primaryimage","url":"https:\/\/jornaldasoficinas.com\/pt\/wp-content\/uploads\/2023\/08\/Oficina-Expopneus-adota-visual-Confortauto-1.jpg","contentUrl":"https:\/\/jornaldasoficinas.com\/pt\/wp-content\/uploads\/2023\/08\/Oficina-Expopneus-adota-visual-Confortauto-1.jpg","width":1024,"height":581,"caption":"08 - Oficina Expopneus adota visual Confortauto 1"},{"@type":"BreadcrumbList","@id":"https:\/\/jornaldasoficinas.com\/pt\/oficina-expopneus-adota-visual-confortauto\/#breadcrumb","itemListElement":[{"@type":"ListItem","position":1,"name":"In\u00edcio","item":"https:\/\/jornaldasoficinas.com\/pt\/"},{"@type":"ListItem","position":2,"name":"Oficina\u00a0Expopneu adota visual Confortauto"}]},{"@type":"WebSite","@id":"https:\/\/jornaldasoficinas.com\/pt\/#website","url":"https:\/\/jornaldasoficinas.com\/pt\/","name":"Jornal das Oficinas","description":"Jornal independente do Aftermarket Autom\u00f3vel em Portugal","publisher":{"@id":"https:\/\/jornaldasoficinas.com\/pt\/#organization"},"potentialAction":[{"@type":"SearchAction","target":{"@type":"EntryPoint","urlTemplate":"https:\/\/jornaldasoficinas.com\/pt\/?s={search_term_string}"},"query-input":{"@type":"PropertyValueSpecification","valueRequired":true,"valueName":"search_term_string"}}],"inLanguage":"pt-PT"},{"@type":"Organization","@id":"https:\/\/jornaldasoficinas.com\/pt\/#organization","name":"Jornal das Oficinas","url":"https:\/\/jornaldasoficinas.com\/pt\/","logo":{"@type":"ImageObject","inLanguage":"pt-PT","@id":"https:\/\/jornaldasoficinas.com\/pt\/#\/schema\/logo\/image\/","url":"https:\/\/jornaldasoficinas.com\/pt\/wp-content\/uploads\/logoJO-SEO.png","contentUrl":"https:\/\/jornaldasoficinas.com\/pt\/wp-content\/uploads\/logoJO-SEO.png","width":285,"height":450,"caption":"Jornal das Oficinas"},"image":{"@id":"https:\/\/jornaldasoficinas.com\/pt\/#\/schema\/logo\/image\/"},"sameAs":["https:\/\/www.facebook.com\/jornaloficinas","https:\/\/x.com\/jornaloficinas","https:\/\/www.instagram.com\/jornal_oficinas\/","https:\/\/www.linkedin.com\/company\/jornal-das-oficinas\/","https:\/\/www.youtube.com\/channel\/UCbQZBqtcvV-oSQrr7RzINGg"]},{"@type":"Person","@id":"https:\/\/jornaldasoficinas.com\/pt\/#\/schema\/person\/a38eef5de2c41d9e7c9ac10141afddf3","name":"Reda\u00e7\u00e3o JO","image":{"@type":"ImageObject","inLanguage":"pt-PT","@id":"https:\/\/secure.gravatar.com\/avatar\/71f2fa71737ad68a84fea94bc708ddac8ea5b0c4788dc2ad202f3ccb2887742f?s=96&d=wp_user_avatar&r=g","url":"https:\/\/secure.gravatar.com\/avatar\/71f2fa71737ad68a84fea94bc708ddac8ea5b0c4788dc2ad202f3ccb2887742f?s=96&d=wp_user_avatar&r=g","contentUrl":"https:\/\/secure.gravatar.com\/avatar\/71f2fa71737ad68a84fea94bc708ddac8ea5b0c4788dc2ad202f3ccb2887742f?s=96&d=wp_user_avatar&r=g","caption":"Reda\u00e7\u00e3o JO"},"url":"https:\/\/jornaldasoficinas.com\/pt\/author\/joredacao\/"}]}},"_links":{"self":[{"href":"https:\/\/jornaldasoficinas.com\/pt\/wp-json\/wp\/v2\/posts\/70791","targetHints":{"allow":["GET"]}}],"collection":[{"href":"https:\/\/jornaldasoficinas.com\/pt\/wp-json\/wp\/v2\/posts"}],"about":[{"href":"https:\/\/jornaldasoficinas.com\/pt\/wp-json\/wp\/v2\/types\/post"}],"author":[{"embeddable":true,"href":"https:\/\/jornaldasoficinas.com\/pt\/wp-json\/wp\/v2\/users\/15"}],"replies":[{"embeddable":true,"href":"https:\/\/jornaldasoficinas.com\/pt\/wp-json\/wp\/v2\/comments?post=70791"}],"version-history":[{"count":0,"href":"https:\/\/jornaldasoficinas.com\/pt\/wp-json\/wp\/v2\/posts\/70791\/revisions"}],"wp:featuredmedia":[{"embeddable":true,"href":"https:\/\/jornaldasoficinas.com\/pt\/wp-json\/wp\/v2\/media\/70788"}],"wp:attachment":[{"href":"https:\/\/jornaldasoficinas.com\/pt\/wp-json\/wp\/v2\/media?parent=70791"}],"wp:term":[{"taxonomy":"category","embeddable":true,"href":"https:\/\/jornaldasoficinas.com\/pt\/wp-json\/wp\/v2\/categories?post=70791"},{"taxonomy":"post_tag","embeddable":true,"href":"https:\/\/jornaldasoficinas.com\/pt\/wp-json\/wp\/v2\/tags?post=70791"}],"curies":[{"name":"wp","href":"https:\/\/api.w.org\/{rel}","templated":true}]}}