{"id":70865,"date":"2023-08-14T12:30:00","date_gmt":"2023-08-14T11:30:00","guid":{"rendered":"https:\/\/jornaldasoficinas.com\/pt\/?p=70865"},"modified":"2023-08-13T11:54:26","modified_gmt":"2023-08-13T10:54:26","slug":"italia-estara-em-peso-no-global-mobility-call","status":"publish","type":"post","link":"https:\/\/jornaldasoficinas.com\/pt\/italia-estara-em-peso-no-global-mobility-call\/","title":{"rendered":"It\u00e1lia estar\u00e1 em peso no Global Mobility Call"},"content":{"rendered":"<p><strong><img loading=\"lazy\" decoding=\"async\" class=\"alignnone size-full wp-image-70857\" src=\"https:\/\/jornaldasoficinas.com\/pt\/wp-content\/uploads\/2023\/08\/Italia-estara-em-peso-no-Global-Mobility-Call.jpg\" alt=\"08 - Italia estara em peso no Global Mobility Call\" width=\"1024\" height=\"581\" srcset=\"https:\/\/jornaldasoficinas.com\/pt\/wp-content\/uploads\/2023\/08\/Italia-estara-em-peso-no-Global-Mobility-Call.jpg 1024w, https:\/\/jornaldasoficinas.com\/pt\/wp-content\/uploads\/2023\/08\/Italia-estara-em-peso-no-Global-Mobility-Call-300x170.jpg 300w, https:\/\/jornaldasoficinas.com\/pt\/wp-content\/uploads\/2023\/08\/Italia-estara-em-peso-no-Global-Mobility-Call-150x85.jpg 150w, https:\/\/jornaldasoficinas.com\/pt\/wp-content\/uploads\/2023\/08\/Italia-estara-em-peso-no-Global-Mobility-Call-768x436.jpg 768w\" sizes=\"auto, (max-width: 1024px) 100vw, 1024px\" \/><\/strong><\/p>\n<p><strong>A\u00a0<\/strong><strong><a href=\"https:\/\/www.ifema.es\/en\/global-mobility-call\" target=\"_blank\" rel=\"noopener\">Global Mobility Call<\/a>,\u00a0 confirmou\u00a0a participa<\/strong><strong>\u00e7\u00e3o<\/strong><strong>\u00a0de\u00a0It\u00e1lia como pa\u00eds colaborador d<\/strong><strong>o<\/strong><strong>\u00a0evento,\u00a0gra<\/strong><strong>\u00e7as<\/strong><strong>\u00a0a u<\/strong><strong>m<\/strong><strong>\u00a0ac<\/strong><strong>o<\/strong><strong>rdo su<\/strong><strong>b<\/strong><strong>scrito entre<\/strong><strong>\u00a0a<\/strong><strong>\u00a0<a href=\"https:\/\/www.ifema.es\/en\" target=\"_blank\" rel=\"noopener\">IFEMA MADRID<\/a>, <a href=\"https:\/\/smobhub.com\/\" target=\"_blank\" rel=\"noopener\">Smobhub<\/a>\u00a0<\/strong><strong>e<\/strong><strong>\u00a0a\u00a0Ag<\/strong><strong>\u00ea<\/strong><strong>ncia Italiana para\u00a0<\/strong><strong>o<\/strong><strong>\u00a0Com<\/strong><strong>\u00e9<\/strong><strong>rcio Exterior (<a href=\"https:\/\/www.ice.it\/en\/\" target=\"_blank\" rel=\"noopener\">ICE<\/a>)<\/strong><\/p>\n<p>O\u00a0objetivo deste acordo\u00a0\u00e9\u00a0promover a participa\u00e7\u00e3o na\u00a0Global Mobility Call de pmes\u00a0e\u00a0startups italianas, criando um\u00a0ponto de encontro\u00a0e\u00a0oferecendo uma oportunidade\u00a0para dar a conhecer\u00a0o\u00a0&#8220;Made in Italy&#8221;\u00a0das tecnologias\u00a0e\u00a0a inova\u00e7\u00e3o\u00a0nos\u00a0diferentes setores\u00a0da\u00a0mobilidade\u00a0sustent\u00e1vel.<\/p>\n<p>A\u00a0Ag\u00eancia ICE contar\u00e1 com um\u00a0espa\u00e7o\u00a0de exposi\u00e7\u00e3o\u00a0de 80 m2,\u00a0com a presen\u00e7a de oito\u00a0pmes italianas inovadoras. As empresas italianas podem\u00a0solicitar beneficiar desta oportunidade\u00a0at\u00e9\u00a021 de agosto.\u00a0As empresas n\u00e3o\u00a0ter\u00e3o\u00a0que pagar\u00a0pelo\u00a0espa\u00e7o expositivo\u00a0nem os\u00a0tickets de entrada,\u00a0somente ter em conta os gastos de desloca\u00e7\u00e3o, est\u00e2ncia e\u00a0transporte de material.<\/p>\n<p>GMC espa\u00e7o\u00a0Expo\u00a0contar\u00e1 com\u00a0mais de 100 empresas expositoras\u00a0e\u00a0startups,\u00a0das\u00a0quais\u00a030 s\u00e3o\u00a0partners principais\u00a0do\u00a0evento, como\u00a0ADIF, ARRIVA, BP, CEPSA, CRTM, EDP, EMT Madrid, ETRA, IBERDROLA, IBERIA, INDRA, METRO, MOBILITY ADO, PWC, RENFE, SISTEM, TOTAL ENERGIES, UBER, ULITY, entre outros. Ser\u00e1 um\u00a0espa\u00e7o\u00a0que permitir\u00e1\u00a0aos\u00a0assistentes conhecer as principais\u00a0novidades em\u00a0inova\u00e7\u00e3o\u00a0e\u00a0modelos de neg\u00f3cios, ampliar\u00a0a\u00a0sua\u00a0rede\u00a0de contactos\u00a0e\u00a0estabelecer colabora\u00e7\u00f5es\u00a0para novos projetos\u00a0e\u00a0solu\u00e7\u00f5es\u00a0de mobilidade.<\/p>\n","protected":false},"excerpt":{"rendered":"<p>A\u00a0Global Mobility Call,\u00a0 confirmou\u00a0a participa\u00e7\u00e3o\u00a0de\u00a0It\u00e1lia como&#8230;<\/p>\n","protected":false},"author":15,"featured_media":70857,"comment_status":"closed","ping_status":"closed","sticky":false,"template":"","format":"standard","meta":{"footnotes":""},"categories":[29],"tags":[4819,6059,267,5123],"class_list":["post-70865","post","type-post","status-publish","format-standard","has-post-thumbnail","hentry","category-empresas","tag-global-mobility-call","tag-ice","tag-ifema","tag-smobhub"],"yoast_head":"<!-- This site is optimized with the Yoast SEO plugin v27.4 - https:\/\/yoast.com\/product\/yoast-seo-wordpress\/ -->\n<title>It\u00e1lia estar\u00e1 em peso no Global Mobility Call - Jornal das Oficinas<\/title>\n<meta name=\"description\" content=\"A It\u00e1lia vai estar no Global Mobility Call,\u00a0como pa\u00eds colaborador do\u00a0evento,\u00a0devido a um acordo entre\u00a0a\u00a0IFEMA MADRID, Smobhub\u00a0e\u00a0a\u00a0ICE\" \/>\n<meta name=\"robots\" content=\"index, follow, max-snippet:-1, max-image-preview:large, max-video-preview:-1\" \/>\n<link rel=\"canonical\" href=\"https:\/\/jornaldasoficinas.com\/pt\/italia-estara-em-peso-no-global-mobility-call\/\" \/>\n<meta property=\"og:locale\" content=\"pt_PT\" \/>\n<meta property=\"og:type\" content=\"article\" \/>\n<meta property=\"og:title\" content=\"It\u00e1lia estar\u00e1 em peso no Global Mobility Call - Jornal das Oficinas\" \/>\n<meta property=\"og:description\" content=\"A It\u00e1lia vai estar no Global Mobility Call,\u00a0como pa\u00eds colaborador do\u00a0evento,\u00a0devido a um acordo entre\u00a0a\u00a0IFEMA MADRID, Smobhub\u00a0e\u00a0a\u00a0ICE\" \/>\n<meta property=\"og:url\" content=\"https:\/\/jornaldasoficinas.com\/pt\/italia-estara-em-peso-no-global-mobility-call\/\" \/>\n<meta property=\"og:site_name\" content=\"Jornal das Oficinas\" \/>\n<meta property=\"article:publisher\" content=\"https:\/\/www.facebook.com\/jornaloficinas\" \/>\n<meta property=\"article:published_time\" content=\"2023-08-14T11:30:00+00:00\" \/>\n<meta property=\"og:image\" content=\"https:\/\/jornaldasoficinas.com\/pt\/wp-content\/uploads\/2023\/08\/Italia-estara-em-peso-no-Global-Mobility-Call.jpg\" \/>\n\t<meta property=\"og:image:width\" content=\"1024\" \/>\n\t<meta property=\"og:image:height\" content=\"581\" \/>\n\t<meta property=\"og:image:type\" content=\"image\/jpeg\" \/>\n<meta name=\"author\" content=\"Reda\u00e7\u00e3o JO\" \/>\n<meta name=\"twitter:card\" content=\"summary_large_image\" \/>\n<meta name=\"twitter:creator\" content=\"@jornaloficinas\" \/>\n<meta name=\"twitter:site\" content=\"@jornaloficinas\" \/>\n<meta name=\"twitter:label1\" content=\"Escrito por\" \/>\n\t<meta name=\"twitter:data1\" content=\"Reda\u00e7\u00e3o JO\" \/>\n\t<meta name=\"twitter:label2\" content=\"Tempo estimado de leitura\" \/>\n\t<meta name=\"twitter:data2\" content=\"2 minutos\" \/>\n<script type=\"application\/ld+json\" class=\"yoast-schema-graph\">{\"@context\":\"https:\\\/\\\/schema.org\",\"@graph\":[{\"@type\":\"Article\",\"@id\":\"https:\\\/\\\/jornaldasoficinas.com\\\/pt\\\/italia-estara-em-peso-no-global-mobility-call\\\/#article\",\"isPartOf\":{\"@id\":\"https:\\\/\\\/jornaldasoficinas.com\\\/pt\\\/italia-estara-em-peso-no-global-mobility-call\\\/\"},\"author\":{\"name\":\"Reda\u00e7\u00e3o JO\",\"@id\":\"https:\\\/\\\/jornaldasoficinas.com\\\/pt\\\/#\\\/schema\\\/person\\\/a38eef5de2c41d9e7c9ac10141afddf3\"},\"headline\":\"It\u00e1lia estar\u00e1 em peso no Global Mobility Call\",\"datePublished\":\"2023-08-14T11:30:00+00:00\",\"mainEntityOfPage\":{\"@id\":\"https:\\\/\\\/jornaldasoficinas.com\\\/pt\\\/italia-estara-em-peso-no-global-mobility-call\\\/\"},\"wordCount\":250,\"publisher\":{\"@id\":\"https:\\\/\\\/jornaldasoficinas.com\\\/pt\\\/#organization\"},\"image\":{\"@id\":\"https:\\\/\\\/jornaldasoficinas.com\\\/pt\\\/italia-estara-em-peso-no-global-mobility-call\\\/#primaryimage\"},\"thumbnailUrl\":\"https:\\\/\\\/jornaldasoficinas.com\\\/pt\\\/wp-content\\\/uploads\\\/2023\\\/08\\\/Italia-estara-em-peso-no-Global-Mobility-Call.jpg\",\"keywords\":[\"Global Mobility Call\",\"ICE\",\"IFEMA\",\"Smobhub\"],\"articleSection\":[\"Empresas\"],\"inLanguage\":\"pt-PT\"},{\"@type\":\"WebPage\",\"@id\":\"https:\\\/\\\/jornaldasoficinas.com\\\/pt\\\/italia-estara-em-peso-no-global-mobility-call\\\/\",\"url\":\"https:\\\/\\\/jornaldasoficinas.com\\\/pt\\\/italia-estara-em-peso-no-global-mobility-call\\\/\",\"name\":\"It\u00e1lia estar\u00e1 em peso no Global Mobility Call - Jornal das Oficinas\",\"isPartOf\":{\"@id\":\"https:\\\/\\\/jornaldasoficinas.com\\\/pt\\\/#website\"},\"primaryImageOfPage\":{\"@id\":\"https:\\\/\\\/jornaldasoficinas.com\\\/pt\\\/italia-estara-em-peso-no-global-mobility-call\\\/#primaryimage\"},\"image\":{\"@id\":\"https:\\\/\\\/jornaldasoficinas.com\\\/pt\\\/italia-estara-em-peso-no-global-mobility-call\\\/#primaryimage\"},\"thumbnailUrl\":\"https:\\\/\\\/jornaldasoficinas.com\\\/pt\\\/wp-content\\\/uploads\\\/2023\\\/08\\\/Italia-estara-em-peso-no-Global-Mobility-Call.jpg\",\"datePublished\":\"2023-08-14T11:30:00+00:00\",\"description\":\"A It\u00e1lia vai estar no Global Mobility Call,\u00a0como pa\u00eds colaborador do\u00a0evento,\u00a0devido a um acordo entre\u00a0a\u00a0IFEMA MADRID, Smobhub\u00a0e\u00a0a\u00a0ICE\",\"breadcrumb\":{\"@id\":\"https:\\\/\\\/jornaldasoficinas.com\\\/pt\\\/italia-estara-em-peso-no-global-mobility-call\\\/#breadcrumb\"},\"inLanguage\":\"pt-PT\",\"potentialAction\":[{\"@type\":\"ReadAction\",\"target\":[\"https:\\\/\\\/jornaldasoficinas.com\\\/pt\\\/italia-estara-em-peso-no-global-mobility-call\\\/\"]}]},{\"@type\":\"ImageObject\",\"inLanguage\":\"pt-PT\",\"@id\":\"https:\\\/\\\/jornaldasoficinas.com\\\/pt\\\/italia-estara-em-peso-no-global-mobility-call\\\/#primaryimage\",\"url\":\"https:\\\/\\\/jornaldasoficinas.com\\\/pt\\\/wp-content\\\/uploads\\\/2023\\\/08\\\/Italia-estara-em-peso-no-Global-Mobility-Call.jpg\",\"contentUrl\":\"https:\\\/\\\/jornaldasoficinas.com\\\/pt\\\/wp-content\\\/uploads\\\/2023\\\/08\\\/Italia-estara-em-peso-no-Global-Mobility-Call.jpg\",\"width\":1024,\"height\":581,\"caption\":\"08 - Italia estara em peso no Global Mobility Call\"},{\"@type\":\"BreadcrumbList\",\"@id\":\"https:\\\/\\\/jornaldasoficinas.com\\\/pt\\\/italia-estara-em-peso-no-global-mobility-call\\\/#breadcrumb\",\"itemListElement\":[{\"@type\":\"ListItem\",\"position\":1,\"name\":\"In\u00edcio\",\"item\":\"https:\\\/\\\/jornaldasoficinas.com\\\/pt\\\/\"},{\"@type\":\"ListItem\",\"position\":2,\"name\":\"It\u00e1lia estar\u00e1 em peso no Global Mobility Call\"}]},{\"@type\":\"WebSite\",\"@id\":\"https:\\\/\\\/jornaldasoficinas.com\\\/pt\\\/#website\",\"url\":\"https:\\\/\\\/jornaldasoficinas.com\\\/pt\\\/\",\"name\":\"Jornal das Oficinas\",\"description\":\"Jornal independente do Aftermarket Autom\u00f3vel em Portugal\",\"publisher\":{\"@id\":\"https:\\\/\\\/jornaldasoficinas.com\\\/pt\\\/#organization\"},\"potentialAction\":[{\"@type\":\"SearchAction\",\"target\":{\"@type\":\"EntryPoint\",\"urlTemplate\":\"https:\\\/\\\/jornaldasoficinas.com\\\/pt\\\/?s={search_term_string}\"},\"query-input\":{\"@type\":\"PropertyValueSpecification\",\"valueRequired\":true,\"valueName\":\"search_term_string\"}}],\"inLanguage\":\"pt-PT\"},{\"@type\":\"Organization\",\"@id\":\"https:\\\/\\\/jornaldasoficinas.com\\\/pt\\\/#organization\",\"name\":\"Jornal das Oficinas\",\"url\":\"https:\\\/\\\/jornaldasoficinas.com\\\/pt\\\/\",\"logo\":{\"@type\":\"ImageObject\",\"inLanguage\":\"pt-PT\",\"@id\":\"https:\\\/\\\/jornaldasoficinas.com\\\/pt\\\/#\\\/schema\\\/logo\\\/image\\\/\",\"url\":\"https:\\\/\\\/jornaldasoficinas.com\\\/pt\\\/wp-content\\\/uploads\\\/logoJO-SEO.png\",\"contentUrl\":\"https:\\\/\\\/jornaldasoficinas.com\\\/pt\\\/wp-content\\\/uploads\\\/logoJO-SEO.png\",\"width\":285,\"height\":450,\"caption\":\"Jornal das Oficinas\"},\"image\":{\"@id\":\"https:\\\/\\\/jornaldasoficinas.com\\\/pt\\\/#\\\/schema\\\/logo\\\/image\\\/\"},\"sameAs\":[\"https:\\\/\\\/www.facebook.com\\\/jornaloficinas\",\"https:\\\/\\\/x.com\\\/jornaloficinas\",\"https:\\\/\\\/www.instagram.com\\\/jornal_oficinas\\\/\",\"https:\\\/\\\/www.linkedin.com\\\/company\\\/jornal-das-oficinas\\\/\",\"https:\\\/\\\/www.youtube.com\\\/channel\\\/UCbQZBqtcvV-oSQrr7RzINGg\"]},{\"@type\":\"Person\",\"@id\":\"https:\\\/\\\/jornaldasoficinas.com\\\/pt\\\/#\\\/schema\\\/person\\\/a38eef5de2c41d9e7c9ac10141afddf3\",\"name\":\"Reda\u00e7\u00e3o JO\",\"image\":{\"@type\":\"ImageObject\",\"inLanguage\":\"pt-PT\",\"@id\":\"https:\\\/\\\/secure.gravatar.com\\\/avatar\\\/71f2fa71737ad68a84fea94bc708ddac8ea5b0c4788dc2ad202f3ccb2887742f?s=96&d=wp_user_avatar&r=g\",\"url\":\"https:\\\/\\\/secure.gravatar.com\\\/avatar\\\/71f2fa71737ad68a84fea94bc708ddac8ea5b0c4788dc2ad202f3ccb2887742f?s=96&d=wp_user_avatar&r=g\",\"contentUrl\":\"https:\\\/\\\/secure.gravatar.com\\\/avatar\\\/71f2fa71737ad68a84fea94bc708ddac8ea5b0c4788dc2ad202f3ccb2887742f?s=96&d=wp_user_avatar&r=g\",\"caption\":\"Reda\u00e7\u00e3o JO\"},\"url\":\"https:\\\/\\\/jornaldasoficinas.com\\\/pt\\\/author\\\/joredacao\\\/\"}]}<\/script>\n<!-- \/ Yoast SEO plugin. -->","yoast_head_json":{"title":"It\u00e1lia estar\u00e1 em peso no Global Mobility Call - Jornal das Oficinas","description":"A It\u00e1lia vai estar no Global Mobility Call,\u00a0como pa\u00eds colaborador do\u00a0evento,\u00a0devido a um acordo entre\u00a0a\u00a0IFEMA MADRID, Smobhub\u00a0e\u00a0a\u00a0ICE","robots":{"index":"index","follow":"follow","max-snippet":"max-snippet:-1","max-image-preview":"max-image-preview:large","max-video-preview":"max-video-preview:-1"},"canonical":"https:\/\/jornaldasoficinas.com\/pt\/italia-estara-em-peso-no-global-mobility-call\/","og_locale":"pt_PT","og_type":"article","og_title":"It\u00e1lia estar\u00e1 em peso no Global Mobility Call - Jornal das Oficinas","og_description":"A It\u00e1lia vai estar no Global Mobility Call,\u00a0como pa\u00eds colaborador do\u00a0evento,\u00a0devido a um acordo entre\u00a0a\u00a0IFEMA MADRID, Smobhub\u00a0e\u00a0a\u00a0ICE","og_url":"https:\/\/jornaldasoficinas.com\/pt\/italia-estara-em-peso-no-global-mobility-call\/","og_site_name":"Jornal das Oficinas","article_publisher":"https:\/\/www.facebook.com\/jornaloficinas","article_published_time":"2023-08-14T11:30:00+00:00","og_image":[{"width":1024,"height":581,"url":"https:\/\/jornaldasoficinas.com\/pt\/wp-content\/uploads\/2023\/08\/Italia-estara-em-peso-no-Global-Mobility-Call.jpg","type":"image\/jpeg"}],"author":"Reda\u00e7\u00e3o JO","twitter_card":"summary_large_image","twitter_creator":"@jornaloficinas","twitter_site":"@jornaloficinas","twitter_misc":{"Escrito por":"Reda\u00e7\u00e3o JO","Tempo estimado de leitura":"2 minutos"},"schema":{"@context":"https:\/\/schema.org","@graph":[{"@type":"Article","@id":"https:\/\/jornaldasoficinas.com\/pt\/italia-estara-em-peso-no-global-mobility-call\/#article","isPartOf":{"@id":"https:\/\/jornaldasoficinas.com\/pt\/italia-estara-em-peso-no-global-mobility-call\/"},"author":{"name":"Reda\u00e7\u00e3o JO","@id":"https:\/\/jornaldasoficinas.com\/pt\/#\/schema\/person\/a38eef5de2c41d9e7c9ac10141afddf3"},"headline":"It\u00e1lia estar\u00e1 em peso no Global Mobility Call","datePublished":"2023-08-14T11:30:00+00:00","mainEntityOfPage":{"@id":"https:\/\/jornaldasoficinas.com\/pt\/italia-estara-em-peso-no-global-mobility-call\/"},"wordCount":250,"publisher":{"@id":"https:\/\/jornaldasoficinas.com\/pt\/#organization"},"image":{"@id":"https:\/\/jornaldasoficinas.com\/pt\/italia-estara-em-peso-no-global-mobility-call\/#primaryimage"},"thumbnailUrl":"https:\/\/jornaldasoficinas.com\/pt\/wp-content\/uploads\/2023\/08\/Italia-estara-em-peso-no-Global-Mobility-Call.jpg","keywords":["Global Mobility Call","ICE","IFEMA","Smobhub"],"articleSection":["Empresas"],"inLanguage":"pt-PT"},{"@type":"WebPage","@id":"https:\/\/jornaldasoficinas.com\/pt\/italia-estara-em-peso-no-global-mobility-call\/","url":"https:\/\/jornaldasoficinas.com\/pt\/italia-estara-em-peso-no-global-mobility-call\/","name":"It\u00e1lia estar\u00e1 em peso no Global Mobility Call - Jornal das Oficinas","isPartOf":{"@id":"https:\/\/jornaldasoficinas.com\/pt\/#website"},"primaryImageOfPage":{"@id":"https:\/\/jornaldasoficinas.com\/pt\/italia-estara-em-peso-no-global-mobility-call\/#primaryimage"},"image":{"@id":"https:\/\/jornaldasoficinas.com\/pt\/italia-estara-em-peso-no-global-mobility-call\/#primaryimage"},"thumbnailUrl":"https:\/\/jornaldasoficinas.com\/pt\/wp-content\/uploads\/2023\/08\/Italia-estara-em-peso-no-Global-Mobility-Call.jpg","datePublished":"2023-08-14T11:30:00+00:00","description":"A It\u00e1lia vai estar no Global Mobility Call,\u00a0como pa\u00eds colaborador do\u00a0evento,\u00a0devido a um acordo entre\u00a0a\u00a0IFEMA MADRID, Smobhub\u00a0e\u00a0a\u00a0ICE","breadcrumb":{"@id":"https:\/\/jornaldasoficinas.com\/pt\/italia-estara-em-peso-no-global-mobility-call\/#breadcrumb"},"inLanguage":"pt-PT","potentialAction":[{"@type":"ReadAction","target":["https:\/\/jornaldasoficinas.com\/pt\/italia-estara-em-peso-no-global-mobility-call\/"]}]},{"@type":"ImageObject","inLanguage":"pt-PT","@id":"https:\/\/jornaldasoficinas.com\/pt\/italia-estara-em-peso-no-global-mobility-call\/#primaryimage","url":"https:\/\/jornaldasoficinas.com\/pt\/wp-content\/uploads\/2023\/08\/Italia-estara-em-peso-no-Global-Mobility-Call.jpg","contentUrl":"https:\/\/jornaldasoficinas.com\/pt\/wp-content\/uploads\/2023\/08\/Italia-estara-em-peso-no-Global-Mobility-Call.jpg","width":1024,"height":581,"caption":"08 - Italia estara em peso no Global Mobility Call"},{"@type":"BreadcrumbList","@id":"https:\/\/jornaldasoficinas.com\/pt\/italia-estara-em-peso-no-global-mobility-call\/#breadcrumb","itemListElement":[{"@type":"ListItem","position":1,"name":"In\u00edcio","item":"https:\/\/jornaldasoficinas.com\/pt\/"},{"@type":"ListItem","position":2,"name":"It\u00e1lia estar\u00e1 em peso no Global Mobility Call"}]},{"@type":"WebSite","@id":"https:\/\/jornaldasoficinas.com\/pt\/#website","url":"https:\/\/jornaldasoficinas.com\/pt\/","name":"Jornal das Oficinas","description":"Jornal independente do Aftermarket Autom\u00f3vel em Portugal","publisher":{"@id":"https:\/\/jornaldasoficinas.com\/pt\/#organization"},"potentialAction":[{"@type":"SearchAction","target":{"@type":"EntryPoint","urlTemplate":"https:\/\/jornaldasoficinas.com\/pt\/?s={search_term_string}"},"query-input":{"@type":"PropertyValueSpecification","valueRequired":true,"valueName":"search_term_string"}}],"inLanguage":"pt-PT"},{"@type":"Organization","@id":"https:\/\/jornaldasoficinas.com\/pt\/#organization","name":"Jornal das Oficinas","url":"https:\/\/jornaldasoficinas.com\/pt\/","logo":{"@type":"ImageObject","inLanguage":"pt-PT","@id":"https:\/\/jornaldasoficinas.com\/pt\/#\/schema\/logo\/image\/","url":"https:\/\/jornaldasoficinas.com\/pt\/wp-content\/uploads\/logoJO-SEO.png","contentUrl":"https:\/\/jornaldasoficinas.com\/pt\/wp-content\/uploads\/logoJO-SEO.png","width":285,"height":450,"caption":"Jornal das Oficinas"},"image":{"@id":"https:\/\/jornaldasoficinas.com\/pt\/#\/schema\/logo\/image\/"},"sameAs":["https:\/\/www.facebook.com\/jornaloficinas","https:\/\/x.com\/jornaloficinas","https:\/\/www.instagram.com\/jornal_oficinas\/","https:\/\/www.linkedin.com\/company\/jornal-das-oficinas\/","https:\/\/www.youtube.com\/channel\/UCbQZBqtcvV-oSQrr7RzINGg"]},{"@type":"Person","@id":"https:\/\/jornaldasoficinas.com\/pt\/#\/schema\/person\/a38eef5de2c41d9e7c9ac10141afddf3","name":"Reda\u00e7\u00e3o JO","image":{"@type":"ImageObject","inLanguage":"pt-PT","@id":"https:\/\/secure.gravatar.com\/avatar\/71f2fa71737ad68a84fea94bc708ddac8ea5b0c4788dc2ad202f3ccb2887742f?s=96&d=wp_user_avatar&r=g","url":"https:\/\/secure.gravatar.com\/avatar\/71f2fa71737ad68a84fea94bc708ddac8ea5b0c4788dc2ad202f3ccb2887742f?s=96&d=wp_user_avatar&r=g","contentUrl":"https:\/\/secure.gravatar.com\/avatar\/71f2fa71737ad68a84fea94bc708ddac8ea5b0c4788dc2ad202f3ccb2887742f?s=96&d=wp_user_avatar&r=g","caption":"Reda\u00e7\u00e3o JO"},"url":"https:\/\/jornaldasoficinas.com\/pt\/author\/joredacao\/"}]}},"_links":{"self":[{"href":"https:\/\/jornaldasoficinas.com\/pt\/wp-json\/wp\/v2\/posts\/70865","targetHints":{"allow":["GET"]}}],"collection":[{"href":"https:\/\/jornaldasoficinas.com\/pt\/wp-json\/wp\/v2\/posts"}],"about":[{"href":"https:\/\/jornaldasoficinas.com\/pt\/wp-json\/wp\/v2\/types\/post"}],"author":[{"embeddable":true,"href":"https:\/\/jornaldasoficinas.com\/pt\/wp-json\/wp\/v2\/users\/15"}],"replies":[{"embeddable":true,"href":"https:\/\/jornaldasoficinas.com\/pt\/wp-json\/wp\/v2\/comments?post=70865"}],"version-history":[{"count":0,"href":"https:\/\/jornaldasoficinas.com\/pt\/wp-json\/wp\/v2\/posts\/70865\/revisions"}],"wp:featuredmedia":[{"embeddable":true,"href":"https:\/\/jornaldasoficinas.com\/pt\/wp-json\/wp\/v2\/media\/70857"}],"wp:attachment":[{"href":"https:\/\/jornaldasoficinas.com\/pt\/wp-json\/wp\/v2\/media?parent=70865"}],"wp:term":[{"taxonomy":"category","embeddable":true,"href":"https:\/\/jornaldasoficinas.com\/pt\/wp-json\/wp\/v2\/categories?post=70865"},{"taxonomy":"post_tag","embeddable":true,"href":"https:\/\/jornaldasoficinas.com\/pt\/wp-json\/wp\/v2\/tags?post=70865"}],"curies":[{"name":"wp","href":"https:\/\/api.w.org\/{rel}","templated":true}]}}