{"id":70971,"date":"2023-09-06T08:00:57","date_gmt":"2023-09-06T07:00:57","guid":{"rendered":"https:\/\/jornaldasoficinas.com\/pt\/?p=70971"},"modified":"2023-09-05T17:53:15","modified_gmt":"2023-09-05T16:53:15","slug":"infopro-digital-automotive-lanca-em-portugal-atelio-pro","status":"publish","type":"post","link":"https:\/\/jornaldasoficinas.com\/pt\/infopro-digital-automotive-lanca-em-portugal-atelio-pro\/","title":{"rendered":"Infopro Digital Automotive lan\u00e7a em Portugal Atelio Pro"},"content":{"rendered":"<p><img loading=\"lazy\" decoding=\"async\" class=\"alignnone size-full wp-image-70924\" src=\"https:\/\/jornaldasoficinas.com\/pt\/wp-content\/uploads\/2023\/08\/Infopro-Digital-Automotive-1.jpg\" alt=\"08 - Infopro Digital Automotive 1\" width=\"1024\" height=\"581\" srcset=\"https:\/\/jornaldasoficinas.com\/pt\/wp-content\/uploads\/2023\/08\/Infopro-Digital-Automotive-1.jpg 1024w, https:\/\/jornaldasoficinas.com\/pt\/wp-content\/uploads\/2023\/08\/Infopro-Digital-Automotive-1-300x170.jpg 300w, https:\/\/jornaldasoficinas.com\/pt\/wp-content\/uploads\/2023\/08\/Infopro-Digital-Automotive-1-150x85.jpg 150w, https:\/\/jornaldasoficinas.com\/pt\/wp-content\/uploads\/2023\/08\/Infopro-Digital-Automotive-1-768x436.jpg 768w\" sizes=\"auto, (max-width: 1024px) 100vw, 1024px\" \/><\/p>\n<p><strong>A <a href=\"https:\/\/www.infopro-digital-automotive.pt\/\" target=\"_blank\" rel=\"noopener\">Infopro Digital Automotive<\/a> acaba de lan\u00e7ar em Portugal o Atelio Pro, um software de gest\u00e3o e fatura\u00e7\u00e3o para oficinas j\u00e1 presente em quatro pa\u00edses<\/strong><\/p>\n<p><a href=\"https:\/\/www.infopro-digital-automotive.pt\/produtos\/software-de-gestao-para-oficinas-atelio-pro\/?utm_source=jornaldasoficinas&amp;utm_medium=media&amp;utm_campaign=atelioprolaunch&amp;utm_product=ateliopro\" target=\"_blank\" rel=\"noopener\">Atelio Pro<\/a>\u00a0 \u00e9 um software de gest\u00e3o especializado para oficinas que permite gerir eficazmente as ordens de repara\u00e7\u00e3o, fatura\u00e7\u00e3o, marca\u00e7\u00e3o, ve\u00edculos de substitui\u00e7\u00e3o, assist\u00eancia na estrada, controlo de stocks e todos os outros aspetos da gest\u00e3o di\u00e1ria de uma oficina a partir de qualquer dispositivo.<\/p>\n<p>Presente em Fran\u00e7a, It\u00e1lia e Espanha desde 2018, tamb\u00e9m est\u00e1 agora dispon\u00edvel em Portugal, com certifica\u00e7\u00e3o da Autoridade Tribut\u00e1ria Portuguesa a partir de julho de 2023.<\/p>\n<p>O novo software permite centralizar a gest\u00e3o de todas as fases de trabalho de uma oficina numa \u00fanica interface e \u00e9 uma solu\u00e7\u00e3o em linha que se adapta a qualquer dispositivo. Atelio Pro sobressai pela sua facilidade de utiliza\u00e7\u00e3o: \u00e9 intuitivo e extraordinariamente fluido na introdu\u00e7\u00e3o de dados e na transforma\u00e7\u00e3o sem esfor\u00e7o de um formato de documento para outro (ordens de repara\u00e7\u00e3o, or\u00e7amentos e faturas).<\/p>\n<p>Atelio Pro \u00e9 uma solu\u00e7\u00e3o acess\u00edvel que se adapta \u00e0s necessidades tanto das oficinas independentes como das redes de oficinas. Para al\u00e9m de tudo o que est\u00e1 relacionado com a fatura\u00e7\u00e3o, permite gerir facilmente os dados dos clientes, ve\u00edculos e fornecedores, com a possibilidade de ter informa\u00e7\u00f5es espec\u00edficas como descontos, pre\u00e7os especiais ou documenta\u00e7\u00e3o dispon\u00edvel para cada caso. Disp\u00f5e tamb\u00e9m de um m\u00f3dulo de marca\u00e7\u00e3o para gerir rapidamente as marca\u00e7\u00f5es da oficina e transform\u00e1-las num or\u00e7amento ou numa ordem de trabalho com um simples clique.<\/p>\n<p>Continuaremos a trazer novos desenvolvimentos para o mercado portugu\u00eas e, em breve, lan\u00e7aremos uma app para o Atelio Pro que permite realizar facilmente a rece\u00e7\u00e3o ativa de ve\u00edculos com tablet. Esta app, que j\u00e1 est\u00e1 em funcionamento noutros pa\u00edses, permite uma rece\u00e7\u00e3o \u00e1gil do ve\u00edculo que inclui identifica\u00e7\u00e3o, recolha de dados, fotografias e cria\u00e7\u00e3o de ordens de repara\u00e7\u00e3o.<\/p>\n<p>Atelio Pro est\u00e1 ligado ao nosso cat\u00e1logo de pe\u00e7as sobresselentes <a href=\"https:\/\/www.infopro-digital-automotive.pt\/produtos\/catalogo-pecas-sobressalentes-atelio-aftermarket-international\/?utm_source=jornaldasoficinas&amp;utm_medium=media&amp;utm_campaign=&amp;utm_product=ami\" target=\"_blank\" rel=\"noopener\">Atelio Aftermarket International<\/a>. Esta integra\u00e7\u00e3o facilita a cria\u00e7\u00e3o de or\u00e7amentos, incluindo os pre\u00e7os das pe\u00e7as.<\/p>\n<p>Eric Gonz\u00e1lez Canova, Diretor para Espanha e Portugal da Infopro Digital Automotive, afirma: &#8220;Estamos convencidos de que o lan\u00e7amento do Atelio Pro em Portugal \u00e9 um grande passo em frente para o mercado de p\u00f3s-venda no trabalho di\u00e1rio das oficinas portuguesas. A sua facilidade de utiliza\u00e7\u00e3o \u00e9, sem d\u00favida, uma grande vantagem para qualquer profissional da repara\u00e7\u00e3o, pois implica uma melhoria substancial na efici\u00eancia de todos os procedimentos que ultrapassam o \u00e2mbito puramente mec\u00e2nico&#8221;.<\/p>\n<p>Para mais informa\u00e7\u00f5es sobre o Atelio Pro ou para solicitar uma demonstra\u00e7\u00e3o gratuita, <a href=\"https:\/\/www.infopro-digital-automotive.pt\/produtos\/software-de-gestao-para-oficinas-atelio-pro\/?utm_source=jornaldasoficinas&amp;utm_medium=media&amp;utm_campaign=atelioprolaunch&amp;utm_product=ateliopro\" target=\"_blank\" rel=\"noopener\">visite o website da Infopro Digital Automotive<\/a>.<\/p>\n<p><img loading=\"lazy\" decoding=\"async\" class=\"alignnone size-full wp-image-70925\" src=\"https:\/\/jornaldasoficinas.com\/pt\/wp-content\/uploads\/2023\/08\/Infopro-Digital-Automotive1.jpg\" alt=\"08 - Infopro Digital Automotive1\" width=\"1024\" height=\"581\" srcset=\"https:\/\/jornaldasoficinas.com\/pt\/wp-content\/uploads\/2023\/08\/Infopro-Digital-Automotive1.jpg 1024w, https:\/\/jornaldasoficinas.com\/pt\/wp-content\/uploads\/2023\/08\/Infopro-Digital-Automotive1-300x170.jpg 300w, https:\/\/jornaldasoficinas.com\/pt\/wp-content\/uploads\/2023\/08\/Infopro-Digital-Automotive1-150x85.jpg 150w, https:\/\/jornaldasoficinas.com\/pt\/wp-content\/uploads\/2023\/08\/Infopro-Digital-Automotive1-768x436.jpg 768w\" sizes=\"auto, (max-width: 1024px) 100vw, 1024px\" \/><\/p>\n<p><img loading=\"lazy\" decoding=\"async\" class=\"alignnone size-full wp-image-70923\" src=\"https:\/\/jornaldasoficinas.com\/pt\/wp-content\/uploads\/2023\/08\/Infopro-Digital-Automotive.jpg\" alt=\"08 - Infopro Digital Automotive\" width=\"1024\" height=\"581\" srcset=\"https:\/\/jornaldasoficinas.com\/pt\/wp-content\/uploads\/2023\/08\/Infopro-Digital-Automotive.jpg 1024w, https:\/\/jornaldasoficinas.com\/pt\/wp-content\/uploads\/2023\/08\/Infopro-Digital-Automotive-300x170.jpg 300w, https:\/\/jornaldasoficinas.com\/pt\/wp-content\/uploads\/2023\/08\/Infopro-Digital-Automotive-150x85.jpg 150w, https:\/\/jornaldasoficinas.com\/pt\/wp-content\/uploads\/2023\/08\/Infopro-Digital-Automotive-768x436.jpg 768w\" sizes=\"auto, (max-width: 1024px) 100vw, 1024px\" \/><\/p>\n","protected":false},"excerpt":{"rendered":"<p>A Infopro Digital Automotive acaba de&#8230;<\/p>\n","protected":false},"author":15,"featured_media":70924,"comment_status":"closed","ping_status":"closed","sticky":false,"template":"","format":"standard","meta":{"footnotes":""},"categories":[29],"tags":[6075,6076,2690],"class_list":["post-70971","post","type-post","status-publish","format-standard","has-post-thumbnail","hentry","category-empresas","tag-atelio-pro","tag-gestao-e-faturacao","tag-infopro-digital-automotive"],"yoast_head":"<!-- This site is optimized with the Yoast SEO plugin v27.5 - https:\/\/yoast.com\/product\/yoast-seo-wordpress\/ -->\n<title>Infopro Digital Automotive lan\u00e7a em Portugal Atelio Pro - Jornal das Oficinas<\/title>\n<meta name=\"description\" content=\"A Infopro Digital Automotive lan\u00e7ou em Portugal o Atelio Pro, um software de gest\u00e3o e fatura\u00e7\u00e3o para oficinas j\u00e1 presente em quatro pa\u00edses\" \/>\n<meta name=\"robots\" content=\"index, follow, max-snippet:-1, max-image-preview:large, max-video-preview:-1\" \/>\n<link rel=\"canonical\" href=\"https:\/\/jornaldasoficinas.com\/pt\/infopro-digital-automotive-lanca-em-portugal-atelio-pro\/\" \/>\n<meta property=\"og:locale\" content=\"pt_PT\" \/>\n<meta property=\"og:type\" content=\"article\" \/>\n<meta property=\"og:title\" content=\"Infopro Digital Automotive lan\u00e7a em Portugal Atelio Pro - Jornal das Oficinas\" \/>\n<meta property=\"og:description\" content=\"A Infopro Digital Automotive lan\u00e7ou em Portugal o Atelio Pro, um software de gest\u00e3o e fatura\u00e7\u00e3o para oficinas j\u00e1 presente em quatro pa\u00edses\" \/>\n<meta property=\"og:url\" content=\"https:\/\/jornaldasoficinas.com\/pt\/infopro-digital-automotive-lanca-em-portugal-atelio-pro\/\" \/>\n<meta property=\"og:site_name\" content=\"Jornal das Oficinas\" \/>\n<meta property=\"article:publisher\" content=\"https:\/\/www.facebook.com\/jornaloficinas\" \/>\n<meta property=\"article:published_time\" content=\"2023-09-06T07:00:57+00:00\" \/>\n<meta property=\"og:image\" content=\"https:\/\/jornaldasoficinas.com\/pt\/wp-content\/uploads\/2023\/08\/Infopro-Digital-Automotive-1.jpg\" \/>\n\t<meta property=\"og:image:width\" content=\"1024\" \/>\n\t<meta property=\"og:image:height\" content=\"581\" \/>\n\t<meta property=\"og:image:type\" content=\"image\/jpeg\" \/>\n<meta name=\"author\" content=\"Reda\u00e7\u00e3o JO\" \/>\n<meta name=\"twitter:card\" content=\"summary_large_image\" \/>\n<meta name=\"twitter:creator\" content=\"@jornaloficinas\" \/>\n<meta name=\"twitter:site\" content=\"@jornaloficinas\" \/>\n<meta name=\"twitter:label1\" content=\"Escrito por\" \/>\n\t<meta name=\"twitter:data1\" content=\"Reda\u00e7\u00e3o JO\" \/>\n\t<meta name=\"twitter:label2\" content=\"Tempo estimado de leitura\" \/>\n\t<meta name=\"twitter:data2\" content=\"3 minutos\" \/>\n<script type=\"application\/ld+json\" class=\"yoast-schema-graph\">{\"@context\":\"https:\\\/\\\/schema.org\",\"@graph\":[{\"@type\":\"Article\",\"@id\":\"https:\\\/\\\/jornaldasoficinas.com\\\/pt\\\/infopro-digital-automotive-lanca-em-portugal-atelio-pro\\\/#article\",\"isPartOf\":{\"@id\":\"https:\\\/\\\/jornaldasoficinas.com\\\/pt\\\/infopro-digital-automotive-lanca-em-portugal-atelio-pro\\\/\"},\"author\":{\"name\":\"Reda\u00e7\u00e3o JO\",\"@id\":\"https:\\\/\\\/jornaldasoficinas.com\\\/pt\\\/#\\\/schema\\\/person\\\/a38eef5de2c41d9e7c9ac10141afddf3\"},\"headline\":\"Infopro Digital Automotive lan\u00e7a em Portugal Atelio Pro\",\"datePublished\":\"2023-09-06T07:00:57+00:00\",\"mainEntityOfPage\":{\"@id\":\"https:\\\/\\\/jornaldasoficinas.com\\\/pt\\\/infopro-digital-automotive-lanca-em-portugal-atelio-pro\\\/\"},\"wordCount\":497,\"publisher\":{\"@id\":\"https:\\\/\\\/jornaldasoficinas.com\\\/pt\\\/#organization\"},\"image\":{\"@id\":\"https:\\\/\\\/jornaldasoficinas.com\\\/pt\\\/infopro-digital-automotive-lanca-em-portugal-atelio-pro\\\/#primaryimage\"},\"thumbnailUrl\":\"https:\\\/\\\/jornaldasoficinas.com\\\/pt\\\/wp-content\\\/uploads\\\/2023\\\/08\\\/Infopro-Digital-Automotive-1.jpg\",\"keywords\":[\"Atelio Pro\",\"Gest\u00e3o e fatura\u00e7\u00e3o\",\"Infopro Digital Automotive\"],\"articleSection\":[\"Empresas\"],\"inLanguage\":\"pt-PT\"},{\"@type\":\"WebPage\",\"@id\":\"https:\\\/\\\/jornaldasoficinas.com\\\/pt\\\/infopro-digital-automotive-lanca-em-portugal-atelio-pro\\\/\",\"url\":\"https:\\\/\\\/jornaldasoficinas.com\\\/pt\\\/infopro-digital-automotive-lanca-em-portugal-atelio-pro\\\/\",\"name\":\"Infopro Digital Automotive lan\u00e7a em Portugal Atelio Pro - Jornal das Oficinas\",\"isPartOf\":{\"@id\":\"https:\\\/\\\/jornaldasoficinas.com\\\/pt\\\/#website\"},\"primaryImageOfPage\":{\"@id\":\"https:\\\/\\\/jornaldasoficinas.com\\\/pt\\\/infopro-digital-automotive-lanca-em-portugal-atelio-pro\\\/#primaryimage\"},\"image\":{\"@id\":\"https:\\\/\\\/jornaldasoficinas.com\\\/pt\\\/infopro-digital-automotive-lanca-em-portugal-atelio-pro\\\/#primaryimage\"},\"thumbnailUrl\":\"https:\\\/\\\/jornaldasoficinas.com\\\/pt\\\/wp-content\\\/uploads\\\/2023\\\/08\\\/Infopro-Digital-Automotive-1.jpg\",\"datePublished\":\"2023-09-06T07:00:57+00:00\",\"description\":\"A Infopro Digital Automotive lan\u00e7ou em Portugal o Atelio Pro, um software de gest\u00e3o e fatura\u00e7\u00e3o para oficinas j\u00e1 presente em quatro pa\u00edses\",\"breadcrumb\":{\"@id\":\"https:\\\/\\\/jornaldasoficinas.com\\\/pt\\\/infopro-digital-automotive-lanca-em-portugal-atelio-pro\\\/#breadcrumb\"},\"inLanguage\":\"pt-PT\",\"potentialAction\":[{\"@type\":\"ReadAction\",\"target\":[\"https:\\\/\\\/jornaldasoficinas.com\\\/pt\\\/infopro-digital-automotive-lanca-em-portugal-atelio-pro\\\/\"]}]},{\"@type\":\"ImageObject\",\"inLanguage\":\"pt-PT\",\"@id\":\"https:\\\/\\\/jornaldasoficinas.com\\\/pt\\\/infopro-digital-automotive-lanca-em-portugal-atelio-pro\\\/#primaryimage\",\"url\":\"https:\\\/\\\/jornaldasoficinas.com\\\/pt\\\/wp-content\\\/uploads\\\/2023\\\/08\\\/Infopro-Digital-Automotive-1.jpg\",\"contentUrl\":\"https:\\\/\\\/jornaldasoficinas.com\\\/pt\\\/wp-content\\\/uploads\\\/2023\\\/08\\\/Infopro-Digital-Automotive-1.jpg\",\"width\":1024,\"height\":581,\"caption\":\"08 - Infopro Digital Automotive 1\"},{\"@type\":\"BreadcrumbList\",\"@id\":\"https:\\\/\\\/jornaldasoficinas.com\\\/pt\\\/infopro-digital-automotive-lanca-em-portugal-atelio-pro\\\/#breadcrumb\",\"itemListElement\":[{\"@type\":\"ListItem\",\"position\":1,\"name\":\"In\u00edcio\",\"item\":\"https:\\\/\\\/jornaldasoficinas.com\\\/pt\\\/\"},{\"@type\":\"ListItem\",\"position\":2,\"name\":\"Infopro Digital Automotive lan\u00e7a em Portugal Atelio Pro\"}]},{\"@type\":\"WebSite\",\"@id\":\"https:\\\/\\\/jornaldasoficinas.com\\\/pt\\\/#website\",\"url\":\"https:\\\/\\\/jornaldasoficinas.com\\\/pt\\\/\",\"name\":\"Jornal das Oficinas\",\"description\":\"Jornal independente do Aftermarket Autom\u00f3vel em Portugal\",\"publisher\":{\"@id\":\"https:\\\/\\\/jornaldasoficinas.com\\\/pt\\\/#organization\"},\"potentialAction\":[{\"@type\":\"SearchAction\",\"target\":{\"@type\":\"EntryPoint\",\"urlTemplate\":\"https:\\\/\\\/jornaldasoficinas.com\\\/pt\\\/?s={search_term_string}\"},\"query-input\":{\"@type\":\"PropertyValueSpecification\",\"valueRequired\":true,\"valueName\":\"search_term_string\"}}],\"inLanguage\":\"pt-PT\"},{\"@type\":\"Organization\",\"@id\":\"https:\\\/\\\/jornaldasoficinas.com\\\/pt\\\/#organization\",\"name\":\"Jornal das Oficinas\",\"url\":\"https:\\\/\\\/jornaldasoficinas.com\\\/pt\\\/\",\"logo\":{\"@type\":\"ImageObject\",\"inLanguage\":\"pt-PT\",\"@id\":\"https:\\\/\\\/jornaldasoficinas.com\\\/pt\\\/#\\\/schema\\\/logo\\\/image\\\/\",\"url\":\"https:\\\/\\\/jornaldasoficinas.com\\\/pt\\\/wp-content\\\/uploads\\\/logoJO-SEO.png\",\"contentUrl\":\"https:\\\/\\\/jornaldasoficinas.com\\\/pt\\\/wp-content\\\/uploads\\\/logoJO-SEO.png\",\"width\":285,\"height\":450,\"caption\":\"Jornal das Oficinas\"},\"image\":{\"@id\":\"https:\\\/\\\/jornaldasoficinas.com\\\/pt\\\/#\\\/schema\\\/logo\\\/image\\\/\"},\"sameAs\":[\"https:\\\/\\\/www.facebook.com\\\/jornaloficinas\",\"https:\\\/\\\/x.com\\\/jornaloficinas\",\"https:\\\/\\\/www.instagram.com\\\/jornal_oficinas\\\/\",\"https:\\\/\\\/www.linkedin.com\\\/company\\\/jornal-das-oficinas\\\/\",\"https:\\\/\\\/www.youtube.com\\\/channel\\\/UCbQZBqtcvV-oSQrr7RzINGg\"]},{\"@type\":\"Person\",\"@id\":\"https:\\\/\\\/jornaldasoficinas.com\\\/pt\\\/#\\\/schema\\\/person\\\/a38eef5de2c41d9e7c9ac10141afddf3\",\"name\":\"Reda\u00e7\u00e3o JO\",\"image\":{\"@type\":\"ImageObject\",\"inLanguage\":\"pt-PT\",\"@id\":\"https:\\\/\\\/secure.gravatar.com\\\/avatar\\\/71f2fa71737ad68a84fea94bc708ddac8ea5b0c4788dc2ad202f3ccb2887742f?s=96&d=wp_user_avatar&r=g\",\"url\":\"https:\\\/\\\/secure.gravatar.com\\\/avatar\\\/71f2fa71737ad68a84fea94bc708ddac8ea5b0c4788dc2ad202f3ccb2887742f?s=96&d=wp_user_avatar&r=g\",\"contentUrl\":\"https:\\\/\\\/secure.gravatar.com\\\/avatar\\\/71f2fa71737ad68a84fea94bc708ddac8ea5b0c4788dc2ad202f3ccb2887742f?s=96&d=wp_user_avatar&r=g\",\"caption\":\"Reda\u00e7\u00e3o JO\"},\"url\":\"https:\\\/\\\/jornaldasoficinas.com\\\/pt\\\/author\\\/joredacao\\\/\"}]}<\/script>\n<!-- \/ Yoast SEO plugin. -->","yoast_head_json":{"title":"Infopro Digital Automotive lan\u00e7a em Portugal Atelio Pro - Jornal das Oficinas","description":"A Infopro Digital Automotive lan\u00e7ou em Portugal o Atelio Pro, um software de gest\u00e3o e fatura\u00e7\u00e3o para oficinas j\u00e1 presente em quatro pa\u00edses","robots":{"index":"index","follow":"follow","max-snippet":"max-snippet:-1","max-image-preview":"max-image-preview:large","max-video-preview":"max-video-preview:-1"},"canonical":"https:\/\/jornaldasoficinas.com\/pt\/infopro-digital-automotive-lanca-em-portugal-atelio-pro\/","og_locale":"pt_PT","og_type":"article","og_title":"Infopro Digital Automotive lan\u00e7a em Portugal Atelio Pro - Jornal das Oficinas","og_description":"A Infopro Digital Automotive lan\u00e7ou em Portugal o Atelio Pro, um software de gest\u00e3o e fatura\u00e7\u00e3o para oficinas j\u00e1 presente em quatro pa\u00edses","og_url":"https:\/\/jornaldasoficinas.com\/pt\/infopro-digital-automotive-lanca-em-portugal-atelio-pro\/","og_site_name":"Jornal das Oficinas","article_publisher":"https:\/\/www.facebook.com\/jornaloficinas","article_published_time":"2023-09-06T07:00:57+00:00","og_image":[{"width":1024,"height":581,"url":"https:\/\/jornaldasoficinas.com\/pt\/wp-content\/uploads\/2023\/08\/Infopro-Digital-Automotive-1.jpg","type":"image\/jpeg"}],"author":"Reda\u00e7\u00e3o JO","twitter_card":"summary_large_image","twitter_creator":"@jornaloficinas","twitter_site":"@jornaloficinas","twitter_misc":{"Escrito por":"Reda\u00e7\u00e3o JO","Tempo estimado de leitura":"3 minutos"},"schema":{"@context":"https:\/\/schema.org","@graph":[{"@type":"Article","@id":"https:\/\/jornaldasoficinas.com\/pt\/infopro-digital-automotive-lanca-em-portugal-atelio-pro\/#article","isPartOf":{"@id":"https:\/\/jornaldasoficinas.com\/pt\/infopro-digital-automotive-lanca-em-portugal-atelio-pro\/"},"author":{"name":"Reda\u00e7\u00e3o JO","@id":"https:\/\/jornaldasoficinas.com\/pt\/#\/schema\/person\/a38eef5de2c41d9e7c9ac10141afddf3"},"headline":"Infopro Digital Automotive lan\u00e7a em Portugal Atelio Pro","datePublished":"2023-09-06T07:00:57+00:00","mainEntityOfPage":{"@id":"https:\/\/jornaldasoficinas.com\/pt\/infopro-digital-automotive-lanca-em-portugal-atelio-pro\/"},"wordCount":497,"publisher":{"@id":"https:\/\/jornaldasoficinas.com\/pt\/#organization"},"image":{"@id":"https:\/\/jornaldasoficinas.com\/pt\/infopro-digital-automotive-lanca-em-portugal-atelio-pro\/#primaryimage"},"thumbnailUrl":"https:\/\/jornaldasoficinas.com\/pt\/wp-content\/uploads\/2023\/08\/Infopro-Digital-Automotive-1.jpg","keywords":["Atelio Pro","Gest\u00e3o e fatura\u00e7\u00e3o","Infopro Digital Automotive"],"articleSection":["Empresas"],"inLanguage":"pt-PT"},{"@type":"WebPage","@id":"https:\/\/jornaldasoficinas.com\/pt\/infopro-digital-automotive-lanca-em-portugal-atelio-pro\/","url":"https:\/\/jornaldasoficinas.com\/pt\/infopro-digital-automotive-lanca-em-portugal-atelio-pro\/","name":"Infopro Digital Automotive lan\u00e7a em Portugal Atelio Pro - Jornal das Oficinas","isPartOf":{"@id":"https:\/\/jornaldasoficinas.com\/pt\/#website"},"primaryImageOfPage":{"@id":"https:\/\/jornaldasoficinas.com\/pt\/infopro-digital-automotive-lanca-em-portugal-atelio-pro\/#primaryimage"},"image":{"@id":"https:\/\/jornaldasoficinas.com\/pt\/infopro-digital-automotive-lanca-em-portugal-atelio-pro\/#primaryimage"},"thumbnailUrl":"https:\/\/jornaldasoficinas.com\/pt\/wp-content\/uploads\/2023\/08\/Infopro-Digital-Automotive-1.jpg","datePublished":"2023-09-06T07:00:57+00:00","description":"A Infopro Digital Automotive lan\u00e7ou em Portugal o Atelio Pro, um software de gest\u00e3o e fatura\u00e7\u00e3o para oficinas j\u00e1 presente em quatro pa\u00edses","breadcrumb":{"@id":"https:\/\/jornaldasoficinas.com\/pt\/infopro-digital-automotive-lanca-em-portugal-atelio-pro\/#breadcrumb"},"inLanguage":"pt-PT","potentialAction":[{"@type":"ReadAction","target":["https:\/\/jornaldasoficinas.com\/pt\/infopro-digital-automotive-lanca-em-portugal-atelio-pro\/"]}]},{"@type":"ImageObject","inLanguage":"pt-PT","@id":"https:\/\/jornaldasoficinas.com\/pt\/infopro-digital-automotive-lanca-em-portugal-atelio-pro\/#primaryimage","url":"https:\/\/jornaldasoficinas.com\/pt\/wp-content\/uploads\/2023\/08\/Infopro-Digital-Automotive-1.jpg","contentUrl":"https:\/\/jornaldasoficinas.com\/pt\/wp-content\/uploads\/2023\/08\/Infopro-Digital-Automotive-1.jpg","width":1024,"height":581,"caption":"08 - Infopro Digital Automotive 1"},{"@type":"BreadcrumbList","@id":"https:\/\/jornaldasoficinas.com\/pt\/infopro-digital-automotive-lanca-em-portugal-atelio-pro\/#breadcrumb","itemListElement":[{"@type":"ListItem","position":1,"name":"In\u00edcio","item":"https:\/\/jornaldasoficinas.com\/pt\/"},{"@type":"ListItem","position":2,"name":"Infopro Digital Automotive lan\u00e7a em Portugal Atelio Pro"}]},{"@type":"WebSite","@id":"https:\/\/jornaldasoficinas.com\/pt\/#website","url":"https:\/\/jornaldasoficinas.com\/pt\/","name":"Jornal das Oficinas","description":"Jornal independente do Aftermarket Autom\u00f3vel em Portugal","publisher":{"@id":"https:\/\/jornaldasoficinas.com\/pt\/#organization"},"potentialAction":[{"@type":"SearchAction","target":{"@type":"EntryPoint","urlTemplate":"https:\/\/jornaldasoficinas.com\/pt\/?s={search_term_string}"},"query-input":{"@type":"PropertyValueSpecification","valueRequired":true,"valueName":"search_term_string"}}],"inLanguage":"pt-PT"},{"@type":"Organization","@id":"https:\/\/jornaldasoficinas.com\/pt\/#organization","name":"Jornal das Oficinas","url":"https:\/\/jornaldasoficinas.com\/pt\/","logo":{"@type":"ImageObject","inLanguage":"pt-PT","@id":"https:\/\/jornaldasoficinas.com\/pt\/#\/schema\/logo\/image\/","url":"https:\/\/jornaldasoficinas.com\/pt\/wp-content\/uploads\/logoJO-SEO.png","contentUrl":"https:\/\/jornaldasoficinas.com\/pt\/wp-content\/uploads\/logoJO-SEO.png","width":285,"height":450,"caption":"Jornal das Oficinas"},"image":{"@id":"https:\/\/jornaldasoficinas.com\/pt\/#\/schema\/logo\/image\/"},"sameAs":["https:\/\/www.facebook.com\/jornaloficinas","https:\/\/x.com\/jornaloficinas","https:\/\/www.instagram.com\/jornal_oficinas\/","https:\/\/www.linkedin.com\/company\/jornal-das-oficinas\/","https:\/\/www.youtube.com\/channel\/UCbQZBqtcvV-oSQrr7RzINGg"]},{"@type":"Person","@id":"https:\/\/jornaldasoficinas.com\/pt\/#\/schema\/person\/a38eef5de2c41d9e7c9ac10141afddf3","name":"Reda\u00e7\u00e3o JO","image":{"@type":"ImageObject","inLanguage":"pt-PT","@id":"https:\/\/secure.gravatar.com\/avatar\/71f2fa71737ad68a84fea94bc708ddac8ea5b0c4788dc2ad202f3ccb2887742f?s=96&d=wp_user_avatar&r=g","url":"https:\/\/secure.gravatar.com\/avatar\/71f2fa71737ad68a84fea94bc708ddac8ea5b0c4788dc2ad202f3ccb2887742f?s=96&d=wp_user_avatar&r=g","contentUrl":"https:\/\/secure.gravatar.com\/avatar\/71f2fa71737ad68a84fea94bc708ddac8ea5b0c4788dc2ad202f3ccb2887742f?s=96&d=wp_user_avatar&r=g","caption":"Reda\u00e7\u00e3o JO"},"url":"https:\/\/jornaldasoficinas.com\/pt\/author\/joredacao\/"}]}},"_links":{"self":[{"href":"https:\/\/jornaldasoficinas.com\/pt\/wp-json\/wp\/v2\/posts\/70971","targetHints":{"allow":["GET"]}}],"collection":[{"href":"https:\/\/jornaldasoficinas.com\/pt\/wp-json\/wp\/v2\/posts"}],"about":[{"href":"https:\/\/jornaldasoficinas.com\/pt\/wp-json\/wp\/v2\/types\/post"}],"author":[{"embeddable":true,"href":"https:\/\/jornaldasoficinas.com\/pt\/wp-json\/wp\/v2\/users\/15"}],"replies":[{"embeddable":true,"href":"https:\/\/jornaldasoficinas.com\/pt\/wp-json\/wp\/v2\/comments?post=70971"}],"version-history":[{"count":0,"href":"https:\/\/jornaldasoficinas.com\/pt\/wp-json\/wp\/v2\/posts\/70971\/revisions"}],"wp:featuredmedia":[{"embeddable":true,"href":"https:\/\/jornaldasoficinas.com\/pt\/wp-json\/wp\/v2\/media\/70924"}],"wp:attachment":[{"href":"https:\/\/jornaldasoficinas.com\/pt\/wp-json\/wp\/v2\/media?parent=70971"}],"wp:term":[{"taxonomy":"category","embeddable":true,"href":"https:\/\/jornaldasoficinas.com\/pt\/wp-json\/wp\/v2\/categories?post=70971"},{"taxonomy":"post_tag","embeddable":true,"href":"https:\/\/jornaldasoficinas.com\/pt\/wp-json\/wp\/v2\/tags?post=70971"}],"curies":[{"name":"wp","href":"https:\/\/api.w.org\/{rel}","templated":true}]}}