{"id":71371,"date":"2023-08-25T10:00:30","date_gmt":"2023-08-25T09:00:30","guid":{"rendered":"https:\/\/jornaldasoficinas.com\/pt\/?p=71371"},"modified":"2023-08-25T10:14:41","modified_gmt":"2023-08-25T09:14:41","slug":"hispano-suiza-parte-coracoes-na-monterey-car-week","status":"publish","type":"post","link":"https:\/\/jornaldasoficinas.com\/pt\/hispano-suiza-parte-coracoes-na-monterey-car-week\/","title":{"rendered":"Hispano Suiza parte cora\u00e7\u00f5es na Monterey Car Week"},"content":{"rendered":"<p><strong><img loading=\"lazy\" decoding=\"async\" class=\"alignnone size-full wp-image-71333\" src=\"https:\/\/jornaldasoficinas.com\/pt\/wp-content\/uploads\/2023\/08\/Hispano-Suiza-parte-coracoes-na-Monterey-Car-Week.jpg\" alt=\"08 - Hispano Suiza parte coracoes na Monterey Car Week\" width=\"1024\" height=\"581\" srcset=\"https:\/\/jornaldasoficinas.com\/pt\/wp-content\/uploads\/2023\/08\/Hispano-Suiza-parte-coracoes-na-Monterey-Car-Week.jpg 1024w, https:\/\/jornaldasoficinas.com\/pt\/wp-content\/uploads\/2023\/08\/Hispano-Suiza-parte-coracoes-na-Monterey-Car-Week-300x170.jpg 300w, https:\/\/jornaldasoficinas.com\/pt\/wp-content\/uploads\/2023\/08\/Hispano-Suiza-parte-coracoes-na-Monterey-Car-Week-150x85.jpg 150w, https:\/\/jornaldasoficinas.com\/pt\/wp-content\/uploads\/2023\/08\/Hispano-Suiza-parte-coracoes-na-Monterey-Car-Week-768x436.jpg 768w\" sizes=\"auto, (max-width: 1024px) 100vw, 1024px\" \/><\/strong><\/p>\n<p><strong><a href=\"https:\/\/www.hispanosuizacars.com\/\" target=\"_blank\" rel=\"noopener\">Hispano Suiza,<\/a> a hist\u00f3rica marca de autom\u00f3veis espanhola, participou pela segunda vez na Monterey Car Week, levada a cabo de 14 a 20 de agosto, na Calif\u00f3rnia<\/strong><\/p>\n<p>O Hispano Suiza Carmen Boulogne encerrou a sua participa\u00e7\u00e3o numa nova edi\u00e7\u00e3o da Monterey Car Week, em que participam adeptos, colecionadores e celebridades de v\u00e1rias \u00e1reas.<\/p>\n<p>O encontro de maior destaque para a Hispano Suiza teve lugR \u00a0no The Quail, \u201cA Motorsports Gathering\u201d, enquanto patrocinador do evento, que este ano cumpria o seu 20\u00ba anivers\u00e1rio, e pelo qual passaram cerca de 6000 pessoas. Nesta edi\u00e7\u00e3o, a marca ampliou a sua presen\u00e7a, com mais metros quadrados e duas zonas claramente diferenciadas: a \u00e1rea de hospitalidade, e a zona de exposi\u00e7\u00e3o, pelas quais passaram personalidades como o ex-piloto Emerson Fittipaldi, a influencer Alexandra Mary Hirschi, conocida como @Supercarblondie, ou Nina Weizenecker (@ninacarmaria).<\/p>\n<p>Para Sergio Mart\u00ednez Campos, CEO da Hispano Suiza \u201co que hemos vivido em The Quail, e durante toda la semana, \u00e9 demonstratitvo da paix\u00e3o do mercado americano pela nossa marca. O que nos incentiva a pensar, desde j\u00e1, na Monterey Car Week de 2024\u201d, revelou.<\/p>\n<p>Outro dos momentos de destaque teve lugar na noite de quinta-feira, 17 de agosto, no reconhecido Pebble Beach Beach Club. A Hispano Suiza voltou a patrocinar a confer\u00eancia organizada pelo Petersen Museum, subordinada ao tema \u201cFrom Race to Road\u201d (Das corridas para a estrada), em que Joan Orus, R&amp;D Advisor da Hispano Suiza, partilhou o placo com Aloisa Ruf, da RUF Automobile; Patrick Long, piloto \u00a0profissional e Marc OedeKoven, colecionador e vice-presidente executivo da Scan Logistics. Joan Or\u00fas destacou as sensa\u00e7\u00f5es que transmite o Hispano Suiza Carmen, e reconheceu que o seu cl\u00e1ssico preferido \u00e9 o Hispano Suiza Xenia Dubonnet.<\/p>\n","protected":false},"excerpt":{"rendered":"<p>Hispano Suiza, a hist\u00f3rica marca de&#8230;<\/p>\n","protected":false},"author":15,"featured_media":71333,"comment_status":"closed","ping_status":"closed","sticky":false,"template":"","format":"standard","meta":{"footnotes":""},"categories":[29],"tags":[6101,6102],"class_list":["post-71371","post","type-post","status-publish","format-standard","has-post-thumbnail","hentry","category-empresas","tag-hispano-suiza","tag-monterey-car-week"],"yoast_head":"<!-- This site is optimized with the Yoast SEO plugin v27.5 - https:\/\/yoast.com\/product\/yoast-seo-wordpress\/ -->\n<title>Hispano Suiza parte cora\u00e7\u00f5es na Monterey Car Week - Jornal das Oficinas<\/title>\n<meta name=\"description\" content=\"Hispano Suiza, a hist\u00f3rica marca espanhola, participou pela segunda vez na Monterey Car Week, de 14 a 20 de agosto, na Calif\u00f3rnia\" \/>\n<meta name=\"robots\" content=\"index, follow, max-snippet:-1, max-image-preview:large, max-video-preview:-1\" \/>\n<link rel=\"canonical\" href=\"https:\/\/jornaldasoficinas.com\/pt\/hispano-suiza-parte-coracoes-na-monterey-car-week\/\" \/>\n<meta property=\"og:locale\" content=\"pt_PT\" \/>\n<meta property=\"og:type\" content=\"article\" \/>\n<meta property=\"og:title\" content=\"Hispano Suiza parte cora\u00e7\u00f5es na Monterey Car Week - Jornal das Oficinas\" \/>\n<meta property=\"og:description\" content=\"Hispano Suiza, a hist\u00f3rica marca espanhola, participou pela segunda vez na Monterey Car Week, de 14 a 20 de agosto, na Calif\u00f3rnia\" \/>\n<meta property=\"og:url\" content=\"https:\/\/jornaldasoficinas.com\/pt\/hispano-suiza-parte-coracoes-na-monterey-car-week\/\" \/>\n<meta property=\"og:site_name\" content=\"Jornal das Oficinas\" \/>\n<meta property=\"article:publisher\" content=\"https:\/\/www.facebook.com\/jornaloficinas\" \/>\n<meta property=\"article:published_time\" content=\"2023-08-25T09:00:30+00:00\" \/>\n<meta property=\"article:modified_time\" content=\"2023-08-25T09:14:41+00:00\" \/>\n<meta property=\"og:image\" content=\"https:\/\/jornaldasoficinas.com\/pt\/wp-content\/uploads\/2023\/08\/Hispano-Suiza-parte-coracoes-na-Monterey-Car-Week.jpg\" \/>\n\t<meta property=\"og:image:width\" content=\"1024\" \/>\n\t<meta property=\"og:image:height\" content=\"581\" \/>\n\t<meta property=\"og:image:type\" content=\"image\/jpeg\" \/>\n<meta name=\"author\" content=\"Reda\u00e7\u00e3o JO\" \/>\n<meta name=\"twitter:card\" content=\"summary_large_image\" \/>\n<meta name=\"twitter:creator\" content=\"@jornaloficinas\" \/>\n<meta name=\"twitter:site\" content=\"@jornaloficinas\" \/>\n<meta name=\"twitter:label1\" content=\"Escrito por\" \/>\n\t<meta name=\"twitter:data1\" content=\"Reda\u00e7\u00e3o JO\" \/>\n\t<meta name=\"twitter:label2\" content=\"Tempo estimado de leitura\" \/>\n\t<meta name=\"twitter:data2\" content=\"2 minutos\" \/>\n<script type=\"application\/ld+json\" class=\"yoast-schema-graph\">{\"@context\":\"https:\\\/\\\/schema.org\",\"@graph\":[{\"@type\":\"Article\",\"@id\":\"https:\\\/\\\/jornaldasoficinas.com\\\/pt\\\/hispano-suiza-parte-coracoes-na-monterey-car-week\\\/#article\",\"isPartOf\":{\"@id\":\"https:\\\/\\\/jornaldasoficinas.com\\\/pt\\\/hispano-suiza-parte-coracoes-na-monterey-car-week\\\/\"},\"author\":{\"name\":\"Reda\u00e7\u00e3o JO\",\"@id\":\"https:\\\/\\\/jornaldasoficinas.com\\\/pt\\\/#\\\/schema\\\/person\\\/a38eef5de2c41d9e7c9ac10141afddf3\"},\"headline\":\"Hispano Suiza parte cora\u00e7\u00f5es na Monterey Car Week\",\"datePublished\":\"2023-08-25T09:00:30+00:00\",\"dateModified\":\"2023-08-25T09:14:41+00:00\",\"mainEntityOfPage\":{\"@id\":\"https:\\\/\\\/jornaldasoficinas.com\\\/pt\\\/hispano-suiza-parte-coracoes-na-monterey-car-week\\\/\"},\"wordCount\":301,\"publisher\":{\"@id\":\"https:\\\/\\\/jornaldasoficinas.com\\\/pt\\\/#organization\"},\"image\":{\"@id\":\"https:\\\/\\\/jornaldasoficinas.com\\\/pt\\\/hispano-suiza-parte-coracoes-na-monterey-car-week\\\/#primaryimage\"},\"thumbnailUrl\":\"https:\\\/\\\/jornaldasoficinas.com\\\/pt\\\/wp-content\\\/uploads\\\/2023\\\/08\\\/Hispano-Suiza-parte-coracoes-na-Monterey-Car-Week.jpg\",\"keywords\":[\"Hispano Suiza\",\"Monterey Car Week\"],\"articleSection\":[\"Empresas\"],\"inLanguage\":\"pt-PT\"},{\"@type\":\"WebPage\",\"@id\":\"https:\\\/\\\/jornaldasoficinas.com\\\/pt\\\/hispano-suiza-parte-coracoes-na-monterey-car-week\\\/\",\"url\":\"https:\\\/\\\/jornaldasoficinas.com\\\/pt\\\/hispano-suiza-parte-coracoes-na-monterey-car-week\\\/\",\"name\":\"Hispano Suiza parte cora\u00e7\u00f5es na Monterey Car Week - Jornal das Oficinas\",\"isPartOf\":{\"@id\":\"https:\\\/\\\/jornaldasoficinas.com\\\/pt\\\/#website\"},\"primaryImageOfPage\":{\"@id\":\"https:\\\/\\\/jornaldasoficinas.com\\\/pt\\\/hispano-suiza-parte-coracoes-na-monterey-car-week\\\/#primaryimage\"},\"image\":{\"@id\":\"https:\\\/\\\/jornaldasoficinas.com\\\/pt\\\/hispano-suiza-parte-coracoes-na-monterey-car-week\\\/#primaryimage\"},\"thumbnailUrl\":\"https:\\\/\\\/jornaldasoficinas.com\\\/pt\\\/wp-content\\\/uploads\\\/2023\\\/08\\\/Hispano-Suiza-parte-coracoes-na-Monterey-Car-Week.jpg\",\"datePublished\":\"2023-08-25T09:00:30+00:00\",\"dateModified\":\"2023-08-25T09:14:41+00:00\",\"description\":\"Hispano Suiza, a hist\u00f3rica marca espanhola, participou pela segunda vez na Monterey Car Week, de 14 a 20 de agosto, na Calif\u00f3rnia\",\"breadcrumb\":{\"@id\":\"https:\\\/\\\/jornaldasoficinas.com\\\/pt\\\/hispano-suiza-parte-coracoes-na-monterey-car-week\\\/#breadcrumb\"},\"inLanguage\":\"pt-PT\",\"potentialAction\":[{\"@type\":\"ReadAction\",\"target\":[\"https:\\\/\\\/jornaldasoficinas.com\\\/pt\\\/hispano-suiza-parte-coracoes-na-monterey-car-week\\\/\"]}]},{\"@type\":\"ImageObject\",\"inLanguage\":\"pt-PT\",\"@id\":\"https:\\\/\\\/jornaldasoficinas.com\\\/pt\\\/hispano-suiza-parte-coracoes-na-monterey-car-week\\\/#primaryimage\",\"url\":\"https:\\\/\\\/jornaldasoficinas.com\\\/pt\\\/wp-content\\\/uploads\\\/2023\\\/08\\\/Hispano-Suiza-parte-coracoes-na-Monterey-Car-Week.jpg\",\"contentUrl\":\"https:\\\/\\\/jornaldasoficinas.com\\\/pt\\\/wp-content\\\/uploads\\\/2023\\\/08\\\/Hispano-Suiza-parte-coracoes-na-Monterey-Car-Week.jpg\",\"width\":1024,\"height\":581,\"caption\":\"08 - Hispano Suiza parte coracoes na Monterey Car Week\"},{\"@type\":\"BreadcrumbList\",\"@id\":\"https:\\\/\\\/jornaldasoficinas.com\\\/pt\\\/hispano-suiza-parte-coracoes-na-monterey-car-week\\\/#breadcrumb\",\"itemListElement\":[{\"@type\":\"ListItem\",\"position\":1,\"name\":\"In\u00edcio\",\"item\":\"https:\\\/\\\/jornaldasoficinas.com\\\/pt\\\/\"},{\"@type\":\"ListItem\",\"position\":2,\"name\":\"Hispano Suiza parte cora\u00e7\u00f5es na Monterey Car Week\"}]},{\"@type\":\"WebSite\",\"@id\":\"https:\\\/\\\/jornaldasoficinas.com\\\/pt\\\/#website\",\"url\":\"https:\\\/\\\/jornaldasoficinas.com\\\/pt\\\/\",\"name\":\"Jornal das Oficinas\",\"description\":\"Jornal independente do Aftermarket Autom\u00f3vel em Portugal\",\"publisher\":{\"@id\":\"https:\\\/\\\/jornaldasoficinas.com\\\/pt\\\/#organization\"},\"potentialAction\":[{\"@type\":\"SearchAction\",\"target\":{\"@type\":\"EntryPoint\",\"urlTemplate\":\"https:\\\/\\\/jornaldasoficinas.com\\\/pt\\\/?s={search_term_string}\"},\"query-input\":{\"@type\":\"PropertyValueSpecification\",\"valueRequired\":true,\"valueName\":\"search_term_string\"}}],\"inLanguage\":\"pt-PT\"},{\"@type\":\"Organization\",\"@id\":\"https:\\\/\\\/jornaldasoficinas.com\\\/pt\\\/#organization\",\"name\":\"Jornal das Oficinas\",\"url\":\"https:\\\/\\\/jornaldasoficinas.com\\\/pt\\\/\",\"logo\":{\"@type\":\"ImageObject\",\"inLanguage\":\"pt-PT\",\"@id\":\"https:\\\/\\\/jornaldasoficinas.com\\\/pt\\\/#\\\/schema\\\/logo\\\/image\\\/\",\"url\":\"https:\\\/\\\/jornaldasoficinas.com\\\/pt\\\/wp-content\\\/uploads\\\/logoJO-SEO.png\",\"contentUrl\":\"https:\\\/\\\/jornaldasoficinas.com\\\/pt\\\/wp-content\\\/uploads\\\/logoJO-SEO.png\",\"width\":285,\"height\":450,\"caption\":\"Jornal das Oficinas\"},\"image\":{\"@id\":\"https:\\\/\\\/jornaldasoficinas.com\\\/pt\\\/#\\\/schema\\\/logo\\\/image\\\/\"},\"sameAs\":[\"https:\\\/\\\/www.facebook.com\\\/jornaloficinas\",\"https:\\\/\\\/x.com\\\/jornaloficinas\",\"https:\\\/\\\/www.instagram.com\\\/jornal_oficinas\\\/\",\"https:\\\/\\\/www.linkedin.com\\\/company\\\/jornal-das-oficinas\\\/\",\"https:\\\/\\\/www.youtube.com\\\/channel\\\/UCbQZBqtcvV-oSQrr7RzINGg\"]},{\"@type\":\"Person\",\"@id\":\"https:\\\/\\\/jornaldasoficinas.com\\\/pt\\\/#\\\/schema\\\/person\\\/a38eef5de2c41d9e7c9ac10141afddf3\",\"name\":\"Reda\u00e7\u00e3o JO\",\"image\":{\"@type\":\"ImageObject\",\"inLanguage\":\"pt-PT\",\"@id\":\"https:\\\/\\\/secure.gravatar.com\\\/avatar\\\/71f2fa71737ad68a84fea94bc708ddac8ea5b0c4788dc2ad202f3ccb2887742f?s=96&d=wp_user_avatar&r=g\",\"url\":\"https:\\\/\\\/secure.gravatar.com\\\/avatar\\\/71f2fa71737ad68a84fea94bc708ddac8ea5b0c4788dc2ad202f3ccb2887742f?s=96&d=wp_user_avatar&r=g\",\"contentUrl\":\"https:\\\/\\\/secure.gravatar.com\\\/avatar\\\/71f2fa71737ad68a84fea94bc708ddac8ea5b0c4788dc2ad202f3ccb2887742f?s=96&d=wp_user_avatar&r=g\",\"caption\":\"Reda\u00e7\u00e3o JO\"},\"url\":\"https:\\\/\\\/jornaldasoficinas.com\\\/pt\\\/author\\\/joredacao\\\/\"}]}<\/script>\n<!-- \/ Yoast SEO plugin. -->","yoast_head_json":{"title":"Hispano Suiza parte cora\u00e7\u00f5es na Monterey Car Week - Jornal das Oficinas","description":"Hispano Suiza, a hist\u00f3rica marca espanhola, participou pela segunda vez na Monterey Car Week, de 14 a 20 de agosto, na Calif\u00f3rnia","robots":{"index":"index","follow":"follow","max-snippet":"max-snippet:-1","max-image-preview":"max-image-preview:large","max-video-preview":"max-video-preview:-1"},"canonical":"https:\/\/jornaldasoficinas.com\/pt\/hispano-suiza-parte-coracoes-na-monterey-car-week\/","og_locale":"pt_PT","og_type":"article","og_title":"Hispano Suiza parte cora\u00e7\u00f5es na Monterey Car Week - Jornal das Oficinas","og_description":"Hispano Suiza, a hist\u00f3rica marca espanhola, participou pela segunda vez na Monterey Car Week, de 14 a 20 de agosto, na Calif\u00f3rnia","og_url":"https:\/\/jornaldasoficinas.com\/pt\/hispano-suiza-parte-coracoes-na-monterey-car-week\/","og_site_name":"Jornal das Oficinas","article_publisher":"https:\/\/www.facebook.com\/jornaloficinas","article_published_time":"2023-08-25T09:00:30+00:00","article_modified_time":"2023-08-25T09:14:41+00:00","og_image":[{"width":1024,"height":581,"url":"https:\/\/jornaldasoficinas.com\/pt\/wp-content\/uploads\/2023\/08\/Hispano-Suiza-parte-coracoes-na-Monterey-Car-Week.jpg","type":"image\/jpeg"}],"author":"Reda\u00e7\u00e3o JO","twitter_card":"summary_large_image","twitter_creator":"@jornaloficinas","twitter_site":"@jornaloficinas","twitter_misc":{"Escrito por":"Reda\u00e7\u00e3o JO","Tempo estimado de leitura":"2 minutos"},"schema":{"@context":"https:\/\/schema.org","@graph":[{"@type":"Article","@id":"https:\/\/jornaldasoficinas.com\/pt\/hispano-suiza-parte-coracoes-na-monterey-car-week\/#article","isPartOf":{"@id":"https:\/\/jornaldasoficinas.com\/pt\/hispano-suiza-parte-coracoes-na-monterey-car-week\/"},"author":{"name":"Reda\u00e7\u00e3o JO","@id":"https:\/\/jornaldasoficinas.com\/pt\/#\/schema\/person\/a38eef5de2c41d9e7c9ac10141afddf3"},"headline":"Hispano Suiza parte cora\u00e7\u00f5es na Monterey Car Week","datePublished":"2023-08-25T09:00:30+00:00","dateModified":"2023-08-25T09:14:41+00:00","mainEntityOfPage":{"@id":"https:\/\/jornaldasoficinas.com\/pt\/hispano-suiza-parte-coracoes-na-monterey-car-week\/"},"wordCount":301,"publisher":{"@id":"https:\/\/jornaldasoficinas.com\/pt\/#organization"},"image":{"@id":"https:\/\/jornaldasoficinas.com\/pt\/hispano-suiza-parte-coracoes-na-monterey-car-week\/#primaryimage"},"thumbnailUrl":"https:\/\/jornaldasoficinas.com\/pt\/wp-content\/uploads\/2023\/08\/Hispano-Suiza-parte-coracoes-na-Monterey-Car-Week.jpg","keywords":["Hispano Suiza","Monterey Car Week"],"articleSection":["Empresas"],"inLanguage":"pt-PT"},{"@type":"WebPage","@id":"https:\/\/jornaldasoficinas.com\/pt\/hispano-suiza-parte-coracoes-na-monterey-car-week\/","url":"https:\/\/jornaldasoficinas.com\/pt\/hispano-suiza-parte-coracoes-na-monterey-car-week\/","name":"Hispano Suiza parte cora\u00e7\u00f5es na Monterey Car Week - Jornal das Oficinas","isPartOf":{"@id":"https:\/\/jornaldasoficinas.com\/pt\/#website"},"primaryImageOfPage":{"@id":"https:\/\/jornaldasoficinas.com\/pt\/hispano-suiza-parte-coracoes-na-monterey-car-week\/#primaryimage"},"image":{"@id":"https:\/\/jornaldasoficinas.com\/pt\/hispano-suiza-parte-coracoes-na-monterey-car-week\/#primaryimage"},"thumbnailUrl":"https:\/\/jornaldasoficinas.com\/pt\/wp-content\/uploads\/2023\/08\/Hispano-Suiza-parte-coracoes-na-Monterey-Car-Week.jpg","datePublished":"2023-08-25T09:00:30+00:00","dateModified":"2023-08-25T09:14:41+00:00","description":"Hispano Suiza, a hist\u00f3rica marca espanhola, participou pela segunda vez na Monterey Car Week, de 14 a 20 de agosto, na Calif\u00f3rnia","breadcrumb":{"@id":"https:\/\/jornaldasoficinas.com\/pt\/hispano-suiza-parte-coracoes-na-monterey-car-week\/#breadcrumb"},"inLanguage":"pt-PT","potentialAction":[{"@type":"ReadAction","target":["https:\/\/jornaldasoficinas.com\/pt\/hispano-suiza-parte-coracoes-na-monterey-car-week\/"]}]},{"@type":"ImageObject","inLanguage":"pt-PT","@id":"https:\/\/jornaldasoficinas.com\/pt\/hispano-suiza-parte-coracoes-na-monterey-car-week\/#primaryimage","url":"https:\/\/jornaldasoficinas.com\/pt\/wp-content\/uploads\/2023\/08\/Hispano-Suiza-parte-coracoes-na-Monterey-Car-Week.jpg","contentUrl":"https:\/\/jornaldasoficinas.com\/pt\/wp-content\/uploads\/2023\/08\/Hispano-Suiza-parte-coracoes-na-Monterey-Car-Week.jpg","width":1024,"height":581,"caption":"08 - Hispano Suiza parte coracoes na Monterey Car Week"},{"@type":"BreadcrumbList","@id":"https:\/\/jornaldasoficinas.com\/pt\/hispano-suiza-parte-coracoes-na-monterey-car-week\/#breadcrumb","itemListElement":[{"@type":"ListItem","position":1,"name":"In\u00edcio","item":"https:\/\/jornaldasoficinas.com\/pt\/"},{"@type":"ListItem","position":2,"name":"Hispano Suiza parte cora\u00e7\u00f5es na Monterey Car Week"}]},{"@type":"WebSite","@id":"https:\/\/jornaldasoficinas.com\/pt\/#website","url":"https:\/\/jornaldasoficinas.com\/pt\/","name":"Jornal das Oficinas","description":"Jornal independente do Aftermarket Autom\u00f3vel em Portugal","publisher":{"@id":"https:\/\/jornaldasoficinas.com\/pt\/#organization"},"potentialAction":[{"@type":"SearchAction","target":{"@type":"EntryPoint","urlTemplate":"https:\/\/jornaldasoficinas.com\/pt\/?s={search_term_string}"},"query-input":{"@type":"PropertyValueSpecification","valueRequired":true,"valueName":"search_term_string"}}],"inLanguage":"pt-PT"},{"@type":"Organization","@id":"https:\/\/jornaldasoficinas.com\/pt\/#organization","name":"Jornal das Oficinas","url":"https:\/\/jornaldasoficinas.com\/pt\/","logo":{"@type":"ImageObject","inLanguage":"pt-PT","@id":"https:\/\/jornaldasoficinas.com\/pt\/#\/schema\/logo\/image\/","url":"https:\/\/jornaldasoficinas.com\/pt\/wp-content\/uploads\/logoJO-SEO.png","contentUrl":"https:\/\/jornaldasoficinas.com\/pt\/wp-content\/uploads\/logoJO-SEO.png","width":285,"height":450,"caption":"Jornal das Oficinas"},"image":{"@id":"https:\/\/jornaldasoficinas.com\/pt\/#\/schema\/logo\/image\/"},"sameAs":["https:\/\/www.facebook.com\/jornaloficinas","https:\/\/x.com\/jornaloficinas","https:\/\/www.instagram.com\/jornal_oficinas\/","https:\/\/www.linkedin.com\/company\/jornal-das-oficinas\/","https:\/\/www.youtube.com\/channel\/UCbQZBqtcvV-oSQrr7RzINGg"]},{"@type":"Person","@id":"https:\/\/jornaldasoficinas.com\/pt\/#\/schema\/person\/a38eef5de2c41d9e7c9ac10141afddf3","name":"Reda\u00e7\u00e3o JO","image":{"@type":"ImageObject","inLanguage":"pt-PT","@id":"https:\/\/secure.gravatar.com\/avatar\/71f2fa71737ad68a84fea94bc708ddac8ea5b0c4788dc2ad202f3ccb2887742f?s=96&d=wp_user_avatar&r=g","url":"https:\/\/secure.gravatar.com\/avatar\/71f2fa71737ad68a84fea94bc708ddac8ea5b0c4788dc2ad202f3ccb2887742f?s=96&d=wp_user_avatar&r=g","contentUrl":"https:\/\/secure.gravatar.com\/avatar\/71f2fa71737ad68a84fea94bc708ddac8ea5b0c4788dc2ad202f3ccb2887742f?s=96&d=wp_user_avatar&r=g","caption":"Reda\u00e7\u00e3o JO"},"url":"https:\/\/jornaldasoficinas.com\/pt\/author\/joredacao\/"}]}},"_links":{"self":[{"href":"https:\/\/jornaldasoficinas.com\/pt\/wp-json\/wp\/v2\/posts\/71371","targetHints":{"allow":["GET"]}}],"collection":[{"href":"https:\/\/jornaldasoficinas.com\/pt\/wp-json\/wp\/v2\/posts"}],"about":[{"href":"https:\/\/jornaldasoficinas.com\/pt\/wp-json\/wp\/v2\/types\/post"}],"author":[{"embeddable":true,"href":"https:\/\/jornaldasoficinas.com\/pt\/wp-json\/wp\/v2\/users\/15"}],"replies":[{"embeddable":true,"href":"https:\/\/jornaldasoficinas.com\/pt\/wp-json\/wp\/v2\/comments?post=71371"}],"version-history":[{"count":0,"href":"https:\/\/jornaldasoficinas.com\/pt\/wp-json\/wp\/v2\/posts\/71371\/revisions"}],"wp:featuredmedia":[{"embeddable":true,"href":"https:\/\/jornaldasoficinas.com\/pt\/wp-json\/wp\/v2\/media\/71333"}],"wp:attachment":[{"href":"https:\/\/jornaldasoficinas.com\/pt\/wp-json\/wp\/v2\/media?parent=71371"}],"wp:term":[{"taxonomy":"category","embeddable":true,"href":"https:\/\/jornaldasoficinas.com\/pt\/wp-json\/wp\/v2\/categories?post=71371"},{"taxonomy":"post_tag","embeddable":true,"href":"https:\/\/jornaldasoficinas.com\/pt\/wp-json\/wp\/v2\/tags?post=71371"}],"curies":[{"name":"wp","href":"https:\/\/api.w.org\/{rel}","templated":true}]}}