{"id":7150,"date":"2019-11-27T17:37:00","date_gmt":"2019-11-27T17:37:00","guid":{"rendered":"https:\/\/jornaldasoficinas.com\/pt\/?p=7150"},"modified":"2023-07-20T16:07:25","modified_gmt":"2023-07-20T15:07:25","slug":"dacia-duster-4x4-tambem-ja-e-papamovel","status":"publish","type":"post","link":"https:\/\/jornaldasoficinas.com\/pt\/dacia-duster-4x4-tambem-ja-e-papamovel\/","title":{"rendered":"Dacia Duster 4&#215;4 tamb\u00e9m j\u00e1 \u00e9 \u201cPapam\u00f3vel\u201d"},"content":{"rendered":"<p><img loading=\"lazy\" decoding=\"async\" class=\"alignnone wp-image-7149 size-full\" src=\"https:\/\/jornaldasoficinas.com\/pt\/wp-content\/uploads\/2019\/11\/dusterpapamovel.png\" alt=\"11 - dusterpapamovel\" width=\"1024\" height=\"581\" srcset=\"https:\/\/jornaldasoficinas.com\/pt\/wp-content\/uploads\/2019\/11\/dusterpapamovel.png 1024w, https:\/\/jornaldasoficinas.com\/pt\/wp-content\/uploads\/2019\/11\/dusterpapamovel-300x170.png 300w, https:\/\/jornaldasoficinas.com\/pt\/wp-content\/uploads\/2019\/11\/dusterpapamovel-150x85.png 150w, https:\/\/jornaldasoficinas.com\/pt\/wp-content\/uploads\/2019\/11\/dusterpapamovel-768x436.png 768w\" sizes=\"auto, (max-width: 1024px) 100vw, 1024px\" \/><\/p>\n<p><strong>Sumo Pont\u00edfice recebeu do Grupo Renault um Dacia Duster 4&#215;4 de cor branca, com interiores beges, adaptado \u00e0s necessidades de mobilidade do membro mais importante da igreja cat\u00f3lica.<\/strong><\/p>\n<p>O Grupo Renault ofereceu um Dacia Duster 4&#215;4 a Sua Santidade o Papa Francisco, especialmente adaptado \u00e0s suas necessidades de mobilidade.<\/p>\n<p>O Duster foi entregue, hoje, ao Sumo Pont\u00edfice no estado do Vaticano por Christophe Dridi, diretor-geral do Grupo Renault na Rom\u00e9nia e CEO da Automobile Dacia S.A., e por Xavier Martinet, diretor-geral do Grupo Renault It\u00e1lia.<\/p>\n<p>De cor branca, com interiores beges, o \u201cPapam\u00f3vel\u201d baseia-se no Duster, tendo 4,34 metros de comprimento e 1,80 metros de largura. Foi transformado pelo Departamento de Prot\u00f3tipos e Necessidades Especiais da Dacia, em coopera\u00e7\u00e3o com o transformador Romturingia.<\/p>\n<p>Esta vers\u00e3o transformada disp\u00f5e de cinco lugares (um dos lugares traseiros \u00e9 particularmente confort\u00e1vel) e integra solu\u00e7\u00f5es e acess\u00f3rios especificamente desenhados para tornar o ve\u00edculo adaptado \u00e0s necessidades espec\u00edficas do Vaticano.<\/p>\n<p>O grande teto panor\u00e2mico, uma superestrutura amov\u00edvel de vidro, uma dist\u00e2ncia ao solo 30 mm inferior em rela\u00e7\u00e3o \u00e0 vers\u00e3o \u201cconvencional\u201d (com o objetivo de facilitar o acesso a bordo) e elementos de suporte externos e internos fazem a diferen\u00e7a.<\/p>\n<p>Ao oferecer o \u201cPapam\u00f3vel\u201d ao Vaticano, o <a href=\"https:\/\/www.renault.pt\/o-grupo-renault.html\" target=\"_blank\" rel=\"noopener noreferrer\">Grupo Renault<\/a> coloca todo o seu manancial de experi\u00eancia enquanto construtor de autom\u00f3veis \u00e0 disposi\u00e7\u00e3o das necessidades de mobilidade do Santo Padre.<\/p>\n","protected":false},"excerpt":{"rendered":"<p>Sumo Pont\u00edfice recebeu do Grupo Renault&#8230;<\/p>\n","protected":false},"author":15,"featured_media":7149,"comment_status":"closed","ping_status":"closed","sticky":false,"template":"","format":"standard","meta":{"footnotes":""},"categories":[29],"tags":[822,902,903],"class_list":["post-7150","post","type-post","status-publish","format-standard","has-post-thumbnail","hentry","category-empresas","tag-dacia","tag-duster","tag-grupo-renault"],"yoast_head":"<!-- This site is optimized with the Yoast SEO plugin v27.5 - https:\/\/yoast.com\/product\/yoast-seo-wordpress\/ -->\n<title>Dacia Duster 4x4 tamb\u00e9m j\u00e1 \u00e9 \u201cPapam\u00f3vel\u201d - Jornal das Oficinas<\/title>\n<meta name=\"robots\" content=\"index, follow, max-snippet:-1, max-image-preview:large, max-video-preview:-1\" \/>\n<link rel=\"canonical\" href=\"https:\/\/jornaldasoficinas.com\/pt\/dacia-duster-4x4-tambem-ja-e-papamovel\/\" \/>\n<meta property=\"og:locale\" content=\"pt_PT\" \/>\n<meta property=\"og:type\" content=\"article\" \/>\n<meta property=\"og:title\" content=\"Dacia Duster 4x4 tamb\u00e9m j\u00e1 \u00e9 \u201cPapam\u00f3vel\u201d - Jornal das Oficinas\" \/>\n<meta property=\"og:description\" content=\"Sumo Pont\u00edfice recebeu do Grupo Renault...\" \/>\n<meta property=\"og:url\" content=\"https:\/\/jornaldasoficinas.com\/pt\/dacia-duster-4x4-tambem-ja-e-papamovel\/\" \/>\n<meta property=\"og:site_name\" content=\"Jornal das Oficinas\" \/>\n<meta property=\"article:publisher\" content=\"https:\/\/www.facebook.com\/jornaloficinas\" \/>\n<meta property=\"article:published_time\" content=\"2019-11-27T17:37:00+00:00\" \/>\n<meta property=\"article:modified_time\" content=\"2023-07-20T15:07:25+00:00\" \/>\n<meta property=\"og:image\" content=\"https:\/\/jornaldasoficinas.com\/pt\/wp-content\/uploads\/2019\/11\/dusterpapamovel.png\" \/>\n\t<meta property=\"og:image:width\" content=\"1024\" \/>\n\t<meta property=\"og:image:height\" content=\"581\" \/>\n\t<meta property=\"og:image:type\" content=\"image\/png\" \/>\n<meta name=\"author\" content=\"Reda\u00e7\u00e3o JO\" \/>\n<meta name=\"twitter:card\" content=\"summary_large_image\" \/>\n<meta name=\"twitter:creator\" content=\"@jornaloficinas\" \/>\n<meta name=\"twitter:site\" content=\"@jornaloficinas\" \/>\n<meta name=\"twitter:label1\" content=\"Escrito por\" \/>\n\t<meta name=\"twitter:data1\" content=\"Reda\u00e7\u00e3o JO\" \/>\n\t<meta name=\"twitter:label2\" content=\"Tempo estimado de leitura\" \/>\n\t<meta name=\"twitter:data2\" content=\"1 minuto\" \/>\n<script type=\"application\/ld+json\" class=\"yoast-schema-graph\">{\"@context\":\"https:\\\/\\\/schema.org\",\"@graph\":[{\"@type\":\"Article\",\"@id\":\"https:\\\/\\\/jornaldasoficinas.com\\\/pt\\\/dacia-duster-4x4-tambem-ja-e-papamovel\\\/#article\",\"isPartOf\":{\"@id\":\"https:\\\/\\\/jornaldasoficinas.com\\\/pt\\\/dacia-duster-4x4-tambem-ja-e-papamovel\\\/\"},\"author\":{\"name\":\"Reda\u00e7\u00e3o JO\",\"@id\":\"https:\\\/\\\/jornaldasoficinas.com\\\/pt\\\/#\\\/schema\\\/person\\\/a38eef5de2c41d9e7c9ac10141afddf3\"},\"headline\":\"Dacia Duster 4&#215;4 tamb\u00e9m j\u00e1 \u00e9 \u201cPapam\u00f3vel\u201d\",\"datePublished\":\"2019-11-27T17:37:00+00:00\",\"dateModified\":\"2023-07-20T15:07:25+00:00\",\"mainEntityOfPage\":{\"@id\":\"https:\\\/\\\/jornaldasoficinas.com\\\/pt\\\/dacia-duster-4x4-tambem-ja-e-papamovel\\\/\"},\"wordCount\":251,\"publisher\":{\"@id\":\"https:\\\/\\\/jornaldasoficinas.com\\\/pt\\\/#organization\"},\"image\":{\"@id\":\"https:\\\/\\\/jornaldasoficinas.com\\\/pt\\\/dacia-duster-4x4-tambem-ja-e-papamovel\\\/#primaryimage\"},\"thumbnailUrl\":\"https:\\\/\\\/jornaldasoficinas.com\\\/pt\\\/wp-content\\\/uploads\\\/2019\\\/11\\\/dusterpapamovel.png\",\"keywords\":[\"Dacia\",\"Duster\",\"Grupo Renault\"],\"articleSection\":[\"Empresas\"],\"inLanguage\":\"pt-PT\"},{\"@type\":\"WebPage\",\"@id\":\"https:\\\/\\\/jornaldasoficinas.com\\\/pt\\\/dacia-duster-4x4-tambem-ja-e-papamovel\\\/\",\"url\":\"https:\\\/\\\/jornaldasoficinas.com\\\/pt\\\/dacia-duster-4x4-tambem-ja-e-papamovel\\\/\",\"name\":\"Dacia Duster 4x4 tamb\u00e9m j\u00e1 \u00e9 \u201cPapam\u00f3vel\u201d - Jornal das Oficinas\",\"isPartOf\":{\"@id\":\"https:\\\/\\\/jornaldasoficinas.com\\\/pt\\\/#website\"},\"primaryImageOfPage\":{\"@id\":\"https:\\\/\\\/jornaldasoficinas.com\\\/pt\\\/dacia-duster-4x4-tambem-ja-e-papamovel\\\/#primaryimage\"},\"image\":{\"@id\":\"https:\\\/\\\/jornaldasoficinas.com\\\/pt\\\/dacia-duster-4x4-tambem-ja-e-papamovel\\\/#primaryimage\"},\"thumbnailUrl\":\"https:\\\/\\\/jornaldasoficinas.com\\\/pt\\\/wp-content\\\/uploads\\\/2019\\\/11\\\/dusterpapamovel.png\",\"datePublished\":\"2019-11-27T17:37:00+00:00\",\"dateModified\":\"2023-07-20T15:07:25+00:00\",\"breadcrumb\":{\"@id\":\"https:\\\/\\\/jornaldasoficinas.com\\\/pt\\\/dacia-duster-4x4-tambem-ja-e-papamovel\\\/#breadcrumb\"},\"inLanguage\":\"pt-PT\",\"potentialAction\":[{\"@type\":\"ReadAction\",\"target\":[\"https:\\\/\\\/jornaldasoficinas.com\\\/pt\\\/dacia-duster-4x4-tambem-ja-e-papamovel\\\/\"]}]},{\"@type\":\"ImageObject\",\"inLanguage\":\"pt-PT\",\"@id\":\"https:\\\/\\\/jornaldasoficinas.com\\\/pt\\\/dacia-duster-4x4-tambem-ja-e-papamovel\\\/#primaryimage\",\"url\":\"https:\\\/\\\/jornaldasoficinas.com\\\/pt\\\/wp-content\\\/uploads\\\/2019\\\/11\\\/dusterpapamovel.png\",\"contentUrl\":\"https:\\\/\\\/jornaldasoficinas.com\\\/pt\\\/wp-content\\\/uploads\\\/2019\\\/11\\\/dusterpapamovel.png\",\"width\":1024,\"height\":581,\"caption\":\"11 - dusterpapamovel\"},{\"@type\":\"BreadcrumbList\",\"@id\":\"https:\\\/\\\/jornaldasoficinas.com\\\/pt\\\/dacia-duster-4x4-tambem-ja-e-papamovel\\\/#breadcrumb\",\"itemListElement\":[{\"@type\":\"ListItem\",\"position\":1,\"name\":\"In\u00edcio\",\"item\":\"https:\\\/\\\/jornaldasoficinas.com\\\/pt\\\/\"},{\"@type\":\"ListItem\",\"position\":2,\"name\":\"Dacia Duster 4&#215;4 tamb\u00e9m j\u00e1 \u00e9 \u201cPapam\u00f3vel\u201d\"}]},{\"@type\":\"WebSite\",\"@id\":\"https:\\\/\\\/jornaldasoficinas.com\\\/pt\\\/#website\",\"url\":\"https:\\\/\\\/jornaldasoficinas.com\\\/pt\\\/\",\"name\":\"Jornal das Oficinas\",\"description\":\"Jornal independente do Aftermarket Autom\u00f3vel em Portugal\",\"publisher\":{\"@id\":\"https:\\\/\\\/jornaldasoficinas.com\\\/pt\\\/#organization\"},\"potentialAction\":[{\"@type\":\"SearchAction\",\"target\":{\"@type\":\"EntryPoint\",\"urlTemplate\":\"https:\\\/\\\/jornaldasoficinas.com\\\/pt\\\/?s={search_term_string}\"},\"query-input\":{\"@type\":\"PropertyValueSpecification\",\"valueRequired\":true,\"valueName\":\"search_term_string\"}}],\"inLanguage\":\"pt-PT\"},{\"@type\":\"Organization\",\"@id\":\"https:\\\/\\\/jornaldasoficinas.com\\\/pt\\\/#organization\",\"name\":\"Jornal das Oficinas\",\"url\":\"https:\\\/\\\/jornaldasoficinas.com\\\/pt\\\/\",\"logo\":{\"@type\":\"ImageObject\",\"inLanguage\":\"pt-PT\",\"@id\":\"https:\\\/\\\/jornaldasoficinas.com\\\/pt\\\/#\\\/schema\\\/logo\\\/image\\\/\",\"url\":\"https:\\\/\\\/jornaldasoficinas.com\\\/pt\\\/wp-content\\\/uploads\\\/logoJO-SEO.png\",\"contentUrl\":\"https:\\\/\\\/jornaldasoficinas.com\\\/pt\\\/wp-content\\\/uploads\\\/logoJO-SEO.png\",\"width\":285,\"height\":450,\"caption\":\"Jornal das Oficinas\"},\"image\":{\"@id\":\"https:\\\/\\\/jornaldasoficinas.com\\\/pt\\\/#\\\/schema\\\/logo\\\/image\\\/\"},\"sameAs\":[\"https:\\\/\\\/www.facebook.com\\\/jornaloficinas\",\"https:\\\/\\\/x.com\\\/jornaloficinas\",\"https:\\\/\\\/www.instagram.com\\\/jornal_oficinas\\\/\",\"https:\\\/\\\/www.linkedin.com\\\/company\\\/jornal-das-oficinas\\\/\",\"https:\\\/\\\/www.youtube.com\\\/channel\\\/UCbQZBqtcvV-oSQrr7RzINGg\"]},{\"@type\":\"Person\",\"@id\":\"https:\\\/\\\/jornaldasoficinas.com\\\/pt\\\/#\\\/schema\\\/person\\\/a38eef5de2c41d9e7c9ac10141afddf3\",\"name\":\"Reda\u00e7\u00e3o JO\",\"image\":{\"@type\":\"ImageObject\",\"inLanguage\":\"pt-PT\",\"@id\":\"https:\\\/\\\/secure.gravatar.com\\\/avatar\\\/71f2fa71737ad68a84fea94bc708ddac8ea5b0c4788dc2ad202f3ccb2887742f?s=96&d=wp_user_avatar&r=g\",\"url\":\"https:\\\/\\\/secure.gravatar.com\\\/avatar\\\/71f2fa71737ad68a84fea94bc708ddac8ea5b0c4788dc2ad202f3ccb2887742f?s=96&d=wp_user_avatar&r=g\",\"contentUrl\":\"https:\\\/\\\/secure.gravatar.com\\\/avatar\\\/71f2fa71737ad68a84fea94bc708ddac8ea5b0c4788dc2ad202f3ccb2887742f?s=96&d=wp_user_avatar&r=g\",\"caption\":\"Reda\u00e7\u00e3o JO\"},\"url\":\"https:\\\/\\\/jornaldasoficinas.com\\\/pt\\\/author\\\/joredacao\\\/\"}]}<\/script>\n<!-- \/ Yoast SEO plugin. -->","yoast_head_json":{"title":"Dacia Duster 4x4 tamb\u00e9m j\u00e1 \u00e9 \u201cPapam\u00f3vel\u201d - Jornal das Oficinas","robots":{"index":"index","follow":"follow","max-snippet":"max-snippet:-1","max-image-preview":"max-image-preview:large","max-video-preview":"max-video-preview:-1"},"canonical":"https:\/\/jornaldasoficinas.com\/pt\/dacia-duster-4x4-tambem-ja-e-papamovel\/","og_locale":"pt_PT","og_type":"article","og_title":"Dacia Duster 4x4 tamb\u00e9m j\u00e1 \u00e9 \u201cPapam\u00f3vel\u201d - Jornal das Oficinas","og_description":"Sumo Pont\u00edfice recebeu do Grupo Renault...","og_url":"https:\/\/jornaldasoficinas.com\/pt\/dacia-duster-4x4-tambem-ja-e-papamovel\/","og_site_name":"Jornal das Oficinas","article_publisher":"https:\/\/www.facebook.com\/jornaloficinas","article_published_time":"2019-11-27T17:37:00+00:00","article_modified_time":"2023-07-20T15:07:25+00:00","og_image":[{"width":1024,"height":581,"url":"https:\/\/jornaldasoficinas.com\/pt\/wp-content\/uploads\/2019\/11\/dusterpapamovel.png","type":"image\/png"}],"author":"Reda\u00e7\u00e3o JO","twitter_card":"summary_large_image","twitter_creator":"@jornaloficinas","twitter_site":"@jornaloficinas","twitter_misc":{"Escrito por":"Reda\u00e7\u00e3o JO","Tempo estimado de leitura":"1 minuto"},"schema":{"@context":"https:\/\/schema.org","@graph":[{"@type":"Article","@id":"https:\/\/jornaldasoficinas.com\/pt\/dacia-duster-4x4-tambem-ja-e-papamovel\/#article","isPartOf":{"@id":"https:\/\/jornaldasoficinas.com\/pt\/dacia-duster-4x4-tambem-ja-e-papamovel\/"},"author":{"name":"Reda\u00e7\u00e3o JO","@id":"https:\/\/jornaldasoficinas.com\/pt\/#\/schema\/person\/a38eef5de2c41d9e7c9ac10141afddf3"},"headline":"Dacia Duster 4&#215;4 tamb\u00e9m j\u00e1 \u00e9 \u201cPapam\u00f3vel\u201d","datePublished":"2019-11-27T17:37:00+00:00","dateModified":"2023-07-20T15:07:25+00:00","mainEntityOfPage":{"@id":"https:\/\/jornaldasoficinas.com\/pt\/dacia-duster-4x4-tambem-ja-e-papamovel\/"},"wordCount":251,"publisher":{"@id":"https:\/\/jornaldasoficinas.com\/pt\/#organization"},"image":{"@id":"https:\/\/jornaldasoficinas.com\/pt\/dacia-duster-4x4-tambem-ja-e-papamovel\/#primaryimage"},"thumbnailUrl":"https:\/\/jornaldasoficinas.com\/pt\/wp-content\/uploads\/2019\/11\/dusterpapamovel.png","keywords":["Dacia","Duster","Grupo Renault"],"articleSection":["Empresas"],"inLanguage":"pt-PT"},{"@type":"WebPage","@id":"https:\/\/jornaldasoficinas.com\/pt\/dacia-duster-4x4-tambem-ja-e-papamovel\/","url":"https:\/\/jornaldasoficinas.com\/pt\/dacia-duster-4x4-tambem-ja-e-papamovel\/","name":"Dacia Duster 4x4 tamb\u00e9m j\u00e1 \u00e9 \u201cPapam\u00f3vel\u201d - Jornal das Oficinas","isPartOf":{"@id":"https:\/\/jornaldasoficinas.com\/pt\/#website"},"primaryImageOfPage":{"@id":"https:\/\/jornaldasoficinas.com\/pt\/dacia-duster-4x4-tambem-ja-e-papamovel\/#primaryimage"},"image":{"@id":"https:\/\/jornaldasoficinas.com\/pt\/dacia-duster-4x4-tambem-ja-e-papamovel\/#primaryimage"},"thumbnailUrl":"https:\/\/jornaldasoficinas.com\/pt\/wp-content\/uploads\/2019\/11\/dusterpapamovel.png","datePublished":"2019-11-27T17:37:00+00:00","dateModified":"2023-07-20T15:07:25+00:00","breadcrumb":{"@id":"https:\/\/jornaldasoficinas.com\/pt\/dacia-duster-4x4-tambem-ja-e-papamovel\/#breadcrumb"},"inLanguage":"pt-PT","potentialAction":[{"@type":"ReadAction","target":["https:\/\/jornaldasoficinas.com\/pt\/dacia-duster-4x4-tambem-ja-e-papamovel\/"]}]},{"@type":"ImageObject","inLanguage":"pt-PT","@id":"https:\/\/jornaldasoficinas.com\/pt\/dacia-duster-4x4-tambem-ja-e-papamovel\/#primaryimage","url":"https:\/\/jornaldasoficinas.com\/pt\/wp-content\/uploads\/2019\/11\/dusterpapamovel.png","contentUrl":"https:\/\/jornaldasoficinas.com\/pt\/wp-content\/uploads\/2019\/11\/dusterpapamovel.png","width":1024,"height":581,"caption":"11 - dusterpapamovel"},{"@type":"BreadcrumbList","@id":"https:\/\/jornaldasoficinas.com\/pt\/dacia-duster-4x4-tambem-ja-e-papamovel\/#breadcrumb","itemListElement":[{"@type":"ListItem","position":1,"name":"In\u00edcio","item":"https:\/\/jornaldasoficinas.com\/pt\/"},{"@type":"ListItem","position":2,"name":"Dacia Duster 4&#215;4 tamb\u00e9m j\u00e1 \u00e9 \u201cPapam\u00f3vel\u201d"}]},{"@type":"WebSite","@id":"https:\/\/jornaldasoficinas.com\/pt\/#website","url":"https:\/\/jornaldasoficinas.com\/pt\/","name":"Jornal das Oficinas","description":"Jornal independente do Aftermarket Autom\u00f3vel em Portugal","publisher":{"@id":"https:\/\/jornaldasoficinas.com\/pt\/#organization"},"potentialAction":[{"@type":"SearchAction","target":{"@type":"EntryPoint","urlTemplate":"https:\/\/jornaldasoficinas.com\/pt\/?s={search_term_string}"},"query-input":{"@type":"PropertyValueSpecification","valueRequired":true,"valueName":"search_term_string"}}],"inLanguage":"pt-PT"},{"@type":"Organization","@id":"https:\/\/jornaldasoficinas.com\/pt\/#organization","name":"Jornal das Oficinas","url":"https:\/\/jornaldasoficinas.com\/pt\/","logo":{"@type":"ImageObject","inLanguage":"pt-PT","@id":"https:\/\/jornaldasoficinas.com\/pt\/#\/schema\/logo\/image\/","url":"https:\/\/jornaldasoficinas.com\/pt\/wp-content\/uploads\/logoJO-SEO.png","contentUrl":"https:\/\/jornaldasoficinas.com\/pt\/wp-content\/uploads\/logoJO-SEO.png","width":285,"height":450,"caption":"Jornal das Oficinas"},"image":{"@id":"https:\/\/jornaldasoficinas.com\/pt\/#\/schema\/logo\/image\/"},"sameAs":["https:\/\/www.facebook.com\/jornaloficinas","https:\/\/x.com\/jornaloficinas","https:\/\/www.instagram.com\/jornal_oficinas\/","https:\/\/www.linkedin.com\/company\/jornal-das-oficinas\/","https:\/\/www.youtube.com\/channel\/UCbQZBqtcvV-oSQrr7RzINGg"]},{"@type":"Person","@id":"https:\/\/jornaldasoficinas.com\/pt\/#\/schema\/person\/a38eef5de2c41d9e7c9ac10141afddf3","name":"Reda\u00e7\u00e3o JO","image":{"@type":"ImageObject","inLanguage":"pt-PT","@id":"https:\/\/secure.gravatar.com\/avatar\/71f2fa71737ad68a84fea94bc708ddac8ea5b0c4788dc2ad202f3ccb2887742f?s=96&d=wp_user_avatar&r=g","url":"https:\/\/secure.gravatar.com\/avatar\/71f2fa71737ad68a84fea94bc708ddac8ea5b0c4788dc2ad202f3ccb2887742f?s=96&d=wp_user_avatar&r=g","contentUrl":"https:\/\/secure.gravatar.com\/avatar\/71f2fa71737ad68a84fea94bc708ddac8ea5b0c4788dc2ad202f3ccb2887742f?s=96&d=wp_user_avatar&r=g","caption":"Reda\u00e7\u00e3o JO"},"url":"https:\/\/jornaldasoficinas.com\/pt\/author\/joredacao\/"}]}},"_links":{"self":[{"href":"https:\/\/jornaldasoficinas.com\/pt\/wp-json\/wp\/v2\/posts\/7150","targetHints":{"allow":["GET"]}}],"collection":[{"href":"https:\/\/jornaldasoficinas.com\/pt\/wp-json\/wp\/v2\/posts"}],"about":[{"href":"https:\/\/jornaldasoficinas.com\/pt\/wp-json\/wp\/v2\/types\/post"}],"author":[{"embeddable":true,"href":"https:\/\/jornaldasoficinas.com\/pt\/wp-json\/wp\/v2\/users\/15"}],"replies":[{"embeddable":true,"href":"https:\/\/jornaldasoficinas.com\/pt\/wp-json\/wp\/v2\/comments?post=7150"}],"version-history":[{"count":0,"href":"https:\/\/jornaldasoficinas.com\/pt\/wp-json\/wp\/v2\/posts\/7150\/revisions"}],"wp:featuredmedia":[{"embeddable":true,"href":"https:\/\/jornaldasoficinas.com\/pt\/wp-json\/wp\/v2\/media\/7149"}],"wp:attachment":[{"href":"https:\/\/jornaldasoficinas.com\/pt\/wp-json\/wp\/v2\/media?parent=7150"}],"wp:term":[{"taxonomy":"category","embeddable":true,"href":"https:\/\/jornaldasoficinas.com\/pt\/wp-json\/wp\/v2\/categories?post=7150"},{"taxonomy":"post_tag","embeddable":true,"href":"https:\/\/jornaldasoficinas.com\/pt\/wp-json\/wp\/v2\/tags?post=7150"}],"curies":[{"name":"wp","href":"https:\/\/api.w.org\/{rel}","templated":true}]}}