{"id":71535,"date":"2023-09-01T12:30:33","date_gmt":"2023-09-01T11:30:33","guid":{"rendered":"https:\/\/jornaldasoficinas.com\/pt\/?p=71535"},"modified":"2023-09-01T07:55:55","modified_gmt":"2023-09-01T06:55:55","slug":"basf-reforca-compromisso-com-jovens-pintores","status":"publish","type":"post","link":"https:\/\/jornaldasoficinas.com\/pt\/basf-reforca-compromisso-com-jovens-pintores\/","title":{"rendered":"BASF refor\u00e7a compromisso com jovens pintores"},"content":{"rendered":"<p><img loading=\"lazy\" decoding=\"async\" class=\"alignnone size-full wp-image-71521\" src=\"https:\/\/jornaldasoficinas.com\/pt\/wp-content\/uploads\/2023\/08\/BASF-reforca-compromisso-com-jovens-pintores.png\" alt=\"08 - BASF reforca compromisso com jovens pintores\" width=\"1024\" height=\"581\" srcset=\"https:\/\/jornaldasoficinas.com\/pt\/wp-content\/uploads\/2023\/08\/BASF-reforca-compromisso-com-jovens-pintores.png 1024w, https:\/\/jornaldasoficinas.com\/pt\/wp-content\/uploads\/2023\/08\/BASF-reforca-compromisso-com-jovens-pintores-300x170.png 300w, https:\/\/jornaldasoficinas.com\/pt\/wp-content\/uploads\/2023\/08\/BASF-reforca-compromisso-com-jovens-pintores-150x85.png 150w, https:\/\/jornaldasoficinas.com\/pt\/wp-content\/uploads\/2023\/08\/BASF-reforca-compromisso-com-jovens-pintores-768x436.png 768w\" sizes=\"auto, (max-width: 1024px) 100vw, 1024px\" \/><\/p>\n<p><strong>A <a href=\"https:\/\/www.basf.com\/pt\/pt.html\" target=\"_blank\" rel=\"noopener\">BASF<\/a> refor\u00e7ou o seu compromisso com o desenvolvimento de jovens talentos para a ind\u00fastria internacional de repintura. Todos os concorrentes da <a href=\"https:\/\/euroskills2023.org\/\" target=\"_blank\" rel=\"noopener\">EuroSkills Gda\u0144sk<\/a>, Pol\u00f3nia, e <a href=\"https:\/\/worldskills.org\/\" target=\"_blank\" rel=\"noopener\">WorldSkills<\/a> Fran\u00e7a 2023 utilizar\u00e3o as solu\u00e7\u00f5es premium de pintura e acabamento da Glasurit, a marca de tinta premium da BASF e patrocinadora global oficial da WorldSkills Internacional<\/strong><\/p>\n<p>Na <a href=\"https:\/\/www.glasurit.com\/pt\" target=\"_blank\" rel=\"noopener\">Glasurit<\/a>, apoiamos totalmente o lema #UnitedBySkills \u201cPodemos mudar o mundo\u201d enquanto continuamos a apoiar a categoria de pintura de autom\u00f3veis&#8221;, afirmou Roar Solberg, vice-presidente de vendas para EMEA, \u00c1frica do Sul e M\u00e9dio Oriente. \u201cQueremos motivar jovens talentos a seguirem esta profiss\u00e3o. Com a Glasurit, apoiamos incondicionalmente a forma\u00e7\u00e3o profissional em escolas de todo o mundo para ajudar a aumentar padr\u00f5es de qualidade e desenvolvimento de t\u00e9cnicos de pintura automotiva. Estamos entusiasmados em apoiar a WorldSkills mais uma vez em 2023, pois procuramos atrair e criar uma fonte de jovens talentos para o futuro.\u201d<\/p>\n<p>A oitava edi\u00e7\u00e3o do EuroSkills, o Campeonato Europeu de Jovens Profissionais, acontecer\u00e1 pela primeira vez em Gda\u0144sk, na Pol\u00f3nia. Organizado pela WorldSkills Europa, a Glasurit apoiar\u00e1 o concurso na categoria \u201cPintura Autom\u00f3vel\u201d e representar\u00e1 as compet\u00eancias profissionais de jovens com menos de 25 anos de idade com oito finalistas da Dinamarca, Fran\u00e7a, Alemanha, Finl\u00e2ndia, Noruega, Pol\u00f3nia, Espanha e Reino Unido. O evento ter\u00e1 in\u00edcio no dia 5 de setembro.<\/p>\n<p>\u201cEstamos muito orgulhosos de estar associados a este evento. Os jovens pintores n\u00e3o s\u00f3 t\u00eam oportunidade de apresentar os seus conhecimentos e habilidades na pr\u00e1tica, como tamb\u00e9m mostrar\u00e3o grande criatividade. Um bom pintor \u00e9 um artes\u00e3o com talento art\u00edstico e estamos entusiasmados para ver o que essas pessoas podem fazer\u201d, disse Tomasz Sroczy\u0144ski, gerente nacional da BASF Coatings Services, na Pol\u00f3nia.<\/p>\n","protected":false},"excerpt":{"rendered":"<p>A BASF refor\u00e7ou o seu compromisso&#8230;<\/p>\n","protected":false},"author":15,"featured_media":71521,"comment_status":"closed","ping_status":"closed","sticky":false,"template":"","format":"standard","meta":{"footnotes":""},"categories":[2],"tags":[247,6127,244,1867],"class_list":["post-71535","post","type-post","status-publish","format-standard","has-post-thumbnail","hentry","category-repintura","tag-basf","tag-euroskills-gdansk","tag-glasurit","tag-worldskills"],"yoast_head":"<!-- This site is optimized with the Yoast SEO plugin v27.4 - https:\/\/yoast.com\/product\/yoast-seo-wordpress\/ -->\n<title>BASF refor\u00e7a compromisso com jovens pintores - Jornal das Oficinas<\/title>\n<meta name=\"description\" content=\"A BASF refor\u00e7ou o seu compromisso com o desenvolvimento de jovens talentos para a ind\u00fastria internacional de repintura\" \/>\n<meta name=\"robots\" content=\"index, follow, max-snippet:-1, max-image-preview:large, max-video-preview:-1\" \/>\n<link rel=\"canonical\" href=\"https:\/\/jornaldasoficinas.com\/pt\/basf-reforca-compromisso-com-jovens-pintores\/\" \/>\n<meta property=\"og:locale\" content=\"pt_PT\" \/>\n<meta property=\"og:type\" content=\"article\" \/>\n<meta property=\"og:title\" content=\"BASF refor\u00e7a compromisso com jovens pintores - Jornal das Oficinas\" \/>\n<meta property=\"og:description\" content=\"A BASF refor\u00e7ou o seu compromisso com o desenvolvimento de jovens talentos para a ind\u00fastria internacional de repintura\" \/>\n<meta property=\"og:url\" content=\"https:\/\/jornaldasoficinas.com\/pt\/basf-reforca-compromisso-com-jovens-pintores\/\" \/>\n<meta property=\"og:site_name\" content=\"Jornal das Oficinas\" \/>\n<meta property=\"article:publisher\" content=\"https:\/\/www.facebook.com\/jornaloficinas\" \/>\n<meta property=\"article:published_time\" content=\"2023-09-01T11:30:33+00:00\" \/>\n<meta property=\"og:image\" content=\"https:\/\/jornaldasoficinas.com\/pt\/wp-content\/uploads\/2023\/08\/BASF-reforca-compromisso-com-jovens-pintores.png\" \/>\n\t<meta property=\"og:image:width\" content=\"1024\" \/>\n\t<meta property=\"og:image:height\" content=\"581\" \/>\n\t<meta property=\"og:image:type\" content=\"image\/png\" \/>\n<meta name=\"author\" content=\"Reda\u00e7\u00e3o JO\" \/>\n<meta name=\"twitter:card\" content=\"summary_large_image\" \/>\n<meta name=\"twitter:creator\" content=\"@jornaloficinas\" \/>\n<meta name=\"twitter:site\" content=\"@jornaloficinas\" \/>\n<meta name=\"twitter:label1\" content=\"Escrito por\" \/>\n\t<meta name=\"twitter:data1\" content=\"Reda\u00e7\u00e3o JO\" \/>\n\t<meta name=\"twitter:label2\" content=\"Tempo estimado de leitura\" \/>\n\t<meta name=\"twitter:data2\" content=\"2 minutos\" \/>\n<script type=\"application\/ld+json\" class=\"yoast-schema-graph\">{\"@context\":\"https:\\\/\\\/schema.org\",\"@graph\":[{\"@type\":\"Article\",\"@id\":\"https:\\\/\\\/jornaldasoficinas.com\\\/pt\\\/basf-reforca-compromisso-com-jovens-pintores\\\/#article\",\"isPartOf\":{\"@id\":\"https:\\\/\\\/jornaldasoficinas.com\\\/pt\\\/basf-reforca-compromisso-com-jovens-pintores\\\/\"},\"author\":{\"name\":\"Reda\u00e7\u00e3o JO\",\"@id\":\"https:\\\/\\\/jornaldasoficinas.com\\\/pt\\\/#\\\/schema\\\/person\\\/a38eef5de2c41d9e7c9ac10141afddf3\"},\"headline\":\"BASF refor\u00e7a compromisso com jovens pintores\",\"datePublished\":\"2023-09-01T11:30:33+00:00\",\"mainEntityOfPage\":{\"@id\":\"https:\\\/\\\/jornaldasoficinas.com\\\/pt\\\/basf-reforca-compromisso-com-jovens-pintores\\\/\"},\"wordCount\":311,\"publisher\":{\"@id\":\"https:\\\/\\\/jornaldasoficinas.com\\\/pt\\\/#organization\"},\"image\":{\"@id\":\"https:\\\/\\\/jornaldasoficinas.com\\\/pt\\\/basf-reforca-compromisso-com-jovens-pintores\\\/#primaryimage\"},\"thumbnailUrl\":\"https:\\\/\\\/jornaldasoficinas.com\\\/pt\\\/wp-content\\\/uploads\\\/2023\\\/08\\\/BASF-reforca-compromisso-com-jovens-pintores.png\",\"keywords\":[\"BASF\",\"EuroSkills Gda\u0144sk\",\"Glasurit\",\"WorldSkills\"],\"articleSection\":[\"Repintura\"],\"inLanguage\":\"pt-PT\"},{\"@type\":\"WebPage\",\"@id\":\"https:\\\/\\\/jornaldasoficinas.com\\\/pt\\\/basf-reforca-compromisso-com-jovens-pintores\\\/\",\"url\":\"https:\\\/\\\/jornaldasoficinas.com\\\/pt\\\/basf-reforca-compromisso-com-jovens-pintores\\\/\",\"name\":\"BASF refor\u00e7a compromisso com jovens pintores - Jornal das Oficinas\",\"isPartOf\":{\"@id\":\"https:\\\/\\\/jornaldasoficinas.com\\\/pt\\\/#website\"},\"primaryImageOfPage\":{\"@id\":\"https:\\\/\\\/jornaldasoficinas.com\\\/pt\\\/basf-reforca-compromisso-com-jovens-pintores\\\/#primaryimage\"},\"image\":{\"@id\":\"https:\\\/\\\/jornaldasoficinas.com\\\/pt\\\/basf-reforca-compromisso-com-jovens-pintores\\\/#primaryimage\"},\"thumbnailUrl\":\"https:\\\/\\\/jornaldasoficinas.com\\\/pt\\\/wp-content\\\/uploads\\\/2023\\\/08\\\/BASF-reforca-compromisso-com-jovens-pintores.png\",\"datePublished\":\"2023-09-01T11:30:33+00:00\",\"description\":\"A BASF refor\u00e7ou o seu compromisso com o desenvolvimento de jovens talentos para a ind\u00fastria internacional de repintura\",\"breadcrumb\":{\"@id\":\"https:\\\/\\\/jornaldasoficinas.com\\\/pt\\\/basf-reforca-compromisso-com-jovens-pintores\\\/#breadcrumb\"},\"inLanguage\":\"pt-PT\",\"potentialAction\":[{\"@type\":\"ReadAction\",\"target\":[\"https:\\\/\\\/jornaldasoficinas.com\\\/pt\\\/basf-reforca-compromisso-com-jovens-pintores\\\/\"]}]},{\"@type\":\"ImageObject\",\"inLanguage\":\"pt-PT\",\"@id\":\"https:\\\/\\\/jornaldasoficinas.com\\\/pt\\\/basf-reforca-compromisso-com-jovens-pintores\\\/#primaryimage\",\"url\":\"https:\\\/\\\/jornaldasoficinas.com\\\/pt\\\/wp-content\\\/uploads\\\/2023\\\/08\\\/BASF-reforca-compromisso-com-jovens-pintores.png\",\"contentUrl\":\"https:\\\/\\\/jornaldasoficinas.com\\\/pt\\\/wp-content\\\/uploads\\\/2023\\\/08\\\/BASF-reforca-compromisso-com-jovens-pintores.png\",\"width\":1024,\"height\":581,\"caption\":\"08 - BASF reforca compromisso com jovens pintores\"},{\"@type\":\"BreadcrumbList\",\"@id\":\"https:\\\/\\\/jornaldasoficinas.com\\\/pt\\\/basf-reforca-compromisso-com-jovens-pintores\\\/#breadcrumb\",\"itemListElement\":[{\"@type\":\"ListItem\",\"position\":1,\"name\":\"In\u00edcio\",\"item\":\"https:\\\/\\\/jornaldasoficinas.com\\\/pt\\\/\"},{\"@type\":\"ListItem\",\"position\":2,\"name\":\"BASF refor\u00e7a compromisso com jovens pintores\"}]},{\"@type\":\"WebSite\",\"@id\":\"https:\\\/\\\/jornaldasoficinas.com\\\/pt\\\/#website\",\"url\":\"https:\\\/\\\/jornaldasoficinas.com\\\/pt\\\/\",\"name\":\"Jornal das Oficinas\",\"description\":\"Jornal independente do Aftermarket Autom\u00f3vel em Portugal\",\"publisher\":{\"@id\":\"https:\\\/\\\/jornaldasoficinas.com\\\/pt\\\/#organization\"},\"potentialAction\":[{\"@type\":\"SearchAction\",\"target\":{\"@type\":\"EntryPoint\",\"urlTemplate\":\"https:\\\/\\\/jornaldasoficinas.com\\\/pt\\\/?s={search_term_string}\"},\"query-input\":{\"@type\":\"PropertyValueSpecification\",\"valueRequired\":true,\"valueName\":\"search_term_string\"}}],\"inLanguage\":\"pt-PT\"},{\"@type\":\"Organization\",\"@id\":\"https:\\\/\\\/jornaldasoficinas.com\\\/pt\\\/#organization\",\"name\":\"Jornal das Oficinas\",\"url\":\"https:\\\/\\\/jornaldasoficinas.com\\\/pt\\\/\",\"logo\":{\"@type\":\"ImageObject\",\"inLanguage\":\"pt-PT\",\"@id\":\"https:\\\/\\\/jornaldasoficinas.com\\\/pt\\\/#\\\/schema\\\/logo\\\/image\\\/\",\"url\":\"https:\\\/\\\/jornaldasoficinas.com\\\/pt\\\/wp-content\\\/uploads\\\/logoJO-SEO.png\",\"contentUrl\":\"https:\\\/\\\/jornaldasoficinas.com\\\/pt\\\/wp-content\\\/uploads\\\/logoJO-SEO.png\",\"width\":285,\"height\":450,\"caption\":\"Jornal das Oficinas\"},\"image\":{\"@id\":\"https:\\\/\\\/jornaldasoficinas.com\\\/pt\\\/#\\\/schema\\\/logo\\\/image\\\/\"},\"sameAs\":[\"https:\\\/\\\/www.facebook.com\\\/jornaloficinas\",\"https:\\\/\\\/x.com\\\/jornaloficinas\",\"https:\\\/\\\/www.instagram.com\\\/jornal_oficinas\\\/\",\"https:\\\/\\\/www.linkedin.com\\\/company\\\/jornal-das-oficinas\\\/\",\"https:\\\/\\\/www.youtube.com\\\/channel\\\/UCbQZBqtcvV-oSQrr7RzINGg\"]},{\"@type\":\"Person\",\"@id\":\"https:\\\/\\\/jornaldasoficinas.com\\\/pt\\\/#\\\/schema\\\/person\\\/a38eef5de2c41d9e7c9ac10141afddf3\",\"name\":\"Reda\u00e7\u00e3o JO\",\"image\":{\"@type\":\"ImageObject\",\"inLanguage\":\"pt-PT\",\"@id\":\"https:\\\/\\\/secure.gravatar.com\\\/avatar\\\/71f2fa71737ad68a84fea94bc708ddac8ea5b0c4788dc2ad202f3ccb2887742f?s=96&d=wp_user_avatar&r=g\",\"url\":\"https:\\\/\\\/secure.gravatar.com\\\/avatar\\\/71f2fa71737ad68a84fea94bc708ddac8ea5b0c4788dc2ad202f3ccb2887742f?s=96&d=wp_user_avatar&r=g\",\"contentUrl\":\"https:\\\/\\\/secure.gravatar.com\\\/avatar\\\/71f2fa71737ad68a84fea94bc708ddac8ea5b0c4788dc2ad202f3ccb2887742f?s=96&d=wp_user_avatar&r=g\",\"caption\":\"Reda\u00e7\u00e3o JO\"},\"url\":\"https:\\\/\\\/jornaldasoficinas.com\\\/pt\\\/author\\\/joredacao\\\/\"}]}<\/script>\n<!-- \/ Yoast SEO plugin. -->","yoast_head_json":{"title":"BASF refor\u00e7a compromisso com jovens pintores - Jornal das Oficinas","description":"A BASF refor\u00e7ou o seu compromisso com o desenvolvimento de jovens talentos para a ind\u00fastria internacional de repintura","robots":{"index":"index","follow":"follow","max-snippet":"max-snippet:-1","max-image-preview":"max-image-preview:large","max-video-preview":"max-video-preview:-1"},"canonical":"https:\/\/jornaldasoficinas.com\/pt\/basf-reforca-compromisso-com-jovens-pintores\/","og_locale":"pt_PT","og_type":"article","og_title":"BASF refor\u00e7a compromisso com jovens pintores - Jornal das Oficinas","og_description":"A BASF refor\u00e7ou o seu compromisso com o desenvolvimento de jovens talentos para a ind\u00fastria internacional de repintura","og_url":"https:\/\/jornaldasoficinas.com\/pt\/basf-reforca-compromisso-com-jovens-pintores\/","og_site_name":"Jornal das Oficinas","article_publisher":"https:\/\/www.facebook.com\/jornaloficinas","article_published_time":"2023-09-01T11:30:33+00:00","og_image":[{"width":1024,"height":581,"url":"https:\/\/jornaldasoficinas.com\/pt\/wp-content\/uploads\/2023\/08\/BASF-reforca-compromisso-com-jovens-pintores.png","type":"image\/png"}],"author":"Reda\u00e7\u00e3o JO","twitter_card":"summary_large_image","twitter_creator":"@jornaloficinas","twitter_site":"@jornaloficinas","twitter_misc":{"Escrito por":"Reda\u00e7\u00e3o JO","Tempo estimado de leitura":"2 minutos"},"schema":{"@context":"https:\/\/schema.org","@graph":[{"@type":"Article","@id":"https:\/\/jornaldasoficinas.com\/pt\/basf-reforca-compromisso-com-jovens-pintores\/#article","isPartOf":{"@id":"https:\/\/jornaldasoficinas.com\/pt\/basf-reforca-compromisso-com-jovens-pintores\/"},"author":{"name":"Reda\u00e7\u00e3o JO","@id":"https:\/\/jornaldasoficinas.com\/pt\/#\/schema\/person\/a38eef5de2c41d9e7c9ac10141afddf3"},"headline":"BASF refor\u00e7a compromisso com jovens pintores","datePublished":"2023-09-01T11:30:33+00:00","mainEntityOfPage":{"@id":"https:\/\/jornaldasoficinas.com\/pt\/basf-reforca-compromisso-com-jovens-pintores\/"},"wordCount":311,"publisher":{"@id":"https:\/\/jornaldasoficinas.com\/pt\/#organization"},"image":{"@id":"https:\/\/jornaldasoficinas.com\/pt\/basf-reforca-compromisso-com-jovens-pintores\/#primaryimage"},"thumbnailUrl":"https:\/\/jornaldasoficinas.com\/pt\/wp-content\/uploads\/2023\/08\/BASF-reforca-compromisso-com-jovens-pintores.png","keywords":["BASF","EuroSkills Gda\u0144sk","Glasurit","WorldSkills"],"articleSection":["Repintura"],"inLanguage":"pt-PT"},{"@type":"WebPage","@id":"https:\/\/jornaldasoficinas.com\/pt\/basf-reforca-compromisso-com-jovens-pintores\/","url":"https:\/\/jornaldasoficinas.com\/pt\/basf-reforca-compromisso-com-jovens-pintores\/","name":"BASF refor\u00e7a compromisso com jovens pintores - Jornal das Oficinas","isPartOf":{"@id":"https:\/\/jornaldasoficinas.com\/pt\/#website"},"primaryImageOfPage":{"@id":"https:\/\/jornaldasoficinas.com\/pt\/basf-reforca-compromisso-com-jovens-pintores\/#primaryimage"},"image":{"@id":"https:\/\/jornaldasoficinas.com\/pt\/basf-reforca-compromisso-com-jovens-pintores\/#primaryimage"},"thumbnailUrl":"https:\/\/jornaldasoficinas.com\/pt\/wp-content\/uploads\/2023\/08\/BASF-reforca-compromisso-com-jovens-pintores.png","datePublished":"2023-09-01T11:30:33+00:00","description":"A BASF refor\u00e7ou o seu compromisso com o desenvolvimento de jovens talentos para a ind\u00fastria internacional de repintura","breadcrumb":{"@id":"https:\/\/jornaldasoficinas.com\/pt\/basf-reforca-compromisso-com-jovens-pintores\/#breadcrumb"},"inLanguage":"pt-PT","potentialAction":[{"@type":"ReadAction","target":["https:\/\/jornaldasoficinas.com\/pt\/basf-reforca-compromisso-com-jovens-pintores\/"]}]},{"@type":"ImageObject","inLanguage":"pt-PT","@id":"https:\/\/jornaldasoficinas.com\/pt\/basf-reforca-compromisso-com-jovens-pintores\/#primaryimage","url":"https:\/\/jornaldasoficinas.com\/pt\/wp-content\/uploads\/2023\/08\/BASF-reforca-compromisso-com-jovens-pintores.png","contentUrl":"https:\/\/jornaldasoficinas.com\/pt\/wp-content\/uploads\/2023\/08\/BASF-reforca-compromisso-com-jovens-pintores.png","width":1024,"height":581,"caption":"08 - BASF reforca compromisso com jovens pintores"},{"@type":"BreadcrumbList","@id":"https:\/\/jornaldasoficinas.com\/pt\/basf-reforca-compromisso-com-jovens-pintores\/#breadcrumb","itemListElement":[{"@type":"ListItem","position":1,"name":"In\u00edcio","item":"https:\/\/jornaldasoficinas.com\/pt\/"},{"@type":"ListItem","position":2,"name":"BASF refor\u00e7a compromisso com jovens pintores"}]},{"@type":"WebSite","@id":"https:\/\/jornaldasoficinas.com\/pt\/#website","url":"https:\/\/jornaldasoficinas.com\/pt\/","name":"Jornal das Oficinas","description":"Jornal independente do Aftermarket Autom\u00f3vel em Portugal","publisher":{"@id":"https:\/\/jornaldasoficinas.com\/pt\/#organization"},"potentialAction":[{"@type":"SearchAction","target":{"@type":"EntryPoint","urlTemplate":"https:\/\/jornaldasoficinas.com\/pt\/?s={search_term_string}"},"query-input":{"@type":"PropertyValueSpecification","valueRequired":true,"valueName":"search_term_string"}}],"inLanguage":"pt-PT"},{"@type":"Organization","@id":"https:\/\/jornaldasoficinas.com\/pt\/#organization","name":"Jornal das Oficinas","url":"https:\/\/jornaldasoficinas.com\/pt\/","logo":{"@type":"ImageObject","inLanguage":"pt-PT","@id":"https:\/\/jornaldasoficinas.com\/pt\/#\/schema\/logo\/image\/","url":"https:\/\/jornaldasoficinas.com\/pt\/wp-content\/uploads\/logoJO-SEO.png","contentUrl":"https:\/\/jornaldasoficinas.com\/pt\/wp-content\/uploads\/logoJO-SEO.png","width":285,"height":450,"caption":"Jornal das Oficinas"},"image":{"@id":"https:\/\/jornaldasoficinas.com\/pt\/#\/schema\/logo\/image\/"},"sameAs":["https:\/\/www.facebook.com\/jornaloficinas","https:\/\/x.com\/jornaloficinas","https:\/\/www.instagram.com\/jornal_oficinas\/","https:\/\/www.linkedin.com\/company\/jornal-das-oficinas\/","https:\/\/www.youtube.com\/channel\/UCbQZBqtcvV-oSQrr7RzINGg"]},{"@type":"Person","@id":"https:\/\/jornaldasoficinas.com\/pt\/#\/schema\/person\/a38eef5de2c41d9e7c9ac10141afddf3","name":"Reda\u00e7\u00e3o JO","image":{"@type":"ImageObject","inLanguage":"pt-PT","@id":"https:\/\/secure.gravatar.com\/avatar\/71f2fa71737ad68a84fea94bc708ddac8ea5b0c4788dc2ad202f3ccb2887742f?s=96&d=wp_user_avatar&r=g","url":"https:\/\/secure.gravatar.com\/avatar\/71f2fa71737ad68a84fea94bc708ddac8ea5b0c4788dc2ad202f3ccb2887742f?s=96&d=wp_user_avatar&r=g","contentUrl":"https:\/\/secure.gravatar.com\/avatar\/71f2fa71737ad68a84fea94bc708ddac8ea5b0c4788dc2ad202f3ccb2887742f?s=96&d=wp_user_avatar&r=g","caption":"Reda\u00e7\u00e3o JO"},"url":"https:\/\/jornaldasoficinas.com\/pt\/author\/joredacao\/"}]}},"_links":{"self":[{"href":"https:\/\/jornaldasoficinas.com\/pt\/wp-json\/wp\/v2\/posts\/71535","targetHints":{"allow":["GET"]}}],"collection":[{"href":"https:\/\/jornaldasoficinas.com\/pt\/wp-json\/wp\/v2\/posts"}],"about":[{"href":"https:\/\/jornaldasoficinas.com\/pt\/wp-json\/wp\/v2\/types\/post"}],"author":[{"embeddable":true,"href":"https:\/\/jornaldasoficinas.com\/pt\/wp-json\/wp\/v2\/users\/15"}],"replies":[{"embeddable":true,"href":"https:\/\/jornaldasoficinas.com\/pt\/wp-json\/wp\/v2\/comments?post=71535"}],"version-history":[{"count":0,"href":"https:\/\/jornaldasoficinas.com\/pt\/wp-json\/wp\/v2\/posts\/71535\/revisions"}],"wp:featuredmedia":[{"embeddable":true,"href":"https:\/\/jornaldasoficinas.com\/pt\/wp-json\/wp\/v2\/media\/71521"}],"wp:attachment":[{"href":"https:\/\/jornaldasoficinas.com\/pt\/wp-json\/wp\/v2\/media?parent=71535"}],"wp:term":[{"taxonomy":"category","embeddable":true,"href":"https:\/\/jornaldasoficinas.com\/pt\/wp-json\/wp\/v2\/categories?post=71535"},{"taxonomy":"post_tag","embeddable":true,"href":"https:\/\/jornaldasoficinas.com\/pt\/wp-json\/wp\/v2\/tags?post=71535"}],"curies":[{"name":"wp","href":"https:\/\/api.w.org\/{rel}","templated":true}]}}