{"id":71566,"date":"2023-09-01T18:00:08","date_gmt":"2023-09-01T17:00:08","guid":{"rendered":"https:\/\/jornaldasoficinas.com\/pt\/?p=71566"},"modified":"2023-09-01T10:16:10","modified_gmt":"2023-09-01T09:16:10","slug":"helmut-zodl-e-o-novo-diretor-financeiro-da-clarios","status":"publish","type":"post","link":"https:\/\/jornaldasoficinas.com\/pt\/helmut-zodl-e-o-novo-diretor-financeiro-da-clarios\/","title":{"rendered":"Helmut Zodl \u00e9 o novo Diretor Financeiro da Clarios"},"content":{"rendered":"<p><img loading=\"lazy\" decoding=\"async\" class=\"size-full wp-image-71558\" src=\"https:\/\/jornaldasoficinas.com\/pt\/wp-content\/uploads\/2023\/09\/Helmut-substitui-John-DiBert-que-deixou-o-cargo-de-CFO-da-Clarios-em-abril-de-2023-para-se-tornar-CFO-da-Air-Canada-em-sua-cidade-natal-Montreal-Canada.jpg\" alt=\"09 - Helmut substitui John DiBert que deixou o cargo de CFO da Clarios em abril de 2023 para se tornar CFO da Air Canada em sua cidade natal Montreal Canada\" width=\"1024\" height=\"581\" srcset=\"https:\/\/jornaldasoficinas.com\/pt\/wp-content\/uploads\/2023\/09\/Helmut-substitui-John-DiBert-que-deixou-o-cargo-de-CFO-da-Clarios-em-abril-de-2023-para-se-tornar-CFO-da-Air-Canada-em-sua-cidade-natal-Montreal-Canada.jpg 1024w, https:\/\/jornaldasoficinas.com\/pt\/wp-content\/uploads\/2023\/09\/Helmut-substitui-John-DiBert-que-deixou-o-cargo-de-CFO-da-Clarios-em-abril-de-2023-para-se-tornar-CFO-da-Air-Canada-em-sua-cidade-natal-Montreal-Canada-300x170.jpg 300w, https:\/\/jornaldasoficinas.com\/pt\/wp-content\/uploads\/2023\/09\/Helmut-substitui-John-DiBert-que-deixou-o-cargo-de-CFO-da-Clarios-em-abril-de-2023-para-se-tornar-CFO-da-Air-Canada-em-sua-cidade-natal-Montreal-Canada-150x85.jpg 150w, https:\/\/jornaldasoficinas.com\/pt\/wp-content\/uploads\/2023\/09\/Helmut-substitui-John-DiBert-que-deixou-o-cargo-de-CFO-da-Clarios-em-abril-de-2023-para-se-tornar-CFO-da-Air-Canada-em-sua-cidade-natal-Montreal-Canada-768x436.jpg 768w\" sizes=\"auto, (max-width: 1024px) 100vw, 1024px\" \/><\/p>\n<p><strong>A <a href=\"https:\/\/www.clarios.com\/\" target=\"_blank\" rel=\"noopener\">Clarios<\/a>, adicionou Helmut Zodl \u00e0 sua equipa como Diretor Financeiro j\u00e1 a partir de 1 de setembro de 2023. Esta nomea\u00e7\u00e3o refor\u00e7a a lideran\u00e7a financeira da empresa e a dire\u00e7\u00e3o estrat\u00e9gica da Clarios para o seu crescimento e sucesso futuro<\/strong><\/p>\n<p>\u201cEstamos muito felizes em receber Helmut como novo CFO da Clarios. \u201cO seu hist\u00f3rico impressionante e experi\u00eancia internacional na ind\u00fastria automotiva fazem dele um candidato excecional para ocupar esta importante fun\u00e7\u00e3o na nossa empresa\u201d, disse Mark Wallace, presidente e CEO da Clarios. \u201cHelmut vai dar um contributo essencial para alcan\u00e7ar os nossos objetivos financeiros e estrat\u00e9gicos e para fortalecer ainda mais a colabora\u00e7\u00e3o com os nossos investidores. Com o seu forte interesse no crescimento sustent\u00e1vel e paix\u00e3o por solu\u00e7\u00f5es inovadoras, estou confiante de que contribuir\u00e1 significativamente para o nosso sucesso cont\u00ednuo\u201d, acrescentou Wallace.<\/p>\n<p>Antes de ingressar na Clarios, Helmut Zodl foi CFO da GE Healthcare. Nessa fun\u00e7\u00e3o, liderou a empresa subsidi\u00e1ria ao sucesso da controladora, listando-a na NASDAQ. Antes da GE Healthcare, trabalhou na China como CFO do Grupo Midea, l\u00edder mundial em ar condicionado, eletrodom\u00e9sticos e automa\u00e7\u00e3o industrial. Helmut \u00e9 membro do Conselho Fiscal da KUKA AG, onde preside o Comit\u00ea de Auditoria. A sua carreira tamb\u00e9m inclui cargos nos departamentos de finan\u00e7as, TI e estrat\u00e9gia em empresas como Advance AutoParts, Lenovo, IBM e PWC. Helmut nasceu na \u00c1ustria e a sua experi\u00eancia internacional levou-o a ocupar cargos em Fran\u00e7a, Hong Kong, China, Brasil e Estados Unidos.<\/p>\n<p>Helmut substitui John DiBert, que deixou o cargo de CFO da Clarios em abril de 2023 para se tornar CFO da Air Canada na sua cidade natal, Montreal, Canad\u00e1.<\/p>\n","protected":false},"excerpt":{"rendered":"<p>A Clarios, adicionou Helmut Zodl \u00e0&#8230;<\/p>\n","protected":false},"author":15,"featured_media":71558,"comment_status":"closed","ping_status":"closed","sticky":false,"template":"","format":"standard","meta":{"footnotes":""},"categories":[29],"tags":[514,6130,6129,6131],"class_list":["post-71566","post","type-post","status-publish","format-standard","has-post-thumbnail","hentry","category-empresas","tag-clarios","tag-diretor-financeiro","tag-helmut-zodl","tag-nomeacao"],"yoast_head":"<!-- This site is optimized with the Yoast SEO plugin v27.4 - https:\/\/yoast.com\/product\/yoast-seo-wordpress\/ -->\n<title>Helmut Zodl \u00e9 o novo Diretor Financeiro da Clarios - Jornal das Oficinas<\/title>\n<meta name=\"description\" content=\"A Clarios, adicionou Helmut Zodl \u00e0 sua equipa como Diretor Financeiro j\u00e1 a partir de 1 de setembro de 2023. Esta nomea\u00e7\u00e3o refor\u00e7a a lideran\u00e7a financeira da empresa\" \/>\n<meta name=\"robots\" content=\"index, follow, max-snippet:-1, max-image-preview:large, max-video-preview:-1\" \/>\n<link rel=\"canonical\" href=\"https:\/\/jornaldasoficinas.com\/pt\/helmut-zodl-e-o-novo-diretor-financeiro-da-clarios\/\" \/>\n<meta property=\"og:locale\" content=\"pt_PT\" \/>\n<meta property=\"og:type\" content=\"article\" \/>\n<meta property=\"og:title\" content=\"Helmut Zodl \u00e9 o novo Diretor Financeiro da Clarios - Jornal das Oficinas\" \/>\n<meta property=\"og:description\" content=\"A Clarios, adicionou Helmut Zodl \u00e0 sua equipa como Diretor Financeiro j\u00e1 a partir de 1 de setembro de 2023. Esta nomea\u00e7\u00e3o refor\u00e7a a lideran\u00e7a financeira da empresa\" \/>\n<meta property=\"og:url\" content=\"https:\/\/jornaldasoficinas.com\/pt\/helmut-zodl-e-o-novo-diretor-financeiro-da-clarios\/\" \/>\n<meta property=\"og:site_name\" content=\"Jornal das Oficinas\" \/>\n<meta property=\"article:publisher\" content=\"https:\/\/www.facebook.com\/jornaloficinas\" \/>\n<meta property=\"article:published_time\" content=\"2023-09-01T17:00:08+00:00\" \/>\n<meta property=\"og:image\" content=\"https:\/\/jornaldasoficinas.com\/pt\/wp-content\/uploads\/2023\/09\/Helmut-substitui-John-DiBert-que-deixou-o-cargo-de-CFO-da-Clarios-em-abril-de-2023-para-se-tornar-CFO-da-Air-Canada-em-sua-cidade-natal-Montreal-Canada.jpg\" \/>\n\t<meta property=\"og:image:width\" content=\"1024\" \/>\n\t<meta property=\"og:image:height\" content=\"581\" \/>\n\t<meta property=\"og:image:type\" content=\"image\/jpeg\" \/>\n<meta name=\"author\" content=\"Reda\u00e7\u00e3o JO\" \/>\n<meta name=\"twitter:card\" content=\"summary_large_image\" \/>\n<meta name=\"twitter:creator\" content=\"@jornaloficinas\" \/>\n<meta name=\"twitter:site\" content=\"@jornaloficinas\" \/>\n<meta name=\"twitter:label1\" content=\"Escrito por\" \/>\n\t<meta name=\"twitter:data1\" content=\"Reda\u00e7\u00e3o JO\" \/>\n\t<meta name=\"twitter:label2\" content=\"Tempo estimado de leitura\" \/>\n\t<meta name=\"twitter:data2\" content=\"2 minutos\" \/>\n<script type=\"application\/ld+json\" class=\"yoast-schema-graph\">{\"@context\":\"https:\\\/\\\/schema.org\",\"@graph\":[{\"@type\":\"Article\",\"@id\":\"https:\\\/\\\/jornaldasoficinas.com\\\/pt\\\/helmut-zodl-e-o-novo-diretor-financeiro-da-clarios\\\/#article\",\"isPartOf\":{\"@id\":\"https:\\\/\\\/jornaldasoficinas.com\\\/pt\\\/helmut-zodl-e-o-novo-diretor-financeiro-da-clarios\\\/\"},\"author\":{\"name\":\"Reda\u00e7\u00e3o JO\",\"@id\":\"https:\\\/\\\/jornaldasoficinas.com\\\/pt\\\/#\\\/schema\\\/person\\\/a38eef5de2c41d9e7c9ac10141afddf3\"},\"headline\":\"Helmut Zodl \u00e9 o novo Diretor Financeiro da Clarios\",\"datePublished\":\"2023-09-01T17:00:08+00:00\",\"mainEntityOfPage\":{\"@id\":\"https:\\\/\\\/jornaldasoficinas.com\\\/pt\\\/helmut-zodl-e-o-novo-diretor-financeiro-da-clarios\\\/\"},\"wordCount\":297,\"publisher\":{\"@id\":\"https:\\\/\\\/jornaldasoficinas.com\\\/pt\\\/#organization\"},\"image\":{\"@id\":\"https:\\\/\\\/jornaldasoficinas.com\\\/pt\\\/helmut-zodl-e-o-novo-diretor-financeiro-da-clarios\\\/#primaryimage\"},\"thumbnailUrl\":\"https:\\\/\\\/jornaldasoficinas.com\\\/pt\\\/wp-content\\\/uploads\\\/2023\\\/09\\\/Helmut-substitui-John-DiBert-que-deixou-o-cargo-de-CFO-da-Clarios-em-abril-de-2023-para-se-tornar-CFO-da-Air-Canada-em-sua-cidade-natal-Montreal-Canada.jpg\",\"keywords\":[\"Clarios\",\"Diretor Financeiro\",\"Helmut Zodl\",\"Nomea\u00e7\u00e3o\"],\"articleSection\":[\"Empresas\"],\"inLanguage\":\"pt-PT\"},{\"@type\":\"WebPage\",\"@id\":\"https:\\\/\\\/jornaldasoficinas.com\\\/pt\\\/helmut-zodl-e-o-novo-diretor-financeiro-da-clarios\\\/\",\"url\":\"https:\\\/\\\/jornaldasoficinas.com\\\/pt\\\/helmut-zodl-e-o-novo-diretor-financeiro-da-clarios\\\/\",\"name\":\"Helmut Zodl \u00e9 o novo Diretor Financeiro da Clarios - Jornal das Oficinas\",\"isPartOf\":{\"@id\":\"https:\\\/\\\/jornaldasoficinas.com\\\/pt\\\/#website\"},\"primaryImageOfPage\":{\"@id\":\"https:\\\/\\\/jornaldasoficinas.com\\\/pt\\\/helmut-zodl-e-o-novo-diretor-financeiro-da-clarios\\\/#primaryimage\"},\"image\":{\"@id\":\"https:\\\/\\\/jornaldasoficinas.com\\\/pt\\\/helmut-zodl-e-o-novo-diretor-financeiro-da-clarios\\\/#primaryimage\"},\"thumbnailUrl\":\"https:\\\/\\\/jornaldasoficinas.com\\\/pt\\\/wp-content\\\/uploads\\\/2023\\\/09\\\/Helmut-substitui-John-DiBert-que-deixou-o-cargo-de-CFO-da-Clarios-em-abril-de-2023-para-se-tornar-CFO-da-Air-Canada-em-sua-cidade-natal-Montreal-Canada.jpg\",\"datePublished\":\"2023-09-01T17:00:08+00:00\",\"description\":\"A Clarios, adicionou Helmut Zodl \u00e0 sua equipa como Diretor Financeiro j\u00e1 a partir de 1 de setembro de 2023. Esta nomea\u00e7\u00e3o refor\u00e7a a lideran\u00e7a financeira da empresa\",\"breadcrumb\":{\"@id\":\"https:\\\/\\\/jornaldasoficinas.com\\\/pt\\\/helmut-zodl-e-o-novo-diretor-financeiro-da-clarios\\\/#breadcrumb\"},\"inLanguage\":\"pt-PT\",\"potentialAction\":[{\"@type\":\"ReadAction\",\"target\":[\"https:\\\/\\\/jornaldasoficinas.com\\\/pt\\\/helmut-zodl-e-o-novo-diretor-financeiro-da-clarios\\\/\"]}]},{\"@type\":\"ImageObject\",\"inLanguage\":\"pt-PT\",\"@id\":\"https:\\\/\\\/jornaldasoficinas.com\\\/pt\\\/helmut-zodl-e-o-novo-diretor-financeiro-da-clarios\\\/#primaryimage\",\"url\":\"https:\\\/\\\/jornaldasoficinas.com\\\/pt\\\/wp-content\\\/uploads\\\/2023\\\/09\\\/Helmut-substitui-John-DiBert-que-deixou-o-cargo-de-CFO-da-Clarios-em-abril-de-2023-para-se-tornar-CFO-da-Air-Canada-em-sua-cidade-natal-Montreal-Canada.jpg\",\"contentUrl\":\"https:\\\/\\\/jornaldasoficinas.com\\\/pt\\\/wp-content\\\/uploads\\\/2023\\\/09\\\/Helmut-substitui-John-DiBert-que-deixou-o-cargo-de-CFO-da-Clarios-em-abril-de-2023-para-se-tornar-CFO-da-Air-Canada-em-sua-cidade-natal-Montreal-Canada.jpg\",\"width\":1024,\"height\":581,\"caption\":\"12-08-2022- GE Investor Day at NASDYQ\"},{\"@type\":\"BreadcrumbList\",\"@id\":\"https:\\\/\\\/jornaldasoficinas.com\\\/pt\\\/helmut-zodl-e-o-novo-diretor-financeiro-da-clarios\\\/#breadcrumb\",\"itemListElement\":[{\"@type\":\"ListItem\",\"position\":1,\"name\":\"In\u00edcio\",\"item\":\"https:\\\/\\\/jornaldasoficinas.com\\\/pt\\\/\"},{\"@type\":\"ListItem\",\"position\":2,\"name\":\"Helmut Zodl \u00e9 o novo Diretor Financeiro da Clarios\"}]},{\"@type\":\"WebSite\",\"@id\":\"https:\\\/\\\/jornaldasoficinas.com\\\/pt\\\/#website\",\"url\":\"https:\\\/\\\/jornaldasoficinas.com\\\/pt\\\/\",\"name\":\"Jornal das Oficinas\",\"description\":\"Jornal independente do Aftermarket Autom\u00f3vel em Portugal\",\"publisher\":{\"@id\":\"https:\\\/\\\/jornaldasoficinas.com\\\/pt\\\/#organization\"},\"potentialAction\":[{\"@type\":\"SearchAction\",\"target\":{\"@type\":\"EntryPoint\",\"urlTemplate\":\"https:\\\/\\\/jornaldasoficinas.com\\\/pt\\\/?s={search_term_string}\"},\"query-input\":{\"@type\":\"PropertyValueSpecification\",\"valueRequired\":true,\"valueName\":\"search_term_string\"}}],\"inLanguage\":\"pt-PT\"},{\"@type\":\"Organization\",\"@id\":\"https:\\\/\\\/jornaldasoficinas.com\\\/pt\\\/#organization\",\"name\":\"Jornal das Oficinas\",\"url\":\"https:\\\/\\\/jornaldasoficinas.com\\\/pt\\\/\",\"logo\":{\"@type\":\"ImageObject\",\"inLanguage\":\"pt-PT\",\"@id\":\"https:\\\/\\\/jornaldasoficinas.com\\\/pt\\\/#\\\/schema\\\/logo\\\/image\\\/\",\"url\":\"https:\\\/\\\/jornaldasoficinas.com\\\/pt\\\/wp-content\\\/uploads\\\/logoJO-SEO.png\",\"contentUrl\":\"https:\\\/\\\/jornaldasoficinas.com\\\/pt\\\/wp-content\\\/uploads\\\/logoJO-SEO.png\",\"width\":285,\"height\":450,\"caption\":\"Jornal das Oficinas\"},\"image\":{\"@id\":\"https:\\\/\\\/jornaldasoficinas.com\\\/pt\\\/#\\\/schema\\\/logo\\\/image\\\/\"},\"sameAs\":[\"https:\\\/\\\/www.facebook.com\\\/jornaloficinas\",\"https:\\\/\\\/x.com\\\/jornaloficinas\",\"https:\\\/\\\/www.instagram.com\\\/jornal_oficinas\\\/\",\"https:\\\/\\\/www.linkedin.com\\\/company\\\/jornal-das-oficinas\\\/\",\"https:\\\/\\\/www.youtube.com\\\/channel\\\/UCbQZBqtcvV-oSQrr7RzINGg\"]},{\"@type\":\"Person\",\"@id\":\"https:\\\/\\\/jornaldasoficinas.com\\\/pt\\\/#\\\/schema\\\/person\\\/a38eef5de2c41d9e7c9ac10141afddf3\",\"name\":\"Reda\u00e7\u00e3o JO\",\"image\":{\"@type\":\"ImageObject\",\"inLanguage\":\"pt-PT\",\"@id\":\"https:\\\/\\\/secure.gravatar.com\\\/avatar\\\/71f2fa71737ad68a84fea94bc708ddac8ea5b0c4788dc2ad202f3ccb2887742f?s=96&d=wp_user_avatar&r=g\",\"url\":\"https:\\\/\\\/secure.gravatar.com\\\/avatar\\\/71f2fa71737ad68a84fea94bc708ddac8ea5b0c4788dc2ad202f3ccb2887742f?s=96&d=wp_user_avatar&r=g\",\"contentUrl\":\"https:\\\/\\\/secure.gravatar.com\\\/avatar\\\/71f2fa71737ad68a84fea94bc708ddac8ea5b0c4788dc2ad202f3ccb2887742f?s=96&d=wp_user_avatar&r=g\",\"caption\":\"Reda\u00e7\u00e3o JO\"},\"url\":\"https:\\\/\\\/jornaldasoficinas.com\\\/pt\\\/author\\\/joredacao\\\/\"}]}<\/script>\n<!-- \/ Yoast SEO plugin. -->","yoast_head_json":{"title":"Helmut Zodl \u00e9 o novo Diretor Financeiro da Clarios - Jornal das Oficinas","description":"A Clarios, adicionou Helmut Zodl \u00e0 sua equipa como Diretor Financeiro j\u00e1 a partir de 1 de setembro de 2023. Esta nomea\u00e7\u00e3o refor\u00e7a a lideran\u00e7a financeira da empresa","robots":{"index":"index","follow":"follow","max-snippet":"max-snippet:-1","max-image-preview":"max-image-preview:large","max-video-preview":"max-video-preview:-1"},"canonical":"https:\/\/jornaldasoficinas.com\/pt\/helmut-zodl-e-o-novo-diretor-financeiro-da-clarios\/","og_locale":"pt_PT","og_type":"article","og_title":"Helmut Zodl \u00e9 o novo Diretor Financeiro da Clarios - Jornal das Oficinas","og_description":"A Clarios, adicionou Helmut Zodl \u00e0 sua equipa como Diretor Financeiro j\u00e1 a partir de 1 de setembro de 2023. Esta nomea\u00e7\u00e3o refor\u00e7a a lideran\u00e7a financeira da empresa","og_url":"https:\/\/jornaldasoficinas.com\/pt\/helmut-zodl-e-o-novo-diretor-financeiro-da-clarios\/","og_site_name":"Jornal das Oficinas","article_publisher":"https:\/\/www.facebook.com\/jornaloficinas","article_published_time":"2023-09-01T17:00:08+00:00","og_image":[{"width":1024,"height":581,"url":"https:\/\/jornaldasoficinas.com\/pt\/wp-content\/uploads\/2023\/09\/Helmut-substitui-John-DiBert-que-deixou-o-cargo-de-CFO-da-Clarios-em-abril-de-2023-para-se-tornar-CFO-da-Air-Canada-em-sua-cidade-natal-Montreal-Canada.jpg","type":"image\/jpeg"}],"author":"Reda\u00e7\u00e3o JO","twitter_card":"summary_large_image","twitter_creator":"@jornaloficinas","twitter_site":"@jornaloficinas","twitter_misc":{"Escrito por":"Reda\u00e7\u00e3o JO","Tempo estimado de leitura":"2 minutos"},"schema":{"@context":"https:\/\/schema.org","@graph":[{"@type":"Article","@id":"https:\/\/jornaldasoficinas.com\/pt\/helmut-zodl-e-o-novo-diretor-financeiro-da-clarios\/#article","isPartOf":{"@id":"https:\/\/jornaldasoficinas.com\/pt\/helmut-zodl-e-o-novo-diretor-financeiro-da-clarios\/"},"author":{"name":"Reda\u00e7\u00e3o JO","@id":"https:\/\/jornaldasoficinas.com\/pt\/#\/schema\/person\/a38eef5de2c41d9e7c9ac10141afddf3"},"headline":"Helmut Zodl \u00e9 o novo Diretor Financeiro da Clarios","datePublished":"2023-09-01T17:00:08+00:00","mainEntityOfPage":{"@id":"https:\/\/jornaldasoficinas.com\/pt\/helmut-zodl-e-o-novo-diretor-financeiro-da-clarios\/"},"wordCount":297,"publisher":{"@id":"https:\/\/jornaldasoficinas.com\/pt\/#organization"},"image":{"@id":"https:\/\/jornaldasoficinas.com\/pt\/helmut-zodl-e-o-novo-diretor-financeiro-da-clarios\/#primaryimage"},"thumbnailUrl":"https:\/\/jornaldasoficinas.com\/pt\/wp-content\/uploads\/2023\/09\/Helmut-substitui-John-DiBert-que-deixou-o-cargo-de-CFO-da-Clarios-em-abril-de-2023-para-se-tornar-CFO-da-Air-Canada-em-sua-cidade-natal-Montreal-Canada.jpg","keywords":["Clarios","Diretor Financeiro","Helmut Zodl","Nomea\u00e7\u00e3o"],"articleSection":["Empresas"],"inLanguage":"pt-PT"},{"@type":"WebPage","@id":"https:\/\/jornaldasoficinas.com\/pt\/helmut-zodl-e-o-novo-diretor-financeiro-da-clarios\/","url":"https:\/\/jornaldasoficinas.com\/pt\/helmut-zodl-e-o-novo-diretor-financeiro-da-clarios\/","name":"Helmut Zodl \u00e9 o novo Diretor Financeiro da Clarios - Jornal das Oficinas","isPartOf":{"@id":"https:\/\/jornaldasoficinas.com\/pt\/#website"},"primaryImageOfPage":{"@id":"https:\/\/jornaldasoficinas.com\/pt\/helmut-zodl-e-o-novo-diretor-financeiro-da-clarios\/#primaryimage"},"image":{"@id":"https:\/\/jornaldasoficinas.com\/pt\/helmut-zodl-e-o-novo-diretor-financeiro-da-clarios\/#primaryimage"},"thumbnailUrl":"https:\/\/jornaldasoficinas.com\/pt\/wp-content\/uploads\/2023\/09\/Helmut-substitui-John-DiBert-que-deixou-o-cargo-de-CFO-da-Clarios-em-abril-de-2023-para-se-tornar-CFO-da-Air-Canada-em-sua-cidade-natal-Montreal-Canada.jpg","datePublished":"2023-09-01T17:00:08+00:00","description":"A Clarios, adicionou Helmut Zodl \u00e0 sua equipa como Diretor Financeiro j\u00e1 a partir de 1 de setembro de 2023. Esta nomea\u00e7\u00e3o refor\u00e7a a lideran\u00e7a financeira da empresa","breadcrumb":{"@id":"https:\/\/jornaldasoficinas.com\/pt\/helmut-zodl-e-o-novo-diretor-financeiro-da-clarios\/#breadcrumb"},"inLanguage":"pt-PT","potentialAction":[{"@type":"ReadAction","target":["https:\/\/jornaldasoficinas.com\/pt\/helmut-zodl-e-o-novo-diretor-financeiro-da-clarios\/"]}]},{"@type":"ImageObject","inLanguage":"pt-PT","@id":"https:\/\/jornaldasoficinas.com\/pt\/helmut-zodl-e-o-novo-diretor-financeiro-da-clarios\/#primaryimage","url":"https:\/\/jornaldasoficinas.com\/pt\/wp-content\/uploads\/2023\/09\/Helmut-substitui-John-DiBert-que-deixou-o-cargo-de-CFO-da-Clarios-em-abril-de-2023-para-se-tornar-CFO-da-Air-Canada-em-sua-cidade-natal-Montreal-Canada.jpg","contentUrl":"https:\/\/jornaldasoficinas.com\/pt\/wp-content\/uploads\/2023\/09\/Helmut-substitui-John-DiBert-que-deixou-o-cargo-de-CFO-da-Clarios-em-abril-de-2023-para-se-tornar-CFO-da-Air-Canada-em-sua-cidade-natal-Montreal-Canada.jpg","width":1024,"height":581,"caption":"12-08-2022- GE Investor Day at NASDYQ"},{"@type":"BreadcrumbList","@id":"https:\/\/jornaldasoficinas.com\/pt\/helmut-zodl-e-o-novo-diretor-financeiro-da-clarios\/#breadcrumb","itemListElement":[{"@type":"ListItem","position":1,"name":"In\u00edcio","item":"https:\/\/jornaldasoficinas.com\/pt\/"},{"@type":"ListItem","position":2,"name":"Helmut Zodl \u00e9 o novo Diretor Financeiro da Clarios"}]},{"@type":"WebSite","@id":"https:\/\/jornaldasoficinas.com\/pt\/#website","url":"https:\/\/jornaldasoficinas.com\/pt\/","name":"Jornal das Oficinas","description":"Jornal independente do Aftermarket Autom\u00f3vel em Portugal","publisher":{"@id":"https:\/\/jornaldasoficinas.com\/pt\/#organization"},"potentialAction":[{"@type":"SearchAction","target":{"@type":"EntryPoint","urlTemplate":"https:\/\/jornaldasoficinas.com\/pt\/?s={search_term_string}"},"query-input":{"@type":"PropertyValueSpecification","valueRequired":true,"valueName":"search_term_string"}}],"inLanguage":"pt-PT"},{"@type":"Organization","@id":"https:\/\/jornaldasoficinas.com\/pt\/#organization","name":"Jornal das Oficinas","url":"https:\/\/jornaldasoficinas.com\/pt\/","logo":{"@type":"ImageObject","inLanguage":"pt-PT","@id":"https:\/\/jornaldasoficinas.com\/pt\/#\/schema\/logo\/image\/","url":"https:\/\/jornaldasoficinas.com\/pt\/wp-content\/uploads\/logoJO-SEO.png","contentUrl":"https:\/\/jornaldasoficinas.com\/pt\/wp-content\/uploads\/logoJO-SEO.png","width":285,"height":450,"caption":"Jornal das Oficinas"},"image":{"@id":"https:\/\/jornaldasoficinas.com\/pt\/#\/schema\/logo\/image\/"},"sameAs":["https:\/\/www.facebook.com\/jornaloficinas","https:\/\/x.com\/jornaloficinas","https:\/\/www.instagram.com\/jornal_oficinas\/","https:\/\/www.linkedin.com\/company\/jornal-das-oficinas\/","https:\/\/www.youtube.com\/channel\/UCbQZBqtcvV-oSQrr7RzINGg"]},{"@type":"Person","@id":"https:\/\/jornaldasoficinas.com\/pt\/#\/schema\/person\/a38eef5de2c41d9e7c9ac10141afddf3","name":"Reda\u00e7\u00e3o JO","image":{"@type":"ImageObject","inLanguage":"pt-PT","@id":"https:\/\/secure.gravatar.com\/avatar\/71f2fa71737ad68a84fea94bc708ddac8ea5b0c4788dc2ad202f3ccb2887742f?s=96&d=wp_user_avatar&r=g","url":"https:\/\/secure.gravatar.com\/avatar\/71f2fa71737ad68a84fea94bc708ddac8ea5b0c4788dc2ad202f3ccb2887742f?s=96&d=wp_user_avatar&r=g","contentUrl":"https:\/\/secure.gravatar.com\/avatar\/71f2fa71737ad68a84fea94bc708ddac8ea5b0c4788dc2ad202f3ccb2887742f?s=96&d=wp_user_avatar&r=g","caption":"Reda\u00e7\u00e3o JO"},"url":"https:\/\/jornaldasoficinas.com\/pt\/author\/joredacao\/"}]}},"_links":{"self":[{"href":"https:\/\/jornaldasoficinas.com\/pt\/wp-json\/wp\/v2\/posts\/71566","targetHints":{"allow":["GET"]}}],"collection":[{"href":"https:\/\/jornaldasoficinas.com\/pt\/wp-json\/wp\/v2\/posts"}],"about":[{"href":"https:\/\/jornaldasoficinas.com\/pt\/wp-json\/wp\/v2\/types\/post"}],"author":[{"embeddable":true,"href":"https:\/\/jornaldasoficinas.com\/pt\/wp-json\/wp\/v2\/users\/15"}],"replies":[{"embeddable":true,"href":"https:\/\/jornaldasoficinas.com\/pt\/wp-json\/wp\/v2\/comments?post=71566"}],"version-history":[{"count":0,"href":"https:\/\/jornaldasoficinas.com\/pt\/wp-json\/wp\/v2\/posts\/71566\/revisions"}],"wp:featuredmedia":[{"embeddable":true,"href":"https:\/\/jornaldasoficinas.com\/pt\/wp-json\/wp\/v2\/media\/71558"}],"wp:attachment":[{"href":"https:\/\/jornaldasoficinas.com\/pt\/wp-json\/wp\/v2\/media?parent=71566"}],"wp:term":[{"taxonomy":"category","embeddable":true,"href":"https:\/\/jornaldasoficinas.com\/pt\/wp-json\/wp\/v2\/categories?post=71566"},{"taxonomy":"post_tag","embeddable":true,"href":"https:\/\/jornaldasoficinas.com\/pt\/wp-json\/wp\/v2\/tags?post=71566"}],"curies":[{"name":"wp","href":"https:\/\/api.w.org\/{rel}","templated":true}]}}