{"id":71588,"date":"2023-09-03T22:00:14","date_gmt":"2023-09-03T21:00:14","guid":{"rendered":"https:\/\/jornaldasoficinas.com\/pt\/?p=71588"},"modified":"2023-09-02T12:23:24","modified_gmt":"2023-09-02T11:23:24","slug":"melhorar-a-eficiencia-nas-oficinas","status":"publish","type":"post","link":"https:\/\/jornaldasoficinas.com\/pt\/melhorar-a-eficiencia-nas-oficinas\/","title":{"rendered":"Melhorar a efici\u00eancia nas oficinas"},"content":{"rendered":"<p><strong><img loading=\"lazy\" decoding=\"async\" class=\"alignnone size-full wp-image-71594\" src=\"https:\/\/jornaldasoficinas.com\/pt\/wp-content\/uploads\/2023\/09\/melhorar_eficiencia_oficinas-1.jpeg\" alt=\"09 - melhorar_eficiencia_oficinas 1\" width=\"1024\" height=\"581\" srcset=\"https:\/\/jornaldasoficinas.com\/pt\/wp-content\/uploads\/2023\/09\/melhorar_eficiencia_oficinas-1.jpeg 1024w, https:\/\/jornaldasoficinas.com\/pt\/wp-content\/uploads\/2023\/09\/melhorar_eficiencia_oficinas-1-300x170.jpeg 300w, https:\/\/jornaldasoficinas.com\/pt\/wp-content\/uploads\/2023\/09\/melhorar_eficiencia_oficinas-1-150x85.jpeg 150w, https:\/\/jornaldasoficinas.com\/pt\/wp-content\/uploads\/2023\/09\/melhorar_eficiencia_oficinas-1-768x436.jpeg 768w\" sizes=\"auto, (max-width: 1024px) 100vw, 1024px\" \/><\/strong><\/p>\n<p><strong>A efici\u00eancia nas oficinas autom\u00f3veis \u00e9, atualmente, um valor em alta que lhe permitir\u00e1 destacar-se e obter uma vantagem competitiva. A efici\u00eancia assume especial import\u00e2ncia num contexto que evolui rapidamente e onde aparece uma nova gera\u00e7\u00e3o de clientes que valorizam mais o seu tempo e s\u00e3o mais exigentes<\/strong><\/p>\n<p>O facto de se ser eficiente, isto \u00e9, atingir os objetivos da oficina de forma \u00e1gil, diligente e correta,\u00a0minimizando erros, permitir\u00e1 otimizar os recursos utilizados e melhorar os processos cruciais do neg\u00f3cio, o que resultar\u00e1 em maior satisfa\u00e7\u00e3o dos clientes e em poupan\u00e7a.<\/p>\n<p>\u00c0 utiliza\u00e7\u00e3o de novas tecnologias, como solu\u00e7\u00f5es de or\u00e7amenta\u00e7\u00e3o online, ferramentas de gest\u00e3o DMS, etc., e outros fatores relacionados com a maquinaria da oficina ou com os produtos, somam-se outros aspetos relacionados sobretudo com uma mudan\u00e7a de mentalidade e uma nova forma de entender o neg\u00f3cio de repara\u00e7\u00e3o de autom\u00f3veis.<\/p>\n<p>Em seguida, indicamos algumas das pr\u00e1ticas que podem ter um impacto positivo na efici\u00eancia das oficinas de repara\u00e7\u00e3o de autom\u00f3veis:<\/p>\n<p><strong>Lideran\u00e7a<br \/>\n<\/strong>O l\u00edder da oficina n\u00e3o tem apenas de se encarregar de supervisionar, monitorizar e controlar. Deve tamb\u00e9m estar empenhado na melhoria cont\u00ednua e transmitir o seu empenho ao resto da equipa, apostando numa atitude estrat\u00e9gica e de planifica\u00e7\u00e3o, assim como, implantando a forma\u00e7\u00e3o cont\u00ednua.<\/p>\n<p>Neste per\u00edodo de grande incerteza que estamos a viver, deve mostrar uma postura de coragem, confian\u00e7a e esperan\u00e7a num futuro risonho e numa r\u00e1pida travessia da crise. Mais do que palavras e ideias fortes, \u00e9 imprescind\u00edvel tomar decis\u00f5es consolidadas e ganhadoras, acautelando a seguran\u00e7a e o sucesso dos mais pr\u00f3ximos: clientes e colaboradores.<\/p>\n<p><strong>Objetivos e fun\u00e7\u00f5es<br \/>\n<\/strong>Devem-se definir claramente os objetivos da oficina de repara\u00e7\u00e3o e d\u00e1-los a conhecer \u00e0 equipa, para al\u00e9m de se transmitir quais s\u00e3o as fun\u00e7\u00f5es e tarefas de cada elemento integrante para que, deste modo, o trabalho do mesmo esteja alinhado com a filosofia e com as metas da empresa e se evitem d\u00favidas ou desvios que poderiam dar lugar a perdas de tempo, erros, duplica\u00e7\u00f5es\u2026<\/p>\n<p>Conhecer os objetivos, tanto individuais como de grupo, \u00e9 uma alavanca que facilita o trabalho dos funcion\u00e1rios e contribui para um maior rendimento. N\u00e3o basta apenas considerar os objetivos da oficina autom\u00f3vel a curto prazo, mas tamb\u00e9m os respetivos objetivos a m\u00e9dio e longo prazo, assim como ter em conta progn\u00f3sticos de procura futura dos produtos e servi\u00e7os da oficina para se ter claro o rumo e se poder tomar decis\u00f5es de acordo com a respetiva consecu\u00e7\u00e3o.<\/p>\n<p><strong>Distribui\u00e7\u00e3o de tarefas<br \/>\n<\/strong>Para al\u00e9m de se estabelecerem os objetivos, deve-se conceber e definir o processo de trabalho da oficina, isto \u00e9, o conjunto de tarefas cujo fim \u00e9 oferecer produtos e servi\u00e7os que gerem valor para o cliente. Quais s\u00e3o as tarefas do fluxo de trabalho da oficina? Como se realizam? Que ferramentas e materiais requerem? Quem s\u00e3o os respons\u00e1veis por cada tarefa? Todas estas perguntas podem ajudar no controlo do fluxo de trabalho, assim como no estudo do mesmo para se poderem otimizar tarefas. As agendas e a prioriza\u00e7\u00e3o de tarefas podem ser \u00fateis.<\/p>\n<p><strong>Comunica\u00e7\u00e3o e colabora\u00e7\u00e3o<br \/>\n<\/strong>A colabora\u00e7\u00e3o permite aumentar o rendimento e a produtividade atrav\u00e9s do interc\u00e2mbio de conhecimentos e opini\u00f5es, da disponibiliza\u00e7\u00e3o de ideias criativas e de uma boa comunica\u00e7\u00e3o. As reuni\u00f5es, e a comunica\u00e7\u00e3o em geral, possibilitam a transmiss\u00e3o de objetivos, a recolha de feedback da equipa, o interc\u00e2mbio de ideias\u2026 para al\u00e9m de contribu\u00edrem para o envolvimento da equipa.<\/p>\n<p><strong>Melhoria cont\u00ednua<br \/>\n<\/strong>Fomentar a colabora\u00e7\u00e3o, incentivar o interc\u00e2mbio de ideias, premiar as propostas que contribuam para a melhoria da oficina, s\u00e3o exemplos de a\u00e7\u00f5es que podem propiciar a instaura\u00e7\u00e3o da cultura de melhoria cont\u00ednua. A orienta\u00e7\u00e3o para a melhoria e para a m\u00e1xima qualidade ajudar\u00e3o a diminuir erros e a reduzir a possibilidade de um cliente ficar insatisfeito, para al\u00e9m de evitarem o desperd\u00edcio de recursos na oficina.<\/p>\n<p><strong>Forma\u00e7\u00e3o<br \/>\n<\/strong>A forma\u00e7\u00e3o \u00e9 fundamental para aumentar a competitividade e o rendimento na oficina. Um trabalhador formado ter\u00e1 mais conhecimento e recursos para responder \u00e0s exig\u00eancias do neg\u00f3cio. Al\u00e9m disso, a forma\u00e7\u00e3o permitir\u00e1 aos funcion\u00e1rios das oficinas autom\u00f3veis responderem \u00e0s novas exig\u00eancias e evolu\u00e7\u00f5es do mercado (por exemplo, ve\u00edculos conectados, el\u00e9tricos&#8230;), adaptarem-se mais rapidamente \u00e0s mudan\u00e7as ou adquirirem novas compet\u00eancias que permitam incrementar a qualidade do trabalho e do servi\u00e7o, entre outras vantagens.<\/p>\n<p><strong>Reconhecimento<br \/>\n<\/strong>O facto de se reconhecer o trabalho bem feito, o esfor\u00e7o e a dedica\u00e7\u00e3o do funcion\u00e1rio ou da equipa, contribui para aumentar a satisfa\u00e7\u00e3o e motiva\u00e7\u00e3o dos profissionais da oficina, influenciando positivamente o rendimento dos mesmos. O reconhecimento pode ser de diferentes tipos, tais como gratifica\u00e7\u00f5es, refei\u00e7\u00e3o com a equipa ou felicita\u00e7\u00e3o mediante conversa informal. Al\u00e9m disso, o reconhecimento serve de guia e refor\u00e7o sobre as boas pr\u00e1ticas e compet\u00eancias na oficina.<\/p>\n<p>Para finalizar, se a oficina pretende comprovar o seu grau de efici\u00eancia, pode socorrer-se da monitoriza\u00e7\u00e3o e de m\u00e9tricas, as quais lhe servir\u00e3o de apoio \u00e0 tomada de decis\u00f5es.<\/p>\n","protected":false},"excerpt":{"rendered":"<p>A efici\u00eancia nas oficinas autom\u00f3veis \u00e9,&#8230;<\/p>\n","protected":false},"author":15,"featured_media":71590,"comment_status":"closed","ping_status":"closed","sticky":false,"template":"","format":"standard","meta":{"footnotes":""},"categories":[37],"tags":[6132],"class_list":["post-71588","post","type-post","status-publish","format-standard","has-post-thumbnail","hentry","category-mercado","tag-eficiencia-nas-oficinas"],"yoast_head":"<!-- This site is optimized with the Yoast SEO plugin v27.5 - https:\/\/yoast.com\/product\/yoast-seo-wordpress\/ -->\n<title>Melhorar a efici\u00eancia nas oficinas - Jornal das Oficinas<\/title>\n<meta name=\"description\" content=\"A efici\u00eancia nas oficinas autom\u00f3veis \u00e9, atualmente, um valor em alta que lhe permitir\u00e1 destacar-se e obter uma vantagem competitiva\" \/>\n<meta name=\"robots\" content=\"index, follow, max-snippet:-1, max-image-preview:large, max-video-preview:-1\" \/>\n<link rel=\"canonical\" href=\"https:\/\/jornaldasoficinas.com\/pt\/melhorar-a-eficiencia-nas-oficinas\/\" \/>\n<meta property=\"og:locale\" content=\"pt_PT\" \/>\n<meta property=\"og:type\" content=\"article\" \/>\n<meta property=\"og:title\" content=\"Melhorar a efici\u00eancia nas oficinas - Jornal das Oficinas\" \/>\n<meta property=\"og:description\" content=\"A efici\u00eancia nas oficinas autom\u00f3veis \u00e9, atualmente, um valor em alta que lhe permitir\u00e1 destacar-se e obter uma vantagem competitiva\" \/>\n<meta property=\"og:url\" content=\"https:\/\/jornaldasoficinas.com\/pt\/melhorar-a-eficiencia-nas-oficinas\/\" \/>\n<meta property=\"og:site_name\" content=\"Jornal das Oficinas\" \/>\n<meta property=\"article:publisher\" content=\"https:\/\/www.facebook.com\/jornaloficinas\" \/>\n<meta property=\"article:published_time\" content=\"2023-09-03T21:00:14+00:00\" \/>\n<meta property=\"og:image\" content=\"https:\/\/jornaldasoficinas.com\/pt\/wp-content\/uploads\/2023\/07\/melhorar_eficiencia_oficinas.jpeg\" \/>\n\t<meta property=\"og:image:width\" content=\"1024\" \/>\n\t<meta property=\"og:image:height\" content=\"581\" \/>\n\t<meta property=\"og:image:type\" content=\"image\/jpeg\" \/>\n<meta name=\"author\" content=\"Reda\u00e7\u00e3o JO\" \/>\n<meta name=\"twitter:card\" content=\"summary_large_image\" \/>\n<meta name=\"twitter:creator\" content=\"@jornaloficinas\" \/>\n<meta name=\"twitter:site\" content=\"@jornaloficinas\" \/>\n<meta name=\"twitter:label1\" content=\"Escrito por\" \/>\n\t<meta name=\"twitter:data1\" content=\"Reda\u00e7\u00e3o JO\" \/>\n\t<meta name=\"twitter:label2\" content=\"Tempo estimado de leitura\" \/>\n\t<meta name=\"twitter:data2\" content=\"5 minutos\" \/>\n<script type=\"application\/ld+json\" class=\"yoast-schema-graph\">{\"@context\":\"https:\\\/\\\/schema.org\",\"@graph\":[{\"@type\":\"Article\",\"@id\":\"https:\\\/\\\/jornaldasoficinas.com\\\/pt\\\/melhorar-a-eficiencia-nas-oficinas\\\/#article\",\"isPartOf\":{\"@id\":\"https:\\\/\\\/jornaldasoficinas.com\\\/pt\\\/melhorar-a-eficiencia-nas-oficinas\\\/\"},\"author\":{\"name\":\"Reda\u00e7\u00e3o JO\",\"@id\":\"https:\\\/\\\/jornaldasoficinas.com\\\/pt\\\/#\\\/schema\\\/person\\\/a38eef5de2c41d9e7c9ac10141afddf3\"},\"headline\":\"Melhorar a efici\u00eancia nas oficinas\",\"datePublished\":\"2023-09-03T21:00:14+00:00\",\"mainEntityOfPage\":{\"@id\":\"https:\\\/\\\/jornaldasoficinas.com\\\/pt\\\/melhorar-a-eficiencia-nas-oficinas\\\/\"},\"wordCount\":921,\"publisher\":{\"@id\":\"https:\\\/\\\/jornaldasoficinas.com\\\/pt\\\/#organization\"},\"image\":{\"@id\":\"https:\\\/\\\/jornaldasoficinas.com\\\/pt\\\/melhorar-a-eficiencia-nas-oficinas\\\/#primaryimage\"},\"thumbnailUrl\":\"https:\\\/\\\/jornaldasoficinas.com\\\/pt\\\/wp-content\\\/uploads\\\/2023\\\/07\\\/melhorar_eficiencia_oficinas.jpeg\",\"keywords\":[\"efici\u00eancia nas oficinas\"],\"articleSection\":[\"Mercado\"],\"inLanguage\":\"pt-PT\"},{\"@type\":\"WebPage\",\"@id\":\"https:\\\/\\\/jornaldasoficinas.com\\\/pt\\\/melhorar-a-eficiencia-nas-oficinas\\\/\",\"url\":\"https:\\\/\\\/jornaldasoficinas.com\\\/pt\\\/melhorar-a-eficiencia-nas-oficinas\\\/\",\"name\":\"Melhorar a efici\u00eancia nas oficinas - Jornal das Oficinas\",\"isPartOf\":{\"@id\":\"https:\\\/\\\/jornaldasoficinas.com\\\/pt\\\/#website\"},\"primaryImageOfPage\":{\"@id\":\"https:\\\/\\\/jornaldasoficinas.com\\\/pt\\\/melhorar-a-eficiencia-nas-oficinas\\\/#primaryimage\"},\"image\":{\"@id\":\"https:\\\/\\\/jornaldasoficinas.com\\\/pt\\\/melhorar-a-eficiencia-nas-oficinas\\\/#primaryimage\"},\"thumbnailUrl\":\"https:\\\/\\\/jornaldasoficinas.com\\\/pt\\\/wp-content\\\/uploads\\\/2023\\\/07\\\/melhorar_eficiencia_oficinas.jpeg\",\"datePublished\":\"2023-09-03T21:00:14+00:00\",\"description\":\"A efici\u00eancia nas oficinas autom\u00f3veis \u00e9, atualmente, um valor em alta que lhe permitir\u00e1 destacar-se e obter uma vantagem competitiva\",\"breadcrumb\":{\"@id\":\"https:\\\/\\\/jornaldasoficinas.com\\\/pt\\\/melhorar-a-eficiencia-nas-oficinas\\\/#breadcrumb\"},\"inLanguage\":\"pt-PT\",\"potentialAction\":[{\"@type\":\"ReadAction\",\"target\":[\"https:\\\/\\\/jornaldasoficinas.com\\\/pt\\\/melhorar-a-eficiencia-nas-oficinas\\\/\"]}]},{\"@type\":\"ImageObject\",\"inLanguage\":\"pt-PT\",\"@id\":\"https:\\\/\\\/jornaldasoficinas.com\\\/pt\\\/melhorar-a-eficiencia-nas-oficinas\\\/#primaryimage\",\"url\":\"https:\\\/\\\/jornaldasoficinas.com\\\/pt\\\/wp-content\\\/uploads\\\/2023\\\/07\\\/melhorar_eficiencia_oficinas.jpeg\",\"contentUrl\":\"https:\\\/\\\/jornaldasoficinas.com\\\/pt\\\/wp-content\\\/uploads\\\/2023\\\/07\\\/melhorar_eficiencia_oficinas.jpeg\",\"width\":1024,\"height\":581,\"caption\":\"07 - melhorar_eficiencia_oficinas\"},{\"@type\":\"BreadcrumbList\",\"@id\":\"https:\\\/\\\/jornaldasoficinas.com\\\/pt\\\/melhorar-a-eficiencia-nas-oficinas\\\/#breadcrumb\",\"itemListElement\":[{\"@type\":\"ListItem\",\"position\":1,\"name\":\"In\u00edcio\",\"item\":\"https:\\\/\\\/jornaldasoficinas.com\\\/pt\\\/\"},{\"@type\":\"ListItem\",\"position\":2,\"name\":\"Melhorar a efici\u00eancia nas oficinas\"}]},{\"@type\":\"WebSite\",\"@id\":\"https:\\\/\\\/jornaldasoficinas.com\\\/pt\\\/#website\",\"url\":\"https:\\\/\\\/jornaldasoficinas.com\\\/pt\\\/\",\"name\":\"Jornal das Oficinas\",\"description\":\"Jornal independente do Aftermarket Autom\u00f3vel em Portugal\",\"publisher\":{\"@id\":\"https:\\\/\\\/jornaldasoficinas.com\\\/pt\\\/#organization\"},\"potentialAction\":[{\"@type\":\"SearchAction\",\"target\":{\"@type\":\"EntryPoint\",\"urlTemplate\":\"https:\\\/\\\/jornaldasoficinas.com\\\/pt\\\/?s={search_term_string}\"},\"query-input\":{\"@type\":\"PropertyValueSpecification\",\"valueRequired\":true,\"valueName\":\"search_term_string\"}}],\"inLanguage\":\"pt-PT\"},{\"@type\":\"Organization\",\"@id\":\"https:\\\/\\\/jornaldasoficinas.com\\\/pt\\\/#organization\",\"name\":\"Jornal das Oficinas\",\"url\":\"https:\\\/\\\/jornaldasoficinas.com\\\/pt\\\/\",\"logo\":{\"@type\":\"ImageObject\",\"inLanguage\":\"pt-PT\",\"@id\":\"https:\\\/\\\/jornaldasoficinas.com\\\/pt\\\/#\\\/schema\\\/logo\\\/image\\\/\",\"url\":\"https:\\\/\\\/jornaldasoficinas.com\\\/pt\\\/wp-content\\\/uploads\\\/logoJO-SEO.png\",\"contentUrl\":\"https:\\\/\\\/jornaldasoficinas.com\\\/pt\\\/wp-content\\\/uploads\\\/logoJO-SEO.png\",\"width\":285,\"height\":450,\"caption\":\"Jornal das Oficinas\"},\"image\":{\"@id\":\"https:\\\/\\\/jornaldasoficinas.com\\\/pt\\\/#\\\/schema\\\/logo\\\/image\\\/\"},\"sameAs\":[\"https:\\\/\\\/www.facebook.com\\\/jornaloficinas\",\"https:\\\/\\\/x.com\\\/jornaloficinas\",\"https:\\\/\\\/www.instagram.com\\\/jornal_oficinas\\\/\",\"https:\\\/\\\/www.linkedin.com\\\/company\\\/jornal-das-oficinas\\\/\",\"https:\\\/\\\/www.youtube.com\\\/channel\\\/UCbQZBqtcvV-oSQrr7RzINGg\"]},{\"@type\":\"Person\",\"@id\":\"https:\\\/\\\/jornaldasoficinas.com\\\/pt\\\/#\\\/schema\\\/person\\\/a38eef5de2c41d9e7c9ac10141afddf3\",\"name\":\"Reda\u00e7\u00e3o JO\",\"image\":{\"@type\":\"ImageObject\",\"inLanguage\":\"pt-PT\",\"@id\":\"https:\\\/\\\/secure.gravatar.com\\\/avatar\\\/71f2fa71737ad68a84fea94bc708ddac8ea5b0c4788dc2ad202f3ccb2887742f?s=96&d=wp_user_avatar&r=g\",\"url\":\"https:\\\/\\\/secure.gravatar.com\\\/avatar\\\/71f2fa71737ad68a84fea94bc708ddac8ea5b0c4788dc2ad202f3ccb2887742f?s=96&d=wp_user_avatar&r=g\",\"contentUrl\":\"https:\\\/\\\/secure.gravatar.com\\\/avatar\\\/71f2fa71737ad68a84fea94bc708ddac8ea5b0c4788dc2ad202f3ccb2887742f?s=96&d=wp_user_avatar&r=g\",\"caption\":\"Reda\u00e7\u00e3o JO\"},\"url\":\"https:\\\/\\\/jornaldasoficinas.com\\\/pt\\\/author\\\/joredacao\\\/\"}]}<\/script>\n<!-- \/ Yoast SEO plugin. -->","yoast_head_json":{"title":"Melhorar a efici\u00eancia nas oficinas - Jornal das Oficinas","description":"A efici\u00eancia nas oficinas autom\u00f3veis \u00e9, atualmente, um valor em alta que lhe permitir\u00e1 destacar-se e obter uma vantagem competitiva","robots":{"index":"index","follow":"follow","max-snippet":"max-snippet:-1","max-image-preview":"max-image-preview:large","max-video-preview":"max-video-preview:-1"},"canonical":"https:\/\/jornaldasoficinas.com\/pt\/melhorar-a-eficiencia-nas-oficinas\/","og_locale":"pt_PT","og_type":"article","og_title":"Melhorar a efici\u00eancia nas oficinas - Jornal das Oficinas","og_description":"A efici\u00eancia nas oficinas autom\u00f3veis \u00e9, atualmente, um valor em alta que lhe permitir\u00e1 destacar-se e obter uma vantagem competitiva","og_url":"https:\/\/jornaldasoficinas.com\/pt\/melhorar-a-eficiencia-nas-oficinas\/","og_site_name":"Jornal das Oficinas","article_publisher":"https:\/\/www.facebook.com\/jornaloficinas","article_published_time":"2023-09-03T21:00:14+00:00","og_image":[{"width":1024,"height":581,"url":"https:\/\/jornaldasoficinas.com\/pt\/wp-content\/uploads\/2023\/07\/melhorar_eficiencia_oficinas.jpeg","type":"image\/jpeg"}],"author":"Reda\u00e7\u00e3o JO","twitter_card":"summary_large_image","twitter_creator":"@jornaloficinas","twitter_site":"@jornaloficinas","twitter_misc":{"Escrito por":"Reda\u00e7\u00e3o JO","Tempo estimado de leitura":"5 minutos"},"schema":{"@context":"https:\/\/schema.org","@graph":[{"@type":"Article","@id":"https:\/\/jornaldasoficinas.com\/pt\/melhorar-a-eficiencia-nas-oficinas\/#article","isPartOf":{"@id":"https:\/\/jornaldasoficinas.com\/pt\/melhorar-a-eficiencia-nas-oficinas\/"},"author":{"name":"Reda\u00e7\u00e3o JO","@id":"https:\/\/jornaldasoficinas.com\/pt\/#\/schema\/person\/a38eef5de2c41d9e7c9ac10141afddf3"},"headline":"Melhorar a efici\u00eancia nas oficinas","datePublished":"2023-09-03T21:00:14+00:00","mainEntityOfPage":{"@id":"https:\/\/jornaldasoficinas.com\/pt\/melhorar-a-eficiencia-nas-oficinas\/"},"wordCount":921,"publisher":{"@id":"https:\/\/jornaldasoficinas.com\/pt\/#organization"},"image":{"@id":"https:\/\/jornaldasoficinas.com\/pt\/melhorar-a-eficiencia-nas-oficinas\/#primaryimage"},"thumbnailUrl":"https:\/\/jornaldasoficinas.com\/pt\/wp-content\/uploads\/2023\/07\/melhorar_eficiencia_oficinas.jpeg","keywords":["efici\u00eancia nas oficinas"],"articleSection":["Mercado"],"inLanguage":"pt-PT"},{"@type":"WebPage","@id":"https:\/\/jornaldasoficinas.com\/pt\/melhorar-a-eficiencia-nas-oficinas\/","url":"https:\/\/jornaldasoficinas.com\/pt\/melhorar-a-eficiencia-nas-oficinas\/","name":"Melhorar a efici\u00eancia nas oficinas - Jornal das Oficinas","isPartOf":{"@id":"https:\/\/jornaldasoficinas.com\/pt\/#website"},"primaryImageOfPage":{"@id":"https:\/\/jornaldasoficinas.com\/pt\/melhorar-a-eficiencia-nas-oficinas\/#primaryimage"},"image":{"@id":"https:\/\/jornaldasoficinas.com\/pt\/melhorar-a-eficiencia-nas-oficinas\/#primaryimage"},"thumbnailUrl":"https:\/\/jornaldasoficinas.com\/pt\/wp-content\/uploads\/2023\/07\/melhorar_eficiencia_oficinas.jpeg","datePublished":"2023-09-03T21:00:14+00:00","description":"A efici\u00eancia nas oficinas autom\u00f3veis \u00e9, atualmente, um valor em alta que lhe permitir\u00e1 destacar-se e obter uma vantagem competitiva","breadcrumb":{"@id":"https:\/\/jornaldasoficinas.com\/pt\/melhorar-a-eficiencia-nas-oficinas\/#breadcrumb"},"inLanguage":"pt-PT","potentialAction":[{"@type":"ReadAction","target":["https:\/\/jornaldasoficinas.com\/pt\/melhorar-a-eficiencia-nas-oficinas\/"]}]},{"@type":"ImageObject","inLanguage":"pt-PT","@id":"https:\/\/jornaldasoficinas.com\/pt\/melhorar-a-eficiencia-nas-oficinas\/#primaryimage","url":"https:\/\/jornaldasoficinas.com\/pt\/wp-content\/uploads\/2023\/07\/melhorar_eficiencia_oficinas.jpeg","contentUrl":"https:\/\/jornaldasoficinas.com\/pt\/wp-content\/uploads\/2023\/07\/melhorar_eficiencia_oficinas.jpeg","width":1024,"height":581,"caption":"07 - melhorar_eficiencia_oficinas"},{"@type":"BreadcrumbList","@id":"https:\/\/jornaldasoficinas.com\/pt\/melhorar-a-eficiencia-nas-oficinas\/#breadcrumb","itemListElement":[{"@type":"ListItem","position":1,"name":"In\u00edcio","item":"https:\/\/jornaldasoficinas.com\/pt\/"},{"@type":"ListItem","position":2,"name":"Melhorar a efici\u00eancia nas oficinas"}]},{"@type":"WebSite","@id":"https:\/\/jornaldasoficinas.com\/pt\/#website","url":"https:\/\/jornaldasoficinas.com\/pt\/","name":"Jornal das Oficinas","description":"Jornal independente do Aftermarket Autom\u00f3vel em Portugal","publisher":{"@id":"https:\/\/jornaldasoficinas.com\/pt\/#organization"},"potentialAction":[{"@type":"SearchAction","target":{"@type":"EntryPoint","urlTemplate":"https:\/\/jornaldasoficinas.com\/pt\/?s={search_term_string}"},"query-input":{"@type":"PropertyValueSpecification","valueRequired":true,"valueName":"search_term_string"}}],"inLanguage":"pt-PT"},{"@type":"Organization","@id":"https:\/\/jornaldasoficinas.com\/pt\/#organization","name":"Jornal das Oficinas","url":"https:\/\/jornaldasoficinas.com\/pt\/","logo":{"@type":"ImageObject","inLanguage":"pt-PT","@id":"https:\/\/jornaldasoficinas.com\/pt\/#\/schema\/logo\/image\/","url":"https:\/\/jornaldasoficinas.com\/pt\/wp-content\/uploads\/logoJO-SEO.png","contentUrl":"https:\/\/jornaldasoficinas.com\/pt\/wp-content\/uploads\/logoJO-SEO.png","width":285,"height":450,"caption":"Jornal das Oficinas"},"image":{"@id":"https:\/\/jornaldasoficinas.com\/pt\/#\/schema\/logo\/image\/"},"sameAs":["https:\/\/www.facebook.com\/jornaloficinas","https:\/\/x.com\/jornaloficinas","https:\/\/www.instagram.com\/jornal_oficinas\/","https:\/\/www.linkedin.com\/company\/jornal-das-oficinas\/","https:\/\/www.youtube.com\/channel\/UCbQZBqtcvV-oSQrr7RzINGg"]},{"@type":"Person","@id":"https:\/\/jornaldasoficinas.com\/pt\/#\/schema\/person\/a38eef5de2c41d9e7c9ac10141afddf3","name":"Reda\u00e7\u00e3o JO","image":{"@type":"ImageObject","inLanguage":"pt-PT","@id":"https:\/\/secure.gravatar.com\/avatar\/71f2fa71737ad68a84fea94bc708ddac8ea5b0c4788dc2ad202f3ccb2887742f?s=96&d=wp_user_avatar&r=g","url":"https:\/\/secure.gravatar.com\/avatar\/71f2fa71737ad68a84fea94bc708ddac8ea5b0c4788dc2ad202f3ccb2887742f?s=96&d=wp_user_avatar&r=g","contentUrl":"https:\/\/secure.gravatar.com\/avatar\/71f2fa71737ad68a84fea94bc708ddac8ea5b0c4788dc2ad202f3ccb2887742f?s=96&d=wp_user_avatar&r=g","caption":"Reda\u00e7\u00e3o JO"},"url":"https:\/\/jornaldasoficinas.com\/pt\/author\/joredacao\/"}]}},"_links":{"self":[{"href":"https:\/\/jornaldasoficinas.com\/pt\/wp-json\/wp\/v2\/posts\/71588","targetHints":{"allow":["GET"]}}],"collection":[{"href":"https:\/\/jornaldasoficinas.com\/pt\/wp-json\/wp\/v2\/posts"}],"about":[{"href":"https:\/\/jornaldasoficinas.com\/pt\/wp-json\/wp\/v2\/types\/post"}],"author":[{"embeddable":true,"href":"https:\/\/jornaldasoficinas.com\/pt\/wp-json\/wp\/v2\/users\/15"}],"replies":[{"embeddable":true,"href":"https:\/\/jornaldasoficinas.com\/pt\/wp-json\/wp\/v2\/comments?post=71588"}],"version-history":[{"count":0,"href":"https:\/\/jornaldasoficinas.com\/pt\/wp-json\/wp\/v2\/posts\/71588\/revisions"}],"wp:featuredmedia":[{"embeddable":true,"href":"https:\/\/jornaldasoficinas.com\/pt\/wp-json\/wp\/v2\/media\/71590"}],"wp:attachment":[{"href":"https:\/\/jornaldasoficinas.com\/pt\/wp-json\/wp\/v2\/media?parent=71588"}],"wp:term":[{"taxonomy":"category","embeddable":true,"href":"https:\/\/jornaldasoficinas.com\/pt\/wp-json\/wp\/v2\/categories?post=71588"},{"taxonomy":"post_tag","embeddable":true,"href":"https:\/\/jornaldasoficinas.com\/pt\/wp-json\/wp\/v2\/tags?post=71588"}],"curies":[{"name":"wp","href":"https:\/\/api.w.org\/{rel}","templated":true}]}}