{"id":71617,"date":"2023-09-04T12:30:13","date_gmt":"2023-09-04T11:30:13","guid":{"rendered":"https:\/\/jornaldasoficinas.com\/pt\/?p=71617"},"modified":"2023-09-03T19:53:21","modified_gmt":"2023-09-03T18:53:21","slug":"wurth-fornece-solucoes-ao-setor-agricola-na-agroglobal-2023","status":"publish","type":"post","link":"https:\/\/jornaldasoficinas.com\/pt\/wurth-fornece-solucoes-ao-setor-agricola-na-agroglobal-2023\/","title":{"rendered":"W\u00fcrth fornece solu\u00e7\u00f5es ao setor agr\u00edcola na Agroglobal 2023"},"content":{"rendered":"<p><strong><img loading=\"lazy\" decoding=\"async\" class=\"alignnone size-full wp-image-71607\" src=\"https:\/\/jornaldasoficinas.com\/pt\/wp-content\/uploads\/2023\/09\/Wurth-fornece-solucoes-ao-setor-agricola-na-Agroglobal-2023-1.jpg\" alt=\"09 - Wurth fornece solucoes ao setor agricola na Agroglobal 2023 1\" width=\"1024\" height=\"581\" srcset=\"https:\/\/jornaldasoficinas.com\/pt\/wp-content\/uploads\/2023\/09\/Wurth-fornece-solucoes-ao-setor-agricola-na-Agroglobal-2023-1.jpg 1024w, https:\/\/jornaldasoficinas.com\/pt\/wp-content\/uploads\/2023\/09\/Wurth-fornece-solucoes-ao-setor-agricola-na-Agroglobal-2023-1-300x170.jpg 300w, https:\/\/jornaldasoficinas.com\/pt\/wp-content\/uploads\/2023\/09\/Wurth-fornece-solucoes-ao-setor-agricola-na-Agroglobal-2023-1-150x85.jpg 150w, https:\/\/jornaldasoficinas.com\/pt\/wp-content\/uploads\/2023\/09\/Wurth-fornece-solucoes-ao-setor-agricola-na-Agroglobal-2023-1-768x436.jpg 768w\" sizes=\"auto, (max-width: 1024px) 100vw, 1024px\" \/><\/strong><\/p>\n<p><strong>\u00a0<\/strong><strong>A <a href=\"https:\/\/eshop.wurth.pt\/pt\/PT\/EUR\/\" target=\"_blank\" rel=\"noopener\">W\u00fcrth<\/a>, vai marcar presen\u00e7a na\u00a0<\/strong><strong>Agroglobal 2023, que decorre de 5 a 7 de setembro, no CNEMA em Santar\u00e9m. No seu stand 197, os visitantes poder\u00e3o experimentar e comprar os produtos em exposi\u00e7\u00e3o, bem como obter informa\u00e7\u00f5es adicionais sobre a empresa, os seus servi\u00e7os e compras online<\/strong><\/p>\n<p>A Agroglobal representa uma oportunidade crucial para a W\u00fcrth refor\u00e7ar a proximidade e liga\u00e7\u00e3o com os profissionais do setor agr\u00edcola, partilhar conhecimento, receber feedback e destacar o seu compromisso em fornecer produtos e servi\u00e7os inovadores com qualidade. A presen\u00e7a da W\u00fcrth na feira, refor\u00e7a a sua posi\u00e7\u00e3o como parceira confi\u00e1vel no mercado agr\u00edcola, dedicada a impulsionar a inova\u00e7\u00e3o e a efici\u00eancia em todos os n\u00edveis.<\/p>\n<p>Para Pedro Viana, Respons\u00e1vel da Divis\u00e3o de Cargo da W\u00fcrth, \u201cparticipar na Agroglobal \u00e9 uma oportunidade \u00fanica para estabelecer conex\u00f5es significativas com os profissionais do setor agr\u00edcola. A feira \u00e9 um reflexo do nosso compromisso cont\u00ednuo em fornecer solu\u00e7\u00f5es de alta qualidade para o mercado agr\u00edcola, contribuindo para a efici\u00eancia e produtividade dos nossos clientes.&#8221;<\/p>\n<p>Durante o evento, a W\u00fcrth apresentar\u00e1 diversos produtos, servi\u00e7os, ferramentas e m\u00e1quinas inovadoras, demonstrando a sua dedica\u00e7\u00e3o em corresponder \u00e0s necessidades espec\u00edficas do mercado agr\u00edcola, entre eles:<\/p>\n<p>&#8211;\u00a0<strong>Orsymobil<\/strong> a solu\u00e7\u00e3o patenteada pela W\u00fcrth conhecida pelo armazenamento m\u00f3vel que permite organizar e transportar ferramentas de forma eficiente e segura.<\/p>\n<p>&#8211; <strong>Massas de Lubrifica\u00e7\u00e3o\u00a0<\/strong>que proporcionam uma prote\u00e7\u00e3o duradoura para equipamentos agr\u00edcolas, ajudando a prolongar a vida \u00fatil das m\u00e1quinas e a reduzir o desgaste.<\/p>\n<p>&#8211; <strong>Produtos de Limpeza para Maquinaria Agr\u00edcola\u00a0<\/strong>para ajudar os agricultores a manterem os seus equipamentos em condi\u00e7\u00f5es ideais, melhorando a efici\u00eancia operacional.<\/p>\n<p>&#8211; <strong>M\u00e1quina de Diagn\u00f3stico<\/strong>, solu\u00e7\u00e3o<strong>\u00a0<\/strong>que permite aos t\u00e9cnicos especializados em maquinaria agr\u00edcola analisar o estado das mesmas, auxiliando na manuten\u00e7\u00e3o preventiva e corretiva.<\/p>\n<p>&#8211; <strong>Master Service W\u00fcrth<\/strong>, servi\u00e7o p\u00f3s-venda que disponibiliza suporte t\u00e9cnico e assist\u00eancia confi\u00e1vel ap\u00f3s a compra, garantindo a continuidade das opera\u00e7\u00f5es agr\u00edcolas.<\/p>\n","protected":false},"excerpt":{"rendered":"<p>\u00a0A W\u00fcrth, vai marcar presen\u00e7a na\u00a0Agroglobal&#8230;<\/p>\n","protected":false},"author":15,"featured_media":71607,"comment_status":"closed","ping_status":"closed","sticky":false,"template":"","format":"standard","meta":{"footnotes":""},"categories":[29],"tags":[6136,6137,6138,2460],"class_list":["post-71617","post","type-post","status-publish","format-standard","has-post-thumbnail","hentry","category-empresas","tag-agroglobal-2023","tag-cnema","tag-stand-197","tag-wurth"],"yoast_head":"<!-- This site is optimized with the Yoast SEO plugin v27.5 - https:\/\/yoast.com\/product\/yoast-seo-wordpress\/ -->\n<title>W\u00fcrth fornece solu\u00e7\u00f5es ao setor agr\u00edcola na Agroglobal 2023 - Jornal das Oficinas<\/title>\n<meta name=\"description\" content=\"\u00a0A W\u00fcrth, vai marcar presen\u00e7a na\u00a0Agroglobal 2023, que decorre de 5 a 7 de setembro, no CNEMA em Santar\u00e9m, no seu stand 197\" \/>\n<meta name=\"robots\" content=\"index, follow, max-snippet:-1, max-image-preview:large, max-video-preview:-1\" \/>\n<link rel=\"canonical\" href=\"https:\/\/jornaldasoficinas.com\/pt\/wurth-fornece-solucoes-ao-setor-agricola-na-agroglobal-2023\/\" \/>\n<meta property=\"og:locale\" content=\"pt_PT\" \/>\n<meta property=\"og:type\" content=\"article\" \/>\n<meta property=\"og:title\" content=\"W\u00fcrth fornece solu\u00e7\u00f5es ao setor agr\u00edcola na Agroglobal 2023 - Jornal das Oficinas\" \/>\n<meta property=\"og:description\" content=\"\u00a0A W\u00fcrth, vai marcar presen\u00e7a na\u00a0Agroglobal 2023, que decorre de 5 a 7 de setembro, no CNEMA em Santar\u00e9m, no seu stand 197\" \/>\n<meta property=\"og:url\" content=\"https:\/\/jornaldasoficinas.com\/pt\/wurth-fornece-solucoes-ao-setor-agricola-na-agroglobal-2023\/\" \/>\n<meta property=\"og:site_name\" content=\"Jornal das Oficinas\" \/>\n<meta property=\"article:publisher\" content=\"https:\/\/www.facebook.com\/jornaloficinas\" \/>\n<meta property=\"article:published_time\" content=\"2023-09-04T11:30:13+00:00\" \/>\n<meta property=\"og:image\" content=\"https:\/\/jornaldasoficinas.com\/pt\/wp-content\/uploads\/2023\/09\/Wurth-fornece-solucoes-ao-setor-agricola-na-Agroglobal-2023-1.jpg\" \/>\n\t<meta property=\"og:image:width\" content=\"1024\" \/>\n\t<meta property=\"og:image:height\" content=\"581\" \/>\n\t<meta property=\"og:image:type\" content=\"image\/jpeg\" \/>\n<meta name=\"author\" content=\"Reda\u00e7\u00e3o JO\" \/>\n<meta name=\"twitter:card\" content=\"summary_large_image\" \/>\n<meta name=\"twitter:creator\" content=\"@jornaloficinas\" \/>\n<meta name=\"twitter:site\" content=\"@jornaloficinas\" \/>\n<meta name=\"twitter:label1\" content=\"Escrito por\" \/>\n\t<meta name=\"twitter:data1\" content=\"Reda\u00e7\u00e3o JO\" \/>\n\t<meta name=\"twitter:label2\" content=\"Tempo estimado de leitura\" \/>\n\t<meta name=\"twitter:data2\" content=\"2 minutos\" \/>\n<script type=\"application\/ld+json\" class=\"yoast-schema-graph\">{\"@context\":\"https:\\\/\\\/schema.org\",\"@graph\":[{\"@type\":\"Article\",\"@id\":\"https:\\\/\\\/jornaldasoficinas.com\\\/pt\\\/wurth-fornece-solucoes-ao-setor-agricola-na-agroglobal-2023\\\/#article\",\"isPartOf\":{\"@id\":\"https:\\\/\\\/jornaldasoficinas.com\\\/pt\\\/wurth-fornece-solucoes-ao-setor-agricola-na-agroglobal-2023\\\/\"},\"author\":{\"name\":\"Reda\u00e7\u00e3o JO\",\"@id\":\"https:\\\/\\\/jornaldasoficinas.com\\\/pt\\\/#\\\/schema\\\/person\\\/a38eef5de2c41d9e7c9ac10141afddf3\"},\"headline\":\"W\u00fcrth fornece solu\u00e7\u00f5es ao setor agr\u00edcola na Agroglobal 2023\",\"datePublished\":\"2023-09-04T11:30:13+00:00\",\"mainEntityOfPage\":{\"@id\":\"https:\\\/\\\/jornaldasoficinas.com\\\/pt\\\/wurth-fornece-solucoes-ao-setor-agricola-na-agroglobal-2023\\\/\"},\"wordCount\":377,\"publisher\":{\"@id\":\"https:\\\/\\\/jornaldasoficinas.com\\\/pt\\\/#organization\"},\"image\":{\"@id\":\"https:\\\/\\\/jornaldasoficinas.com\\\/pt\\\/wurth-fornece-solucoes-ao-setor-agricola-na-agroglobal-2023\\\/#primaryimage\"},\"thumbnailUrl\":\"https:\\\/\\\/jornaldasoficinas.com\\\/pt\\\/wp-content\\\/uploads\\\/2023\\\/09\\\/Wurth-fornece-solucoes-ao-setor-agricola-na-Agroglobal-2023-1.jpg\",\"keywords\":[\"Agroglobal 2023\",\"CNEMA\",\"stand 197\",\"W\u00fcrth\"],\"articleSection\":[\"Empresas\"],\"inLanguage\":\"pt-PT\"},{\"@type\":\"WebPage\",\"@id\":\"https:\\\/\\\/jornaldasoficinas.com\\\/pt\\\/wurth-fornece-solucoes-ao-setor-agricola-na-agroglobal-2023\\\/\",\"url\":\"https:\\\/\\\/jornaldasoficinas.com\\\/pt\\\/wurth-fornece-solucoes-ao-setor-agricola-na-agroglobal-2023\\\/\",\"name\":\"W\u00fcrth fornece solu\u00e7\u00f5es ao setor agr\u00edcola na Agroglobal 2023 - Jornal das Oficinas\",\"isPartOf\":{\"@id\":\"https:\\\/\\\/jornaldasoficinas.com\\\/pt\\\/#website\"},\"primaryImageOfPage\":{\"@id\":\"https:\\\/\\\/jornaldasoficinas.com\\\/pt\\\/wurth-fornece-solucoes-ao-setor-agricola-na-agroglobal-2023\\\/#primaryimage\"},\"image\":{\"@id\":\"https:\\\/\\\/jornaldasoficinas.com\\\/pt\\\/wurth-fornece-solucoes-ao-setor-agricola-na-agroglobal-2023\\\/#primaryimage\"},\"thumbnailUrl\":\"https:\\\/\\\/jornaldasoficinas.com\\\/pt\\\/wp-content\\\/uploads\\\/2023\\\/09\\\/Wurth-fornece-solucoes-ao-setor-agricola-na-Agroglobal-2023-1.jpg\",\"datePublished\":\"2023-09-04T11:30:13+00:00\",\"description\":\"\u00a0A W\u00fcrth, vai marcar presen\u00e7a na\u00a0Agroglobal 2023, que decorre de 5 a 7 de setembro, no CNEMA em Santar\u00e9m, no seu stand 197\",\"breadcrumb\":{\"@id\":\"https:\\\/\\\/jornaldasoficinas.com\\\/pt\\\/wurth-fornece-solucoes-ao-setor-agricola-na-agroglobal-2023\\\/#breadcrumb\"},\"inLanguage\":\"pt-PT\",\"potentialAction\":[{\"@type\":\"ReadAction\",\"target\":[\"https:\\\/\\\/jornaldasoficinas.com\\\/pt\\\/wurth-fornece-solucoes-ao-setor-agricola-na-agroglobal-2023\\\/\"]}]},{\"@type\":\"ImageObject\",\"inLanguage\":\"pt-PT\",\"@id\":\"https:\\\/\\\/jornaldasoficinas.com\\\/pt\\\/wurth-fornece-solucoes-ao-setor-agricola-na-agroglobal-2023\\\/#primaryimage\",\"url\":\"https:\\\/\\\/jornaldasoficinas.com\\\/pt\\\/wp-content\\\/uploads\\\/2023\\\/09\\\/Wurth-fornece-solucoes-ao-setor-agricola-na-Agroglobal-2023-1.jpg\",\"contentUrl\":\"https:\\\/\\\/jornaldasoficinas.com\\\/pt\\\/wp-content\\\/uploads\\\/2023\\\/09\\\/Wurth-fornece-solucoes-ao-setor-agricola-na-Agroglobal-2023-1.jpg\",\"width\":1024,\"height\":581,\"caption\":\"09 - Wurth fornece solucoes ao setor agricola na Agroglobal 2023 1\"},{\"@type\":\"BreadcrumbList\",\"@id\":\"https:\\\/\\\/jornaldasoficinas.com\\\/pt\\\/wurth-fornece-solucoes-ao-setor-agricola-na-agroglobal-2023\\\/#breadcrumb\",\"itemListElement\":[{\"@type\":\"ListItem\",\"position\":1,\"name\":\"In\u00edcio\",\"item\":\"https:\\\/\\\/jornaldasoficinas.com\\\/pt\\\/\"},{\"@type\":\"ListItem\",\"position\":2,\"name\":\"W\u00fcrth fornece solu\u00e7\u00f5es ao setor agr\u00edcola na Agroglobal 2023\"}]},{\"@type\":\"WebSite\",\"@id\":\"https:\\\/\\\/jornaldasoficinas.com\\\/pt\\\/#website\",\"url\":\"https:\\\/\\\/jornaldasoficinas.com\\\/pt\\\/\",\"name\":\"Jornal das Oficinas\",\"description\":\"Jornal independente do Aftermarket Autom\u00f3vel em Portugal\",\"publisher\":{\"@id\":\"https:\\\/\\\/jornaldasoficinas.com\\\/pt\\\/#organization\"},\"potentialAction\":[{\"@type\":\"SearchAction\",\"target\":{\"@type\":\"EntryPoint\",\"urlTemplate\":\"https:\\\/\\\/jornaldasoficinas.com\\\/pt\\\/?s={search_term_string}\"},\"query-input\":{\"@type\":\"PropertyValueSpecification\",\"valueRequired\":true,\"valueName\":\"search_term_string\"}}],\"inLanguage\":\"pt-PT\"},{\"@type\":\"Organization\",\"@id\":\"https:\\\/\\\/jornaldasoficinas.com\\\/pt\\\/#organization\",\"name\":\"Jornal das Oficinas\",\"url\":\"https:\\\/\\\/jornaldasoficinas.com\\\/pt\\\/\",\"logo\":{\"@type\":\"ImageObject\",\"inLanguage\":\"pt-PT\",\"@id\":\"https:\\\/\\\/jornaldasoficinas.com\\\/pt\\\/#\\\/schema\\\/logo\\\/image\\\/\",\"url\":\"https:\\\/\\\/jornaldasoficinas.com\\\/pt\\\/wp-content\\\/uploads\\\/logoJO-SEO.png\",\"contentUrl\":\"https:\\\/\\\/jornaldasoficinas.com\\\/pt\\\/wp-content\\\/uploads\\\/logoJO-SEO.png\",\"width\":285,\"height\":450,\"caption\":\"Jornal das Oficinas\"},\"image\":{\"@id\":\"https:\\\/\\\/jornaldasoficinas.com\\\/pt\\\/#\\\/schema\\\/logo\\\/image\\\/\"},\"sameAs\":[\"https:\\\/\\\/www.facebook.com\\\/jornaloficinas\",\"https:\\\/\\\/x.com\\\/jornaloficinas\",\"https:\\\/\\\/www.instagram.com\\\/jornal_oficinas\\\/\",\"https:\\\/\\\/www.linkedin.com\\\/company\\\/jornal-das-oficinas\\\/\",\"https:\\\/\\\/www.youtube.com\\\/channel\\\/UCbQZBqtcvV-oSQrr7RzINGg\"]},{\"@type\":\"Person\",\"@id\":\"https:\\\/\\\/jornaldasoficinas.com\\\/pt\\\/#\\\/schema\\\/person\\\/a38eef5de2c41d9e7c9ac10141afddf3\",\"name\":\"Reda\u00e7\u00e3o JO\",\"image\":{\"@type\":\"ImageObject\",\"inLanguage\":\"pt-PT\",\"@id\":\"https:\\\/\\\/secure.gravatar.com\\\/avatar\\\/71f2fa71737ad68a84fea94bc708ddac8ea5b0c4788dc2ad202f3ccb2887742f?s=96&d=wp_user_avatar&r=g\",\"url\":\"https:\\\/\\\/secure.gravatar.com\\\/avatar\\\/71f2fa71737ad68a84fea94bc708ddac8ea5b0c4788dc2ad202f3ccb2887742f?s=96&d=wp_user_avatar&r=g\",\"contentUrl\":\"https:\\\/\\\/secure.gravatar.com\\\/avatar\\\/71f2fa71737ad68a84fea94bc708ddac8ea5b0c4788dc2ad202f3ccb2887742f?s=96&d=wp_user_avatar&r=g\",\"caption\":\"Reda\u00e7\u00e3o JO\"},\"url\":\"https:\\\/\\\/jornaldasoficinas.com\\\/pt\\\/author\\\/joredacao\\\/\"}]}<\/script>\n<!-- \/ Yoast SEO plugin. -->","yoast_head_json":{"title":"W\u00fcrth fornece solu\u00e7\u00f5es ao setor agr\u00edcola na Agroglobal 2023 - Jornal das Oficinas","description":"\u00a0A W\u00fcrth, vai marcar presen\u00e7a na\u00a0Agroglobal 2023, que decorre de 5 a 7 de setembro, no CNEMA em Santar\u00e9m, no seu stand 197","robots":{"index":"index","follow":"follow","max-snippet":"max-snippet:-1","max-image-preview":"max-image-preview:large","max-video-preview":"max-video-preview:-1"},"canonical":"https:\/\/jornaldasoficinas.com\/pt\/wurth-fornece-solucoes-ao-setor-agricola-na-agroglobal-2023\/","og_locale":"pt_PT","og_type":"article","og_title":"W\u00fcrth fornece solu\u00e7\u00f5es ao setor agr\u00edcola na Agroglobal 2023 - Jornal das Oficinas","og_description":"\u00a0A W\u00fcrth, vai marcar presen\u00e7a na\u00a0Agroglobal 2023, que decorre de 5 a 7 de setembro, no CNEMA em Santar\u00e9m, no seu stand 197","og_url":"https:\/\/jornaldasoficinas.com\/pt\/wurth-fornece-solucoes-ao-setor-agricola-na-agroglobal-2023\/","og_site_name":"Jornal das Oficinas","article_publisher":"https:\/\/www.facebook.com\/jornaloficinas","article_published_time":"2023-09-04T11:30:13+00:00","og_image":[{"width":1024,"height":581,"url":"https:\/\/jornaldasoficinas.com\/pt\/wp-content\/uploads\/2023\/09\/Wurth-fornece-solucoes-ao-setor-agricola-na-Agroglobal-2023-1.jpg","type":"image\/jpeg"}],"author":"Reda\u00e7\u00e3o JO","twitter_card":"summary_large_image","twitter_creator":"@jornaloficinas","twitter_site":"@jornaloficinas","twitter_misc":{"Escrito por":"Reda\u00e7\u00e3o JO","Tempo estimado de leitura":"2 minutos"},"schema":{"@context":"https:\/\/schema.org","@graph":[{"@type":"Article","@id":"https:\/\/jornaldasoficinas.com\/pt\/wurth-fornece-solucoes-ao-setor-agricola-na-agroglobal-2023\/#article","isPartOf":{"@id":"https:\/\/jornaldasoficinas.com\/pt\/wurth-fornece-solucoes-ao-setor-agricola-na-agroglobal-2023\/"},"author":{"name":"Reda\u00e7\u00e3o JO","@id":"https:\/\/jornaldasoficinas.com\/pt\/#\/schema\/person\/a38eef5de2c41d9e7c9ac10141afddf3"},"headline":"W\u00fcrth fornece solu\u00e7\u00f5es ao setor agr\u00edcola na Agroglobal 2023","datePublished":"2023-09-04T11:30:13+00:00","mainEntityOfPage":{"@id":"https:\/\/jornaldasoficinas.com\/pt\/wurth-fornece-solucoes-ao-setor-agricola-na-agroglobal-2023\/"},"wordCount":377,"publisher":{"@id":"https:\/\/jornaldasoficinas.com\/pt\/#organization"},"image":{"@id":"https:\/\/jornaldasoficinas.com\/pt\/wurth-fornece-solucoes-ao-setor-agricola-na-agroglobal-2023\/#primaryimage"},"thumbnailUrl":"https:\/\/jornaldasoficinas.com\/pt\/wp-content\/uploads\/2023\/09\/Wurth-fornece-solucoes-ao-setor-agricola-na-Agroglobal-2023-1.jpg","keywords":["Agroglobal 2023","CNEMA","stand 197","W\u00fcrth"],"articleSection":["Empresas"],"inLanguage":"pt-PT"},{"@type":"WebPage","@id":"https:\/\/jornaldasoficinas.com\/pt\/wurth-fornece-solucoes-ao-setor-agricola-na-agroglobal-2023\/","url":"https:\/\/jornaldasoficinas.com\/pt\/wurth-fornece-solucoes-ao-setor-agricola-na-agroglobal-2023\/","name":"W\u00fcrth fornece solu\u00e7\u00f5es ao setor agr\u00edcola na Agroglobal 2023 - Jornal das Oficinas","isPartOf":{"@id":"https:\/\/jornaldasoficinas.com\/pt\/#website"},"primaryImageOfPage":{"@id":"https:\/\/jornaldasoficinas.com\/pt\/wurth-fornece-solucoes-ao-setor-agricola-na-agroglobal-2023\/#primaryimage"},"image":{"@id":"https:\/\/jornaldasoficinas.com\/pt\/wurth-fornece-solucoes-ao-setor-agricola-na-agroglobal-2023\/#primaryimage"},"thumbnailUrl":"https:\/\/jornaldasoficinas.com\/pt\/wp-content\/uploads\/2023\/09\/Wurth-fornece-solucoes-ao-setor-agricola-na-Agroglobal-2023-1.jpg","datePublished":"2023-09-04T11:30:13+00:00","description":"\u00a0A W\u00fcrth, vai marcar presen\u00e7a na\u00a0Agroglobal 2023, que decorre de 5 a 7 de setembro, no CNEMA em Santar\u00e9m, no seu stand 197","breadcrumb":{"@id":"https:\/\/jornaldasoficinas.com\/pt\/wurth-fornece-solucoes-ao-setor-agricola-na-agroglobal-2023\/#breadcrumb"},"inLanguage":"pt-PT","potentialAction":[{"@type":"ReadAction","target":["https:\/\/jornaldasoficinas.com\/pt\/wurth-fornece-solucoes-ao-setor-agricola-na-agroglobal-2023\/"]}]},{"@type":"ImageObject","inLanguage":"pt-PT","@id":"https:\/\/jornaldasoficinas.com\/pt\/wurth-fornece-solucoes-ao-setor-agricola-na-agroglobal-2023\/#primaryimage","url":"https:\/\/jornaldasoficinas.com\/pt\/wp-content\/uploads\/2023\/09\/Wurth-fornece-solucoes-ao-setor-agricola-na-Agroglobal-2023-1.jpg","contentUrl":"https:\/\/jornaldasoficinas.com\/pt\/wp-content\/uploads\/2023\/09\/Wurth-fornece-solucoes-ao-setor-agricola-na-Agroglobal-2023-1.jpg","width":1024,"height":581,"caption":"09 - Wurth fornece solucoes ao setor agricola na Agroglobal 2023 1"},{"@type":"BreadcrumbList","@id":"https:\/\/jornaldasoficinas.com\/pt\/wurth-fornece-solucoes-ao-setor-agricola-na-agroglobal-2023\/#breadcrumb","itemListElement":[{"@type":"ListItem","position":1,"name":"In\u00edcio","item":"https:\/\/jornaldasoficinas.com\/pt\/"},{"@type":"ListItem","position":2,"name":"W\u00fcrth fornece solu\u00e7\u00f5es ao setor agr\u00edcola na Agroglobal 2023"}]},{"@type":"WebSite","@id":"https:\/\/jornaldasoficinas.com\/pt\/#website","url":"https:\/\/jornaldasoficinas.com\/pt\/","name":"Jornal das Oficinas","description":"Jornal independente do Aftermarket Autom\u00f3vel em Portugal","publisher":{"@id":"https:\/\/jornaldasoficinas.com\/pt\/#organization"},"potentialAction":[{"@type":"SearchAction","target":{"@type":"EntryPoint","urlTemplate":"https:\/\/jornaldasoficinas.com\/pt\/?s={search_term_string}"},"query-input":{"@type":"PropertyValueSpecification","valueRequired":true,"valueName":"search_term_string"}}],"inLanguage":"pt-PT"},{"@type":"Organization","@id":"https:\/\/jornaldasoficinas.com\/pt\/#organization","name":"Jornal das Oficinas","url":"https:\/\/jornaldasoficinas.com\/pt\/","logo":{"@type":"ImageObject","inLanguage":"pt-PT","@id":"https:\/\/jornaldasoficinas.com\/pt\/#\/schema\/logo\/image\/","url":"https:\/\/jornaldasoficinas.com\/pt\/wp-content\/uploads\/logoJO-SEO.png","contentUrl":"https:\/\/jornaldasoficinas.com\/pt\/wp-content\/uploads\/logoJO-SEO.png","width":285,"height":450,"caption":"Jornal das Oficinas"},"image":{"@id":"https:\/\/jornaldasoficinas.com\/pt\/#\/schema\/logo\/image\/"},"sameAs":["https:\/\/www.facebook.com\/jornaloficinas","https:\/\/x.com\/jornaloficinas","https:\/\/www.instagram.com\/jornal_oficinas\/","https:\/\/www.linkedin.com\/company\/jornal-das-oficinas\/","https:\/\/www.youtube.com\/channel\/UCbQZBqtcvV-oSQrr7RzINGg"]},{"@type":"Person","@id":"https:\/\/jornaldasoficinas.com\/pt\/#\/schema\/person\/a38eef5de2c41d9e7c9ac10141afddf3","name":"Reda\u00e7\u00e3o JO","image":{"@type":"ImageObject","inLanguage":"pt-PT","@id":"https:\/\/secure.gravatar.com\/avatar\/71f2fa71737ad68a84fea94bc708ddac8ea5b0c4788dc2ad202f3ccb2887742f?s=96&d=wp_user_avatar&r=g","url":"https:\/\/secure.gravatar.com\/avatar\/71f2fa71737ad68a84fea94bc708ddac8ea5b0c4788dc2ad202f3ccb2887742f?s=96&d=wp_user_avatar&r=g","contentUrl":"https:\/\/secure.gravatar.com\/avatar\/71f2fa71737ad68a84fea94bc708ddac8ea5b0c4788dc2ad202f3ccb2887742f?s=96&d=wp_user_avatar&r=g","caption":"Reda\u00e7\u00e3o JO"},"url":"https:\/\/jornaldasoficinas.com\/pt\/author\/joredacao\/"}]}},"_links":{"self":[{"href":"https:\/\/jornaldasoficinas.com\/pt\/wp-json\/wp\/v2\/posts\/71617","targetHints":{"allow":["GET"]}}],"collection":[{"href":"https:\/\/jornaldasoficinas.com\/pt\/wp-json\/wp\/v2\/posts"}],"about":[{"href":"https:\/\/jornaldasoficinas.com\/pt\/wp-json\/wp\/v2\/types\/post"}],"author":[{"embeddable":true,"href":"https:\/\/jornaldasoficinas.com\/pt\/wp-json\/wp\/v2\/users\/15"}],"replies":[{"embeddable":true,"href":"https:\/\/jornaldasoficinas.com\/pt\/wp-json\/wp\/v2\/comments?post=71617"}],"version-history":[{"count":0,"href":"https:\/\/jornaldasoficinas.com\/pt\/wp-json\/wp\/v2\/posts\/71617\/revisions"}],"wp:featuredmedia":[{"embeddable":true,"href":"https:\/\/jornaldasoficinas.com\/pt\/wp-json\/wp\/v2\/media\/71607"}],"wp:attachment":[{"href":"https:\/\/jornaldasoficinas.com\/pt\/wp-json\/wp\/v2\/media?parent=71617"}],"wp:term":[{"taxonomy":"category","embeddable":true,"href":"https:\/\/jornaldasoficinas.com\/pt\/wp-json\/wp\/v2\/categories?post=71617"},{"taxonomy":"post_tag","embeddable":true,"href":"https:\/\/jornaldasoficinas.com\/pt\/wp-json\/wp\/v2\/tags?post=71617"}],"curies":[{"name":"wp","href":"https:\/\/api.w.org\/{rel}","templated":true}]}}