{"id":71626,"date":"2023-09-04T18:00:32","date_gmt":"2023-09-04T17:00:32","guid":{"rendered":"https:\/\/jornaldasoficinas.com\/pt\/?p=71626"},"modified":"2023-09-03T21:00:12","modified_gmt":"2023-09-03T20:00:12","slug":"aep-regressa-a-alemanha-com-industria-componentes-automoveis","status":"publish","type":"post","link":"https:\/\/jornaldasoficinas.com\/pt\/aep-regressa-a-alemanha-com-industria-componentes-automoveis\/","title":{"rendered":"AEP regressa \u00e0 Alemanha com ind\u00fastria componentes autom\u00f3veis"},"content":{"rendered":"<p><img loading=\"lazy\" decoding=\"async\" class=\"alignnone size-full wp-image-71608\" src=\"https:\/\/jornaldasoficinas.com\/pt\/wp-content\/uploads\/2023\/09\/AEP-regressa-a-Alemanha.jpg\" alt=\"09 - AEP regressa a Alemanha\" width=\"1024\" height=\"581\" srcset=\"https:\/\/jornaldasoficinas.com\/pt\/wp-content\/uploads\/2023\/09\/AEP-regressa-a-Alemanha.jpg 1024w, https:\/\/jornaldasoficinas.com\/pt\/wp-content\/uploads\/2023\/09\/AEP-regressa-a-Alemanha-300x170.jpg 300w, https:\/\/jornaldasoficinas.com\/pt\/wp-content\/uploads\/2023\/09\/AEP-regressa-a-Alemanha-150x85.jpg 150w, https:\/\/jornaldasoficinas.com\/pt\/wp-content\/uploads\/2023\/09\/AEP-regressa-a-Alemanha-768x436.jpg 768w\" sizes=\"auto, (max-width: 1024px) 100vw, 1024px\" \/><\/p>\n<p><strong>A <a href=\"https:\/\/www.aeportugal.pt\/pt\/home\" target=\"_blank\" rel=\"noopener\">AEP<\/a> \u2013 Associa\u00e7\u00e3o Empresarial de Portugal e a <a href=\"https:\/\/afia.pt\/\" target=\"_blank\" rel=\"noopener\">AFIA<\/a> -Associa\u00e7\u00e3o de Fabricantes para a Ind\u00fastria Autom\u00f3vel est\u00e3o de partida para a Alemanha com um grupo de empresas nacionais do setor autom\u00f3vel para participar na <a href=\"https:\/\/www.iaa-mobility.com\/en\" target=\"_blank\" rel=\"noopener\">IAA Mobility<\/a>, que acontece em Munique, entre os dias 4 e 8 de setembro<\/strong><\/p>\n<p>Esta \u00e9 a terceira vez que a AEP, em parceria com a AFIA, leva empresas portuguesas \u00e0 Feira IAA para dar a conhecer as compet\u00eancias da ind\u00fastria portuguesa de componentes autom\u00f3veis.<\/p>\n<p>No mercado alem\u00e3o, a AEP j\u00e1 organizou v\u00e1rias participa\u00e7\u00f5es coletivas de empresas para os setores alimentar (<a href=\"https:\/\/www.anuga.com\/\" target=\"_blank\" rel=\"noopener\">ANUGA<\/a>), m\u00e9dico e hospitalar (<a href=\"https:\/\/www.medica-tradefair.com\/\" target=\"_blank\" rel=\"noopener\">MEDICA<\/a>), componentes autom\u00f3veis (IZB, IAA e GACS), constru\u00e7\u00e3o e equipamentos (<a href=\"https:\/\/bauma.de\/en\/\" target=\"_blank\" rel=\"noopener\">BAUMA<\/a> e <a href=\"https:\/\/www.bau-ss.com\/environment-solutions\/\" target=\"_blank\" rel=\"noopener\">BAU<\/a>), retalho (<a href=\"https:\/\/www.euroshop-tradefair.com\/\" target=\"_blank\" rel=\"noopener\">EUROSHOP<\/a>), para al\u00e9m de diversas miss\u00f5es empresariais e outras iniciativas.<\/p>\n<p>\u201cA Alemanha \u00e9 um pa\u00eds atrativo, mas muito exigente, por isso a AEP organiza participa\u00e7\u00f5es regulares no mercado alem\u00e3o h\u00e1 muitos anos e desde 2016 para o setor autom\u00f3vel. \u00c9 um mercado que proporciona \u00e0s empresas nacionais oportunidades de neg\u00f3cios, mas obriga a uma abordagem estruturada e \u00e9 aqui que a AEP tem um papel importante no apoio \u00e0 internacionaliza\u00e7\u00e3o das PME\u201d, explica Lu\u00eds Miguel Ribeiro, presidente do Conselho de Administra\u00e7\u00e3o da AEP.<\/p>\n<p>A Alemanha \u00e9 umas das cinco maiores economias da Uni\u00e3o Europeia e o principal motor do seu crescimento econ\u00f3mico. \u00c9 a 5\u00aa maior economia a n\u00edvel mundial e um dos mercados mais competitivos e industrializados. Com cerca de 82 milh\u00f5es de consumidores, onde se destaca uma classe m\u00e9dia\/alta com um bom poder de compra, a Alemanha apresenta um n\u00edvel do consumo interno elevado, que origina um desenvolvimento din\u00e2mico da economia. Em 2022, a Alemanha foi o terceiro cliente das exporta\u00e7\u00f5es portuguesas de bens, com uma quota total de 10,9%, ocupando a segunda posi\u00e7\u00e3o ao n\u00edvel das importa\u00e7\u00f5es (11,2%).<\/p>\n<p>A edi\u00e7\u00e3o deste ano da IAA\u00a0Mobility tem como foco a mobilidade inteligente, conectada, sustent\u00e1vel e as tecnologias que v\u00e3o moldar a mobilidade no futuro.<\/p>\n<p><strong>Comitiva portuguesa \u2013 IAA Mobility 2023:<\/strong><\/p>\n<p><a href=\"https:\/\/www.csplastic.pt\/\" target=\"_blank\" rel=\"noopener\">CS Plastic, Lda<\/a>. &#8211; Inje\u00e7\u00e3o de componentes pl\u00e1sticos<\/p>\n<p><a href=\"https:\/\/www.fehstgroup.com\/pt\/\" target=\"_blank\" rel=\"noopener\">FEHST Componentes, Lda.<\/a> &#8211; Produ\u00e7\u00e3o de sistemas e pe\u00e7as decorativas para o interior do autom\u00f3vel<\/p>\n<p><a href=\"http:\/\/INCOMPOL\" target=\"_blank\" rel=\"noopener\">INCOMPOL<\/a>, SA &#8211; Fabrica\u00e7\u00e3o de componentes met\u00e1licos para a Ind\u00fastria Autom\u00f3vel<\/p>\n<p><a href=\"https:\/\/maxiplas.pt\/\" target=\"_blank\" rel=\"noopener\">MAXIPL\u00c1S<\/a>, Lda. &#8211; Processamento de termopl\u00e1sticos de engenharia<\/p>\n<p><a href=\"https:\/\/www.tecniforja.pt\/\" target=\"_blank\" rel=\"noopener\">TECNIFORJA<\/a>, Lda. &#8211; Forjagem e Estampagem de Pe\u00e7as T\u00e9cnicas<\/p>\n","protected":false},"excerpt":{"rendered":"<p>A AEP \u2013 Associa\u00e7\u00e3o Empresarial de&#8230;<\/p>\n","protected":false},"author":15,"featured_media":71608,"comment_status":"closed","ping_status":"closed","sticky":false,"template":"","format":"standard","meta":{"footnotes":""},"categories":[37],"tags":[2704,100,6141,95,6144,6143,6145,4134,6146,6147,6142,6148],"class_list":["post-71626","post","type-post","status-publish","format-standard","has-post-thumbnail","hentry","category-mercado","tag-aep","tag-afia","tag-anuga","tag-bauma","tag-cs-plastic","tag-euroshop","tag-fehst","tag-iaa-mobility","tag-incompol","tag-maxiplas","tag-medica","tag-tecniforja"],"yoast_head":"<!-- This site is optimized with the Yoast SEO plugin v27.5 - https:\/\/yoast.com\/product\/yoast-seo-wordpress\/ -->\n<title>AEP regressa \u00e0 Alemanha com ind\u00fastria componentes autom\u00f3veis - Jornal das Oficinas<\/title>\n<meta name=\"description\" content=\"A AEP e a AFIA est\u00e3o de partida para a Alemanha com um grupo de empresas nacionais do setor autom\u00f3vel para participar na IAA Mobility\" \/>\n<meta name=\"robots\" content=\"index, follow, max-snippet:-1, max-image-preview:large, max-video-preview:-1\" \/>\n<link rel=\"canonical\" href=\"https:\/\/jornaldasoficinas.com\/pt\/aep-regressa-a-alemanha-com-industria-componentes-automoveis\/\" \/>\n<meta property=\"og:locale\" content=\"pt_PT\" \/>\n<meta property=\"og:type\" content=\"article\" \/>\n<meta property=\"og:title\" content=\"AEP regressa \u00e0 Alemanha com ind\u00fastria componentes autom\u00f3veis - Jornal das Oficinas\" \/>\n<meta property=\"og:description\" content=\"A AEP e a AFIA est\u00e3o de partida para a Alemanha com um grupo de empresas nacionais do setor autom\u00f3vel para participar na IAA Mobility\" \/>\n<meta property=\"og:url\" content=\"https:\/\/jornaldasoficinas.com\/pt\/aep-regressa-a-alemanha-com-industria-componentes-automoveis\/\" \/>\n<meta property=\"og:site_name\" content=\"Jornal das Oficinas\" \/>\n<meta property=\"article:publisher\" content=\"https:\/\/www.facebook.com\/jornaloficinas\" \/>\n<meta property=\"article:published_time\" content=\"2023-09-04T17:00:32+00:00\" \/>\n<meta property=\"og:image\" content=\"https:\/\/jornaldasoficinas.com\/pt\/wp-content\/uploads\/2023\/09\/AEP-regressa-a-Alemanha.jpg\" \/>\n\t<meta property=\"og:image:width\" content=\"1024\" \/>\n\t<meta property=\"og:image:height\" content=\"581\" \/>\n\t<meta property=\"og:image:type\" content=\"image\/jpeg\" \/>\n<meta name=\"author\" content=\"Reda\u00e7\u00e3o JO\" \/>\n<meta name=\"twitter:card\" content=\"summary_large_image\" \/>\n<meta name=\"twitter:creator\" content=\"@jornaloficinas\" \/>\n<meta name=\"twitter:site\" content=\"@jornaloficinas\" \/>\n<meta name=\"twitter:label1\" content=\"Escrito por\" \/>\n\t<meta name=\"twitter:data1\" content=\"Reda\u00e7\u00e3o JO\" \/>\n\t<meta name=\"twitter:label2\" content=\"Tempo estimado de leitura\" \/>\n\t<meta name=\"twitter:data2\" content=\"3 minutos\" \/>\n<script type=\"application\/ld+json\" class=\"yoast-schema-graph\">{\"@context\":\"https:\\\/\\\/schema.org\",\"@graph\":[{\"@type\":\"Article\",\"@id\":\"https:\\\/\\\/jornaldasoficinas.com\\\/pt\\\/aep-regressa-a-alemanha-com-industria-componentes-automoveis\\\/#article\",\"isPartOf\":{\"@id\":\"https:\\\/\\\/jornaldasoficinas.com\\\/pt\\\/aep-regressa-a-alemanha-com-industria-componentes-automoveis\\\/\"},\"author\":{\"name\":\"Reda\u00e7\u00e3o JO\",\"@id\":\"https:\\\/\\\/jornaldasoficinas.com\\\/pt\\\/#\\\/schema\\\/person\\\/a38eef5de2c41d9e7c9ac10141afddf3\"},\"headline\":\"AEP regressa \u00e0 Alemanha com ind\u00fastria componentes autom\u00f3veis\",\"datePublished\":\"2023-09-04T17:00:32+00:00\",\"mainEntityOfPage\":{\"@id\":\"https:\\\/\\\/jornaldasoficinas.com\\\/pt\\\/aep-regressa-a-alemanha-com-industria-componentes-automoveis\\\/\"},\"wordCount\":420,\"publisher\":{\"@id\":\"https:\\\/\\\/jornaldasoficinas.com\\\/pt\\\/#organization\"},\"image\":{\"@id\":\"https:\\\/\\\/jornaldasoficinas.com\\\/pt\\\/aep-regressa-a-alemanha-com-industria-componentes-automoveis\\\/#primaryimage\"},\"thumbnailUrl\":\"https:\\\/\\\/jornaldasoficinas.com\\\/pt\\\/wp-content\\\/uploads\\\/2023\\\/09\\\/AEP-regressa-a-Alemanha.jpg\",\"keywords\":[\"AEP\",\"AFIA\",\"ANUGA\",\"Bauma\",\"CS Plastic\",\"EUROSHOP\",\"FEHST\",\"IAA Mobility\",\"INCOMPOL\",\"MAXIPL\u00c1S\",\"MEDICA\",\"TECNIFORJA\"],\"articleSection\":[\"Mercado\"],\"inLanguage\":\"pt-PT\"},{\"@type\":\"WebPage\",\"@id\":\"https:\\\/\\\/jornaldasoficinas.com\\\/pt\\\/aep-regressa-a-alemanha-com-industria-componentes-automoveis\\\/\",\"url\":\"https:\\\/\\\/jornaldasoficinas.com\\\/pt\\\/aep-regressa-a-alemanha-com-industria-componentes-automoveis\\\/\",\"name\":\"AEP regressa \u00e0 Alemanha com ind\u00fastria componentes autom\u00f3veis - Jornal das Oficinas\",\"isPartOf\":{\"@id\":\"https:\\\/\\\/jornaldasoficinas.com\\\/pt\\\/#website\"},\"primaryImageOfPage\":{\"@id\":\"https:\\\/\\\/jornaldasoficinas.com\\\/pt\\\/aep-regressa-a-alemanha-com-industria-componentes-automoveis\\\/#primaryimage\"},\"image\":{\"@id\":\"https:\\\/\\\/jornaldasoficinas.com\\\/pt\\\/aep-regressa-a-alemanha-com-industria-componentes-automoveis\\\/#primaryimage\"},\"thumbnailUrl\":\"https:\\\/\\\/jornaldasoficinas.com\\\/pt\\\/wp-content\\\/uploads\\\/2023\\\/09\\\/AEP-regressa-a-Alemanha.jpg\",\"datePublished\":\"2023-09-04T17:00:32+00:00\",\"description\":\"A AEP e a AFIA est\u00e3o de partida para a Alemanha com um grupo de empresas nacionais do setor autom\u00f3vel para participar na IAA Mobility\",\"breadcrumb\":{\"@id\":\"https:\\\/\\\/jornaldasoficinas.com\\\/pt\\\/aep-regressa-a-alemanha-com-industria-componentes-automoveis\\\/#breadcrumb\"},\"inLanguage\":\"pt-PT\",\"potentialAction\":[{\"@type\":\"ReadAction\",\"target\":[\"https:\\\/\\\/jornaldasoficinas.com\\\/pt\\\/aep-regressa-a-alemanha-com-industria-componentes-automoveis\\\/\"]}]},{\"@type\":\"ImageObject\",\"inLanguage\":\"pt-PT\",\"@id\":\"https:\\\/\\\/jornaldasoficinas.com\\\/pt\\\/aep-regressa-a-alemanha-com-industria-componentes-automoveis\\\/#primaryimage\",\"url\":\"https:\\\/\\\/jornaldasoficinas.com\\\/pt\\\/wp-content\\\/uploads\\\/2023\\\/09\\\/AEP-regressa-a-Alemanha.jpg\",\"contentUrl\":\"https:\\\/\\\/jornaldasoficinas.com\\\/pt\\\/wp-content\\\/uploads\\\/2023\\\/09\\\/AEP-regressa-a-Alemanha.jpg\",\"width\":1024,\"height\":581,\"caption\":\"09 - AEP regressa a Alemanha\"},{\"@type\":\"BreadcrumbList\",\"@id\":\"https:\\\/\\\/jornaldasoficinas.com\\\/pt\\\/aep-regressa-a-alemanha-com-industria-componentes-automoveis\\\/#breadcrumb\",\"itemListElement\":[{\"@type\":\"ListItem\",\"position\":1,\"name\":\"In\u00edcio\",\"item\":\"https:\\\/\\\/jornaldasoficinas.com\\\/pt\\\/\"},{\"@type\":\"ListItem\",\"position\":2,\"name\":\"AEP regressa \u00e0 Alemanha com ind\u00fastria componentes autom\u00f3veis\"}]},{\"@type\":\"WebSite\",\"@id\":\"https:\\\/\\\/jornaldasoficinas.com\\\/pt\\\/#website\",\"url\":\"https:\\\/\\\/jornaldasoficinas.com\\\/pt\\\/\",\"name\":\"Jornal das Oficinas\",\"description\":\"Jornal independente do Aftermarket Autom\u00f3vel em Portugal\",\"publisher\":{\"@id\":\"https:\\\/\\\/jornaldasoficinas.com\\\/pt\\\/#organization\"},\"potentialAction\":[{\"@type\":\"SearchAction\",\"target\":{\"@type\":\"EntryPoint\",\"urlTemplate\":\"https:\\\/\\\/jornaldasoficinas.com\\\/pt\\\/?s={search_term_string}\"},\"query-input\":{\"@type\":\"PropertyValueSpecification\",\"valueRequired\":true,\"valueName\":\"search_term_string\"}}],\"inLanguage\":\"pt-PT\"},{\"@type\":\"Organization\",\"@id\":\"https:\\\/\\\/jornaldasoficinas.com\\\/pt\\\/#organization\",\"name\":\"Jornal das Oficinas\",\"url\":\"https:\\\/\\\/jornaldasoficinas.com\\\/pt\\\/\",\"logo\":{\"@type\":\"ImageObject\",\"inLanguage\":\"pt-PT\",\"@id\":\"https:\\\/\\\/jornaldasoficinas.com\\\/pt\\\/#\\\/schema\\\/logo\\\/image\\\/\",\"url\":\"https:\\\/\\\/jornaldasoficinas.com\\\/pt\\\/wp-content\\\/uploads\\\/logoJO-SEO.png\",\"contentUrl\":\"https:\\\/\\\/jornaldasoficinas.com\\\/pt\\\/wp-content\\\/uploads\\\/logoJO-SEO.png\",\"width\":285,\"height\":450,\"caption\":\"Jornal das Oficinas\"},\"image\":{\"@id\":\"https:\\\/\\\/jornaldasoficinas.com\\\/pt\\\/#\\\/schema\\\/logo\\\/image\\\/\"},\"sameAs\":[\"https:\\\/\\\/www.facebook.com\\\/jornaloficinas\",\"https:\\\/\\\/x.com\\\/jornaloficinas\",\"https:\\\/\\\/www.instagram.com\\\/jornal_oficinas\\\/\",\"https:\\\/\\\/www.linkedin.com\\\/company\\\/jornal-das-oficinas\\\/\",\"https:\\\/\\\/www.youtube.com\\\/channel\\\/UCbQZBqtcvV-oSQrr7RzINGg\"]},{\"@type\":\"Person\",\"@id\":\"https:\\\/\\\/jornaldasoficinas.com\\\/pt\\\/#\\\/schema\\\/person\\\/a38eef5de2c41d9e7c9ac10141afddf3\",\"name\":\"Reda\u00e7\u00e3o JO\",\"image\":{\"@type\":\"ImageObject\",\"inLanguage\":\"pt-PT\",\"@id\":\"https:\\\/\\\/secure.gravatar.com\\\/avatar\\\/71f2fa71737ad68a84fea94bc708ddac8ea5b0c4788dc2ad202f3ccb2887742f?s=96&d=wp_user_avatar&r=g\",\"url\":\"https:\\\/\\\/secure.gravatar.com\\\/avatar\\\/71f2fa71737ad68a84fea94bc708ddac8ea5b0c4788dc2ad202f3ccb2887742f?s=96&d=wp_user_avatar&r=g\",\"contentUrl\":\"https:\\\/\\\/secure.gravatar.com\\\/avatar\\\/71f2fa71737ad68a84fea94bc708ddac8ea5b0c4788dc2ad202f3ccb2887742f?s=96&d=wp_user_avatar&r=g\",\"caption\":\"Reda\u00e7\u00e3o JO\"},\"url\":\"https:\\\/\\\/jornaldasoficinas.com\\\/pt\\\/author\\\/joredacao\\\/\"}]}<\/script>\n<!-- \/ Yoast SEO plugin. -->","yoast_head_json":{"title":"AEP regressa \u00e0 Alemanha com ind\u00fastria componentes autom\u00f3veis - Jornal das Oficinas","description":"A AEP e a AFIA est\u00e3o de partida para a Alemanha com um grupo de empresas nacionais do setor autom\u00f3vel para participar na IAA Mobility","robots":{"index":"index","follow":"follow","max-snippet":"max-snippet:-1","max-image-preview":"max-image-preview:large","max-video-preview":"max-video-preview:-1"},"canonical":"https:\/\/jornaldasoficinas.com\/pt\/aep-regressa-a-alemanha-com-industria-componentes-automoveis\/","og_locale":"pt_PT","og_type":"article","og_title":"AEP regressa \u00e0 Alemanha com ind\u00fastria componentes autom\u00f3veis - Jornal das Oficinas","og_description":"A AEP e a AFIA est\u00e3o de partida para a Alemanha com um grupo de empresas nacionais do setor autom\u00f3vel para participar na IAA Mobility","og_url":"https:\/\/jornaldasoficinas.com\/pt\/aep-regressa-a-alemanha-com-industria-componentes-automoveis\/","og_site_name":"Jornal das Oficinas","article_publisher":"https:\/\/www.facebook.com\/jornaloficinas","article_published_time":"2023-09-04T17:00:32+00:00","og_image":[{"width":1024,"height":581,"url":"https:\/\/jornaldasoficinas.com\/pt\/wp-content\/uploads\/2023\/09\/AEP-regressa-a-Alemanha.jpg","type":"image\/jpeg"}],"author":"Reda\u00e7\u00e3o JO","twitter_card":"summary_large_image","twitter_creator":"@jornaloficinas","twitter_site":"@jornaloficinas","twitter_misc":{"Escrito por":"Reda\u00e7\u00e3o JO","Tempo estimado de leitura":"3 minutos"},"schema":{"@context":"https:\/\/schema.org","@graph":[{"@type":"Article","@id":"https:\/\/jornaldasoficinas.com\/pt\/aep-regressa-a-alemanha-com-industria-componentes-automoveis\/#article","isPartOf":{"@id":"https:\/\/jornaldasoficinas.com\/pt\/aep-regressa-a-alemanha-com-industria-componentes-automoveis\/"},"author":{"name":"Reda\u00e7\u00e3o JO","@id":"https:\/\/jornaldasoficinas.com\/pt\/#\/schema\/person\/a38eef5de2c41d9e7c9ac10141afddf3"},"headline":"AEP regressa \u00e0 Alemanha com ind\u00fastria componentes autom\u00f3veis","datePublished":"2023-09-04T17:00:32+00:00","mainEntityOfPage":{"@id":"https:\/\/jornaldasoficinas.com\/pt\/aep-regressa-a-alemanha-com-industria-componentes-automoveis\/"},"wordCount":420,"publisher":{"@id":"https:\/\/jornaldasoficinas.com\/pt\/#organization"},"image":{"@id":"https:\/\/jornaldasoficinas.com\/pt\/aep-regressa-a-alemanha-com-industria-componentes-automoveis\/#primaryimage"},"thumbnailUrl":"https:\/\/jornaldasoficinas.com\/pt\/wp-content\/uploads\/2023\/09\/AEP-regressa-a-Alemanha.jpg","keywords":["AEP","AFIA","ANUGA","Bauma","CS Plastic","EUROSHOP","FEHST","IAA Mobility","INCOMPOL","MAXIPL\u00c1S","MEDICA","TECNIFORJA"],"articleSection":["Mercado"],"inLanguage":"pt-PT"},{"@type":"WebPage","@id":"https:\/\/jornaldasoficinas.com\/pt\/aep-regressa-a-alemanha-com-industria-componentes-automoveis\/","url":"https:\/\/jornaldasoficinas.com\/pt\/aep-regressa-a-alemanha-com-industria-componentes-automoveis\/","name":"AEP regressa \u00e0 Alemanha com ind\u00fastria componentes autom\u00f3veis - Jornal das Oficinas","isPartOf":{"@id":"https:\/\/jornaldasoficinas.com\/pt\/#website"},"primaryImageOfPage":{"@id":"https:\/\/jornaldasoficinas.com\/pt\/aep-regressa-a-alemanha-com-industria-componentes-automoveis\/#primaryimage"},"image":{"@id":"https:\/\/jornaldasoficinas.com\/pt\/aep-regressa-a-alemanha-com-industria-componentes-automoveis\/#primaryimage"},"thumbnailUrl":"https:\/\/jornaldasoficinas.com\/pt\/wp-content\/uploads\/2023\/09\/AEP-regressa-a-Alemanha.jpg","datePublished":"2023-09-04T17:00:32+00:00","description":"A AEP e a AFIA est\u00e3o de partida para a Alemanha com um grupo de empresas nacionais do setor autom\u00f3vel para participar na IAA Mobility","breadcrumb":{"@id":"https:\/\/jornaldasoficinas.com\/pt\/aep-regressa-a-alemanha-com-industria-componentes-automoveis\/#breadcrumb"},"inLanguage":"pt-PT","potentialAction":[{"@type":"ReadAction","target":["https:\/\/jornaldasoficinas.com\/pt\/aep-regressa-a-alemanha-com-industria-componentes-automoveis\/"]}]},{"@type":"ImageObject","inLanguage":"pt-PT","@id":"https:\/\/jornaldasoficinas.com\/pt\/aep-regressa-a-alemanha-com-industria-componentes-automoveis\/#primaryimage","url":"https:\/\/jornaldasoficinas.com\/pt\/wp-content\/uploads\/2023\/09\/AEP-regressa-a-Alemanha.jpg","contentUrl":"https:\/\/jornaldasoficinas.com\/pt\/wp-content\/uploads\/2023\/09\/AEP-regressa-a-Alemanha.jpg","width":1024,"height":581,"caption":"09 - AEP regressa a Alemanha"},{"@type":"BreadcrumbList","@id":"https:\/\/jornaldasoficinas.com\/pt\/aep-regressa-a-alemanha-com-industria-componentes-automoveis\/#breadcrumb","itemListElement":[{"@type":"ListItem","position":1,"name":"In\u00edcio","item":"https:\/\/jornaldasoficinas.com\/pt\/"},{"@type":"ListItem","position":2,"name":"AEP regressa \u00e0 Alemanha com ind\u00fastria componentes autom\u00f3veis"}]},{"@type":"WebSite","@id":"https:\/\/jornaldasoficinas.com\/pt\/#website","url":"https:\/\/jornaldasoficinas.com\/pt\/","name":"Jornal das Oficinas","description":"Jornal independente do Aftermarket Autom\u00f3vel em Portugal","publisher":{"@id":"https:\/\/jornaldasoficinas.com\/pt\/#organization"},"potentialAction":[{"@type":"SearchAction","target":{"@type":"EntryPoint","urlTemplate":"https:\/\/jornaldasoficinas.com\/pt\/?s={search_term_string}"},"query-input":{"@type":"PropertyValueSpecification","valueRequired":true,"valueName":"search_term_string"}}],"inLanguage":"pt-PT"},{"@type":"Organization","@id":"https:\/\/jornaldasoficinas.com\/pt\/#organization","name":"Jornal das Oficinas","url":"https:\/\/jornaldasoficinas.com\/pt\/","logo":{"@type":"ImageObject","inLanguage":"pt-PT","@id":"https:\/\/jornaldasoficinas.com\/pt\/#\/schema\/logo\/image\/","url":"https:\/\/jornaldasoficinas.com\/pt\/wp-content\/uploads\/logoJO-SEO.png","contentUrl":"https:\/\/jornaldasoficinas.com\/pt\/wp-content\/uploads\/logoJO-SEO.png","width":285,"height":450,"caption":"Jornal das Oficinas"},"image":{"@id":"https:\/\/jornaldasoficinas.com\/pt\/#\/schema\/logo\/image\/"},"sameAs":["https:\/\/www.facebook.com\/jornaloficinas","https:\/\/x.com\/jornaloficinas","https:\/\/www.instagram.com\/jornal_oficinas\/","https:\/\/www.linkedin.com\/company\/jornal-das-oficinas\/","https:\/\/www.youtube.com\/channel\/UCbQZBqtcvV-oSQrr7RzINGg"]},{"@type":"Person","@id":"https:\/\/jornaldasoficinas.com\/pt\/#\/schema\/person\/a38eef5de2c41d9e7c9ac10141afddf3","name":"Reda\u00e7\u00e3o JO","image":{"@type":"ImageObject","inLanguage":"pt-PT","@id":"https:\/\/secure.gravatar.com\/avatar\/71f2fa71737ad68a84fea94bc708ddac8ea5b0c4788dc2ad202f3ccb2887742f?s=96&d=wp_user_avatar&r=g","url":"https:\/\/secure.gravatar.com\/avatar\/71f2fa71737ad68a84fea94bc708ddac8ea5b0c4788dc2ad202f3ccb2887742f?s=96&d=wp_user_avatar&r=g","contentUrl":"https:\/\/secure.gravatar.com\/avatar\/71f2fa71737ad68a84fea94bc708ddac8ea5b0c4788dc2ad202f3ccb2887742f?s=96&d=wp_user_avatar&r=g","caption":"Reda\u00e7\u00e3o JO"},"url":"https:\/\/jornaldasoficinas.com\/pt\/author\/joredacao\/"}]}},"_links":{"self":[{"href":"https:\/\/jornaldasoficinas.com\/pt\/wp-json\/wp\/v2\/posts\/71626","targetHints":{"allow":["GET"]}}],"collection":[{"href":"https:\/\/jornaldasoficinas.com\/pt\/wp-json\/wp\/v2\/posts"}],"about":[{"href":"https:\/\/jornaldasoficinas.com\/pt\/wp-json\/wp\/v2\/types\/post"}],"author":[{"embeddable":true,"href":"https:\/\/jornaldasoficinas.com\/pt\/wp-json\/wp\/v2\/users\/15"}],"replies":[{"embeddable":true,"href":"https:\/\/jornaldasoficinas.com\/pt\/wp-json\/wp\/v2\/comments?post=71626"}],"version-history":[{"count":0,"href":"https:\/\/jornaldasoficinas.com\/pt\/wp-json\/wp\/v2\/posts\/71626\/revisions"}],"wp:featuredmedia":[{"embeddable":true,"href":"https:\/\/jornaldasoficinas.com\/pt\/wp-json\/wp\/v2\/media\/71608"}],"wp:attachment":[{"href":"https:\/\/jornaldasoficinas.com\/pt\/wp-json\/wp\/v2\/media?parent=71626"}],"wp:term":[{"taxonomy":"category","embeddable":true,"href":"https:\/\/jornaldasoficinas.com\/pt\/wp-json\/wp\/v2\/categories?post=71626"},{"taxonomy":"post_tag","embeddable":true,"href":"https:\/\/jornaldasoficinas.com\/pt\/wp-json\/wp\/v2\/tags?post=71626"}],"curies":[{"name":"wp","href":"https:\/\/api.w.org\/{rel}","templated":true}]}}