{"id":71689,"date":"2023-09-06T12:30:37","date_gmt":"2023-09-06T11:30:37","guid":{"rendered":"https:\/\/jornaldasoficinas.com\/pt\/?p=71689"},"modified":"2023-09-06T10:22:52","modified_gmt":"2023-09-06T09:22:52","slug":"vencedor-24-horas-le-mans-protagonista-campanha-magneti-marelli","status":"publish","type":"post","link":"https:\/\/jornaldasoficinas.com\/pt\/vencedor-24-horas-le-mans-protagonista-campanha-magneti-marelli\/","title":{"rendered":"Vencedor 24 Horas Le Mans protagonista campanha Magneti Marelli"},"content":{"rendered":"<p><img loading=\"lazy\" decoding=\"async\" class=\"alignnone size-full wp-image-71671\" src=\"https:\/\/jornaldasoficinas.com\/pt\/wp-content\/uploads\/2023\/09\/Vencedor-24-Horas-Le-Mans.jpg\" alt=\"09 - Vencedor 24 Horas Le Mans\" width=\"1024\" height=\"581\" srcset=\"https:\/\/jornaldasoficinas.com\/pt\/wp-content\/uploads\/2023\/09\/Vencedor-24-Horas-Le-Mans.jpg 1024w, https:\/\/jornaldasoficinas.com\/pt\/wp-content\/uploads\/2023\/09\/Vencedor-24-Horas-Le-Mans-300x170.jpg 300w, https:\/\/jornaldasoficinas.com\/pt\/wp-content\/uploads\/2023\/09\/Vencedor-24-Horas-Le-Mans-150x85.jpg 150w, https:\/\/jornaldasoficinas.com\/pt\/wp-content\/uploads\/2023\/09\/Vencedor-24-Horas-Le-Mans-768x436.jpg 768w\" sizes=\"auto, (max-width: 1024px) 100vw, 1024px\" \/><\/p>\n<p><strong>Antonio Giovinazzi, Vencedor das <a href=\"https:\/\/www.24h-lemans.com\/en\" target=\"_blank\" rel=\"noopener\">24 Horas de Le Mans 2023<\/a> ao volante do espetacular Ferrari Hypercar 499P, \u00e9 o protagonista e o rosto do v\u00eddeo da nova campanha de comunica\u00e7\u00e3o <a href=\"https:\/\/www.magnetimarelli-parts-and-services.pt\/\" target=\"_blank\" rel=\"noopener\">Magneti Marelli Parts &amp; Services<\/a><\/strong><\/p>\n<p>\u201cO alto desempenho come\u00e7a na box!\u201d\u2028A nova campanha 2023 joga com o duplo significado da palavra &#8220;box&#8221;: &#8220;box&#8221; significa a caixa dos produtos Magneti Marelli e &#8220;box&#8221; significa o local onde os pilotos constroem os seus sucessos.<\/p>\n<p>A assinatura do embaixador da marca Antonio Giovinazzi na campanha refor\u00e7a o significado, assim como a imagem sorridente do piloto sublinha a sua satisfa\u00e7\u00e3o com a qualidade dos produtos Magneti Marelli Parts &amp; Services. No v\u00eddeo da campanha, Antonio Giovinazzi destaca a tecnologia, a fiabilidade e o desempenho dos componentes da Magneti Marelli Parts &amp; Services.<\/p>\n<p>As estrelas do v\u00eddeo s\u00e3o algumas das pe\u00e7as mais emblem\u00e1ticas da marca: far\u00f3is, luzes, suspens\u00f5es, discos de trav\u00e3o, baterias e unidades de controlo. Todos estes produtos sintetizam a elevada qualidade e inova\u00e7\u00e3o que sempre distinguiram as pe\u00e7as Magneti Marelli Parts &amp; Services.<\/p>\n<p>Antonio Giovinazzi testou-as pessoalmente e pode, portanto, afirmar: &#8220;O alto desempenho come\u00e7a na box&#8221;. O testemunho de Giovinazzi, certifica a qualidade das pe\u00e7as sobresselentes Magneti Marelli Parts &amp; Services, gra\u00e7as \u00e0 sua grande experi\u00eancia que o levou a triunfar nas 24 Horas de Le Mans ao volante do Ferrari Hypercar P499.<\/p>\n<p>Veja o v\u00eddeo <a href=\"https:\/\/www.youtube.com\/watch?v=ZPTFpW7wRmI\" target=\"_blank\" rel=\"noopener\">aqui<\/a>.<\/p>\n","protected":false},"excerpt":{"rendered":"<p>Antonio Giovinazzi, Vencedor das 24 Horas&#8230;<\/p>\n","protected":false},"author":15,"featured_media":71671,"comment_status":"closed","ping_status":"closed","sticky":false,"template":"","format":"standard","meta":{"footnotes":""},"categories":[29],"tags":[5578,6153,193],"class_list":["post-71689","post","type-post","status-publish","format-standard","has-post-thumbnail","hentry","category-empresas","tag-24-horas-de-le-mans","tag-antonio-giovinazzi","tag-magneti-marelli"],"yoast_head":"<!-- This site is optimized with the Yoast SEO plugin v27.5 - https:\/\/yoast.com\/product\/yoast-seo-wordpress\/ -->\n<title>Vencedor 24 Horas Le Mans protagonista campanha Magneti Marelli - Jornal das Oficinas<\/title>\n<meta name=\"description\" content=\"Antonio Giovinazzi ,Vencedor das 24 Horas de Le Mans 2023 \u00e9 o protagonista e o rosto do v\u00eddeo da campanha de comunica\u00e7\u00e3o Magneti Marelli\" \/>\n<meta name=\"robots\" content=\"index, follow, max-snippet:-1, max-image-preview:large, max-video-preview:-1\" \/>\n<link rel=\"canonical\" href=\"https:\/\/jornaldasoficinas.com\/pt\/vencedor-24-horas-le-mans-protagonista-campanha-magneti-marelli\/\" \/>\n<meta property=\"og:locale\" content=\"pt_PT\" \/>\n<meta property=\"og:type\" content=\"article\" \/>\n<meta property=\"og:title\" content=\"Vencedor 24 Horas Le Mans protagonista campanha Magneti Marelli - Jornal das Oficinas\" \/>\n<meta property=\"og:description\" content=\"Antonio Giovinazzi ,Vencedor das 24 Horas de Le Mans 2023 \u00e9 o protagonista e o rosto do v\u00eddeo da campanha de comunica\u00e7\u00e3o Magneti Marelli\" \/>\n<meta property=\"og:url\" content=\"https:\/\/jornaldasoficinas.com\/pt\/vencedor-24-horas-le-mans-protagonista-campanha-magneti-marelli\/\" \/>\n<meta property=\"og:site_name\" content=\"Jornal das Oficinas\" \/>\n<meta property=\"article:publisher\" content=\"https:\/\/www.facebook.com\/jornaloficinas\" \/>\n<meta property=\"article:published_time\" content=\"2023-09-06T11:30:37+00:00\" \/>\n<meta property=\"og:image\" content=\"https:\/\/jornaldasoficinas.com\/pt\/wp-content\/uploads\/2023\/09\/Vencedor-24-Horas-Le-Mans.jpg\" \/>\n\t<meta property=\"og:image:width\" content=\"1024\" \/>\n\t<meta property=\"og:image:height\" content=\"581\" \/>\n\t<meta property=\"og:image:type\" content=\"image\/jpeg\" \/>\n<meta name=\"author\" content=\"Reda\u00e7\u00e3o JO\" \/>\n<meta name=\"twitter:card\" content=\"summary_large_image\" \/>\n<meta name=\"twitter:creator\" content=\"@jornaloficinas\" \/>\n<meta name=\"twitter:site\" content=\"@jornaloficinas\" \/>\n<meta name=\"twitter:label1\" content=\"Escrito por\" \/>\n\t<meta name=\"twitter:data1\" content=\"Reda\u00e7\u00e3o JO\" \/>\n\t<meta name=\"twitter:label2\" content=\"Tempo estimado de leitura\" \/>\n\t<meta name=\"twitter:data2\" content=\"2 minutos\" \/>\n<script type=\"application\/ld+json\" class=\"yoast-schema-graph\">{\"@context\":\"https:\\\/\\\/schema.org\",\"@graph\":[{\"@type\":\"Article\",\"@id\":\"https:\\\/\\\/jornaldasoficinas.com\\\/pt\\\/vencedor-24-horas-le-mans-protagonista-campanha-magneti-marelli\\\/#article\",\"isPartOf\":{\"@id\":\"https:\\\/\\\/jornaldasoficinas.com\\\/pt\\\/vencedor-24-horas-le-mans-protagonista-campanha-magneti-marelli\\\/\"},\"author\":{\"name\":\"Reda\u00e7\u00e3o JO\",\"@id\":\"https:\\\/\\\/jornaldasoficinas.com\\\/pt\\\/#\\\/schema\\\/person\\\/a38eef5de2c41d9e7c9ac10141afddf3\"},\"headline\":\"Vencedor 24 Horas Le Mans protagonista campanha Magneti Marelli\",\"datePublished\":\"2023-09-06T11:30:37+00:00\",\"mainEntityOfPage\":{\"@id\":\"https:\\\/\\\/jornaldasoficinas.com\\\/pt\\\/vencedor-24-horas-le-mans-protagonista-campanha-magneti-marelli\\\/\"},\"wordCount\":248,\"publisher\":{\"@id\":\"https:\\\/\\\/jornaldasoficinas.com\\\/pt\\\/#organization\"},\"image\":{\"@id\":\"https:\\\/\\\/jornaldasoficinas.com\\\/pt\\\/vencedor-24-horas-le-mans-protagonista-campanha-magneti-marelli\\\/#primaryimage\"},\"thumbnailUrl\":\"https:\\\/\\\/jornaldasoficinas.com\\\/pt\\\/wp-content\\\/uploads\\\/2023\\\/09\\\/Vencedor-24-Horas-Le-Mans.jpg\",\"keywords\":[\"24 Horas de Le Mans\",\"Antonio Giovinazzi\",\"Magneti Marelli\"],\"articleSection\":[\"Empresas\"],\"inLanguage\":\"pt-PT\"},{\"@type\":\"WebPage\",\"@id\":\"https:\\\/\\\/jornaldasoficinas.com\\\/pt\\\/vencedor-24-horas-le-mans-protagonista-campanha-magneti-marelli\\\/\",\"url\":\"https:\\\/\\\/jornaldasoficinas.com\\\/pt\\\/vencedor-24-horas-le-mans-protagonista-campanha-magneti-marelli\\\/\",\"name\":\"Vencedor 24 Horas Le Mans protagonista campanha Magneti Marelli - Jornal das Oficinas\",\"isPartOf\":{\"@id\":\"https:\\\/\\\/jornaldasoficinas.com\\\/pt\\\/#website\"},\"primaryImageOfPage\":{\"@id\":\"https:\\\/\\\/jornaldasoficinas.com\\\/pt\\\/vencedor-24-horas-le-mans-protagonista-campanha-magneti-marelli\\\/#primaryimage\"},\"image\":{\"@id\":\"https:\\\/\\\/jornaldasoficinas.com\\\/pt\\\/vencedor-24-horas-le-mans-protagonista-campanha-magneti-marelli\\\/#primaryimage\"},\"thumbnailUrl\":\"https:\\\/\\\/jornaldasoficinas.com\\\/pt\\\/wp-content\\\/uploads\\\/2023\\\/09\\\/Vencedor-24-Horas-Le-Mans.jpg\",\"datePublished\":\"2023-09-06T11:30:37+00:00\",\"description\":\"Antonio Giovinazzi ,Vencedor das 24 Horas de Le Mans 2023 \u00e9 o protagonista e o rosto do v\u00eddeo da campanha de comunica\u00e7\u00e3o Magneti Marelli\",\"breadcrumb\":{\"@id\":\"https:\\\/\\\/jornaldasoficinas.com\\\/pt\\\/vencedor-24-horas-le-mans-protagonista-campanha-magneti-marelli\\\/#breadcrumb\"},\"inLanguage\":\"pt-PT\",\"potentialAction\":[{\"@type\":\"ReadAction\",\"target\":[\"https:\\\/\\\/jornaldasoficinas.com\\\/pt\\\/vencedor-24-horas-le-mans-protagonista-campanha-magneti-marelli\\\/\"]}]},{\"@type\":\"ImageObject\",\"inLanguage\":\"pt-PT\",\"@id\":\"https:\\\/\\\/jornaldasoficinas.com\\\/pt\\\/vencedor-24-horas-le-mans-protagonista-campanha-magneti-marelli\\\/#primaryimage\",\"url\":\"https:\\\/\\\/jornaldasoficinas.com\\\/pt\\\/wp-content\\\/uploads\\\/2023\\\/09\\\/Vencedor-24-Horas-Le-Mans.jpg\",\"contentUrl\":\"https:\\\/\\\/jornaldasoficinas.com\\\/pt\\\/wp-content\\\/uploads\\\/2023\\\/09\\\/Vencedor-24-Horas-Le-Mans.jpg\",\"width\":1024,\"height\":581,\"caption\":\"09 - Vencedor 24 Horas Le Mans\"},{\"@type\":\"BreadcrumbList\",\"@id\":\"https:\\\/\\\/jornaldasoficinas.com\\\/pt\\\/vencedor-24-horas-le-mans-protagonista-campanha-magneti-marelli\\\/#breadcrumb\",\"itemListElement\":[{\"@type\":\"ListItem\",\"position\":1,\"name\":\"In\u00edcio\",\"item\":\"https:\\\/\\\/jornaldasoficinas.com\\\/pt\\\/\"},{\"@type\":\"ListItem\",\"position\":2,\"name\":\"Vencedor 24 Horas Le Mans protagonista campanha Magneti Marelli\"}]},{\"@type\":\"WebSite\",\"@id\":\"https:\\\/\\\/jornaldasoficinas.com\\\/pt\\\/#website\",\"url\":\"https:\\\/\\\/jornaldasoficinas.com\\\/pt\\\/\",\"name\":\"Jornal das Oficinas\",\"description\":\"Jornal independente do Aftermarket Autom\u00f3vel em Portugal\",\"publisher\":{\"@id\":\"https:\\\/\\\/jornaldasoficinas.com\\\/pt\\\/#organization\"},\"potentialAction\":[{\"@type\":\"SearchAction\",\"target\":{\"@type\":\"EntryPoint\",\"urlTemplate\":\"https:\\\/\\\/jornaldasoficinas.com\\\/pt\\\/?s={search_term_string}\"},\"query-input\":{\"@type\":\"PropertyValueSpecification\",\"valueRequired\":true,\"valueName\":\"search_term_string\"}}],\"inLanguage\":\"pt-PT\"},{\"@type\":\"Organization\",\"@id\":\"https:\\\/\\\/jornaldasoficinas.com\\\/pt\\\/#organization\",\"name\":\"Jornal das Oficinas\",\"url\":\"https:\\\/\\\/jornaldasoficinas.com\\\/pt\\\/\",\"logo\":{\"@type\":\"ImageObject\",\"inLanguage\":\"pt-PT\",\"@id\":\"https:\\\/\\\/jornaldasoficinas.com\\\/pt\\\/#\\\/schema\\\/logo\\\/image\\\/\",\"url\":\"https:\\\/\\\/jornaldasoficinas.com\\\/pt\\\/wp-content\\\/uploads\\\/logoJO-SEO.png\",\"contentUrl\":\"https:\\\/\\\/jornaldasoficinas.com\\\/pt\\\/wp-content\\\/uploads\\\/logoJO-SEO.png\",\"width\":285,\"height\":450,\"caption\":\"Jornal das Oficinas\"},\"image\":{\"@id\":\"https:\\\/\\\/jornaldasoficinas.com\\\/pt\\\/#\\\/schema\\\/logo\\\/image\\\/\"},\"sameAs\":[\"https:\\\/\\\/www.facebook.com\\\/jornaloficinas\",\"https:\\\/\\\/x.com\\\/jornaloficinas\",\"https:\\\/\\\/www.instagram.com\\\/jornal_oficinas\\\/\",\"https:\\\/\\\/www.linkedin.com\\\/company\\\/jornal-das-oficinas\\\/\",\"https:\\\/\\\/www.youtube.com\\\/channel\\\/UCbQZBqtcvV-oSQrr7RzINGg\"]},{\"@type\":\"Person\",\"@id\":\"https:\\\/\\\/jornaldasoficinas.com\\\/pt\\\/#\\\/schema\\\/person\\\/a38eef5de2c41d9e7c9ac10141afddf3\",\"name\":\"Reda\u00e7\u00e3o JO\",\"image\":{\"@type\":\"ImageObject\",\"inLanguage\":\"pt-PT\",\"@id\":\"https:\\\/\\\/secure.gravatar.com\\\/avatar\\\/71f2fa71737ad68a84fea94bc708ddac8ea5b0c4788dc2ad202f3ccb2887742f?s=96&d=wp_user_avatar&r=g\",\"url\":\"https:\\\/\\\/secure.gravatar.com\\\/avatar\\\/71f2fa71737ad68a84fea94bc708ddac8ea5b0c4788dc2ad202f3ccb2887742f?s=96&d=wp_user_avatar&r=g\",\"contentUrl\":\"https:\\\/\\\/secure.gravatar.com\\\/avatar\\\/71f2fa71737ad68a84fea94bc708ddac8ea5b0c4788dc2ad202f3ccb2887742f?s=96&d=wp_user_avatar&r=g\",\"caption\":\"Reda\u00e7\u00e3o JO\"},\"url\":\"https:\\\/\\\/jornaldasoficinas.com\\\/pt\\\/author\\\/joredacao\\\/\"}]}<\/script>\n<!-- \/ Yoast SEO plugin. -->","yoast_head_json":{"title":"Vencedor 24 Horas Le Mans protagonista campanha Magneti Marelli - Jornal das Oficinas","description":"Antonio Giovinazzi ,Vencedor das 24 Horas de Le Mans 2023 \u00e9 o protagonista e o rosto do v\u00eddeo da campanha de comunica\u00e7\u00e3o Magneti Marelli","robots":{"index":"index","follow":"follow","max-snippet":"max-snippet:-1","max-image-preview":"max-image-preview:large","max-video-preview":"max-video-preview:-1"},"canonical":"https:\/\/jornaldasoficinas.com\/pt\/vencedor-24-horas-le-mans-protagonista-campanha-magneti-marelli\/","og_locale":"pt_PT","og_type":"article","og_title":"Vencedor 24 Horas Le Mans protagonista campanha Magneti Marelli - Jornal das Oficinas","og_description":"Antonio Giovinazzi ,Vencedor das 24 Horas de Le Mans 2023 \u00e9 o protagonista e o rosto do v\u00eddeo da campanha de comunica\u00e7\u00e3o Magneti Marelli","og_url":"https:\/\/jornaldasoficinas.com\/pt\/vencedor-24-horas-le-mans-protagonista-campanha-magneti-marelli\/","og_site_name":"Jornal das Oficinas","article_publisher":"https:\/\/www.facebook.com\/jornaloficinas","article_published_time":"2023-09-06T11:30:37+00:00","og_image":[{"width":1024,"height":581,"url":"https:\/\/jornaldasoficinas.com\/pt\/wp-content\/uploads\/2023\/09\/Vencedor-24-Horas-Le-Mans.jpg","type":"image\/jpeg"}],"author":"Reda\u00e7\u00e3o JO","twitter_card":"summary_large_image","twitter_creator":"@jornaloficinas","twitter_site":"@jornaloficinas","twitter_misc":{"Escrito por":"Reda\u00e7\u00e3o JO","Tempo estimado de leitura":"2 minutos"},"schema":{"@context":"https:\/\/schema.org","@graph":[{"@type":"Article","@id":"https:\/\/jornaldasoficinas.com\/pt\/vencedor-24-horas-le-mans-protagonista-campanha-magneti-marelli\/#article","isPartOf":{"@id":"https:\/\/jornaldasoficinas.com\/pt\/vencedor-24-horas-le-mans-protagonista-campanha-magneti-marelli\/"},"author":{"name":"Reda\u00e7\u00e3o JO","@id":"https:\/\/jornaldasoficinas.com\/pt\/#\/schema\/person\/a38eef5de2c41d9e7c9ac10141afddf3"},"headline":"Vencedor 24 Horas Le Mans protagonista campanha Magneti Marelli","datePublished":"2023-09-06T11:30:37+00:00","mainEntityOfPage":{"@id":"https:\/\/jornaldasoficinas.com\/pt\/vencedor-24-horas-le-mans-protagonista-campanha-magneti-marelli\/"},"wordCount":248,"publisher":{"@id":"https:\/\/jornaldasoficinas.com\/pt\/#organization"},"image":{"@id":"https:\/\/jornaldasoficinas.com\/pt\/vencedor-24-horas-le-mans-protagonista-campanha-magneti-marelli\/#primaryimage"},"thumbnailUrl":"https:\/\/jornaldasoficinas.com\/pt\/wp-content\/uploads\/2023\/09\/Vencedor-24-Horas-Le-Mans.jpg","keywords":["24 Horas de Le Mans","Antonio Giovinazzi","Magneti Marelli"],"articleSection":["Empresas"],"inLanguage":"pt-PT"},{"@type":"WebPage","@id":"https:\/\/jornaldasoficinas.com\/pt\/vencedor-24-horas-le-mans-protagonista-campanha-magneti-marelli\/","url":"https:\/\/jornaldasoficinas.com\/pt\/vencedor-24-horas-le-mans-protagonista-campanha-magneti-marelli\/","name":"Vencedor 24 Horas Le Mans protagonista campanha Magneti Marelli - Jornal das Oficinas","isPartOf":{"@id":"https:\/\/jornaldasoficinas.com\/pt\/#website"},"primaryImageOfPage":{"@id":"https:\/\/jornaldasoficinas.com\/pt\/vencedor-24-horas-le-mans-protagonista-campanha-magneti-marelli\/#primaryimage"},"image":{"@id":"https:\/\/jornaldasoficinas.com\/pt\/vencedor-24-horas-le-mans-protagonista-campanha-magneti-marelli\/#primaryimage"},"thumbnailUrl":"https:\/\/jornaldasoficinas.com\/pt\/wp-content\/uploads\/2023\/09\/Vencedor-24-Horas-Le-Mans.jpg","datePublished":"2023-09-06T11:30:37+00:00","description":"Antonio Giovinazzi ,Vencedor das 24 Horas de Le Mans 2023 \u00e9 o protagonista e o rosto do v\u00eddeo da campanha de comunica\u00e7\u00e3o Magneti Marelli","breadcrumb":{"@id":"https:\/\/jornaldasoficinas.com\/pt\/vencedor-24-horas-le-mans-protagonista-campanha-magneti-marelli\/#breadcrumb"},"inLanguage":"pt-PT","potentialAction":[{"@type":"ReadAction","target":["https:\/\/jornaldasoficinas.com\/pt\/vencedor-24-horas-le-mans-protagonista-campanha-magneti-marelli\/"]}]},{"@type":"ImageObject","inLanguage":"pt-PT","@id":"https:\/\/jornaldasoficinas.com\/pt\/vencedor-24-horas-le-mans-protagonista-campanha-magneti-marelli\/#primaryimage","url":"https:\/\/jornaldasoficinas.com\/pt\/wp-content\/uploads\/2023\/09\/Vencedor-24-Horas-Le-Mans.jpg","contentUrl":"https:\/\/jornaldasoficinas.com\/pt\/wp-content\/uploads\/2023\/09\/Vencedor-24-Horas-Le-Mans.jpg","width":1024,"height":581,"caption":"09 - Vencedor 24 Horas Le Mans"},{"@type":"BreadcrumbList","@id":"https:\/\/jornaldasoficinas.com\/pt\/vencedor-24-horas-le-mans-protagonista-campanha-magneti-marelli\/#breadcrumb","itemListElement":[{"@type":"ListItem","position":1,"name":"In\u00edcio","item":"https:\/\/jornaldasoficinas.com\/pt\/"},{"@type":"ListItem","position":2,"name":"Vencedor 24 Horas Le Mans protagonista campanha Magneti Marelli"}]},{"@type":"WebSite","@id":"https:\/\/jornaldasoficinas.com\/pt\/#website","url":"https:\/\/jornaldasoficinas.com\/pt\/","name":"Jornal das Oficinas","description":"Jornal independente do Aftermarket Autom\u00f3vel em Portugal","publisher":{"@id":"https:\/\/jornaldasoficinas.com\/pt\/#organization"},"potentialAction":[{"@type":"SearchAction","target":{"@type":"EntryPoint","urlTemplate":"https:\/\/jornaldasoficinas.com\/pt\/?s={search_term_string}"},"query-input":{"@type":"PropertyValueSpecification","valueRequired":true,"valueName":"search_term_string"}}],"inLanguage":"pt-PT"},{"@type":"Organization","@id":"https:\/\/jornaldasoficinas.com\/pt\/#organization","name":"Jornal das Oficinas","url":"https:\/\/jornaldasoficinas.com\/pt\/","logo":{"@type":"ImageObject","inLanguage":"pt-PT","@id":"https:\/\/jornaldasoficinas.com\/pt\/#\/schema\/logo\/image\/","url":"https:\/\/jornaldasoficinas.com\/pt\/wp-content\/uploads\/logoJO-SEO.png","contentUrl":"https:\/\/jornaldasoficinas.com\/pt\/wp-content\/uploads\/logoJO-SEO.png","width":285,"height":450,"caption":"Jornal das Oficinas"},"image":{"@id":"https:\/\/jornaldasoficinas.com\/pt\/#\/schema\/logo\/image\/"},"sameAs":["https:\/\/www.facebook.com\/jornaloficinas","https:\/\/x.com\/jornaloficinas","https:\/\/www.instagram.com\/jornal_oficinas\/","https:\/\/www.linkedin.com\/company\/jornal-das-oficinas\/","https:\/\/www.youtube.com\/channel\/UCbQZBqtcvV-oSQrr7RzINGg"]},{"@type":"Person","@id":"https:\/\/jornaldasoficinas.com\/pt\/#\/schema\/person\/a38eef5de2c41d9e7c9ac10141afddf3","name":"Reda\u00e7\u00e3o JO","image":{"@type":"ImageObject","inLanguage":"pt-PT","@id":"https:\/\/secure.gravatar.com\/avatar\/71f2fa71737ad68a84fea94bc708ddac8ea5b0c4788dc2ad202f3ccb2887742f?s=96&d=wp_user_avatar&r=g","url":"https:\/\/secure.gravatar.com\/avatar\/71f2fa71737ad68a84fea94bc708ddac8ea5b0c4788dc2ad202f3ccb2887742f?s=96&d=wp_user_avatar&r=g","contentUrl":"https:\/\/secure.gravatar.com\/avatar\/71f2fa71737ad68a84fea94bc708ddac8ea5b0c4788dc2ad202f3ccb2887742f?s=96&d=wp_user_avatar&r=g","caption":"Reda\u00e7\u00e3o JO"},"url":"https:\/\/jornaldasoficinas.com\/pt\/author\/joredacao\/"}]}},"_links":{"self":[{"href":"https:\/\/jornaldasoficinas.com\/pt\/wp-json\/wp\/v2\/posts\/71689","targetHints":{"allow":["GET"]}}],"collection":[{"href":"https:\/\/jornaldasoficinas.com\/pt\/wp-json\/wp\/v2\/posts"}],"about":[{"href":"https:\/\/jornaldasoficinas.com\/pt\/wp-json\/wp\/v2\/types\/post"}],"author":[{"embeddable":true,"href":"https:\/\/jornaldasoficinas.com\/pt\/wp-json\/wp\/v2\/users\/15"}],"replies":[{"embeddable":true,"href":"https:\/\/jornaldasoficinas.com\/pt\/wp-json\/wp\/v2\/comments?post=71689"}],"version-history":[{"count":0,"href":"https:\/\/jornaldasoficinas.com\/pt\/wp-json\/wp\/v2\/posts\/71689\/revisions"}],"wp:featuredmedia":[{"embeddable":true,"href":"https:\/\/jornaldasoficinas.com\/pt\/wp-json\/wp\/v2\/media\/71671"}],"wp:attachment":[{"href":"https:\/\/jornaldasoficinas.com\/pt\/wp-json\/wp\/v2\/media?parent=71689"}],"wp:term":[{"taxonomy":"category","embeddable":true,"href":"https:\/\/jornaldasoficinas.com\/pt\/wp-json\/wp\/v2\/categories?post=71689"},{"taxonomy":"post_tag","embeddable":true,"href":"https:\/\/jornaldasoficinas.com\/pt\/wp-json\/wp\/v2\/tags?post=71689"}],"curies":[{"name":"wp","href":"https:\/\/api.w.org\/{rel}","templated":true}]}}