{"id":71847,"date":"2023-09-11T18:00:54","date_gmt":"2023-09-11T17:00:54","guid":{"rendered":"https:\/\/jornaldasoficinas.com\/pt\/?p=71847"},"modified":"2023-09-11T14:19:06","modified_gmt":"2023-09-11T13:19:06","slug":"indasa-lanca-nova-linha-de-ferramentas-e-series-pro-x","status":"publish","type":"post","link":"https:\/\/jornaldasoficinas.com\/pt\/indasa-lanca-nova-linha-de-ferramentas-e-series-pro-x\/","title":{"rendered":"INDASA lan\u00e7a nova linha de ferramentas E-Series PRO X"},"content":{"rendered":"<p><img loading=\"lazy\" decoding=\"async\" class=\"alignnone size-full wp-image-71833\" src=\"https:\/\/jornaldasoficinas.com\/pt\/wp-content\/uploads\/2023\/09\/INDASA-lanca-nova-linha.jpg\" alt=\"09 - INDASA lanca nova linha\" width=\"1024\" height=\"581\" srcset=\"https:\/\/jornaldasoficinas.com\/pt\/wp-content\/uploads\/2023\/09\/INDASA-lanca-nova-linha.jpg 1024w, https:\/\/jornaldasoficinas.com\/pt\/wp-content\/uploads\/2023\/09\/INDASA-lanca-nova-linha-300x170.jpg 300w, https:\/\/jornaldasoficinas.com\/pt\/wp-content\/uploads\/2023\/09\/INDASA-lanca-nova-linha-150x85.jpg 150w, https:\/\/jornaldasoficinas.com\/pt\/wp-content\/uploads\/2023\/09\/INDASA-lanca-nova-linha-768x436.jpg 768w\" sizes=\"auto, (max-width: 1024px) 100vw, 1024px\" \/><\/p>\n<p><strong>O <a href=\"https:\/\/www.indasa-abrasives.com\/global\/pt\" target=\"_blank\" rel=\"noopener\">Grupo INDASA<\/a> lan\u00e7ou a sua nova gama de ferramentas profissionais E-Series PRO X, que acrescenta uma nova dimens\u00e3o aos processos de lixagem e polimento<\/strong><\/p>\n<p>A nova linha de ferramentas PRO X foi desenvolvida a pensar no acabamento perfeito, sempre. A tecnologia inovadora e a constru\u00e7\u00e3o robusta combinam para maximizar o rendimento de lixagem.<\/p>\n<p>Constru\u00edda com foco na efici\u00eancia e precis\u00e3o, esta linha de ferramentas de \u00faltima gera\u00e7\u00e3o foi criada para ajudar o profissional a elevar o seu trabalho para n\u00edveis de excel\u00eancia.<\/p>\n<p>Cada ferramenta constante na gama PRO X representa o compromisso da INDASA para com o rendimento superior. Meticulosamente desenhadas e testadas, estas ferramentas apresentam for\u00e7a, precis\u00e3o e durabilidade \u2013 caracter\u00edsticas indispens\u00e1veis para atingir resultados superiores.<\/p>\n<p>Nas palavras de Andrew Tindall (Diretor Comercial do Grupo INDASA), \u201creconhecemos que em muitos casos a responsabilidade da prepara\u00e7\u00e3o de superf\u00edcies reca\u00ed no profissional que ir\u00e1 levar o processo at\u00e9 ao acabamento, por isso, oferecer os melhores equipamentos \u00e9 absolutamente essencial. N\u00e3o estamos apenas a introduzir ferramentas no mercado, estamos sim a oferecer um novo padr\u00e3o de excel\u00eancia no qual os profissionais podem confiar.\u201d<\/p>\n<p>A gama PRO X pretende redefinir a forma como os profissionais abordam os seus projetos. Caracter\u00edsticas inovadores, controlos intuitivos e desenhos ergon\u00f3micos permitem facilitar processos e minimizar o tempo perdido, otimizando assim a efici\u00eancia da repara\u00e7\u00e3o:<\/p>\n<p><strong>Lixadora E-Series PRO XS 150-3\/5<br \/>\n<\/strong>Lixadora com alta pot\u00eancia, baixa manuten\u00e7\u00e3o e motor sem escovas de 400W (dispon\u00edvel com \u00f3rbitas de 3 mm e 5 mm).<\/p>\n<p>\u25aa Design ergon\u00f3mico \u2013 garante um manuseamento f\u00e1cil e confort\u00e1vel<br \/>\n\u25aa Regulador de velocidade mec\u00e2nico \u2013 velocidade constante e control\u00e1vel<br \/>\n\u25aa Trav\u00e3o de suporte \u2013 Protege o operador e o substrato<\/p>\n<p><strong>Polidora E-Series PRO XP 125-15<br \/>\n<\/strong>Polidora com a\u00e7\u00e3o roto-orbital, que proporciona um acabamento sem hologramas<\/p>\n<p>\u25aa Design ergon\u00f3mico em borracha \u2013 m\u00e1ximo conforto<br \/>\n\u25aa Arranque progressivo com controlo de gatilho \u2013 aplica\u00e7\u00e3o suave<br \/>\n\u25aa Indica\u00e7\u00e3o vis\u00edvel das RPM \u2013 identifica a velocidade adequada<\/p>\n<p><strong>E-Series PRO X Smart Repair Kit:<br \/>\n<\/strong>M\u00e1quina multi-fun\u00e7\u00f5es, ideal para lixagem e polimento de precis\u00e3o.<\/p>\n<p>\u25aaFerramenta sem fios \u2013 leve e port\u00e1til<br \/>\n\u25aaSistema \u201cQuick Change\u201d \u2013 Permite alterar entre a\u00e7\u00e3o rotativa e roto-orbital<br \/>\n\u25aaIndicador LED de velocidade \u2013 Mostra diferentes n\u00edveis de trabalho<\/p>\n<p>Convidado a comentar, Humberto Pl\u00e1cido (Respons\u00e1vel pela Assist\u00eancia T\u00e9cnica do Grupo INDASA) afirma que \u201cAs PRO X ser\u00e3o um divisor de \u00e1guas. Com as suas caracter\u00edsticas inovadoras, rendimento sem compara\u00e7\u00e3o e dedica\u00e7\u00e3o \u00e0 qualidade, esta gama n\u00e3o s\u00f3 ir\u00e1 ao encontro das necessidades, como ainda elevar\u00e1 o desempenho do operador.\u201d<\/p>\n<p>As ferramentas da nova gama PRO X j\u00e1 est\u00e3o dispon\u00edveis no mercado e pode saber mais sobre a gama <a href=\"http:\/\/www.indasa-abrasives.com\" target=\"_blank\" rel=\"noopener\">aqui<\/a>.<\/p>\n<p><img loading=\"lazy\" decoding=\"async\" class=\"alignnone size-full wp-image-71831\" src=\"https:\/\/jornaldasoficinas.com\/pt\/wp-content\/uploads\/2023\/09\/INDASA-lanca-nova-linha1.jpg\" alt=\"09 - INDASA lanca nova linha1\" width=\"1024\" height=\"581\" srcset=\"https:\/\/jornaldasoficinas.com\/pt\/wp-content\/uploads\/2023\/09\/INDASA-lanca-nova-linha1.jpg 1024w, https:\/\/jornaldasoficinas.com\/pt\/wp-content\/uploads\/2023\/09\/INDASA-lanca-nova-linha1-300x170.jpg 300w, https:\/\/jornaldasoficinas.com\/pt\/wp-content\/uploads\/2023\/09\/INDASA-lanca-nova-linha1-150x85.jpg 150w, https:\/\/jornaldasoficinas.com\/pt\/wp-content\/uploads\/2023\/09\/INDASA-lanca-nova-linha1-768x436.jpg 768w\" sizes=\"auto, (max-width: 1024px) 100vw, 1024px\" \/><\/p>\n<p><img loading=\"lazy\" decoding=\"async\" class=\"alignnone size-full wp-image-71832\" src=\"https:\/\/jornaldasoficinas.com\/pt\/wp-content\/uploads\/2023\/09\/INDASA-lanca-nova-linha2.jpg\" alt=\"09 - INDASA lanca nova linha2\" width=\"1024\" height=\"581\" srcset=\"https:\/\/jornaldasoficinas.com\/pt\/wp-content\/uploads\/2023\/09\/INDASA-lanca-nova-linha2.jpg 1024w, https:\/\/jornaldasoficinas.com\/pt\/wp-content\/uploads\/2023\/09\/INDASA-lanca-nova-linha2-300x170.jpg 300w, https:\/\/jornaldasoficinas.com\/pt\/wp-content\/uploads\/2023\/09\/INDASA-lanca-nova-linha2-150x85.jpg 150w, https:\/\/jornaldasoficinas.com\/pt\/wp-content\/uploads\/2023\/09\/INDASA-lanca-nova-linha2-768x436.jpg 768w\" sizes=\"auto, (max-width: 1024px) 100vw, 1024px\" \/><\/p>\n<p><img loading=\"lazy\" decoding=\"async\" class=\"alignnone size-full wp-image-71835\" src=\"https:\/\/jornaldasoficinas.com\/pt\/wp-content\/uploads\/2023\/09\/INDASA-lanca-nova-linha3.jpg\" alt=\"09 - INDASA lanca nova linha3\" width=\"1024\" height=\"581\" srcset=\"https:\/\/jornaldasoficinas.com\/pt\/wp-content\/uploads\/2023\/09\/INDASA-lanca-nova-linha3.jpg 1024w, https:\/\/jornaldasoficinas.com\/pt\/wp-content\/uploads\/2023\/09\/INDASA-lanca-nova-linha3-300x170.jpg 300w, https:\/\/jornaldasoficinas.com\/pt\/wp-content\/uploads\/2023\/09\/INDASA-lanca-nova-linha3-150x85.jpg 150w, https:\/\/jornaldasoficinas.com\/pt\/wp-content\/uploads\/2023\/09\/INDASA-lanca-nova-linha3-768x436.jpg 768w\" sizes=\"auto, (max-width: 1024px) 100vw, 1024px\" \/><\/p>\n<p><img loading=\"lazy\" decoding=\"async\" class=\"alignnone size-full wp-image-71834\" src=\"https:\/\/jornaldasoficinas.com\/pt\/wp-content\/uploads\/2023\/09\/INDASA-lanca-nova-linha4.jpg\" alt=\"09 - INDASA lanca nova linha4\" width=\"1024\" height=\"581\" srcset=\"https:\/\/jornaldasoficinas.com\/pt\/wp-content\/uploads\/2023\/09\/INDASA-lanca-nova-linha4.jpg 1024w, https:\/\/jornaldasoficinas.com\/pt\/wp-content\/uploads\/2023\/09\/INDASA-lanca-nova-linha4-300x170.jpg 300w, https:\/\/jornaldasoficinas.com\/pt\/wp-content\/uploads\/2023\/09\/INDASA-lanca-nova-linha4-150x85.jpg 150w, https:\/\/jornaldasoficinas.com\/pt\/wp-content\/uploads\/2023\/09\/INDASA-lanca-nova-linha4-768x436.jpg 768w\" sizes=\"auto, (max-width: 1024px) 100vw, 1024px\" \/><\/p>\n","protected":false},"excerpt":{"rendered":"<p>O Grupo INDASA lan\u00e7ou a sua&#8230;<\/p>\n","protected":false},"author":15,"featured_media":71833,"comment_status":"closed","ping_status":"closed","sticky":false,"template":"","format":"standard","meta":{"footnotes":""},"categories":[2],"tags":[6171,6172,423],"class_list":["post-71847","post","type-post","status-publish","format-standard","has-post-thumbnail","hentry","category-repintura","tag-e-series-pro-x","tag-grupo-indasa","tag-indasa"],"yoast_head":"<!-- This site is optimized with the Yoast SEO plugin v27.5 - https:\/\/yoast.com\/product\/yoast-seo-wordpress\/ -->\n<title>INDASA lan\u00e7a nova linha de ferramentas E-Series PRO X - Jornal das Oficinas<\/title>\n<meta name=\"description\" content=\"O Grupo INDASA lan\u00e7ou a sua nova gama de ferramentas profissionais E-Series PRO X, que acrescenta uma nova dimens\u00e3o aos processos de lixagem e polimento\" \/>\n<meta name=\"robots\" content=\"index, follow, max-snippet:-1, max-image-preview:large, max-video-preview:-1\" \/>\n<link rel=\"canonical\" href=\"https:\/\/jornaldasoficinas.com\/pt\/indasa-lanca-nova-linha-de-ferramentas-e-series-pro-x\/\" \/>\n<meta property=\"og:locale\" content=\"pt_PT\" \/>\n<meta property=\"og:type\" content=\"article\" \/>\n<meta property=\"og:title\" content=\"INDASA lan\u00e7a nova linha de ferramentas E-Series PRO X - Jornal das Oficinas\" \/>\n<meta property=\"og:description\" content=\"O Grupo INDASA lan\u00e7ou a sua nova gama de ferramentas profissionais E-Series PRO X, que acrescenta uma nova dimens\u00e3o aos processos de lixagem e polimento\" \/>\n<meta property=\"og:url\" content=\"https:\/\/jornaldasoficinas.com\/pt\/indasa-lanca-nova-linha-de-ferramentas-e-series-pro-x\/\" \/>\n<meta property=\"og:site_name\" content=\"Jornal das Oficinas\" \/>\n<meta property=\"article:publisher\" content=\"https:\/\/www.facebook.com\/jornaloficinas\" \/>\n<meta property=\"article:published_time\" content=\"2023-09-11T17:00:54+00:00\" \/>\n<meta property=\"og:image\" content=\"https:\/\/jornaldasoficinas.com\/pt\/wp-content\/uploads\/2023\/09\/INDASA-lanca-nova-linha.jpg\" \/>\n\t<meta property=\"og:image:width\" content=\"1024\" \/>\n\t<meta property=\"og:image:height\" content=\"581\" \/>\n\t<meta property=\"og:image:type\" content=\"image\/jpeg\" \/>\n<meta name=\"author\" content=\"Reda\u00e7\u00e3o JO\" \/>\n<meta name=\"twitter:card\" content=\"summary_large_image\" \/>\n<meta name=\"twitter:creator\" content=\"@jornaloficinas\" \/>\n<meta name=\"twitter:site\" content=\"@jornaloficinas\" \/>\n<meta name=\"twitter:label1\" content=\"Escrito por\" \/>\n\t<meta name=\"twitter:data1\" content=\"Reda\u00e7\u00e3o JO\" \/>\n\t<meta name=\"twitter:label2\" content=\"Tempo estimado de leitura\" \/>\n\t<meta name=\"twitter:data2\" content=\"4 minutos\" \/>\n<script type=\"application\/ld+json\" class=\"yoast-schema-graph\">{\"@context\":\"https:\\\/\\\/schema.org\",\"@graph\":[{\"@type\":\"Article\",\"@id\":\"https:\\\/\\\/jornaldasoficinas.com\\\/pt\\\/indasa-lanca-nova-linha-de-ferramentas-e-series-pro-x\\\/#article\",\"isPartOf\":{\"@id\":\"https:\\\/\\\/jornaldasoficinas.com\\\/pt\\\/indasa-lanca-nova-linha-de-ferramentas-e-series-pro-x\\\/\"},\"author\":{\"name\":\"Reda\u00e7\u00e3o JO\",\"@id\":\"https:\\\/\\\/jornaldasoficinas.com\\\/pt\\\/#\\\/schema\\\/person\\\/a38eef5de2c41d9e7c9ac10141afddf3\"},\"headline\":\"INDASA lan\u00e7a nova linha de ferramentas E-Series PRO X\",\"datePublished\":\"2023-09-11T17:00:54+00:00\",\"mainEntityOfPage\":{\"@id\":\"https:\\\/\\\/jornaldasoficinas.com\\\/pt\\\/indasa-lanca-nova-linha-de-ferramentas-e-series-pro-x\\\/\"},\"wordCount\":475,\"publisher\":{\"@id\":\"https:\\\/\\\/jornaldasoficinas.com\\\/pt\\\/#organization\"},\"image\":{\"@id\":\"https:\\\/\\\/jornaldasoficinas.com\\\/pt\\\/indasa-lanca-nova-linha-de-ferramentas-e-series-pro-x\\\/#primaryimage\"},\"thumbnailUrl\":\"https:\\\/\\\/jornaldasoficinas.com\\\/pt\\\/wp-content\\\/uploads\\\/2023\\\/09\\\/INDASA-lanca-nova-linha.jpg\",\"keywords\":[\"E-Series PRO X\",\"Grupo Indasa\",\"Indasa\"],\"articleSection\":[\"Repintura\"],\"inLanguage\":\"pt-PT\"},{\"@type\":\"WebPage\",\"@id\":\"https:\\\/\\\/jornaldasoficinas.com\\\/pt\\\/indasa-lanca-nova-linha-de-ferramentas-e-series-pro-x\\\/\",\"url\":\"https:\\\/\\\/jornaldasoficinas.com\\\/pt\\\/indasa-lanca-nova-linha-de-ferramentas-e-series-pro-x\\\/\",\"name\":\"INDASA lan\u00e7a nova linha de ferramentas E-Series PRO X - Jornal das Oficinas\",\"isPartOf\":{\"@id\":\"https:\\\/\\\/jornaldasoficinas.com\\\/pt\\\/#website\"},\"primaryImageOfPage\":{\"@id\":\"https:\\\/\\\/jornaldasoficinas.com\\\/pt\\\/indasa-lanca-nova-linha-de-ferramentas-e-series-pro-x\\\/#primaryimage\"},\"image\":{\"@id\":\"https:\\\/\\\/jornaldasoficinas.com\\\/pt\\\/indasa-lanca-nova-linha-de-ferramentas-e-series-pro-x\\\/#primaryimage\"},\"thumbnailUrl\":\"https:\\\/\\\/jornaldasoficinas.com\\\/pt\\\/wp-content\\\/uploads\\\/2023\\\/09\\\/INDASA-lanca-nova-linha.jpg\",\"datePublished\":\"2023-09-11T17:00:54+00:00\",\"description\":\"O Grupo INDASA lan\u00e7ou a sua nova gama de ferramentas profissionais E-Series PRO X, que acrescenta uma nova dimens\u00e3o aos processos de lixagem e polimento\",\"breadcrumb\":{\"@id\":\"https:\\\/\\\/jornaldasoficinas.com\\\/pt\\\/indasa-lanca-nova-linha-de-ferramentas-e-series-pro-x\\\/#breadcrumb\"},\"inLanguage\":\"pt-PT\",\"potentialAction\":[{\"@type\":\"ReadAction\",\"target\":[\"https:\\\/\\\/jornaldasoficinas.com\\\/pt\\\/indasa-lanca-nova-linha-de-ferramentas-e-series-pro-x\\\/\"]}]},{\"@type\":\"ImageObject\",\"inLanguage\":\"pt-PT\",\"@id\":\"https:\\\/\\\/jornaldasoficinas.com\\\/pt\\\/indasa-lanca-nova-linha-de-ferramentas-e-series-pro-x\\\/#primaryimage\",\"url\":\"https:\\\/\\\/jornaldasoficinas.com\\\/pt\\\/wp-content\\\/uploads\\\/2023\\\/09\\\/INDASA-lanca-nova-linha.jpg\",\"contentUrl\":\"https:\\\/\\\/jornaldasoficinas.com\\\/pt\\\/wp-content\\\/uploads\\\/2023\\\/09\\\/INDASA-lanca-nova-linha.jpg\",\"width\":1024,\"height\":581,\"caption\":\"09 - INDASA lanca nova linha\"},{\"@type\":\"BreadcrumbList\",\"@id\":\"https:\\\/\\\/jornaldasoficinas.com\\\/pt\\\/indasa-lanca-nova-linha-de-ferramentas-e-series-pro-x\\\/#breadcrumb\",\"itemListElement\":[{\"@type\":\"ListItem\",\"position\":1,\"name\":\"In\u00edcio\",\"item\":\"https:\\\/\\\/jornaldasoficinas.com\\\/pt\\\/\"},{\"@type\":\"ListItem\",\"position\":2,\"name\":\"INDASA lan\u00e7a nova linha de ferramentas E-Series PRO X\"}]},{\"@type\":\"WebSite\",\"@id\":\"https:\\\/\\\/jornaldasoficinas.com\\\/pt\\\/#website\",\"url\":\"https:\\\/\\\/jornaldasoficinas.com\\\/pt\\\/\",\"name\":\"Jornal das Oficinas\",\"description\":\"Jornal independente do Aftermarket Autom\u00f3vel em Portugal\",\"publisher\":{\"@id\":\"https:\\\/\\\/jornaldasoficinas.com\\\/pt\\\/#organization\"},\"potentialAction\":[{\"@type\":\"SearchAction\",\"target\":{\"@type\":\"EntryPoint\",\"urlTemplate\":\"https:\\\/\\\/jornaldasoficinas.com\\\/pt\\\/?s={search_term_string}\"},\"query-input\":{\"@type\":\"PropertyValueSpecification\",\"valueRequired\":true,\"valueName\":\"search_term_string\"}}],\"inLanguage\":\"pt-PT\"},{\"@type\":\"Organization\",\"@id\":\"https:\\\/\\\/jornaldasoficinas.com\\\/pt\\\/#organization\",\"name\":\"Jornal das Oficinas\",\"url\":\"https:\\\/\\\/jornaldasoficinas.com\\\/pt\\\/\",\"logo\":{\"@type\":\"ImageObject\",\"inLanguage\":\"pt-PT\",\"@id\":\"https:\\\/\\\/jornaldasoficinas.com\\\/pt\\\/#\\\/schema\\\/logo\\\/image\\\/\",\"url\":\"https:\\\/\\\/jornaldasoficinas.com\\\/pt\\\/wp-content\\\/uploads\\\/logoJO-SEO.png\",\"contentUrl\":\"https:\\\/\\\/jornaldasoficinas.com\\\/pt\\\/wp-content\\\/uploads\\\/logoJO-SEO.png\",\"width\":285,\"height\":450,\"caption\":\"Jornal das Oficinas\"},\"image\":{\"@id\":\"https:\\\/\\\/jornaldasoficinas.com\\\/pt\\\/#\\\/schema\\\/logo\\\/image\\\/\"},\"sameAs\":[\"https:\\\/\\\/www.facebook.com\\\/jornaloficinas\",\"https:\\\/\\\/x.com\\\/jornaloficinas\",\"https:\\\/\\\/www.instagram.com\\\/jornal_oficinas\\\/\",\"https:\\\/\\\/www.linkedin.com\\\/company\\\/jornal-das-oficinas\\\/\",\"https:\\\/\\\/www.youtube.com\\\/channel\\\/UCbQZBqtcvV-oSQrr7RzINGg\"]},{\"@type\":\"Person\",\"@id\":\"https:\\\/\\\/jornaldasoficinas.com\\\/pt\\\/#\\\/schema\\\/person\\\/a38eef5de2c41d9e7c9ac10141afddf3\",\"name\":\"Reda\u00e7\u00e3o JO\",\"image\":{\"@type\":\"ImageObject\",\"inLanguage\":\"pt-PT\",\"@id\":\"https:\\\/\\\/secure.gravatar.com\\\/avatar\\\/71f2fa71737ad68a84fea94bc708ddac8ea5b0c4788dc2ad202f3ccb2887742f?s=96&d=wp_user_avatar&r=g\",\"url\":\"https:\\\/\\\/secure.gravatar.com\\\/avatar\\\/71f2fa71737ad68a84fea94bc708ddac8ea5b0c4788dc2ad202f3ccb2887742f?s=96&d=wp_user_avatar&r=g\",\"contentUrl\":\"https:\\\/\\\/secure.gravatar.com\\\/avatar\\\/71f2fa71737ad68a84fea94bc708ddac8ea5b0c4788dc2ad202f3ccb2887742f?s=96&d=wp_user_avatar&r=g\",\"caption\":\"Reda\u00e7\u00e3o JO\"},\"url\":\"https:\\\/\\\/jornaldasoficinas.com\\\/pt\\\/author\\\/joredacao\\\/\"}]}<\/script>\n<!-- \/ Yoast SEO plugin. -->","yoast_head_json":{"title":"INDASA lan\u00e7a nova linha de ferramentas E-Series PRO X - Jornal das Oficinas","description":"O Grupo INDASA lan\u00e7ou a sua nova gama de ferramentas profissionais E-Series PRO X, que acrescenta uma nova dimens\u00e3o aos processos de lixagem e polimento","robots":{"index":"index","follow":"follow","max-snippet":"max-snippet:-1","max-image-preview":"max-image-preview:large","max-video-preview":"max-video-preview:-1"},"canonical":"https:\/\/jornaldasoficinas.com\/pt\/indasa-lanca-nova-linha-de-ferramentas-e-series-pro-x\/","og_locale":"pt_PT","og_type":"article","og_title":"INDASA lan\u00e7a nova linha de ferramentas E-Series PRO X - Jornal das Oficinas","og_description":"O Grupo INDASA lan\u00e7ou a sua nova gama de ferramentas profissionais E-Series PRO X, que acrescenta uma nova dimens\u00e3o aos processos de lixagem e polimento","og_url":"https:\/\/jornaldasoficinas.com\/pt\/indasa-lanca-nova-linha-de-ferramentas-e-series-pro-x\/","og_site_name":"Jornal das Oficinas","article_publisher":"https:\/\/www.facebook.com\/jornaloficinas","article_published_time":"2023-09-11T17:00:54+00:00","og_image":[{"width":1024,"height":581,"url":"https:\/\/jornaldasoficinas.com\/pt\/wp-content\/uploads\/2023\/09\/INDASA-lanca-nova-linha.jpg","type":"image\/jpeg"}],"author":"Reda\u00e7\u00e3o JO","twitter_card":"summary_large_image","twitter_creator":"@jornaloficinas","twitter_site":"@jornaloficinas","twitter_misc":{"Escrito por":"Reda\u00e7\u00e3o JO","Tempo estimado de leitura":"4 minutos"},"schema":{"@context":"https:\/\/schema.org","@graph":[{"@type":"Article","@id":"https:\/\/jornaldasoficinas.com\/pt\/indasa-lanca-nova-linha-de-ferramentas-e-series-pro-x\/#article","isPartOf":{"@id":"https:\/\/jornaldasoficinas.com\/pt\/indasa-lanca-nova-linha-de-ferramentas-e-series-pro-x\/"},"author":{"name":"Reda\u00e7\u00e3o JO","@id":"https:\/\/jornaldasoficinas.com\/pt\/#\/schema\/person\/a38eef5de2c41d9e7c9ac10141afddf3"},"headline":"INDASA lan\u00e7a nova linha de ferramentas E-Series PRO X","datePublished":"2023-09-11T17:00:54+00:00","mainEntityOfPage":{"@id":"https:\/\/jornaldasoficinas.com\/pt\/indasa-lanca-nova-linha-de-ferramentas-e-series-pro-x\/"},"wordCount":475,"publisher":{"@id":"https:\/\/jornaldasoficinas.com\/pt\/#organization"},"image":{"@id":"https:\/\/jornaldasoficinas.com\/pt\/indasa-lanca-nova-linha-de-ferramentas-e-series-pro-x\/#primaryimage"},"thumbnailUrl":"https:\/\/jornaldasoficinas.com\/pt\/wp-content\/uploads\/2023\/09\/INDASA-lanca-nova-linha.jpg","keywords":["E-Series PRO X","Grupo Indasa","Indasa"],"articleSection":["Repintura"],"inLanguage":"pt-PT"},{"@type":"WebPage","@id":"https:\/\/jornaldasoficinas.com\/pt\/indasa-lanca-nova-linha-de-ferramentas-e-series-pro-x\/","url":"https:\/\/jornaldasoficinas.com\/pt\/indasa-lanca-nova-linha-de-ferramentas-e-series-pro-x\/","name":"INDASA lan\u00e7a nova linha de ferramentas E-Series PRO X - Jornal das Oficinas","isPartOf":{"@id":"https:\/\/jornaldasoficinas.com\/pt\/#website"},"primaryImageOfPage":{"@id":"https:\/\/jornaldasoficinas.com\/pt\/indasa-lanca-nova-linha-de-ferramentas-e-series-pro-x\/#primaryimage"},"image":{"@id":"https:\/\/jornaldasoficinas.com\/pt\/indasa-lanca-nova-linha-de-ferramentas-e-series-pro-x\/#primaryimage"},"thumbnailUrl":"https:\/\/jornaldasoficinas.com\/pt\/wp-content\/uploads\/2023\/09\/INDASA-lanca-nova-linha.jpg","datePublished":"2023-09-11T17:00:54+00:00","description":"O Grupo INDASA lan\u00e7ou a sua nova gama de ferramentas profissionais E-Series PRO X, que acrescenta uma nova dimens\u00e3o aos processos de lixagem e polimento","breadcrumb":{"@id":"https:\/\/jornaldasoficinas.com\/pt\/indasa-lanca-nova-linha-de-ferramentas-e-series-pro-x\/#breadcrumb"},"inLanguage":"pt-PT","potentialAction":[{"@type":"ReadAction","target":["https:\/\/jornaldasoficinas.com\/pt\/indasa-lanca-nova-linha-de-ferramentas-e-series-pro-x\/"]}]},{"@type":"ImageObject","inLanguage":"pt-PT","@id":"https:\/\/jornaldasoficinas.com\/pt\/indasa-lanca-nova-linha-de-ferramentas-e-series-pro-x\/#primaryimage","url":"https:\/\/jornaldasoficinas.com\/pt\/wp-content\/uploads\/2023\/09\/INDASA-lanca-nova-linha.jpg","contentUrl":"https:\/\/jornaldasoficinas.com\/pt\/wp-content\/uploads\/2023\/09\/INDASA-lanca-nova-linha.jpg","width":1024,"height":581,"caption":"09 - INDASA lanca nova linha"},{"@type":"BreadcrumbList","@id":"https:\/\/jornaldasoficinas.com\/pt\/indasa-lanca-nova-linha-de-ferramentas-e-series-pro-x\/#breadcrumb","itemListElement":[{"@type":"ListItem","position":1,"name":"In\u00edcio","item":"https:\/\/jornaldasoficinas.com\/pt\/"},{"@type":"ListItem","position":2,"name":"INDASA lan\u00e7a nova linha de ferramentas E-Series PRO X"}]},{"@type":"WebSite","@id":"https:\/\/jornaldasoficinas.com\/pt\/#website","url":"https:\/\/jornaldasoficinas.com\/pt\/","name":"Jornal das Oficinas","description":"Jornal independente do Aftermarket Autom\u00f3vel em Portugal","publisher":{"@id":"https:\/\/jornaldasoficinas.com\/pt\/#organization"},"potentialAction":[{"@type":"SearchAction","target":{"@type":"EntryPoint","urlTemplate":"https:\/\/jornaldasoficinas.com\/pt\/?s={search_term_string}"},"query-input":{"@type":"PropertyValueSpecification","valueRequired":true,"valueName":"search_term_string"}}],"inLanguage":"pt-PT"},{"@type":"Organization","@id":"https:\/\/jornaldasoficinas.com\/pt\/#organization","name":"Jornal das Oficinas","url":"https:\/\/jornaldasoficinas.com\/pt\/","logo":{"@type":"ImageObject","inLanguage":"pt-PT","@id":"https:\/\/jornaldasoficinas.com\/pt\/#\/schema\/logo\/image\/","url":"https:\/\/jornaldasoficinas.com\/pt\/wp-content\/uploads\/logoJO-SEO.png","contentUrl":"https:\/\/jornaldasoficinas.com\/pt\/wp-content\/uploads\/logoJO-SEO.png","width":285,"height":450,"caption":"Jornal das Oficinas"},"image":{"@id":"https:\/\/jornaldasoficinas.com\/pt\/#\/schema\/logo\/image\/"},"sameAs":["https:\/\/www.facebook.com\/jornaloficinas","https:\/\/x.com\/jornaloficinas","https:\/\/www.instagram.com\/jornal_oficinas\/","https:\/\/www.linkedin.com\/company\/jornal-das-oficinas\/","https:\/\/www.youtube.com\/channel\/UCbQZBqtcvV-oSQrr7RzINGg"]},{"@type":"Person","@id":"https:\/\/jornaldasoficinas.com\/pt\/#\/schema\/person\/a38eef5de2c41d9e7c9ac10141afddf3","name":"Reda\u00e7\u00e3o JO","image":{"@type":"ImageObject","inLanguage":"pt-PT","@id":"https:\/\/secure.gravatar.com\/avatar\/71f2fa71737ad68a84fea94bc708ddac8ea5b0c4788dc2ad202f3ccb2887742f?s=96&d=wp_user_avatar&r=g","url":"https:\/\/secure.gravatar.com\/avatar\/71f2fa71737ad68a84fea94bc708ddac8ea5b0c4788dc2ad202f3ccb2887742f?s=96&d=wp_user_avatar&r=g","contentUrl":"https:\/\/secure.gravatar.com\/avatar\/71f2fa71737ad68a84fea94bc708ddac8ea5b0c4788dc2ad202f3ccb2887742f?s=96&d=wp_user_avatar&r=g","caption":"Reda\u00e7\u00e3o JO"},"url":"https:\/\/jornaldasoficinas.com\/pt\/author\/joredacao\/"}]}},"_links":{"self":[{"href":"https:\/\/jornaldasoficinas.com\/pt\/wp-json\/wp\/v2\/posts\/71847","targetHints":{"allow":["GET"]}}],"collection":[{"href":"https:\/\/jornaldasoficinas.com\/pt\/wp-json\/wp\/v2\/posts"}],"about":[{"href":"https:\/\/jornaldasoficinas.com\/pt\/wp-json\/wp\/v2\/types\/post"}],"author":[{"embeddable":true,"href":"https:\/\/jornaldasoficinas.com\/pt\/wp-json\/wp\/v2\/users\/15"}],"replies":[{"embeddable":true,"href":"https:\/\/jornaldasoficinas.com\/pt\/wp-json\/wp\/v2\/comments?post=71847"}],"version-history":[{"count":0,"href":"https:\/\/jornaldasoficinas.com\/pt\/wp-json\/wp\/v2\/posts\/71847\/revisions"}],"wp:featuredmedia":[{"embeddable":true,"href":"https:\/\/jornaldasoficinas.com\/pt\/wp-json\/wp\/v2\/media\/71833"}],"wp:attachment":[{"href":"https:\/\/jornaldasoficinas.com\/pt\/wp-json\/wp\/v2\/media?parent=71847"}],"wp:term":[{"taxonomy":"category","embeddable":true,"href":"https:\/\/jornaldasoficinas.com\/pt\/wp-json\/wp\/v2\/categories?post=71847"},{"taxonomy":"post_tag","embeddable":true,"href":"https:\/\/jornaldasoficinas.com\/pt\/wp-json\/wp\/v2\/tags?post=71847"}],"curies":[{"name":"wp","href":"https:\/\/api.w.org\/{rel}","templated":true}]}}