{"id":72018,"date":"2023-09-15T08:00:41","date_gmt":"2023-09-15T07:00:41","guid":{"rendered":"https:\/\/jornaldasoficinas.com\/pt\/?p=72018"},"modified":"2023-09-14T16:16:45","modified_gmt":"2023-09-14T15:16:45","slug":"presidente-da-denso-anuncia-plano-de-investimento","status":"publish","type":"post","link":"https:\/\/jornaldasoficinas.com\/pt\/presidente-da-denso-anuncia-plano-de-investimento\/","title":{"rendered":"Presidente da DENSO anuncia plano de investimento"},"content":{"rendered":"<p><img loading=\"lazy\" decoding=\"async\" class=\"alignnone size-full wp-image-71955\" src=\"https:\/\/jornaldasoficinas.com\/pt\/wp-content\/uploads\/2023\/09\/Presidente-da-DENSO.png\" alt=\"09 - Presidente da DENSO\" width=\"1024\" height=\"581\" srcset=\"https:\/\/jornaldasoficinas.com\/pt\/wp-content\/uploads\/2023\/09\/Presidente-da-DENSO.png 1024w, https:\/\/jornaldasoficinas.com\/pt\/wp-content\/uploads\/2023\/09\/Presidente-da-DENSO-300x170.png 300w, https:\/\/jornaldasoficinas.com\/pt\/wp-content\/uploads\/2023\/09\/Presidente-da-DENSO-150x85.png 150w, https:\/\/jornaldasoficinas.com\/pt\/wp-content\/uploads\/2023\/09\/Presidente-da-DENSO-768x436.png 768w\" sizes=\"auto, (max-width: 1024px) 100vw, 1024px\" \/><\/p>\n<p><strong>Na sua primeira apari\u00e7\u00e3o p\u00fablica na Europa como Presidente e Diretor de Opera\u00e7\u00f5es da <a href=\"https:\/\/www.denso.com\/pt\/pt\/\" target=\"_blank\" rel=\"noopener\">DENSO<\/a>, \u00a0Shinnosuke Hayashi revelou que a empresa planeia investir 63 mil milh\u00f5es de euros (\u00a510 bili\u00f5es) em investiga\u00e7\u00e3o e desenvolvimento nos pr\u00f3ximos dez anos, em conformidade com o seu objetivo de zero emiss\u00f5es e zero mortes no tr\u00e2nsito no \u00e2mbito da mobilidade e da sociedade<\/strong><\/p>\n<p>Durante um an\u00fancio efectuado na IAA Mobility em Munique, Alemanha, o rec\u00e9m-nomeado Presidente da DENSO destacou o papel da ind\u00fastria autom\u00f3vel em geral no combate \u00e0s emiss\u00f5es de carbono, apelando ao sector para encontrar solu\u00e7\u00f5es de colabora\u00e7\u00e3o para tornar os transportes, no seu conjunto, mais seguros e mais amigos do ambiente.<\/p>\n<p>Segundo Hayashi, empresas como a DENSO t\u00eam o dever de preservar o planeta para as gera\u00e7\u00f5es futuras atrav\u00e9s da cria\u00e7\u00e3o de tecnologias avan\u00e7adas que ultrapassem o duplo desafio da polui\u00e7\u00e3o ambiental e das mortes no tr\u00e2nsito.<\/p>\n<p>Para permitir a crescente mudan\u00e7a para motores el\u00e9ctricos, foi revelado que um pacote significativo de investimento permitiria \u00e0 DENSO desenvolver tecnologias para a eletrifica\u00e7\u00e3o e expandir ainda mais a sua para acomodar as necessidades em evolu\u00e7\u00e3o do ecossistema de mobilidade.<\/p>\n<p>A empresa est\u00e1 a aumentar a sua capacidade de produ\u00e7\u00e3o global e est\u00e1 no bom caminho para produzir cerca de 12 milh\u00f5es de inversores por ano at\u00e9 2025, ao mesmo tempo que consolida as suas compet\u00eancias no dom\u00ednio da produ\u00e7\u00e3o de semicondutores para ve\u00edculos e dos sistemas de gest\u00e3o t\u00e9rmica.<\/p>\n<p>Os avan\u00e7os nestas \u00e1reas apoiar\u00e3o a melhoria da funcionalidade e da autonomia dos ve\u00edculos el\u00e9tricos, abrindo caminho para a eletrifica\u00e7\u00e3o.<\/p>\n<p>Durante o seu discurso, Hayashi reafirmou o compromisso inabal\u00e1vel da DENSO de liderar a ind\u00fastria em termos de neutralidade de carbono. Este compromisso segue-se \u00e0 recente revela\u00e7\u00e3o de planos para alcan\u00e7ar a neutralidade de carbono em toda a toda a cadeia de fornecimento da empresa at\u00e9 2050. Com a obten\u00e7\u00e3o bem sucedida da neutralidade de carbono \u00a0nas suas instala\u00e7\u00f5es no Jap\u00e3o e na Europa, a empresa j\u00e1 est\u00e1 no bom caminho para alcan\u00e7ar a neutralidade operacional de carbono at\u00e9 2035.<\/p>\n","protected":false},"excerpt":{"rendered":"<p>Na sua primeira apari\u00e7\u00e3o p\u00fablica na&#8230;<\/p>\n","protected":false},"author":15,"featured_media":71955,"comment_status":"closed","ping_status":"closed","sticky":false,"template":"","format":"standard","meta":{"footnotes":""},"categories":[29],"tags":[1356,335,6191,3120],"class_list":["post-72018","post","type-post","status-publish","format-standard","has-post-thumbnail","hentry","category-empresas","tag-denso","tag-mobilidade","tag-shinnosuke-hayashi","tag-zero-emissoes"],"yoast_head":"<!-- This site is optimized with the Yoast SEO plugin v27.4 - https:\/\/yoast.com\/product\/yoast-seo-wordpress\/ -->\n<title>Presidente da DENSO anuncia plano de investimento - Jornal das Oficinas<\/title>\n<meta name=\"description\" content=\"O Presidente e Diretor de Opera\u00e7\u00f5es da DENSO, \u00a0Shinnosuke Hayashi revelou que a empresa planeia investir 63 mil milh\u00f5es de euros\" \/>\n<meta name=\"robots\" content=\"index, follow, max-snippet:-1, max-image-preview:large, max-video-preview:-1\" \/>\n<link rel=\"canonical\" href=\"https:\/\/jornaldasoficinas.com\/pt\/presidente-da-denso-anuncia-plano-de-investimento\/\" \/>\n<meta property=\"og:locale\" content=\"pt_PT\" \/>\n<meta property=\"og:type\" content=\"article\" \/>\n<meta property=\"og:title\" content=\"Presidente da DENSO anuncia plano de investimento - Jornal das Oficinas\" \/>\n<meta property=\"og:description\" content=\"O Presidente e Diretor de Opera\u00e7\u00f5es da DENSO, \u00a0Shinnosuke Hayashi revelou que a empresa planeia investir 63 mil milh\u00f5es de euros\" \/>\n<meta property=\"og:url\" content=\"https:\/\/jornaldasoficinas.com\/pt\/presidente-da-denso-anuncia-plano-de-investimento\/\" \/>\n<meta property=\"og:site_name\" content=\"Jornal das Oficinas\" \/>\n<meta property=\"article:publisher\" content=\"https:\/\/www.facebook.com\/jornaloficinas\" \/>\n<meta property=\"article:published_time\" content=\"2023-09-15T07:00:41+00:00\" \/>\n<meta property=\"og:image\" content=\"https:\/\/jornaldasoficinas.com\/pt\/wp-content\/uploads\/2023\/09\/Presidente-da-DENSO.png\" \/>\n\t<meta property=\"og:image:width\" content=\"1024\" \/>\n\t<meta property=\"og:image:height\" content=\"581\" \/>\n\t<meta property=\"og:image:type\" content=\"image\/png\" \/>\n<meta name=\"author\" content=\"Reda\u00e7\u00e3o JO\" \/>\n<meta name=\"twitter:card\" content=\"summary_large_image\" \/>\n<meta name=\"twitter:creator\" content=\"@jornaloficinas\" \/>\n<meta name=\"twitter:site\" content=\"@jornaloficinas\" \/>\n<meta name=\"twitter:label1\" content=\"Escrito por\" \/>\n\t<meta name=\"twitter:data1\" content=\"Reda\u00e7\u00e3o JO\" \/>\n\t<meta name=\"twitter:label2\" content=\"Tempo estimado de leitura\" \/>\n\t<meta name=\"twitter:data2\" content=\"3 minutos\" \/>\n<script type=\"application\/ld+json\" class=\"yoast-schema-graph\">{\"@context\":\"https:\\\/\\\/schema.org\",\"@graph\":[{\"@type\":\"Article\",\"@id\":\"https:\\\/\\\/jornaldasoficinas.com\\\/pt\\\/presidente-da-denso-anuncia-plano-de-investimento\\\/#article\",\"isPartOf\":{\"@id\":\"https:\\\/\\\/jornaldasoficinas.com\\\/pt\\\/presidente-da-denso-anuncia-plano-de-investimento\\\/\"},\"author\":{\"name\":\"Reda\u00e7\u00e3o JO\",\"@id\":\"https:\\\/\\\/jornaldasoficinas.com\\\/pt\\\/#\\\/schema\\\/person\\\/a38eef5de2c41d9e7c9ac10141afddf3\"},\"headline\":\"Presidente da DENSO anuncia plano de investimento\",\"datePublished\":\"2023-09-15T07:00:41+00:00\",\"mainEntityOfPage\":{\"@id\":\"https:\\\/\\\/jornaldasoficinas.com\\\/pt\\\/presidente-da-denso-anuncia-plano-de-investimento\\\/\"},\"wordCount\":383,\"publisher\":{\"@id\":\"https:\\\/\\\/jornaldasoficinas.com\\\/pt\\\/#organization\"},\"image\":{\"@id\":\"https:\\\/\\\/jornaldasoficinas.com\\\/pt\\\/presidente-da-denso-anuncia-plano-de-investimento\\\/#primaryimage\"},\"thumbnailUrl\":\"https:\\\/\\\/jornaldasoficinas.com\\\/pt\\\/wp-content\\\/uploads\\\/2023\\\/09\\\/Presidente-da-DENSO.png\",\"keywords\":[\"Denso\",\"Mobilidade\",\"Shinnosuke Hayashi\",\"Zero emiss\u00f5es\"],\"articleSection\":[\"Empresas\"],\"inLanguage\":\"pt-PT\"},{\"@type\":\"WebPage\",\"@id\":\"https:\\\/\\\/jornaldasoficinas.com\\\/pt\\\/presidente-da-denso-anuncia-plano-de-investimento\\\/\",\"url\":\"https:\\\/\\\/jornaldasoficinas.com\\\/pt\\\/presidente-da-denso-anuncia-plano-de-investimento\\\/\",\"name\":\"Presidente da DENSO anuncia plano de investimento - Jornal das Oficinas\",\"isPartOf\":{\"@id\":\"https:\\\/\\\/jornaldasoficinas.com\\\/pt\\\/#website\"},\"primaryImageOfPage\":{\"@id\":\"https:\\\/\\\/jornaldasoficinas.com\\\/pt\\\/presidente-da-denso-anuncia-plano-de-investimento\\\/#primaryimage\"},\"image\":{\"@id\":\"https:\\\/\\\/jornaldasoficinas.com\\\/pt\\\/presidente-da-denso-anuncia-plano-de-investimento\\\/#primaryimage\"},\"thumbnailUrl\":\"https:\\\/\\\/jornaldasoficinas.com\\\/pt\\\/wp-content\\\/uploads\\\/2023\\\/09\\\/Presidente-da-DENSO.png\",\"datePublished\":\"2023-09-15T07:00:41+00:00\",\"description\":\"O Presidente e Diretor de Opera\u00e7\u00f5es da DENSO, \u00a0Shinnosuke Hayashi revelou que a empresa planeia investir 63 mil milh\u00f5es de euros\",\"breadcrumb\":{\"@id\":\"https:\\\/\\\/jornaldasoficinas.com\\\/pt\\\/presidente-da-denso-anuncia-plano-de-investimento\\\/#breadcrumb\"},\"inLanguage\":\"pt-PT\",\"potentialAction\":[{\"@type\":\"ReadAction\",\"target\":[\"https:\\\/\\\/jornaldasoficinas.com\\\/pt\\\/presidente-da-denso-anuncia-plano-de-investimento\\\/\"]}]},{\"@type\":\"ImageObject\",\"inLanguage\":\"pt-PT\",\"@id\":\"https:\\\/\\\/jornaldasoficinas.com\\\/pt\\\/presidente-da-denso-anuncia-plano-de-investimento\\\/#primaryimage\",\"url\":\"https:\\\/\\\/jornaldasoficinas.com\\\/pt\\\/wp-content\\\/uploads\\\/2023\\\/09\\\/Presidente-da-DENSO.png\",\"contentUrl\":\"https:\\\/\\\/jornaldasoficinas.com\\\/pt\\\/wp-content\\\/uploads\\\/2023\\\/09\\\/Presidente-da-DENSO.png\",\"width\":1024,\"height\":581,\"caption\":\"09 - Presidente da DENSO\"},{\"@type\":\"BreadcrumbList\",\"@id\":\"https:\\\/\\\/jornaldasoficinas.com\\\/pt\\\/presidente-da-denso-anuncia-plano-de-investimento\\\/#breadcrumb\",\"itemListElement\":[{\"@type\":\"ListItem\",\"position\":1,\"name\":\"In\u00edcio\",\"item\":\"https:\\\/\\\/jornaldasoficinas.com\\\/pt\\\/\"},{\"@type\":\"ListItem\",\"position\":2,\"name\":\"Presidente da DENSO anuncia plano de investimento\"}]},{\"@type\":\"WebSite\",\"@id\":\"https:\\\/\\\/jornaldasoficinas.com\\\/pt\\\/#website\",\"url\":\"https:\\\/\\\/jornaldasoficinas.com\\\/pt\\\/\",\"name\":\"Jornal das Oficinas\",\"description\":\"Jornal independente do Aftermarket Autom\u00f3vel em Portugal\",\"publisher\":{\"@id\":\"https:\\\/\\\/jornaldasoficinas.com\\\/pt\\\/#organization\"},\"potentialAction\":[{\"@type\":\"SearchAction\",\"target\":{\"@type\":\"EntryPoint\",\"urlTemplate\":\"https:\\\/\\\/jornaldasoficinas.com\\\/pt\\\/?s={search_term_string}\"},\"query-input\":{\"@type\":\"PropertyValueSpecification\",\"valueRequired\":true,\"valueName\":\"search_term_string\"}}],\"inLanguage\":\"pt-PT\"},{\"@type\":\"Organization\",\"@id\":\"https:\\\/\\\/jornaldasoficinas.com\\\/pt\\\/#organization\",\"name\":\"Jornal das Oficinas\",\"url\":\"https:\\\/\\\/jornaldasoficinas.com\\\/pt\\\/\",\"logo\":{\"@type\":\"ImageObject\",\"inLanguage\":\"pt-PT\",\"@id\":\"https:\\\/\\\/jornaldasoficinas.com\\\/pt\\\/#\\\/schema\\\/logo\\\/image\\\/\",\"url\":\"https:\\\/\\\/jornaldasoficinas.com\\\/pt\\\/wp-content\\\/uploads\\\/logoJO-SEO.png\",\"contentUrl\":\"https:\\\/\\\/jornaldasoficinas.com\\\/pt\\\/wp-content\\\/uploads\\\/logoJO-SEO.png\",\"width\":285,\"height\":450,\"caption\":\"Jornal das Oficinas\"},\"image\":{\"@id\":\"https:\\\/\\\/jornaldasoficinas.com\\\/pt\\\/#\\\/schema\\\/logo\\\/image\\\/\"},\"sameAs\":[\"https:\\\/\\\/www.facebook.com\\\/jornaloficinas\",\"https:\\\/\\\/x.com\\\/jornaloficinas\",\"https:\\\/\\\/www.instagram.com\\\/jornal_oficinas\\\/\",\"https:\\\/\\\/www.linkedin.com\\\/company\\\/jornal-das-oficinas\\\/\",\"https:\\\/\\\/www.youtube.com\\\/channel\\\/UCbQZBqtcvV-oSQrr7RzINGg\"]},{\"@type\":\"Person\",\"@id\":\"https:\\\/\\\/jornaldasoficinas.com\\\/pt\\\/#\\\/schema\\\/person\\\/a38eef5de2c41d9e7c9ac10141afddf3\",\"name\":\"Reda\u00e7\u00e3o JO\",\"image\":{\"@type\":\"ImageObject\",\"inLanguage\":\"pt-PT\",\"@id\":\"https:\\\/\\\/secure.gravatar.com\\\/avatar\\\/71f2fa71737ad68a84fea94bc708ddac8ea5b0c4788dc2ad202f3ccb2887742f?s=96&d=wp_user_avatar&r=g\",\"url\":\"https:\\\/\\\/secure.gravatar.com\\\/avatar\\\/71f2fa71737ad68a84fea94bc708ddac8ea5b0c4788dc2ad202f3ccb2887742f?s=96&d=wp_user_avatar&r=g\",\"contentUrl\":\"https:\\\/\\\/secure.gravatar.com\\\/avatar\\\/71f2fa71737ad68a84fea94bc708ddac8ea5b0c4788dc2ad202f3ccb2887742f?s=96&d=wp_user_avatar&r=g\",\"caption\":\"Reda\u00e7\u00e3o JO\"},\"url\":\"https:\\\/\\\/jornaldasoficinas.com\\\/pt\\\/author\\\/joredacao\\\/\"}]}<\/script>\n<!-- \/ Yoast SEO plugin. -->","yoast_head_json":{"title":"Presidente da DENSO anuncia plano de investimento - Jornal das Oficinas","description":"O Presidente e Diretor de Opera\u00e7\u00f5es da DENSO, \u00a0Shinnosuke Hayashi revelou que a empresa planeia investir 63 mil milh\u00f5es de euros","robots":{"index":"index","follow":"follow","max-snippet":"max-snippet:-1","max-image-preview":"max-image-preview:large","max-video-preview":"max-video-preview:-1"},"canonical":"https:\/\/jornaldasoficinas.com\/pt\/presidente-da-denso-anuncia-plano-de-investimento\/","og_locale":"pt_PT","og_type":"article","og_title":"Presidente da DENSO anuncia plano de investimento - Jornal das Oficinas","og_description":"O Presidente e Diretor de Opera\u00e7\u00f5es da DENSO, \u00a0Shinnosuke Hayashi revelou que a empresa planeia investir 63 mil milh\u00f5es de euros","og_url":"https:\/\/jornaldasoficinas.com\/pt\/presidente-da-denso-anuncia-plano-de-investimento\/","og_site_name":"Jornal das Oficinas","article_publisher":"https:\/\/www.facebook.com\/jornaloficinas","article_published_time":"2023-09-15T07:00:41+00:00","og_image":[{"width":1024,"height":581,"url":"https:\/\/jornaldasoficinas.com\/pt\/wp-content\/uploads\/2023\/09\/Presidente-da-DENSO.png","type":"image\/png"}],"author":"Reda\u00e7\u00e3o JO","twitter_card":"summary_large_image","twitter_creator":"@jornaloficinas","twitter_site":"@jornaloficinas","twitter_misc":{"Escrito por":"Reda\u00e7\u00e3o JO","Tempo estimado de leitura":"3 minutos"},"schema":{"@context":"https:\/\/schema.org","@graph":[{"@type":"Article","@id":"https:\/\/jornaldasoficinas.com\/pt\/presidente-da-denso-anuncia-plano-de-investimento\/#article","isPartOf":{"@id":"https:\/\/jornaldasoficinas.com\/pt\/presidente-da-denso-anuncia-plano-de-investimento\/"},"author":{"name":"Reda\u00e7\u00e3o JO","@id":"https:\/\/jornaldasoficinas.com\/pt\/#\/schema\/person\/a38eef5de2c41d9e7c9ac10141afddf3"},"headline":"Presidente da DENSO anuncia plano de investimento","datePublished":"2023-09-15T07:00:41+00:00","mainEntityOfPage":{"@id":"https:\/\/jornaldasoficinas.com\/pt\/presidente-da-denso-anuncia-plano-de-investimento\/"},"wordCount":383,"publisher":{"@id":"https:\/\/jornaldasoficinas.com\/pt\/#organization"},"image":{"@id":"https:\/\/jornaldasoficinas.com\/pt\/presidente-da-denso-anuncia-plano-de-investimento\/#primaryimage"},"thumbnailUrl":"https:\/\/jornaldasoficinas.com\/pt\/wp-content\/uploads\/2023\/09\/Presidente-da-DENSO.png","keywords":["Denso","Mobilidade","Shinnosuke Hayashi","Zero emiss\u00f5es"],"articleSection":["Empresas"],"inLanguage":"pt-PT"},{"@type":"WebPage","@id":"https:\/\/jornaldasoficinas.com\/pt\/presidente-da-denso-anuncia-plano-de-investimento\/","url":"https:\/\/jornaldasoficinas.com\/pt\/presidente-da-denso-anuncia-plano-de-investimento\/","name":"Presidente da DENSO anuncia plano de investimento - Jornal das Oficinas","isPartOf":{"@id":"https:\/\/jornaldasoficinas.com\/pt\/#website"},"primaryImageOfPage":{"@id":"https:\/\/jornaldasoficinas.com\/pt\/presidente-da-denso-anuncia-plano-de-investimento\/#primaryimage"},"image":{"@id":"https:\/\/jornaldasoficinas.com\/pt\/presidente-da-denso-anuncia-plano-de-investimento\/#primaryimage"},"thumbnailUrl":"https:\/\/jornaldasoficinas.com\/pt\/wp-content\/uploads\/2023\/09\/Presidente-da-DENSO.png","datePublished":"2023-09-15T07:00:41+00:00","description":"O Presidente e Diretor de Opera\u00e7\u00f5es da DENSO, \u00a0Shinnosuke Hayashi revelou que a empresa planeia investir 63 mil milh\u00f5es de euros","breadcrumb":{"@id":"https:\/\/jornaldasoficinas.com\/pt\/presidente-da-denso-anuncia-plano-de-investimento\/#breadcrumb"},"inLanguage":"pt-PT","potentialAction":[{"@type":"ReadAction","target":["https:\/\/jornaldasoficinas.com\/pt\/presidente-da-denso-anuncia-plano-de-investimento\/"]}]},{"@type":"ImageObject","inLanguage":"pt-PT","@id":"https:\/\/jornaldasoficinas.com\/pt\/presidente-da-denso-anuncia-plano-de-investimento\/#primaryimage","url":"https:\/\/jornaldasoficinas.com\/pt\/wp-content\/uploads\/2023\/09\/Presidente-da-DENSO.png","contentUrl":"https:\/\/jornaldasoficinas.com\/pt\/wp-content\/uploads\/2023\/09\/Presidente-da-DENSO.png","width":1024,"height":581,"caption":"09 - Presidente da DENSO"},{"@type":"BreadcrumbList","@id":"https:\/\/jornaldasoficinas.com\/pt\/presidente-da-denso-anuncia-plano-de-investimento\/#breadcrumb","itemListElement":[{"@type":"ListItem","position":1,"name":"In\u00edcio","item":"https:\/\/jornaldasoficinas.com\/pt\/"},{"@type":"ListItem","position":2,"name":"Presidente da DENSO anuncia plano de investimento"}]},{"@type":"WebSite","@id":"https:\/\/jornaldasoficinas.com\/pt\/#website","url":"https:\/\/jornaldasoficinas.com\/pt\/","name":"Jornal das Oficinas","description":"Jornal independente do Aftermarket Autom\u00f3vel em Portugal","publisher":{"@id":"https:\/\/jornaldasoficinas.com\/pt\/#organization"},"potentialAction":[{"@type":"SearchAction","target":{"@type":"EntryPoint","urlTemplate":"https:\/\/jornaldasoficinas.com\/pt\/?s={search_term_string}"},"query-input":{"@type":"PropertyValueSpecification","valueRequired":true,"valueName":"search_term_string"}}],"inLanguage":"pt-PT"},{"@type":"Organization","@id":"https:\/\/jornaldasoficinas.com\/pt\/#organization","name":"Jornal das Oficinas","url":"https:\/\/jornaldasoficinas.com\/pt\/","logo":{"@type":"ImageObject","inLanguage":"pt-PT","@id":"https:\/\/jornaldasoficinas.com\/pt\/#\/schema\/logo\/image\/","url":"https:\/\/jornaldasoficinas.com\/pt\/wp-content\/uploads\/logoJO-SEO.png","contentUrl":"https:\/\/jornaldasoficinas.com\/pt\/wp-content\/uploads\/logoJO-SEO.png","width":285,"height":450,"caption":"Jornal das Oficinas"},"image":{"@id":"https:\/\/jornaldasoficinas.com\/pt\/#\/schema\/logo\/image\/"},"sameAs":["https:\/\/www.facebook.com\/jornaloficinas","https:\/\/x.com\/jornaloficinas","https:\/\/www.instagram.com\/jornal_oficinas\/","https:\/\/www.linkedin.com\/company\/jornal-das-oficinas\/","https:\/\/www.youtube.com\/channel\/UCbQZBqtcvV-oSQrr7RzINGg"]},{"@type":"Person","@id":"https:\/\/jornaldasoficinas.com\/pt\/#\/schema\/person\/a38eef5de2c41d9e7c9ac10141afddf3","name":"Reda\u00e7\u00e3o JO","image":{"@type":"ImageObject","inLanguage":"pt-PT","@id":"https:\/\/secure.gravatar.com\/avatar\/71f2fa71737ad68a84fea94bc708ddac8ea5b0c4788dc2ad202f3ccb2887742f?s=96&d=wp_user_avatar&r=g","url":"https:\/\/secure.gravatar.com\/avatar\/71f2fa71737ad68a84fea94bc708ddac8ea5b0c4788dc2ad202f3ccb2887742f?s=96&d=wp_user_avatar&r=g","contentUrl":"https:\/\/secure.gravatar.com\/avatar\/71f2fa71737ad68a84fea94bc708ddac8ea5b0c4788dc2ad202f3ccb2887742f?s=96&d=wp_user_avatar&r=g","caption":"Reda\u00e7\u00e3o JO"},"url":"https:\/\/jornaldasoficinas.com\/pt\/author\/joredacao\/"}]}},"_links":{"self":[{"href":"https:\/\/jornaldasoficinas.com\/pt\/wp-json\/wp\/v2\/posts\/72018","targetHints":{"allow":["GET"]}}],"collection":[{"href":"https:\/\/jornaldasoficinas.com\/pt\/wp-json\/wp\/v2\/posts"}],"about":[{"href":"https:\/\/jornaldasoficinas.com\/pt\/wp-json\/wp\/v2\/types\/post"}],"author":[{"embeddable":true,"href":"https:\/\/jornaldasoficinas.com\/pt\/wp-json\/wp\/v2\/users\/15"}],"replies":[{"embeddable":true,"href":"https:\/\/jornaldasoficinas.com\/pt\/wp-json\/wp\/v2\/comments?post=72018"}],"version-history":[{"count":0,"href":"https:\/\/jornaldasoficinas.com\/pt\/wp-json\/wp\/v2\/posts\/72018\/revisions"}],"wp:featuredmedia":[{"embeddable":true,"href":"https:\/\/jornaldasoficinas.com\/pt\/wp-json\/wp\/v2\/media\/71955"}],"wp:attachment":[{"href":"https:\/\/jornaldasoficinas.com\/pt\/wp-json\/wp\/v2\/media?parent=72018"}],"wp:term":[{"taxonomy":"category","embeddable":true,"href":"https:\/\/jornaldasoficinas.com\/pt\/wp-json\/wp\/v2\/categories?post=72018"},{"taxonomy":"post_tag","embeddable":true,"href":"https:\/\/jornaldasoficinas.com\/pt\/wp-json\/wp\/v2\/tags?post=72018"}],"curies":[{"name":"wp","href":"https:\/\/api.w.org\/{rel}","templated":true}]}}