{"id":72262,"date":"2023-09-22T12:30:49","date_gmt":"2023-09-22T11:30:49","guid":{"rendered":"https:\/\/jornaldasoficinas.com\/pt\/?p=72262"},"modified":"2023-09-21T15:50:15","modified_gmt":"2023-09-21T14:50:15","slug":"standvirtual-lanca-campanha-360o","status":"publish","type":"post","link":"https:\/\/jornaldasoficinas.com\/pt\/standvirtual-lanca-campanha-360o\/","title":{"rendered":"Standvirtual lan\u00e7a campanha 360\u00ba\u00a0"},"content":{"rendered":"<p><img loading=\"lazy\" decoding=\"async\" class=\"alignnone size-full wp-image-72272\" src=\"https:\/\/jornaldasoficinas.com\/pt\/wp-content\/uploads\/2023\/09\/Standvirtual-lanca-campanha-360o.png\" alt=\"09 - Standvirtual lanca campanha 360o\" width=\"1024\" height=\"581\" srcset=\"https:\/\/jornaldasoficinas.com\/pt\/wp-content\/uploads\/2023\/09\/Standvirtual-lanca-campanha-360o.png 1024w, https:\/\/jornaldasoficinas.com\/pt\/wp-content\/uploads\/2023\/09\/Standvirtual-lanca-campanha-360o-300x170.png 300w, https:\/\/jornaldasoficinas.com\/pt\/wp-content\/uploads\/2023\/09\/Standvirtual-lanca-campanha-360o-150x85.png 150w, https:\/\/jornaldasoficinas.com\/pt\/wp-content\/uploads\/2023\/09\/Standvirtual-lanca-campanha-360o-768x436.png 768w\" sizes=\"auto, (max-width: 1024px) 100vw, 1024px\" \/><\/p>\n<p><strong>O <a href=\"https:\/\/www.standvirtual.com\/\" target=\"_blank\" rel=\"noopener\">Standvirtual<\/a> acaba de lan\u00e7ar uma nova campanha publicit\u00e1ria 360\u00ba. \u201cDeixa-te guiar por quem sabe\u201d \u00e9 o mote da campanha, que \u00e9 marcada por uma forte presen\u00e7a em m\u00faltiplas plataformas, incluindo TV, r\u00e1dio, digital e outdoors e que vai ter destaque ao longo das pr\u00f3ximas semanas<\/strong><\/p>\n<p>Com o objetivo de refor\u00e7ar o seu posicionamento como especialistas no mercado autom\u00f3vel, a campanha do Standvirtual assenta em hist\u00f3rias protagonizadas por autoridades e especialistas de outras \u00e1reas, como m\u00e9dicos ou treinadores. Com humor, a ideia transmitida \u00e9 que a pessoa em quem confiamos, confia no Standvirtual.<\/p>\n<p>O target da campanha \u00e9 alargado a todos os que pretendem comprar carro de forma informada, com a garantia de qualidade e confian\u00e7a, incluindo no entanto abordagens que n\u00e3o passam despercebidas a todos os g\u00e9neros, mas tamb\u00e9m a m\u00e3es e aos jovens. Assinada pela WYcreative, a campanha conta com a produ\u00e7\u00e3o da Aquele Abra\u00e7o e com Plano de Meios delineado pela Mindshare.<\/p>\n<p>\u00abEsta \u00e9 a primeira vez que apostamos numa campanha t\u00e3o focada no Standvirtual enquanto trusted advisor. Apesar de termos uma comunica\u00e7\u00e3o cont\u00ednua atrav\u00e9s dos nossos canais pr\u00f3prios, onde divulgamos periodicamente conte\u00fados e\u00a0as tend\u00eancias do mercado, assim como os dados mais relevantes para profissionais e particulares, raramente utilizamos publicidade para trabalhar esse posicionamento.<\/p>\n<p>Dessa forma, esta campanha \u00e9 uma forte aposta da nossa marca para chegar a um p\u00fablico alargado, que pode confiar no Standvirtual como l\u00edder de mercado\u00bb, comenta Ricardo Cardoso, Marketing Manager do Standvirtual.<\/p>\n","protected":false},"excerpt":{"rendered":"<p>O Standvirtual acaba de lan\u00e7ar uma&#8230;<\/p>\n","protected":false},"author":15,"featured_media":72272,"comment_status":"closed","ping_status":"closed","sticky":false,"template":"","format":"standard","meta":{"footnotes":""},"categories":[29],"tags":[6228,2198],"class_list":["post-72262","post","type-post","status-publish","format-standard","has-post-thumbnail","hentry","category-empresas","tag-campanha-publicitaria-360o","tag-standvirtual"],"yoast_head":"<!-- This site is optimized with the Yoast SEO plugin v27.4 - https:\/\/yoast.com\/product\/yoast-seo-wordpress\/ -->\n<title>Standvirtual lan\u00e7a campanha 360\u00ba\u00a0 - Jornal das Oficinas<\/title>\n<meta name=\"description\" content=\"O Standvirtual acaba de lan\u00e7ar uma nova campanha publicit\u00e1ria 360\u00ba. \u201cDeixa-te guiar por quem sabe\u201d \u00e9 o mote da campanha\" \/>\n<meta name=\"robots\" content=\"index, follow, max-snippet:-1, max-image-preview:large, max-video-preview:-1\" \/>\n<link rel=\"canonical\" href=\"https:\/\/jornaldasoficinas.com\/pt\/standvirtual-lanca-campanha-360o\/\" \/>\n<meta property=\"og:locale\" content=\"pt_PT\" \/>\n<meta property=\"og:type\" content=\"article\" \/>\n<meta property=\"og:title\" content=\"Standvirtual lan\u00e7a campanha 360\u00ba\u00a0 - Jornal das Oficinas\" \/>\n<meta property=\"og:description\" content=\"O Standvirtual acaba de lan\u00e7ar uma nova campanha publicit\u00e1ria 360\u00ba. \u201cDeixa-te guiar por quem sabe\u201d \u00e9 o mote da campanha\" \/>\n<meta property=\"og:url\" content=\"https:\/\/jornaldasoficinas.com\/pt\/standvirtual-lanca-campanha-360o\/\" \/>\n<meta property=\"og:site_name\" content=\"Jornal das Oficinas\" \/>\n<meta property=\"article:publisher\" content=\"https:\/\/www.facebook.com\/jornaloficinas\" \/>\n<meta property=\"article:published_time\" content=\"2023-09-22T11:30:49+00:00\" \/>\n<meta property=\"og:image\" content=\"https:\/\/jornaldasoficinas.com\/pt\/wp-content\/uploads\/2023\/09\/Standvirtual-lanca-campanha-360o.png\" \/>\n\t<meta property=\"og:image:width\" content=\"1024\" \/>\n\t<meta property=\"og:image:height\" content=\"581\" \/>\n\t<meta property=\"og:image:type\" content=\"image\/png\" \/>\n<meta name=\"author\" content=\"Reda\u00e7\u00e3o JO\" \/>\n<meta name=\"twitter:card\" content=\"summary_large_image\" \/>\n<meta name=\"twitter:creator\" content=\"@jornaloficinas\" \/>\n<meta name=\"twitter:site\" content=\"@jornaloficinas\" \/>\n<meta name=\"twitter:label1\" content=\"Escrito por\" \/>\n\t<meta name=\"twitter:data1\" content=\"Reda\u00e7\u00e3o JO\" \/>\n\t<meta name=\"twitter:label2\" content=\"Tempo estimado de leitura\" \/>\n\t<meta name=\"twitter:data2\" content=\"2 minutos\" \/>\n<script type=\"application\/ld+json\" class=\"yoast-schema-graph\">{\"@context\":\"https:\\\/\\\/schema.org\",\"@graph\":[{\"@type\":\"Article\",\"@id\":\"https:\\\/\\\/jornaldasoficinas.com\\\/pt\\\/standvirtual-lanca-campanha-360o\\\/#article\",\"isPartOf\":{\"@id\":\"https:\\\/\\\/jornaldasoficinas.com\\\/pt\\\/standvirtual-lanca-campanha-360o\\\/\"},\"author\":{\"name\":\"Reda\u00e7\u00e3o JO\",\"@id\":\"https:\\\/\\\/jornaldasoficinas.com\\\/pt\\\/#\\\/schema\\\/person\\\/a38eef5de2c41d9e7c9ac10141afddf3\"},\"headline\":\"Standvirtual lan\u00e7a campanha 360\u00ba\u00a0\",\"datePublished\":\"2023-09-22T11:30:49+00:00\",\"mainEntityOfPage\":{\"@id\":\"https:\\\/\\\/jornaldasoficinas.com\\\/pt\\\/standvirtual-lanca-campanha-360o\\\/\"},\"wordCount\":264,\"publisher\":{\"@id\":\"https:\\\/\\\/jornaldasoficinas.com\\\/pt\\\/#organization\"},\"image\":{\"@id\":\"https:\\\/\\\/jornaldasoficinas.com\\\/pt\\\/standvirtual-lanca-campanha-360o\\\/#primaryimage\"},\"thumbnailUrl\":\"https:\\\/\\\/jornaldasoficinas.com\\\/pt\\\/wp-content\\\/uploads\\\/2023\\\/09\\\/Standvirtual-lanca-campanha-360o.png\",\"keywords\":[\"campanha publicit\u00e1ria 360\u00ba\",\"Standvirtual\"],\"articleSection\":[\"Empresas\"],\"inLanguage\":\"pt-PT\"},{\"@type\":\"WebPage\",\"@id\":\"https:\\\/\\\/jornaldasoficinas.com\\\/pt\\\/standvirtual-lanca-campanha-360o\\\/\",\"url\":\"https:\\\/\\\/jornaldasoficinas.com\\\/pt\\\/standvirtual-lanca-campanha-360o\\\/\",\"name\":\"Standvirtual lan\u00e7a campanha 360\u00ba\u00a0 - Jornal das Oficinas\",\"isPartOf\":{\"@id\":\"https:\\\/\\\/jornaldasoficinas.com\\\/pt\\\/#website\"},\"primaryImageOfPage\":{\"@id\":\"https:\\\/\\\/jornaldasoficinas.com\\\/pt\\\/standvirtual-lanca-campanha-360o\\\/#primaryimage\"},\"image\":{\"@id\":\"https:\\\/\\\/jornaldasoficinas.com\\\/pt\\\/standvirtual-lanca-campanha-360o\\\/#primaryimage\"},\"thumbnailUrl\":\"https:\\\/\\\/jornaldasoficinas.com\\\/pt\\\/wp-content\\\/uploads\\\/2023\\\/09\\\/Standvirtual-lanca-campanha-360o.png\",\"datePublished\":\"2023-09-22T11:30:49+00:00\",\"description\":\"O Standvirtual acaba de lan\u00e7ar uma nova campanha publicit\u00e1ria 360\u00ba. \u201cDeixa-te guiar por quem sabe\u201d \u00e9 o mote da campanha\",\"breadcrumb\":{\"@id\":\"https:\\\/\\\/jornaldasoficinas.com\\\/pt\\\/standvirtual-lanca-campanha-360o\\\/#breadcrumb\"},\"inLanguage\":\"pt-PT\",\"potentialAction\":[{\"@type\":\"ReadAction\",\"target\":[\"https:\\\/\\\/jornaldasoficinas.com\\\/pt\\\/standvirtual-lanca-campanha-360o\\\/\"]}]},{\"@type\":\"ImageObject\",\"inLanguage\":\"pt-PT\",\"@id\":\"https:\\\/\\\/jornaldasoficinas.com\\\/pt\\\/standvirtual-lanca-campanha-360o\\\/#primaryimage\",\"url\":\"https:\\\/\\\/jornaldasoficinas.com\\\/pt\\\/wp-content\\\/uploads\\\/2023\\\/09\\\/Standvirtual-lanca-campanha-360o.png\",\"contentUrl\":\"https:\\\/\\\/jornaldasoficinas.com\\\/pt\\\/wp-content\\\/uploads\\\/2023\\\/09\\\/Standvirtual-lanca-campanha-360o.png\",\"width\":1024,\"height\":581,\"caption\":\"09 - Standvirtual lanca campanha 360o\"},{\"@type\":\"BreadcrumbList\",\"@id\":\"https:\\\/\\\/jornaldasoficinas.com\\\/pt\\\/standvirtual-lanca-campanha-360o\\\/#breadcrumb\",\"itemListElement\":[{\"@type\":\"ListItem\",\"position\":1,\"name\":\"In\u00edcio\",\"item\":\"https:\\\/\\\/jornaldasoficinas.com\\\/pt\\\/\"},{\"@type\":\"ListItem\",\"position\":2,\"name\":\"Standvirtual lan\u00e7a campanha 360\u00ba\u00a0\"}]},{\"@type\":\"WebSite\",\"@id\":\"https:\\\/\\\/jornaldasoficinas.com\\\/pt\\\/#website\",\"url\":\"https:\\\/\\\/jornaldasoficinas.com\\\/pt\\\/\",\"name\":\"Jornal das Oficinas\",\"description\":\"Jornal independente do Aftermarket Autom\u00f3vel em Portugal\",\"publisher\":{\"@id\":\"https:\\\/\\\/jornaldasoficinas.com\\\/pt\\\/#organization\"},\"potentialAction\":[{\"@type\":\"SearchAction\",\"target\":{\"@type\":\"EntryPoint\",\"urlTemplate\":\"https:\\\/\\\/jornaldasoficinas.com\\\/pt\\\/?s={search_term_string}\"},\"query-input\":{\"@type\":\"PropertyValueSpecification\",\"valueRequired\":true,\"valueName\":\"search_term_string\"}}],\"inLanguage\":\"pt-PT\"},{\"@type\":\"Organization\",\"@id\":\"https:\\\/\\\/jornaldasoficinas.com\\\/pt\\\/#organization\",\"name\":\"Jornal das Oficinas\",\"url\":\"https:\\\/\\\/jornaldasoficinas.com\\\/pt\\\/\",\"logo\":{\"@type\":\"ImageObject\",\"inLanguage\":\"pt-PT\",\"@id\":\"https:\\\/\\\/jornaldasoficinas.com\\\/pt\\\/#\\\/schema\\\/logo\\\/image\\\/\",\"url\":\"https:\\\/\\\/jornaldasoficinas.com\\\/pt\\\/wp-content\\\/uploads\\\/logoJO-SEO.png\",\"contentUrl\":\"https:\\\/\\\/jornaldasoficinas.com\\\/pt\\\/wp-content\\\/uploads\\\/logoJO-SEO.png\",\"width\":285,\"height\":450,\"caption\":\"Jornal das Oficinas\"},\"image\":{\"@id\":\"https:\\\/\\\/jornaldasoficinas.com\\\/pt\\\/#\\\/schema\\\/logo\\\/image\\\/\"},\"sameAs\":[\"https:\\\/\\\/www.facebook.com\\\/jornaloficinas\",\"https:\\\/\\\/x.com\\\/jornaloficinas\",\"https:\\\/\\\/www.instagram.com\\\/jornal_oficinas\\\/\",\"https:\\\/\\\/www.linkedin.com\\\/company\\\/jornal-das-oficinas\\\/\",\"https:\\\/\\\/www.youtube.com\\\/channel\\\/UCbQZBqtcvV-oSQrr7RzINGg\"]},{\"@type\":\"Person\",\"@id\":\"https:\\\/\\\/jornaldasoficinas.com\\\/pt\\\/#\\\/schema\\\/person\\\/a38eef5de2c41d9e7c9ac10141afddf3\",\"name\":\"Reda\u00e7\u00e3o JO\",\"image\":{\"@type\":\"ImageObject\",\"inLanguage\":\"pt-PT\",\"@id\":\"https:\\\/\\\/secure.gravatar.com\\\/avatar\\\/71f2fa71737ad68a84fea94bc708ddac8ea5b0c4788dc2ad202f3ccb2887742f?s=96&d=wp_user_avatar&r=g\",\"url\":\"https:\\\/\\\/secure.gravatar.com\\\/avatar\\\/71f2fa71737ad68a84fea94bc708ddac8ea5b0c4788dc2ad202f3ccb2887742f?s=96&d=wp_user_avatar&r=g\",\"contentUrl\":\"https:\\\/\\\/secure.gravatar.com\\\/avatar\\\/71f2fa71737ad68a84fea94bc708ddac8ea5b0c4788dc2ad202f3ccb2887742f?s=96&d=wp_user_avatar&r=g\",\"caption\":\"Reda\u00e7\u00e3o JO\"},\"url\":\"https:\\\/\\\/jornaldasoficinas.com\\\/pt\\\/author\\\/joredacao\\\/\"}]}<\/script>\n<!-- \/ Yoast SEO plugin. -->","yoast_head_json":{"title":"Standvirtual lan\u00e7a campanha 360\u00ba\u00a0 - Jornal das Oficinas","description":"O Standvirtual acaba de lan\u00e7ar uma nova campanha publicit\u00e1ria 360\u00ba. \u201cDeixa-te guiar por quem sabe\u201d \u00e9 o mote da campanha","robots":{"index":"index","follow":"follow","max-snippet":"max-snippet:-1","max-image-preview":"max-image-preview:large","max-video-preview":"max-video-preview:-1"},"canonical":"https:\/\/jornaldasoficinas.com\/pt\/standvirtual-lanca-campanha-360o\/","og_locale":"pt_PT","og_type":"article","og_title":"Standvirtual lan\u00e7a campanha 360\u00ba\u00a0 - Jornal das Oficinas","og_description":"O Standvirtual acaba de lan\u00e7ar uma nova campanha publicit\u00e1ria 360\u00ba. \u201cDeixa-te guiar por quem sabe\u201d \u00e9 o mote da campanha","og_url":"https:\/\/jornaldasoficinas.com\/pt\/standvirtual-lanca-campanha-360o\/","og_site_name":"Jornal das Oficinas","article_publisher":"https:\/\/www.facebook.com\/jornaloficinas","article_published_time":"2023-09-22T11:30:49+00:00","og_image":[{"width":1024,"height":581,"url":"https:\/\/jornaldasoficinas.com\/pt\/wp-content\/uploads\/2023\/09\/Standvirtual-lanca-campanha-360o.png","type":"image\/png"}],"author":"Reda\u00e7\u00e3o JO","twitter_card":"summary_large_image","twitter_creator":"@jornaloficinas","twitter_site":"@jornaloficinas","twitter_misc":{"Escrito por":"Reda\u00e7\u00e3o JO","Tempo estimado de leitura":"2 minutos"},"schema":{"@context":"https:\/\/schema.org","@graph":[{"@type":"Article","@id":"https:\/\/jornaldasoficinas.com\/pt\/standvirtual-lanca-campanha-360o\/#article","isPartOf":{"@id":"https:\/\/jornaldasoficinas.com\/pt\/standvirtual-lanca-campanha-360o\/"},"author":{"name":"Reda\u00e7\u00e3o JO","@id":"https:\/\/jornaldasoficinas.com\/pt\/#\/schema\/person\/a38eef5de2c41d9e7c9ac10141afddf3"},"headline":"Standvirtual lan\u00e7a campanha 360\u00ba\u00a0","datePublished":"2023-09-22T11:30:49+00:00","mainEntityOfPage":{"@id":"https:\/\/jornaldasoficinas.com\/pt\/standvirtual-lanca-campanha-360o\/"},"wordCount":264,"publisher":{"@id":"https:\/\/jornaldasoficinas.com\/pt\/#organization"},"image":{"@id":"https:\/\/jornaldasoficinas.com\/pt\/standvirtual-lanca-campanha-360o\/#primaryimage"},"thumbnailUrl":"https:\/\/jornaldasoficinas.com\/pt\/wp-content\/uploads\/2023\/09\/Standvirtual-lanca-campanha-360o.png","keywords":["campanha publicit\u00e1ria 360\u00ba","Standvirtual"],"articleSection":["Empresas"],"inLanguage":"pt-PT"},{"@type":"WebPage","@id":"https:\/\/jornaldasoficinas.com\/pt\/standvirtual-lanca-campanha-360o\/","url":"https:\/\/jornaldasoficinas.com\/pt\/standvirtual-lanca-campanha-360o\/","name":"Standvirtual lan\u00e7a campanha 360\u00ba\u00a0 - Jornal das Oficinas","isPartOf":{"@id":"https:\/\/jornaldasoficinas.com\/pt\/#website"},"primaryImageOfPage":{"@id":"https:\/\/jornaldasoficinas.com\/pt\/standvirtual-lanca-campanha-360o\/#primaryimage"},"image":{"@id":"https:\/\/jornaldasoficinas.com\/pt\/standvirtual-lanca-campanha-360o\/#primaryimage"},"thumbnailUrl":"https:\/\/jornaldasoficinas.com\/pt\/wp-content\/uploads\/2023\/09\/Standvirtual-lanca-campanha-360o.png","datePublished":"2023-09-22T11:30:49+00:00","description":"O Standvirtual acaba de lan\u00e7ar uma nova campanha publicit\u00e1ria 360\u00ba. \u201cDeixa-te guiar por quem sabe\u201d \u00e9 o mote da campanha","breadcrumb":{"@id":"https:\/\/jornaldasoficinas.com\/pt\/standvirtual-lanca-campanha-360o\/#breadcrumb"},"inLanguage":"pt-PT","potentialAction":[{"@type":"ReadAction","target":["https:\/\/jornaldasoficinas.com\/pt\/standvirtual-lanca-campanha-360o\/"]}]},{"@type":"ImageObject","inLanguage":"pt-PT","@id":"https:\/\/jornaldasoficinas.com\/pt\/standvirtual-lanca-campanha-360o\/#primaryimage","url":"https:\/\/jornaldasoficinas.com\/pt\/wp-content\/uploads\/2023\/09\/Standvirtual-lanca-campanha-360o.png","contentUrl":"https:\/\/jornaldasoficinas.com\/pt\/wp-content\/uploads\/2023\/09\/Standvirtual-lanca-campanha-360o.png","width":1024,"height":581,"caption":"09 - Standvirtual lanca campanha 360o"},{"@type":"BreadcrumbList","@id":"https:\/\/jornaldasoficinas.com\/pt\/standvirtual-lanca-campanha-360o\/#breadcrumb","itemListElement":[{"@type":"ListItem","position":1,"name":"In\u00edcio","item":"https:\/\/jornaldasoficinas.com\/pt\/"},{"@type":"ListItem","position":2,"name":"Standvirtual lan\u00e7a campanha 360\u00ba\u00a0"}]},{"@type":"WebSite","@id":"https:\/\/jornaldasoficinas.com\/pt\/#website","url":"https:\/\/jornaldasoficinas.com\/pt\/","name":"Jornal das Oficinas","description":"Jornal independente do Aftermarket Autom\u00f3vel em Portugal","publisher":{"@id":"https:\/\/jornaldasoficinas.com\/pt\/#organization"},"potentialAction":[{"@type":"SearchAction","target":{"@type":"EntryPoint","urlTemplate":"https:\/\/jornaldasoficinas.com\/pt\/?s={search_term_string}"},"query-input":{"@type":"PropertyValueSpecification","valueRequired":true,"valueName":"search_term_string"}}],"inLanguage":"pt-PT"},{"@type":"Organization","@id":"https:\/\/jornaldasoficinas.com\/pt\/#organization","name":"Jornal das Oficinas","url":"https:\/\/jornaldasoficinas.com\/pt\/","logo":{"@type":"ImageObject","inLanguage":"pt-PT","@id":"https:\/\/jornaldasoficinas.com\/pt\/#\/schema\/logo\/image\/","url":"https:\/\/jornaldasoficinas.com\/pt\/wp-content\/uploads\/logoJO-SEO.png","contentUrl":"https:\/\/jornaldasoficinas.com\/pt\/wp-content\/uploads\/logoJO-SEO.png","width":285,"height":450,"caption":"Jornal das Oficinas"},"image":{"@id":"https:\/\/jornaldasoficinas.com\/pt\/#\/schema\/logo\/image\/"},"sameAs":["https:\/\/www.facebook.com\/jornaloficinas","https:\/\/x.com\/jornaloficinas","https:\/\/www.instagram.com\/jornal_oficinas\/","https:\/\/www.linkedin.com\/company\/jornal-das-oficinas\/","https:\/\/www.youtube.com\/channel\/UCbQZBqtcvV-oSQrr7RzINGg"]},{"@type":"Person","@id":"https:\/\/jornaldasoficinas.com\/pt\/#\/schema\/person\/a38eef5de2c41d9e7c9ac10141afddf3","name":"Reda\u00e7\u00e3o JO","image":{"@type":"ImageObject","inLanguage":"pt-PT","@id":"https:\/\/secure.gravatar.com\/avatar\/71f2fa71737ad68a84fea94bc708ddac8ea5b0c4788dc2ad202f3ccb2887742f?s=96&d=wp_user_avatar&r=g","url":"https:\/\/secure.gravatar.com\/avatar\/71f2fa71737ad68a84fea94bc708ddac8ea5b0c4788dc2ad202f3ccb2887742f?s=96&d=wp_user_avatar&r=g","contentUrl":"https:\/\/secure.gravatar.com\/avatar\/71f2fa71737ad68a84fea94bc708ddac8ea5b0c4788dc2ad202f3ccb2887742f?s=96&d=wp_user_avatar&r=g","caption":"Reda\u00e7\u00e3o JO"},"url":"https:\/\/jornaldasoficinas.com\/pt\/author\/joredacao\/"}]}},"_links":{"self":[{"href":"https:\/\/jornaldasoficinas.com\/pt\/wp-json\/wp\/v2\/posts\/72262","targetHints":{"allow":["GET"]}}],"collection":[{"href":"https:\/\/jornaldasoficinas.com\/pt\/wp-json\/wp\/v2\/posts"}],"about":[{"href":"https:\/\/jornaldasoficinas.com\/pt\/wp-json\/wp\/v2\/types\/post"}],"author":[{"embeddable":true,"href":"https:\/\/jornaldasoficinas.com\/pt\/wp-json\/wp\/v2\/users\/15"}],"replies":[{"embeddable":true,"href":"https:\/\/jornaldasoficinas.com\/pt\/wp-json\/wp\/v2\/comments?post=72262"}],"version-history":[{"count":0,"href":"https:\/\/jornaldasoficinas.com\/pt\/wp-json\/wp\/v2\/posts\/72262\/revisions"}],"wp:featuredmedia":[{"embeddable":true,"href":"https:\/\/jornaldasoficinas.com\/pt\/wp-json\/wp\/v2\/media\/72272"}],"wp:attachment":[{"href":"https:\/\/jornaldasoficinas.com\/pt\/wp-json\/wp\/v2\/media?parent=72262"}],"wp:term":[{"taxonomy":"category","embeddable":true,"href":"https:\/\/jornaldasoficinas.com\/pt\/wp-json\/wp\/v2\/categories?post=72262"},{"taxonomy":"post_tag","embeddable":true,"href":"https:\/\/jornaldasoficinas.com\/pt\/wp-json\/wp\/v2\/tags?post=72262"}],"curies":[{"name":"wp","href":"https:\/\/api.w.org\/{rel}","templated":true}]}}