{"id":72431,"date":"2023-09-26T08:00:48","date_gmt":"2023-09-26T07:00:48","guid":{"rendered":"https:\/\/jornaldasoficinas.com\/pt\/?p=72431"},"modified":"2023-09-25T19:28:12","modified_gmt":"2023-09-25T18:28:12","slug":"volvo-anuncia-fim-do-diesel-ja-em-2024","status":"publish","type":"post","link":"https:\/\/jornaldasoficinas.com\/pt\/volvo-anuncia-fim-do-diesel-ja-em-2024\/","title":{"rendered":"Volvo anuncia fim do diesel j\u00e1 em 2024"},"content":{"rendered":"<p><img loading=\"lazy\" decoding=\"async\" class=\"alignnone size-full wp-image-72406\" src=\"https:\/\/jornaldasoficinas.com\/pt\/wp-content\/uploads\/2023\/09\/Volvo-anuncia-fim.jpg\" alt=\"09 - Volvo anuncia fim\" width=\"1024\" height=\"581\" srcset=\"https:\/\/jornaldasoficinas.com\/pt\/wp-content\/uploads\/2023\/09\/Volvo-anuncia-fim.jpg 1024w, https:\/\/jornaldasoficinas.com\/pt\/wp-content\/uploads\/2023\/09\/Volvo-anuncia-fim-300x170.jpg 300w, https:\/\/jornaldasoficinas.com\/pt\/wp-content\/uploads\/2023\/09\/Volvo-anuncia-fim-150x85.jpg 150w, https:\/\/jornaldasoficinas.com\/pt\/wp-content\/uploads\/2023\/09\/Volvo-anuncia-fim-768x436.jpg 768w\" sizes=\"auto, (max-width: 1024px) 100vw, 1024px\" \/><\/p>\n<p><strong>A <a href=\"https:\/\/www.volvogroup.com\/en\/\" target=\"_blank\" rel=\"noopener\">Volvo<\/a> anunciou que o \u00faltimo autom\u00f3vel a gas\u00f3leo da marca ser\u00e1 produzido no in\u00edcio de 2024. A partir de 2030, a <a href=\"https:\/\/www.volvocars.com\/pt\/\" target=\"_blank\" rel=\"noopener\">Volvo Cars<\/a> pretende comercializar apenas autom\u00f3veis totalmente el\u00e9tricos e, atingir, at\u00e9 2040, a neutralidade clim\u00e1tica<\/strong><\/p>\n<p>Estas metas bem definidas, que visam a eletrifica\u00e7\u00e3o total da Volvo, fazem parte de um dos planos ambientais e de transforma\u00e7\u00e3o mais ambiciosos da ind\u00fastria autom\u00f3vel.<\/p>\n<p>Para assinalar o compromisso com estas metas, a Volvo Cars anuncia, na Climate Week NYC, o fim da produ\u00e7\u00e3o de todos os seus modelos a diesel. O in\u00edcio de 2024, assinalar\u00e1 a constru\u00e7\u00e3o do \u00faltimo autom\u00f3vel Volvo a gas\u00f3leo, tornando a marca num dos primeiros fabricantes de autom\u00f3veis tradicionais a dar este passo.<\/p>\n<p>Recorde-se que, o ano passado, a Volvo j\u00e1 havia decidido abandonar o desenvolvimento de novos motores de combust\u00e3o. Em novembro de 2022, a empresa vendeu a sua participa\u00e7\u00e3o na Aurobay, a empresa de joint venture que albergava todos os restantes ativos para motores de combust\u00e3o, garantindo que a Volvo j\u00e1 n\u00e3o est\u00e1 a gastar uma \u00fanica coroa do seu or\u00e7amento de I&amp;D no desenvolvimento de novos motores de combust\u00e3o interna.<\/p>\n<p>&#8220;Os grupos propulsores el\u00e9tricos s\u00e3o o nosso futuro e s\u00e3o superiores aos motores de combust\u00e3o: geram menos ru\u00eddo, menos vibra\u00e7\u00e3o, menos custos de manuten\u00e7\u00e3o para os nossos clientes e zero emiss\u00f5es de gases de escape. Estamos totalmente concentrados na cria\u00e7\u00e3o de uma gama vasta de autom\u00f3veis premium, totalmente el\u00e9tricos, que cumpram tudo o que os nossos clientes esperam de um Volvo. Ser\u00e3o tamb\u00e9m uma parte fundamental da nossa resposta \u00e0s altera\u00e7\u00f5es clim\u00e1ticas.&#8221; Jim Rowan \u2013 CEO &#8211; Volvo Cars<\/p>\n<p><strong>A urg\u00eancia de passar \u00e0 a\u00e7\u00e3o<br \/>\n<\/strong>A Volvo est\u00e1 empenhada na eletrifica\u00e7\u00e3o porque \u00e9 a coisa certa a fazer. O recente relat\u00f3rio Global Climate Stocktake, publicado pelas Na\u00e7\u00f5es Unidas, sublinhou a urg\u00eancia da emerg\u00eancia clim\u00e1tica enfrentada pela humanidade, bem como a necessidade de passar a\u00e7\u00e3o.<\/p>\n<p>&#8220;O que o mundo precisa agora, nesta altura cr\u00edtica para o nosso planeta e para a humanidade, \u00e9 de lideran\u00e7a. \u00c9 hora dos l\u00edderes pol\u00edticos e da ind\u00fastria serem fortes e decisivos, e apresentarem pol\u00edticas e a\u00e7\u00f5es significativas para combater as altera\u00e7\u00f5es clim\u00e1ticas. Estamos empenhados em fazer a nossa parte e encorajamos os nossos pares, bem como os l\u00edderes pol\u00edticos de todo o mundo, a fazerem a sua.&#8221; Jim Rowan.<\/p>\n<p>Para enfatizar ainda mais este ponto, Anders K\u00e4rrberg,- Chief Sustainability Officer da Volvo Cars ir\u00e1 participar num evento organizado pela Coliga\u00e7\u00e3o Accelerating to Zero (A2Z) na Climate Week NYC deste ano. Lan\u00e7ada na cimeira clim\u00e1tica COP27, a Coliga\u00e7\u00e3o A2Z fornece uma plataforma multi-stakeholder para os signat\u00e1rios da Declara\u00e7\u00e3o de Glasgow sobre Ve\u00edculos de Emiss\u00e3o Zero, da qual a Volvo faz parte desde a primeira hora.<\/p>\n<p>A plataforma A2Z permite colaborar e coordenar a\u00e7\u00f5es no sentido do objetivo coletivo da coliga\u00e7\u00e3o de &#8220;tornar 100% das vendas globais de autom\u00f3veis novos isentas de emiss\u00f5es de gases de escape at\u00e9 2040 e, o mais tardar, at\u00e9 2035 nos principais mercados&#8221;.<\/p>\n<p>Embora o pr\u00f3prio objetivo de eletrifica\u00e7\u00e3o da Volvo seja ainda mais ambicioso, a empresa espera poder inspirar outras a serem ainda mais ousadas na tomada de medidas contra as altera\u00e7\u00f5es clim\u00e1ticas. O an\u00fancio de hoje sobre os motores diesel e a participa\u00e7\u00e3o nos debates A2Z e noutros encontros da Climate Week NYC servem esse prop\u00f3sito.<\/p>\n<p><strong>Uma perspetiva em mudan\u00e7a<br \/>\n<\/strong>A decis\u00e3o de eliminar completamente os motores diesel at\u00e9 ao in\u00edcio de 2024 ilustra a rapidez com que tanto a ind\u00fastria autom\u00f3vel como a procura dos clientes est\u00e3o a mudar face \u00e0 crise clim\u00e1tica.<\/p>\n<p>H\u00e1 apenas quatro anos, o motor a gas\u00f3leo liderava as vendas de ve\u00edculos novos. Nessa altura, a maioria dos autom\u00f3veis que a Volvo vendia era alimentada por um motor a gas\u00f3leo, enquanto os modelos eletrificados estavam apenas a come\u00e7ar a deixar a sua marca.<\/p>\n<p>Desde ent\u00e3o, essa tend\u00eancia inverteu-se em grande medida, impulsionada pela evolu\u00e7\u00e3o da procura do mercado, por regulamentos de emiss\u00f5es mais rigorosos e pela aposta da Volvo na eletrifica\u00e7\u00e3o. A maioria das vendas da marca na Europa consiste agora em autom\u00f3veis eletrificados, com um grupo motopropulsor totalmente el\u00e9trico ou h\u00edbrido plug-in.<\/p>\n<p>O facto de haver menos carros a gas\u00f3leo nas ruas tem tamb\u00e9m um efeito positivo na qualidade do ar urbano; embora os motores a gas\u00f3leo emitam menos CO2 do que os motores a gasolina, emitem mais gases como o \u00f3xido de azoto (NOx), que t\u00eam um efeito adverso na qualidade do ar, especialmente nas zonas urbanas.<\/p>\n","protected":false},"excerpt":{"rendered":"<p>A Volvo anunciou que o \u00faltimo&#8230;<\/p>\n","protected":false},"author":15,"featured_media":72406,"comment_status":"closed","ping_status":"closed","sticky":false,"template":"","format":"standard","meta":{"footnotes":""},"categories":[29],"tags":[3256,6253,488],"class_list":["post-72431","post","type-post","status-publish","format-standard","has-post-thumbnail","hentry","category-empresas","tag-neutralidade-climatica","tag-ultimo-automovel-a-gasoleo","tag-volvo"],"yoast_head":"<!-- This site is optimized with the Yoast SEO plugin v27.5 - https:\/\/yoast.com\/product\/yoast-seo-wordpress\/ -->\n<title>Volvo anuncia fim do diesel j\u00e1 em 2024 - Jornal das Oficinas<\/title>\n<meta name=\"description\" content=\"A Volvo anunciou que o \u00faltimo autom\u00f3vel a gas\u00f3leo em 2024. A partir de 2030, a Volvo Cars pretende comercializar apenas autom\u00f3veis el\u00e9tricos\" \/>\n<meta name=\"robots\" content=\"index, follow, max-snippet:-1, max-image-preview:large, max-video-preview:-1\" \/>\n<link rel=\"canonical\" href=\"https:\/\/jornaldasoficinas.com\/pt\/volvo-anuncia-fim-do-diesel-ja-em-2024\/\" \/>\n<meta property=\"og:locale\" content=\"pt_PT\" \/>\n<meta property=\"og:type\" content=\"article\" \/>\n<meta property=\"og:title\" content=\"Volvo anuncia fim do diesel j\u00e1 em 2024 - Jornal das Oficinas\" \/>\n<meta property=\"og:description\" content=\"A Volvo anunciou que o \u00faltimo autom\u00f3vel a gas\u00f3leo em 2024. A partir de 2030, a Volvo Cars pretende comercializar apenas autom\u00f3veis el\u00e9tricos\" \/>\n<meta property=\"og:url\" content=\"https:\/\/jornaldasoficinas.com\/pt\/volvo-anuncia-fim-do-diesel-ja-em-2024\/\" \/>\n<meta property=\"og:site_name\" content=\"Jornal das Oficinas\" \/>\n<meta property=\"article:publisher\" content=\"https:\/\/www.facebook.com\/jornaloficinas\" \/>\n<meta property=\"article:published_time\" content=\"2023-09-26T07:00:48+00:00\" \/>\n<meta property=\"og:image\" content=\"https:\/\/jornaldasoficinas.com\/pt\/wp-content\/uploads\/2023\/09\/Volvo-anuncia-fim.jpg\" \/>\n\t<meta property=\"og:image:width\" content=\"1024\" \/>\n\t<meta property=\"og:image:height\" content=\"581\" \/>\n\t<meta property=\"og:image:type\" content=\"image\/jpeg\" \/>\n<meta name=\"author\" content=\"Reda\u00e7\u00e3o JO\" \/>\n<meta name=\"twitter:card\" content=\"summary_large_image\" \/>\n<meta name=\"twitter:creator\" content=\"@jornaloficinas\" \/>\n<meta name=\"twitter:site\" content=\"@jornaloficinas\" \/>\n<meta name=\"twitter:label1\" content=\"Escrito por\" \/>\n\t<meta name=\"twitter:data1\" content=\"Reda\u00e7\u00e3o JO\" \/>\n\t<meta name=\"twitter:label2\" content=\"Tempo estimado de leitura\" \/>\n\t<meta name=\"twitter:data2\" content=\"5 minutos\" \/>\n<script type=\"application\/ld+json\" class=\"yoast-schema-graph\">{\"@context\":\"https:\\\/\\\/schema.org\",\"@graph\":[{\"@type\":\"Article\",\"@id\":\"https:\\\/\\\/jornaldasoficinas.com\\\/pt\\\/volvo-anuncia-fim-do-diesel-ja-em-2024\\\/#article\",\"isPartOf\":{\"@id\":\"https:\\\/\\\/jornaldasoficinas.com\\\/pt\\\/volvo-anuncia-fim-do-diesel-ja-em-2024\\\/\"},\"author\":{\"name\":\"Reda\u00e7\u00e3o JO\",\"@id\":\"https:\\\/\\\/jornaldasoficinas.com\\\/pt\\\/#\\\/schema\\\/person\\\/a38eef5de2c41d9e7c9ac10141afddf3\"},\"headline\":\"Volvo anuncia fim do diesel j\u00e1 em 2024\",\"datePublished\":\"2023-09-26T07:00:48+00:00\",\"mainEntityOfPage\":{\"@id\":\"https:\\\/\\\/jornaldasoficinas.com\\\/pt\\\/volvo-anuncia-fim-do-diesel-ja-em-2024\\\/\"},\"wordCount\":830,\"publisher\":{\"@id\":\"https:\\\/\\\/jornaldasoficinas.com\\\/pt\\\/#organization\"},\"image\":{\"@id\":\"https:\\\/\\\/jornaldasoficinas.com\\\/pt\\\/volvo-anuncia-fim-do-diesel-ja-em-2024\\\/#primaryimage\"},\"thumbnailUrl\":\"https:\\\/\\\/jornaldasoficinas.com\\\/pt\\\/wp-content\\\/uploads\\\/2023\\\/09\\\/Volvo-anuncia-fim.jpg\",\"keywords\":[\"neutralidade clim\u00e1tica\",\"\u00faltimo autom\u00f3vel a gas\u00f3leo\",\"Volvo\"],\"articleSection\":[\"Empresas\"],\"inLanguage\":\"pt-PT\"},{\"@type\":\"WebPage\",\"@id\":\"https:\\\/\\\/jornaldasoficinas.com\\\/pt\\\/volvo-anuncia-fim-do-diesel-ja-em-2024\\\/\",\"url\":\"https:\\\/\\\/jornaldasoficinas.com\\\/pt\\\/volvo-anuncia-fim-do-diesel-ja-em-2024\\\/\",\"name\":\"Volvo anuncia fim do diesel j\u00e1 em 2024 - Jornal das Oficinas\",\"isPartOf\":{\"@id\":\"https:\\\/\\\/jornaldasoficinas.com\\\/pt\\\/#website\"},\"primaryImageOfPage\":{\"@id\":\"https:\\\/\\\/jornaldasoficinas.com\\\/pt\\\/volvo-anuncia-fim-do-diesel-ja-em-2024\\\/#primaryimage\"},\"image\":{\"@id\":\"https:\\\/\\\/jornaldasoficinas.com\\\/pt\\\/volvo-anuncia-fim-do-diesel-ja-em-2024\\\/#primaryimage\"},\"thumbnailUrl\":\"https:\\\/\\\/jornaldasoficinas.com\\\/pt\\\/wp-content\\\/uploads\\\/2023\\\/09\\\/Volvo-anuncia-fim.jpg\",\"datePublished\":\"2023-09-26T07:00:48+00:00\",\"description\":\"A Volvo anunciou que o \u00faltimo autom\u00f3vel a gas\u00f3leo em 2024. A partir de 2030, a Volvo Cars pretende comercializar apenas autom\u00f3veis el\u00e9tricos\",\"breadcrumb\":{\"@id\":\"https:\\\/\\\/jornaldasoficinas.com\\\/pt\\\/volvo-anuncia-fim-do-diesel-ja-em-2024\\\/#breadcrumb\"},\"inLanguage\":\"pt-PT\",\"potentialAction\":[{\"@type\":\"ReadAction\",\"target\":[\"https:\\\/\\\/jornaldasoficinas.com\\\/pt\\\/volvo-anuncia-fim-do-diesel-ja-em-2024\\\/\"]}]},{\"@type\":\"ImageObject\",\"inLanguage\":\"pt-PT\",\"@id\":\"https:\\\/\\\/jornaldasoficinas.com\\\/pt\\\/volvo-anuncia-fim-do-diesel-ja-em-2024\\\/#primaryimage\",\"url\":\"https:\\\/\\\/jornaldasoficinas.com\\\/pt\\\/wp-content\\\/uploads\\\/2023\\\/09\\\/Volvo-anuncia-fim.jpg\",\"contentUrl\":\"https:\\\/\\\/jornaldasoficinas.com\\\/pt\\\/wp-content\\\/uploads\\\/2023\\\/09\\\/Volvo-anuncia-fim.jpg\",\"width\":1024,\"height\":581,\"caption\":\"09 - Volvo anuncia fim\"},{\"@type\":\"BreadcrumbList\",\"@id\":\"https:\\\/\\\/jornaldasoficinas.com\\\/pt\\\/volvo-anuncia-fim-do-diesel-ja-em-2024\\\/#breadcrumb\",\"itemListElement\":[{\"@type\":\"ListItem\",\"position\":1,\"name\":\"In\u00edcio\",\"item\":\"https:\\\/\\\/jornaldasoficinas.com\\\/pt\\\/\"},{\"@type\":\"ListItem\",\"position\":2,\"name\":\"Volvo anuncia fim do diesel j\u00e1 em 2024\"}]},{\"@type\":\"WebSite\",\"@id\":\"https:\\\/\\\/jornaldasoficinas.com\\\/pt\\\/#website\",\"url\":\"https:\\\/\\\/jornaldasoficinas.com\\\/pt\\\/\",\"name\":\"Jornal das Oficinas\",\"description\":\"Jornal independente do Aftermarket Autom\u00f3vel em Portugal\",\"publisher\":{\"@id\":\"https:\\\/\\\/jornaldasoficinas.com\\\/pt\\\/#organization\"},\"potentialAction\":[{\"@type\":\"SearchAction\",\"target\":{\"@type\":\"EntryPoint\",\"urlTemplate\":\"https:\\\/\\\/jornaldasoficinas.com\\\/pt\\\/?s={search_term_string}\"},\"query-input\":{\"@type\":\"PropertyValueSpecification\",\"valueRequired\":true,\"valueName\":\"search_term_string\"}}],\"inLanguage\":\"pt-PT\"},{\"@type\":\"Organization\",\"@id\":\"https:\\\/\\\/jornaldasoficinas.com\\\/pt\\\/#organization\",\"name\":\"Jornal das Oficinas\",\"url\":\"https:\\\/\\\/jornaldasoficinas.com\\\/pt\\\/\",\"logo\":{\"@type\":\"ImageObject\",\"inLanguage\":\"pt-PT\",\"@id\":\"https:\\\/\\\/jornaldasoficinas.com\\\/pt\\\/#\\\/schema\\\/logo\\\/image\\\/\",\"url\":\"https:\\\/\\\/jornaldasoficinas.com\\\/pt\\\/wp-content\\\/uploads\\\/logoJO-SEO.png\",\"contentUrl\":\"https:\\\/\\\/jornaldasoficinas.com\\\/pt\\\/wp-content\\\/uploads\\\/logoJO-SEO.png\",\"width\":285,\"height\":450,\"caption\":\"Jornal das Oficinas\"},\"image\":{\"@id\":\"https:\\\/\\\/jornaldasoficinas.com\\\/pt\\\/#\\\/schema\\\/logo\\\/image\\\/\"},\"sameAs\":[\"https:\\\/\\\/www.facebook.com\\\/jornaloficinas\",\"https:\\\/\\\/x.com\\\/jornaloficinas\",\"https:\\\/\\\/www.instagram.com\\\/jornal_oficinas\\\/\",\"https:\\\/\\\/www.linkedin.com\\\/company\\\/jornal-das-oficinas\\\/\",\"https:\\\/\\\/www.youtube.com\\\/channel\\\/UCbQZBqtcvV-oSQrr7RzINGg\"]},{\"@type\":\"Person\",\"@id\":\"https:\\\/\\\/jornaldasoficinas.com\\\/pt\\\/#\\\/schema\\\/person\\\/a38eef5de2c41d9e7c9ac10141afddf3\",\"name\":\"Reda\u00e7\u00e3o JO\",\"image\":{\"@type\":\"ImageObject\",\"inLanguage\":\"pt-PT\",\"@id\":\"https:\\\/\\\/secure.gravatar.com\\\/avatar\\\/71f2fa71737ad68a84fea94bc708ddac8ea5b0c4788dc2ad202f3ccb2887742f?s=96&d=wp_user_avatar&r=g\",\"url\":\"https:\\\/\\\/secure.gravatar.com\\\/avatar\\\/71f2fa71737ad68a84fea94bc708ddac8ea5b0c4788dc2ad202f3ccb2887742f?s=96&d=wp_user_avatar&r=g\",\"contentUrl\":\"https:\\\/\\\/secure.gravatar.com\\\/avatar\\\/71f2fa71737ad68a84fea94bc708ddac8ea5b0c4788dc2ad202f3ccb2887742f?s=96&d=wp_user_avatar&r=g\",\"caption\":\"Reda\u00e7\u00e3o JO\"},\"url\":\"https:\\\/\\\/jornaldasoficinas.com\\\/pt\\\/author\\\/joredacao\\\/\"}]}<\/script>\n<!-- \/ Yoast SEO plugin. -->","yoast_head_json":{"title":"Volvo anuncia fim do diesel j\u00e1 em 2024 - Jornal das Oficinas","description":"A Volvo anunciou que o \u00faltimo autom\u00f3vel a gas\u00f3leo em 2024. A partir de 2030, a Volvo Cars pretende comercializar apenas autom\u00f3veis el\u00e9tricos","robots":{"index":"index","follow":"follow","max-snippet":"max-snippet:-1","max-image-preview":"max-image-preview:large","max-video-preview":"max-video-preview:-1"},"canonical":"https:\/\/jornaldasoficinas.com\/pt\/volvo-anuncia-fim-do-diesel-ja-em-2024\/","og_locale":"pt_PT","og_type":"article","og_title":"Volvo anuncia fim do diesel j\u00e1 em 2024 - Jornal das Oficinas","og_description":"A Volvo anunciou que o \u00faltimo autom\u00f3vel a gas\u00f3leo em 2024. A partir de 2030, a Volvo Cars pretende comercializar apenas autom\u00f3veis el\u00e9tricos","og_url":"https:\/\/jornaldasoficinas.com\/pt\/volvo-anuncia-fim-do-diesel-ja-em-2024\/","og_site_name":"Jornal das Oficinas","article_publisher":"https:\/\/www.facebook.com\/jornaloficinas","article_published_time":"2023-09-26T07:00:48+00:00","og_image":[{"width":1024,"height":581,"url":"https:\/\/jornaldasoficinas.com\/pt\/wp-content\/uploads\/2023\/09\/Volvo-anuncia-fim.jpg","type":"image\/jpeg"}],"author":"Reda\u00e7\u00e3o JO","twitter_card":"summary_large_image","twitter_creator":"@jornaloficinas","twitter_site":"@jornaloficinas","twitter_misc":{"Escrito por":"Reda\u00e7\u00e3o JO","Tempo estimado de leitura":"5 minutos"},"schema":{"@context":"https:\/\/schema.org","@graph":[{"@type":"Article","@id":"https:\/\/jornaldasoficinas.com\/pt\/volvo-anuncia-fim-do-diesel-ja-em-2024\/#article","isPartOf":{"@id":"https:\/\/jornaldasoficinas.com\/pt\/volvo-anuncia-fim-do-diesel-ja-em-2024\/"},"author":{"name":"Reda\u00e7\u00e3o JO","@id":"https:\/\/jornaldasoficinas.com\/pt\/#\/schema\/person\/a38eef5de2c41d9e7c9ac10141afddf3"},"headline":"Volvo anuncia fim do diesel j\u00e1 em 2024","datePublished":"2023-09-26T07:00:48+00:00","mainEntityOfPage":{"@id":"https:\/\/jornaldasoficinas.com\/pt\/volvo-anuncia-fim-do-diesel-ja-em-2024\/"},"wordCount":830,"publisher":{"@id":"https:\/\/jornaldasoficinas.com\/pt\/#organization"},"image":{"@id":"https:\/\/jornaldasoficinas.com\/pt\/volvo-anuncia-fim-do-diesel-ja-em-2024\/#primaryimage"},"thumbnailUrl":"https:\/\/jornaldasoficinas.com\/pt\/wp-content\/uploads\/2023\/09\/Volvo-anuncia-fim.jpg","keywords":["neutralidade clim\u00e1tica","\u00faltimo autom\u00f3vel a gas\u00f3leo","Volvo"],"articleSection":["Empresas"],"inLanguage":"pt-PT"},{"@type":"WebPage","@id":"https:\/\/jornaldasoficinas.com\/pt\/volvo-anuncia-fim-do-diesel-ja-em-2024\/","url":"https:\/\/jornaldasoficinas.com\/pt\/volvo-anuncia-fim-do-diesel-ja-em-2024\/","name":"Volvo anuncia fim do diesel j\u00e1 em 2024 - Jornal das Oficinas","isPartOf":{"@id":"https:\/\/jornaldasoficinas.com\/pt\/#website"},"primaryImageOfPage":{"@id":"https:\/\/jornaldasoficinas.com\/pt\/volvo-anuncia-fim-do-diesel-ja-em-2024\/#primaryimage"},"image":{"@id":"https:\/\/jornaldasoficinas.com\/pt\/volvo-anuncia-fim-do-diesel-ja-em-2024\/#primaryimage"},"thumbnailUrl":"https:\/\/jornaldasoficinas.com\/pt\/wp-content\/uploads\/2023\/09\/Volvo-anuncia-fim.jpg","datePublished":"2023-09-26T07:00:48+00:00","description":"A Volvo anunciou que o \u00faltimo autom\u00f3vel a gas\u00f3leo em 2024. A partir de 2030, a Volvo Cars pretende comercializar apenas autom\u00f3veis el\u00e9tricos","breadcrumb":{"@id":"https:\/\/jornaldasoficinas.com\/pt\/volvo-anuncia-fim-do-diesel-ja-em-2024\/#breadcrumb"},"inLanguage":"pt-PT","potentialAction":[{"@type":"ReadAction","target":["https:\/\/jornaldasoficinas.com\/pt\/volvo-anuncia-fim-do-diesel-ja-em-2024\/"]}]},{"@type":"ImageObject","inLanguage":"pt-PT","@id":"https:\/\/jornaldasoficinas.com\/pt\/volvo-anuncia-fim-do-diesel-ja-em-2024\/#primaryimage","url":"https:\/\/jornaldasoficinas.com\/pt\/wp-content\/uploads\/2023\/09\/Volvo-anuncia-fim.jpg","contentUrl":"https:\/\/jornaldasoficinas.com\/pt\/wp-content\/uploads\/2023\/09\/Volvo-anuncia-fim.jpg","width":1024,"height":581,"caption":"09 - Volvo anuncia fim"},{"@type":"BreadcrumbList","@id":"https:\/\/jornaldasoficinas.com\/pt\/volvo-anuncia-fim-do-diesel-ja-em-2024\/#breadcrumb","itemListElement":[{"@type":"ListItem","position":1,"name":"In\u00edcio","item":"https:\/\/jornaldasoficinas.com\/pt\/"},{"@type":"ListItem","position":2,"name":"Volvo anuncia fim do diesel j\u00e1 em 2024"}]},{"@type":"WebSite","@id":"https:\/\/jornaldasoficinas.com\/pt\/#website","url":"https:\/\/jornaldasoficinas.com\/pt\/","name":"Jornal das Oficinas","description":"Jornal independente do Aftermarket Autom\u00f3vel em Portugal","publisher":{"@id":"https:\/\/jornaldasoficinas.com\/pt\/#organization"},"potentialAction":[{"@type":"SearchAction","target":{"@type":"EntryPoint","urlTemplate":"https:\/\/jornaldasoficinas.com\/pt\/?s={search_term_string}"},"query-input":{"@type":"PropertyValueSpecification","valueRequired":true,"valueName":"search_term_string"}}],"inLanguage":"pt-PT"},{"@type":"Organization","@id":"https:\/\/jornaldasoficinas.com\/pt\/#organization","name":"Jornal das Oficinas","url":"https:\/\/jornaldasoficinas.com\/pt\/","logo":{"@type":"ImageObject","inLanguage":"pt-PT","@id":"https:\/\/jornaldasoficinas.com\/pt\/#\/schema\/logo\/image\/","url":"https:\/\/jornaldasoficinas.com\/pt\/wp-content\/uploads\/logoJO-SEO.png","contentUrl":"https:\/\/jornaldasoficinas.com\/pt\/wp-content\/uploads\/logoJO-SEO.png","width":285,"height":450,"caption":"Jornal das Oficinas"},"image":{"@id":"https:\/\/jornaldasoficinas.com\/pt\/#\/schema\/logo\/image\/"},"sameAs":["https:\/\/www.facebook.com\/jornaloficinas","https:\/\/x.com\/jornaloficinas","https:\/\/www.instagram.com\/jornal_oficinas\/","https:\/\/www.linkedin.com\/company\/jornal-das-oficinas\/","https:\/\/www.youtube.com\/channel\/UCbQZBqtcvV-oSQrr7RzINGg"]},{"@type":"Person","@id":"https:\/\/jornaldasoficinas.com\/pt\/#\/schema\/person\/a38eef5de2c41d9e7c9ac10141afddf3","name":"Reda\u00e7\u00e3o JO","image":{"@type":"ImageObject","inLanguage":"pt-PT","@id":"https:\/\/secure.gravatar.com\/avatar\/71f2fa71737ad68a84fea94bc708ddac8ea5b0c4788dc2ad202f3ccb2887742f?s=96&d=wp_user_avatar&r=g","url":"https:\/\/secure.gravatar.com\/avatar\/71f2fa71737ad68a84fea94bc708ddac8ea5b0c4788dc2ad202f3ccb2887742f?s=96&d=wp_user_avatar&r=g","contentUrl":"https:\/\/secure.gravatar.com\/avatar\/71f2fa71737ad68a84fea94bc708ddac8ea5b0c4788dc2ad202f3ccb2887742f?s=96&d=wp_user_avatar&r=g","caption":"Reda\u00e7\u00e3o JO"},"url":"https:\/\/jornaldasoficinas.com\/pt\/author\/joredacao\/"}]}},"_links":{"self":[{"href":"https:\/\/jornaldasoficinas.com\/pt\/wp-json\/wp\/v2\/posts\/72431","targetHints":{"allow":["GET"]}}],"collection":[{"href":"https:\/\/jornaldasoficinas.com\/pt\/wp-json\/wp\/v2\/posts"}],"about":[{"href":"https:\/\/jornaldasoficinas.com\/pt\/wp-json\/wp\/v2\/types\/post"}],"author":[{"embeddable":true,"href":"https:\/\/jornaldasoficinas.com\/pt\/wp-json\/wp\/v2\/users\/15"}],"replies":[{"embeddable":true,"href":"https:\/\/jornaldasoficinas.com\/pt\/wp-json\/wp\/v2\/comments?post=72431"}],"version-history":[{"count":0,"href":"https:\/\/jornaldasoficinas.com\/pt\/wp-json\/wp\/v2\/posts\/72431\/revisions"}],"wp:featuredmedia":[{"embeddable":true,"href":"https:\/\/jornaldasoficinas.com\/pt\/wp-json\/wp\/v2\/media\/72406"}],"wp:attachment":[{"href":"https:\/\/jornaldasoficinas.com\/pt\/wp-json\/wp\/v2\/media?parent=72431"}],"wp:term":[{"taxonomy":"category","embeddable":true,"href":"https:\/\/jornaldasoficinas.com\/pt\/wp-json\/wp\/v2\/categories?post=72431"},{"taxonomy":"post_tag","embeddable":true,"href":"https:\/\/jornaldasoficinas.com\/pt\/wp-json\/wp\/v2\/tags?post=72431"}],"curies":[{"name":"wp","href":"https:\/\/api.w.org\/{rel}","templated":true}]}}