{"id":72467,"date":"2023-09-27T08:00:38","date_gmt":"2023-09-27T07:00:38","guid":{"rendered":"https:\/\/jornaldasoficinas.com\/pt\/?p=72467"},"modified":"2023-09-26T20:49:27","modified_gmt":"2023-09-26T19:49:27","slug":"oferta-veiculos-ate-um-ano-foi-a-que-mais-cresceu-em-agosto","status":"publish","type":"post","link":"https:\/\/jornaldasoficinas.com\/pt\/oferta-veiculos-ate-um-ano-foi-a-que-mais-cresceu-em-agosto\/","title":{"rendered":"Oferta ve\u00edculos at\u00e9 um ano foi a que mais cresceu em agosto"},"content":{"rendered":"<p><img loading=\"lazy\" decoding=\"async\" class=\"alignnone size-full wp-image-72399\" src=\"https:\/\/jornaldasoficinas.com\/pt\/wp-content\/uploads\/2023\/09\/Oferta-veiculos-ate-um-ano.jpg\" alt=\"09 - Oferta veiculos ate um ano\" width=\"1024\" height=\"581\" srcset=\"https:\/\/jornaldasoficinas.com\/pt\/wp-content\/uploads\/2023\/09\/Oferta-veiculos-ate-um-ano.jpg 1024w, https:\/\/jornaldasoficinas.com\/pt\/wp-content\/uploads\/2023\/09\/Oferta-veiculos-ate-um-ano-300x170.jpg 300w, https:\/\/jornaldasoficinas.com\/pt\/wp-content\/uploads\/2023\/09\/Oferta-veiculos-ate-um-ano-150x85.jpg 150w, https:\/\/jornaldasoficinas.com\/pt\/wp-content\/uploads\/2023\/09\/Oferta-veiculos-ate-um-ano-768x436.jpg 768w\" sizes=\"auto, (max-width: 1024px) 100vw, 1024px\" \/><\/p>\n<p><strong>Em agosto, verifica-se um crescimento de +18% na oferta do total de ve\u00edculos usados, acompanhado por um decr\u00e9scimo geral de -12% na procura, em rela\u00e7\u00e3o ao per\u00edodo hom\u00f3logo de 2022. Ao n\u00edvel da oferta, tamb\u00e9m os el\u00e9tricos premium (+102%) e os el\u00e9tricos (+88%) registam crescimento exponencial face ao per\u00edodo hom\u00f3logo de 2022<\/strong><\/p>\n<p>Tal resulta numa din\u00e2mica de mercado negativa de cerca de -18% face a agosto do ano anterior, uma tend\u00eancia constante desde setembro do ano passado (maior oferta que procura em rela\u00e7\u00e3o ao per\u00edodo hom\u00f3logo).<\/p>\n<p><strong>COMBUST\u00cdVEL <\/strong><\/p>\n<ul>\n<li>H\u00e1 um crescimento de +102% da oferta de ve\u00edculos el\u00e9tricos premium e de +88% dos el\u00e9tricos em agosto, em rela\u00e7\u00e3o ao ano passado. No que diz respeito \u00e0 procura, o maior crescimento \u00e9 dos el\u00e9tricos premium (+40%), com os ve\u00edculos el\u00e9tricos a registar +12% face a 2022.<\/li>\n<li>A oferta de carros a gasolina cresce +21% e a oferta de carros a diesel cresce +4% face ao per\u00edodo hom\u00f3logo de 2022. No entanto, h\u00e1 decr\u00e9scimos de procura nos carros a gasolina e diesel (entre -8% e -15%).<\/li>\n<li>Carros El\u00e9tricos, H\u00edbridos a Gasolina e H\u00edbridos a Diesel representam cerca de 10% da procura e cerca de 10% da oferta, em agosto.<\/li>\n<li>Diesel (60%) e Gasolina (27%) mant\u00eam-se as tipologias mais procuradas.<\/li>\n<li>Em agosto, ve\u00edculos a gasolina e el\u00e9tricos s\u00e3o as \u00fanicas tipologias de combust\u00edvel com maior oferta de an\u00fancios (cerca de 30% e 5%, respetivamente) do que procura. Nas restantes, a procura iguala ou supera sempre ligeiramente a oferta.<\/li>\n<\/ul>\n<p><strong>PRE\u00c7OS <\/strong><\/p>\n<ul>\n<li>Ve\u00edculos acima de 30.000\u20ac s\u00e3o os \u00fanicos que revelam um ligeiro aumento da procura em agosto (+2%), face ao mesmo per\u00edodo do ano passado. Tamb\u00e9m a oferta aumenta +35%. No que diz respeito aos ve\u00edculos abaixo de 15.000\u20ac e entre 15.000\u20ac a 30.000\u20ac, a procura desce -12% e -7% em compara\u00e7\u00e3o ao per\u00edodo hom\u00f3logo do ano anterior. J\u00e1 a oferta, apresenta um aumento nos carros entre 15.000\u20ac a 30.000\u20ac e abaixo de 15.000\u20ac (+22% e +2%, respetivamente).<\/li>\n<li>A categoria dos 10.000\u20ac aos 25.000\u20ac continua a registar o maior n\u00famero de visualiza\u00e7\u00f5es em agosto (38%), com os an\u00fancios (52%) a superarem as visualiza\u00e7\u00f5es. Tamb\u00e9m a categoria entre 25.000\u20ac e 40.000\u20ac regista ligeiramente mais an\u00fancios (20%) do que visualiza\u00e7\u00f5es (18%).<\/li>\n<\/ul>\n<p><strong>ANO DE MATR\u00cdCULA <\/strong><\/p>\n<ul>\n<li>A procura diminui nos autom\u00f3veis de todos os intervalos de idade, (entre -2% e -32%), face a agosto do ano passado. Esta diminui\u00e7\u00e3o verifica-se sobretudo nos carros com idade at\u00e9 1 ano (-32%).<\/li>\n<li>A oferta revela crescimento em rela\u00e7\u00e3o ao mesmo m\u00eas de 2022 nos ve\u00edculos de todos os intervalos de idade, sobretudo nos carros at\u00e9 1 ano (+29%).<\/li>\n<li>Carros com matr\u00edcula entre 2015 e 2016 s\u00e3o os mais visualizados em agosto (cerca de 9%), seguidos dos carros matriculados em 2019 (cerca de 6,5%).<\/li>\n<\/ul>\n<p><strong>SEGMENTO E MARCA <\/strong><\/p>\n<ul>\n<li>Em agosto, a procura cresce nos utilit\u00e1rios (+9%) e nos SUV (+6%) em rela\u00e7\u00e3o ao mesmo m\u00eas do ano passado. Nos restantes segmentos a procura desce, sobretudo nos pequenos citadinos (-60%) e Monovolume (-28%). J\u00e1 a oferta aumenta particularmente nos utilit\u00e1rios (+39%) e SUV (+ 35%).<\/li>\n<li>SUV (21%), utilit\u00e1rios (19%) e carrinhas (17%) s\u00e3o os segmentos mais procurados em agosto. A oferta supera a procura tamb\u00e9m nas categorias de SUV (27%), utilit\u00e1rios (20%) e carrinhas (18%).<\/li>\n<li>A BMW (12,2%), a Mercedes-Benz (11,9%) e a Peugeot (9,0%) s\u00e3o as marcas mais procuradas em agosto. No que diz respeito \u00e0s marcas mais anunciadas, estas s\u00e3o a Mercedes-Benz (11,8%), a BMW (11,3%) e a Renault (9,7%).<\/li>\n<li>Os carros mais procurados em agosto, por intervalo de pre\u00e7os, foram o Renault Megane Break na categoria abaixo dos 5.000\u20ac; o BMW Serie 3 na categoria dos 5.000\u20ac aos 10.000\u20ac; o Mercedes-Benz Classe A dos 10.000\u20ac aos 25.000\u20ac e dos 25.000\u20ac aos 40.000\u20ac; e o Mercedes-Benz Classe C na categoria acima dos 40.000\u20ac.<\/li>\n<li>Nos el\u00e9tricos e h\u00edbridos, a procura \u00e9 encabe\u00e7ada pelo Tesla Model 3, Renault Zoe e o BMW Serie i.<\/li>\n<\/ul>\n<p>\u00abNo m\u00eas de agosto verific\u00e1mos um crescimento significativo da oferta de ve\u00edculos eletrificados em compara\u00e7\u00e3o com o ano anterior, sobretudo do segmento premium e de luxo. Isto refor\u00e7a a tend\u00eancia de recupera\u00e7\u00e3o no que diz respeito \u00e0 oferta ap\u00f3s a escassez de produto presente nos anos anteriores. No entanto, a procura ainda est\u00e1 abaixo do que seria esperado, uma consequ\u00eancia direta, sem d\u00favida, do contexto econ\u00f3mico do pa\u00eds e que leva a que muitos dos consumidores sejam ainda mais cautelosos quando pensam em comprar ou trocar de carro\u00bb, explica Nuno Castel-Branco, Diretor Geral do Standvirtual.<\/p>\n","protected":false},"excerpt":{"rendered":"<p>Em agosto, verifica-se um crescimento de&#8230;<\/p>\n","protected":false},"author":15,"featured_media":72399,"comment_status":"closed","ping_status":"closed","sticky":false,"template":"","format":"standard","meta":{"footnotes":""},"categories":[37],"tags":[6259,3135,4181,1568],"class_list":["post-72467","post","type-post","status-publish","format-standard","has-post-thumbnail","hentry","category-mercado","tag-aumento-da-oferta","tag-eletricos-premium","tag-estatisticas","tag-veiculos-usados"],"yoast_head":"<!-- This site is optimized with the Yoast SEO plugin v27.5 - https:\/\/yoast.com\/product\/yoast-seo-wordpress\/ -->\n<title>Oferta ve\u00edculos at\u00e9 um ano foi a que mais cresceu em agosto - Jornal das Oficinas<\/title>\n<meta name=\"description\" content=\"Em agosto, verifica-se um crescimento de +18% na oferta do total de ve\u00edculos usados, acompanhado por um decr\u00e9scimo geral de -12% na procura\" \/>\n<meta name=\"robots\" content=\"index, follow, max-snippet:-1, max-image-preview:large, max-video-preview:-1\" \/>\n<link rel=\"canonical\" href=\"https:\/\/jornaldasoficinas.com\/pt\/oferta-veiculos-ate-um-ano-foi-a-que-mais-cresceu-em-agosto\/\" \/>\n<meta property=\"og:locale\" content=\"pt_PT\" \/>\n<meta property=\"og:type\" content=\"article\" \/>\n<meta property=\"og:title\" content=\"Oferta ve\u00edculos at\u00e9 um ano foi a que mais cresceu em agosto - Jornal das Oficinas\" \/>\n<meta property=\"og:description\" content=\"Em agosto, verifica-se um crescimento de +18% na oferta do total de ve\u00edculos usados, acompanhado por um decr\u00e9scimo geral de -12% na procura\" \/>\n<meta property=\"og:url\" content=\"https:\/\/jornaldasoficinas.com\/pt\/oferta-veiculos-ate-um-ano-foi-a-que-mais-cresceu-em-agosto\/\" \/>\n<meta property=\"og:site_name\" content=\"Jornal das Oficinas\" \/>\n<meta property=\"article:publisher\" content=\"https:\/\/www.facebook.com\/jornaloficinas\" \/>\n<meta property=\"article:published_time\" content=\"2023-09-27T07:00:38+00:00\" \/>\n<meta property=\"og:image\" content=\"https:\/\/jornaldasoficinas.com\/pt\/wp-content\/uploads\/2023\/09\/Oferta-veiculos-ate-um-ano.jpg\" \/>\n\t<meta property=\"og:image:width\" content=\"1024\" \/>\n\t<meta property=\"og:image:height\" content=\"581\" \/>\n\t<meta property=\"og:image:type\" content=\"image\/jpeg\" \/>\n<meta name=\"author\" content=\"Reda\u00e7\u00e3o JO\" \/>\n<meta name=\"twitter:card\" content=\"summary_large_image\" \/>\n<meta name=\"twitter:creator\" content=\"@jornaloficinas\" \/>\n<meta name=\"twitter:site\" content=\"@jornaloficinas\" \/>\n<meta name=\"twitter:label1\" content=\"Escrito por\" \/>\n\t<meta name=\"twitter:data1\" content=\"Reda\u00e7\u00e3o JO\" \/>\n\t<meta name=\"twitter:label2\" content=\"Tempo estimado de leitura\" \/>\n\t<meta name=\"twitter:data2\" content=\"5 minutos\" \/>\n<script type=\"application\/ld+json\" class=\"yoast-schema-graph\">{\"@context\":\"https:\\\/\\\/schema.org\",\"@graph\":[{\"@type\":\"Article\",\"@id\":\"https:\\\/\\\/jornaldasoficinas.com\\\/pt\\\/oferta-veiculos-ate-um-ano-foi-a-que-mais-cresceu-em-agosto\\\/#article\",\"isPartOf\":{\"@id\":\"https:\\\/\\\/jornaldasoficinas.com\\\/pt\\\/oferta-veiculos-ate-um-ano-foi-a-que-mais-cresceu-em-agosto\\\/\"},\"author\":{\"name\":\"Reda\u00e7\u00e3o JO\",\"@id\":\"https:\\\/\\\/jornaldasoficinas.com\\\/pt\\\/#\\\/schema\\\/person\\\/a38eef5de2c41d9e7c9ac10141afddf3\"},\"headline\":\"Oferta ve\u00edculos at\u00e9 um ano foi a que mais cresceu em agosto\",\"datePublished\":\"2023-09-27T07:00:38+00:00\",\"mainEntityOfPage\":{\"@id\":\"https:\\\/\\\/jornaldasoficinas.com\\\/pt\\\/oferta-veiculos-ate-um-ano-foi-a-que-mais-cresceu-em-agosto\\\/\"},\"wordCount\":754,\"publisher\":{\"@id\":\"https:\\\/\\\/jornaldasoficinas.com\\\/pt\\\/#organization\"},\"image\":{\"@id\":\"https:\\\/\\\/jornaldasoficinas.com\\\/pt\\\/oferta-veiculos-ate-um-ano-foi-a-que-mais-cresceu-em-agosto\\\/#primaryimage\"},\"thumbnailUrl\":\"https:\\\/\\\/jornaldasoficinas.com\\\/pt\\\/wp-content\\\/uploads\\\/2023\\\/09\\\/Oferta-veiculos-ate-um-ano.jpg\",\"keywords\":[\"Aumento da oferta\",\"El\u00e9tricos Premium\",\"Estat\u00edsticas\",\"Ve\u00edculos usados\"],\"articleSection\":[\"Mercado\"],\"inLanguage\":\"pt-PT\"},{\"@type\":\"WebPage\",\"@id\":\"https:\\\/\\\/jornaldasoficinas.com\\\/pt\\\/oferta-veiculos-ate-um-ano-foi-a-que-mais-cresceu-em-agosto\\\/\",\"url\":\"https:\\\/\\\/jornaldasoficinas.com\\\/pt\\\/oferta-veiculos-ate-um-ano-foi-a-que-mais-cresceu-em-agosto\\\/\",\"name\":\"Oferta ve\u00edculos at\u00e9 um ano foi a que mais cresceu em agosto - Jornal das Oficinas\",\"isPartOf\":{\"@id\":\"https:\\\/\\\/jornaldasoficinas.com\\\/pt\\\/#website\"},\"primaryImageOfPage\":{\"@id\":\"https:\\\/\\\/jornaldasoficinas.com\\\/pt\\\/oferta-veiculos-ate-um-ano-foi-a-que-mais-cresceu-em-agosto\\\/#primaryimage\"},\"image\":{\"@id\":\"https:\\\/\\\/jornaldasoficinas.com\\\/pt\\\/oferta-veiculos-ate-um-ano-foi-a-que-mais-cresceu-em-agosto\\\/#primaryimage\"},\"thumbnailUrl\":\"https:\\\/\\\/jornaldasoficinas.com\\\/pt\\\/wp-content\\\/uploads\\\/2023\\\/09\\\/Oferta-veiculos-ate-um-ano.jpg\",\"datePublished\":\"2023-09-27T07:00:38+00:00\",\"description\":\"Em agosto, verifica-se um crescimento de +18% na oferta do total de ve\u00edculos usados, acompanhado por um decr\u00e9scimo geral de -12% na procura\",\"breadcrumb\":{\"@id\":\"https:\\\/\\\/jornaldasoficinas.com\\\/pt\\\/oferta-veiculos-ate-um-ano-foi-a-que-mais-cresceu-em-agosto\\\/#breadcrumb\"},\"inLanguage\":\"pt-PT\",\"potentialAction\":[{\"@type\":\"ReadAction\",\"target\":[\"https:\\\/\\\/jornaldasoficinas.com\\\/pt\\\/oferta-veiculos-ate-um-ano-foi-a-que-mais-cresceu-em-agosto\\\/\"]}]},{\"@type\":\"ImageObject\",\"inLanguage\":\"pt-PT\",\"@id\":\"https:\\\/\\\/jornaldasoficinas.com\\\/pt\\\/oferta-veiculos-ate-um-ano-foi-a-que-mais-cresceu-em-agosto\\\/#primaryimage\",\"url\":\"https:\\\/\\\/jornaldasoficinas.com\\\/pt\\\/wp-content\\\/uploads\\\/2023\\\/09\\\/Oferta-veiculos-ate-um-ano.jpg\",\"contentUrl\":\"https:\\\/\\\/jornaldasoficinas.com\\\/pt\\\/wp-content\\\/uploads\\\/2023\\\/09\\\/Oferta-veiculos-ate-um-ano.jpg\",\"width\":1024,\"height\":581,\"caption\":\"09 - Oferta veiculos ate um ano\"},{\"@type\":\"BreadcrumbList\",\"@id\":\"https:\\\/\\\/jornaldasoficinas.com\\\/pt\\\/oferta-veiculos-ate-um-ano-foi-a-que-mais-cresceu-em-agosto\\\/#breadcrumb\",\"itemListElement\":[{\"@type\":\"ListItem\",\"position\":1,\"name\":\"In\u00edcio\",\"item\":\"https:\\\/\\\/jornaldasoficinas.com\\\/pt\\\/\"},{\"@type\":\"ListItem\",\"position\":2,\"name\":\"Oferta ve\u00edculos at\u00e9 um ano foi a que mais cresceu em agosto\"}]},{\"@type\":\"WebSite\",\"@id\":\"https:\\\/\\\/jornaldasoficinas.com\\\/pt\\\/#website\",\"url\":\"https:\\\/\\\/jornaldasoficinas.com\\\/pt\\\/\",\"name\":\"Jornal das Oficinas\",\"description\":\"Jornal independente do Aftermarket Autom\u00f3vel em Portugal\",\"publisher\":{\"@id\":\"https:\\\/\\\/jornaldasoficinas.com\\\/pt\\\/#organization\"},\"potentialAction\":[{\"@type\":\"SearchAction\",\"target\":{\"@type\":\"EntryPoint\",\"urlTemplate\":\"https:\\\/\\\/jornaldasoficinas.com\\\/pt\\\/?s={search_term_string}\"},\"query-input\":{\"@type\":\"PropertyValueSpecification\",\"valueRequired\":true,\"valueName\":\"search_term_string\"}}],\"inLanguage\":\"pt-PT\"},{\"@type\":\"Organization\",\"@id\":\"https:\\\/\\\/jornaldasoficinas.com\\\/pt\\\/#organization\",\"name\":\"Jornal das Oficinas\",\"url\":\"https:\\\/\\\/jornaldasoficinas.com\\\/pt\\\/\",\"logo\":{\"@type\":\"ImageObject\",\"inLanguage\":\"pt-PT\",\"@id\":\"https:\\\/\\\/jornaldasoficinas.com\\\/pt\\\/#\\\/schema\\\/logo\\\/image\\\/\",\"url\":\"https:\\\/\\\/jornaldasoficinas.com\\\/pt\\\/wp-content\\\/uploads\\\/logoJO-SEO.png\",\"contentUrl\":\"https:\\\/\\\/jornaldasoficinas.com\\\/pt\\\/wp-content\\\/uploads\\\/logoJO-SEO.png\",\"width\":285,\"height\":450,\"caption\":\"Jornal das Oficinas\"},\"image\":{\"@id\":\"https:\\\/\\\/jornaldasoficinas.com\\\/pt\\\/#\\\/schema\\\/logo\\\/image\\\/\"},\"sameAs\":[\"https:\\\/\\\/www.facebook.com\\\/jornaloficinas\",\"https:\\\/\\\/x.com\\\/jornaloficinas\",\"https:\\\/\\\/www.instagram.com\\\/jornal_oficinas\\\/\",\"https:\\\/\\\/www.linkedin.com\\\/company\\\/jornal-das-oficinas\\\/\",\"https:\\\/\\\/www.youtube.com\\\/channel\\\/UCbQZBqtcvV-oSQrr7RzINGg\"]},{\"@type\":\"Person\",\"@id\":\"https:\\\/\\\/jornaldasoficinas.com\\\/pt\\\/#\\\/schema\\\/person\\\/a38eef5de2c41d9e7c9ac10141afddf3\",\"name\":\"Reda\u00e7\u00e3o JO\",\"image\":{\"@type\":\"ImageObject\",\"inLanguage\":\"pt-PT\",\"@id\":\"https:\\\/\\\/secure.gravatar.com\\\/avatar\\\/71f2fa71737ad68a84fea94bc708ddac8ea5b0c4788dc2ad202f3ccb2887742f?s=96&d=wp_user_avatar&r=g\",\"url\":\"https:\\\/\\\/secure.gravatar.com\\\/avatar\\\/71f2fa71737ad68a84fea94bc708ddac8ea5b0c4788dc2ad202f3ccb2887742f?s=96&d=wp_user_avatar&r=g\",\"contentUrl\":\"https:\\\/\\\/secure.gravatar.com\\\/avatar\\\/71f2fa71737ad68a84fea94bc708ddac8ea5b0c4788dc2ad202f3ccb2887742f?s=96&d=wp_user_avatar&r=g\",\"caption\":\"Reda\u00e7\u00e3o JO\"},\"url\":\"https:\\\/\\\/jornaldasoficinas.com\\\/pt\\\/author\\\/joredacao\\\/\"}]}<\/script>\n<!-- \/ Yoast SEO plugin. -->","yoast_head_json":{"title":"Oferta ve\u00edculos at\u00e9 um ano foi a que mais cresceu em agosto - Jornal das Oficinas","description":"Em agosto, verifica-se um crescimento de +18% na oferta do total de ve\u00edculos usados, acompanhado por um decr\u00e9scimo geral de -12% na procura","robots":{"index":"index","follow":"follow","max-snippet":"max-snippet:-1","max-image-preview":"max-image-preview:large","max-video-preview":"max-video-preview:-1"},"canonical":"https:\/\/jornaldasoficinas.com\/pt\/oferta-veiculos-ate-um-ano-foi-a-que-mais-cresceu-em-agosto\/","og_locale":"pt_PT","og_type":"article","og_title":"Oferta ve\u00edculos at\u00e9 um ano foi a que mais cresceu em agosto - Jornal das Oficinas","og_description":"Em agosto, verifica-se um crescimento de +18% na oferta do total de ve\u00edculos usados, acompanhado por um decr\u00e9scimo geral de -12% na procura","og_url":"https:\/\/jornaldasoficinas.com\/pt\/oferta-veiculos-ate-um-ano-foi-a-que-mais-cresceu-em-agosto\/","og_site_name":"Jornal das Oficinas","article_publisher":"https:\/\/www.facebook.com\/jornaloficinas","article_published_time":"2023-09-27T07:00:38+00:00","og_image":[{"width":1024,"height":581,"url":"https:\/\/jornaldasoficinas.com\/pt\/wp-content\/uploads\/2023\/09\/Oferta-veiculos-ate-um-ano.jpg","type":"image\/jpeg"}],"author":"Reda\u00e7\u00e3o JO","twitter_card":"summary_large_image","twitter_creator":"@jornaloficinas","twitter_site":"@jornaloficinas","twitter_misc":{"Escrito por":"Reda\u00e7\u00e3o JO","Tempo estimado de leitura":"5 minutos"},"schema":{"@context":"https:\/\/schema.org","@graph":[{"@type":"Article","@id":"https:\/\/jornaldasoficinas.com\/pt\/oferta-veiculos-ate-um-ano-foi-a-que-mais-cresceu-em-agosto\/#article","isPartOf":{"@id":"https:\/\/jornaldasoficinas.com\/pt\/oferta-veiculos-ate-um-ano-foi-a-que-mais-cresceu-em-agosto\/"},"author":{"name":"Reda\u00e7\u00e3o JO","@id":"https:\/\/jornaldasoficinas.com\/pt\/#\/schema\/person\/a38eef5de2c41d9e7c9ac10141afddf3"},"headline":"Oferta ve\u00edculos at\u00e9 um ano foi a que mais cresceu em agosto","datePublished":"2023-09-27T07:00:38+00:00","mainEntityOfPage":{"@id":"https:\/\/jornaldasoficinas.com\/pt\/oferta-veiculos-ate-um-ano-foi-a-que-mais-cresceu-em-agosto\/"},"wordCount":754,"publisher":{"@id":"https:\/\/jornaldasoficinas.com\/pt\/#organization"},"image":{"@id":"https:\/\/jornaldasoficinas.com\/pt\/oferta-veiculos-ate-um-ano-foi-a-que-mais-cresceu-em-agosto\/#primaryimage"},"thumbnailUrl":"https:\/\/jornaldasoficinas.com\/pt\/wp-content\/uploads\/2023\/09\/Oferta-veiculos-ate-um-ano.jpg","keywords":["Aumento da oferta","El\u00e9tricos Premium","Estat\u00edsticas","Ve\u00edculos usados"],"articleSection":["Mercado"],"inLanguage":"pt-PT"},{"@type":"WebPage","@id":"https:\/\/jornaldasoficinas.com\/pt\/oferta-veiculos-ate-um-ano-foi-a-que-mais-cresceu-em-agosto\/","url":"https:\/\/jornaldasoficinas.com\/pt\/oferta-veiculos-ate-um-ano-foi-a-que-mais-cresceu-em-agosto\/","name":"Oferta ve\u00edculos at\u00e9 um ano foi a que mais cresceu em agosto - Jornal das Oficinas","isPartOf":{"@id":"https:\/\/jornaldasoficinas.com\/pt\/#website"},"primaryImageOfPage":{"@id":"https:\/\/jornaldasoficinas.com\/pt\/oferta-veiculos-ate-um-ano-foi-a-que-mais-cresceu-em-agosto\/#primaryimage"},"image":{"@id":"https:\/\/jornaldasoficinas.com\/pt\/oferta-veiculos-ate-um-ano-foi-a-que-mais-cresceu-em-agosto\/#primaryimage"},"thumbnailUrl":"https:\/\/jornaldasoficinas.com\/pt\/wp-content\/uploads\/2023\/09\/Oferta-veiculos-ate-um-ano.jpg","datePublished":"2023-09-27T07:00:38+00:00","description":"Em agosto, verifica-se um crescimento de +18% na oferta do total de ve\u00edculos usados, acompanhado por um decr\u00e9scimo geral de -12% na procura","breadcrumb":{"@id":"https:\/\/jornaldasoficinas.com\/pt\/oferta-veiculos-ate-um-ano-foi-a-que-mais-cresceu-em-agosto\/#breadcrumb"},"inLanguage":"pt-PT","potentialAction":[{"@type":"ReadAction","target":["https:\/\/jornaldasoficinas.com\/pt\/oferta-veiculos-ate-um-ano-foi-a-que-mais-cresceu-em-agosto\/"]}]},{"@type":"ImageObject","inLanguage":"pt-PT","@id":"https:\/\/jornaldasoficinas.com\/pt\/oferta-veiculos-ate-um-ano-foi-a-que-mais-cresceu-em-agosto\/#primaryimage","url":"https:\/\/jornaldasoficinas.com\/pt\/wp-content\/uploads\/2023\/09\/Oferta-veiculos-ate-um-ano.jpg","contentUrl":"https:\/\/jornaldasoficinas.com\/pt\/wp-content\/uploads\/2023\/09\/Oferta-veiculos-ate-um-ano.jpg","width":1024,"height":581,"caption":"09 - Oferta veiculos ate um ano"},{"@type":"BreadcrumbList","@id":"https:\/\/jornaldasoficinas.com\/pt\/oferta-veiculos-ate-um-ano-foi-a-que-mais-cresceu-em-agosto\/#breadcrumb","itemListElement":[{"@type":"ListItem","position":1,"name":"In\u00edcio","item":"https:\/\/jornaldasoficinas.com\/pt\/"},{"@type":"ListItem","position":2,"name":"Oferta ve\u00edculos at\u00e9 um ano foi a que mais cresceu em agosto"}]},{"@type":"WebSite","@id":"https:\/\/jornaldasoficinas.com\/pt\/#website","url":"https:\/\/jornaldasoficinas.com\/pt\/","name":"Jornal das Oficinas","description":"Jornal independente do Aftermarket Autom\u00f3vel em Portugal","publisher":{"@id":"https:\/\/jornaldasoficinas.com\/pt\/#organization"},"potentialAction":[{"@type":"SearchAction","target":{"@type":"EntryPoint","urlTemplate":"https:\/\/jornaldasoficinas.com\/pt\/?s={search_term_string}"},"query-input":{"@type":"PropertyValueSpecification","valueRequired":true,"valueName":"search_term_string"}}],"inLanguage":"pt-PT"},{"@type":"Organization","@id":"https:\/\/jornaldasoficinas.com\/pt\/#organization","name":"Jornal das Oficinas","url":"https:\/\/jornaldasoficinas.com\/pt\/","logo":{"@type":"ImageObject","inLanguage":"pt-PT","@id":"https:\/\/jornaldasoficinas.com\/pt\/#\/schema\/logo\/image\/","url":"https:\/\/jornaldasoficinas.com\/pt\/wp-content\/uploads\/logoJO-SEO.png","contentUrl":"https:\/\/jornaldasoficinas.com\/pt\/wp-content\/uploads\/logoJO-SEO.png","width":285,"height":450,"caption":"Jornal das Oficinas"},"image":{"@id":"https:\/\/jornaldasoficinas.com\/pt\/#\/schema\/logo\/image\/"},"sameAs":["https:\/\/www.facebook.com\/jornaloficinas","https:\/\/x.com\/jornaloficinas","https:\/\/www.instagram.com\/jornal_oficinas\/","https:\/\/www.linkedin.com\/company\/jornal-das-oficinas\/","https:\/\/www.youtube.com\/channel\/UCbQZBqtcvV-oSQrr7RzINGg"]},{"@type":"Person","@id":"https:\/\/jornaldasoficinas.com\/pt\/#\/schema\/person\/a38eef5de2c41d9e7c9ac10141afddf3","name":"Reda\u00e7\u00e3o JO","image":{"@type":"ImageObject","inLanguage":"pt-PT","@id":"https:\/\/secure.gravatar.com\/avatar\/71f2fa71737ad68a84fea94bc708ddac8ea5b0c4788dc2ad202f3ccb2887742f?s=96&d=wp_user_avatar&r=g","url":"https:\/\/secure.gravatar.com\/avatar\/71f2fa71737ad68a84fea94bc708ddac8ea5b0c4788dc2ad202f3ccb2887742f?s=96&d=wp_user_avatar&r=g","contentUrl":"https:\/\/secure.gravatar.com\/avatar\/71f2fa71737ad68a84fea94bc708ddac8ea5b0c4788dc2ad202f3ccb2887742f?s=96&d=wp_user_avatar&r=g","caption":"Reda\u00e7\u00e3o JO"},"url":"https:\/\/jornaldasoficinas.com\/pt\/author\/joredacao\/"}]}},"_links":{"self":[{"href":"https:\/\/jornaldasoficinas.com\/pt\/wp-json\/wp\/v2\/posts\/72467","targetHints":{"allow":["GET"]}}],"collection":[{"href":"https:\/\/jornaldasoficinas.com\/pt\/wp-json\/wp\/v2\/posts"}],"about":[{"href":"https:\/\/jornaldasoficinas.com\/pt\/wp-json\/wp\/v2\/types\/post"}],"author":[{"embeddable":true,"href":"https:\/\/jornaldasoficinas.com\/pt\/wp-json\/wp\/v2\/users\/15"}],"replies":[{"embeddable":true,"href":"https:\/\/jornaldasoficinas.com\/pt\/wp-json\/wp\/v2\/comments?post=72467"}],"version-history":[{"count":0,"href":"https:\/\/jornaldasoficinas.com\/pt\/wp-json\/wp\/v2\/posts\/72467\/revisions"}],"wp:featuredmedia":[{"embeddable":true,"href":"https:\/\/jornaldasoficinas.com\/pt\/wp-json\/wp\/v2\/media\/72399"}],"wp:attachment":[{"href":"https:\/\/jornaldasoficinas.com\/pt\/wp-json\/wp\/v2\/media?parent=72467"}],"wp:term":[{"taxonomy":"category","embeddable":true,"href":"https:\/\/jornaldasoficinas.com\/pt\/wp-json\/wp\/v2\/categories?post=72467"},{"taxonomy":"post_tag","embeddable":true,"href":"https:\/\/jornaldasoficinas.com\/pt\/wp-json\/wp\/v2\/tags?post=72467"}],"curies":[{"name":"wp","href":"https:\/\/api.w.org\/{rel}","templated":true}]}}