{"id":72583,"date":"2023-09-29T14:00:28","date_gmt":"2023-09-29T13:00:28","guid":{"rendered":"https:\/\/jornaldasoficinas.com\/pt\/?p=72583"},"modified":"2023-09-29T13:36:07","modified_gmt":"2023-09-29T12:36:07","slug":"aran-marca-presenca-na-3a-edicao-connect-europe","status":"publish","type":"post","link":"https:\/\/jornaldasoficinas.com\/pt\/aran-marca-presenca-na-3a-edicao-connect-europe\/","title":{"rendered":"ARAN marca presen\u00e7a na 3\u00aa edi\u00e7\u00e3o #CONNECT Europe"},"content":{"rendered":"<p><strong><img loading=\"lazy\" decoding=\"async\" class=\"alignnone size-full wp-image-72584\" src=\"https:\/\/jornaldasoficinas.com\/pt\/wp-content\/uploads\/2023\/09\/ARAN-marca-presenca-na-3a-edicao-CONNECT-Europe-.png\" alt=\"09 - ARAN marca presenca na 3a edicao CONNECT Europe \" width=\"1024\" height=\"581\" srcset=\"https:\/\/jornaldasoficinas.com\/pt\/wp-content\/uploads\/2023\/09\/ARAN-marca-presenca-na-3a-edicao-CONNECT-Europe-.png 1024w, https:\/\/jornaldasoficinas.com\/pt\/wp-content\/uploads\/2023\/09\/ARAN-marca-presenca-na-3a-edicao-CONNECT-Europe--300x170.png 300w, https:\/\/jornaldasoficinas.com\/pt\/wp-content\/uploads\/2023\/09\/ARAN-marca-presenca-na-3a-edicao-CONNECT-Europe--150x85.png 150w, https:\/\/jornaldasoficinas.com\/pt\/wp-content\/uploads\/2023\/09\/ARAN-marca-presenca-na-3a-edicao-CONNECT-Europe--768x436.png 768w\" sizes=\"auto, (max-width: 1024px) 100vw, 1024px\" \/><\/strong><\/p>\n<p><strong>A <a href=\"https:\/\/aran.pt\/pt\/\" target=\"_blank\" rel=\"noopener\">ARAN<\/a> esteve presente na 3\u00aa edi\u00e7\u00e3o do #CONNECT Europe realizada em Berlim nos dias 14 e 15 de setembro, para partilhar os seus conhecimentos sobre a distribui\u00e7\u00e3o autom\u00f3vel do futuro<\/strong><\/p>\n<p>Em representa\u00e7\u00e3o da Associa\u00e7\u00e3o estiveram o Presidente da ARAN, Rodrigo Ferreira da Silva, que tamb\u00e9m \u00e9 Vice-presidente do CECRA \u2013 Conselho Europeu do Com\u00e9rcio e Repara\u00e7\u00e3o, a Secret\u00e1ria-Geral da ARAN Neli Valkanova, acompanhados por empresas associadas.<\/p>\n<p>Na #CONNECTEurope 2023, mais de 230 concession\u00e1rios, reparadores e especialistas autom\u00f3veis reuniram-se em Berlim para partilhar os seus conhecimentos sobre a distribui\u00e7\u00e3o autom\u00f3vel do futuro.<\/p>\n<p>A CECRA e a Infopro Digital realizaram a 3\u00aa edi\u00e7\u00e3o do #CONNECTEurope, um f\u00f3rum europeu e internacional sobre distribui\u00e7\u00e3o autom\u00f3vel. O evento contou com a presen\u00e7a de 230 participantes, distribuidores autom\u00f3veis e reparadores de autom\u00f3veis de passageiros e cami\u00f5es em toda a Europa e representantes de associa\u00e7\u00f5es nacionais e internacionais que defendem os seus interesses.<\/p>\n<p>Durante a sua 1\u00aa sess\u00e3o plen\u00e1ria, os concession\u00e1rios autom\u00f3veis debateram o que esperar de um modelo de ag\u00eancia de distribui\u00e7\u00e3o. Ser\u00e1 um modelo de neg\u00f3cio vi\u00e1vel? E quanto \u00e0 propriedade dos dados do cliente, dados cruciais para melhorar o desempenho dos neg\u00f3cios. Todas estas quest\u00f5es permanecem nesta fase sem resposta, uma vez que a implementa\u00e7\u00e3o deste conceito da ag\u00eancia na Europa s\u00f3 come\u00e7ou recentemente. A entrada no mercado europeu de ve\u00edculos el\u00e9tricos chineses \u00e9 um desafio para os fabricantes de ve\u00edculos europeus. Como ir\u00e1 a Europa reagir tendo em conta que os ve\u00edculos el\u00e9tricos s\u00e3o muito mais caros do que as viaturas ICE e que o poder de compra dos cidad\u00e3os europeus est\u00e1 a diminuir. O CECRA apela aos decisores europeus para que estabele\u00e7am programas de incentivos financeiros para tornar os ve\u00edculos el\u00e9tricos europeus mais acess\u00edveis, tudo isto para garantir que ocorrer\u00e1 uma utiliza\u00e7\u00e3o massiva de ve\u00edculos el\u00e9tricos e alcan\u00e7ar\u00e1 as metas clim\u00e1ticas definidas pela UE.<\/p>\n<p>Novas oportunidades de neg\u00f3cios para revendedores foram discutidas durante a 2\u00aa sess\u00e3o. Como s\u00e3o implementados os modelos de ag\u00eancia e qual ser\u00e1 o impacto na rentabilidade do neg\u00f3cio dos distribuidores. Os distribuidores incentivam os fabricantes a monitorar de perto este novo modelo de distribui\u00e7\u00e3o e a fazer ajustes quando necess\u00e1rio. Nem \u00e9 preciso dizer que precisa ser um neg\u00f3cio lucrativo, caso contr\u00e1rio os distribuidores poder\u00e3o ser atra\u00eddos para aceitar outras marcas que gerem melhores lucros.<\/p>\n<p>Na sua 3\u00aa sess\u00e3o plen\u00e1ria, o foco foi sobre como profissionalizar o neg\u00f3cio de autom\u00f3veis usados \u200b\u200be como erradicar a fraude no conta-quil\u00f3metros. O registo do hod\u00f3metro do Car-Pass durante a vida \u00fatil do ve\u00edculo \u00e9 um meio eficaz de resolver o problema. O estado de sa\u00fade e reparabilidade da bateria \u00e9 fundamental para o c\u00e1lculo do valor residual dos ve\u00edculos el\u00e9tricos usados \u200b\u200be para o mercado deste tipo de viaturas.<\/p>\n<p>Entre as sess\u00f5es plen\u00e1rias, decorreram 12 workshops que debateram, entre outros, temas sobre a rentabilidade da manuten\u00e7\u00e3o e repara\u00e7\u00e3o de ve\u00edculos el\u00e9tricos, dados e propriedade a bordo dos ve\u00edculos, novos modelos de leasing, otimiza\u00e7\u00e3o de neg\u00f3cios com dados de clientes, investimento em novos servi\u00e7os e como adaptar a mudan\u00e7a de comportamento entre empresas e consumidores.<\/p>\n","protected":false},"excerpt":{"rendered":"<p>A ARAN esteve presente na 3\u00aa&#8230;<\/p>\n","protected":false},"author":15,"featured_media":72584,"comment_status":"closed","ping_status":"closed","sticky":false,"template":"","format":"standard","meta":{"footnotes":""},"categories":[29],"tags":[6284,6283,136,6235],"class_list":["post-72583","post","type-post","status-publish","format-standard","has-post-thumbnail","hentry","category-empresas","tag-connect","tag-14-e-15-de-setembro","tag-aran","tag-berlim"],"yoast_head":"<!-- This site is optimized with the Yoast SEO plugin v27.4 - https:\/\/yoast.com\/product\/yoast-seo-wordpress\/ -->\n<title>ARAN marca presen\u00e7a na 3\u00aa edi\u00e7\u00e3o #CONNECT Europe - Jornal das Oficinas<\/title>\n<meta name=\"description\" content=\"A ARAN esteve presente na 3\u00aa edi\u00e7\u00e3o do #CONNECT Europe realizada em Berlim nos dias 14 e 15 do presente m\u00eas de setembro\" \/>\n<meta name=\"robots\" content=\"index, follow, max-snippet:-1, max-image-preview:large, max-video-preview:-1\" \/>\n<link rel=\"canonical\" href=\"https:\/\/jornaldasoficinas.com\/pt\/aran-marca-presenca-na-3a-edicao-connect-europe\/\" \/>\n<meta property=\"og:locale\" content=\"pt_PT\" \/>\n<meta property=\"og:type\" content=\"article\" \/>\n<meta property=\"og:title\" content=\"ARAN marca presen\u00e7a na 3\u00aa edi\u00e7\u00e3o #CONNECT Europe - Jornal das Oficinas\" \/>\n<meta property=\"og:description\" content=\"A ARAN esteve presente na 3\u00aa edi\u00e7\u00e3o do #CONNECT Europe realizada em Berlim nos dias 14 e 15 do presente m\u00eas de setembro\" \/>\n<meta property=\"og:url\" content=\"https:\/\/jornaldasoficinas.com\/pt\/aran-marca-presenca-na-3a-edicao-connect-europe\/\" \/>\n<meta property=\"og:site_name\" content=\"Jornal das Oficinas\" \/>\n<meta property=\"article:publisher\" content=\"https:\/\/www.facebook.com\/jornaloficinas\" \/>\n<meta property=\"article:published_time\" content=\"2023-09-29T13:00:28+00:00\" \/>\n<meta property=\"og:image\" content=\"https:\/\/jornaldasoficinas.com\/pt\/wp-content\/uploads\/2023\/09\/ARAN-marca-presenca-na-3a-edicao-CONNECT-Europe-.png\" \/>\n\t<meta property=\"og:image:width\" content=\"1024\" \/>\n\t<meta property=\"og:image:height\" content=\"581\" \/>\n\t<meta property=\"og:image:type\" content=\"image\/png\" \/>\n<meta name=\"author\" content=\"Reda\u00e7\u00e3o JO\" \/>\n<meta name=\"twitter:card\" content=\"summary_large_image\" \/>\n<meta name=\"twitter:creator\" content=\"@jornaloficinas\" \/>\n<meta name=\"twitter:site\" content=\"@jornaloficinas\" \/>\n<meta name=\"twitter:label1\" content=\"Escrito por\" \/>\n\t<meta name=\"twitter:data1\" content=\"Reda\u00e7\u00e3o JO\" \/>\n\t<meta name=\"twitter:label2\" content=\"Tempo estimado de leitura\" \/>\n\t<meta name=\"twitter:data2\" content=\"3 minutos\" \/>\n<script type=\"application\/ld+json\" class=\"yoast-schema-graph\">{\"@context\":\"https:\\\/\\\/schema.org\",\"@graph\":[{\"@type\":\"Article\",\"@id\":\"https:\\\/\\\/jornaldasoficinas.com\\\/pt\\\/aran-marca-presenca-na-3a-edicao-connect-europe\\\/#article\",\"isPartOf\":{\"@id\":\"https:\\\/\\\/jornaldasoficinas.com\\\/pt\\\/aran-marca-presenca-na-3a-edicao-connect-europe\\\/\"},\"author\":{\"name\":\"Reda\u00e7\u00e3o JO\",\"@id\":\"https:\\\/\\\/jornaldasoficinas.com\\\/pt\\\/#\\\/schema\\\/person\\\/a38eef5de2c41d9e7c9ac10141afddf3\"},\"headline\":\"ARAN marca presen\u00e7a na 3\u00aa edi\u00e7\u00e3o #CONNECT Europe\",\"datePublished\":\"2023-09-29T13:00:28+00:00\",\"mainEntityOfPage\":{\"@id\":\"https:\\\/\\\/jornaldasoficinas.com\\\/pt\\\/aran-marca-presenca-na-3a-edicao-connect-europe\\\/\"},\"wordCount\":579,\"publisher\":{\"@id\":\"https:\\\/\\\/jornaldasoficinas.com\\\/pt\\\/#organization\"},\"image\":{\"@id\":\"https:\\\/\\\/jornaldasoficinas.com\\\/pt\\\/aran-marca-presenca-na-3a-edicao-connect-europe\\\/#primaryimage\"},\"thumbnailUrl\":\"https:\\\/\\\/jornaldasoficinas.com\\\/pt\\\/wp-content\\\/uploads\\\/2023\\\/09\\\/ARAN-marca-presenca-na-3a-edicao-CONNECT-Europe-.png\",\"keywords\":[\"#CONNECT\",\"14 e 15 de setembro\",\"ARAN\",\"Berlim\"],\"articleSection\":[\"Empresas\"],\"inLanguage\":\"pt-PT\"},{\"@type\":\"WebPage\",\"@id\":\"https:\\\/\\\/jornaldasoficinas.com\\\/pt\\\/aran-marca-presenca-na-3a-edicao-connect-europe\\\/\",\"url\":\"https:\\\/\\\/jornaldasoficinas.com\\\/pt\\\/aran-marca-presenca-na-3a-edicao-connect-europe\\\/\",\"name\":\"ARAN marca presen\u00e7a na 3\u00aa edi\u00e7\u00e3o #CONNECT Europe - Jornal das Oficinas\",\"isPartOf\":{\"@id\":\"https:\\\/\\\/jornaldasoficinas.com\\\/pt\\\/#website\"},\"primaryImageOfPage\":{\"@id\":\"https:\\\/\\\/jornaldasoficinas.com\\\/pt\\\/aran-marca-presenca-na-3a-edicao-connect-europe\\\/#primaryimage\"},\"image\":{\"@id\":\"https:\\\/\\\/jornaldasoficinas.com\\\/pt\\\/aran-marca-presenca-na-3a-edicao-connect-europe\\\/#primaryimage\"},\"thumbnailUrl\":\"https:\\\/\\\/jornaldasoficinas.com\\\/pt\\\/wp-content\\\/uploads\\\/2023\\\/09\\\/ARAN-marca-presenca-na-3a-edicao-CONNECT-Europe-.png\",\"datePublished\":\"2023-09-29T13:00:28+00:00\",\"description\":\"A ARAN esteve presente na 3\u00aa edi\u00e7\u00e3o do #CONNECT Europe realizada em Berlim nos dias 14 e 15 do presente m\u00eas de setembro\",\"breadcrumb\":{\"@id\":\"https:\\\/\\\/jornaldasoficinas.com\\\/pt\\\/aran-marca-presenca-na-3a-edicao-connect-europe\\\/#breadcrumb\"},\"inLanguage\":\"pt-PT\",\"potentialAction\":[{\"@type\":\"ReadAction\",\"target\":[\"https:\\\/\\\/jornaldasoficinas.com\\\/pt\\\/aran-marca-presenca-na-3a-edicao-connect-europe\\\/\"]}]},{\"@type\":\"ImageObject\",\"inLanguage\":\"pt-PT\",\"@id\":\"https:\\\/\\\/jornaldasoficinas.com\\\/pt\\\/aran-marca-presenca-na-3a-edicao-connect-europe\\\/#primaryimage\",\"url\":\"https:\\\/\\\/jornaldasoficinas.com\\\/pt\\\/wp-content\\\/uploads\\\/2023\\\/09\\\/ARAN-marca-presenca-na-3a-edicao-CONNECT-Europe-.png\",\"contentUrl\":\"https:\\\/\\\/jornaldasoficinas.com\\\/pt\\\/wp-content\\\/uploads\\\/2023\\\/09\\\/ARAN-marca-presenca-na-3a-edicao-CONNECT-Europe-.png\",\"width\":1024,\"height\":581,\"caption\":\"09 - ARAN marca presenca na 3a edicao CONNECT Europe\"},{\"@type\":\"BreadcrumbList\",\"@id\":\"https:\\\/\\\/jornaldasoficinas.com\\\/pt\\\/aran-marca-presenca-na-3a-edicao-connect-europe\\\/#breadcrumb\",\"itemListElement\":[{\"@type\":\"ListItem\",\"position\":1,\"name\":\"In\u00edcio\",\"item\":\"https:\\\/\\\/jornaldasoficinas.com\\\/pt\\\/\"},{\"@type\":\"ListItem\",\"position\":2,\"name\":\"ARAN marca presen\u00e7a na 3\u00aa edi\u00e7\u00e3o #CONNECT Europe\"}]},{\"@type\":\"WebSite\",\"@id\":\"https:\\\/\\\/jornaldasoficinas.com\\\/pt\\\/#website\",\"url\":\"https:\\\/\\\/jornaldasoficinas.com\\\/pt\\\/\",\"name\":\"Jornal das Oficinas\",\"description\":\"Jornal independente do Aftermarket Autom\u00f3vel em Portugal\",\"publisher\":{\"@id\":\"https:\\\/\\\/jornaldasoficinas.com\\\/pt\\\/#organization\"},\"potentialAction\":[{\"@type\":\"SearchAction\",\"target\":{\"@type\":\"EntryPoint\",\"urlTemplate\":\"https:\\\/\\\/jornaldasoficinas.com\\\/pt\\\/?s={search_term_string}\"},\"query-input\":{\"@type\":\"PropertyValueSpecification\",\"valueRequired\":true,\"valueName\":\"search_term_string\"}}],\"inLanguage\":\"pt-PT\"},{\"@type\":\"Organization\",\"@id\":\"https:\\\/\\\/jornaldasoficinas.com\\\/pt\\\/#organization\",\"name\":\"Jornal das Oficinas\",\"url\":\"https:\\\/\\\/jornaldasoficinas.com\\\/pt\\\/\",\"logo\":{\"@type\":\"ImageObject\",\"inLanguage\":\"pt-PT\",\"@id\":\"https:\\\/\\\/jornaldasoficinas.com\\\/pt\\\/#\\\/schema\\\/logo\\\/image\\\/\",\"url\":\"https:\\\/\\\/jornaldasoficinas.com\\\/pt\\\/wp-content\\\/uploads\\\/logoJO-SEO.png\",\"contentUrl\":\"https:\\\/\\\/jornaldasoficinas.com\\\/pt\\\/wp-content\\\/uploads\\\/logoJO-SEO.png\",\"width\":285,\"height\":450,\"caption\":\"Jornal das Oficinas\"},\"image\":{\"@id\":\"https:\\\/\\\/jornaldasoficinas.com\\\/pt\\\/#\\\/schema\\\/logo\\\/image\\\/\"},\"sameAs\":[\"https:\\\/\\\/www.facebook.com\\\/jornaloficinas\",\"https:\\\/\\\/x.com\\\/jornaloficinas\",\"https:\\\/\\\/www.instagram.com\\\/jornal_oficinas\\\/\",\"https:\\\/\\\/www.linkedin.com\\\/company\\\/jornal-das-oficinas\\\/\",\"https:\\\/\\\/www.youtube.com\\\/channel\\\/UCbQZBqtcvV-oSQrr7RzINGg\"]},{\"@type\":\"Person\",\"@id\":\"https:\\\/\\\/jornaldasoficinas.com\\\/pt\\\/#\\\/schema\\\/person\\\/a38eef5de2c41d9e7c9ac10141afddf3\",\"name\":\"Reda\u00e7\u00e3o JO\",\"image\":{\"@type\":\"ImageObject\",\"inLanguage\":\"pt-PT\",\"@id\":\"https:\\\/\\\/secure.gravatar.com\\\/avatar\\\/71f2fa71737ad68a84fea94bc708ddac8ea5b0c4788dc2ad202f3ccb2887742f?s=96&d=wp_user_avatar&r=g\",\"url\":\"https:\\\/\\\/secure.gravatar.com\\\/avatar\\\/71f2fa71737ad68a84fea94bc708ddac8ea5b0c4788dc2ad202f3ccb2887742f?s=96&d=wp_user_avatar&r=g\",\"contentUrl\":\"https:\\\/\\\/secure.gravatar.com\\\/avatar\\\/71f2fa71737ad68a84fea94bc708ddac8ea5b0c4788dc2ad202f3ccb2887742f?s=96&d=wp_user_avatar&r=g\",\"caption\":\"Reda\u00e7\u00e3o JO\"},\"url\":\"https:\\\/\\\/jornaldasoficinas.com\\\/pt\\\/author\\\/joredacao\\\/\"}]}<\/script>\n<!-- \/ Yoast SEO plugin. -->","yoast_head_json":{"title":"ARAN marca presen\u00e7a na 3\u00aa edi\u00e7\u00e3o #CONNECT Europe - Jornal das Oficinas","description":"A ARAN esteve presente na 3\u00aa edi\u00e7\u00e3o do #CONNECT Europe realizada em Berlim nos dias 14 e 15 do presente m\u00eas de setembro","robots":{"index":"index","follow":"follow","max-snippet":"max-snippet:-1","max-image-preview":"max-image-preview:large","max-video-preview":"max-video-preview:-1"},"canonical":"https:\/\/jornaldasoficinas.com\/pt\/aran-marca-presenca-na-3a-edicao-connect-europe\/","og_locale":"pt_PT","og_type":"article","og_title":"ARAN marca presen\u00e7a na 3\u00aa edi\u00e7\u00e3o #CONNECT Europe - Jornal das Oficinas","og_description":"A ARAN esteve presente na 3\u00aa edi\u00e7\u00e3o do #CONNECT Europe realizada em Berlim nos dias 14 e 15 do presente m\u00eas de setembro","og_url":"https:\/\/jornaldasoficinas.com\/pt\/aran-marca-presenca-na-3a-edicao-connect-europe\/","og_site_name":"Jornal das Oficinas","article_publisher":"https:\/\/www.facebook.com\/jornaloficinas","article_published_time":"2023-09-29T13:00:28+00:00","og_image":[{"width":1024,"height":581,"url":"https:\/\/jornaldasoficinas.com\/pt\/wp-content\/uploads\/2023\/09\/ARAN-marca-presenca-na-3a-edicao-CONNECT-Europe-.png","type":"image\/png"}],"author":"Reda\u00e7\u00e3o JO","twitter_card":"summary_large_image","twitter_creator":"@jornaloficinas","twitter_site":"@jornaloficinas","twitter_misc":{"Escrito por":"Reda\u00e7\u00e3o JO","Tempo estimado de leitura":"3 minutos"},"schema":{"@context":"https:\/\/schema.org","@graph":[{"@type":"Article","@id":"https:\/\/jornaldasoficinas.com\/pt\/aran-marca-presenca-na-3a-edicao-connect-europe\/#article","isPartOf":{"@id":"https:\/\/jornaldasoficinas.com\/pt\/aran-marca-presenca-na-3a-edicao-connect-europe\/"},"author":{"name":"Reda\u00e7\u00e3o JO","@id":"https:\/\/jornaldasoficinas.com\/pt\/#\/schema\/person\/a38eef5de2c41d9e7c9ac10141afddf3"},"headline":"ARAN marca presen\u00e7a na 3\u00aa edi\u00e7\u00e3o #CONNECT Europe","datePublished":"2023-09-29T13:00:28+00:00","mainEntityOfPage":{"@id":"https:\/\/jornaldasoficinas.com\/pt\/aran-marca-presenca-na-3a-edicao-connect-europe\/"},"wordCount":579,"publisher":{"@id":"https:\/\/jornaldasoficinas.com\/pt\/#organization"},"image":{"@id":"https:\/\/jornaldasoficinas.com\/pt\/aran-marca-presenca-na-3a-edicao-connect-europe\/#primaryimage"},"thumbnailUrl":"https:\/\/jornaldasoficinas.com\/pt\/wp-content\/uploads\/2023\/09\/ARAN-marca-presenca-na-3a-edicao-CONNECT-Europe-.png","keywords":["#CONNECT","14 e 15 de setembro","ARAN","Berlim"],"articleSection":["Empresas"],"inLanguage":"pt-PT"},{"@type":"WebPage","@id":"https:\/\/jornaldasoficinas.com\/pt\/aran-marca-presenca-na-3a-edicao-connect-europe\/","url":"https:\/\/jornaldasoficinas.com\/pt\/aran-marca-presenca-na-3a-edicao-connect-europe\/","name":"ARAN marca presen\u00e7a na 3\u00aa edi\u00e7\u00e3o #CONNECT Europe - Jornal das Oficinas","isPartOf":{"@id":"https:\/\/jornaldasoficinas.com\/pt\/#website"},"primaryImageOfPage":{"@id":"https:\/\/jornaldasoficinas.com\/pt\/aran-marca-presenca-na-3a-edicao-connect-europe\/#primaryimage"},"image":{"@id":"https:\/\/jornaldasoficinas.com\/pt\/aran-marca-presenca-na-3a-edicao-connect-europe\/#primaryimage"},"thumbnailUrl":"https:\/\/jornaldasoficinas.com\/pt\/wp-content\/uploads\/2023\/09\/ARAN-marca-presenca-na-3a-edicao-CONNECT-Europe-.png","datePublished":"2023-09-29T13:00:28+00:00","description":"A ARAN esteve presente na 3\u00aa edi\u00e7\u00e3o do #CONNECT Europe realizada em Berlim nos dias 14 e 15 do presente m\u00eas de setembro","breadcrumb":{"@id":"https:\/\/jornaldasoficinas.com\/pt\/aran-marca-presenca-na-3a-edicao-connect-europe\/#breadcrumb"},"inLanguage":"pt-PT","potentialAction":[{"@type":"ReadAction","target":["https:\/\/jornaldasoficinas.com\/pt\/aran-marca-presenca-na-3a-edicao-connect-europe\/"]}]},{"@type":"ImageObject","inLanguage":"pt-PT","@id":"https:\/\/jornaldasoficinas.com\/pt\/aran-marca-presenca-na-3a-edicao-connect-europe\/#primaryimage","url":"https:\/\/jornaldasoficinas.com\/pt\/wp-content\/uploads\/2023\/09\/ARAN-marca-presenca-na-3a-edicao-CONNECT-Europe-.png","contentUrl":"https:\/\/jornaldasoficinas.com\/pt\/wp-content\/uploads\/2023\/09\/ARAN-marca-presenca-na-3a-edicao-CONNECT-Europe-.png","width":1024,"height":581,"caption":"09 - ARAN marca presenca na 3a edicao CONNECT Europe"},{"@type":"BreadcrumbList","@id":"https:\/\/jornaldasoficinas.com\/pt\/aran-marca-presenca-na-3a-edicao-connect-europe\/#breadcrumb","itemListElement":[{"@type":"ListItem","position":1,"name":"In\u00edcio","item":"https:\/\/jornaldasoficinas.com\/pt\/"},{"@type":"ListItem","position":2,"name":"ARAN marca presen\u00e7a na 3\u00aa edi\u00e7\u00e3o #CONNECT Europe"}]},{"@type":"WebSite","@id":"https:\/\/jornaldasoficinas.com\/pt\/#website","url":"https:\/\/jornaldasoficinas.com\/pt\/","name":"Jornal das Oficinas","description":"Jornal independente do Aftermarket Autom\u00f3vel em Portugal","publisher":{"@id":"https:\/\/jornaldasoficinas.com\/pt\/#organization"},"potentialAction":[{"@type":"SearchAction","target":{"@type":"EntryPoint","urlTemplate":"https:\/\/jornaldasoficinas.com\/pt\/?s={search_term_string}"},"query-input":{"@type":"PropertyValueSpecification","valueRequired":true,"valueName":"search_term_string"}}],"inLanguage":"pt-PT"},{"@type":"Organization","@id":"https:\/\/jornaldasoficinas.com\/pt\/#organization","name":"Jornal das Oficinas","url":"https:\/\/jornaldasoficinas.com\/pt\/","logo":{"@type":"ImageObject","inLanguage":"pt-PT","@id":"https:\/\/jornaldasoficinas.com\/pt\/#\/schema\/logo\/image\/","url":"https:\/\/jornaldasoficinas.com\/pt\/wp-content\/uploads\/logoJO-SEO.png","contentUrl":"https:\/\/jornaldasoficinas.com\/pt\/wp-content\/uploads\/logoJO-SEO.png","width":285,"height":450,"caption":"Jornal das Oficinas"},"image":{"@id":"https:\/\/jornaldasoficinas.com\/pt\/#\/schema\/logo\/image\/"},"sameAs":["https:\/\/www.facebook.com\/jornaloficinas","https:\/\/x.com\/jornaloficinas","https:\/\/www.instagram.com\/jornal_oficinas\/","https:\/\/www.linkedin.com\/company\/jornal-das-oficinas\/","https:\/\/www.youtube.com\/channel\/UCbQZBqtcvV-oSQrr7RzINGg"]},{"@type":"Person","@id":"https:\/\/jornaldasoficinas.com\/pt\/#\/schema\/person\/a38eef5de2c41d9e7c9ac10141afddf3","name":"Reda\u00e7\u00e3o JO","image":{"@type":"ImageObject","inLanguage":"pt-PT","@id":"https:\/\/secure.gravatar.com\/avatar\/71f2fa71737ad68a84fea94bc708ddac8ea5b0c4788dc2ad202f3ccb2887742f?s=96&d=wp_user_avatar&r=g","url":"https:\/\/secure.gravatar.com\/avatar\/71f2fa71737ad68a84fea94bc708ddac8ea5b0c4788dc2ad202f3ccb2887742f?s=96&d=wp_user_avatar&r=g","contentUrl":"https:\/\/secure.gravatar.com\/avatar\/71f2fa71737ad68a84fea94bc708ddac8ea5b0c4788dc2ad202f3ccb2887742f?s=96&d=wp_user_avatar&r=g","caption":"Reda\u00e7\u00e3o JO"},"url":"https:\/\/jornaldasoficinas.com\/pt\/author\/joredacao\/"}]}},"_links":{"self":[{"href":"https:\/\/jornaldasoficinas.com\/pt\/wp-json\/wp\/v2\/posts\/72583","targetHints":{"allow":["GET"]}}],"collection":[{"href":"https:\/\/jornaldasoficinas.com\/pt\/wp-json\/wp\/v2\/posts"}],"about":[{"href":"https:\/\/jornaldasoficinas.com\/pt\/wp-json\/wp\/v2\/types\/post"}],"author":[{"embeddable":true,"href":"https:\/\/jornaldasoficinas.com\/pt\/wp-json\/wp\/v2\/users\/15"}],"replies":[{"embeddable":true,"href":"https:\/\/jornaldasoficinas.com\/pt\/wp-json\/wp\/v2\/comments?post=72583"}],"version-history":[{"count":0,"href":"https:\/\/jornaldasoficinas.com\/pt\/wp-json\/wp\/v2\/posts\/72583\/revisions"}],"wp:featuredmedia":[{"embeddable":true,"href":"https:\/\/jornaldasoficinas.com\/pt\/wp-json\/wp\/v2\/media\/72584"}],"wp:attachment":[{"href":"https:\/\/jornaldasoficinas.com\/pt\/wp-json\/wp\/v2\/media?parent=72583"}],"wp:term":[{"taxonomy":"category","embeddable":true,"href":"https:\/\/jornaldasoficinas.com\/pt\/wp-json\/wp\/v2\/categories?post=72583"},{"taxonomy":"post_tag","embeddable":true,"href":"https:\/\/jornaldasoficinas.com\/pt\/wp-json\/wp\/v2\/tags?post=72583"}],"curies":[{"name":"wp","href":"https:\/\/api.w.org\/{rel}","templated":true}]}}