{"id":72610,"date":"2023-10-01T20:00:14","date_gmt":"2023-10-01T19:00:14","guid":{"rendered":"https:\/\/jornaldasoficinas.com\/pt\/?p=72610"},"modified":"2023-10-09T11:09:28","modified_gmt":"2023-10-09T10:09:28","slug":"jornal-das-oficinas-de-outubro-disponivel-online","status":"publish","type":"post","link":"https:\/\/jornaldasoficinas.com\/pt\/jornal-das-oficinas-de-outubro-disponivel-online\/","title":{"rendered":"Jornal das Oficinas de outubro dispon\u00edvel online!"},"content":{"rendered":"<p><strong><img loading=\"lazy\" decoding=\"async\" class=\"alignnone size-full wp-image-72612\" src=\"https:\/\/jornaldasoficinas.com\/pt\/wp-content\/uploads\/2023\/09\/JO212Big-1.png\" alt=\"09 - JO212Big 1\" width=\"1024\" height=\"581\" srcset=\"https:\/\/jornaldasoficinas.com\/pt\/wp-content\/uploads\/2023\/09\/JO212Big-1.png 1024w, https:\/\/jornaldasoficinas.com\/pt\/wp-content\/uploads\/2023\/09\/JO212Big-1-300x170.png 300w, https:\/\/jornaldasoficinas.com\/pt\/wp-content\/uploads\/2023\/09\/JO212Big-1-150x85.png 150w, https:\/\/jornaldasoficinas.com\/pt\/wp-content\/uploads\/2023\/09\/JO212Big-1-768x436.png 768w\" sizes=\"auto, (max-width: 1024px) 100vw, 1024px\" \/><\/strong><\/p>\n<p><strong>Na edi\u00e7\u00e3o de outubro do Jornal das Oficinas, o artigo de destaque \u00e9 sobre \u201cLideran\u00e7a nas empresas aftermarket\u201d. A lideran\u00e7a consiste em orientar e influenciar os resultados, permitindo que grupos de pessoas trabalhem em conjunto para realizar o que n\u00e3o poderiam fazer individualmente. S\u00e3o as a\u00e7\u00f5es do l\u00edder, e n\u00e3o as suas palavras, que inspiram confian\u00e7a e energia<\/strong><\/p>\n<p>No artigo dedicado \u00e0 <a href=\"https:\/\/www.emobility.pt\/\" target=\"_blank\" rel=\"noopener\">Campanha E-Mobility<\/a> abordamos os novos desafios da mobilidade sustent\u00e1vel. 2035 ser\u00e1 previsivelmente o ano chave na transi\u00e7\u00e3o do motor de combust\u00e3o para modelos mais ecol\u00f3gicos. Pa\u00edses, empresas e consumidores devem alterar a sua forma de pensar e agir de forma a adaptarem-se \u00e0s altera\u00e7\u00f5es que se avizinham.<\/p>\n<p>Com os olhos postos no futuro, a <a href=\"https:\/\/www.atrinternational.com\/\" target=\"_blank\" rel=\"noopener\">ATR International<\/a>, um dos maiores grupos de compras de pe\u00e7as autom\u00f3vel a n\u00edvel global, reuniu em Lisboa, nos dias 19 e 20 setembro, acionistas e fornecedores para debater sobre a melhor forma de otimizar as suas solu\u00e7\u00f5es para as oficinas. Digitaliza\u00e7\u00e3o e sustentabilidade foram os grandes temas em debate.<\/p>\n<p>A <a href=\"https:\/\/www.magnetimarelli-parts-and-services.pt\/oficinas\/checkstar.html\" target=\"_blank\" rel=\"noopener\">Rede Magneti Marelli Checkstar<\/a> aposta na transforma\u00e7\u00e3o digital das suas oficinas. Contando com uma experi\u00eancia de mais de 100 anos, a rede Magneti Marelli Checkstar oferece servi\u00e7os de repara\u00e7\u00e3o profissionais apoiados na utiliza\u00e7\u00e3o de pe\u00e7as e equipamentos de alta qualidade, know-how t\u00e9cnico e forma\u00e7\u00e3o cont\u00ednua. A grande aposta para os pr\u00f3ximos anos \u00e9 na digitaliza\u00e7\u00e3o dos processos e nas redes sociais.<\/p>\n<p>No m\u00eas de outubro v\u00e1rias marcas e empresas promovem Campanhas. A <a href=\"https:\/\/textar.com\/en\/\" target=\"_blank\" rel=\"noopener\">Textar<\/a>, especialista em travagem, est\u00e1 a oferecer aos reparadores de ve\u00edculos ligeiros e pesados a oportunidade de ganhar mais de 20.000 euros em pr\u00e9mios. Por sua vez, a <a href=\"https:\/\/aserautomotive.com\/\" target=\"_blank\" rel=\"noopener\">ASER<\/a> celebra 6\u00aa edi\u00e7\u00e3o do Give Me Five. Chega a Portugal gra\u00e7as aos nove parceiros que o grupo tem no nosso pa\u00eds, <a href=\"https:\/\/www.atm.com.pt\/\" target=\"_blank\" rel=\"noopener\">ATM<\/a>, <a href=\"https:\/\/www.formigosa.pt\/\" target=\"_blank\" rel=\"noopener\">Formigosa<\/a>, <a href=\"https:\/\/celparts-lda-celorico-de-basto.negocio.site\/?utm_source=gmb&amp;utm_medium=referral\" target=\"_blank\" rel=\"noopener\">Celparts<\/a>, <a href=\"https:\/\/humberpecas.pt\/pt\/\" target=\"_blank\" rel=\"noopener\">Humberpe\u00e7as<\/a>, <a href=\"https:\/\/www.facebook.com\/profile.php?id=100043124847320\" target=\"_blank\" rel=\"noopener\">Mpe\u00e7as<\/a>, <a href=\"http:\/\/www.npecas.com.pt\/\" target=\"_blank\" rel=\"noopener\">Npe\u00e7as<\/a>, <a href=\"https:\/\/primopecas.pt\/\" target=\"_blank\" rel=\"noopener\">Primope\u00e7as<\/a>, <a href=\"https:\/\/samiparts.pt\/\" target=\"_blank\" rel=\"noopener\">Samiparts<\/a> e <a href=\"https:\/\/www.silvas-ap.pt\/\" target=\"_blank\" rel=\"noopener\">Silvaspe\u00e7as<\/a>.<\/p>\n<p>Nesta edi\u00e7\u00e3o temos v\u00e1rias entrevistas, designadamente: Juan Ignacio Moreno, Diretor Geral da <a href=\"https:\/\/www.yuasa.es\/\" target=\"_blank\" rel=\"noopener\">GS YUASA Battery Iberia<\/a>; Nuno Dur\u00e3o, diretor-geral <a href=\"https:\/\/pro4matic.com\/pt\/\" target=\"_blank\" rel=\"noopener\">Pro4Matic<\/a>; Paulo Carvalho, diretor-geral da <a href=\"https:\/\/carf.pt\/\" target=\"_blank\" rel=\"noopener\">CARF<\/a>; e ainda Ruben Foixench, diretor geral <a href=\"https:\/\/www.fare-auto.com\/en\/\" target=\"_blank\" rel=\"noopener\">FARE Automotive<\/a>.<\/p>\n<p>A Oficina do M\u00eas \u00e9 a <a href=\"https:\/\/www.facebook.com\/profile.php?id=100043398014032\" target=\"_blank\" rel=\"noopener\">Auto Esteves<\/a>, que foi a vencedora da \u00faltima edi\u00e7\u00e3o da <a href=\"https:\/\/www.apcomunicacao.com\/challenge-oficinas\" target=\"_blank\" rel=\"noopener\">Competi\u00e7\u00e3o Challenge Oficinas<\/a>, organizada pelo JO. Visit\u00e1mos as instala\u00e7\u00f5es e fal\u00e1mos com o gerente Marco Esteves, que nos contou a hist\u00f3ria da empresa e a sua paix\u00e3o pela mec\u00e2nica e por todas as atividades ligadas \u00e0 repara\u00e7\u00e3o autom\u00f3vel.<\/p>\n<p>A <a href=\"https:\/\/www.ntn-snr.com\/pt\" target=\"_blank\" rel=\"noopener\">SNR<\/a>, marca pertencente \u00e0 <a href=\"https:\/\/www.ntn-snr.com\/pt\" target=\"_blank\" rel=\"noopener\">NTN<\/a> Europe, coloca toda a sua experi\u00eancia ao servi\u00e7o das pe\u00e7as de substitui\u00e7\u00e3o motor, com mais de 10 milh\u00f5es de tensores e 40 milh\u00f5es de rolamentos para tensores fabricados todos os anos. Com a gama Powertrain, que inclui mais de 3.200 refer\u00eancias, os distribuidores, as oficinas e os condutores t\u00eam \u00e0 sua disposi\u00e7\u00e3o produtos que lhes permitem manter o desempenho original dos seus ve\u00edculos.<\/p>\n<p>O artigo T\u00e9cnica &amp; Servi\u00e7o deste m\u00eas de outubro \u00e9 sobre as baterias de i\u00f5es de l\u00edtio e os riscos de contacto qu\u00edmico. Embora as baterias de i\u00f5es de l\u00edtio sejam fi\u00e1veis e o risco de combust\u00e3o seja relativamente baixo, \u00e9 importante ter conhecimento dos conselhos de seguran\u00e7a ao manuse\u00e1-las, armazen\u00e1-las ou elimin\u00e1-las.<\/p>\n<p>Finalizamos esta edi\u00e7\u00e3o de outubro do JO com o artigo de Gest\u00e3o \u201cAtualizar e modernizar a oficina\u201d. Adaptar-se \u00e0s mudan\u00e7as e \u00e0 evolu\u00e7\u00e3o do setor e do mercado deve ser um dos objetivos principais de qualquer neg\u00f3cio ou empresa, portanto, de qualquer oficina. Para isso, \u00e9 importante a autocr\u00edtica, reconhecer e identificar tudo aquilo em que fic\u00e1mos para tr\u00e1s.<\/p>\n<p>Desejamos boas leituras e at\u00e9 \u00e0 pr\u00f3xima edi\u00e7\u00e3o do JO<\/p>\n<p><iframe loading=\"lazy\" src=\"https:\/\/www.yumpu.com\/pt\/embed\/view\/MpES7HOokNX8eUV9\" width=\"620px\" height=\"500px\" frameborder=\"0\" allowfullscreen=\"allowfullscreen\"><span style=\"display: inline-block; width: 0px; overflow: hidden; line-height: 0;\" data-mce-type=\"bookmark\" class=\"mce_SELRES_start\">\ufeff<\/span><\/iframe><\/p>\n","protected":false},"excerpt":{"rendered":"<p>Na edi\u00e7\u00e3o de outubro do Jornal&#8230;<\/p>\n","protected":false},"author":15,"featured_media":72612,"comment_status":"closed","ping_status":"closed","sticky":false,"template":"","format":"standard","meta":{"footnotes":""},"categories":[411],"tags":[255,2666,1235,2508,3602,1397,4955,1196,6291,6290,2075,256,193,4956,2811,2795,1746,531,417,4958,6292,801],"class_list":["post-72610","post","type-post","status-publish","format-standard","has-post-thumbnail","hentry","category-edicoes-jo","tag-aser","tag-atm","tag-atr-international","tag-auto-esteves","tag-campanha-e-mobility","tag-carf","tag-celparts","tag-challenge-oficinas","tag-fare-automotive","tag-formigosa","tag-gs-yuasa","tag-humberpecas","tag-magneti-marelli","tag-mpecas","tag-npecas","tag-ntn","tag-primopecas","tag-pro4matic","tag-samiparts","tag-silvaspecas","tag-snr","tag-textar"],"yoast_head":"<!-- This site is optimized with the Yoast SEO plugin v27.5 - https:\/\/yoast.com\/product\/yoast-seo-wordpress\/ -->\n<title>Jornal das Oficinas de outubro dispon\u00edvel online! - Jornal das Oficinas<\/title>\n<meta name=\"description\" content=\"Na edi\u00e7\u00e3o de outubro do Jornal das Oficinas, o artigo de destaque \u00e9 sobre \u201cLideran\u00e7a nas empresas aftermarket\u201d.\" \/>\n<meta name=\"robots\" content=\"index, follow, max-snippet:-1, max-image-preview:large, max-video-preview:-1\" \/>\n<link rel=\"canonical\" href=\"https:\/\/jornaldasoficinas.com\/pt\/jornal-das-oficinas-de-outubro-disponivel-online\/\" \/>\n<meta property=\"og:locale\" content=\"pt_PT\" \/>\n<meta property=\"og:type\" content=\"article\" \/>\n<meta property=\"og:title\" content=\"Jornal das Oficinas de outubro dispon\u00edvel online! - Jornal das Oficinas\" \/>\n<meta property=\"og:description\" content=\"Na edi\u00e7\u00e3o de outubro do Jornal das Oficinas, o artigo de destaque \u00e9 sobre \u201cLideran\u00e7a nas empresas aftermarket\u201d.\" \/>\n<meta property=\"og:url\" content=\"https:\/\/jornaldasoficinas.com\/pt\/jornal-das-oficinas-de-outubro-disponivel-online\/\" \/>\n<meta property=\"og:site_name\" content=\"Jornal das Oficinas\" \/>\n<meta property=\"article:publisher\" content=\"https:\/\/www.facebook.com\/jornaloficinas\" \/>\n<meta property=\"article:published_time\" content=\"2023-10-01T19:00:14+00:00\" \/>\n<meta property=\"article:modified_time\" content=\"2023-10-09T10:09:28+00:00\" \/>\n<meta property=\"og:image\" content=\"https:\/\/jornaldasoficinas.com\/pt\/wp-content\/uploads\/2023\/09\/JO212Big-1.png\" \/>\n\t<meta property=\"og:image:width\" content=\"1024\" \/>\n\t<meta property=\"og:image:height\" content=\"581\" \/>\n\t<meta property=\"og:image:type\" content=\"image\/png\" \/>\n<meta name=\"author\" content=\"Reda\u00e7\u00e3o JO\" \/>\n<meta name=\"twitter:card\" content=\"summary_large_image\" \/>\n<meta name=\"twitter:creator\" content=\"@jornaloficinas\" \/>\n<meta name=\"twitter:site\" content=\"@jornaloficinas\" \/>\n<meta name=\"twitter:label1\" content=\"Escrito por\" \/>\n\t<meta name=\"twitter:data1\" content=\"Reda\u00e7\u00e3o JO\" \/>\n\t<meta name=\"twitter:label2\" content=\"Tempo estimado de leitura\" \/>\n\t<meta name=\"twitter:data2\" content=\"4 minutos\" \/>\n<script type=\"application\/ld+json\" class=\"yoast-schema-graph\">{\"@context\":\"https:\\\/\\\/schema.org\",\"@graph\":[{\"@type\":\"Article\",\"@id\":\"https:\\\/\\\/jornaldasoficinas.com\\\/pt\\\/jornal-das-oficinas-de-outubro-disponivel-online\\\/#article\",\"isPartOf\":{\"@id\":\"https:\\\/\\\/jornaldasoficinas.com\\\/pt\\\/jornal-das-oficinas-de-outubro-disponivel-online\\\/\"},\"author\":{\"name\":\"Reda\u00e7\u00e3o JO\",\"@id\":\"https:\\\/\\\/jornaldasoficinas.com\\\/pt\\\/#\\\/schema\\\/person\\\/a38eef5de2c41d9e7c9ac10141afddf3\"},\"headline\":\"Jornal das Oficinas de outubro dispon\u00edvel online!\",\"datePublished\":\"2023-10-01T19:00:14+00:00\",\"dateModified\":\"2023-10-09T10:09:28+00:00\",\"mainEntityOfPage\":{\"@id\":\"https:\\\/\\\/jornaldasoficinas.com\\\/pt\\\/jornal-das-oficinas-de-outubro-disponivel-online\\\/\"},\"wordCount\":655,\"publisher\":{\"@id\":\"https:\\\/\\\/jornaldasoficinas.com\\\/pt\\\/#organization\"},\"image\":{\"@id\":\"https:\\\/\\\/jornaldasoficinas.com\\\/pt\\\/jornal-das-oficinas-de-outubro-disponivel-online\\\/#primaryimage\"},\"thumbnailUrl\":\"https:\\\/\\\/jornaldasoficinas.com\\\/pt\\\/wp-content\\\/uploads\\\/2023\\\/09\\\/JO212Big-1.png\",\"keywords\":[\"ASER\",\"ATM\",\"ATR International\",\"Auto Esteves\",\"Campanha E-Mobility\",\"Carf\",\"Celparts\",\"Challenge Oficinas\",\"FARE Automotive\",\"Formigosa\",\"GS Yuasa\",\"HUMBERPE\u00c7AS\",\"Magneti Marelli\",\"Mpe\u00e7as\",\"NPe\u00e7as\",\"NTN\",\"Primope\u00e7as\",\"Pro4Matic\",\"Samiparts\",\"Silvaspe\u00e7as\",\"SNR\",\"Textar\"],\"articleSection\":[\"Edi\u00e7\u00f5es JO\"],\"inLanguage\":\"pt-PT\"},{\"@type\":\"WebPage\",\"@id\":\"https:\\\/\\\/jornaldasoficinas.com\\\/pt\\\/jornal-das-oficinas-de-outubro-disponivel-online\\\/\",\"url\":\"https:\\\/\\\/jornaldasoficinas.com\\\/pt\\\/jornal-das-oficinas-de-outubro-disponivel-online\\\/\",\"name\":\"Jornal das Oficinas de outubro dispon\u00edvel online! - Jornal das Oficinas\",\"isPartOf\":{\"@id\":\"https:\\\/\\\/jornaldasoficinas.com\\\/pt\\\/#website\"},\"primaryImageOfPage\":{\"@id\":\"https:\\\/\\\/jornaldasoficinas.com\\\/pt\\\/jornal-das-oficinas-de-outubro-disponivel-online\\\/#primaryimage\"},\"image\":{\"@id\":\"https:\\\/\\\/jornaldasoficinas.com\\\/pt\\\/jornal-das-oficinas-de-outubro-disponivel-online\\\/#primaryimage\"},\"thumbnailUrl\":\"https:\\\/\\\/jornaldasoficinas.com\\\/pt\\\/wp-content\\\/uploads\\\/2023\\\/09\\\/JO212Big-1.png\",\"datePublished\":\"2023-10-01T19:00:14+00:00\",\"dateModified\":\"2023-10-09T10:09:28+00:00\",\"description\":\"Na edi\u00e7\u00e3o de outubro do Jornal das Oficinas, o artigo de destaque \u00e9 sobre \u201cLideran\u00e7a nas empresas aftermarket\u201d.\",\"breadcrumb\":{\"@id\":\"https:\\\/\\\/jornaldasoficinas.com\\\/pt\\\/jornal-das-oficinas-de-outubro-disponivel-online\\\/#breadcrumb\"},\"inLanguage\":\"pt-PT\",\"potentialAction\":[{\"@type\":\"ReadAction\",\"target\":[\"https:\\\/\\\/jornaldasoficinas.com\\\/pt\\\/jornal-das-oficinas-de-outubro-disponivel-online\\\/\"]}]},{\"@type\":\"ImageObject\",\"inLanguage\":\"pt-PT\",\"@id\":\"https:\\\/\\\/jornaldasoficinas.com\\\/pt\\\/jornal-das-oficinas-de-outubro-disponivel-online\\\/#primaryimage\",\"url\":\"https:\\\/\\\/jornaldasoficinas.com\\\/pt\\\/wp-content\\\/uploads\\\/2023\\\/09\\\/JO212Big-1.png\",\"contentUrl\":\"https:\\\/\\\/jornaldasoficinas.com\\\/pt\\\/wp-content\\\/uploads\\\/2023\\\/09\\\/JO212Big-1.png\",\"width\":1024,\"height\":581,\"caption\":\"09 - JO212Big 1\"},{\"@type\":\"BreadcrumbList\",\"@id\":\"https:\\\/\\\/jornaldasoficinas.com\\\/pt\\\/jornal-das-oficinas-de-outubro-disponivel-online\\\/#breadcrumb\",\"itemListElement\":[{\"@type\":\"ListItem\",\"position\":1,\"name\":\"In\u00edcio\",\"item\":\"https:\\\/\\\/jornaldasoficinas.com\\\/pt\\\/\"},{\"@type\":\"ListItem\",\"position\":2,\"name\":\"Jornal das Oficinas de outubro dispon\u00edvel online!\"}]},{\"@type\":\"WebSite\",\"@id\":\"https:\\\/\\\/jornaldasoficinas.com\\\/pt\\\/#website\",\"url\":\"https:\\\/\\\/jornaldasoficinas.com\\\/pt\\\/\",\"name\":\"Jornal das Oficinas\",\"description\":\"Jornal independente do Aftermarket Autom\u00f3vel em Portugal\",\"publisher\":{\"@id\":\"https:\\\/\\\/jornaldasoficinas.com\\\/pt\\\/#organization\"},\"potentialAction\":[{\"@type\":\"SearchAction\",\"target\":{\"@type\":\"EntryPoint\",\"urlTemplate\":\"https:\\\/\\\/jornaldasoficinas.com\\\/pt\\\/?s={search_term_string}\"},\"query-input\":{\"@type\":\"PropertyValueSpecification\",\"valueRequired\":true,\"valueName\":\"search_term_string\"}}],\"inLanguage\":\"pt-PT\"},{\"@type\":\"Organization\",\"@id\":\"https:\\\/\\\/jornaldasoficinas.com\\\/pt\\\/#organization\",\"name\":\"Jornal das Oficinas\",\"url\":\"https:\\\/\\\/jornaldasoficinas.com\\\/pt\\\/\",\"logo\":{\"@type\":\"ImageObject\",\"inLanguage\":\"pt-PT\",\"@id\":\"https:\\\/\\\/jornaldasoficinas.com\\\/pt\\\/#\\\/schema\\\/logo\\\/image\\\/\",\"url\":\"https:\\\/\\\/jornaldasoficinas.com\\\/pt\\\/wp-content\\\/uploads\\\/logoJO-SEO.png\",\"contentUrl\":\"https:\\\/\\\/jornaldasoficinas.com\\\/pt\\\/wp-content\\\/uploads\\\/logoJO-SEO.png\",\"width\":285,\"height\":450,\"caption\":\"Jornal das Oficinas\"},\"image\":{\"@id\":\"https:\\\/\\\/jornaldasoficinas.com\\\/pt\\\/#\\\/schema\\\/logo\\\/image\\\/\"},\"sameAs\":[\"https:\\\/\\\/www.facebook.com\\\/jornaloficinas\",\"https:\\\/\\\/x.com\\\/jornaloficinas\",\"https:\\\/\\\/www.instagram.com\\\/jornal_oficinas\\\/\",\"https:\\\/\\\/www.linkedin.com\\\/company\\\/jornal-das-oficinas\\\/\",\"https:\\\/\\\/www.youtube.com\\\/channel\\\/UCbQZBqtcvV-oSQrr7RzINGg\"]},{\"@type\":\"Person\",\"@id\":\"https:\\\/\\\/jornaldasoficinas.com\\\/pt\\\/#\\\/schema\\\/person\\\/a38eef5de2c41d9e7c9ac10141afddf3\",\"name\":\"Reda\u00e7\u00e3o JO\",\"image\":{\"@type\":\"ImageObject\",\"inLanguage\":\"pt-PT\",\"@id\":\"https:\\\/\\\/secure.gravatar.com\\\/avatar\\\/71f2fa71737ad68a84fea94bc708ddac8ea5b0c4788dc2ad202f3ccb2887742f?s=96&d=wp_user_avatar&r=g\",\"url\":\"https:\\\/\\\/secure.gravatar.com\\\/avatar\\\/71f2fa71737ad68a84fea94bc708ddac8ea5b0c4788dc2ad202f3ccb2887742f?s=96&d=wp_user_avatar&r=g\",\"contentUrl\":\"https:\\\/\\\/secure.gravatar.com\\\/avatar\\\/71f2fa71737ad68a84fea94bc708ddac8ea5b0c4788dc2ad202f3ccb2887742f?s=96&d=wp_user_avatar&r=g\",\"caption\":\"Reda\u00e7\u00e3o JO\"},\"url\":\"https:\\\/\\\/jornaldasoficinas.com\\\/pt\\\/author\\\/joredacao\\\/\"}]}<\/script>\n<!-- \/ Yoast SEO plugin. -->","yoast_head_json":{"title":"Jornal das Oficinas de outubro dispon\u00edvel online! - Jornal das Oficinas","description":"Na edi\u00e7\u00e3o de outubro do Jornal das Oficinas, o artigo de destaque \u00e9 sobre \u201cLideran\u00e7a nas empresas aftermarket\u201d.","robots":{"index":"index","follow":"follow","max-snippet":"max-snippet:-1","max-image-preview":"max-image-preview:large","max-video-preview":"max-video-preview:-1"},"canonical":"https:\/\/jornaldasoficinas.com\/pt\/jornal-das-oficinas-de-outubro-disponivel-online\/","og_locale":"pt_PT","og_type":"article","og_title":"Jornal das Oficinas de outubro dispon\u00edvel online! - Jornal das Oficinas","og_description":"Na edi\u00e7\u00e3o de outubro do Jornal das Oficinas, o artigo de destaque \u00e9 sobre \u201cLideran\u00e7a nas empresas aftermarket\u201d.","og_url":"https:\/\/jornaldasoficinas.com\/pt\/jornal-das-oficinas-de-outubro-disponivel-online\/","og_site_name":"Jornal das Oficinas","article_publisher":"https:\/\/www.facebook.com\/jornaloficinas","article_published_time":"2023-10-01T19:00:14+00:00","article_modified_time":"2023-10-09T10:09:28+00:00","og_image":[{"width":1024,"height":581,"url":"https:\/\/jornaldasoficinas.com\/pt\/wp-content\/uploads\/2023\/09\/JO212Big-1.png","type":"image\/png"}],"author":"Reda\u00e7\u00e3o JO","twitter_card":"summary_large_image","twitter_creator":"@jornaloficinas","twitter_site":"@jornaloficinas","twitter_misc":{"Escrito por":"Reda\u00e7\u00e3o JO","Tempo estimado de leitura":"4 minutos"},"schema":{"@context":"https:\/\/schema.org","@graph":[{"@type":"Article","@id":"https:\/\/jornaldasoficinas.com\/pt\/jornal-das-oficinas-de-outubro-disponivel-online\/#article","isPartOf":{"@id":"https:\/\/jornaldasoficinas.com\/pt\/jornal-das-oficinas-de-outubro-disponivel-online\/"},"author":{"name":"Reda\u00e7\u00e3o JO","@id":"https:\/\/jornaldasoficinas.com\/pt\/#\/schema\/person\/a38eef5de2c41d9e7c9ac10141afddf3"},"headline":"Jornal das Oficinas de outubro dispon\u00edvel online!","datePublished":"2023-10-01T19:00:14+00:00","dateModified":"2023-10-09T10:09:28+00:00","mainEntityOfPage":{"@id":"https:\/\/jornaldasoficinas.com\/pt\/jornal-das-oficinas-de-outubro-disponivel-online\/"},"wordCount":655,"publisher":{"@id":"https:\/\/jornaldasoficinas.com\/pt\/#organization"},"image":{"@id":"https:\/\/jornaldasoficinas.com\/pt\/jornal-das-oficinas-de-outubro-disponivel-online\/#primaryimage"},"thumbnailUrl":"https:\/\/jornaldasoficinas.com\/pt\/wp-content\/uploads\/2023\/09\/JO212Big-1.png","keywords":["ASER","ATM","ATR International","Auto Esteves","Campanha E-Mobility","Carf","Celparts","Challenge Oficinas","FARE Automotive","Formigosa","GS Yuasa","HUMBERPE\u00c7AS","Magneti Marelli","Mpe\u00e7as","NPe\u00e7as","NTN","Primope\u00e7as","Pro4Matic","Samiparts","Silvaspe\u00e7as","SNR","Textar"],"articleSection":["Edi\u00e7\u00f5es JO"],"inLanguage":"pt-PT"},{"@type":"WebPage","@id":"https:\/\/jornaldasoficinas.com\/pt\/jornal-das-oficinas-de-outubro-disponivel-online\/","url":"https:\/\/jornaldasoficinas.com\/pt\/jornal-das-oficinas-de-outubro-disponivel-online\/","name":"Jornal das Oficinas de outubro dispon\u00edvel online! - Jornal das Oficinas","isPartOf":{"@id":"https:\/\/jornaldasoficinas.com\/pt\/#website"},"primaryImageOfPage":{"@id":"https:\/\/jornaldasoficinas.com\/pt\/jornal-das-oficinas-de-outubro-disponivel-online\/#primaryimage"},"image":{"@id":"https:\/\/jornaldasoficinas.com\/pt\/jornal-das-oficinas-de-outubro-disponivel-online\/#primaryimage"},"thumbnailUrl":"https:\/\/jornaldasoficinas.com\/pt\/wp-content\/uploads\/2023\/09\/JO212Big-1.png","datePublished":"2023-10-01T19:00:14+00:00","dateModified":"2023-10-09T10:09:28+00:00","description":"Na edi\u00e7\u00e3o de outubro do Jornal das Oficinas, o artigo de destaque \u00e9 sobre \u201cLideran\u00e7a nas empresas aftermarket\u201d.","breadcrumb":{"@id":"https:\/\/jornaldasoficinas.com\/pt\/jornal-das-oficinas-de-outubro-disponivel-online\/#breadcrumb"},"inLanguage":"pt-PT","potentialAction":[{"@type":"ReadAction","target":["https:\/\/jornaldasoficinas.com\/pt\/jornal-das-oficinas-de-outubro-disponivel-online\/"]}]},{"@type":"ImageObject","inLanguage":"pt-PT","@id":"https:\/\/jornaldasoficinas.com\/pt\/jornal-das-oficinas-de-outubro-disponivel-online\/#primaryimage","url":"https:\/\/jornaldasoficinas.com\/pt\/wp-content\/uploads\/2023\/09\/JO212Big-1.png","contentUrl":"https:\/\/jornaldasoficinas.com\/pt\/wp-content\/uploads\/2023\/09\/JO212Big-1.png","width":1024,"height":581,"caption":"09 - JO212Big 1"},{"@type":"BreadcrumbList","@id":"https:\/\/jornaldasoficinas.com\/pt\/jornal-das-oficinas-de-outubro-disponivel-online\/#breadcrumb","itemListElement":[{"@type":"ListItem","position":1,"name":"In\u00edcio","item":"https:\/\/jornaldasoficinas.com\/pt\/"},{"@type":"ListItem","position":2,"name":"Jornal das Oficinas de outubro dispon\u00edvel online!"}]},{"@type":"WebSite","@id":"https:\/\/jornaldasoficinas.com\/pt\/#website","url":"https:\/\/jornaldasoficinas.com\/pt\/","name":"Jornal das Oficinas","description":"Jornal independente do Aftermarket Autom\u00f3vel em Portugal","publisher":{"@id":"https:\/\/jornaldasoficinas.com\/pt\/#organization"},"potentialAction":[{"@type":"SearchAction","target":{"@type":"EntryPoint","urlTemplate":"https:\/\/jornaldasoficinas.com\/pt\/?s={search_term_string}"},"query-input":{"@type":"PropertyValueSpecification","valueRequired":true,"valueName":"search_term_string"}}],"inLanguage":"pt-PT"},{"@type":"Organization","@id":"https:\/\/jornaldasoficinas.com\/pt\/#organization","name":"Jornal das Oficinas","url":"https:\/\/jornaldasoficinas.com\/pt\/","logo":{"@type":"ImageObject","inLanguage":"pt-PT","@id":"https:\/\/jornaldasoficinas.com\/pt\/#\/schema\/logo\/image\/","url":"https:\/\/jornaldasoficinas.com\/pt\/wp-content\/uploads\/logoJO-SEO.png","contentUrl":"https:\/\/jornaldasoficinas.com\/pt\/wp-content\/uploads\/logoJO-SEO.png","width":285,"height":450,"caption":"Jornal das Oficinas"},"image":{"@id":"https:\/\/jornaldasoficinas.com\/pt\/#\/schema\/logo\/image\/"},"sameAs":["https:\/\/www.facebook.com\/jornaloficinas","https:\/\/x.com\/jornaloficinas","https:\/\/www.instagram.com\/jornal_oficinas\/","https:\/\/www.linkedin.com\/company\/jornal-das-oficinas\/","https:\/\/www.youtube.com\/channel\/UCbQZBqtcvV-oSQrr7RzINGg"]},{"@type":"Person","@id":"https:\/\/jornaldasoficinas.com\/pt\/#\/schema\/person\/a38eef5de2c41d9e7c9ac10141afddf3","name":"Reda\u00e7\u00e3o JO","image":{"@type":"ImageObject","inLanguage":"pt-PT","@id":"https:\/\/secure.gravatar.com\/avatar\/71f2fa71737ad68a84fea94bc708ddac8ea5b0c4788dc2ad202f3ccb2887742f?s=96&d=wp_user_avatar&r=g","url":"https:\/\/secure.gravatar.com\/avatar\/71f2fa71737ad68a84fea94bc708ddac8ea5b0c4788dc2ad202f3ccb2887742f?s=96&d=wp_user_avatar&r=g","contentUrl":"https:\/\/secure.gravatar.com\/avatar\/71f2fa71737ad68a84fea94bc708ddac8ea5b0c4788dc2ad202f3ccb2887742f?s=96&d=wp_user_avatar&r=g","caption":"Reda\u00e7\u00e3o JO"},"url":"https:\/\/jornaldasoficinas.com\/pt\/author\/joredacao\/"}]}},"_links":{"self":[{"href":"https:\/\/jornaldasoficinas.com\/pt\/wp-json\/wp\/v2\/posts\/72610","targetHints":{"allow":["GET"]}}],"collection":[{"href":"https:\/\/jornaldasoficinas.com\/pt\/wp-json\/wp\/v2\/posts"}],"about":[{"href":"https:\/\/jornaldasoficinas.com\/pt\/wp-json\/wp\/v2\/types\/post"}],"author":[{"embeddable":true,"href":"https:\/\/jornaldasoficinas.com\/pt\/wp-json\/wp\/v2\/users\/15"}],"replies":[{"embeddable":true,"href":"https:\/\/jornaldasoficinas.com\/pt\/wp-json\/wp\/v2\/comments?post=72610"}],"version-history":[{"count":0,"href":"https:\/\/jornaldasoficinas.com\/pt\/wp-json\/wp\/v2\/posts\/72610\/revisions"}],"wp:featuredmedia":[{"embeddable":true,"href":"https:\/\/jornaldasoficinas.com\/pt\/wp-json\/wp\/v2\/media\/72612"}],"wp:attachment":[{"href":"https:\/\/jornaldasoficinas.com\/pt\/wp-json\/wp\/v2\/media?parent=72610"}],"wp:term":[{"taxonomy":"category","embeddable":true,"href":"https:\/\/jornaldasoficinas.com\/pt\/wp-json\/wp\/v2\/categories?post=72610"},{"taxonomy":"post_tag","embeddable":true,"href":"https:\/\/jornaldasoficinas.com\/pt\/wp-json\/wp\/v2\/tags?post=72610"}],"curies":[{"name":"wp","href":"https:\/\/api.w.org\/{rel}","templated":true}]}}