{"id":72674,"date":"2023-10-02T12:30:20","date_gmt":"2023-10-02T11:30:20","guid":{"rendered":"https:\/\/jornaldasoficinas.com\/pt\/?p=72674"},"modified":"2023-10-02T08:58:28","modified_gmt":"2023-10-02T07:58:28","slug":"bosch-e-u-porto-revelam-resultados-theia","status":"publish","type":"post","link":"https:\/\/jornaldasoficinas.com\/pt\/bosch-e-u-porto-revelam-resultados-theia\/","title":{"rendered":"Bosch e U. Porto revelam resultados THEIA"},"content":{"rendered":"<p><strong><img loading=\"lazy\" decoding=\"async\" class=\"alignnone size-full wp-image-72653\" src=\"https:\/\/jornaldasoficinas.com\/pt\/wp-content\/uploads\/2023\/09\/Bosch-e-U.Porto-revelam-resultados-THEIA.jpg\" alt=\"09 - Bosch e U.Porto revelam resultados THEIA\" width=\"1024\" height=\"581\" srcset=\"https:\/\/jornaldasoficinas.com\/pt\/wp-content\/uploads\/2023\/09\/Bosch-e-U.Porto-revelam-resultados-THEIA.jpg 1024w, https:\/\/jornaldasoficinas.com\/pt\/wp-content\/uploads\/2023\/09\/Bosch-e-U.Porto-revelam-resultados-THEIA-300x170.jpg 300w, https:\/\/jornaldasoficinas.com\/pt\/wp-content\/uploads\/2023\/09\/Bosch-e-U.Porto-revelam-resultados-THEIA-150x85.jpg 150w, https:\/\/jornaldasoficinas.com\/pt\/wp-content\/uploads\/2023\/09\/Bosch-e-U.Porto-revelam-resultados-THEIA-768x436.jpg 768w\" sizes=\"auto, (max-width: 1024px) 100vw, 1024px\" \/><\/strong><\/p>\n<p><strong>A <a href=\"https:\/\/www.bosch.pt\/\" target=\"_blank\" rel=\"noopener\">Bosch<\/a> e a <a href=\"https:\/\/www.up.pt\/portal\/pt\/\" target=\"_blank\" rel=\"noopener\">Universidade do Porto<\/a> (U. Porto) apresentaram os resultados do THEIA, o projeto de inova\u00e7\u00e3o que visa tornar os ve\u00edculos mais seguros no contexto da condu\u00e7\u00e3o aut\u00f3noma atrav\u00e9s do desenvolvimento de tecnologias com base em intelig\u00eancia artificial e sensores que permitem ao ve\u00edculo detetar o ambiente circundante e tomar decis\u00f5es<\/strong><\/p>\n<p>Dos trabalhos de investiga\u00e7\u00e3o e desenvolvimento do projeto THEIA resultam tecnologias que cumprem o objetivo de melhorar as capacidades sensoriais de ve\u00edculos aut\u00f3nomos, implementando algoritmos de perce\u00e7\u00e3o baseados nos dados recolhidos pelos seus sensores que v\u00e3o permitir que o ve\u00edculo tenha uma perce\u00e7\u00e3o exata, robusta, e segura do espa\u00e7o envolvente ao autom\u00f3vel. Isto significa que os sensores reconhecem e distinguem, por exemplo, ciclistas, pe\u00f5es e outros ve\u00edculos, contribuindo para a seguran\u00e7a rodovi\u00e1ria, tanto de quem est\u00e1 no interior do ve\u00edculo, como fora dele. O resultado \u00e9 uma perce\u00e7\u00e3o mais avan\u00e7ada do que a humana, tornando a condu\u00e7\u00e3o mais aut\u00f3noma, bem como mais segura. Por exemplo, em caso de nevoeiro cerrado, o condutor pode ver-se obrigado a parar o carro para salvaguardar a sua seguran\u00e7a. Para assegurar que os dados usados nos algoritmos de perce\u00e7\u00e3o n\u00e3o s\u00e3o comprometidos, foram desenvolvidos um conjunto de solu\u00e7\u00f5es de seguran\u00e7a inform\u00e1tica, nomeadamente infraestruturas tolerantes a intrus\u00f5es, que usam uma abordagem multidisciplinar que inclui ciberseguran\u00e7a, confiabilidade e intelig\u00eancia artificial, capazes de garantir a autenticidade e integridade da informa\u00e7\u00e3o que flui entre os ve\u00edculos aut\u00f3nomos e a infraestrutura, mesmo em caso de intrus\u00e3o parcial do sistema. Com a implementa\u00e7\u00e3o das tecnologias desenvolvidas no \u00e2mbito do THEIA o ve\u00edculo saber\u00e1 como comportar-se nessa situa\u00e7\u00e3o, sem obrigatoriedade de paragem ou sequer abrandamento.<\/p>\n<p>\u201cO THEIA \u00e9 mais um exemplo da aposta da Bosch nas rela\u00e7\u00f5es de parceria com a academia, e os resultados hoje apresentados impulsionam n\u00e3o s\u00f3 a inova\u00e7\u00e3o, o desenvolvimento cient\u00edfico e a cria\u00e7\u00e3o de emprego qualificado, como ter\u00e3o impacto global no futuro da condu\u00e7\u00e3o aut\u00f3noma, refletindo-se no reconhecimento da qualidade do talento e da din\u00e2mica do ecossistema de investiga\u00e7\u00e3o e desenvolvimento que existe em Portugal\u201d, afirma Carlos Ribas, respons\u00e1vel da Bosch em Portugal e Administrador T\u00e9cnico da Bosch em Braga.<\/p>\n<p>Com um investimento superior a 28 milh\u00f5es de euros, este cons\u00f3rcio entre a Bosch e a U.Porto teve como objetivo a contrata\u00e7\u00e3o de 55 novos colaboradores da Bosch e de 79 investigadores da Universidade do Porto, contando com o envolvimento de mais de 250 colaboradores. Al\u00e9m disso, importa ainda salientar que no \u00e2mbito do THEIA existe tamb\u00e9m o objetivo de publica\u00e7\u00e3o de 33 artigos t\u00e9cnico cient\u00edficos e de submiss\u00e3o de 10 pedidos de patente.<\/p>\n<p>\u201cA transforma\u00e7\u00e3o econ\u00f3mica e social do nosso pa\u00eds tem necessariamente de passar pelo investimento em projetos e infraestruturas de investiga\u00e7\u00e3o, particularmente pela promo\u00e7\u00e3o de colabora\u00e7\u00f5es mais prof\u00edcuas entre a academia e a ind\u00fastria. As parcerias que a Bosch tem estabelecido com a Universidade do Porto s\u00e3o um dos melhores exemplos de sucesso desta estrat\u00e9gia, sendo os resultados do projeto THEIA uma demonstra\u00e7\u00e3o clara das vantagens m\u00fatuas que estas colabora\u00e7\u00f5es trazem \u00e0 academia, \u00e0 ind\u00fastria e ao pa\u00eds&#8221;, declarou Ant\u00f3nio de Sousa Pereira, Reitor da Universidade do Porto.<\/p>\n","protected":false},"excerpt":{"rendered":"<p>A Bosch e a Universidade do&#8230;<\/p>\n","protected":false},"author":15,"featured_media":72653,"comment_status":"closed","ping_status":"closed","sticky":false,"template":"","format":"standard","meta":{"footnotes":""},"categories":[29],"tags":[123,832,1087,6302,6301],"class_list":["post-72674","post","type-post","status-publish","format-standard","has-post-thumbnail","hentry","category-empresas","tag-bosch","tag-conducao-autonoma","tag-inteligencia-artificial","tag-theia","tag-universidade-do-porto"],"yoast_head":"<!-- This site is optimized with the Yoast SEO plugin v27.4 - https:\/\/yoast.com\/product\/yoast-seo-wordpress\/ -->\n<title>Bosch e U. Porto revelam resultados THEIA - Jornal das Oficinas<\/title>\n<meta name=\"description\" content=\"A Bosch e a Universidade do Porto apresentaram os resultados do THEIA, o projeto de inova\u00e7\u00e3o que visa tornar os ve\u00edculos mais seguros\" \/>\n<meta name=\"robots\" content=\"index, follow, max-snippet:-1, max-image-preview:large, max-video-preview:-1\" \/>\n<link rel=\"canonical\" href=\"https:\/\/jornaldasoficinas.com\/pt\/bosch-e-u-porto-revelam-resultados-theia\/\" \/>\n<meta property=\"og:locale\" content=\"pt_PT\" \/>\n<meta property=\"og:type\" content=\"article\" \/>\n<meta property=\"og:title\" content=\"Bosch e U. Porto revelam resultados THEIA - Jornal das Oficinas\" \/>\n<meta property=\"og:description\" content=\"A Bosch e a Universidade do Porto apresentaram os resultados do THEIA, o projeto de inova\u00e7\u00e3o que visa tornar os ve\u00edculos mais seguros\" \/>\n<meta property=\"og:url\" content=\"https:\/\/jornaldasoficinas.com\/pt\/bosch-e-u-porto-revelam-resultados-theia\/\" \/>\n<meta property=\"og:site_name\" content=\"Jornal das Oficinas\" \/>\n<meta property=\"article:publisher\" content=\"https:\/\/www.facebook.com\/jornaloficinas\" \/>\n<meta property=\"article:published_time\" content=\"2023-10-02T11:30:20+00:00\" \/>\n<meta property=\"og:image\" content=\"https:\/\/jornaldasoficinas.com\/pt\/wp-content\/uploads\/2023\/09\/Bosch-e-U.Porto-revelam-resultados-THEIA.jpg\" \/>\n\t<meta property=\"og:image:width\" content=\"1024\" \/>\n\t<meta property=\"og:image:height\" content=\"581\" \/>\n\t<meta property=\"og:image:type\" content=\"image\/jpeg\" \/>\n<meta name=\"author\" content=\"Reda\u00e7\u00e3o JO\" \/>\n<meta name=\"twitter:card\" content=\"summary_large_image\" \/>\n<meta name=\"twitter:creator\" content=\"@jornaloficinas\" \/>\n<meta name=\"twitter:site\" content=\"@jornaloficinas\" \/>\n<meta name=\"twitter:label1\" content=\"Escrito por\" \/>\n\t<meta name=\"twitter:data1\" content=\"Reda\u00e7\u00e3o JO\" \/>\n\t<meta name=\"twitter:label2\" content=\"Tempo estimado de leitura\" \/>\n\t<meta name=\"twitter:data2\" content=\"4 minutos\" \/>\n<script type=\"application\/ld+json\" class=\"yoast-schema-graph\">{\"@context\":\"https:\\\/\\\/schema.org\",\"@graph\":[{\"@type\":\"Article\",\"@id\":\"https:\\\/\\\/jornaldasoficinas.com\\\/pt\\\/bosch-e-u-porto-revelam-resultados-theia\\\/#article\",\"isPartOf\":{\"@id\":\"https:\\\/\\\/jornaldasoficinas.com\\\/pt\\\/bosch-e-u-porto-revelam-resultados-theia\\\/\"},\"author\":{\"name\":\"Reda\u00e7\u00e3o JO\",\"@id\":\"https:\\\/\\\/jornaldasoficinas.com\\\/pt\\\/#\\\/schema\\\/person\\\/a38eef5de2c41d9e7c9ac10141afddf3\"},\"headline\":\"Bosch e U. Porto revelam resultados THEIA\",\"datePublished\":\"2023-10-02T11:30:20+00:00\",\"mainEntityOfPage\":{\"@id\":\"https:\\\/\\\/jornaldasoficinas.com\\\/pt\\\/bosch-e-u-porto-revelam-resultados-theia\\\/\"},\"wordCount\":585,\"publisher\":{\"@id\":\"https:\\\/\\\/jornaldasoficinas.com\\\/pt\\\/#organization\"},\"image\":{\"@id\":\"https:\\\/\\\/jornaldasoficinas.com\\\/pt\\\/bosch-e-u-porto-revelam-resultados-theia\\\/#primaryimage\"},\"thumbnailUrl\":\"https:\\\/\\\/jornaldasoficinas.com\\\/pt\\\/wp-content\\\/uploads\\\/2023\\\/09\\\/Bosch-e-U.Porto-revelam-resultados-THEIA.jpg\",\"keywords\":[\"Bosch\",\"Condu\u00e7\u00e3o aut\u00f3noma\",\"Intelig\u00eancia artificial\",\"THEIA\",\"Universidade do Porto\"],\"articleSection\":[\"Empresas\"],\"inLanguage\":\"pt-PT\"},{\"@type\":\"WebPage\",\"@id\":\"https:\\\/\\\/jornaldasoficinas.com\\\/pt\\\/bosch-e-u-porto-revelam-resultados-theia\\\/\",\"url\":\"https:\\\/\\\/jornaldasoficinas.com\\\/pt\\\/bosch-e-u-porto-revelam-resultados-theia\\\/\",\"name\":\"Bosch e U. Porto revelam resultados THEIA - Jornal das Oficinas\",\"isPartOf\":{\"@id\":\"https:\\\/\\\/jornaldasoficinas.com\\\/pt\\\/#website\"},\"primaryImageOfPage\":{\"@id\":\"https:\\\/\\\/jornaldasoficinas.com\\\/pt\\\/bosch-e-u-porto-revelam-resultados-theia\\\/#primaryimage\"},\"image\":{\"@id\":\"https:\\\/\\\/jornaldasoficinas.com\\\/pt\\\/bosch-e-u-porto-revelam-resultados-theia\\\/#primaryimage\"},\"thumbnailUrl\":\"https:\\\/\\\/jornaldasoficinas.com\\\/pt\\\/wp-content\\\/uploads\\\/2023\\\/09\\\/Bosch-e-U.Porto-revelam-resultados-THEIA.jpg\",\"datePublished\":\"2023-10-02T11:30:20+00:00\",\"description\":\"A Bosch e a Universidade do Porto apresentaram os resultados do THEIA, o projeto de inova\u00e7\u00e3o que visa tornar os ve\u00edculos mais seguros\",\"breadcrumb\":{\"@id\":\"https:\\\/\\\/jornaldasoficinas.com\\\/pt\\\/bosch-e-u-porto-revelam-resultados-theia\\\/#breadcrumb\"},\"inLanguage\":\"pt-PT\",\"potentialAction\":[{\"@type\":\"ReadAction\",\"target\":[\"https:\\\/\\\/jornaldasoficinas.com\\\/pt\\\/bosch-e-u-porto-revelam-resultados-theia\\\/\"]}]},{\"@type\":\"ImageObject\",\"inLanguage\":\"pt-PT\",\"@id\":\"https:\\\/\\\/jornaldasoficinas.com\\\/pt\\\/bosch-e-u-porto-revelam-resultados-theia\\\/#primaryimage\",\"url\":\"https:\\\/\\\/jornaldasoficinas.com\\\/pt\\\/wp-content\\\/uploads\\\/2023\\\/09\\\/Bosch-e-U.Porto-revelam-resultados-THEIA.jpg\",\"contentUrl\":\"https:\\\/\\\/jornaldasoficinas.com\\\/pt\\\/wp-content\\\/uploads\\\/2023\\\/09\\\/Bosch-e-U.Porto-revelam-resultados-THEIA.jpg\",\"width\":1024,\"height\":581,\"caption\":\"09 - Bosch e U.Porto revelam resultados THEIA\"},{\"@type\":\"BreadcrumbList\",\"@id\":\"https:\\\/\\\/jornaldasoficinas.com\\\/pt\\\/bosch-e-u-porto-revelam-resultados-theia\\\/#breadcrumb\",\"itemListElement\":[{\"@type\":\"ListItem\",\"position\":1,\"name\":\"In\u00edcio\",\"item\":\"https:\\\/\\\/jornaldasoficinas.com\\\/pt\\\/\"},{\"@type\":\"ListItem\",\"position\":2,\"name\":\"Bosch e U. Porto revelam resultados THEIA\"}]},{\"@type\":\"WebSite\",\"@id\":\"https:\\\/\\\/jornaldasoficinas.com\\\/pt\\\/#website\",\"url\":\"https:\\\/\\\/jornaldasoficinas.com\\\/pt\\\/\",\"name\":\"Jornal das Oficinas\",\"description\":\"Jornal independente do Aftermarket Autom\u00f3vel em Portugal\",\"publisher\":{\"@id\":\"https:\\\/\\\/jornaldasoficinas.com\\\/pt\\\/#organization\"},\"potentialAction\":[{\"@type\":\"SearchAction\",\"target\":{\"@type\":\"EntryPoint\",\"urlTemplate\":\"https:\\\/\\\/jornaldasoficinas.com\\\/pt\\\/?s={search_term_string}\"},\"query-input\":{\"@type\":\"PropertyValueSpecification\",\"valueRequired\":true,\"valueName\":\"search_term_string\"}}],\"inLanguage\":\"pt-PT\"},{\"@type\":\"Organization\",\"@id\":\"https:\\\/\\\/jornaldasoficinas.com\\\/pt\\\/#organization\",\"name\":\"Jornal das Oficinas\",\"url\":\"https:\\\/\\\/jornaldasoficinas.com\\\/pt\\\/\",\"logo\":{\"@type\":\"ImageObject\",\"inLanguage\":\"pt-PT\",\"@id\":\"https:\\\/\\\/jornaldasoficinas.com\\\/pt\\\/#\\\/schema\\\/logo\\\/image\\\/\",\"url\":\"https:\\\/\\\/jornaldasoficinas.com\\\/pt\\\/wp-content\\\/uploads\\\/logoJO-SEO.png\",\"contentUrl\":\"https:\\\/\\\/jornaldasoficinas.com\\\/pt\\\/wp-content\\\/uploads\\\/logoJO-SEO.png\",\"width\":285,\"height\":450,\"caption\":\"Jornal das Oficinas\"},\"image\":{\"@id\":\"https:\\\/\\\/jornaldasoficinas.com\\\/pt\\\/#\\\/schema\\\/logo\\\/image\\\/\"},\"sameAs\":[\"https:\\\/\\\/www.facebook.com\\\/jornaloficinas\",\"https:\\\/\\\/x.com\\\/jornaloficinas\",\"https:\\\/\\\/www.instagram.com\\\/jornal_oficinas\\\/\",\"https:\\\/\\\/www.linkedin.com\\\/company\\\/jornal-das-oficinas\\\/\",\"https:\\\/\\\/www.youtube.com\\\/channel\\\/UCbQZBqtcvV-oSQrr7RzINGg\"]},{\"@type\":\"Person\",\"@id\":\"https:\\\/\\\/jornaldasoficinas.com\\\/pt\\\/#\\\/schema\\\/person\\\/a38eef5de2c41d9e7c9ac10141afddf3\",\"name\":\"Reda\u00e7\u00e3o JO\",\"image\":{\"@type\":\"ImageObject\",\"inLanguage\":\"pt-PT\",\"@id\":\"https:\\\/\\\/secure.gravatar.com\\\/avatar\\\/71f2fa71737ad68a84fea94bc708ddac8ea5b0c4788dc2ad202f3ccb2887742f?s=96&d=wp_user_avatar&r=g\",\"url\":\"https:\\\/\\\/secure.gravatar.com\\\/avatar\\\/71f2fa71737ad68a84fea94bc708ddac8ea5b0c4788dc2ad202f3ccb2887742f?s=96&d=wp_user_avatar&r=g\",\"contentUrl\":\"https:\\\/\\\/secure.gravatar.com\\\/avatar\\\/71f2fa71737ad68a84fea94bc708ddac8ea5b0c4788dc2ad202f3ccb2887742f?s=96&d=wp_user_avatar&r=g\",\"caption\":\"Reda\u00e7\u00e3o JO\"},\"url\":\"https:\\\/\\\/jornaldasoficinas.com\\\/pt\\\/author\\\/joredacao\\\/\"}]}<\/script>\n<!-- \/ Yoast SEO plugin. -->","yoast_head_json":{"title":"Bosch e U. Porto revelam resultados THEIA - Jornal das Oficinas","description":"A Bosch e a Universidade do Porto apresentaram os resultados do THEIA, o projeto de inova\u00e7\u00e3o que visa tornar os ve\u00edculos mais seguros","robots":{"index":"index","follow":"follow","max-snippet":"max-snippet:-1","max-image-preview":"max-image-preview:large","max-video-preview":"max-video-preview:-1"},"canonical":"https:\/\/jornaldasoficinas.com\/pt\/bosch-e-u-porto-revelam-resultados-theia\/","og_locale":"pt_PT","og_type":"article","og_title":"Bosch e U. Porto revelam resultados THEIA - Jornal das Oficinas","og_description":"A Bosch e a Universidade do Porto apresentaram os resultados do THEIA, o projeto de inova\u00e7\u00e3o que visa tornar os ve\u00edculos mais seguros","og_url":"https:\/\/jornaldasoficinas.com\/pt\/bosch-e-u-porto-revelam-resultados-theia\/","og_site_name":"Jornal das Oficinas","article_publisher":"https:\/\/www.facebook.com\/jornaloficinas","article_published_time":"2023-10-02T11:30:20+00:00","og_image":[{"width":1024,"height":581,"url":"https:\/\/jornaldasoficinas.com\/pt\/wp-content\/uploads\/2023\/09\/Bosch-e-U.Porto-revelam-resultados-THEIA.jpg","type":"image\/jpeg"}],"author":"Reda\u00e7\u00e3o JO","twitter_card":"summary_large_image","twitter_creator":"@jornaloficinas","twitter_site":"@jornaloficinas","twitter_misc":{"Escrito por":"Reda\u00e7\u00e3o JO","Tempo estimado de leitura":"4 minutos"},"schema":{"@context":"https:\/\/schema.org","@graph":[{"@type":"Article","@id":"https:\/\/jornaldasoficinas.com\/pt\/bosch-e-u-porto-revelam-resultados-theia\/#article","isPartOf":{"@id":"https:\/\/jornaldasoficinas.com\/pt\/bosch-e-u-porto-revelam-resultados-theia\/"},"author":{"name":"Reda\u00e7\u00e3o JO","@id":"https:\/\/jornaldasoficinas.com\/pt\/#\/schema\/person\/a38eef5de2c41d9e7c9ac10141afddf3"},"headline":"Bosch e U. Porto revelam resultados THEIA","datePublished":"2023-10-02T11:30:20+00:00","mainEntityOfPage":{"@id":"https:\/\/jornaldasoficinas.com\/pt\/bosch-e-u-porto-revelam-resultados-theia\/"},"wordCount":585,"publisher":{"@id":"https:\/\/jornaldasoficinas.com\/pt\/#organization"},"image":{"@id":"https:\/\/jornaldasoficinas.com\/pt\/bosch-e-u-porto-revelam-resultados-theia\/#primaryimage"},"thumbnailUrl":"https:\/\/jornaldasoficinas.com\/pt\/wp-content\/uploads\/2023\/09\/Bosch-e-U.Porto-revelam-resultados-THEIA.jpg","keywords":["Bosch","Condu\u00e7\u00e3o aut\u00f3noma","Intelig\u00eancia artificial","THEIA","Universidade do Porto"],"articleSection":["Empresas"],"inLanguage":"pt-PT"},{"@type":"WebPage","@id":"https:\/\/jornaldasoficinas.com\/pt\/bosch-e-u-porto-revelam-resultados-theia\/","url":"https:\/\/jornaldasoficinas.com\/pt\/bosch-e-u-porto-revelam-resultados-theia\/","name":"Bosch e U. Porto revelam resultados THEIA - Jornal das Oficinas","isPartOf":{"@id":"https:\/\/jornaldasoficinas.com\/pt\/#website"},"primaryImageOfPage":{"@id":"https:\/\/jornaldasoficinas.com\/pt\/bosch-e-u-porto-revelam-resultados-theia\/#primaryimage"},"image":{"@id":"https:\/\/jornaldasoficinas.com\/pt\/bosch-e-u-porto-revelam-resultados-theia\/#primaryimage"},"thumbnailUrl":"https:\/\/jornaldasoficinas.com\/pt\/wp-content\/uploads\/2023\/09\/Bosch-e-U.Porto-revelam-resultados-THEIA.jpg","datePublished":"2023-10-02T11:30:20+00:00","description":"A Bosch e a Universidade do Porto apresentaram os resultados do THEIA, o projeto de inova\u00e7\u00e3o que visa tornar os ve\u00edculos mais seguros","breadcrumb":{"@id":"https:\/\/jornaldasoficinas.com\/pt\/bosch-e-u-porto-revelam-resultados-theia\/#breadcrumb"},"inLanguage":"pt-PT","potentialAction":[{"@type":"ReadAction","target":["https:\/\/jornaldasoficinas.com\/pt\/bosch-e-u-porto-revelam-resultados-theia\/"]}]},{"@type":"ImageObject","inLanguage":"pt-PT","@id":"https:\/\/jornaldasoficinas.com\/pt\/bosch-e-u-porto-revelam-resultados-theia\/#primaryimage","url":"https:\/\/jornaldasoficinas.com\/pt\/wp-content\/uploads\/2023\/09\/Bosch-e-U.Porto-revelam-resultados-THEIA.jpg","contentUrl":"https:\/\/jornaldasoficinas.com\/pt\/wp-content\/uploads\/2023\/09\/Bosch-e-U.Porto-revelam-resultados-THEIA.jpg","width":1024,"height":581,"caption":"09 - Bosch e U.Porto revelam resultados THEIA"},{"@type":"BreadcrumbList","@id":"https:\/\/jornaldasoficinas.com\/pt\/bosch-e-u-porto-revelam-resultados-theia\/#breadcrumb","itemListElement":[{"@type":"ListItem","position":1,"name":"In\u00edcio","item":"https:\/\/jornaldasoficinas.com\/pt\/"},{"@type":"ListItem","position":2,"name":"Bosch e U. Porto revelam resultados THEIA"}]},{"@type":"WebSite","@id":"https:\/\/jornaldasoficinas.com\/pt\/#website","url":"https:\/\/jornaldasoficinas.com\/pt\/","name":"Jornal das Oficinas","description":"Jornal independente do Aftermarket Autom\u00f3vel em Portugal","publisher":{"@id":"https:\/\/jornaldasoficinas.com\/pt\/#organization"},"potentialAction":[{"@type":"SearchAction","target":{"@type":"EntryPoint","urlTemplate":"https:\/\/jornaldasoficinas.com\/pt\/?s={search_term_string}"},"query-input":{"@type":"PropertyValueSpecification","valueRequired":true,"valueName":"search_term_string"}}],"inLanguage":"pt-PT"},{"@type":"Organization","@id":"https:\/\/jornaldasoficinas.com\/pt\/#organization","name":"Jornal das Oficinas","url":"https:\/\/jornaldasoficinas.com\/pt\/","logo":{"@type":"ImageObject","inLanguage":"pt-PT","@id":"https:\/\/jornaldasoficinas.com\/pt\/#\/schema\/logo\/image\/","url":"https:\/\/jornaldasoficinas.com\/pt\/wp-content\/uploads\/logoJO-SEO.png","contentUrl":"https:\/\/jornaldasoficinas.com\/pt\/wp-content\/uploads\/logoJO-SEO.png","width":285,"height":450,"caption":"Jornal das Oficinas"},"image":{"@id":"https:\/\/jornaldasoficinas.com\/pt\/#\/schema\/logo\/image\/"},"sameAs":["https:\/\/www.facebook.com\/jornaloficinas","https:\/\/x.com\/jornaloficinas","https:\/\/www.instagram.com\/jornal_oficinas\/","https:\/\/www.linkedin.com\/company\/jornal-das-oficinas\/","https:\/\/www.youtube.com\/channel\/UCbQZBqtcvV-oSQrr7RzINGg"]},{"@type":"Person","@id":"https:\/\/jornaldasoficinas.com\/pt\/#\/schema\/person\/a38eef5de2c41d9e7c9ac10141afddf3","name":"Reda\u00e7\u00e3o JO","image":{"@type":"ImageObject","inLanguage":"pt-PT","@id":"https:\/\/secure.gravatar.com\/avatar\/71f2fa71737ad68a84fea94bc708ddac8ea5b0c4788dc2ad202f3ccb2887742f?s=96&d=wp_user_avatar&r=g","url":"https:\/\/secure.gravatar.com\/avatar\/71f2fa71737ad68a84fea94bc708ddac8ea5b0c4788dc2ad202f3ccb2887742f?s=96&d=wp_user_avatar&r=g","contentUrl":"https:\/\/secure.gravatar.com\/avatar\/71f2fa71737ad68a84fea94bc708ddac8ea5b0c4788dc2ad202f3ccb2887742f?s=96&d=wp_user_avatar&r=g","caption":"Reda\u00e7\u00e3o JO"},"url":"https:\/\/jornaldasoficinas.com\/pt\/author\/joredacao\/"}]}},"_links":{"self":[{"href":"https:\/\/jornaldasoficinas.com\/pt\/wp-json\/wp\/v2\/posts\/72674","targetHints":{"allow":["GET"]}}],"collection":[{"href":"https:\/\/jornaldasoficinas.com\/pt\/wp-json\/wp\/v2\/posts"}],"about":[{"href":"https:\/\/jornaldasoficinas.com\/pt\/wp-json\/wp\/v2\/types\/post"}],"author":[{"embeddable":true,"href":"https:\/\/jornaldasoficinas.com\/pt\/wp-json\/wp\/v2\/users\/15"}],"replies":[{"embeddable":true,"href":"https:\/\/jornaldasoficinas.com\/pt\/wp-json\/wp\/v2\/comments?post=72674"}],"version-history":[{"count":0,"href":"https:\/\/jornaldasoficinas.com\/pt\/wp-json\/wp\/v2\/posts\/72674\/revisions"}],"wp:featuredmedia":[{"embeddable":true,"href":"https:\/\/jornaldasoficinas.com\/pt\/wp-json\/wp\/v2\/media\/72653"}],"wp:attachment":[{"href":"https:\/\/jornaldasoficinas.com\/pt\/wp-json\/wp\/v2\/media?parent=72674"}],"wp:term":[{"taxonomy":"category","embeddable":true,"href":"https:\/\/jornaldasoficinas.com\/pt\/wp-json\/wp\/v2\/categories?post=72674"},{"taxonomy":"post_tag","embeddable":true,"href":"https:\/\/jornaldasoficinas.com\/pt\/wp-json\/wp\/v2\/tags?post=72674"}],"curies":[{"name":"wp","href":"https:\/\/api.w.org\/{rel}","templated":true}]}}