{"id":72678,"date":"2023-10-02T16:00:32","date_gmt":"2023-10-02T15:00:32","guid":{"rendered":"https:\/\/jornaldasoficinas.com\/pt\/?p=72678"},"modified":"2023-10-02T09:51:07","modified_gmt":"2023-10-02T08:51:07","slug":"galp-focada-no-hidrogenio-verde-e-hvo-saf","status":"publish","type":"post","link":"https:\/\/jornaldasoficinas.com\/pt\/galp-focada-no-hidrogenio-verde-e-hvo-saf\/","title":{"rendered":"Galp focada no hidrog\u00e9nio verde e HVO\/SAF"},"content":{"rendered":"<p><strong><img loading=\"lazy\" decoding=\"async\" class=\"alignnone size-full wp-image-72651\" src=\"https:\/\/jornaldasoficinas.com\/pt\/wp-content\/uploads\/2023\/09\/Galp-focada-no-hidrogenio-verde-e-HVOSAF.png\" alt=\"09 - Galp focada no hidrogenio verde e HVOSAF\" width=\"1024\" height=\"581\" srcset=\"https:\/\/jornaldasoficinas.com\/pt\/wp-content\/uploads\/2023\/09\/Galp-focada-no-hidrogenio-verde-e-HVOSAF.png 1024w, https:\/\/jornaldasoficinas.com\/pt\/wp-content\/uploads\/2023\/09\/Galp-focada-no-hidrogenio-verde-e-HVOSAF-300x170.png 300w, https:\/\/jornaldasoficinas.com\/pt\/wp-content\/uploads\/2023\/09\/Galp-focada-no-hidrogenio-verde-e-HVOSAF-150x85.png 150w, https:\/\/jornaldasoficinas.com\/pt\/wp-content\/uploads\/2023\/09\/Galp-focada-no-hidrogenio-verde-e-HVOSAF-768x436.png 768w\" sizes=\"auto, (max-width: 1024px) 100vw, 1024px\" \/><\/strong><strong>\u00a0<\/strong><\/p>\n<p><strong>A <a href=\"https:\/\/galp.com\/pt\/landing-page\" target=\"_blank\" rel=\"noopener\">Galp<\/a> tomou a decis\u00e3o final de investimento em projetos de hidrog\u00e9nio verde e HVO\/SAF. Estes dois projetos de larga escala s\u00e3o determinantes para a descarboniza\u00e7\u00e3o da refinaria de Sines e dos seus produtos energ\u00e9ticos<\/strong><\/p>\n<p>Esses projetos incluem uma unidade de biocombust\u00edveis avan\u00e7ados com capacidade de produ\u00e7\u00e3o de 270 mil toneladas por ano, em parceria com a Mitsui, e a instala\u00e7\u00e3o de 100MW de eletrolisadores para produ\u00e7\u00e3o de hidrog\u00e9nio verde.<\/p>\n<p>\u201cEstes projetos, dois dos maiores desta natureza, representam um investimento global de 650 milh\u00f5es de euros. Este \u00e9 um contributo significativo para a transforma\u00e7\u00e3o e crescimento do setor industrial em Portugal, colocando a Galp na vanguarda do desenvolvimento de solu\u00e7\u00f5es de baixo carbono essenciais para garantir a transi\u00e7\u00e3o energ\u00e9tica. Estas decis\u00f5es de investimento foram tomadas na expectativa de que a evolu\u00e7\u00e3o do quadro fiscal e regulat\u00f3rio em Portugal n\u00e3o prejudique o sucesso destes projetos de grande escala, garantindo que as nossas opera\u00e7\u00f5es industriais permane\u00e7am competitivas no longo prazo num contexto global\u201d, referiu Paula Amorim, da Galp.<\/p>\n<p>Prev\u00ea-se que as duas novas unidades comecem a operar at\u00e9 ao final de 2025.<\/p>\n<p><strong>Unidade de biocombust\u00edveis avan\u00e7ados<br \/>\n<\/strong>A Galp e a Mitsui juntaram esfor\u00e7os numa joint-venture (75\/25) para produzir e comercializar biocombust\u00edveis avan\u00e7ados numa unidade adjacente \u00e0 refinaria de Sines, com capacidade para 270 mil toneladas por ano.<\/p>\n<p>A unidade produzir\u00e1 diesel renov\u00e1vel (hydrotreated vegetable oil &#8211; HVO) e combust\u00edvel sustent\u00e1vel para a avia\u00e7\u00e3o (Sustainable Aviation Fuel &#8211; SAF) a partir de res\u00edduos usados, permitindo uma redu\u00e7\u00e3o das emiss\u00f5es de gases com efeito estufa em cerca de 800 mil toneladas anuais (Scope 3, CO<sub>2<\/sub>e), comparativamente \u00e0s alternativas f\u00f3sseis dispon\u00edveis.<\/p>\n<p>Esta parceria re\u00fane a extensa experi\u00eancia industrial das duas empresas, combinando as sinergias operacionais e de mercado da Galp com a presen\u00e7a global da Mitsui, suportando tamb\u00e9m o aprovisionamento da mat\u00e9ria-prima necess\u00e1ria para a unidade.<\/p>\n<p>A f\u00e1brica utilizar\u00e1 a tecnologia da Axens e o cons\u00f3rcio Technip Energies\/Technoedif Engenharia foi selecionado como o principal prestador de servi\u00e7os de Engenharia, Procurement e Construction Management (EPCM).<\/p>\n<p>O investimento total nesta unidade industrial \u00e9 estimado em cerca de \u20ac400 milh\u00f5es.<\/p>\n<p>A Galp ser\u00e1 a operadora desta unidade industrial e est\u00e1 planeado consolidar proporcionalmente (75%) todos os neg\u00f3cios relacionados com a joint-venture.<\/p>\n<p><strong>\u00a0<\/strong><strong>Unidade de Hidrog\u00e9nio Verde<br \/>\n<\/strong>A Galp vai investir na constru\u00e7\u00e3o de uma unidade de hidrog\u00e9nio verde com a capacidade de 100 MW de eletrolise que produzir\u00e1 at\u00e9 15 mil toneladas de hidrog\u00e9nio renov\u00e1vel por ano. A integra\u00e7\u00e3o deste projeto de larga escala nas opera\u00e7\u00f5es da refinaria de Sines permitir\u00e1 a substitui\u00e7\u00e3o de cerca de 20% do consumo atual de hidrog\u00e9nio cinzento e poder\u00e1 representar uma redu\u00e7\u00e3o das emiss\u00f5es de gases com efeito estufa de aproximadamente 110 mil toneladas por ano (Scope 1 e 2, CO<sub>2<\/sub>e).<\/p>\n<p>Os eletrolisadores ser\u00e3o alimentados a eletricidade renov\u00e1vel, atrav\u00e9s de acordos de fornecimento de longo prazo, alavancados tamb\u00e9m pela capacidade de gera\u00e7\u00e3o renov\u00e1vel da Galp.<\/p>\n<p>Recorrendo a \u00e1gua industrial reciclada, estima-se que o consumo de \u00e1gua desta unidade represente menos de 3% do consumo m\u00e9dio anual da refinaria.<\/p>\n<p>A constru\u00e7\u00e3o do eletrolisador de membrana de troca de prot\u00f5es (PEM) foi atribu\u00edda \u00e0 Plug Power enquanto a Technip Energies ser\u00e1 o principal fornecedor de servi\u00e7os EPCM.<\/p>\n<p>O investimento total neste projeto de hidrog\u00e9nio verde \u00e9 estimado em cerca de \u20ac250 milh\u00f5es.<\/p>\n","protected":false},"excerpt":{"rendered":"<p>\u00a0 A Galp tomou a decis\u00e3o&#8230;<\/p>\n","protected":false},"author":15,"featured_media":72651,"comment_status":"closed","ping_status":"closed","sticky":false,"template":"","format":"standard","meta":{"footnotes":""},"categories":[29],"tags":[3003,438,6303,6304,6305],"class_list":["post-72678","post","type-post","status-publish","format-standard","has-post-thumbnail","hentry","category-empresas","tag-descarbonizacao","tag-galp","tag-hidrogenio-verde","tag-hvo-saf","tag-refinaria-de-sines"],"yoast_head":"<!-- This site is optimized with the Yoast SEO plugin v27.4 - https:\/\/yoast.com\/product\/yoast-seo-wordpress\/ -->\n<title>Galp focada no hidrog\u00e9nio verde e HVO\/SAF - Jornal das Oficinas<\/title>\n<meta name=\"description\" content=\"A Galp tomou a decis\u00e3o final de investimento em projetos de hidrog\u00e9nio verde e HVO\/SAF. Estes dois projetos de larga escala s\u00e3o determinantes para a descarboniza\u00e7\u00e3o da refinaria de Sines e dos seus produtos energ\u00e9ticos\" \/>\n<meta name=\"robots\" content=\"index, follow, max-snippet:-1, max-image-preview:large, max-video-preview:-1\" \/>\n<link rel=\"canonical\" href=\"https:\/\/jornaldasoficinas.com\/pt\/galp-focada-no-hidrogenio-verde-e-hvo-saf\/\" \/>\n<meta property=\"og:locale\" content=\"pt_PT\" \/>\n<meta property=\"og:type\" content=\"article\" \/>\n<meta property=\"og:title\" content=\"Galp focada no hidrog\u00e9nio verde e HVO\/SAF - Jornal das Oficinas\" \/>\n<meta property=\"og:description\" content=\"A Galp tomou a decis\u00e3o final de investimento em projetos de hidrog\u00e9nio verde e HVO\/SAF. Estes dois projetos de larga escala s\u00e3o determinantes para a descarboniza\u00e7\u00e3o da refinaria de Sines e dos seus produtos energ\u00e9ticos\" \/>\n<meta property=\"og:url\" content=\"https:\/\/jornaldasoficinas.com\/pt\/galp-focada-no-hidrogenio-verde-e-hvo-saf\/\" \/>\n<meta property=\"og:site_name\" content=\"Jornal das Oficinas\" \/>\n<meta property=\"article:publisher\" content=\"https:\/\/www.facebook.com\/jornaloficinas\" \/>\n<meta property=\"article:published_time\" content=\"2023-10-02T15:00:32+00:00\" \/>\n<meta property=\"og:image\" content=\"https:\/\/jornaldasoficinas.com\/pt\/wp-content\/uploads\/2023\/09\/Galp-focada-no-hidrogenio-verde-e-HVOSAF.png\" \/>\n\t<meta property=\"og:image:width\" content=\"1024\" \/>\n\t<meta property=\"og:image:height\" content=\"581\" \/>\n\t<meta property=\"og:image:type\" content=\"image\/png\" \/>\n<meta name=\"author\" content=\"Reda\u00e7\u00e3o JO\" \/>\n<meta name=\"twitter:card\" content=\"summary_large_image\" \/>\n<meta name=\"twitter:creator\" content=\"@jornaloficinas\" \/>\n<meta name=\"twitter:site\" content=\"@jornaloficinas\" \/>\n<meta name=\"twitter:label1\" content=\"Escrito por\" \/>\n\t<meta name=\"twitter:data1\" content=\"Reda\u00e7\u00e3o JO\" \/>\n\t<meta name=\"twitter:label2\" content=\"Tempo estimado de leitura\" \/>\n\t<meta name=\"twitter:data2\" content=\"4 minutos\" \/>\n<script type=\"application\/ld+json\" class=\"yoast-schema-graph\">{\"@context\":\"https:\\\/\\\/schema.org\",\"@graph\":[{\"@type\":\"Article\",\"@id\":\"https:\\\/\\\/jornaldasoficinas.com\\\/pt\\\/galp-focada-no-hidrogenio-verde-e-hvo-saf\\\/#article\",\"isPartOf\":{\"@id\":\"https:\\\/\\\/jornaldasoficinas.com\\\/pt\\\/galp-focada-no-hidrogenio-verde-e-hvo-saf\\\/\"},\"author\":{\"name\":\"Reda\u00e7\u00e3o JO\",\"@id\":\"https:\\\/\\\/jornaldasoficinas.com\\\/pt\\\/#\\\/schema\\\/person\\\/a38eef5de2c41d9e7c9ac10141afddf3\"},\"headline\":\"Galp focada no hidrog\u00e9nio verde e HVO\\\/SAF\",\"datePublished\":\"2023-10-02T15:00:32+00:00\",\"mainEntityOfPage\":{\"@id\":\"https:\\\/\\\/jornaldasoficinas.com\\\/pt\\\/galp-focada-no-hidrogenio-verde-e-hvo-saf\\\/\"},\"wordCount\":600,\"publisher\":{\"@id\":\"https:\\\/\\\/jornaldasoficinas.com\\\/pt\\\/#organization\"},\"image\":{\"@id\":\"https:\\\/\\\/jornaldasoficinas.com\\\/pt\\\/galp-focada-no-hidrogenio-verde-e-hvo-saf\\\/#primaryimage\"},\"thumbnailUrl\":\"https:\\\/\\\/jornaldasoficinas.com\\\/pt\\\/wp-content\\\/uploads\\\/2023\\\/09\\\/Galp-focada-no-hidrogenio-verde-e-HVOSAF.png\",\"keywords\":[\"descarboniza\u00e7\u00e3o\",\"Galp\",\"hidrog\u00e9nio verde\",\"HVO\\\/SAF\",\"refinaria de Sines\"],\"articleSection\":[\"Empresas\"],\"inLanguage\":\"pt-PT\"},{\"@type\":\"WebPage\",\"@id\":\"https:\\\/\\\/jornaldasoficinas.com\\\/pt\\\/galp-focada-no-hidrogenio-verde-e-hvo-saf\\\/\",\"url\":\"https:\\\/\\\/jornaldasoficinas.com\\\/pt\\\/galp-focada-no-hidrogenio-verde-e-hvo-saf\\\/\",\"name\":\"Galp focada no hidrog\u00e9nio verde e HVO\\\/SAF - Jornal das Oficinas\",\"isPartOf\":{\"@id\":\"https:\\\/\\\/jornaldasoficinas.com\\\/pt\\\/#website\"},\"primaryImageOfPage\":{\"@id\":\"https:\\\/\\\/jornaldasoficinas.com\\\/pt\\\/galp-focada-no-hidrogenio-verde-e-hvo-saf\\\/#primaryimage\"},\"image\":{\"@id\":\"https:\\\/\\\/jornaldasoficinas.com\\\/pt\\\/galp-focada-no-hidrogenio-verde-e-hvo-saf\\\/#primaryimage\"},\"thumbnailUrl\":\"https:\\\/\\\/jornaldasoficinas.com\\\/pt\\\/wp-content\\\/uploads\\\/2023\\\/09\\\/Galp-focada-no-hidrogenio-verde-e-HVOSAF.png\",\"datePublished\":\"2023-10-02T15:00:32+00:00\",\"description\":\"A Galp tomou a decis\u00e3o final de investimento em projetos de hidrog\u00e9nio verde e HVO\\\/SAF. Estes dois projetos de larga escala s\u00e3o determinantes para a descarboniza\u00e7\u00e3o da refinaria de Sines e dos seus produtos energ\u00e9ticos\",\"breadcrumb\":{\"@id\":\"https:\\\/\\\/jornaldasoficinas.com\\\/pt\\\/galp-focada-no-hidrogenio-verde-e-hvo-saf\\\/#breadcrumb\"},\"inLanguage\":\"pt-PT\",\"potentialAction\":[{\"@type\":\"ReadAction\",\"target\":[\"https:\\\/\\\/jornaldasoficinas.com\\\/pt\\\/galp-focada-no-hidrogenio-verde-e-hvo-saf\\\/\"]}]},{\"@type\":\"ImageObject\",\"inLanguage\":\"pt-PT\",\"@id\":\"https:\\\/\\\/jornaldasoficinas.com\\\/pt\\\/galp-focada-no-hidrogenio-verde-e-hvo-saf\\\/#primaryimage\",\"url\":\"https:\\\/\\\/jornaldasoficinas.com\\\/pt\\\/wp-content\\\/uploads\\\/2023\\\/09\\\/Galp-focada-no-hidrogenio-verde-e-HVOSAF.png\",\"contentUrl\":\"https:\\\/\\\/jornaldasoficinas.com\\\/pt\\\/wp-content\\\/uploads\\\/2023\\\/09\\\/Galp-focada-no-hidrogenio-verde-e-HVOSAF.png\",\"width\":1024,\"height\":581,\"caption\":\"09 - Galp focada no hidrogenio verde e HVOSAF\"},{\"@type\":\"BreadcrumbList\",\"@id\":\"https:\\\/\\\/jornaldasoficinas.com\\\/pt\\\/galp-focada-no-hidrogenio-verde-e-hvo-saf\\\/#breadcrumb\",\"itemListElement\":[{\"@type\":\"ListItem\",\"position\":1,\"name\":\"In\u00edcio\",\"item\":\"https:\\\/\\\/jornaldasoficinas.com\\\/pt\\\/\"},{\"@type\":\"ListItem\",\"position\":2,\"name\":\"Galp focada no hidrog\u00e9nio verde e HVO\\\/SAF\"}]},{\"@type\":\"WebSite\",\"@id\":\"https:\\\/\\\/jornaldasoficinas.com\\\/pt\\\/#website\",\"url\":\"https:\\\/\\\/jornaldasoficinas.com\\\/pt\\\/\",\"name\":\"Jornal das Oficinas\",\"description\":\"Jornal independente do Aftermarket Autom\u00f3vel em Portugal\",\"publisher\":{\"@id\":\"https:\\\/\\\/jornaldasoficinas.com\\\/pt\\\/#organization\"},\"potentialAction\":[{\"@type\":\"SearchAction\",\"target\":{\"@type\":\"EntryPoint\",\"urlTemplate\":\"https:\\\/\\\/jornaldasoficinas.com\\\/pt\\\/?s={search_term_string}\"},\"query-input\":{\"@type\":\"PropertyValueSpecification\",\"valueRequired\":true,\"valueName\":\"search_term_string\"}}],\"inLanguage\":\"pt-PT\"},{\"@type\":\"Organization\",\"@id\":\"https:\\\/\\\/jornaldasoficinas.com\\\/pt\\\/#organization\",\"name\":\"Jornal das Oficinas\",\"url\":\"https:\\\/\\\/jornaldasoficinas.com\\\/pt\\\/\",\"logo\":{\"@type\":\"ImageObject\",\"inLanguage\":\"pt-PT\",\"@id\":\"https:\\\/\\\/jornaldasoficinas.com\\\/pt\\\/#\\\/schema\\\/logo\\\/image\\\/\",\"url\":\"https:\\\/\\\/jornaldasoficinas.com\\\/pt\\\/wp-content\\\/uploads\\\/logoJO-SEO.png\",\"contentUrl\":\"https:\\\/\\\/jornaldasoficinas.com\\\/pt\\\/wp-content\\\/uploads\\\/logoJO-SEO.png\",\"width\":285,\"height\":450,\"caption\":\"Jornal das Oficinas\"},\"image\":{\"@id\":\"https:\\\/\\\/jornaldasoficinas.com\\\/pt\\\/#\\\/schema\\\/logo\\\/image\\\/\"},\"sameAs\":[\"https:\\\/\\\/www.facebook.com\\\/jornaloficinas\",\"https:\\\/\\\/x.com\\\/jornaloficinas\",\"https:\\\/\\\/www.instagram.com\\\/jornal_oficinas\\\/\",\"https:\\\/\\\/www.linkedin.com\\\/company\\\/jornal-das-oficinas\\\/\",\"https:\\\/\\\/www.youtube.com\\\/channel\\\/UCbQZBqtcvV-oSQrr7RzINGg\"]},{\"@type\":\"Person\",\"@id\":\"https:\\\/\\\/jornaldasoficinas.com\\\/pt\\\/#\\\/schema\\\/person\\\/a38eef5de2c41d9e7c9ac10141afddf3\",\"name\":\"Reda\u00e7\u00e3o JO\",\"image\":{\"@type\":\"ImageObject\",\"inLanguage\":\"pt-PT\",\"@id\":\"https:\\\/\\\/secure.gravatar.com\\\/avatar\\\/71f2fa71737ad68a84fea94bc708ddac8ea5b0c4788dc2ad202f3ccb2887742f?s=96&d=wp_user_avatar&r=g\",\"url\":\"https:\\\/\\\/secure.gravatar.com\\\/avatar\\\/71f2fa71737ad68a84fea94bc708ddac8ea5b0c4788dc2ad202f3ccb2887742f?s=96&d=wp_user_avatar&r=g\",\"contentUrl\":\"https:\\\/\\\/secure.gravatar.com\\\/avatar\\\/71f2fa71737ad68a84fea94bc708ddac8ea5b0c4788dc2ad202f3ccb2887742f?s=96&d=wp_user_avatar&r=g\",\"caption\":\"Reda\u00e7\u00e3o JO\"},\"url\":\"https:\\\/\\\/jornaldasoficinas.com\\\/pt\\\/author\\\/joredacao\\\/\"}]}<\/script>\n<!-- \/ Yoast SEO plugin. -->","yoast_head_json":{"title":"Galp focada no hidrog\u00e9nio verde e HVO\/SAF - Jornal das Oficinas","description":"A Galp tomou a decis\u00e3o final de investimento em projetos de hidrog\u00e9nio verde e HVO\/SAF. Estes dois projetos de larga escala s\u00e3o determinantes para a descarboniza\u00e7\u00e3o da refinaria de Sines e dos seus produtos energ\u00e9ticos","robots":{"index":"index","follow":"follow","max-snippet":"max-snippet:-1","max-image-preview":"max-image-preview:large","max-video-preview":"max-video-preview:-1"},"canonical":"https:\/\/jornaldasoficinas.com\/pt\/galp-focada-no-hidrogenio-verde-e-hvo-saf\/","og_locale":"pt_PT","og_type":"article","og_title":"Galp focada no hidrog\u00e9nio verde e HVO\/SAF - Jornal das Oficinas","og_description":"A Galp tomou a decis\u00e3o final de investimento em projetos de hidrog\u00e9nio verde e HVO\/SAF. Estes dois projetos de larga escala s\u00e3o determinantes para a descarboniza\u00e7\u00e3o da refinaria de Sines e dos seus produtos energ\u00e9ticos","og_url":"https:\/\/jornaldasoficinas.com\/pt\/galp-focada-no-hidrogenio-verde-e-hvo-saf\/","og_site_name":"Jornal das Oficinas","article_publisher":"https:\/\/www.facebook.com\/jornaloficinas","article_published_time":"2023-10-02T15:00:32+00:00","og_image":[{"width":1024,"height":581,"url":"https:\/\/jornaldasoficinas.com\/pt\/wp-content\/uploads\/2023\/09\/Galp-focada-no-hidrogenio-verde-e-HVOSAF.png","type":"image\/png"}],"author":"Reda\u00e7\u00e3o JO","twitter_card":"summary_large_image","twitter_creator":"@jornaloficinas","twitter_site":"@jornaloficinas","twitter_misc":{"Escrito por":"Reda\u00e7\u00e3o JO","Tempo estimado de leitura":"4 minutos"},"schema":{"@context":"https:\/\/schema.org","@graph":[{"@type":"Article","@id":"https:\/\/jornaldasoficinas.com\/pt\/galp-focada-no-hidrogenio-verde-e-hvo-saf\/#article","isPartOf":{"@id":"https:\/\/jornaldasoficinas.com\/pt\/galp-focada-no-hidrogenio-verde-e-hvo-saf\/"},"author":{"name":"Reda\u00e7\u00e3o JO","@id":"https:\/\/jornaldasoficinas.com\/pt\/#\/schema\/person\/a38eef5de2c41d9e7c9ac10141afddf3"},"headline":"Galp focada no hidrog\u00e9nio verde e HVO\/SAF","datePublished":"2023-10-02T15:00:32+00:00","mainEntityOfPage":{"@id":"https:\/\/jornaldasoficinas.com\/pt\/galp-focada-no-hidrogenio-verde-e-hvo-saf\/"},"wordCount":600,"publisher":{"@id":"https:\/\/jornaldasoficinas.com\/pt\/#organization"},"image":{"@id":"https:\/\/jornaldasoficinas.com\/pt\/galp-focada-no-hidrogenio-verde-e-hvo-saf\/#primaryimage"},"thumbnailUrl":"https:\/\/jornaldasoficinas.com\/pt\/wp-content\/uploads\/2023\/09\/Galp-focada-no-hidrogenio-verde-e-HVOSAF.png","keywords":["descarboniza\u00e7\u00e3o","Galp","hidrog\u00e9nio verde","HVO\/SAF","refinaria de Sines"],"articleSection":["Empresas"],"inLanguage":"pt-PT"},{"@type":"WebPage","@id":"https:\/\/jornaldasoficinas.com\/pt\/galp-focada-no-hidrogenio-verde-e-hvo-saf\/","url":"https:\/\/jornaldasoficinas.com\/pt\/galp-focada-no-hidrogenio-verde-e-hvo-saf\/","name":"Galp focada no hidrog\u00e9nio verde e HVO\/SAF - Jornal das Oficinas","isPartOf":{"@id":"https:\/\/jornaldasoficinas.com\/pt\/#website"},"primaryImageOfPage":{"@id":"https:\/\/jornaldasoficinas.com\/pt\/galp-focada-no-hidrogenio-verde-e-hvo-saf\/#primaryimage"},"image":{"@id":"https:\/\/jornaldasoficinas.com\/pt\/galp-focada-no-hidrogenio-verde-e-hvo-saf\/#primaryimage"},"thumbnailUrl":"https:\/\/jornaldasoficinas.com\/pt\/wp-content\/uploads\/2023\/09\/Galp-focada-no-hidrogenio-verde-e-HVOSAF.png","datePublished":"2023-10-02T15:00:32+00:00","description":"A Galp tomou a decis\u00e3o final de investimento em projetos de hidrog\u00e9nio verde e HVO\/SAF. Estes dois projetos de larga escala s\u00e3o determinantes para a descarboniza\u00e7\u00e3o da refinaria de Sines e dos seus produtos energ\u00e9ticos","breadcrumb":{"@id":"https:\/\/jornaldasoficinas.com\/pt\/galp-focada-no-hidrogenio-verde-e-hvo-saf\/#breadcrumb"},"inLanguage":"pt-PT","potentialAction":[{"@type":"ReadAction","target":["https:\/\/jornaldasoficinas.com\/pt\/galp-focada-no-hidrogenio-verde-e-hvo-saf\/"]}]},{"@type":"ImageObject","inLanguage":"pt-PT","@id":"https:\/\/jornaldasoficinas.com\/pt\/galp-focada-no-hidrogenio-verde-e-hvo-saf\/#primaryimage","url":"https:\/\/jornaldasoficinas.com\/pt\/wp-content\/uploads\/2023\/09\/Galp-focada-no-hidrogenio-verde-e-HVOSAF.png","contentUrl":"https:\/\/jornaldasoficinas.com\/pt\/wp-content\/uploads\/2023\/09\/Galp-focada-no-hidrogenio-verde-e-HVOSAF.png","width":1024,"height":581,"caption":"09 - Galp focada no hidrogenio verde e HVOSAF"},{"@type":"BreadcrumbList","@id":"https:\/\/jornaldasoficinas.com\/pt\/galp-focada-no-hidrogenio-verde-e-hvo-saf\/#breadcrumb","itemListElement":[{"@type":"ListItem","position":1,"name":"In\u00edcio","item":"https:\/\/jornaldasoficinas.com\/pt\/"},{"@type":"ListItem","position":2,"name":"Galp focada no hidrog\u00e9nio verde e HVO\/SAF"}]},{"@type":"WebSite","@id":"https:\/\/jornaldasoficinas.com\/pt\/#website","url":"https:\/\/jornaldasoficinas.com\/pt\/","name":"Jornal das Oficinas","description":"Jornal independente do Aftermarket Autom\u00f3vel em Portugal","publisher":{"@id":"https:\/\/jornaldasoficinas.com\/pt\/#organization"},"potentialAction":[{"@type":"SearchAction","target":{"@type":"EntryPoint","urlTemplate":"https:\/\/jornaldasoficinas.com\/pt\/?s={search_term_string}"},"query-input":{"@type":"PropertyValueSpecification","valueRequired":true,"valueName":"search_term_string"}}],"inLanguage":"pt-PT"},{"@type":"Organization","@id":"https:\/\/jornaldasoficinas.com\/pt\/#organization","name":"Jornal das Oficinas","url":"https:\/\/jornaldasoficinas.com\/pt\/","logo":{"@type":"ImageObject","inLanguage":"pt-PT","@id":"https:\/\/jornaldasoficinas.com\/pt\/#\/schema\/logo\/image\/","url":"https:\/\/jornaldasoficinas.com\/pt\/wp-content\/uploads\/logoJO-SEO.png","contentUrl":"https:\/\/jornaldasoficinas.com\/pt\/wp-content\/uploads\/logoJO-SEO.png","width":285,"height":450,"caption":"Jornal das Oficinas"},"image":{"@id":"https:\/\/jornaldasoficinas.com\/pt\/#\/schema\/logo\/image\/"},"sameAs":["https:\/\/www.facebook.com\/jornaloficinas","https:\/\/x.com\/jornaloficinas","https:\/\/www.instagram.com\/jornal_oficinas\/","https:\/\/www.linkedin.com\/company\/jornal-das-oficinas\/","https:\/\/www.youtube.com\/channel\/UCbQZBqtcvV-oSQrr7RzINGg"]},{"@type":"Person","@id":"https:\/\/jornaldasoficinas.com\/pt\/#\/schema\/person\/a38eef5de2c41d9e7c9ac10141afddf3","name":"Reda\u00e7\u00e3o JO","image":{"@type":"ImageObject","inLanguage":"pt-PT","@id":"https:\/\/secure.gravatar.com\/avatar\/71f2fa71737ad68a84fea94bc708ddac8ea5b0c4788dc2ad202f3ccb2887742f?s=96&d=wp_user_avatar&r=g","url":"https:\/\/secure.gravatar.com\/avatar\/71f2fa71737ad68a84fea94bc708ddac8ea5b0c4788dc2ad202f3ccb2887742f?s=96&d=wp_user_avatar&r=g","contentUrl":"https:\/\/secure.gravatar.com\/avatar\/71f2fa71737ad68a84fea94bc708ddac8ea5b0c4788dc2ad202f3ccb2887742f?s=96&d=wp_user_avatar&r=g","caption":"Reda\u00e7\u00e3o JO"},"url":"https:\/\/jornaldasoficinas.com\/pt\/author\/joredacao\/"}]}},"_links":{"self":[{"href":"https:\/\/jornaldasoficinas.com\/pt\/wp-json\/wp\/v2\/posts\/72678","targetHints":{"allow":["GET"]}}],"collection":[{"href":"https:\/\/jornaldasoficinas.com\/pt\/wp-json\/wp\/v2\/posts"}],"about":[{"href":"https:\/\/jornaldasoficinas.com\/pt\/wp-json\/wp\/v2\/types\/post"}],"author":[{"embeddable":true,"href":"https:\/\/jornaldasoficinas.com\/pt\/wp-json\/wp\/v2\/users\/15"}],"replies":[{"embeddable":true,"href":"https:\/\/jornaldasoficinas.com\/pt\/wp-json\/wp\/v2\/comments?post=72678"}],"version-history":[{"count":0,"href":"https:\/\/jornaldasoficinas.com\/pt\/wp-json\/wp\/v2\/posts\/72678\/revisions"}],"wp:featuredmedia":[{"embeddable":true,"href":"https:\/\/jornaldasoficinas.com\/pt\/wp-json\/wp\/v2\/media\/72651"}],"wp:attachment":[{"href":"https:\/\/jornaldasoficinas.com\/pt\/wp-json\/wp\/v2\/media?parent=72678"}],"wp:term":[{"taxonomy":"category","embeddable":true,"href":"https:\/\/jornaldasoficinas.com\/pt\/wp-json\/wp\/v2\/categories?post=72678"},{"taxonomy":"post_tag","embeddable":true,"href":"https:\/\/jornaldasoficinas.com\/pt\/wp-json\/wp\/v2\/tags?post=72678"}],"curies":[{"name":"wp","href":"https:\/\/api.w.org\/{rel}","templated":true}]}}