{"id":72727,"date":"2023-10-03T10:00:14","date_gmt":"2023-10-03T09:00:14","guid":{"rendered":"https:\/\/jornaldasoficinas.com\/pt\/?p=72727"},"modified":"2023-10-03T09:25:12","modified_gmt":"2023-10-03T08:25:12","slug":"ii-passeio-de-classicos-soc-com-c-santos-foi-um-sucesso","status":"publish","type":"post","link":"https:\/\/jornaldasoficinas.com\/pt\/ii-passeio-de-classicos-soc-com-c-santos-foi-um-sucesso\/","title":{"rendered":"II Passeio de Cl\u00e1ssicos Soc. Com. C. Santos foi um sucesso"},"content":{"rendered":"<p><strong><img loading=\"lazy\" decoding=\"async\" class=\"alignnone size-full wp-image-72654\" src=\"https:\/\/jornaldasoficinas.com\/pt\/wp-content\/uploads\/2023\/09\/II-Passeio-de-Classicos-Soc.-Com.-C.-Santos-foi-um-sucesso-.jpg\" alt=\"09 - II Passeio de Classicos Soc. Com. C. Santos foi um sucesso \" width=\"1024\" height=\"581\" srcset=\"https:\/\/jornaldasoficinas.com\/pt\/wp-content\/uploads\/2023\/09\/II-Passeio-de-Classicos-Soc.-Com.-C.-Santos-foi-um-sucesso-.jpg 1024w, https:\/\/jornaldasoficinas.com\/pt\/wp-content\/uploads\/2023\/09\/II-Passeio-de-Classicos-Soc.-Com.-C.-Santos-foi-um-sucesso--300x170.jpg 300w, https:\/\/jornaldasoficinas.com\/pt\/wp-content\/uploads\/2023\/09\/II-Passeio-de-Classicos-Soc.-Com.-C.-Santos-foi-um-sucesso--150x85.jpg 150w, https:\/\/jornaldasoficinas.com\/pt\/wp-content\/uploads\/2023\/09\/II-Passeio-de-Classicos-Soc.-Com.-C.-Santos-foi-um-sucesso--768x436.jpg 768w\" sizes=\"auto, (max-width: 1024px) 100vw, 1024px\" \/><\/strong><\/p>\n<p><strong>A segunda edi\u00e7\u00e3o do passeio do passeio de cl\u00e1ssicos da <a href=\"https:\/\/www.soccsantos.pt\/\" target=\"_blank\" rel=\"noopener\">Sociedade Comercial C. Santos<\/a> foi um sucesso. Quase 40 ve\u00edculos hist\u00f3ricos Mercedes-Benz desfilaram por estradas do Norte de Portugal e o grupo de mais de uma centena de entusiastas da marca p\u00f4de apreciar v\u00e1rias unidades anteriores \u00e0 d\u00e9cada de 1980<\/strong><\/p>\n<p>O II Passeio de Cl\u00e1ssicos Soc. Com. C. Santos, realizado com o apoio institucional do Mercedes-Benz Club Portugal, arrancou cedo na manh\u00e3 do \u00faltimo s\u00e1bado (23 de setembro). O grupo reuniu-se nas instala\u00e7\u00f5es do concession\u00e1rio na Maia, junto ao aeroporto do Porto, e, ap\u00f3s o briefing inicial no novo showroom e fotografia de grupo, era chegada a altura de colocar a \u201chist\u00f3ria\u201d em movimento.<\/p>\n<p>O percurso passou por v\u00e1rias estradas municipais da \u00c1rea Metropolitana do Porto e da regi\u00e3o do T\u00e2mega e Sousa com destino ao Museu Arqueol\u00f3gico da Cit\u00e2nia de Sanfins. A\u00ed pode ser observado de perto o esp\u00f3lio das escava\u00e7\u00f5es do povoado fortificado que existiu entre os s\u00e9culos V a.C. e o IV d.C. e ocupa cerca de 18 hectares. Ap\u00f3s esta paragem hist\u00f3rica, os autom\u00f3veis seguiram para uma unidade hoteleira vin\u00edcola para o almo\u00e7o, que culminou com uma atua\u00e7\u00e3o do humorista Nilton, embaixador da Sociedade Comercial C. Santos.<\/p>\n<p>Entre as 39 viaturas presentes (o limite inicial era de 30 ve\u00edculos) no II Passeio de Cl\u00e1ssicos Soc. Com. C. Santos estiveram Mercedes-Benz hist\u00f3ricos dignos de registo, como um SL de 1957 ou, entre outros, um 230 E (C123) de 1981. O ve\u00edculo mais antigo presente \u2013 e dos que mais chamou \u00e0 aten\u00e7\u00e3o \u2013 foi um Mercedes-Benz 170 (W138) do long\u00ednquo ano de 1938. Bruno Soares conduziu o autom\u00f3vel.<\/p>\n<p>\u201cPartilho com o meu pai a paix\u00e3o por autom\u00f3veis e \u00e9ramos para vir juntos, mas ele depois teve um imprevisto e convidei a minha namorada para me acompanhar. Num mundo em que as tecnologias avan\u00e7am de forma constante, \u00e0s vezes \u00e9 importante tamb\u00e9m apreciar o que temos de anos passados e viver um pouco a realidade de outras \u00e9pocas. Foi por isso que nos inscrevemos no passeio\u201d, indicou Bruno Soares.<\/p>\n<p>O II Passeio de Cl\u00e1ssicos Soc. Com. C. Santos foi o primeiro evento desta natureza em que os propriet\u00e1rios inscreveram este Mercedes-Benz de 1938 e a promessa \u00e9 de voltarem em 2024. \u201cEste \u00e9 a primeira vez que vimos com o carro a um passeio de cl\u00e1ssicos e acreditamos que possa ser o primeiro de muitos. Contamos para o ano volta ao passeio de cl\u00e1ssicos da Sociedade Comercial C. Santos\u201d, acrescentou Bruno Soares.<\/p>\n<p>De notar que, para aumentar o n\u00famero de ocasi\u00f5es em que a viatura circula e para ajudar na sua pr\u00f3pria manuten\u00e7\u00e3o, os propriet\u00e1rios t\u00eam o modelo dispon\u00edvel para aluguer em plataformas de eventos (como a casamentos.pt, entre outras).<\/p>\n<p><strong>Paix\u00e3o desde o ber\u00e7o<br \/>\n<\/strong>Todos os participantes no evento s\u00e3o apaixonados pela marca h\u00e1 muito tempo, mas nenhum desde t\u00e3o novo como Jorge Pinho que\u2026 nasceu a bordo de um Mercedes-Benz. \u201cSou fan\u00e1tico pela Mercedes. Para que se saiba, nasci dentro de um Mercedes. Num Rabo de Peixe, em \u00c1frica, a parteira, tirou-me de dentro da minha falecida m\u00e3e dentro de um Mercedes, n\u00e3o cheguei \u00e0 maternidade. Portanto, fiquei com o cheiro dos Mercedes. Tenho um stand que, por norma, tem em montra dezenas de Mercedes. Na minha zona, S\u00e3o Jo\u00e3o da Madeira e Vale de Cambra, sou conhecido como o homem dos<\/p>\n<p>Mercedes. Sou cliente da Sociedade Comercial C. Santos h\u00e1 muitos anos. O meu falecido pai tamb\u00e9m era cliente, porque teve uma empresa de t\u00e1xis, e dizia que s\u00f3 havia duas marcas de carros: Mercedes novos e Mercedes velhos\u201d.<\/p>\n<p>Jorge Pinho levou ao evento um W123 vers\u00e3o longa (tipo limousine) que foi constru\u00eddo em 1982 e est\u00e1 nas m\u00e3os do atual propriet\u00e1rio h\u00e1 quase 30 anos. A primeira utiliza\u00e7\u00e3o foi de Estado. \u201cO W123 longo comprei-o ao Parlamento Europeu, tinha o carro na altura 50 mil km e poucos anos. Hoje [com 41 anos] tem 90 mil km. O carro est\u00e1 novo. O ilustre M\u00e1rio Soares andou neste carro\u201d, contou.<\/p>\n<p><strong>Senhoras dizem \u201cpresente\u201d<br \/>\n<\/strong>O passeio de cl\u00e1ssicos da Sociedade Comercial C. Santos contou com cerca de uma centena de pessoas, entre as quais p\u00fablico jovem e bastantes senhoras. \u00c9 o caso de Manuela Martins, que dividiu a condu\u00e7\u00e3o de um elegante Mercedes-Benz SL de 1957 com o marido, Modesto Ara\u00fajo (que inscreveu duas viaturas no passeio). \u201cConduzir um autom\u00f3vel cl\u00e1ssico \u00e9 completamente diferente do que conduzir um carro do dia a dia. N\u00e3o estava a contar vir a conduzi-lo [foi por sugest\u00e3o do marido] e gostei. Ali\u00e1s, gosto muito de vir a eventos como este\u201d, referiu Manuela Martins.<\/p>\n<p><strong>Organiza\u00e7\u00e3o faz balan\u00e7o positivo<br \/>\n<\/strong>Findo o evento, a organiza\u00e7\u00e3o faz um balan\u00e7o positivo e a perspetiva \u00e9 de que em 2024 se realize o III Passeio de Cl\u00e1ssicos Soc. Com. C. Santos. \u201cO sucesso da primeira edi\u00e7\u00e3o elevou as expectativas dos inscritos para esta segunda edi\u00e7\u00e3o, da qual fazemos um balan\u00e7o positivo, a julgar pelo feedback que obtivemos no fim do evento. \u00c9 para n\u00f3s um privil\u00e9gio receber tantos autom\u00f3veis cl\u00e1ssicos Mercedes-Benz e tanto apaixonados, de v\u00e1rias idades, entre os quais senhoras. Podermos dar um contributo para que a hist\u00f3ria autom\u00f3vel seja preservada \u00e9 para n\u00f3s muito interessante\u201d, resumiu o rela\u00e7\u00f5es p\u00fablicas da Sociedade Comercial C. Santos, Aquiles Pinto.<\/p>\n","protected":false},"excerpt":{"rendered":"<p>A segunda edi\u00e7\u00e3o do passeio do&#8230;<\/p>\n","protected":false},"author":15,"featured_media":72654,"comment_status":"closed","ping_status":"closed","sticky":false,"template":"","format":"standard","meta":{"footnotes":""},"categories":[1],"tags":[5966,116,2488],"class_list":["post-72727","post","type-post","status-publish","format-standard","has-post-thumbnail","hentry","category-uncategorized","tag-ii-passeio-de-classicos","tag-mercedes-benz","tag-soc-comercial-c-santos"],"yoast_head":"<!-- This site is optimized with the Yoast SEO plugin v27.4 - https:\/\/yoast.com\/product\/yoast-seo-wordpress\/ -->\n<title>II Passeio de Cl\u00e1ssicos Soc. Com. C. Santos foi um sucesso - Jornal das Oficinas<\/title>\n<meta name=\"description\" content=\"A segunda edi\u00e7\u00e3o do Passeio de Cl\u00e1ssicos da Sociedade Comercial C. Santos foi um sucesso. Quase 40 ve\u00edculos hist\u00f3ricos Mercedes-Benz\" \/>\n<meta name=\"robots\" content=\"index, follow, max-snippet:-1, max-image-preview:large, max-video-preview:-1\" \/>\n<link rel=\"canonical\" href=\"https:\/\/jornaldasoficinas.com\/pt\/ii-passeio-de-classicos-soc-com-c-santos-foi-um-sucesso\/\" \/>\n<meta property=\"og:locale\" content=\"pt_PT\" \/>\n<meta property=\"og:type\" content=\"article\" \/>\n<meta property=\"og:title\" content=\"II Passeio de Cl\u00e1ssicos Soc. Com. C. Santos foi um sucesso - Jornal das Oficinas\" \/>\n<meta property=\"og:description\" content=\"A segunda edi\u00e7\u00e3o do Passeio de Cl\u00e1ssicos da Sociedade Comercial C. Santos foi um sucesso. Quase 40 ve\u00edculos hist\u00f3ricos Mercedes-Benz\" \/>\n<meta property=\"og:url\" content=\"https:\/\/jornaldasoficinas.com\/pt\/ii-passeio-de-classicos-soc-com-c-santos-foi-um-sucesso\/\" \/>\n<meta property=\"og:site_name\" content=\"Jornal das Oficinas\" \/>\n<meta property=\"article:publisher\" content=\"https:\/\/www.facebook.com\/jornaloficinas\" \/>\n<meta property=\"article:published_time\" content=\"2023-10-03T09:00:14+00:00\" \/>\n<meta property=\"og:image\" content=\"https:\/\/jornaldasoficinas.com\/pt\/wp-content\/uploads\/2023\/09\/II-Passeio-de-Classicos-Soc.-Com.-C.-Santos-foi-um-sucesso-.jpg\" \/>\n\t<meta property=\"og:image:width\" content=\"1024\" \/>\n\t<meta property=\"og:image:height\" content=\"581\" \/>\n\t<meta property=\"og:image:type\" content=\"image\/jpeg\" \/>\n<meta name=\"author\" content=\"Reda\u00e7\u00e3o JO\" \/>\n<meta name=\"twitter:card\" content=\"summary_large_image\" \/>\n<meta name=\"twitter:creator\" content=\"@jornaloficinas\" \/>\n<meta name=\"twitter:site\" content=\"@jornaloficinas\" \/>\n<meta name=\"twitter:label1\" content=\"Escrito por\" \/>\n\t<meta name=\"twitter:data1\" content=\"Reda\u00e7\u00e3o JO\" \/>\n\t<meta name=\"twitter:label2\" content=\"Tempo estimado de leitura\" \/>\n\t<meta name=\"twitter:data2\" content=\"6 minutos\" \/>\n<script type=\"application\/ld+json\" class=\"yoast-schema-graph\">{\"@context\":\"https:\\\/\\\/schema.org\",\"@graph\":[{\"@type\":\"Article\",\"@id\":\"https:\\\/\\\/jornaldasoficinas.com\\\/pt\\\/ii-passeio-de-classicos-soc-com-c-santos-foi-um-sucesso\\\/#article\",\"isPartOf\":{\"@id\":\"https:\\\/\\\/jornaldasoficinas.com\\\/pt\\\/ii-passeio-de-classicos-soc-com-c-santos-foi-um-sucesso\\\/\"},\"author\":{\"name\":\"Reda\u00e7\u00e3o JO\",\"@id\":\"https:\\\/\\\/jornaldasoficinas.com\\\/pt\\\/#\\\/schema\\\/person\\\/a38eef5de2c41d9e7c9ac10141afddf3\"},\"headline\":\"II Passeio de Cl\u00e1ssicos Soc. Com. C. Santos foi um sucesso\",\"datePublished\":\"2023-10-03T09:00:14+00:00\",\"mainEntityOfPage\":{\"@id\":\"https:\\\/\\\/jornaldasoficinas.com\\\/pt\\\/ii-passeio-de-classicos-soc-com-c-santos-foi-um-sucesso\\\/\"},\"wordCount\":946,\"publisher\":{\"@id\":\"https:\\\/\\\/jornaldasoficinas.com\\\/pt\\\/#organization\"},\"image\":{\"@id\":\"https:\\\/\\\/jornaldasoficinas.com\\\/pt\\\/ii-passeio-de-classicos-soc-com-c-santos-foi-um-sucesso\\\/#primaryimage\"},\"thumbnailUrl\":\"https:\\\/\\\/jornaldasoficinas.com\\\/pt\\\/wp-content\\\/uploads\\\/2023\\\/09\\\/II-Passeio-de-Classicos-Soc.-Com.-C.-Santos-foi-um-sucesso-.jpg\",\"keywords\":[\"II Passeio de Cl\u00e1ssicos\",\"Mercedes-Benz\",\"Soc. Comercial C. Santos\"],\"articleSection\":[\"Uncategorized\"],\"inLanguage\":\"pt-PT\"},{\"@type\":\"WebPage\",\"@id\":\"https:\\\/\\\/jornaldasoficinas.com\\\/pt\\\/ii-passeio-de-classicos-soc-com-c-santos-foi-um-sucesso\\\/\",\"url\":\"https:\\\/\\\/jornaldasoficinas.com\\\/pt\\\/ii-passeio-de-classicos-soc-com-c-santos-foi-um-sucesso\\\/\",\"name\":\"II Passeio de Cl\u00e1ssicos Soc. Com. C. Santos foi um sucesso - Jornal das Oficinas\",\"isPartOf\":{\"@id\":\"https:\\\/\\\/jornaldasoficinas.com\\\/pt\\\/#website\"},\"primaryImageOfPage\":{\"@id\":\"https:\\\/\\\/jornaldasoficinas.com\\\/pt\\\/ii-passeio-de-classicos-soc-com-c-santos-foi-um-sucesso\\\/#primaryimage\"},\"image\":{\"@id\":\"https:\\\/\\\/jornaldasoficinas.com\\\/pt\\\/ii-passeio-de-classicos-soc-com-c-santos-foi-um-sucesso\\\/#primaryimage\"},\"thumbnailUrl\":\"https:\\\/\\\/jornaldasoficinas.com\\\/pt\\\/wp-content\\\/uploads\\\/2023\\\/09\\\/II-Passeio-de-Classicos-Soc.-Com.-C.-Santos-foi-um-sucesso-.jpg\",\"datePublished\":\"2023-10-03T09:00:14+00:00\",\"description\":\"A segunda edi\u00e7\u00e3o do Passeio de Cl\u00e1ssicos da Sociedade Comercial C. Santos foi um sucesso. Quase 40 ve\u00edculos hist\u00f3ricos Mercedes-Benz\",\"breadcrumb\":{\"@id\":\"https:\\\/\\\/jornaldasoficinas.com\\\/pt\\\/ii-passeio-de-classicos-soc-com-c-santos-foi-um-sucesso\\\/#breadcrumb\"},\"inLanguage\":\"pt-PT\",\"potentialAction\":[{\"@type\":\"ReadAction\",\"target\":[\"https:\\\/\\\/jornaldasoficinas.com\\\/pt\\\/ii-passeio-de-classicos-soc-com-c-santos-foi-um-sucesso\\\/\"]}]},{\"@type\":\"ImageObject\",\"inLanguage\":\"pt-PT\",\"@id\":\"https:\\\/\\\/jornaldasoficinas.com\\\/pt\\\/ii-passeio-de-classicos-soc-com-c-santos-foi-um-sucesso\\\/#primaryimage\",\"url\":\"https:\\\/\\\/jornaldasoficinas.com\\\/pt\\\/wp-content\\\/uploads\\\/2023\\\/09\\\/II-Passeio-de-Classicos-Soc.-Com.-C.-Santos-foi-um-sucesso-.jpg\",\"contentUrl\":\"https:\\\/\\\/jornaldasoficinas.com\\\/pt\\\/wp-content\\\/uploads\\\/2023\\\/09\\\/II-Passeio-de-Classicos-Soc.-Com.-C.-Santos-foi-um-sucesso-.jpg\",\"width\":1024,\"height\":581,\"caption\":\"09 - II Passeio de Classicos Soc. Com. C. Santos foi um sucesso\"},{\"@type\":\"BreadcrumbList\",\"@id\":\"https:\\\/\\\/jornaldasoficinas.com\\\/pt\\\/ii-passeio-de-classicos-soc-com-c-santos-foi-um-sucesso\\\/#breadcrumb\",\"itemListElement\":[{\"@type\":\"ListItem\",\"position\":1,\"name\":\"In\u00edcio\",\"item\":\"https:\\\/\\\/jornaldasoficinas.com\\\/pt\\\/\"},{\"@type\":\"ListItem\",\"position\":2,\"name\":\"II Passeio de Cl\u00e1ssicos Soc. Com. C. Santos foi um sucesso\"}]},{\"@type\":\"WebSite\",\"@id\":\"https:\\\/\\\/jornaldasoficinas.com\\\/pt\\\/#website\",\"url\":\"https:\\\/\\\/jornaldasoficinas.com\\\/pt\\\/\",\"name\":\"Jornal das Oficinas\",\"description\":\"Jornal independente do Aftermarket Autom\u00f3vel em Portugal\",\"publisher\":{\"@id\":\"https:\\\/\\\/jornaldasoficinas.com\\\/pt\\\/#organization\"},\"potentialAction\":[{\"@type\":\"SearchAction\",\"target\":{\"@type\":\"EntryPoint\",\"urlTemplate\":\"https:\\\/\\\/jornaldasoficinas.com\\\/pt\\\/?s={search_term_string}\"},\"query-input\":{\"@type\":\"PropertyValueSpecification\",\"valueRequired\":true,\"valueName\":\"search_term_string\"}}],\"inLanguage\":\"pt-PT\"},{\"@type\":\"Organization\",\"@id\":\"https:\\\/\\\/jornaldasoficinas.com\\\/pt\\\/#organization\",\"name\":\"Jornal das Oficinas\",\"url\":\"https:\\\/\\\/jornaldasoficinas.com\\\/pt\\\/\",\"logo\":{\"@type\":\"ImageObject\",\"inLanguage\":\"pt-PT\",\"@id\":\"https:\\\/\\\/jornaldasoficinas.com\\\/pt\\\/#\\\/schema\\\/logo\\\/image\\\/\",\"url\":\"https:\\\/\\\/jornaldasoficinas.com\\\/pt\\\/wp-content\\\/uploads\\\/logoJO-SEO.png\",\"contentUrl\":\"https:\\\/\\\/jornaldasoficinas.com\\\/pt\\\/wp-content\\\/uploads\\\/logoJO-SEO.png\",\"width\":285,\"height\":450,\"caption\":\"Jornal das Oficinas\"},\"image\":{\"@id\":\"https:\\\/\\\/jornaldasoficinas.com\\\/pt\\\/#\\\/schema\\\/logo\\\/image\\\/\"},\"sameAs\":[\"https:\\\/\\\/www.facebook.com\\\/jornaloficinas\",\"https:\\\/\\\/x.com\\\/jornaloficinas\",\"https:\\\/\\\/www.instagram.com\\\/jornal_oficinas\\\/\",\"https:\\\/\\\/www.linkedin.com\\\/company\\\/jornal-das-oficinas\\\/\",\"https:\\\/\\\/www.youtube.com\\\/channel\\\/UCbQZBqtcvV-oSQrr7RzINGg\"]},{\"@type\":\"Person\",\"@id\":\"https:\\\/\\\/jornaldasoficinas.com\\\/pt\\\/#\\\/schema\\\/person\\\/a38eef5de2c41d9e7c9ac10141afddf3\",\"name\":\"Reda\u00e7\u00e3o JO\",\"image\":{\"@type\":\"ImageObject\",\"inLanguage\":\"pt-PT\",\"@id\":\"https:\\\/\\\/secure.gravatar.com\\\/avatar\\\/71f2fa71737ad68a84fea94bc708ddac8ea5b0c4788dc2ad202f3ccb2887742f?s=96&d=wp_user_avatar&r=g\",\"url\":\"https:\\\/\\\/secure.gravatar.com\\\/avatar\\\/71f2fa71737ad68a84fea94bc708ddac8ea5b0c4788dc2ad202f3ccb2887742f?s=96&d=wp_user_avatar&r=g\",\"contentUrl\":\"https:\\\/\\\/secure.gravatar.com\\\/avatar\\\/71f2fa71737ad68a84fea94bc708ddac8ea5b0c4788dc2ad202f3ccb2887742f?s=96&d=wp_user_avatar&r=g\",\"caption\":\"Reda\u00e7\u00e3o JO\"},\"url\":\"https:\\\/\\\/jornaldasoficinas.com\\\/pt\\\/author\\\/joredacao\\\/\"}]}<\/script>\n<!-- \/ Yoast SEO plugin. -->","yoast_head_json":{"title":"II Passeio de Cl\u00e1ssicos Soc. Com. C. Santos foi um sucesso - Jornal das Oficinas","description":"A segunda edi\u00e7\u00e3o do Passeio de Cl\u00e1ssicos da Sociedade Comercial C. Santos foi um sucesso. Quase 40 ve\u00edculos hist\u00f3ricos Mercedes-Benz","robots":{"index":"index","follow":"follow","max-snippet":"max-snippet:-1","max-image-preview":"max-image-preview:large","max-video-preview":"max-video-preview:-1"},"canonical":"https:\/\/jornaldasoficinas.com\/pt\/ii-passeio-de-classicos-soc-com-c-santos-foi-um-sucesso\/","og_locale":"pt_PT","og_type":"article","og_title":"II Passeio de Cl\u00e1ssicos Soc. Com. C. Santos foi um sucesso - Jornal das Oficinas","og_description":"A segunda edi\u00e7\u00e3o do Passeio de Cl\u00e1ssicos da Sociedade Comercial C. Santos foi um sucesso. Quase 40 ve\u00edculos hist\u00f3ricos Mercedes-Benz","og_url":"https:\/\/jornaldasoficinas.com\/pt\/ii-passeio-de-classicos-soc-com-c-santos-foi-um-sucesso\/","og_site_name":"Jornal das Oficinas","article_publisher":"https:\/\/www.facebook.com\/jornaloficinas","article_published_time":"2023-10-03T09:00:14+00:00","og_image":[{"width":1024,"height":581,"url":"https:\/\/jornaldasoficinas.com\/pt\/wp-content\/uploads\/2023\/09\/II-Passeio-de-Classicos-Soc.-Com.-C.-Santos-foi-um-sucesso-.jpg","type":"image\/jpeg"}],"author":"Reda\u00e7\u00e3o JO","twitter_card":"summary_large_image","twitter_creator":"@jornaloficinas","twitter_site":"@jornaloficinas","twitter_misc":{"Escrito por":"Reda\u00e7\u00e3o JO","Tempo estimado de leitura":"6 minutos"},"schema":{"@context":"https:\/\/schema.org","@graph":[{"@type":"Article","@id":"https:\/\/jornaldasoficinas.com\/pt\/ii-passeio-de-classicos-soc-com-c-santos-foi-um-sucesso\/#article","isPartOf":{"@id":"https:\/\/jornaldasoficinas.com\/pt\/ii-passeio-de-classicos-soc-com-c-santos-foi-um-sucesso\/"},"author":{"name":"Reda\u00e7\u00e3o JO","@id":"https:\/\/jornaldasoficinas.com\/pt\/#\/schema\/person\/a38eef5de2c41d9e7c9ac10141afddf3"},"headline":"II Passeio de Cl\u00e1ssicos Soc. Com. C. Santos foi um sucesso","datePublished":"2023-10-03T09:00:14+00:00","mainEntityOfPage":{"@id":"https:\/\/jornaldasoficinas.com\/pt\/ii-passeio-de-classicos-soc-com-c-santos-foi-um-sucesso\/"},"wordCount":946,"publisher":{"@id":"https:\/\/jornaldasoficinas.com\/pt\/#organization"},"image":{"@id":"https:\/\/jornaldasoficinas.com\/pt\/ii-passeio-de-classicos-soc-com-c-santos-foi-um-sucesso\/#primaryimage"},"thumbnailUrl":"https:\/\/jornaldasoficinas.com\/pt\/wp-content\/uploads\/2023\/09\/II-Passeio-de-Classicos-Soc.-Com.-C.-Santos-foi-um-sucesso-.jpg","keywords":["II Passeio de Cl\u00e1ssicos","Mercedes-Benz","Soc. Comercial C. Santos"],"articleSection":["Uncategorized"],"inLanguage":"pt-PT"},{"@type":"WebPage","@id":"https:\/\/jornaldasoficinas.com\/pt\/ii-passeio-de-classicos-soc-com-c-santos-foi-um-sucesso\/","url":"https:\/\/jornaldasoficinas.com\/pt\/ii-passeio-de-classicos-soc-com-c-santos-foi-um-sucesso\/","name":"II Passeio de Cl\u00e1ssicos Soc. Com. C. Santos foi um sucesso - Jornal das Oficinas","isPartOf":{"@id":"https:\/\/jornaldasoficinas.com\/pt\/#website"},"primaryImageOfPage":{"@id":"https:\/\/jornaldasoficinas.com\/pt\/ii-passeio-de-classicos-soc-com-c-santos-foi-um-sucesso\/#primaryimage"},"image":{"@id":"https:\/\/jornaldasoficinas.com\/pt\/ii-passeio-de-classicos-soc-com-c-santos-foi-um-sucesso\/#primaryimage"},"thumbnailUrl":"https:\/\/jornaldasoficinas.com\/pt\/wp-content\/uploads\/2023\/09\/II-Passeio-de-Classicos-Soc.-Com.-C.-Santos-foi-um-sucesso-.jpg","datePublished":"2023-10-03T09:00:14+00:00","description":"A segunda edi\u00e7\u00e3o do Passeio de Cl\u00e1ssicos da Sociedade Comercial C. Santos foi um sucesso. Quase 40 ve\u00edculos hist\u00f3ricos Mercedes-Benz","breadcrumb":{"@id":"https:\/\/jornaldasoficinas.com\/pt\/ii-passeio-de-classicos-soc-com-c-santos-foi-um-sucesso\/#breadcrumb"},"inLanguage":"pt-PT","potentialAction":[{"@type":"ReadAction","target":["https:\/\/jornaldasoficinas.com\/pt\/ii-passeio-de-classicos-soc-com-c-santos-foi-um-sucesso\/"]}]},{"@type":"ImageObject","inLanguage":"pt-PT","@id":"https:\/\/jornaldasoficinas.com\/pt\/ii-passeio-de-classicos-soc-com-c-santos-foi-um-sucesso\/#primaryimage","url":"https:\/\/jornaldasoficinas.com\/pt\/wp-content\/uploads\/2023\/09\/II-Passeio-de-Classicos-Soc.-Com.-C.-Santos-foi-um-sucesso-.jpg","contentUrl":"https:\/\/jornaldasoficinas.com\/pt\/wp-content\/uploads\/2023\/09\/II-Passeio-de-Classicos-Soc.-Com.-C.-Santos-foi-um-sucesso-.jpg","width":1024,"height":581,"caption":"09 - II Passeio de Classicos Soc. Com. C. Santos foi um sucesso"},{"@type":"BreadcrumbList","@id":"https:\/\/jornaldasoficinas.com\/pt\/ii-passeio-de-classicos-soc-com-c-santos-foi-um-sucesso\/#breadcrumb","itemListElement":[{"@type":"ListItem","position":1,"name":"In\u00edcio","item":"https:\/\/jornaldasoficinas.com\/pt\/"},{"@type":"ListItem","position":2,"name":"II Passeio de Cl\u00e1ssicos Soc. Com. C. Santos foi um sucesso"}]},{"@type":"WebSite","@id":"https:\/\/jornaldasoficinas.com\/pt\/#website","url":"https:\/\/jornaldasoficinas.com\/pt\/","name":"Jornal das Oficinas","description":"Jornal independente do Aftermarket Autom\u00f3vel em Portugal","publisher":{"@id":"https:\/\/jornaldasoficinas.com\/pt\/#organization"},"potentialAction":[{"@type":"SearchAction","target":{"@type":"EntryPoint","urlTemplate":"https:\/\/jornaldasoficinas.com\/pt\/?s={search_term_string}"},"query-input":{"@type":"PropertyValueSpecification","valueRequired":true,"valueName":"search_term_string"}}],"inLanguage":"pt-PT"},{"@type":"Organization","@id":"https:\/\/jornaldasoficinas.com\/pt\/#organization","name":"Jornal das Oficinas","url":"https:\/\/jornaldasoficinas.com\/pt\/","logo":{"@type":"ImageObject","inLanguage":"pt-PT","@id":"https:\/\/jornaldasoficinas.com\/pt\/#\/schema\/logo\/image\/","url":"https:\/\/jornaldasoficinas.com\/pt\/wp-content\/uploads\/logoJO-SEO.png","contentUrl":"https:\/\/jornaldasoficinas.com\/pt\/wp-content\/uploads\/logoJO-SEO.png","width":285,"height":450,"caption":"Jornal das Oficinas"},"image":{"@id":"https:\/\/jornaldasoficinas.com\/pt\/#\/schema\/logo\/image\/"},"sameAs":["https:\/\/www.facebook.com\/jornaloficinas","https:\/\/x.com\/jornaloficinas","https:\/\/www.instagram.com\/jornal_oficinas\/","https:\/\/www.linkedin.com\/company\/jornal-das-oficinas\/","https:\/\/www.youtube.com\/channel\/UCbQZBqtcvV-oSQrr7RzINGg"]},{"@type":"Person","@id":"https:\/\/jornaldasoficinas.com\/pt\/#\/schema\/person\/a38eef5de2c41d9e7c9ac10141afddf3","name":"Reda\u00e7\u00e3o JO","image":{"@type":"ImageObject","inLanguage":"pt-PT","@id":"https:\/\/secure.gravatar.com\/avatar\/71f2fa71737ad68a84fea94bc708ddac8ea5b0c4788dc2ad202f3ccb2887742f?s=96&d=wp_user_avatar&r=g","url":"https:\/\/secure.gravatar.com\/avatar\/71f2fa71737ad68a84fea94bc708ddac8ea5b0c4788dc2ad202f3ccb2887742f?s=96&d=wp_user_avatar&r=g","contentUrl":"https:\/\/secure.gravatar.com\/avatar\/71f2fa71737ad68a84fea94bc708ddac8ea5b0c4788dc2ad202f3ccb2887742f?s=96&d=wp_user_avatar&r=g","caption":"Reda\u00e7\u00e3o JO"},"url":"https:\/\/jornaldasoficinas.com\/pt\/author\/joredacao\/"}]}},"_links":{"self":[{"href":"https:\/\/jornaldasoficinas.com\/pt\/wp-json\/wp\/v2\/posts\/72727","targetHints":{"allow":["GET"]}}],"collection":[{"href":"https:\/\/jornaldasoficinas.com\/pt\/wp-json\/wp\/v2\/posts"}],"about":[{"href":"https:\/\/jornaldasoficinas.com\/pt\/wp-json\/wp\/v2\/types\/post"}],"author":[{"embeddable":true,"href":"https:\/\/jornaldasoficinas.com\/pt\/wp-json\/wp\/v2\/users\/15"}],"replies":[{"embeddable":true,"href":"https:\/\/jornaldasoficinas.com\/pt\/wp-json\/wp\/v2\/comments?post=72727"}],"version-history":[{"count":0,"href":"https:\/\/jornaldasoficinas.com\/pt\/wp-json\/wp\/v2\/posts\/72727\/revisions"}],"wp:featuredmedia":[{"embeddable":true,"href":"https:\/\/jornaldasoficinas.com\/pt\/wp-json\/wp\/v2\/media\/72654"}],"wp:attachment":[{"href":"https:\/\/jornaldasoficinas.com\/pt\/wp-json\/wp\/v2\/media?parent=72727"}],"wp:term":[{"taxonomy":"category","embeddable":true,"href":"https:\/\/jornaldasoficinas.com\/pt\/wp-json\/wp\/v2\/categories?post=72727"},{"taxonomy":"post_tag","embeddable":true,"href":"https:\/\/jornaldasoficinas.com\/pt\/wp-json\/wp\/v2\/tags?post=72727"}],"curies":[{"name":"wp","href":"https:\/\/api.w.org\/{rel}","templated":true}]}}