{"id":72730,"date":"2023-10-03T12:30:20","date_gmt":"2023-10-03T11:30:20","guid":{"rendered":"https:\/\/jornaldasoficinas.com\/pt\/?p=72730"},"modified":"2023-10-03T10:00:24","modified_gmt":"2023-10-03T09:00:24","slug":"nissan-quer-ser-100-eletrica-a-partir-de-2030","status":"publish","type":"post","link":"https:\/\/jornaldasoficinas.com\/pt\/nissan-quer-ser-100-eletrica-a-partir-de-2030\/","title":{"rendered":"Nissan quer ser 100% el\u00e9trica a partir de 2030"},"content":{"rendered":"<p><strong><img loading=\"lazy\" decoding=\"async\" class=\"alignnone size-full wp-image-72655\" src=\"https:\/\/jornaldasoficinas.com\/pt\/wp-content\/uploads\/2023\/09\/Nissan-quer-ser-100\ufffd-eletrica-a-partir-de-2030.jpeg\" alt=\"09 - Nissan quer ser 100\ufffd eletrica a partir de 2030\" width=\"1024\" height=\"581\" srcset=\"https:\/\/jornaldasoficinas.com\/pt\/wp-content\/uploads\/2023\/09\/Nissan-quer-ser-100\ufffd-eletrica-a-partir-de-2030.jpeg 1024w, https:\/\/jornaldasoficinas.com\/pt\/wp-content\/uploads\/2023\/09\/Nissan-quer-ser-100\ufffd-eletrica-a-partir-de-2030-300x170.jpeg 300w, https:\/\/jornaldasoficinas.com\/pt\/wp-content\/uploads\/2023\/09\/Nissan-quer-ser-100\ufffd-eletrica-a-partir-de-2030-150x85.jpeg 150w, https:\/\/jornaldasoficinas.com\/pt\/wp-content\/uploads\/2023\/09\/Nissan-quer-ser-100\ufffd-eletrica-a-partir-de-2030-768x436.jpeg 768w\" sizes=\"auto, (max-width: 1024px) 100vw, 1024px\" \/><\/strong><\/p>\n<p><strong>A <a href=\"https:\/\/www.nissan.pt\/\" target=\"_blank\" rel=\"noopener\">Nissan<\/a>, est\u00e1 a partir de agora em contagem decrescente para uma gama totalmente el\u00e9trica na Europa. Com muitos pa\u00edses a debater quando proibir as vendas de motores de combust\u00e3o interna, a Nissan avan\u00e7a com planos para alcan\u00e7ar 100% das suas vendas com autom\u00f3veis totalmente el\u00e9tricos na Europa a partir de 2030, com todos os novos modelos da marca a lan\u00e7ar na Europa a partir de hoje a serem totalmente el\u00e9tricos<\/strong><\/p>\n<p>Com capacidade para conceber, projetar e construir autom\u00f3veis na Europa e aproveitando os principais pontos fortes da marca na eletrifica\u00e7\u00e3o e nos crossovers, a mudan\u00e7a apoiar\u00e1 o caminho da Nissan em dire\u00e7\u00e3o \u00e0 neutralidade em carbono.<\/p>\n<p>\u201cO autom\u00f3vel totalmente el\u00e9trico \u00e9 a melhor solu\u00e7\u00e3o de mobilidade. Mais de um milh\u00e3o de clientes j\u00e1 se juntaram \u00e0 nossa jornada e experimentam a divers\u00e3o de um autom\u00f3vel el\u00e9trico da Nissan, e n\u00e3o h\u00e1 como voltar atr\u00e1s agora\u201d, disse Makoto Uchida, presidente e CEO da Nissan.<\/p>\n<p>\u201cOs autom\u00f3veis el\u00e9tricos movidos a energias renov\u00e1veis s\u00e3o fundamentais para alcan\u00e7armos a neutralidade carb\u00f3nica, que \u00e9 fundamental para a nossa vis\u00e3o\u00a0<em>Nissan Ambition 2030<\/em>. A Nissan far\u00e1 a mudan\u00e7a para totalmente el\u00e9trica na Europa at\u00e9 2030; acreditamos que \u00e9 a coisa certa a fazer para o nosso neg\u00f3cio, os nossos clientes e para o planeta\u201d, concluiu Uchida.<\/p>\n<p><strong>Novo\u00a0<em>Concept 20-23<\/em>\u00a0revelado e novo estudo sobre condu\u00e7\u00e3o aut\u00f3noma lan\u00e7ado<\/strong><\/p>\n<p>O compromisso surge numa altura em que a Nissan prossegue o seu programa de investimento nas equipas europeias de Design e I&amp;D da marca, que est\u00e3o a assinalar anivers\u00e1rios hist\u00f3ricos sublinhados por avan\u00e7os significativos no seu trabalho de ponta em autom\u00f3veis e tecnologia do futuro.<\/p>\n<p>Ontem, junto ao Nissan Design Europe (NDE), a Nissan apresentou o\u00a0<em>Concept 20-23<\/em>, um conceito de VE desportivo e urbano que celebra o 20\u00ba anivers\u00e1rio da abertura do est\u00fadio em Paddington, Londres.<\/p>\n<p>No vizinho Nissan Technical Centre Europe, onde a equipa de I&amp;D da Nissan assinala este ano o seu 35.\u00ba anivers\u00e1rio, est\u00e1 a decorrer o mais recente estudo de condu\u00e7\u00e3o aut\u00f3noma em condi\u00e7\u00f5es reais do Reino Unido, chamado evolvAD, com foco em estradas residenciais e rurais e apoiado pelo Governo do Reino Unido.<\/p>\n<p>Est\u00e1 em curso um programa de investimento de mais de 40 milh\u00f5es de euros em ambos os locais, que apoia atividades que incluem:<\/p>\n<ul>\n<li>No NDE, a moderniza\u00e7\u00e3o das instala\u00e7\u00f5es, ferramentas e recursos de projeto e pessoal adicional;<\/li>\n<li>No NTCE, de novas tecnologias e instala\u00e7\u00f5es com mais de 26 milh\u00f5es de euros investidos apenas em projetos de eletrifica\u00e7\u00e3o;<\/li>\n<\/ul>\n<p><strong>Futuros modelos e tecnologia de baterias tornam os autom\u00f3veis el\u00e9tricos ainda mais acess\u00edveis<\/strong><\/p>\n<p>Globalmente, no \u00e2mbito do\u00a0<em>Nissan Ambition 2030<\/em>, a empresa est\u00e1 a introduzir 27 autom\u00f3veis eletrificados, incluindo 19 totalmente el\u00e9tricos, at\u00e9 2030. Neste per\u00edodo, a Nissan tamb\u00e9m introduzir\u00e1 tecnologia livre de cobalto para reduzir o custo das baterias em 65% at\u00e9 ao ano fiscal de 2028.<\/p>\n<p>A Nissan tamb\u00e9m pretende lan\u00e7ar autom\u00f3veis el\u00e9tricos com as suas baterias propriet\u00e1rias de estado s\u00f3lido (ASSB) at\u00e9 ao ano fiscal de 2028. Com a introdu\u00e7\u00e3o das inovadoras ASSB, a Nissan poder\u00e1 expandir as suas ofertas de autom\u00f3veis el\u00e9tricos em todos os segmentos e oferecer um desempenho mais din\u00e2mico.<\/p>\n<p>Ao reduzir o tempo de carregamento para um ter\u00e7o, as ASSB tornar\u00e3o os autom\u00f3veis el\u00e9tricos mais eficientes e acess\u00edveis. Al\u00e9m disso, a Nissan espera que as baterias de estado s\u00f3lido reduzam o custo dos pacotes de baterias para US$ 75 por kWh at\u00e9 ao ano fiscal de 2028 e pretende reduzi-lo ainda mais para US$ 65 por kWh, para alcan\u00e7ar a paridade de custos entre autom\u00f3veis el\u00e9tricos e a gasolina, no futuro.<\/p>\n<p>Dois dos futuros autom\u00f3veis el\u00e9tricos da Nissan j\u00e1 foram confirmados para a Europa, incluindo um novo VE compacto que suceder\u00e1 ao ic\u00f3nico Nissan Micra como o autom\u00f3vel de entrada na gama europeia da Nissan. O outro autom\u00f3vel ser\u00e1 constru\u00eddo na f\u00e1brica da Nissan em Sunderland, como parte do projeto EV36Zero, um plano para o futuro do setor autom\u00f3vel, reunindo fabrico de autom\u00f3veis el\u00e9tricos, produ\u00e7\u00e3o de baterias e de energia renov\u00e1vel, num investimento de mais de mil milh\u00f5es de euros.<\/p>\n<p><strong>Progressos na eletrifica\u00e7\u00e3o na Europa<\/strong><\/p>\n<p>Um ter\u00e7o dos mais de um milh\u00e3o de autom\u00f3veis el\u00e9tricos da Nissan vendidos em todo o mundo foram na Europa, sendo o Nissan ARIYA e o furg\u00e3o Townstar os mais recentes autom\u00f3veis totalmente el\u00e9tricos a chegar a este mercado. Desde 2022 que a gama Nissan na Europa est\u00e1 100% eletrificada, incluindo a adi\u00e7\u00e3o da tecnologia e-POWER da Nissan no Qashqai e no X-Trail.<\/p>\n<p>Ajustada para clientes europeus pela equipa do NTCE, a tecnologia e-POWER proporciona a experi\u00eancia de condu\u00e7\u00e3o agrad\u00e1vel, sem esfor\u00e7o e suave associada a um VE puro, sem necessidade carregamento el\u00e9trico, ideal para aqueles que n\u00e3o est\u00e3o ainda prontos para fazer a mudan\u00e7a para a mobilidade totalmente el\u00e9trica.<\/p>\n<p>Estes autom\u00f3veis populares e l\u00edderes do segmento j\u00e1 est\u00e3o a apoiar a transi\u00e7\u00e3o da Nissan para 100% VE na Europa, onde, apesar das atualiza\u00e7\u00f5es do ciclo de vida para os modelos atuais, todos os novos Nissan na Europa ser\u00e3o 100% el\u00e9tricos.<\/p>\n<p>O mercado autom\u00f3vel europeu est\u00e1 a eletrificar a um ritmo acelerado. No per\u00edodo de cinco anos entre 2018 e 2022, as vendas de autom\u00f3veis el\u00e9tricos e eletrificados aumentaram de 5% do mercado total para 44%, com as vendas de autom\u00f3veis totalmente el\u00e9tricos a subir de 1% para 12% do mercado total. Hoje, os autom\u00f3veis el\u00e9tricos representam 16% das vendas totais da Nissan na Europa, parte de um mix total de vendas eletrificadas de 50%, que nos pr\u00f3ximos tr\u00eas anos dever\u00e1 aumentar para 98%.<\/p>\n<p>\u201c\u00c0 medida que a Europa acelera em dire\u00e7\u00e3o aos autom\u00f3veis el\u00e9tricos, a Nissan continuar\u00e1 a oferecer o design crossover impressionante e a emo\u00e7\u00e3o de condu\u00e7\u00e3o que os nossos clientes adoram\u00bb, disse Guillaume Cartier, presidente para a regi\u00e3o AMIEO (\u00c1frica, M\u00e9dio Oriente, \u00cdndia, Europa e Oce\u00e2nia) da Nissan.<\/p>\n<p>Com os avan\u00e7os na tecnologia de baterias, os autom\u00f3veis el\u00e9tricos tornar-se-\u00e3o ainda mais acess\u00edveis e a Nissan continuar\u00e1 a defender os autom\u00f3veis el\u00e9tricos como a melhor maneira de fornecer mobilidade mais limpa, mais simples e mais acess\u00edvel\u201d, sublinhou Guillaume Cartier.<\/p>\n<p>A vis\u00e3o\u00a0<em>Nissan Ambition 2030<\/em>\u00a0\u00e9 a vis\u00e3o de longo prazo da companhia para se tornar numa empresa verdadeiramente sustent\u00e1vel, conduzindo para um mundo mais limpo, seguro e inclusivo. Nos pr\u00f3ximos dez anos, a Nissan ir\u00e1 fornecer autom\u00f3veis eletrificados emocionantes e inova\u00e7\u00f5es tecnol\u00f3gicas, enquanto expandir\u00e1 as suas opera\u00e7\u00f5es a n\u00edvel global. Esta vis\u00e3o apoia o objetivo da Nissan de ser neutra em carbono em todo o ciclo de vida de seus produtos at\u00e9 ao ano fiscal de 2050.<\/p>\n","protected":false},"excerpt":{"rendered":"<p>A Nissan, est\u00e1 a partir de&#8230;<\/p>\n","protected":false},"author":15,"featured_media":72655,"comment_status":"closed","ping_status":"closed","sticky":false,"template":"","format":"standard","meta":{"footnotes":""},"categories":[29],"tags":[1100,312,6311],"class_list":["post-72730","post","type-post","status-publish","format-standard","has-post-thumbnail","hentry","category-empresas","tag-eletrificacao","tag-nissan","tag-partir-de-2030"],"yoast_head":"<!-- This site is optimized with the Yoast SEO plugin v27.4 - https:\/\/yoast.com\/product\/yoast-seo-wordpress\/ -->\n<title>Nissan quer ser 100% el\u00e9trica a partir de 2030 - Jornal das Oficinas<\/title>\n<meta name=\"description\" content=\"A Nissan avan\u00e7a com planos para alcan\u00e7ar 100% das suas vendas com autom\u00f3veis totalmente el\u00e9tricos na Europa a partir de 2030\" \/>\n<meta name=\"robots\" content=\"index, follow, max-snippet:-1, max-image-preview:large, max-video-preview:-1\" \/>\n<link rel=\"canonical\" href=\"https:\/\/jornaldasoficinas.com\/pt\/nissan-quer-ser-100-eletrica-a-partir-de-2030\/\" \/>\n<meta property=\"og:locale\" content=\"pt_PT\" \/>\n<meta property=\"og:type\" content=\"article\" \/>\n<meta property=\"og:title\" content=\"Nissan quer ser 100% el\u00e9trica a partir de 2030 - Jornal das Oficinas\" \/>\n<meta property=\"og:description\" content=\"A Nissan avan\u00e7a com planos para alcan\u00e7ar 100% das suas vendas com autom\u00f3veis totalmente el\u00e9tricos na Europa a partir de 2030\" \/>\n<meta property=\"og:url\" content=\"https:\/\/jornaldasoficinas.com\/pt\/nissan-quer-ser-100-eletrica-a-partir-de-2030\/\" \/>\n<meta property=\"og:site_name\" content=\"Jornal das Oficinas\" \/>\n<meta property=\"article:publisher\" content=\"https:\/\/www.facebook.com\/jornaloficinas\" \/>\n<meta property=\"article:published_time\" content=\"2023-10-03T11:30:20+00:00\" \/>\n<meta property=\"og:image\" content=\"https:\/\/jornaldasoficinas.com\/pt\/wp-content\/uploads\/2023\/09\/Nissan-quer-ser-100\ufffd-eletrica-a-partir-de-2030.jpeg\" \/>\n\t<meta property=\"og:image:width\" content=\"1024\" \/>\n\t<meta property=\"og:image:height\" content=\"581\" \/>\n\t<meta property=\"og:image:type\" content=\"image\/jpeg\" \/>\n<meta name=\"author\" content=\"Reda\u00e7\u00e3o JO\" \/>\n<meta name=\"twitter:card\" content=\"summary_large_image\" \/>\n<meta name=\"twitter:creator\" content=\"@jornaloficinas\" \/>\n<meta name=\"twitter:site\" content=\"@jornaloficinas\" \/>\n<meta name=\"twitter:label1\" content=\"Escrito por\" \/>\n\t<meta name=\"twitter:data1\" content=\"Reda\u00e7\u00e3o JO\" \/>\n\t<meta name=\"twitter:label2\" content=\"Tempo estimado de leitura\" \/>\n\t<meta name=\"twitter:data2\" content=\"7 minutos\" \/>\n<script type=\"application\/ld+json\" class=\"yoast-schema-graph\">{\"@context\":\"https:\\\/\\\/schema.org\",\"@graph\":[{\"@type\":\"Article\",\"@id\":\"https:\\\/\\\/jornaldasoficinas.com\\\/pt\\\/nissan-quer-ser-100-eletrica-a-partir-de-2030\\\/#article\",\"isPartOf\":{\"@id\":\"https:\\\/\\\/jornaldasoficinas.com\\\/pt\\\/nissan-quer-ser-100-eletrica-a-partir-de-2030\\\/\"},\"author\":{\"name\":\"Reda\u00e7\u00e3o JO\",\"@id\":\"https:\\\/\\\/jornaldasoficinas.com\\\/pt\\\/#\\\/schema\\\/person\\\/a38eef5de2c41d9e7c9ac10141afddf3\"},\"headline\":\"Nissan quer ser 100% el\u00e9trica a partir de 2030\",\"datePublished\":\"2023-10-03T11:30:20+00:00\",\"mainEntityOfPage\":{\"@id\":\"https:\\\/\\\/jornaldasoficinas.com\\\/pt\\\/nissan-quer-ser-100-eletrica-a-partir-de-2030\\\/\"},\"wordCount\":1195,\"publisher\":{\"@id\":\"https:\\\/\\\/jornaldasoficinas.com\\\/pt\\\/#organization\"},\"image\":{\"@id\":\"https:\\\/\\\/jornaldasoficinas.com\\\/pt\\\/nissan-quer-ser-100-eletrica-a-partir-de-2030\\\/#primaryimage\"},\"thumbnailUrl\":\"https:\\\/\\\/jornaldasoficinas.com\\\/pt\\\/wp-content\\\/uploads\\\/2023\\\/09\\\/Nissan-quer-ser-100\ufffd-eletrica-a-partir-de-2030.jpeg\",\"keywords\":[\"Eletrifica\u00e7\u00e3o\",\"Nissan\",\"partir de 2030\"],\"articleSection\":[\"Empresas\"],\"inLanguage\":\"pt-PT\"},{\"@type\":\"WebPage\",\"@id\":\"https:\\\/\\\/jornaldasoficinas.com\\\/pt\\\/nissan-quer-ser-100-eletrica-a-partir-de-2030\\\/\",\"url\":\"https:\\\/\\\/jornaldasoficinas.com\\\/pt\\\/nissan-quer-ser-100-eletrica-a-partir-de-2030\\\/\",\"name\":\"Nissan quer ser 100% el\u00e9trica a partir de 2030 - Jornal das Oficinas\",\"isPartOf\":{\"@id\":\"https:\\\/\\\/jornaldasoficinas.com\\\/pt\\\/#website\"},\"primaryImageOfPage\":{\"@id\":\"https:\\\/\\\/jornaldasoficinas.com\\\/pt\\\/nissan-quer-ser-100-eletrica-a-partir-de-2030\\\/#primaryimage\"},\"image\":{\"@id\":\"https:\\\/\\\/jornaldasoficinas.com\\\/pt\\\/nissan-quer-ser-100-eletrica-a-partir-de-2030\\\/#primaryimage\"},\"thumbnailUrl\":\"https:\\\/\\\/jornaldasoficinas.com\\\/pt\\\/wp-content\\\/uploads\\\/2023\\\/09\\\/Nissan-quer-ser-100\ufffd-eletrica-a-partir-de-2030.jpeg\",\"datePublished\":\"2023-10-03T11:30:20+00:00\",\"description\":\"A Nissan avan\u00e7a com planos para alcan\u00e7ar 100% das suas vendas com autom\u00f3veis totalmente el\u00e9tricos na Europa a partir de 2030\",\"breadcrumb\":{\"@id\":\"https:\\\/\\\/jornaldasoficinas.com\\\/pt\\\/nissan-quer-ser-100-eletrica-a-partir-de-2030\\\/#breadcrumb\"},\"inLanguage\":\"pt-PT\",\"potentialAction\":[{\"@type\":\"ReadAction\",\"target\":[\"https:\\\/\\\/jornaldasoficinas.com\\\/pt\\\/nissan-quer-ser-100-eletrica-a-partir-de-2030\\\/\"]}]},{\"@type\":\"ImageObject\",\"inLanguage\":\"pt-PT\",\"@id\":\"https:\\\/\\\/jornaldasoficinas.com\\\/pt\\\/nissan-quer-ser-100-eletrica-a-partir-de-2030\\\/#primaryimage\",\"url\":\"https:\\\/\\\/jornaldasoficinas.com\\\/pt\\\/wp-content\\\/uploads\\\/2023\\\/09\\\/Nissan-quer-ser-100\ufffd-eletrica-a-partir-de-2030.jpeg\",\"contentUrl\":\"https:\\\/\\\/jornaldasoficinas.com\\\/pt\\\/wp-content\\\/uploads\\\/2023\\\/09\\\/Nissan-quer-ser-100\ufffd-eletrica-a-partir-de-2030.jpeg\",\"width\":1024,\"height\":581,\"caption\":\"09 - Nissan quer ser 100\ufffd eletrica a partir de 2030\"},{\"@type\":\"BreadcrumbList\",\"@id\":\"https:\\\/\\\/jornaldasoficinas.com\\\/pt\\\/nissan-quer-ser-100-eletrica-a-partir-de-2030\\\/#breadcrumb\",\"itemListElement\":[{\"@type\":\"ListItem\",\"position\":1,\"name\":\"In\u00edcio\",\"item\":\"https:\\\/\\\/jornaldasoficinas.com\\\/pt\\\/\"},{\"@type\":\"ListItem\",\"position\":2,\"name\":\"Nissan quer ser 100% el\u00e9trica a partir de 2030\"}]},{\"@type\":\"WebSite\",\"@id\":\"https:\\\/\\\/jornaldasoficinas.com\\\/pt\\\/#website\",\"url\":\"https:\\\/\\\/jornaldasoficinas.com\\\/pt\\\/\",\"name\":\"Jornal das Oficinas\",\"description\":\"Jornal independente do Aftermarket Autom\u00f3vel em Portugal\",\"publisher\":{\"@id\":\"https:\\\/\\\/jornaldasoficinas.com\\\/pt\\\/#organization\"},\"potentialAction\":[{\"@type\":\"SearchAction\",\"target\":{\"@type\":\"EntryPoint\",\"urlTemplate\":\"https:\\\/\\\/jornaldasoficinas.com\\\/pt\\\/?s={search_term_string}\"},\"query-input\":{\"@type\":\"PropertyValueSpecification\",\"valueRequired\":true,\"valueName\":\"search_term_string\"}}],\"inLanguage\":\"pt-PT\"},{\"@type\":\"Organization\",\"@id\":\"https:\\\/\\\/jornaldasoficinas.com\\\/pt\\\/#organization\",\"name\":\"Jornal das Oficinas\",\"url\":\"https:\\\/\\\/jornaldasoficinas.com\\\/pt\\\/\",\"logo\":{\"@type\":\"ImageObject\",\"inLanguage\":\"pt-PT\",\"@id\":\"https:\\\/\\\/jornaldasoficinas.com\\\/pt\\\/#\\\/schema\\\/logo\\\/image\\\/\",\"url\":\"https:\\\/\\\/jornaldasoficinas.com\\\/pt\\\/wp-content\\\/uploads\\\/logoJO-SEO.png\",\"contentUrl\":\"https:\\\/\\\/jornaldasoficinas.com\\\/pt\\\/wp-content\\\/uploads\\\/logoJO-SEO.png\",\"width\":285,\"height\":450,\"caption\":\"Jornal das Oficinas\"},\"image\":{\"@id\":\"https:\\\/\\\/jornaldasoficinas.com\\\/pt\\\/#\\\/schema\\\/logo\\\/image\\\/\"},\"sameAs\":[\"https:\\\/\\\/www.facebook.com\\\/jornaloficinas\",\"https:\\\/\\\/x.com\\\/jornaloficinas\",\"https:\\\/\\\/www.instagram.com\\\/jornal_oficinas\\\/\",\"https:\\\/\\\/www.linkedin.com\\\/company\\\/jornal-das-oficinas\\\/\",\"https:\\\/\\\/www.youtube.com\\\/channel\\\/UCbQZBqtcvV-oSQrr7RzINGg\"]},{\"@type\":\"Person\",\"@id\":\"https:\\\/\\\/jornaldasoficinas.com\\\/pt\\\/#\\\/schema\\\/person\\\/a38eef5de2c41d9e7c9ac10141afddf3\",\"name\":\"Reda\u00e7\u00e3o JO\",\"image\":{\"@type\":\"ImageObject\",\"inLanguage\":\"pt-PT\",\"@id\":\"https:\\\/\\\/secure.gravatar.com\\\/avatar\\\/71f2fa71737ad68a84fea94bc708ddac8ea5b0c4788dc2ad202f3ccb2887742f?s=96&d=wp_user_avatar&r=g\",\"url\":\"https:\\\/\\\/secure.gravatar.com\\\/avatar\\\/71f2fa71737ad68a84fea94bc708ddac8ea5b0c4788dc2ad202f3ccb2887742f?s=96&d=wp_user_avatar&r=g\",\"contentUrl\":\"https:\\\/\\\/secure.gravatar.com\\\/avatar\\\/71f2fa71737ad68a84fea94bc708ddac8ea5b0c4788dc2ad202f3ccb2887742f?s=96&d=wp_user_avatar&r=g\",\"caption\":\"Reda\u00e7\u00e3o JO\"},\"url\":\"https:\\\/\\\/jornaldasoficinas.com\\\/pt\\\/author\\\/joredacao\\\/\"}]}<\/script>\n<!-- \/ Yoast SEO plugin. -->","yoast_head_json":{"title":"Nissan quer ser 100% el\u00e9trica a partir de 2030 - Jornal das Oficinas","description":"A Nissan avan\u00e7a com planos para alcan\u00e7ar 100% das suas vendas com autom\u00f3veis totalmente el\u00e9tricos na Europa a partir de 2030","robots":{"index":"index","follow":"follow","max-snippet":"max-snippet:-1","max-image-preview":"max-image-preview:large","max-video-preview":"max-video-preview:-1"},"canonical":"https:\/\/jornaldasoficinas.com\/pt\/nissan-quer-ser-100-eletrica-a-partir-de-2030\/","og_locale":"pt_PT","og_type":"article","og_title":"Nissan quer ser 100% el\u00e9trica a partir de 2030 - Jornal das Oficinas","og_description":"A Nissan avan\u00e7a com planos para alcan\u00e7ar 100% das suas vendas com autom\u00f3veis totalmente el\u00e9tricos na Europa a partir de 2030","og_url":"https:\/\/jornaldasoficinas.com\/pt\/nissan-quer-ser-100-eletrica-a-partir-de-2030\/","og_site_name":"Jornal das Oficinas","article_publisher":"https:\/\/www.facebook.com\/jornaloficinas","article_published_time":"2023-10-03T11:30:20+00:00","og_image":[{"width":1024,"height":581,"url":"https:\/\/jornaldasoficinas.com\/pt\/wp-content\/uploads\/2023\/09\/Nissan-quer-ser-100\ufffd-eletrica-a-partir-de-2030.jpeg","type":"image\/jpeg"}],"author":"Reda\u00e7\u00e3o JO","twitter_card":"summary_large_image","twitter_creator":"@jornaloficinas","twitter_site":"@jornaloficinas","twitter_misc":{"Escrito por":"Reda\u00e7\u00e3o JO","Tempo estimado de leitura":"7 minutos"},"schema":{"@context":"https:\/\/schema.org","@graph":[{"@type":"Article","@id":"https:\/\/jornaldasoficinas.com\/pt\/nissan-quer-ser-100-eletrica-a-partir-de-2030\/#article","isPartOf":{"@id":"https:\/\/jornaldasoficinas.com\/pt\/nissan-quer-ser-100-eletrica-a-partir-de-2030\/"},"author":{"name":"Reda\u00e7\u00e3o JO","@id":"https:\/\/jornaldasoficinas.com\/pt\/#\/schema\/person\/a38eef5de2c41d9e7c9ac10141afddf3"},"headline":"Nissan quer ser 100% el\u00e9trica a partir de 2030","datePublished":"2023-10-03T11:30:20+00:00","mainEntityOfPage":{"@id":"https:\/\/jornaldasoficinas.com\/pt\/nissan-quer-ser-100-eletrica-a-partir-de-2030\/"},"wordCount":1195,"publisher":{"@id":"https:\/\/jornaldasoficinas.com\/pt\/#organization"},"image":{"@id":"https:\/\/jornaldasoficinas.com\/pt\/nissan-quer-ser-100-eletrica-a-partir-de-2030\/#primaryimage"},"thumbnailUrl":"https:\/\/jornaldasoficinas.com\/pt\/wp-content\/uploads\/2023\/09\/Nissan-quer-ser-100\ufffd-eletrica-a-partir-de-2030.jpeg","keywords":["Eletrifica\u00e7\u00e3o","Nissan","partir de 2030"],"articleSection":["Empresas"],"inLanguage":"pt-PT"},{"@type":"WebPage","@id":"https:\/\/jornaldasoficinas.com\/pt\/nissan-quer-ser-100-eletrica-a-partir-de-2030\/","url":"https:\/\/jornaldasoficinas.com\/pt\/nissan-quer-ser-100-eletrica-a-partir-de-2030\/","name":"Nissan quer ser 100% el\u00e9trica a partir de 2030 - Jornal das Oficinas","isPartOf":{"@id":"https:\/\/jornaldasoficinas.com\/pt\/#website"},"primaryImageOfPage":{"@id":"https:\/\/jornaldasoficinas.com\/pt\/nissan-quer-ser-100-eletrica-a-partir-de-2030\/#primaryimage"},"image":{"@id":"https:\/\/jornaldasoficinas.com\/pt\/nissan-quer-ser-100-eletrica-a-partir-de-2030\/#primaryimage"},"thumbnailUrl":"https:\/\/jornaldasoficinas.com\/pt\/wp-content\/uploads\/2023\/09\/Nissan-quer-ser-100\ufffd-eletrica-a-partir-de-2030.jpeg","datePublished":"2023-10-03T11:30:20+00:00","description":"A Nissan avan\u00e7a com planos para alcan\u00e7ar 100% das suas vendas com autom\u00f3veis totalmente el\u00e9tricos na Europa a partir de 2030","breadcrumb":{"@id":"https:\/\/jornaldasoficinas.com\/pt\/nissan-quer-ser-100-eletrica-a-partir-de-2030\/#breadcrumb"},"inLanguage":"pt-PT","potentialAction":[{"@type":"ReadAction","target":["https:\/\/jornaldasoficinas.com\/pt\/nissan-quer-ser-100-eletrica-a-partir-de-2030\/"]}]},{"@type":"ImageObject","inLanguage":"pt-PT","@id":"https:\/\/jornaldasoficinas.com\/pt\/nissan-quer-ser-100-eletrica-a-partir-de-2030\/#primaryimage","url":"https:\/\/jornaldasoficinas.com\/pt\/wp-content\/uploads\/2023\/09\/Nissan-quer-ser-100\ufffd-eletrica-a-partir-de-2030.jpeg","contentUrl":"https:\/\/jornaldasoficinas.com\/pt\/wp-content\/uploads\/2023\/09\/Nissan-quer-ser-100\ufffd-eletrica-a-partir-de-2030.jpeg","width":1024,"height":581,"caption":"09 - Nissan quer ser 100\ufffd eletrica a partir de 2030"},{"@type":"BreadcrumbList","@id":"https:\/\/jornaldasoficinas.com\/pt\/nissan-quer-ser-100-eletrica-a-partir-de-2030\/#breadcrumb","itemListElement":[{"@type":"ListItem","position":1,"name":"In\u00edcio","item":"https:\/\/jornaldasoficinas.com\/pt\/"},{"@type":"ListItem","position":2,"name":"Nissan quer ser 100% el\u00e9trica a partir de 2030"}]},{"@type":"WebSite","@id":"https:\/\/jornaldasoficinas.com\/pt\/#website","url":"https:\/\/jornaldasoficinas.com\/pt\/","name":"Jornal das Oficinas","description":"Jornal independente do Aftermarket Autom\u00f3vel em Portugal","publisher":{"@id":"https:\/\/jornaldasoficinas.com\/pt\/#organization"},"potentialAction":[{"@type":"SearchAction","target":{"@type":"EntryPoint","urlTemplate":"https:\/\/jornaldasoficinas.com\/pt\/?s={search_term_string}"},"query-input":{"@type":"PropertyValueSpecification","valueRequired":true,"valueName":"search_term_string"}}],"inLanguage":"pt-PT"},{"@type":"Organization","@id":"https:\/\/jornaldasoficinas.com\/pt\/#organization","name":"Jornal das Oficinas","url":"https:\/\/jornaldasoficinas.com\/pt\/","logo":{"@type":"ImageObject","inLanguage":"pt-PT","@id":"https:\/\/jornaldasoficinas.com\/pt\/#\/schema\/logo\/image\/","url":"https:\/\/jornaldasoficinas.com\/pt\/wp-content\/uploads\/logoJO-SEO.png","contentUrl":"https:\/\/jornaldasoficinas.com\/pt\/wp-content\/uploads\/logoJO-SEO.png","width":285,"height":450,"caption":"Jornal das Oficinas"},"image":{"@id":"https:\/\/jornaldasoficinas.com\/pt\/#\/schema\/logo\/image\/"},"sameAs":["https:\/\/www.facebook.com\/jornaloficinas","https:\/\/x.com\/jornaloficinas","https:\/\/www.instagram.com\/jornal_oficinas\/","https:\/\/www.linkedin.com\/company\/jornal-das-oficinas\/","https:\/\/www.youtube.com\/channel\/UCbQZBqtcvV-oSQrr7RzINGg"]},{"@type":"Person","@id":"https:\/\/jornaldasoficinas.com\/pt\/#\/schema\/person\/a38eef5de2c41d9e7c9ac10141afddf3","name":"Reda\u00e7\u00e3o JO","image":{"@type":"ImageObject","inLanguage":"pt-PT","@id":"https:\/\/secure.gravatar.com\/avatar\/71f2fa71737ad68a84fea94bc708ddac8ea5b0c4788dc2ad202f3ccb2887742f?s=96&d=wp_user_avatar&r=g","url":"https:\/\/secure.gravatar.com\/avatar\/71f2fa71737ad68a84fea94bc708ddac8ea5b0c4788dc2ad202f3ccb2887742f?s=96&d=wp_user_avatar&r=g","contentUrl":"https:\/\/secure.gravatar.com\/avatar\/71f2fa71737ad68a84fea94bc708ddac8ea5b0c4788dc2ad202f3ccb2887742f?s=96&d=wp_user_avatar&r=g","caption":"Reda\u00e7\u00e3o JO"},"url":"https:\/\/jornaldasoficinas.com\/pt\/author\/joredacao\/"}]}},"_links":{"self":[{"href":"https:\/\/jornaldasoficinas.com\/pt\/wp-json\/wp\/v2\/posts\/72730","targetHints":{"allow":["GET"]}}],"collection":[{"href":"https:\/\/jornaldasoficinas.com\/pt\/wp-json\/wp\/v2\/posts"}],"about":[{"href":"https:\/\/jornaldasoficinas.com\/pt\/wp-json\/wp\/v2\/types\/post"}],"author":[{"embeddable":true,"href":"https:\/\/jornaldasoficinas.com\/pt\/wp-json\/wp\/v2\/users\/15"}],"replies":[{"embeddable":true,"href":"https:\/\/jornaldasoficinas.com\/pt\/wp-json\/wp\/v2\/comments?post=72730"}],"version-history":[{"count":0,"href":"https:\/\/jornaldasoficinas.com\/pt\/wp-json\/wp\/v2\/posts\/72730\/revisions"}],"wp:featuredmedia":[{"embeddable":true,"href":"https:\/\/jornaldasoficinas.com\/pt\/wp-json\/wp\/v2\/media\/72655"}],"wp:attachment":[{"href":"https:\/\/jornaldasoficinas.com\/pt\/wp-json\/wp\/v2\/media?parent=72730"}],"wp:term":[{"taxonomy":"category","embeddable":true,"href":"https:\/\/jornaldasoficinas.com\/pt\/wp-json\/wp\/v2\/categories?post=72730"},{"taxonomy":"post_tag","embeddable":true,"href":"https:\/\/jornaldasoficinas.com\/pt\/wp-json\/wp\/v2\/tags?post=72730"}],"curies":[{"name":"wp","href":"https:\/\/api.w.org\/{rel}","templated":true}]}}