{"id":72804,"date":"2023-10-05T08:00:31","date_gmt":"2023-10-05T07:00:31","guid":{"rendered":"https:\/\/jornaldasoficinas.com\/pt\/?p=72804"},"modified":"2023-10-04T12:03:05","modified_gmt":"2023-10-04T11:03:05","slug":"frota-leroy-merlin-movida-a-combustivel-100-renovavel","status":"publish","type":"post","link":"https:\/\/jornaldasoficinas.com\/pt\/frota-leroy-merlin-movida-a-combustivel-100-renovavel\/","title":{"rendered":"Frota LEROY MERLIN movida a combust\u00edvel 100% renov\u00e1vel"},"content":{"rendered":"<p><strong><img loading=\"lazy\" decoding=\"async\" class=\"alignnone size-full wp-image-72806\" src=\"https:\/\/jornaldasoficinas.com\/pt\/wp-content\/uploads\/2023\/09\/Frota-LEROY-MERLIN-movida-a-combustivel-100-renovavel.jpg\" alt=\"09 - Frota LEROY MERLIN movida a combustivel 100 renovavel\" width=\"1024\" height=\"581\" srcset=\"https:\/\/jornaldasoficinas.com\/pt\/wp-content\/uploads\/2023\/09\/Frota-LEROY-MERLIN-movida-a-combustivel-100-renovavel.jpg 1024w, https:\/\/jornaldasoficinas.com\/pt\/wp-content\/uploads\/2023\/09\/Frota-LEROY-MERLIN-movida-a-combustivel-100-renovavel-300x170.jpg 300w, https:\/\/jornaldasoficinas.com\/pt\/wp-content\/uploads\/2023\/09\/Frota-LEROY-MERLIN-movida-a-combustivel-100-renovavel-150x85.jpg 150w, https:\/\/jornaldasoficinas.com\/pt\/wp-content\/uploads\/2023\/09\/Frota-LEROY-MERLIN-movida-a-combustivel-100-renovavel-768x436.jpg 768w\" sizes=\"auto, (max-width: 1024px) 100vw, 1024px\" \/><\/strong><strong>\u00a0<\/strong><\/p>\n<p><strong>A partir de agora, a frota da <a href=\"https:\/\/www.leroymerlin.pt\/\" target=\"_blank\" rel=\"noopener\">LEROY MERLIN<\/a> fica mais verde. A pensar na sustentabilidade do ambiente, a marca juntou-se \u00e0 Repsol, numa parceria que vem mover a sua frota com combust\u00edvel 100% renov\u00e1vel<\/strong><\/p>\n<p>Preocupada em ter um Impacto Positivo, tamb\u00e9m a n\u00edvel ambiental, a LEROY MERLIN d\u00e1 um passo em frente na descarboniza\u00e7\u00e3o do transporte de mercadorias e adota o combust\u00edvel 100% renov\u00e1vel que, produzido a partir de mat\u00e9rias-primas renov\u00e1veis, garante um contributo efetivo na luta contra as altera\u00e7\u00f5es clim\u00e1ticas e no caminho rumo \u00e0s zero emiss\u00f5es l\u00edquidas. O teste piloto realizado entre os mais recentes parceiros estimou que cada cami\u00e3o pesado de mercadorias evitou a emiss\u00e3o correspondente a 150 toneladas anuais de CO2 equivalente.<\/p>\n<p>\u201cEsta parceria vem refor\u00e7ar o compromisso ambiental que temos desde o primeiro dia e que queremos elevar a todas as dimens\u00f5es do nosso neg\u00f3cio. Numa altura em que assinalamos a Semana Europeia da Mobilidade, \u00e9 importante garantir que fazemos a nossa parte para assegurar uma mobilidade cada vez mais \u00e0 altura dos desafios e necessidades do ambiente. A partir de agora, somos movidos a combust\u00edvel 100% renov\u00e1vel e estamos seguros de que este \u00e9 um passo em frente no garante do Impacto Positivo que queremos\u201d, referiu Dalila Tavares, Diretora de Transportes na LEROY MERLIN.<\/p>\n<p>\u201cNa Repsol estamos comprometidos com a transi\u00e7\u00e3o energ\u00e9tica e em ajudar todos os setores de atividade a reduzirem as emiss\u00f5es de gases de efeito estufa. Esta solu\u00e7\u00e3o de combust\u00edvel 100% renov\u00e1vel surge com o objetivo de apoiar as empresas nesta transi\u00e7\u00e3o. Acreditamos que, com este combust\u00edvel, que n\u00e3o obriga a mudan\u00e7as nos ve\u00edculos atuais, evitamos um per\u00edodo significativo de espera pelo desenvolvimento de novas tecnologias ou fazer um grande investimento estrutural ao n\u00edvel dos transportes\u201d, indicou Nuno Soares, Gestor de Produto Combust\u00edveis Renov\u00e1veis da Repsol Portuguesa.<\/p>\n<p>Pioneira na comercializa\u00e7\u00e3o de combust\u00edvel 100% renov\u00e1vel em Portugal, a Repsol quer liderar a transi\u00e7\u00e3o energ\u00e9tica e ajudar todos os setores de atividade a reduzir as emiss\u00f5es e estende agora a sua miss\u00e3o \u00e0 LEROY MERLIN. Partilhando da mesma preocupa\u00e7\u00e3o, e com o foco da sustentabilidade no cora\u00e7\u00e3o da sua estrat\u00e9gia, a LEROY MERLIN garante assim o ponto de viragem nos seus transportes.<\/p>\n","protected":false},"excerpt":{"rendered":"<p>\u00a0 A partir de agora, a&#8230;<\/p>\n","protected":false},"author":15,"featured_media":72806,"comment_status":"closed","ping_status":"closed","sticky":false,"template":"","format":"standard","meta":{"footnotes":""},"categories":[29],"tags":[6326,6325,1767],"class_list":["post-72804","post","type-post","status-publish","format-standard","has-post-thumbnail","hentry","category-empresas","tag-combustivel-100-renovavel","tag-leroy-merlin","tag-sustentabilidade"],"yoast_head":"<!-- This site is optimized with the Yoast SEO plugin v27.5 - https:\/\/yoast.com\/product\/yoast-seo-wordpress\/ -->\n<title>Frota LEROY MERLIN movida a combust\u00edvel 100% renov\u00e1vel - Jornal das Oficinas<\/title>\n<meta name=\"description\" content=\"A partir de agora, a frota da LEROY MERLIN fica mais verde. A pensar na sustentabilidade do ambiente, a marca juntou-se \u00e0 Repsol\" \/>\n<meta name=\"robots\" content=\"index, follow, max-snippet:-1, max-image-preview:large, max-video-preview:-1\" \/>\n<link rel=\"canonical\" href=\"https:\/\/jornaldasoficinas.com\/pt\/frota-leroy-merlin-movida-a-combustivel-100-renovavel\/\" \/>\n<meta property=\"og:locale\" content=\"pt_PT\" \/>\n<meta property=\"og:type\" content=\"article\" \/>\n<meta property=\"og:title\" content=\"Frota LEROY MERLIN movida a combust\u00edvel 100% renov\u00e1vel - Jornal das Oficinas\" \/>\n<meta property=\"og:description\" content=\"A partir de agora, a frota da LEROY MERLIN fica mais verde. A pensar na sustentabilidade do ambiente, a marca juntou-se \u00e0 Repsol\" \/>\n<meta property=\"og:url\" content=\"https:\/\/jornaldasoficinas.com\/pt\/frota-leroy-merlin-movida-a-combustivel-100-renovavel\/\" \/>\n<meta property=\"og:site_name\" content=\"Jornal das Oficinas\" \/>\n<meta property=\"article:publisher\" content=\"https:\/\/www.facebook.com\/jornaloficinas\" \/>\n<meta property=\"article:published_time\" content=\"2023-10-05T07:00:31+00:00\" \/>\n<meta property=\"og:image\" content=\"https:\/\/jornaldasoficinas.com\/pt\/wp-content\/uploads\/2023\/09\/Frota-LEROY-MERLIN-movida-a-combustivel-100-renovavel.jpg\" \/>\n\t<meta property=\"og:image:width\" content=\"1024\" \/>\n\t<meta property=\"og:image:height\" content=\"581\" \/>\n\t<meta property=\"og:image:type\" content=\"image\/jpeg\" \/>\n<meta name=\"author\" content=\"Reda\u00e7\u00e3o JO\" \/>\n<meta name=\"twitter:card\" content=\"summary_large_image\" \/>\n<meta name=\"twitter:creator\" content=\"@jornaloficinas\" \/>\n<meta name=\"twitter:site\" content=\"@jornaloficinas\" \/>\n<meta name=\"twitter:label1\" content=\"Escrito por\" \/>\n\t<meta name=\"twitter:data1\" content=\"Reda\u00e7\u00e3o JO\" \/>\n\t<meta name=\"twitter:label2\" content=\"Tempo estimado de leitura\" \/>\n\t<meta name=\"twitter:data2\" content=\"3 minutos\" \/>\n<script type=\"application\/ld+json\" class=\"yoast-schema-graph\">{\"@context\":\"https:\\\/\\\/schema.org\",\"@graph\":[{\"@type\":\"Article\",\"@id\":\"https:\\\/\\\/jornaldasoficinas.com\\\/pt\\\/frota-leroy-merlin-movida-a-combustivel-100-renovavel\\\/#article\",\"isPartOf\":{\"@id\":\"https:\\\/\\\/jornaldasoficinas.com\\\/pt\\\/frota-leroy-merlin-movida-a-combustivel-100-renovavel\\\/\"},\"author\":{\"name\":\"Reda\u00e7\u00e3o JO\",\"@id\":\"https:\\\/\\\/jornaldasoficinas.com\\\/pt\\\/#\\\/schema\\\/person\\\/a38eef5de2c41d9e7c9ac10141afddf3\"},\"headline\":\"Frota LEROY MERLIN movida a combust\u00edvel 100% renov\u00e1vel\",\"datePublished\":\"2023-10-05T07:00:31+00:00\",\"mainEntityOfPage\":{\"@id\":\"https:\\\/\\\/jornaldasoficinas.com\\\/pt\\\/frota-leroy-merlin-movida-a-combustivel-100-renovavel\\\/\"},\"wordCount\":403,\"publisher\":{\"@id\":\"https:\\\/\\\/jornaldasoficinas.com\\\/pt\\\/#organization\"},\"image\":{\"@id\":\"https:\\\/\\\/jornaldasoficinas.com\\\/pt\\\/frota-leroy-merlin-movida-a-combustivel-100-renovavel\\\/#primaryimage\"},\"thumbnailUrl\":\"https:\\\/\\\/jornaldasoficinas.com\\\/pt\\\/wp-content\\\/uploads\\\/2023\\\/09\\\/Frota-LEROY-MERLIN-movida-a-combustivel-100-renovavel.jpg\",\"keywords\":[\"combust\u00edvel 100% renov\u00e1vel\",\"LEROY MERLIN\",\"Sustentabilidade\"],\"articleSection\":[\"Empresas\"],\"inLanguage\":\"pt-PT\"},{\"@type\":\"WebPage\",\"@id\":\"https:\\\/\\\/jornaldasoficinas.com\\\/pt\\\/frota-leroy-merlin-movida-a-combustivel-100-renovavel\\\/\",\"url\":\"https:\\\/\\\/jornaldasoficinas.com\\\/pt\\\/frota-leroy-merlin-movida-a-combustivel-100-renovavel\\\/\",\"name\":\"Frota LEROY MERLIN movida a combust\u00edvel 100% renov\u00e1vel - Jornal das Oficinas\",\"isPartOf\":{\"@id\":\"https:\\\/\\\/jornaldasoficinas.com\\\/pt\\\/#website\"},\"primaryImageOfPage\":{\"@id\":\"https:\\\/\\\/jornaldasoficinas.com\\\/pt\\\/frota-leroy-merlin-movida-a-combustivel-100-renovavel\\\/#primaryimage\"},\"image\":{\"@id\":\"https:\\\/\\\/jornaldasoficinas.com\\\/pt\\\/frota-leroy-merlin-movida-a-combustivel-100-renovavel\\\/#primaryimage\"},\"thumbnailUrl\":\"https:\\\/\\\/jornaldasoficinas.com\\\/pt\\\/wp-content\\\/uploads\\\/2023\\\/09\\\/Frota-LEROY-MERLIN-movida-a-combustivel-100-renovavel.jpg\",\"datePublished\":\"2023-10-05T07:00:31+00:00\",\"description\":\"A partir de agora, a frota da LEROY MERLIN fica mais verde. A pensar na sustentabilidade do ambiente, a marca juntou-se \u00e0 Repsol\",\"breadcrumb\":{\"@id\":\"https:\\\/\\\/jornaldasoficinas.com\\\/pt\\\/frota-leroy-merlin-movida-a-combustivel-100-renovavel\\\/#breadcrumb\"},\"inLanguage\":\"pt-PT\",\"potentialAction\":[{\"@type\":\"ReadAction\",\"target\":[\"https:\\\/\\\/jornaldasoficinas.com\\\/pt\\\/frota-leroy-merlin-movida-a-combustivel-100-renovavel\\\/\"]}]},{\"@type\":\"ImageObject\",\"inLanguage\":\"pt-PT\",\"@id\":\"https:\\\/\\\/jornaldasoficinas.com\\\/pt\\\/frota-leroy-merlin-movida-a-combustivel-100-renovavel\\\/#primaryimage\",\"url\":\"https:\\\/\\\/jornaldasoficinas.com\\\/pt\\\/wp-content\\\/uploads\\\/2023\\\/09\\\/Frota-LEROY-MERLIN-movida-a-combustivel-100-renovavel.jpg\",\"contentUrl\":\"https:\\\/\\\/jornaldasoficinas.com\\\/pt\\\/wp-content\\\/uploads\\\/2023\\\/09\\\/Frota-LEROY-MERLIN-movida-a-combustivel-100-renovavel.jpg\",\"width\":1024,\"height\":581,\"caption\":\"09 - Frota LEROY MERLIN movida a combustivel 100 renovavel\"},{\"@type\":\"BreadcrumbList\",\"@id\":\"https:\\\/\\\/jornaldasoficinas.com\\\/pt\\\/frota-leroy-merlin-movida-a-combustivel-100-renovavel\\\/#breadcrumb\",\"itemListElement\":[{\"@type\":\"ListItem\",\"position\":1,\"name\":\"In\u00edcio\",\"item\":\"https:\\\/\\\/jornaldasoficinas.com\\\/pt\\\/\"},{\"@type\":\"ListItem\",\"position\":2,\"name\":\"Frota LEROY MERLIN movida a combust\u00edvel 100% renov\u00e1vel\"}]},{\"@type\":\"WebSite\",\"@id\":\"https:\\\/\\\/jornaldasoficinas.com\\\/pt\\\/#website\",\"url\":\"https:\\\/\\\/jornaldasoficinas.com\\\/pt\\\/\",\"name\":\"Jornal das Oficinas\",\"description\":\"Jornal independente do Aftermarket Autom\u00f3vel em Portugal\",\"publisher\":{\"@id\":\"https:\\\/\\\/jornaldasoficinas.com\\\/pt\\\/#organization\"},\"potentialAction\":[{\"@type\":\"SearchAction\",\"target\":{\"@type\":\"EntryPoint\",\"urlTemplate\":\"https:\\\/\\\/jornaldasoficinas.com\\\/pt\\\/?s={search_term_string}\"},\"query-input\":{\"@type\":\"PropertyValueSpecification\",\"valueRequired\":true,\"valueName\":\"search_term_string\"}}],\"inLanguage\":\"pt-PT\"},{\"@type\":\"Organization\",\"@id\":\"https:\\\/\\\/jornaldasoficinas.com\\\/pt\\\/#organization\",\"name\":\"Jornal das Oficinas\",\"url\":\"https:\\\/\\\/jornaldasoficinas.com\\\/pt\\\/\",\"logo\":{\"@type\":\"ImageObject\",\"inLanguage\":\"pt-PT\",\"@id\":\"https:\\\/\\\/jornaldasoficinas.com\\\/pt\\\/#\\\/schema\\\/logo\\\/image\\\/\",\"url\":\"https:\\\/\\\/jornaldasoficinas.com\\\/pt\\\/wp-content\\\/uploads\\\/logoJO-SEO.png\",\"contentUrl\":\"https:\\\/\\\/jornaldasoficinas.com\\\/pt\\\/wp-content\\\/uploads\\\/logoJO-SEO.png\",\"width\":285,\"height\":450,\"caption\":\"Jornal das Oficinas\"},\"image\":{\"@id\":\"https:\\\/\\\/jornaldasoficinas.com\\\/pt\\\/#\\\/schema\\\/logo\\\/image\\\/\"},\"sameAs\":[\"https:\\\/\\\/www.facebook.com\\\/jornaloficinas\",\"https:\\\/\\\/x.com\\\/jornaloficinas\",\"https:\\\/\\\/www.instagram.com\\\/jornal_oficinas\\\/\",\"https:\\\/\\\/www.linkedin.com\\\/company\\\/jornal-das-oficinas\\\/\",\"https:\\\/\\\/www.youtube.com\\\/channel\\\/UCbQZBqtcvV-oSQrr7RzINGg\"]},{\"@type\":\"Person\",\"@id\":\"https:\\\/\\\/jornaldasoficinas.com\\\/pt\\\/#\\\/schema\\\/person\\\/a38eef5de2c41d9e7c9ac10141afddf3\",\"name\":\"Reda\u00e7\u00e3o JO\",\"image\":{\"@type\":\"ImageObject\",\"inLanguage\":\"pt-PT\",\"@id\":\"https:\\\/\\\/secure.gravatar.com\\\/avatar\\\/71f2fa71737ad68a84fea94bc708ddac8ea5b0c4788dc2ad202f3ccb2887742f?s=96&d=wp_user_avatar&r=g\",\"url\":\"https:\\\/\\\/secure.gravatar.com\\\/avatar\\\/71f2fa71737ad68a84fea94bc708ddac8ea5b0c4788dc2ad202f3ccb2887742f?s=96&d=wp_user_avatar&r=g\",\"contentUrl\":\"https:\\\/\\\/secure.gravatar.com\\\/avatar\\\/71f2fa71737ad68a84fea94bc708ddac8ea5b0c4788dc2ad202f3ccb2887742f?s=96&d=wp_user_avatar&r=g\",\"caption\":\"Reda\u00e7\u00e3o JO\"},\"url\":\"https:\\\/\\\/jornaldasoficinas.com\\\/pt\\\/author\\\/joredacao\\\/\"}]}<\/script>\n<!-- \/ Yoast SEO plugin. -->","yoast_head_json":{"title":"Frota LEROY MERLIN movida a combust\u00edvel 100% renov\u00e1vel - Jornal das Oficinas","description":"A partir de agora, a frota da LEROY MERLIN fica mais verde. A pensar na sustentabilidade do ambiente, a marca juntou-se \u00e0 Repsol","robots":{"index":"index","follow":"follow","max-snippet":"max-snippet:-1","max-image-preview":"max-image-preview:large","max-video-preview":"max-video-preview:-1"},"canonical":"https:\/\/jornaldasoficinas.com\/pt\/frota-leroy-merlin-movida-a-combustivel-100-renovavel\/","og_locale":"pt_PT","og_type":"article","og_title":"Frota LEROY MERLIN movida a combust\u00edvel 100% renov\u00e1vel - Jornal das Oficinas","og_description":"A partir de agora, a frota da LEROY MERLIN fica mais verde. A pensar na sustentabilidade do ambiente, a marca juntou-se \u00e0 Repsol","og_url":"https:\/\/jornaldasoficinas.com\/pt\/frota-leroy-merlin-movida-a-combustivel-100-renovavel\/","og_site_name":"Jornal das Oficinas","article_publisher":"https:\/\/www.facebook.com\/jornaloficinas","article_published_time":"2023-10-05T07:00:31+00:00","og_image":[{"width":1024,"height":581,"url":"https:\/\/jornaldasoficinas.com\/pt\/wp-content\/uploads\/2023\/09\/Frota-LEROY-MERLIN-movida-a-combustivel-100-renovavel.jpg","type":"image\/jpeg"}],"author":"Reda\u00e7\u00e3o JO","twitter_card":"summary_large_image","twitter_creator":"@jornaloficinas","twitter_site":"@jornaloficinas","twitter_misc":{"Escrito por":"Reda\u00e7\u00e3o JO","Tempo estimado de leitura":"3 minutos"},"schema":{"@context":"https:\/\/schema.org","@graph":[{"@type":"Article","@id":"https:\/\/jornaldasoficinas.com\/pt\/frota-leroy-merlin-movida-a-combustivel-100-renovavel\/#article","isPartOf":{"@id":"https:\/\/jornaldasoficinas.com\/pt\/frota-leroy-merlin-movida-a-combustivel-100-renovavel\/"},"author":{"name":"Reda\u00e7\u00e3o JO","@id":"https:\/\/jornaldasoficinas.com\/pt\/#\/schema\/person\/a38eef5de2c41d9e7c9ac10141afddf3"},"headline":"Frota LEROY MERLIN movida a combust\u00edvel 100% renov\u00e1vel","datePublished":"2023-10-05T07:00:31+00:00","mainEntityOfPage":{"@id":"https:\/\/jornaldasoficinas.com\/pt\/frota-leroy-merlin-movida-a-combustivel-100-renovavel\/"},"wordCount":403,"publisher":{"@id":"https:\/\/jornaldasoficinas.com\/pt\/#organization"},"image":{"@id":"https:\/\/jornaldasoficinas.com\/pt\/frota-leroy-merlin-movida-a-combustivel-100-renovavel\/#primaryimage"},"thumbnailUrl":"https:\/\/jornaldasoficinas.com\/pt\/wp-content\/uploads\/2023\/09\/Frota-LEROY-MERLIN-movida-a-combustivel-100-renovavel.jpg","keywords":["combust\u00edvel 100% renov\u00e1vel","LEROY MERLIN","Sustentabilidade"],"articleSection":["Empresas"],"inLanguage":"pt-PT"},{"@type":"WebPage","@id":"https:\/\/jornaldasoficinas.com\/pt\/frota-leroy-merlin-movida-a-combustivel-100-renovavel\/","url":"https:\/\/jornaldasoficinas.com\/pt\/frota-leroy-merlin-movida-a-combustivel-100-renovavel\/","name":"Frota LEROY MERLIN movida a combust\u00edvel 100% renov\u00e1vel - Jornal das Oficinas","isPartOf":{"@id":"https:\/\/jornaldasoficinas.com\/pt\/#website"},"primaryImageOfPage":{"@id":"https:\/\/jornaldasoficinas.com\/pt\/frota-leroy-merlin-movida-a-combustivel-100-renovavel\/#primaryimage"},"image":{"@id":"https:\/\/jornaldasoficinas.com\/pt\/frota-leroy-merlin-movida-a-combustivel-100-renovavel\/#primaryimage"},"thumbnailUrl":"https:\/\/jornaldasoficinas.com\/pt\/wp-content\/uploads\/2023\/09\/Frota-LEROY-MERLIN-movida-a-combustivel-100-renovavel.jpg","datePublished":"2023-10-05T07:00:31+00:00","description":"A partir de agora, a frota da LEROY MERLIN fica mais verde. A pensar na sustentabilidade do ambiente, a marca juntou-se \u00e0 Repsol","breadcrumb":{"@id":"https:\/\/jornaldasoficinas.com\/pt\/frota-leroy-merlin-movida-a-combustivel-100-renovavel\/#breadcrumb"},"inLanguage":"pt-PT","potentialAction":[{"@type":"ReadAction","target":["https:\/\/jornaldasoficinas.com\/pt\/frota-leroy-merlin-movida-a-combustivel-100-renovavel\/"]}]},{"@type":"ImageObject","inLanguage":"pt-PT","@id":"https:\/\/jornaldasoficinas.com\/pt\/frota-leroy-merlin-movida-a-combustivel-100-renovavel\/#primaryimage","url":"https:\/\/jornaldasoficinas.com\/pt\/wp-content\/uploads\/2023\/09\/Frota-LEROY-MERLIN-movida-a-combustivel-100-renovavel.jpg","contentUrl":"https:\/\/jornaldasoficinas.com\/pt\/wp-content\/uploads\/2023\/09\/Frota-LEROY-MERLIN-movida-a-combustivel-100-renovavel.jpg","width":1024,"height":581,"caption":"09 - Frota LEROY MERLIN movida a combustivel 100 renovavel"},{"@type":"BreadcrumbList","@id":"https:\/\/jornaldasoficinas.com\/pt\/frota-leroy-merlin-movida-a-combustivel-100-renovavel\/#breadcrumb","itemListElement":[{"@type":"ListItem","position":1,"name":"In\u00edcio","item":"https:\/\/jornaldasoficinas.com\/pt\/"},{"@type":"ListItem","position":2,"name":"Frota LEROY MERLIN movida a combust\u00edvel 100% renov\u00e1vel"}]},{"@type":"WebSite","@id":"https:\/\/jornaldasoficinas.com\/pt\/#website","url":"https:\/\/jornaldasoficinas.com\/pt\/","name":"Jornal das Oficinas","description":"Jornal independente do Aftermarket Autom\u00f3vel em Portugal","publisher":{"@id":"https:\/\/jornaldasoficinas.com\/pt\/#organization"},"potentialAction":[{"@type":"SearchAction","target":{"@type":"EntryPoint","urlTemplate":"https:\/\/jornaldasoficinas.com\/pt\/?s={search_term_string}"},"query-input":{"@type":"PropertyValueSpecification","valueRequired":true,"valueName":"search_term_string"}}],"inLanguage":"pt-PT"},{"@type":"Organization","@id":"https:\/\/jornaldasoficinas.com\/pt\/#organization","name":"Jornal das Oficinas","url":"https:\/\/jornaldasoficinas.com\/pt\/","logo":{"@type":"ImageObject","inLanguage":"pt-PT","@id":"https:\/\/jornaldasoficinas.com\/pt\/#\/schema\/logo\/image\/","url":"https:\/\/jornaldasoficinas.com\/pt\/wp-content\/uploads\/logoJO-SEO.png","contentUrl":"https:\/\/jornaldasoficinas.com\/pt\/wp-content\/uploads\/logoJO-SEO.png","width":285,"height":450,"caption":"Jornal das Oficinas"},"image":{"@id":"https:\/\/jornaldasoficinas.com\/pt\/#\/schema\/logo\/image\/"},"sameAs":["https:\/\/www.facebook.com\/jornaloficinas","https:\/\/x.com\/jornaloficinas","https:\/\/www.instagram.com\/jornal_oficinas\/","https:\/\/www.linkedin.com\/company\/jornal-das-oficinas\/","https:\/\/www.youtube.com\/channel\/UCbQZBqtcvV-oSQrr7RzINGg"]},{"@type":"Person","@id":"https:\/\/jornaldasoficinas.com\/pt\/#\/schema\/person\/a38eef5de2c41d9e7c9ac10141afddf3","name":"Reda\u00e7\u00e3o JO","image":{"@type":"ImageObject","inLanguage":"pt-PT","@id":"https:\/\/secure.gravatar.com\/avatar\/71f2fa71737ad68a84fea94bc708ddac8ea5b0c4788dc2ad202f3ccb2887742f?s=96&d=wp_user_avatar&r=g","url":"https:\/\/secure.gravatar.com\/avatar\/71f2fa71737ad68a84fea94bc708ddac8ea5b0c4788dc2ad202f3ccb2887742f?s=96&d=wp_user_avatar&r=g","contentUrl":"https:\/\/secure.gravatar.com\/avatar\/71f2fa71737ad68a84fea94bc708ddac8ea5b0c4788dc2ad202f3ccb2887742f?s=96&d=wp_user_avatar&r=g","caption":"Reda\u00e7\u00e3o JO"},"url":"https:\/\/jornaldasoficinas.com\/pt\/author\/joredacao\/"}]}},"_links":{"self":[{"href":"https:\/\/jornaldasoficinas.com\/pt\/wp-json\/wp\/v2\/posts\/72804","targetHints":{"allow":["GET"]}}],"collection":[{"href":"https:\/\/jornaldasoficinas.com\/pt\/wp-json\/wp\/v2\/posts"}],"about":[{"href":"https:\/\/jornaldasoficinas.com\/pt\/wp-json\/wp\/v2\/types\/post"}],"author":[{"embeddable":true,"href":"https:\/\/jornaldasoficinas.com\/pt\/wp-json\/wp\/v2\/users\/15"}],"replies":[{"embeddable":true,"href":"https:\/\/jornaldasoficinas.com\/pt\/wp-json\/wp\/v2\/comments?post=72804"}],"version-history":[{"count":0,"href":"https:\/\/jornaldasoficinas.com\/pt\/wp-json\/wp\/v2\/posts\/72804\/revisions"}],"wp:featuredmedia":[{"embeddable":true,"href":"https:\/\/jornaldasoficinas.com\/pt\/wp-json\/wp\/v2\/media\/72806"}],"wp:attachment":[{"href":"https:\/\/jornaldasoficinas.com\/pt\/wp-json\/wp\/v2\/media?parent=72804"}],"wp:term":[{"taxonomy":"category","embeddable":true,"href":"https:\/\/jornaldasoficinas.com\/pt\/wp-json\/wp\/v2\/categories?post=72804"},{"taxonomy":"post_tag","embeddable":true,"href":"https:\/\/jornaldasoficinas.com\/pt\/wp-json\/wp\/v2\/tags?post=72804"}],"curies":[{"name":"wp","href":"https:\/\/api.w.org\/{rel}","templated":true}]}}