{"id":72899,"date":"2023-10-08T21:00:55","date_gmt":"2023-10-08T20:00:55","guid":{"rendered":"https:\/\/jornaldasoficinas.com\/pt\/?p=72899"},"modified":"2023-10-24T14:50:54","modified_gmt":"2023-10-24T13:50:54","slug":"ix-gala-top100-e-ja-dia-13","status":"publish","type":"post","link":"https:\/\/jornaldasoficinas.com\/pt\/ix-gala-top100-e-ja-dia-13\/","title":{"rendered":"IX Gala TOP100 \u00e9 j\u00e1 dia 13!"},"content":{"rendered":"<p><img loading=\"lazy\" decoding=\"async\" class=\"alignnone size-full wp-image-72897\" src=\"https:\/\/jornaldasoficinas.com\/pt\/wp-content\/uploads\/2023\/09\/IXGalatop100.jpg\" alt=\"09 - IXGalatop100\" width=\"1024\" height=\"581\" srcset=\"https:\/\/jornaldasoficinas.com\/pt\/wp-content\/uploads\/2023\/09\/IXGalatop100.jpg 1024w, https:\/\/jornaldasoficinas.com\/pt\/wp-content\/uploads\/2023\/09\/IXGalatop100-300x170.jpg 300w, https:\/\/jornaldasoficinas.com\/pt\/wp-content\/uploads\/2023\/09\/IXGalatop100-150x85.jpg 150w, https:\/\/jornaldasoficinas.com\/pt\/wp-content\/uploads\/2023\/09\/IXGalatop100-768x436.jpg 768w\" sizes=\"auto, (max-width: 1024px) 100vw, 1024px\" \/><\/p>\n<p><strong>Fabricantes, Distribuidores e Oficinas j\u00e1 conhecem bem a <a href=\"https:\/\/www.apcomunicacao.com\/galatop100\" target=\"_blank\" rel=\"noopener\">Gala TOP100<\/a> e sabem que no pr\u00f3ximo dia 13 de outubro, todos os caminhos do Aftermarket v\u00e3o dar \u00e0 Quinta de S\u00e3o Luiz em Coimbra.<\/strong><\/p>\n<p>Na Gala TOP100, considerado o maior evento social do setor, va\u0303o ser anunciados os vencedores das diversas categorias do po\u0301s-venda automo\u0301vel. Estes Trof\u00e9us s\u00e3o o resultado dos Quadros de Honra que ir\u00e3o ser publicados na edi\u00e7\u00e3o de 2023 das <strong>Revistas TOP100 Maiores Distribuidores Aftermarket<\/strong> e <strong>TOP100 Maiores Oficinas Aftermarket<\/strong><\/p>\n<p>Com a realizac\u0327a\u0303o da <strong>IX <\/strong><strong>Gala TOP100<\/strong>, a <strong>AP Comunica\u00e7\u00e3o<\/strong>, editora do <strong>Jornal das<\/strong><strong> Oficinas<\/strong> tornou-se mais do que apenas uma produtora de publica\u00e7\u00f5es, sendo hoje em dia uma plataforma multifacetada, aberta a novas ideias e projetos. Vamos continuar empenhados em criar valor para o setor, atrave\u0301s dos conteu\u0301dos das nossas publicac\u0327o\u0303es e da realizac\u0327a\u0303o de eventos como esta Gala.<\/p>\n<p>Este ano, contamos com uma sala cheia (mais de 170 pessoas) e dezassete patroci\u0301nadores, o que revela bem o interesse e a valorizac\u0327a\u0303o que os players e as marcas a n\u00edvel nacional e internacional conferem a este evento.<\/p>\n<p>Obrigado \u00e0 <a href=\"https:\/\/ufi-aftermarket.com\/EU\/pt-pt\/\" target=\"_blank\" rel=\"noopener\">Ufi Filters<\/a>, <a href=\"https:\/\/www.dieseltechnic.com\/pt-br\/\" target=\"_blank\" rel=\"noopener\">Diesel Technic<\/a>, <a href=\"https:\/\/catalog.mann-filter.com\/\/EU\/por\" target=\"_blank\" rel=\"noopener\">Mann Filter<\/a>, <a href=\"https:\/\/www.sampa.com\/pt\" target=\"_blank\" rel=\"noopener\">Sampa Automotive<\/a>, <a href=\"https:\/\/www.tabspain.com\/pt-pt\/\" target=\"_blank\" rel=\"noopener\">TAB Batteries<\/a>, <a href=\"https:\/\/www.corteco.com\/en\/home\/\" target=\"_blank\" rel=\"noopener\">Corteco<\/a>, <a href=\"https:\/\/laranja2016.wixsite.com\/trustconstrucao\/\" target=\"_blank\" rel=\"noopener\">Trustauto<\/a>, <a href=\"https:\/\/www.tirsopneus.com\/\" target=\"_blank\" rel=\"noopener\">Tirso Pneus<\/a>, <a href=\"https:\/\/pro4matic.com\/pt\/\" target=\"_blank\" rel=\"noopener\">Pro4matic<\/a>, <a href=\"https:\/\/www.repsol.pt\/particulares\/\" target=\"_blank\" rel=\"noopener\">Repsol<\/a>, <a href=\"https:\/\/www.autelportugal.pt\/\" target=\"_blank\" rel=\"noopener\">Autel<\/a> by <a href=\"https:\/\/luzdeairbag.com\/\" target=\"_blank\" rel=\"noopener\">Luzdeairbag<\/a>, <a href=\"https:\/\/goshop.pt\/\" target=\"_blank\" rel=\"noopener\">Goshop<\/a> By <a href=\"https:\/\/www.romafe.com\/\" target=\"_blank\" rel=\"noopener\">Romafe<\/a>, <a href=\"https:\/\/rplclima.com\/\" target=\"_blank\" rel=\"noopener\">RPL Quality<\/a>, <a href=\"https:\/\/www.mewa.pt\/\" target=\"_blank\" rel=\"noopener\">Mewa<\/a>, <a href=\"https:\/\/www.philips.pt\/\" target=\"_blank\" rel=\"noopener\">Philips<\/a>, <a href=\"https:\/\/www.lizarte.com\/index.aspx\" target=\"_blank\" rel=\"noopener\">Lizarte<\/a> e <a href=\"https:\/\/www.mcoutinhopecas.pt\/\" target=\"_blank\" rel=\"noopener\">MCoutinho Pe\u00e7as<\/a> que sa\u0303o os patrocinadores desta IX Gala TOP100<\/p>\n","protected":false},"excerpt":{"rendered":"<p>Fabricantes, Distribuidores e Oficinas j\u00e1 conhecem&#8230;<\/p>\n","protected":false},"author":15,"featured_media":72897,"comment_status":"closed","ping_status":"closed","sticky":false,"template":"","format":"standard","meta":{"footnotes":""},"categories":[37],"tags":[1643,581,298,184,2940,1642,266,371,669,263,531,46,1948,327,6341,565,5020,2417,546],"class_list":["post-72899","post","type-post","status-publish","format-standard","has-post-thumbnail","hentry","category-mercado","tag-autel","tag-corteco","tag-diesel-technic","tag-gala-top100","tag-lizarte","tag-luzdeairbag","tag-mann-filter","tag-mcoutinho-pecas","tag-mewa","tag-philips","tag-pro4matic","tag-repsol","tag-romafe","tag-rpl-quality","tag-sampa-automotive","tag-tab-batteries","tag-tirso-pneus","tag-trustauto","tag-ufi-filters"],"yoast_head":"<!-- This site is optimized with the Yoast SEO plugin v27.4 - https:\/\/yoast.com\/product\/yoast-seo-wordpress\/ -->\n<title>IX Gala TOP100 \u00e9 j\u00e1 dia 13! - Jornal das Oficinas<\/title>\n<meta name=\"description\" content=\"Fabricantes, Distribuidores e Oficinas j\u00e1 conhecem bem a Gala TOP100 e sabem que no pr\u00f3ximo dia 13 de outubro, todos os caminhos do Aftermarket v\u00e3o dar \u00e0 Quinta de S\u00e3o Luiz em Coimbra.\" \/>\n<meta name=\"robots\" content=\"index, follow, max-snippet:-1, max-image-preview:large, max-video-preview:-1\" \/>\n<link rel=\"canonical\" href=\"https:\/\/jornaldasoficinas.com\/pt\/ix-gala-top100-e-ja-dia-13\/\" \/>\n<meta property=\"og:locale\" content=\"pt_PT\" \/>\n<meta property=\"og:type\" content=\"article\" \/>\n<meta property=\"og:title\" content=\"IX Gala TOP100 \u00e9 j\u00e1 dia 13! - Jornal das Oficinas\" \/>\n<meta property=\"og:description\" content=\"Fabricantes, Distribuidores e Oficinas j\u00e1 conhecem bem a Gala TOP100 e sabem que no pr\u00f3ximo dia 13 de outubro, todos os caminhos do Aftermarket v\u00e3o dar \u00e0 Quinta de S\u00e3o Luiz em Coimbra.\" \/>\n<meta property=\"og:url\" content=\"https:\/\/jornaldasoficinas.com\/pt\/ix-gala-top100-e-ja-dia-13\/\" \/>\n<meta property=\"og:site_name\" content=\"Jornal das Oficinas\" \/>\n<meta property=\"article:publisher\" content=\"https:\/\/www.facebook.com\/jornaloficinas\" \/>\n<meta property=\"article:published_time\" content=\"2023-10-08T20:00:55+00:00\" \/>\n<meta property=\"article:modified_time\" content=\"2023-10-24T13:50:54+00:00\" \/>\n<meta property=\"og:image\" content=\"https:\/\/jornaldasoficinas.com\/pt\/wp-content\/uploads\/2023\/09\/IXGalatop100.jpg\" \/>\n\t<meta property=\"og:image:width\" content=\"1024\" \/>\n\t<meta property=\"og:image:height\" content=\"581\" \/>\n\t<meta property=\"og:image:type\" content=\"image\/jpeg\" \/>\n<meta name=\"author\" content=\"Reda\u00e7\u00e3o JO\" \/>\n<meta name=\"twitter:card\" content=\"summary_large_image\" \/>\n<meta name=\"twitter:creator\" content=\"@jornaloficinas\" \/>\n<meta name=\"twitter:site\" content=\"@jornaloficinas\" \/>\n<meta name=\"twitter:label1\" content=\"Escrito por\" \/>\n\t<meta name=\"twitter:data1\" content=\"Reda\u00e7\u00e3o JO\" \/>\n\t<meta name=\"twitter:label2\" content=\"Tempo estimado de leitura\" \/>\n\t<meta name=\"twitter:data2\" content=\"2 minutos\" \/>\n<script type=\"application\/ld+json\" class=\"yoast-schema-graph\">{\"@context\":\"https:\\\/\\\/schema.org\",\"@graph\":[{\"@type\":\"Article\",\"@id\":\"https:\\\/\\\/jornaldasoficinas.com\\\/pt\\\/ix-gala-top100-e-ja-dia-13\\\/#article\",\"isPartOf\":{\"@id\":\"https:\\\/\\\/jornaldasoficinas.com\\\/pt\\\/ix-gala-top100-e-ja-dia-13\\\/\"},\"author\":{\"name\":\"Reda\u00e7\u00e3o JO\",\"@id\":\"https:\\\/\\\/jornaldasoficinas.com\\\/pt\\\/#\\\/schema\\\/person\\\/a38eef5de2c41d9e7c9ac10141afddf3\"},\"headline\":\"IX Gala TOP100 \u00e9 j\u00e1 dia 13!\",\"datePublished\":\"2023-10-08T20:00:55+00:00\",\"dateModified\":\"2023-10-24T13:50:54+00:00\",\"mainEntityOfPage\":{\"@id\":\"https:\\\/\\\/jornaldasoficinas.com\\\/pt\\\/ix-gala-top100-e-ja-dia-13\\\/\"},\"wordCount\":247,\"publisher\":{\"@id\":\"https:\\\/\\\/jornaldasoficinas.com\\\/pt\\\/#organization\"},\"image\":{\"@id\":\"https:\\\/\\\/jornaldasoficinas.com\\\/pt\\\/ix-gala-top100-e-ja-dia-13\\\/#primaryimage\"},\"thumbnailUrl\":\"https:\\\/\\\/jornaldasoficinas.com\\\/pt\\\/wp-content\\\/uploads\\\/2023\\\/09\\\/IXGalatop100.jpg\",\"keywords\":[\"Autel\",\"Corteco\",\"Diesel Technic\",\"Gala TOP100\",\"Lizarte\",\"LuzDeAirbag\",\"MANN-FILTER\",\"MCoutinho Pe\u00e7as\",\"MEWA\",\"Philips\",\"Pro4Matic\",\"Repsol\",\"Romafe\",\"RPL Quality\",\"Sampa Automotive\",\"TAB Batteries\",\"Tirso Pneus\",\"Trustauto\",\"UFI Filters\"],\"articleSection\":[\"Mercado\"],\"inLanguage\":\"pt-PT\"},{\"@type\":\"WebPage\",\"@id\":\"https:\\\/\\\/jornaldasoficinas.com\\\/pt\\\/ix-gala-top100-e-ja-dia-13\\\/\",\"url\":\"https:\\\/\\\/jornaldasoficinas.com\\\/pt\\\/ix-gala-top100-e-ja-dia-13\\\/\",\"name\":\"IX Gala TOP100 \u00e9 j\u00e1 dia 13! - Jornal das Oficinas\",\"isPartOf\":{\"@id\":\"https:\\\/\\\/jornaldasoficinas.com\\\/pt\\\/#website\"},\"primaryImageOfPage\":{\"@id\":\"https:\\\/\\\/jornaldasoficinas.com\\\/pt\\\/ix-gala-top100-e-ja-dia-13\\\/#primaryimage\"},\"image\":{\"@id\":\"https:\\\/\\\/jornaldasoficinas.com\\\/pt\\\/ix-gala-top100-e-ja-dia-13\\\/#primaryimage\"},\"thumbnailUrl\":\"https:\\\/\\\/jornaldasoficinas.com\\\/pt\\\/wp-content\\\/uploads\\\/2023\\\/09\\\/IXGalatop100.jpg\",\"datePublished\":\"2023-10-08T20:00:55+00:00\",\"dateModified\":\"2023-10-24T13:50:54+00:00\",\"description\":\"Fabricantes, Distribuidores e Oficinas j\u00e1 conhecem bem a Gala TOP100 e sabem que no pr\u00f3ximo dia 13 de outubro, todos os caminhos do Aftermarket v\u00e3o dar \u00e0 Quinta de S\u00e3o Luiz em Coimbra.\",\"breadcrumb\":{\"@id\":\"https:\\\/\\\/jornaldasoficinas.com\\\/pt\\\/ix-gala-top100-e-ja-dia-13\\\/#breadcrumb\"},\"inLanguage\":\"pt-PT\",\"potentialAction\":[{\"@type\":\"ReadAction\",\"target\":[\"https:\\\/\\\/jornaldasoficinas.com\\\/pt\\\/ix-gala-top100-e-ja-dia-13\\\/\"]}]},{\"@type\":\"ImageObject\",\"inLanguage\":\"pt-PT\",\"@id\":\"https:\\\/\\\/jornaldasoficinas.com\\\/pt\\\/ix-gala-top100-e-ja-dia-13\\\/#primaryimage\",\"url\":\"https:\\\/\\\/jornaldasoficinas.com\\\/pt\\\/wp-content\\\/uploads\\\/2023\\\/09\\\/IXGalatop100.jpg\",\"contentUrl\":\"https:\\\/\\\/jornaldasoficinas.com\\\/pt\\\/wp-content\\\/uploads\\\/2023\\\/09\\\/IXGalatop100.jpg\",\"width\":1024,\"height\":581,\"caption\":\"09 - IXGalatop100\"},{\"@type\":\"BreadcrumbList\",\"@id\":\"https:\\\/\\\/jornaldasoficinas.com\\\/pt\\\/ix-gala-top100-e-ja-dia-13\\\/#breadcrumb\",\"itemListElement\":[{\"@type\":\"ListItem\",\"position\":1,\"name\":\"In\u00edcio\",\"item\":\"https:\\\/\\\/jornaldasoficinas.com\\\/pt\\\/\"},{\"@type\":\"ListItem\",\"position\":2,\"name\":\"IX Gala TOP100 \u00e9 j\u00e1 dia 13!\"}]},{\"@type\":\"WebSite\",\"@id\":\"https:\\\/\\\/jornaldasoficinas.com\\\/pt\\\/#website\",\"url\":\"https:\\\/\\\/jornaldasoficinas.com\\\/pt\\\/\",\"name\":\"Jornal das Oficinas\",\"description\":\"Jornal independente do Aftermarket Autom\u00f3vel em Portugal\",\"publisher\":{\"@id\":\"https:\\\/\\\/jornaldasoficinas.com\\\/pt\\\/#organization\"},\"potentialAction\":[{\"@type\":\"SearchAction\",\"target\":{\"@type\":\"EntryPoint\",\"urlTemplate\":\"https:\\\/\\\/jornaldasoficinas.com\\\/pt\\\/?s={search_term_string}\"},\"query-input\":{\"@type\":\"PropertyValueSpecification\",\"valueRequired\":true,\"valueName\":\"search_term_string\"}}],\"inLanguage\":\"pt-PT\"},{\"@type\":\"Organization\",\"@id\":\"https:\\\/\\\/jornaldasoficinas.com\\\/pt\\\/#organization\",\"name\":\"Jornal das Oficinas\",\"url\":\"https:\\\/\\\/jornaldasoficinas.com\\\/pt\\\/\",\"logo\":{\"@type\":\"ImageObject\",\"inLanguage\":\"pt-PT\",\"@id\":\"https:\\\/\\\/jornaldasoficinas.com\\\/pt\\\/#\\\/schema\\\/logo\\\/image\\\/\",\"url\":\"https:\\\/\\\/jornaldasoficinas.com\\\/pt\\\/wp-content\\\/uploads\\\/logoJO-SEO.png\",\"contentUrl\":\"https:\\\/\\\/jornaldasoficinas.com\\\/pt\\\/wp-content\\\/uploads\\\/logoJO-SEO.png\",\"width\":285,\"height\":450,\"caption\":\"Jornal das Oficinas\"},\"image\":{\"@id\":\"https:\\\/\\\/jornaldasoficinas.com\\\/pt\\\/#\\\/schema\\\/logo\\\/image\\\/\"},\"sameAs\":[\"https:\\\/\\\/www.facebook.com\\\/jornaloficinas\",\"https:\\\/\\\/x.com\\\/jornaloficinas\",\"https:\\\/\\\/www.instagram.com\\\/jornal_oficinas\\\/\",\"https:\\\/\\\/www.linkedin.com\\\/company\\\/jornal-das-oficinas\\\/\",\"https:\\\/\\\/www.youtube.com\\\/channel\\\/UCbQZBqtcvV-oSQrr7RzINGg\"]},{\"@type\":\"Person\",\"@id\":\"https:\\\/\\\/jornaldasoficinas.com\\\/pt\\\/#\\\/schema\\\/person\\\/a38eef5de2c41d9e7c9ac10141afddf3\",\"name\":\"Reda\u00e7\u00e3o JO\",\"image\":{\"@type\":\"ImageObject\",\"inLanguage\":\"pt-PT\",\"@id\":\"https:\\\/\\\/secure.gravatar.com\\\/avatar\\\/71f2fa71737ad68a84fea94bc708ddac8ea5b0c4788dc2ad202f3ccb2887742f?s=96&d=wp_user_avatar&r=g\",\"url\":\"https:\\\/\\\/secure.gravatar.com\\\/avatar\\\/71f2fa71737ad68a84fea94bc708ddac8ea5b0c4788dc2ad202f3ccb2887742f?s=96&d=wp_user_avatar&r=g\",\"contentUrl\":\"https:\\\/\\\/secure.gravatar.com\\\/avatar\\\/71f2fa71737ad68a84fea94bc708ddac8ea5b0c4788dc2ad202f3ccb2887742f?s=96&d=wp_user_avatar&r=g\",\"caption\":\"Reda\u00e7\u00e3o JO\"},\"url\":\"https:\\\/\\\/jornaldasoficinas.com\\\/pt\\\/author\\\/joredacao\\\/\"}]}<\/script>\n<!-- \/ Yoast SEO plugin. -->","yoast_head_json":{"title":"IX Gala TOP100 \u00e9 j\u00e1 dia 13! - Jornal das Oficinas","description":"Fabricantes, Distribuidores e Oficinas j\u00e1 conhecem bem a Gala TOP100 e sabem que no pr\u00f3ximo dia 13 de outubro, todos os caminhos do Aftermarket v\u00e3o dar \u00e0 Quinta de S\u00e3o Luiz em Coimbra.","robots":{"index":"index","follow":"follow","max-snippet":"max-snippet:-1","max-image-preview":"max-image-preview:large","max-video-preview":"max-video-preview:-1"},"canonical":"https:\/\/jornaldasoficinas.com\/pt\/ix-gala-top100-e-ja-dia-13\/","og_locale":"pt_PT","og_type":"article","og_title":"IX Gala TOP100 \u00e9 j\u00e1 dia 13! - Jornal das Oficinas","og_description":"Fabricantes, Distribuidores e Oficinas j\u00e1 conhecem bem a Gala TOP100 e sabem que no pr\u00f3ximo dia 13 de outubro, todos os caminhos do Aftermarket v\u00e3o dar \u00e0 Quinta de S\u00e3o Luiz em Coimbra.","og_url":"https:\/\/jornaldasoficinas.com\/pt\/ix-gala-top100-e-ja-dia-13\/","og_site_name":"Jornal das Oficinas","article_publisher":"https:\/\/www.facebook.com\/jornaloficinas","article_published_time":"2023-10-08T20:00:55+00:00","article_modified_time":"2023-10-24T13:50:54+00:00","og_image":[{"width":1024,"height":581,"url":"https:\/\/jornaldasoficinas.com\/pt\/wp-content\/uploads\/2023\/09\/IXGalatop100.jpg","type":"image\/jpeg"}],"author":"Reda\u00e7\u00e3o JO","twitter_card":"summary_large_image","twitter_creator":"@jornaloficinas","twitter_site":"@jornaloficinas","twitter_misc":{"Escrito por":"Reda\u00e7\u00e3o JO","Tempo estimado de leitura":"2 minutos"},"schema":{"@context":"https:\/\/schema.org","@graph":[{"@type":"Article","@id":"https:\/\/jornaldasoficinas.com\/pt\/ix-gala-top100-e-ja-dia-13\/#article","isPartOf":{"@id":"https:\/\/jornaldasoficinas.com\/pt\/ix-gala-top100-e-ja-dia-13\/"},"author":{"name":"Reda\u00e7\u00e3o JO","@id":"https:\/\/jornaldasoficinas.com\/pt\/#\/schema\/person\/a38eef5de2c41d9e7c9ac10141afddf3"},"headline":"IX Gala TOP100 \u00e9 j\u00e1 dia 13!","datePublished":"2023-10-08T20:00:55+00:00","dateModified":"2023-10-24T13:50:54+00:00","mainEntityOfPage":{"@id":"https:\/\/jornaldasoficinas.com\/pt\/ix-gala-top100-e-ja-dia-13\/"},"wordCount":247,"publisher":{"@id":"https:\/\/jornaldasoficinas.com\/pt\/#organization"},"image":{"@id":"https:\/\/jornaldasoficinas.com\/pt\/ix-gala-top100-e-ja-dia-13\/#primaryimage"},"thumbnailUrl":"https:\/\/jornaldasoficinas.com\/pt\/wp-content\/uploads\/2023\/09\/IXGalatop100.jpg","keywords":["Autel","Corteco","Diesel Technic","Gala TOP100","Lizarte","LuzDeAirbag","MANN-FILTER","MCoutinho Pe\u00e7as","MEWA","Philips","Pro4Matic","Repsol","Romafe","RPL Quality","Sampa Automotive","TAB Batteries","Tirso Pneus","Trustauto","UFI Filters"],"articleSection":["Mercado"],"inLanguage":"pt-PT"},{"@type":"WebPage","@id":"https:\/\/jornaldasoficinas.com\/pt\/ix-gala-top100-e-ja-dia-13\/","url":"https:\/\/jornaldasoficinas.com\/pt\/ix-gala-top100-e-ja-dia-13\/","name":"IX Gala TOP100 \u00e9 j\u00e1 dia 13! - Jornal das Oficinas","isPartOf":{"@id":"https:\/\/jornaldasoficinas.com\/pt\/#website"},"primaryImageOfPage":{"@id":"https:\/\/jornaldasoficinas.com\/pt\/ix-gala-top100-e-ja-dia-13\/#primaryimage"},"image":{"@id":"https:\/\/jornaldasoficinas.com\/pt\/ix-gala-top100-e-ja-dia-13\/#primaryimage"},"thumbnailUrl":"https:\/\/jornaldasoficinas.com\/pt\/wp-content\/uploads\/2023\/09\/IXGalatop100.jpg","datePublished":"2023-10-08T20:00:55+00:00","dateModified":"2023-10-24T13:50:54+00:00","description":"Fabricantes, Distribuidores e Oficinas j\u00e1 conhecem bem a Gala TOP100 e sabem que no pr\u00f3ximo dia 13 de outubro, todos os caminhos do Aftermarket v\u00e3o dar \u00e0 Quinta de S\u00e3o Luiz em Coimbra.","breadcrumb":{"@id":"https:\/\/jornaldasoficinas.com\/pt\/ix-gala-top100-e-ja-dia-13\/#breadcrumb"},"inLanguage":"pt-PT","potentialAction":[{"@type":"ReadAction","target":["https:\/\/jornaldasoficinas.com\/pt\/ix-gala-top100-e-ja-dia-13\/"]}]},{"@type":"ImageObject","inLanguage":"pt-PT","@id":"https:\/\/jornaldasoficinas.com\/pt\/ix-gala-top100-e-ja-dia-13\/#primaryimage","url":"https:\/\/jornaldasoficinas.com\/pt\/wp-content\/uploads\/2023\/09\/IXGalatop100.jpg","contentUrl":"https:\/\/jornaldasoficinas.com\/pt\/wp-content\/uploads\/2023\/09\/IXGalatop100.jpg","width":1024,"height":581,"caption":"09 - IXGalatop100"},{"@type":"BreadcrumbList","@id":"https:\/\/jornaldasoficinas.com\/pt\/ix-gala-top100-e-ja-dia-13\/#breadcrumb","itemListElement":[{"@type":"ListItem","position":1,"name":"In\u00edcio","item":"https:\/\/jornaldasoficinas.com\/pt\/"},{"@type":"ListItem","position":2,"name":"IX Gala TOP100 \u00e9 j\u00e1 dia 13!"}]},{"@type":"WebSite","@id":"https:\/\/jornaldasoficinas.com\/pt\/#website","url":"https:\/\/jornaldasoficinas.com\/pt\/","name":"Jornal das Oficinas","description":"Jornal independente do Aftermarket Autom\u00f3vel em Portugal","publisher":{"@id":"https:\/\/jornaldasoficinas.com\/pt\/#organization"},"potentialAction":[{"@type":"SearchAction","target":{"@type":"EntryPoint","urlTemplate":"https:\/\/jornaldasoficinas.com\/pt\/?s={search_term_string}"},"query-input":{"@type":"PropertyValueSpecification","valueRequired":true,"valueName":"search_term_string"}}],"inLanguage":"pt-PT"},{"@type":"Organization","@id":"https:\/\/jornaldasoficinas.com\/pt\/#organization","name":"Jornal das Oficinas","url":"https:\/\/jornaldasoficinas.com\/pt\/","logo":{"@type":"ImageObject","inLanguage":"pt-PT","@id":"https:\/\/jornaldasoficinas.com\/pt\/#\/schema\/logo\/image\/","url":"https:\/\/jornaldasoficinas.com\/pt\/wp-content\/uploads\/logoJO-SEO.png","contentUrl":"https:\/\/jornaldasoficinas.com\/pt\/wp-content\/uploads\/logoJO-SEO.png","width":285,"height":450,"caption":"Jornal das Oficinas"},"image":{"@id":"https:\/\/jornaldasoficinas.com\/pt\/#\/schema\/logo\/image\/"},"sameAs":["https:\/\/www.facebook.com\/jornaloficinas","https:\/\/x.com\/jornaloficinas","https:\/\/www.instagram.com\/jornal_oficinas\/","https:\/\/www.linkedin.com\/company\/jornal-das-oficinas\/","https:\/\/www.youtube.com\/channel\/UCbQZBqtcvV-oSQrr7RzINGg"]},{"@type":"Person","@id":"https:\/\/jornaldasoficinas.com\/pt\/#\/schema\/person\/a38eef5de2c41d9e7c9ac10141afddf3","name":"Reda\u00e7\u00e3o JO","image":{"@type":"ImageObject","inLanguage":"pt-PT","@id":"https:\/\/secure.gravatar.com\/avatar\/71f2fa71737ad68a84fea94bc708ddac8ea5b0c4788dc2ad202f3ccb2887742f?s=96&d=wp_user_avatar&r=g","url":"https:\/\/secure.gravatar.com\/avatar\/71f2fa71737ad68a84fea94bc708ddac8ea5b0c4788dc2ad202f3ccb2887742f?s=96&d=wp_user_avatar&r=g","contentUrl":"https:\/\/secure.gravatar.com\/avatar\/71f2fa71737ad68a84fea94bc708ddac8ea5b0c4788dc2ad202f3ccb2887742f?s=96&d=wp_user_avatar&r=g","caption":"Reda\u00e7\u00e3o JO"},"url":"https:\/\/jornaldasoficinas.com\/pt\/author\/joredacao\/"}]}},"_links":{"self":[{"href":"https:\/\/jornaldasoficinas.com\/pt\/wp-json\/wp\/v2\/posts\/72899","targetHints":{"allow":["GET"]}}],"collection":[{"href":"https:\/\/jornaldasoficinas.com\/pt\/wp-json\/wp\/v2\/posts"}],"about":[{"href":"https:\/\/jornaldasoficinas.com\/pt\/wp-json\/wp\/v2\/types\/post"}],"author":[{"embeddable":true,"href":"https:\/\/jornaldasoficinas.com\/pt\/wp-json\/wp\/v2\/users\/15"}],"replies":[{"embeddable":true,"href":"https:\/\/jornaldasoficinas.com\/pt\/wp-json\/wp\/v2\/comments?post=72899"}],"version-history":[{"count":0,"href":"https:\/\/jornaldasoficinas.com\/pt\/wp-json\/wp\/v2\/posts\/72899\/revisions"}],"wp:featuredmedia":[{"embeddable":true,"href":"https:\/\/jornaldasoficinas.com\/pt\/wp-json\/wp\/v2\/media\/72897"}],"wp:attachment":[{"href":"https:\/\/jornaldasoficinas.com\/pt\/wp-json\/wp\/v2\/media?parent=72899"}],"wp:term":[{"taxonomy":"category","embeddable":true,"href":"https:\/\/jornaldasoficinas.com\/pt\/wp-json\/wp\/v2\/categories?post=72899"},{"taxonomy":"post_tag","embeddable":true,"href":"https:\/\/jornaldasoficinas.com\/pt\/wp-json\/wp\/v2\/tags?post=72899"}],"curies":[{"name":"wp","href":"https:\/\/api.w.org\/{rel}","templated":true}]}}