{"id":72915,"date":"2023-10-07T18:00:43","date_gmt":"2023-10-07T17:00:43","guid":{"rendered":"https:\/\/jornaldasoficinas.com\/pt\/?p=72915"},"modified":"2023-10-06T18:42:32","modified_gmt":"2023-10-06T17:42:32","slug":"baterias-de-ioes-de-litio","status":"publish","type":"post","link":"https:\/\/jornaldasoficinas.com\/pt\/baterias-de-ioes-de-litio\/","title":{"rendered":"Baterias de i\u00f5es de l\u00edtio"},"content":{"rendered":"<p><img loading=\"lazy\" decoding=\"async\" class=\"alignnone size-full wp-image-72895\" src=\"https:\/\/jornaldasoficinas.com\/pt\/wp-content\/uploads\/2023\/09\/baterias_litio.jpeg\" alt=\"09 - baterias_litio\" width=\"1024\" height=\"581\" srcset=\"https:\/\/jornaldasoficinas.com\/pt\/wp-content\/uploads\/2023\/09\/baterias_litio.jpeg 1024w, https:\/\/jornaldasoficinas.com\/pt\/wp-content\/uploads\/2023\/09\/baterias_litio-300x170.jpeg 300w, https:\/\/jornaldasoficinas.com\/pt\/wp-content\/uploads\/2023\/09\/baterias_litio-150x85.jpeg 150w, https:\/\/jornaldasoficinas.com\/pt\/wp-content\/uploads\/2023\/09\/baterias_litio-768x436.jpeg 768w\" sizes=\"auto, (max-width: 1024px) 100vw, 1024px\" \/><\/p>\n<p><strong>Cada vez mais ve\u00edculos el\u00e9tricos cont\u00eam baterias de i\u00f5es de l\u00edtio, valorizadas pela sua excelente longevidade e efici\u00eancia no armazenamento de energia. Embora as baterias de i\u00f5es de l\u00edtio sejam fi\u00e1veis e o risco de combust\u00e3o seja relativamente baixo, \u00e9 importante ter conhecimento dos conselhos de seguran\u00e7a ao manuse\u00e1-las, armazen\u00e1-las ou elimin\u00e1-las<\/strong><\/p>\n<p>Comercializadas desde a d\u00e9cada de 1990 pela Sony, as baterias de i\u00f5es de l\u00edtio permitem converter a energia qu\u00edmica em energia el\u00e9trica. Armazenam a energia el\u00e9trica, para que possa ser carregada ou descarregada. As baterias de i\u00f5es de l\u00edtio s\u00e3o constitu\u00eddas por uma ou v\u00e1rias c\u00e9lulas (compartimentos de energia). Estas c\u00e9lulas est\u00e3o protegidas por um inv\u00f3lucro que pode variar de forma e tamanho. Cada uma \u00e9 composta essencialmente por um el\u00e9trodo positivo (c\u00e1todo), um el\u00e9trodo negativo (\u00e2nodo), um eletr\u00f3lito (l\u00edquido condutor de i\u00f5es que cont\u00e9m um dissolvente e um sal condutor) e um separador (barreira f\u00edsica entre o \u00e2nodo e o c\u00e1todo).<\/p>\n<p>O principal composto qu\u00edmico do c\u00e1todo \u00e9 um l\u00edtio metal, como o di\u00f3xido de l\u00edtio e cobalto (LiCoO2). O \u00e2nodo \u00e9 composto essencialmente por carbonato de l\u00edtio, como a grafite. A rea\u00e7\u00e3o de oxida\u00e7\u00e3o no \u00e2nodo cria eletr\u00f5es e a rea\u00e7\u00e3o de redu\u00e7\u00e3o no c\u00e1todo absorve-os. Quando a bateria \u00e9 carregada, os i\u00f5es de l\u00edtio Li+ armazenados no el\u00e9trodo positivo (c\u00e1todo) s\u00e3o transportados pelo eletr\u00f3lito para o el\u00e9trodo negativo (\u00e2nodo), enquanto os eletr\u00f5es se deslocam do \u00e2nodo para o c\u00e1todo. Quando a bateria \u00e9 descarregada e produz uma corrente el\u00e9trica (a energia sob a forma de eletricidade \u00e9 retirada da c\u00e9lula da bateria), os i\u00f5es de l\u00edtio Li+ realizam o movimento contr\u00e1rio. Esta corrente el\u00e9trica \u00e9 convertida num motor ou dispositivo eletr\u00f3nico.<\/p>\n<p><strong>Existe algum risco ao utilizar baterias de i\u00f5es de l\u00edtio?<\/strong><br \/>\nA gest\u00e3o t\u00e9rmica das baterias de i\u00f5es de l\u00edtio desempenha um papel importante na vida \u00fatil, no desempenho e no risco de seguran\u00e7a das mesmas. A temperatura ideal de funcionamento de uma bateria de i\u00f5es de l\u00edtio \u00e9 entre 20 e 40 \u00b0C. A maioria das baterias de i\u00f5es de l\u00edtio incluem um sistema de gest\u00e3o da bateria (BMS) para interromper o funcionamento da mesma para al\u00e9m de um limiar de temperatura (normalmente 60 \u00b0C).<\/p>\n<p>Se a temperatura da bateria exceder este limite, ocorre a decomposi\u00e7\u00e3o do revestimento do \u00e2nodo. Acima dos 70 \u00b0C, o eletr\u00f3lito come\u00e7a a evaporar e a aumentar a press\u00e3o na c\u00e9lula, o que pode provocar uma falha mec\u00e2nica no interior da bateria. O calor aumenta a velocidade da rea\u00e7\u00e3o, o que aumenta ainda mais a sua temperatura. Como resultado de uma sucess\u00e3o de rea\u00e7\u00f5es qu\u00edmicas exot\u00e9rmicas dentro de cada c\u00e9lula, pode desencadear-se uma satura\u00e7\u00e3o t\u00e9rmica, o que leva a um efeito domin\u00f3 at\u00e9 que todas as c\u00e9lulas da bateria se degradam. Uma sobrecarga, um curto-circuito ou a presen\u00e7a de calor externo podem provocar esta satura\u00e7\u00e3o t\u00e9rmica. O aumento descontrolado da temperatura e da press\u00e3o no interior da bateria provoca a degrada\u00e7\u00e3o do eletr\u00f3lito, que pode originar fugas (l\u00edquidas ou gasosas), inflamar-se e explodir.<\/p>\n<p>O eletr\u00f3lito \u00e9 constitu\u00eddo por um dissolvente, principalmente carbonatos org\u00e2nicos, e um sal condutor como o hexafluorofosfato de l\u00edtio (LiPF6). Os carbonatos org\u00e2nicos na forma l\u00edquida ou gasosa t\u00eam um elevado risco de inflamabilidade, ao passo que o hexafluorofosfato de l\u00edtio \u00e9 prejudicial caso seja ingerido e provoca graves danos na pele e nos olhos caso seja tocado. Tamb\u00e9m pode causar danos nos \u00f3rg\u00e3os se o contacto for prolongado ou repetido. Se o eletr\u00f3lito gerar fugas e reagir com a humidade ou \u00e1gua, ou caso se inflame, pode ocorrer a cria\u00e7\u00e3o de \u00e1cido fluor\u00eddrico (HF) na forma l\u00edquida ou gasosa. A concentra\u00e7\u00e3o do mesmo depender\u00e1 da temperatura da combust\u00e3o e da quantidade de eletr\u00f3lito inflamado.<\/p>\n<p>O \u00e1cido fluor\u00eddrico representa um perigo duplo para o corpo humano. \u00c9 corrosivo devido aos i\u00f5es H+ do \u00e1cido, que destroem as camadas superficiais do corpo humano, e altamente t\u00f3xico devido aos i\u00f5es fluoreto F-, que penetram profundamente no corpo e provocam necrose celular. A quela\u00e7\u00e3o dos i\u00f5es fluoreto sobre o c\u00e1lcio e o magn\u00e9sio provoca hipocalcemia e hipomagnesemia, assim como a destrui\u00e7\u00e3o dos tecidos subjacentes. O esgotamento destes elementos conduz a um excesso de pot\u00e1ssio e provoca um desequil\u00edbrio biol\u00f3gico que pode manifestar-se como arritmias card\u00edacas.<\/p>\n<p>Quanto maior for a concentra\u00e7\u00e3o de HF, mais cedo a v\u00edtima sentir\u00e1 as consequ\u00eancias da exposi\u00e7\u00e3o. Por exemplo, quando a concentra\u00e7\u00e3o de \u00e1cido fluor\u00eddrico \u00e9 inferior a 20%, a dor surge apenas 24 horas ap\u00f3s o contacto com o tecido. A gravidade e as consequ\u00eancias da exposi\u00e7\u00e3o depender\u00e3o da quantidade e da concentra\u00e7\u00e3o de HF, e da superf\u00edcie afetada. O contacto com o HF pode provocar efeitos sist\u00e9micos graves (at\u00e9 uma paragem card\u00edaca, etc.), queimaduras graves na pele, nos olhos ou no aparelho digestivo, assim como irrita\u00e7\u00e3o das vias respirat\u00f3rias em caso de inala\u00e7\u00e3o at\u00e9 um edema pulmonar. Al\u00e9m do \u00e1cido fluor\u00eddrico, tamb\u00e9m s\u00e3o criados e libertados outros gases t\u00f3xicos (\u00f3xidos de carbono) durante a combust\u00e3o do eletr\u00f3lito.<\/p>\n<p><strong>O que fazer e como se proteger quando uma bateria de i\u00f5es de l\u00edtio falha?<\/strong><br \/>\nCaso ocorra uma falha da bateria de i\u00f5es de l\u00edtio na qual se verifique liberta\u00e7\u00e3o de gases, \u00e9 muito importante que se afaste da bateria para evitar gases nocivos, chamas e uma poss\u00edvel explos\u00e3o. Em caso de contacto dos olhos ou da pele com o \u00e1cido fluor\u00eddrico (g\u00e1s ou l\u00edquido), \u00e9 essencial iniciar a descontamina\u00e7\u00e3o logo que poss\u00edvel, seja com \u00e1gua (idealmente nos 10 segundos seguintes \u00e0 pulveriza\u00e7\u00e3o), seguindo-se a aplica\u00e7\u00e3o de gluconato de c\u00e1lcio, ou com a solu\u00e7\u00e3o Hexafluorine. A \u00e1gua \u00e9 uma solu\u00e7\u00e3o passiva e hipot\u00f3nica que elimina a subst\u00e2ncia qu\u00edmica da superf\u00edcie do tecido biol\u00f3gico.<\/p>\n<p>Ap\u00f3s a lavagem com \u00e1gua, a aplica\u00e7\u00e3o de gluconato de c\u00e1lcio limita a a\u00e7\u00e3o dos i\u00f5es de fl\u00faor. A solu\u00e7\u00e3o Hexafluorine \u00e9 uma solu\u00e7\u00e3o ativa e hipert\u00f3nica. Tal como a \u00e1gua, a solu\u00e7\u00e3o Hexafluorine permite a elimina\u00e7\u00e3o do HF da superf\u00edcie do tecido e, ao contr\u00e1rio da \u00e1gua, permite a remo\u00e7\u00e3o do HF do tecido. A mol\u00e9cula Hexafluorine interrompe a a\u00e7\u00e3o qu\u00edmica dos i\u00f5es de hidrog\u00e9nio e fl\u00faor. A solu\u00e7\u00e3o Hexafluorine permite a remo\u00e7\u00e3o imediata do \u00e1cido fluor\u00eddrico que penetrou no tecido, e permite uma maior capacidade de resposta a um produto potencialmente letal. Para que um protocolo de descontamina\u00e7\u00e3o seja eficaz, \u00e9 necess\u00e1rio despir a roupa e tirar os acess\u00f3rios. Em todos os casos, \u00e9 imprescind\u00edvel o aconselhamento m\u00e9dico. Tenha cuidado porque, embora o inc\u00eandio da bateria de i\u00f5es de l\u00edtio se extinga, \u00e9 comum que o fogo volte a reacender-se algumas horas ou dias ap\u00f3s o incidente inicial, devido \u00e0 satura\u00e7\u00e3o t\u00e9rmica que pode ocorrer de novo.<\/p>\n<p><strong><em>Colabora\u00e7\u00e3o Centro ZARAGOZA<\/em><\/strong><\/p>\n","protected":false},"excerpt":{"rendered":"<p>Cada vez mais ve\u00edculos el\u00e9tricos cont\u00eam&#8230;<\/p>\n","protected":false},"author":15,"featured_media":72895,"comment_status":"closed","ping_status":"closed","sticky":false,"template":"","format":"standard","meta":{"footnotes":""},"categories":[37],"tags":[5342,209],"class_list":["post-72915","post","type-post","status-publish","format-standard","has-post-thumbnail","hentry","category-mercado","tag-baterias-de-ioes-de-litio","tag-centro-zaragoza"],"yoast_head":"<!-- This site is optimized with the Yoast SEO plugin v27.4 - https:\/\/yoast.com\/product\/yoast-seo-wordpress\/ -->\n<title>Baterias de i\u00f5es de l\u00edtio - Jornal das Oficinas<\/title>\n<meta name=\"description\" content=\"Cada vez mais ve\u00edculos el\u00e9tricos cont\u00eam baterias de i\u00f5es de l\u00edtio, valorizadas pela sua excelente longevidade e efici\u00eancia no armazenamento de energia\" \/>\n<meta name=\"robots\" content=\"index, follow, max-snippet:-1, max-image-preview:large, max-video-preview:-1\" \/>\n<link rel=\"canonical\" href=\"https:\/\/jornaldasoficinas.com\/pt\/baterias-de-ioes-de-litio\/\" \/>\n<meta property=\"og:locale\" content=\"pt_PT\" \/>\n<meta property=\"og:type\" content=\"article\" \/>\n<meta property=\"og:title\" content=\"Baterias de i\u00f5es de l\u00edtio - Jornal das Oficinas\" \/>\n<meta property=\"og:description\" content=\"Cada vez mais ve\u00edculos el\u00e9tricos cont\u00eam baterias de i\u00f5es de l\u00edtio, valorizadas pela sua excelente longevidade e efici\u00eancia no armazenamento de energia\" \/>\n<meta property=\"og:url\" content=\"https:\/\/jornaldasoficinas.com\/pt\/baterias-de-ioes-de-litio\/\" \/>\n<meta property=\"og:site_name\" content=\"Jornal das Oficinas\" \/>\n<meta property=\"article:publisher\" content=\"https:\/\/www.facebook.com\/jornaloficinas\" \/>\n<meta property=\"article:published_time\" content=\"2023-10-07T17:00:43+00:00\" \/>\n<meta property=\"og:image\" content=\"https:\/\/jornaldasoficinas.com\/pt\/wp-content\/uploads\/2023\/09\/baterias_litio.jpeg\" \/>\n\t<meta property=\"og:image:width\" content=\"1024\" \/>\n\t<meta property=\"og:image:height\" content=\"581\" \/>\n\t<meta property=\"og:image:type\" content=\"image\/jpeg\" \/>\n<meta name=\"author\" content=\"Reda\u00e7\u00e3o JO\" \/>\n<meta name=\"twitter:card\" content=\"summary_large_image\" \/>\n<meta name=\"twitter:creator\" content=\"@jornaloficinas\" \/>\n<meta name=\"twitter:site\" content=\"@jornaloficinas\" \/>\n<meta name=\"twitter:label1\" content=\"Escrito por\" \/>\n\t<meta name=\"twitter:data1\" content=\"Reda\u00e7\u00e3o JO\" \/>\n\t<meta name=\"twitter:label2\" content=\"Tempo estimado de leitura\" \/>\n\t<meta name=\"twitter:data2\" content=\"7 minutos\" \/>\n<script type=\"application\/ld+json\" class=\"yoast-schema-graph\">{\"@context\":\"https:\\\/\\\/schema.org\",\"@graph\":[{\"@type\":\"Article\",\"@id\":\"https:\\\/\\\/jornaldasoficinas.com\\\/pt\\\/baterias-de-ioes-de-litio\\\/#article\",\"isPartOf\":{\"@id\":\"https:\\\/\\\/jornaldasoficinas.com\\\/pt\\\/baterias-de-ioes-de-litio\\\/\"},\"author\":{\"name\":\"Reda\u00e7\u00e3o JO\",\"@id\":\"https:\\\/\\\/jornaldasoficinas.com\\\/pt\\\/#\\\/schema\\\/person\\\/a38eef5de2c41d9e7c9ac10141afddf3\"},\"headline\":\"Baterias de i\u00f5es de l\u00edtio\",\"datePublished\":\"2023-10-07T17:00:43+00:00\",\"mainEntityOfPage\":{\"@id\":\"https:\\\/\\\/jornaldasoficinas.com\\\/pt\\\/baterias-de-ioes-de-litio\\\/\"},\"wordCount\":1278,\"publisher\":{\"@id\":\"https:\\\/\\\/jornaldasoficinas.com\\\/pt\\\/#organization\"},\"image\":{\"@id\":\"https:\\\/\\\/jornaldasoficinas.com\\\/pt\\\/baterias-de-ioes-de-litio\\\/#primaryimage\"},\"thumbnailUrl\":\"https:\\\/\\\/jornaldasoficinas.com\\\/pt\\\/wp-content\\\/uploads\\\/2023\\\/09\\\/baterias_litio.jpeg\",\"keywords\":[\"baterias de i\u00f5es de l\u00edtio\",\"Centro Zaragoza\"],\"articleSection\":[\"Mercado\"],\"inLanguage\":\"pt-PT\"},{\"@type\":\"WebPage\",\"@id\":\"https:\\\/\\\/jornaldasoficinas.com\\\/pt\\\/baterias-de-ioes-de-litio\\\/\",\"url\":\"https:\\\/\\\/jornaldasoficinas.com\\\/pt\\\/baterias-de-ioes-de-litio\\\/\",\"name\":\"Baterias de i\u00f5es de l\u00edtio - Jornal das Oficinas\",\"isPartOf\":{\"@id\":\"https:\\\/\\\/jornaldasoficinas.com\\\/pt\\\/#website\"},\"primaryImageOfPage\":{\"@id\":\"https:\\\/\\\/jornaldasoficinas.com\\\/pt\\\/baterias-de-ioes-de-litio\\\/#primaryimage\"},\"image\":{\"@id\":\"https:\\\/\\\/jornaldasoficinas.com\\\/pt\\\/baterias-de-ioes-de-litio\\\/#primaryimage\"},\"thumbnailUrl\":\"https:\\\/\\\/jornaldasoficinas.com\\\/pt\\\/wp-content\\\/uploads\\\/2023\\\/09\\\/baterias_litio.jpeg\",\"datePublished\":\"2023-10-07T17:00:43+00:00\",\"description\":\"Cada vez mais ve\u00edculos el\u00e9tricos cont\u00eam baterias de i\u00f5es de l\u00edtio, valorizadas pela sua excelente longevidade e efici\u00eancia no armazenamento de energia\",\"breadcrumb\":{\"@id\":\"https:\\\/\\\/jornaldasoficinas.com\\\/pt\\\/baterias-de-ioes-de-litio\\\/#breadcrumb\"},\"inLanguage\":\"pt-PT\",\"potentialAction\":[{\"@type\":\"ReadAction\",\"target\":[\"https:\\\/\\\/jornaldasoficinas.com\\\/pt\\\/baterias-de-ioes-de-litio\\\/\"]}]},{\"@type\":\"ImageObject\",\"inLanguage\":\"pt-PT\",\"@id\":\"https:\\\/\\\/jornaldasoficinas.com\\\/pt\\\/baterias-de-ioes-de-litio\\\/#primaryimage\",\"url\":\"https:\\\/\\\/jornaldasoficinas.com\\\/pt\\\/wp-content\\\/uploads\\\/2023\\\/09\\\/baterias_litio.jpeg\",\"contentUrl\":\"https:\\\/\\\/jornaldasoficinas.com\\\/pt\\\/wp-content\\\/uploads\\\/2023\\\/09\\\/baterias_litio.jpeg\",\"width\":1024,\"height\":581,\"caption\":\"09 - baterias_litio\"},{\"@type\":\"BreadcrumbList\",\"@id\":\"https:\\\/\\\/jornaldasoficinas.com\\\/pt\\\/baterias-de-ioes-de-litio\\\/#breadcrumb\",\"itemListElement\":[{\"@type\":\"ListItem\",\"position\":1,\"name\":\"In\u00edcio\",\"item\":\"https:\\\/\\\/jornaldasoficinas.com\\\/pt\\\/\"},{\"@type\":\"ListItem\",\"position\":2,\"name\":\"Baterias de i\u00f5es de l\u00edtio\"}]},{\"@type\":\"WebSite\",\"@id\":\"https:\\\/\\\/jornaldasoficinas.com\\\/pt\\\/#website\",\"url\":\"https:\\\/\\\/jornaldasoficinas.com\\\/pt\\\/\",\"name\":\"Jornal das Oficinas\",\"description\":\"Jornal independente do Aftermarket Autom\u00f3vel em Portugal\",\"publisher\":{\"@id\":\"https:\\\/\\\/jornaldasoficinas.com\\\/pt\\\/#organization\"},\"potentialAction\":[{\"@type\":\"SearchAction\",\"target\":{\"@type\":\"EntryPoint\",\"urlTemplate\":\"https:\\\/\\\/jornaldasoficinas.com\\\/pt\\\/?s={search_term_string}\"},\"query-input\":{\"@type\":\"PropertyValueSpecification\",\"valueRequired\":true,\"valueName\":\"search_term_string\"}}],\"inLanguage\":\"pt-PT\"},{\"@type\":\"Organization\",\"@id\":\"https:\\\/\\\/jornaldasoficinas.com\\\/pt\\\/#organization\",\"name\":\"Jornal das Oficinas\",\"url\":\"https:\\\/\\\/jornaldasoficinas.com\\\/pt\\\/\",\"logo\":{\"@type\":\"ImageObject\",\"inLanguage\":\"pt-PT\",\"@id\":\"https:\\\/\\\/jornaldasoficinas.com\\\/pt\\\/#\\\/schema\\\/logo\\\/image\\\/\",\"url\":\"https:\\\/\\\/jornaldasoficinas.com\\\/pt\\\/wp-content\\\/uploads\\\/logoJO-SEO.png\",\"contentUrl\":\"https:\\\/\\\/jornaldasoficinas.com\\\/pt\\\/wp-content\\\/uploads\\\/logoJO-SEO.png\",\"width\":285,\"height\":450,\"caption\":\"Jornal das Oficinas\"},\"image\":{\"@id\":\"https:\\\/\\\/jornaldasoficinas.com\\\/pt\\\/#\\\/schema\\\/logo\\\/image\\\/\"},\"sameAs\":[\"https:\\\/\\\/www.facebook.com\\\/jornaloficinas\",\"https:\\\/\\\/x.com\\\/jornaloficinas\",\"https:\\\/\\\/www.instagram.com\\\/jornal_oficinas\\\/\",\"https:\\\/\\\/www.linkedin.com\\\/company\\\/jornal-das-oficinas\\\/\",\"https:\\\/\\\/www.youtube.com\\\/channel\\\/UCbQZBqtcvV-oSQrr7RzINGg\"]},{\"@type\":\"Person\",\"@id\":\"https:\\\/\\\/jornaldasoficinas.com\\\/pt\\\/#\\\/schema\\\/person\\\/a38eef5de2c41d9e7c9ac10141afddf3\",\"name\":\"Reda\u00e7\u00e3o JO\",\"image\":{\"@type\":\"ImageObject\",\"inLanguage\":\"pt-PT\",\"@id\":\"https:\\\/\\\/secure.gravatar.com\\\/avatar\\\/71f2fa71737ad68a84fea94bc708ddac8ea5b0c4788dc2ad202f3ccb2887742f?s=96&d=wp_user_avatar&r=g\",\"url\":\"https:\\\/\\\/secure.gravatar.com\\\/avatar\\\/71f2fa71737ad68a84fea94bc708ddac8ea5b0c4788dc2ad202f3ccb2887742f?s=96&d=wp_user_avatar&r=g\",\"contentUrl\":\"https:\\\/\\\/secure.gravatar.com\\\/avatar\\\/71f2fa71737ad68a84fea94bc708ddac8ea5b0c4788dc2ad202f3ccb2887742f?s=96&d=wp_user_avatar&r=g\",\"caption\":\"Reda\u00e7\u00e3o JO\"},\"url\":\"https:\\\/\\\/jornaldasoficinas.com\\\/pt\\\/author\\\/joredacao\\\/\"}]}<\/script>\n<!-- \/ Yoast SEO plugin. -->","yoast_head_json":{"title":"Baterias de i\u00f5es de l\u00edtio - Jornal das Oficinas","description":"Cada vez mais ve\u00edculos el\u00e9tricos cont\u00eam baterias de i\u00f5es de l\u00edtio, valorizadas pela sua excelente longevidade e efici\u00eancia no armazenamento de energia","robots":{"index":"index","follow":"follow","max-snippet":"max-snippet:-1","max-image-preview":"max-image-preview:large","max-video-preview":"max-video-preview:-1"},"canonical":"https:\/\/jornaldasoficinas.com\/pt\/baterias-de-ioes-de-litio\/","og_locale":"pt_PT","og_type":"article","og_title":"Baterias de i\u00f5es de l\u00edtio - Jornal das Oficinas","og_description":"Cada vez mais ve\u00edculos el\u00e9tricos cont\u00eam baterias de i\u00f5es de l\u00edtio, valorizadas pela sua excelente longevidade e efici\u00eancia no armazenamento de energia","og_url":"https:\/\/jornaldasoficinas.com\/pt\/baterias-de-ioes-de-litio\/","og_site_name":"Jornal das Oficinas","article_publisher":"https:\/\/www.facebook.com\/jornaloficinas","article_published_time":"2023-10-07T17:00:43+00:00","og_image":[{"width":1024,"height":581,"url":"https:\/\/jornaldasoficinas.com\/pt\/wp-content\/uploads\/2023\/09\/baterias_litio.jpeg","type":"image\/jpeg"}],"author":"Reda\u00e7\u00e3o JO","twitter_card":"summary_large_image","twitter_creator":"@jornaloficinas","twitter_site":"@jornaloficinas","twitter_misc":{"Escrito por":"Reda\u00e7\u00e3o JO","Tempo estimado de leitura":"7 minutos"},"schema":{"@context":"https:\/\/schema.org","@graph":[{"@type":"Article","@id":"https:\/\/jornaldasoficinas.com\/pt\/baterias-de-ioes-de-litio\/#article","isPartOf":{"@id":"https:\/\/jornaldasoficinas.com\/pt\/baterias-de-ioes-de-litio\/"},"author":{"name":"Reda\u00e7\u00e3o JO","@id":"https:\/\/jornaldasoficinas.com\/pt\/#\/schema\/person\/a38eef5de2c41d9e7c9ac10141afddf3"},"headline":"Baterias de i\u00f5es de l\u00edtio","datePublished":"2023-10-07T17:00:43+00:00","mainEntityOfPage":{"@id":"https:\/\/jornaldasoficinas.com\/pt\/baterias-de-ioes-de-litio\/"},"wordCount":1278,"publisher":{"@id":"https:\/\/jornaldasoficinas.com\/pt\/#organization"},"image":{"@id":"https:\/\/jornaldasoficinas.com\/pt\/baterias-de-ioes-de-litio\/#primaryimage"},"thumbnailUrl":"https:\/\/jornaldasoficinas.com\/pt\/wp-content\/uploads\/2023\/09\/baterias_litio.jpeg","keywords":["baterias de i\u00f5es de l\u00edtio","Centro Zaragoza"],"articleSection":["Mercado"],"inLanguage":"pt-PT"},{"@type":"WebPage","@id":"https:\/\/jornaldasoficinas.com\/pt\/baterias-de-ioes-de-litio\/","url":"https:\/\/jornaldasoficinas.com\/pt\/baterias-de-ioes-de-litio\/","name":"Baterias de i\u00f5es de l\u00edtio - Jornal das Oficinas","isPartOf":{"@id":"https:\/\/jornaldasoficinas.com\/pt\/#website"},"primaryImageOfPage":{"@id":"https:\/\/jornaldasoficinas.com\/pt\/baterias-de-ioes-de-litio\/#primaryimage"},"image":{"@id":"https:\/\/jornaldasoficinas.com\/pt\/baterias-de-ioes-de-litio\/#primaryimage"},"thumbnailUrl":"https:\/\/jornaldasoficinas.com\/pt\/wp-content\/uploads\/2023\/09\/baterias_litio.jpeg","datePublished":"2023-10-07T17:00:43+00:00","description":"Cada vez mais ve\u00edculos el\u00e9tricos cont\u00eam baterias de i\u00f5es de l\u00edtio, valorizadas pela sua excelente longevidade e efici\u00eancia no armazenamento de energia","breadcrumb":{"@id":"https:\/\/jornaldasoficinas.com\/pt\/baterias-de-ioes-de-litio\/#breadcrumb"},"inLanguage":"pt-PT","potentialAction":[{"@type":"ReadAction","target":["https:\/\/jornaldasoficinas.com\/pt\/baterias-de-ioes-de-litio\/"]}]},{"@type":"ImageObject","inLanguage":"pt-PT","@id":"https:\/\/jornaldasoficinas.com\/pt\/baterias-de-ioes-de-litio\/#primaryimage","url":"https:\/\/jornaldasoficinas.com\/pt\/wp-content\/uploads\/2023\/09\/baterias_litio.jpeg","contentUrl":"https:\/\/jornaldasoficinas.com\/pt\/wp-content\/uploads\/2023\/09\/baterias_litio.jpeg","width":1024,"height":581,"caption":"09 - baterias_litio"},{"@type":"BreadcrumbList","@id":"https:\/\/jornaldasoficinas.com\/pt\/baterias-de-ioes-de-litio\/#breadcrumb","itemListElement":[{"@type":"ListItem","position":1,"name":"In\u00edcio","item":"https:\/\/jornaldasoficinas.com\/pt\/"},{"@type":"ListItem","position":2,"name":"Baterias de i\u00f5es de l\u00edtio"}]},{"@type":"WebSite","@id":"https:\/\/jornaldasoficinas.com\/pt\/#website","url":"https:\/\/jornaldasoficinas.com\/pt\/","name":"Jornal das Oficinas","description":"Jornal independente do Aftermarket Autom\u00f3vel em Portugal","publisher":{"@id":"https:\/\/jornaldasoficinas.com\/pt\/#organization"},"potentialAction":[{"@type":"SearchAction","target":{"@type":"EntryPoint","urlTemplate":"https:\/\/jornaldasoficinas.com\/pt\/?s={search_term_string}"},"query-input":{"@type":"PropertyValueSpecification","valueRequired":true,"valueName":"search_term_string"}}],"inLanguage":"pt-PT"},{"@type":"Organization","@id":"https:\/\/jornaldasoficinas.com\/pt\/#organization","name":"Jornal das Oficinas","url":"https:\/\/jornaldasoficinas.com\/pt\/","logo":{"@type":"ImageObject","inLanguage":"pt-PT","@id":"https:\/\/jornaldasoficinas.com\/pt\/#\/schema\/logo\/image\/","url":"https:\/\/jornaldasoficinas.com\/pt\/wp-content\/uploads\/logoJO-SEO.png","contentUrl":"https:\/\/jornaldasoficinas.com\/pt\/wp-content\/uploads\/logoJO-SEO.png","width":285,"height":450,"caption":"Jornal das Oficinas"},"image":{"@id":"https:\/\/jornaldasoficinas.com\/pt\/#\/schema\/logo\/image\/"},"sameAs":["https:\/\/www.facebook.com\/jornaloficinas","https:\/\/x.com\/jornaloficinas","https:\/\/www.instagram.com\/jornal_oficinas\/","https:\/\/www.linkedin.com\/company\/jornal-das-oficinas\/","https:\/\/www.youtube.com\/channel\/UCbQZBqtcvV-oSQrr7RzINGg"]},{"@type":"Person","@id":"https:\/\/jornaldasoficinas.com\/pt\/#\/schema\/person\/a38eef5de2c41d9e7c9ac10141afddf3","name":"Reda\u00e7\u00e3o JO","image":{"@type":"ImageObject","inLanguage":"pt-PT","@id":"https:\/\/secure.gravatar.com\/avatar\/71f2fa71737ad68a84fea94bc708ddac8ea5b0c4788dc2ad202f3ccb2887742f?s=96&d=wp_user_avatar&r=g","url":"https:\/\/secure.gravatar.com\/avatar\/71f2fa71737ad68a84fea94bc708ddac8ea5b0c4788dc2ad202f3ccb2887742f?s=96&d=wp_user_avatar&r=g","contentUrl":"https:\/\/secure.gravatar.com\/avatar\/71f2fa71737ad68a84fea94bc708ddac8ea5b0c4788dc2ad202f3ccb2887742f?s=96&d=wp_user_avatar&r=g","caption":"Reda\u00e7\u00e3o JO"},"url":"https:\/\/jornaldasoficinas.com\/pt\/author\/joredacao\/"}]}},"_links":{"self":[{"href":"https:\/\/jornaldasoficinas.com\/pt\/wp-json\/wp\/v2\/posts\/72915","targetHints":{"allow":["GET"]}}],"collection":[{"href":"https:\/\/jornaldasoficinas.com\/pt\/wp-json\/wp\/v2\/posts"}],"about":[{"href":"https:\/\/jornaldasoficinas.com\/pt\/wp-json\/wp\/v2\/types\/post"}],"author":[{"embeddable":true,"href":"https:\/\/jornaldasoficinas.com\/pt\/wp-json\/wp\/v2\/users\/15"}],"replies":[{"embeddable":true,"href":"https:\/\/jornaldasoficinas.com\/pt\/wp-json\/wp\/v2\/comments?post=72915"}],"version-history":[{"count":0,"href":"https:\/\/jornaldasoficinas.com\/pt\/wp-json\/wp\/v2\/posts\/72915\/revisions"}],"wp:featuredmedia":[{"embeddable":true,"href":"https:\/\/jornaldasoficinas.com\/pt\/wp-json\/wp\/v2\/media\/72895"}],"wp:attachment":[{"href":"https:\/\/jornaldasoficinas.com\/pt\/wp-json\/wp\/v2\/media?parent=72915"}],"wp:term":[{"taxonomy":"category","embeddable":true,"href":"https:\/\/jornaldasoficinas.com\/pt\/wp-json\/wp\/v2\/categories?post=72915"},{"taxonomy":"post_tag","embeddable":true,"href":"https:\/\/jornaldasoficinas.com\/pt\/wp-json\/wp\/v2\/tags?post=72915"}],"curies":[{"name":"wp","href":"https:\/\/api.w.org\/{rel}","templated":true}]}}