{"id":72930,"date":"2023-10-09T10:00:07","date_gmt":"2023-10-09T09:00:07","guid":{"rendered":"https:\/\/jornaldasoficinas.com\/pt\/?p=72930"},"modified":"2023-10-08T11:06:53","modified_gmt":"2023-10-08T10:06:53","slug":"34a-convencao-anual-anecra-realiza-se-27-outubro","status":"publish","type":"post","link":"https:\/\/jornaldasoficinas.com\/pt\/34a-convencao-anual-anecra-realiza-se-27-outubro\/","title":{"rendered":"34\u00aa Conven\u00e7\u00e3o Anual ANECRA realiza-se 27 outubro"},"content":{"rendered":"<p><img loading=\"lazy\" decoding=\"async\" class=\"alignnone size-full wp-image-72931\" src=\"https:\/\/jornaldasoficinas.com\/pt\/wp-content\/uploads\/2023\/09\/34a-Convencao-Anual-ANECRA.png\" alt=\"09 - 34a Convencao Anual ANECRA\" width=\"1024\" height=\"581\" srcset=\"https:\/\/jornaldasoficinas.com\/pt\/wp-content\/uploads\/2023\/09\/34a-Convencao-Anual-ANECRA.png 1024w, https:\/\/jornaldasoficinas.com\/pt\/wp-content\/uploads\/2023\/09\/34a-Convencao-Anual-ANECRA-300x170.png 300w, https:\/\/jornaldasoficinas.com\/pt\/wp-content\/uploads\/2023\/09\/34a-Convencao-Anual-ANECRA-150x85.png 150w, https:\/\/jornaldasoficinas.com\/pt\/wp-content\/uploads\/2023\/09\/34a-Convencao-Anual-ANECRA-768x436.png 768w\" sizes=\"auto, (max-width: 1024px) 100vw, 1024px\" \/><\/p>\n<p><strong>A 34\u00aa Conven\u00e7\u00e3o Anual <a href=\"https:\/\/www.anecra.pt\/\" target=\"_blank\" rel=\"noopener\">ANECRA<\/a> realiza-se a 27 de outubro no <a href=\"https:\/\/ccl.lisbonvenues.pt\/\" target=\"_blank\" rel=\"noopener\">Centro de Congressos de Lisboa<\/a>, na Junqueira, tendo como tema principal a sustentabilidade. A organiza\u00e7\u00e3o da Conven\u00e7\u00e3o pretende ao longo deste dia, debater o Caminho que escolhemos seguir, e se o mesmo nos est\u00e1 a levar a um Sector mais Sustent\u00e1vel, do ponto de vista Ambiental, Social e Economico.<\/strong><\/p>\n<p>Estamos todos a assistir e a participar ativamente naquela que ser\u00e1 seguramente a maior e mais profunda transforma\u00e7\u00e3o do Sector autom\u00f3vel nos \u00faltimos 100 anos.<\/p>\n<p>Vivemos atualmente, e em simult\u00e2neo um conjunto de processos fortemente disruptivos que muito dificilmente algu\u00e9m, ainda que mais informado poder\u00e1 antecipar o seu futuro mais imediato.<\/p>\n<p>Entre os muitos Processos em curso a ANECRA escolheu aquele que mais tem impactado e condicionado o futuro de toda a ind\u00fastria autom\u00f3vel:\u00a0As Metas Ambientais e a Transi\u00e7\u00e3o Energ\u00e9tica enquanto Ferramenta para atingirmos uma desej\u00e1vel Sustentabilidade do Setor.<\/p>\n<p>A organiza\u00e7\u00e3o da Conven\u00e7\u00e3o pretende ao longo deste dia, debater o Caminho que escolhemos seguir, e se o mesmo nos est\u00e1 a levar a um Sector mais Sustent\u00e1vel, do ponto de vista Ambiental, Social e Economico. Foi nesse sentido que escolheu para tema de Fundo desta 34\u00aa Conven\u00e7\u00e3o \u201cSECTOR AUTOM\u00d3VEL \u2013 NO CAMINHO DA SUSTENTABILIDADE\u201d.<\/p>\n<p>\u00c0 semelhan\u00e7a de anos anteriores, haver\u00e1 uma particular preocupa\u00e7\u00e3o em fazer uma abordagem transversal \u00e0s tem\u00e1ticas de maior relev\u00e2ncia para os seus associados e para todos os operadores do Sector de forma absolutamente transversal \u00e0 diferentes \u00e1reas de atividade:<\/p>\n<ul>\n<li>Como ultrapassar o desafio da escassez de m\u00e3o de obra?<\/li>\n<li>Quais s\u00e3o os atuais Desafios imediatos do Ap\u00f3s Venda?<\/li>\n<li>Os Novos Conceitos de Mobilidade, a Transi\u00e7\u00e3o El\u00e9trica ou mesmo o Fen\u00f3meno da Intelig\u00eancia Artificial s\u00e3o j\u00e1 uma realidade. Que Desafios podem esperar os Operadores do Sector?<\/li>\n<li>Com\u00e9rcio de Ve\u00edculos Usados \u2013 Produto, Digitaliza\u00e7\u00e3o, Garantias, Viaturas Eletrificadas, Novos Operadores.<\/li>\n<li>Com\u00e9rcio Autom\u00f3vel \u2013 Os Novos Modelos de Distribui\u00e7\u00e3o, Os Ve\u00edculos El\u00e9tricos e as Metas Ambientais, os Novos Conceitos de Mobilidade.<\/li>\n<li>Estamos efetivamente a caminhar no sentido de um Futuro do Sector Sustent\u00e1vel, Social, Economico e Ambientalmente?<\/li>\n<\/ul>\n<p>Consulte o programa <a href=\"https:\/\/www.convencaoanecra.pt\/Programa.html\" target=\"_blank\" rel=\"noopener\">aqui<\/a>.<\/p>\n<p>Inscreva-se <a href=\"https:\/\/www.convencaoanecra.pt\/Inscricao.aspx\" target=\"_blank\" rel=\"noopener\">aqui<\/a>.<\/p>\n","protected":false},"excerpt":{"rendered":"<p>A 34\u00aa Conven\u00e7\u00e3o Anual ANECRA realiza-se&#8230;<\/p>\n","protected":false},"author":15,"featured_media":72931,"comment_status":"closed","ping_status":"closed","sticky":false,"template":"","format":"standard","meta":{"footnotes":""},"categories":[37],"tags":[6348,6347,137,6349],"class_list":["post-72930","post","type-post","status-publish","format-standard","has-post-thumbnail","hentry","category-mercado","tag-27-de-outubro","tag-34a-convencao-anual-anecra","tag-anecra","tag-centro-de-congressos-de-lisboa"],"yoast_head":"<!-- This site is optimized with the Yoast SEO plugin v27.4 - https:\/\/yoast.com\/product\/yoast-seo-wordpress\/ -->\n<title>34\u00aa Conven\u00e7\u00e3o Anual ANECRA realiza-se 27 outubro - Jornal das Oficinas<\/title>\n<meta name=\"description\" content=\"A 34\u00aa Conven\u00e7\u00e3o Anual ANECRA realiza-se a 27 de outubro no Centro de Congressos de Lisboa, na Junqueira, Pra\u00e7a das Industrias\" \/>\n<meta name=\"robots\" content=\"index, follow, max-snippet:-1, max-image-preview:large, max-video-preview:-1\" \/>\n<link rel=\"canonical\" href=\"https:\/\/jornaldasoficinas.com\/pt\/34a-convencao-anual-anecra-realiza-se-27-outubro\/\" \/>\n<meta property=\"og:locale\" content=\"pt_PT\" \/>\n<meta property=\"og:type\" content=\"article\" \/>\n<meta property=\"og:title\" content=\"34\u00aa Conven\u00e7\u00e3o Anual ANECRA realiza-se 27 outubro - Jornal das Oficinas\" \/>\n<meta property=\"og:description\" content=\"A 34\u00aa Conven\u00e7\u00e3o Anual ANECRA realiza-se a 27 de outubro no Centro de Congressos de Lisboa, na Junqueira, Pra\u00e7a das Industrias\" \/>\n<meta property=\"og:url\" content=\"https:\/\/jornaldasoficinas.com\/pt\/34a-convencao-anual-anecra-realiza-se-27-outubro\/\" \/>\n<meta property=\"og:site_name\" content=\"Jornal das Oficinas\" \/>\n<meta property=\"article:publisher\" content=\"https:\/\/www.facebook.com\/jornaloficinas\" \/>\n<meta property=\"article:published_time\" content=\"2023-10-09T09:00:07+00:00\" \/>\n<meta property=\"og:image\" content=\"https:\/\/jornaldasoficinas.com\/pt\/wp-content\/uploads\/2023\/09\/34a-Convencao-Anual-ANECRA.png\" \/>\n\t<meta property=\"og:image:width\" content=\"1024\" \/>\n\t<meta property=\"og:image:height\" content=\"581\" \/>\n\t<meta property=\"og:image:type\" content=\"image\/png\" \/>\n<meta name=\"author\" content=\"Reda\u00e7\u00e3o JO\" \/>\n<meta name=\"twitter:card\" content=\"summary_large_image\" \/>\n<meta name=\"twitter:creator\" content=\"@jornaloficinas\" \/>\n<meta name=\"twitter:site\" content=\"@jornaloficinas\" \/>\n<meta name=\"twitter:label1\" content=\"Escrito por\" \/>\n\t<meta name=\"twitter:data1\" content=\"Reda\u00e7\u00e3o JO\" \/>\n\t<meta name=\"twitter:label2\" content=\"Tempo estimado de leitura\" \/>\n\t<meta name=\"twitter:data2\" content=\"3 minutos\" \/>\n<script type=\"application\/ld+json\" class=\"yoast-schema-graph\">{\"@context\":\"https:\\\/\\\/schema.org\",\"@graph\":[{\"@type\":\"Article\",\"@id\":\"https:\\\/\\\/jornaldasoficinas.com\\\/pt\\\/34a-convencao-anual-anecra-realiza-se-27-outubro\\\/#article\",\"isPartOf\":{\"@id\":\"https:\\\/\\\/jornaldasoficinas.com\\\/pt\\\/34a-convencao-anual-anecra-realiza-se-27-outubro\\\/\"},\"author\":{\"name\":\"Reda\u00e7\u00e3o JO\",\"@id\":\"https:\\\/\\\/jornaldasoficinas.com\\\/pt\\\/#\\\/schema\\\/person\\\/a38eef5de2c41d9e7c9ac10141afddf3\"},\"headline\":\"34\u00aa Conven\u00e7\u00e3o Anual ANECRA realiza-se 27 outubro\",\"datePublished\":\"2023-10-09T09:00:07+00:00\",\"mainEntityOfPage\":{\"@id\":\"https:\\\/\\\/jornaldasoficinas.com\\\/pt\\\/34a-convencao-anual-anecra-realiza-se-27-outubro\\\/\"},\"wordCount\":380,\"publisher\":{\"@id\":\"https:\\\/\\\/jornaldasoficinas.com\\\/pt\\\/#organization\"},\"image\":{\"@id\":\"https:\\\/\\\/jornaldasoficinas.com\\\/pt\\\/34a-convencao-anual-anecra-realiza-se-27-outubro\\\/#primaryimage\"},\"thumbnailUrl\":\"https:\\\/\\\/jornaldasoficinas.com\\\/pt\\\/wp-content\\\/uploads\\\/2023\\\/09\\\/34a-Convencao-Anual-ANECRA.png\",\"keywords\":[\"27 de outubro\",\"34\u00aa Conven\u00e7\u00e3o Anual ANECRA\",\"ANECRA\",\"Centro de Congressos de Lisboa\"],\"articleSection\":[\"Mercado\"],\"inLanguage\":\"pt-PT\"},{\"@type\":\"WebPage\",\"@id\":\"https:\\\/\\\/jornaldasoficinas.com\\\/pt\\\/34a-convencao-anual-anecra-realiza-se-27-outubro\\\/\",\"url\":\"https:\\\/\\\/jornaldasoficinas.com\\\/pt\\\/34a-convencao-anual-anecra-realiza-se-27-outubro\\\/\",\"name\":\"34\u00aa Conven\u00e7\u00e3o Anual ANECRA realiza-se 27 outubro - Jornal das Oficinas\",\"isPartOf\":{\"@id\":\"https:\\\/\\\/jornaldasoficinas.com\\\/pt\\\/#website\"},\"primaryImageOfPage\":{\"@id\":\"https:\\\/\\\/jornaldasoficinas.com\\\/pt\\\/34a-convencao-anual-anecra-realiza-se-27-outubro\\\/#primaryimage\"},\"image\":{\"@id\":\"https:\\\/\\\/jornaldasoficinas.com\\\/pt\\\/34a-convencao-anual-anecra-realiza-se-27-outubro\\\/#primaryimage\"},\"thumbnailUrl\":\"https:\\\/\\\/jornaldasoficinas.com\\\/pt\\\/wp-content\\\/uploads\\\/2023\\\/09\\\/34a-Convencao-Anual-ANECRA.png\",\"datePublished\":\"2023-10-09T09:00:07+00:00\",\"description\":\"A 34\u00aa Conven\u00e7\u00e3o Anual ANECRA realiza-se a 27 de outubro no Centro de Congressos de Lisboa, na Junqueira, Pra\u00e7a das Industrias\",\"breadcrumb\":{\"@id\":\"https:\\\/\\\/jornaldasoficinas.com\\\/pt\\\/34a-convencao-anual-anecra-realiza-se-27-outubro\\\/#breadcrumb\"},\"inLanguage\":\"pt-PT\",\"potentialAction\":[{\"@type\":\"ReadAction\",\"target\":[\"https:\\\/\\\/jornaldasoficinas.com\\\/pt\\\/34a-convencao-anual-anecra-realiza-se-27-outubro\\\/\"]}]},{\"@type\":\"ImageObject\",\"inLanguage\":\"pt-PT\",\"@id\":\"https:\\\/\\\/jornaldasoficinas.com\\\/pt\\\/34a-convencao-anual-anecra-realiza-se-27-outubro\\\/#primaryimage\",\"url\":\"https:\\\/\\\/jornaldasoficinas.com\\\/pt\\\/wp-content\\\/uploads\\\/2023\\\/09\\\/34a-Convencao-Anual-ANECRA.png\",\"contentUrl\":\"https:\\\/\\\/jornaldasoficinas.com\\\/pt\\\/wp-content\\\/uploads\\\/2023\\\/09\\\/34a-Convencao-Anual-ANECRA.png\",\"width\":1024,\"height\":581,\"caption\":\"09 - 34a Convencao Anual ANECRA\"},{\"@type\":\"BreadcrumbList\",\"@id\":\"https:\\\/\\\/jornaldasoficinas.com\\\/pt\\\/34a-convencao-anual-anecra-realiza-se-27-outubro\\\/#breadcrumb\",\"itemListElement\":[{\"@type\":\"ListItem\",\"position\":1,\"name\":\"In\u00edcio\",\"item\":\"https:\\\/\\\/jornaldasoficinas.com\\\/pt\\\/\"},{\"@type\":\"ListItem\",\"position\":2,\"name\":\"34\u00aa Conven\u00e7\u00e3o Anual ANECRA realiza-se 27 outubro\"}]},{\"@type\":\"WebSite\",\"@id\":\"https:\\\/\\\/jornaldasoficinas.com\\\/pt\\\/#website\",\"url\":\"https:\\\/\\\/jornaldasoficinas.com\\\/pt\\\/\",\"name\":\"Jornal das Oficinas\",\"description\":\"Jornal independente do Aftermarket Autom\u00f3vel em Portugal\",\"publisher\":{\"@id\":\"https:\\\/\\\/jornaldasoficinas.com\\\/pt\\\/#organization\"},\"potentialAction\":[{\"@type\":\"SearchAction\",\"target\":{\"@type\":\"EntryPoint\",\"urlTemplate\":\"https:\\\/\\\/jornaldasoficinas.com\\\/pt\\\/?s={search_term_string}\"},\"query-input\":{\"@type\":\"PropertyValueSpecification\",\"valueRequired\":true,\"valueName\":\"search_term_string\"}}],\"inLanguage\":\"pt-PT\"},{\"@type\":\"Organization\",\"@id\":\"https:\\\/\\\/jornaldasoficinas.com\\\/pt\\\/#organization\",\"name\":\"Jornal das Oficinas\",\"url\":\"https:\\\/\\\/jornaldasoficinas.com\\\/pt\\\/\",\"logo\":{\"@type\":\"ImageObject\",\"inLanguage\":\"pt-PT\",\"@id\":\"https:\\\/\\\/jornaldasoficinas.com\\\/pt\\\/#\\\/schema\\\/logo\\\/image\\\/\",\"url\":\"https:\\\/\\\/jornaldasoficinas.com\\\/pt\\\/wp-content\\\/uploads\\\/logoJO-SEO.png\",\"contentUrl\":\"https:\\\/\\\/jornaldasoficinas.com\\\/pt\\\/wp-content\\\/uploads\\\/logoJO-SEO.png\",\"width\":285,\"height\":450,\"caption\":\"Jornal das Oficinas\"},\"image\":{\"@id\":\"https:\\\/\\\/jornaldasoficinas.com\\\/pt\\\/#\\\/schema\\\/logo\\\/image\\\/\"},\"sameAs\":[\"https:\\\/\\\/www.facebook.com\\\/jornaloficinas\",\"https:\\\/\\\/x.com\\\/jornaloficinas\",\"https:\\\/\\\/www.instagram.com\\\/jornal_oficinas\\\/\",\"https:\\\/\\\/www.linkedin.com\\\/company\\\/jornal-das-oficinas\\\/\",\"https:\\\/\\\/www.youtube.com\\\/channel\\\/UCbQZBqtcvV-oSQrr7RzINGg\"]},{\"@type\":\"Person\",\"@id\":\"https:\\\/\\\/jornaldasoficinas.com\\\/pt\\\/#\\\/schema\\\/person\\\/a38eef5de2c41d9e7c9ac10141afddf3\",\"name\":\"Reda\u00e7\u00e3o JO\",\"image\":{\"@type\":\"ImageObject\",\"inLanguage\":\"pt-PT\",\"@id\":\"https:\\\/\\\/secure.gravatar.com\\\/avatar\\\/71f2fa71737ad68a84fea94bc708ddac8ea5b0c4788dc2ad202f3ccb2887742f?s=96&d=wp_user_avatar&r=g\",\"url\":\"https:\\\/\\\/secure.gravatar.com\\\/avatar\\\/71f2fa71737ad68a84fea94bc708ddac8ea5b0c4788dc2ad202f3ccb2887742f?s=96&d=wp_user_avatar&r=g\",\"contentUrl\":\"https:\\\/\\\/secure.gravatar.com\\\/avatar\\\/71f2fa71737ad68a84fea94bc708ddac8ea5b0c4788dc2ad202f3ccb2887742f?s=96&d=wp_user_avatar&r=g\",\"caption\":\"Reda\u00e7\u00e3o JO\"},\"url\":\"https:\\\/\\\/jornaldasoficinas.com\\\/pt\\\/author\\\/joredacao\\\/\"}]}<\/script>\n<!-- \/ Yoast SEO plugin. -->","yoast_head_json":{"title":"34\u00aa Conven\u00e7\u00e3o Anual ANECRA realiza-se 27 outubro - Jornal das Oficinas","description":"A 34\u00aa Conven\u00e7\u00e3o Anual ANECRA realiza-se a 27 de outubro no Centro de Congressos de Lisboa, na Junqueira, Pra\u00e7a das Industrias","robots":{"index":"index","follow":"follow","max-snippet":"max-snippet:-1","max-image-preview":"max-image-preview:large","max-video-preview":"max-video-preview:-1"},"canonical":"https:\/\/jornaldasoficinas.com\/pt\/34a-convencao-anual-anecra-realiza-se-27-outubro\/","og_locale":"pt_PT","og_type":"article","og_title":"34\u00aa Conven\u00e7\u00e3o Anual ANECRA realiza-se 27 outubro - Jornal das Oficinas","og_description":"A 34\u00aa Conven\u00e7\u00e3o Anual ANECRA realiza-se a 27 de outubro no Centro de Congressos de Lisboa, na Junqueira, Pra\u00e7a das Industrias","og_url":"https:\/\/jornaldasoficinas.com\/pt\/34a-convencao-anual-anecra-realiza-se-27-outubro\/","og_site_name":"Jornal das Oficinas","article_publisher":"https:\/\/www.facebook.com\/jornaloficinas","article_published_time":"2023-10-09T09:00:07+00:00","og_image":[{"width":1024,"height":581,"url":"https:\/\/jornaldasoficinas.com\/pt\/wp-content\/uploads\/2023\/09\/34a-Convencao-Anual-ANECRA.png","type":"image\/png"}],"author":"Reda\u00e7\u00e3o JO","twitter_card":"summary_large_image","twitter_creator":"@jornaloficinas","twitter_site":"@jornaloficinas","twitter_misc":{"Escrito por":"Reda\u00e7\u00e3o JO","Tempo estimado de leitura":"3 minutos"},"schema":{"@context":"https:\/\/schema.org","@graph":[{"@type":"Article","@id":"https:\/\/jornaldasoficinas.com\/pt\/34a-convencao-anual-anecra-realiza-se-27-outubro\/#article","isPartOf":{"@id":"https:\/\/jornaldasoficinas.com\/pt\/34a-convencao-anual-anecra-realiza-se-27-outubro\/"},"author":{"name":"Reda\u00e7\u00e3o JO","@id":"https:\/\/jornaldasoficinas.com\/pt\/#\/schema\/person\/a38eef5de2c41d9e7c9ac10141afddf3"},"headline":"34\u00aa Conven\u00e7\u00e3o Anual ANECRA realiza-se 27 outubro","datePublished":"2023-10-09T09:00:07+00:00","mainEntityOfPage":{"@id":"https:\/\/jornaldasoficinas.com\/pt\/34a-convencao-anual-anecra-realiza-se-27-outubro\/"},"wordCount":380,"publisher":{"@id":"https:\/\/jornaldasoficinas.com\/pt\/#organization"},"image":{"@id":"https:\/\/jornaldasoficinas.com\/pt\/34a-convencao-anual-anecra-realiza-se-27-outubro\/#primaryimage"},"thumbnailUrl":"https:\/\/jornaldasoficinas.com\/pt\/wp-content\/uploads\/2023\/09\/34a-Convencao-Anual-ANECRA.png","keywords":["27 de outubro","34\u00aa Conven\u00e7\u00e3o Anual ANECRA","ANECRA","Centro de Congressos de Lisboa"],"articleSection":["Mercado"],"inLanguage":"pt-PT"},{"@type":"WebPage","@id":"https:\/\/jornaldasoficinas.com\/pt\/34a-convencao-anual-anecra-realiza-se-27-outubro\/","url":"https:\/\/jornaldasoficinas.com\/pt\/34a-convencao-anual-anecra-realiza-se-27-outubro\/","name":"34\u00aa Conven\u00e7\u00e3o Anual ANECRA realiza-se 27 outubro - Jornal das Oficinas","isPartOf":{"@id":"https:\/\/jornaldasoficinas.com\/pt\/#website"},"primaryImageOfPage":{"@id":"https:\/\/jornaldasoficinas.com\/pt\/34a-convencao-anual-anecra-realiza-se-27-outubro\/#primaryimage"},"image":{"@id":"https:\/\/jornaldasoficinas.com\/pt\/34a-convencao-anual-anecra-realiza-se-27-outubro\/#primaryimage"},"thumbnailUrl":"https:\/\/jornaldasoficinas.com\/pt\/wp-content\/uploads\/2023\/09\/34a-Convencao-Anual-ANECRA.png","datePublished":"2023-10-09T09:00:07+00:00","description":"A 34\u00aa Conven\u00e7\u00e3o Anual ANECRA realiza-se a 27 de outubro no Centro de Congressos de Lisboa, na Junqueira, Pra\u00e7a das Industrias","breadcrumb":{"@id":"https:\/\/jornaldasoficinas.com\/pt\/34a-convencao-anual-anecra-realiza-se-27-outubro\/#breadcrumb"},"inLanguage":"pt-PT","potentialAction":[{"@type":"ReadAction","target":["https:\/\/jornaldasoficinas.com\/pt\/34a-convencao-anual-anecra-realiza-se-27-outubro\/"]}]},{"@type":"ImageObject","inLanguage":"pt-PT","@id":"https:\/\/jornaldasoficinas.com\/pt\/34a-convencao-anual-anecra-realiza-se-27-outubro\/#primaryimage","url":"https:\/\/jornaldasoficinas.com\/pt\/wp-content\/uploads\/2023\/09\/34a-Convencao-Anual-ANECRA.png","contentUrl":"https:\/\/jornaldasoficinas.com\/pt\/wp-content\/uploads\/2023\/09\/34a-Convencao-Anual-ANECRA.png","width":1024,"height":581,"caption":"09 - 34a Convencao Anual ANECRA"},{"@type":"BreadcrumbList","@id":"https:\/\/jornaldasoficinas.com\/pt\/34a-convencao-anual-anecra-realiza-se-27-outubro\/#breadcrumb","itemListElement":[{"@type":"ListItem","position":1,"name":"In\u00edcio","item":"https:\/\/jornaldasoficinas.com\/pt\/"},{"@type":"ListItem","position":2,"name":"34\u00aa Conven\u00e7\u00e3o Anual ANECRA realiza-se 27 outubro"}]},{"@type":"WebSite","@id":"https:\/\/jornaldasoficinas.com\/pt\/#website","url":"https:\/\/jornaldasoficinas.com\/pt\/","name":"Jornal das Oficinas","description":"Jornal independente do Aftermarket Autom\u00f3vel em Portugal","publisher":{"@id":"https:\/\/jornaldasoficinas.com\/pt\/#organization"},"potentialAction":[{"@type":"SearchAction","target":{"@type":"EntryPoint","urlTemplate":"https:\/\/jornaldasoficinas.com\/pt\/?s={search_term_string}"},"query-input":{"@type":"PropertyValueSpecification","valueRequired":true,"valueName":"search_term_string"}}],"inLanguage":"pt-PT"},{"@type":"Organization","@id":"https:\/\/jornaldasoficinas.com\/pt\/#organization","name":"Jornal das Oficinas","url":"https:\/\/jornaldasoficinas.com\/pt\/","logo":{"@type":"ImageObject","inLanguage":"pt-PT","@id":"https:\/\/jornaldasoficinas.com\/pt\/#\/schema\/logo\/image\/","url":"https:\/\/jornaldasoficinas.com\/pt\/wp-content\/uploads\/logoJO-SEO.png","contentUrl":"https:\/\/jornaldasoficinas.com\/pt\/wp-content\/uploads\/logoJO-SEO.png","width":285,"height":450,"caption":"Jornal das Oficinas"},"image":{"@id":"https:\/\/jornaldasoficinas.com\/pt\/#\/schema\/logo\/image\/"},"sameAs":["https:\/\/www.facebook.com\/jornaloficinas","https:\/\/x.com\/jornaloficinas","https:\/\/www.instagram.com\/jornal_oficinas\/","https:\/\/www.linkedin.com\/company\/jornal-das-oficinas\/","https:\/\/www.youtube.com\/channel\/UCbQZBqtcvV-oSQrr7RzINGg"]},{"@type":"Person","@id":"https:\/\/jornaldasoficinas.com\/pt\/#\/schema\/person\/a38eef5de2c41d9e7c9ac10141afddf3","name":"Reda\u00e7\u00e3o JO","image":{"@type":"ImageObject","inLanguage":"pt-PT","@id":"https:\/\/secure.gravatar.com\/avatar\/71f2fa71737ad68a84fea94bc708ddac8ea5b0c4788dc2ad202f3ccb2887742f?s=96&d=wp_user_avatar&r=g","url":"https:\/\/secure.gravatar.com\/avatar\/71f2fa71737ad68a84fea94bc708ddac8ea5b0c4788dc2ad202f3ccb2887742f?s=96&d=wp_user_avatar&r=g","contentUrl":"https:\/\/secure.gravatar.com\/avatar\/71f2fa71737ad68a84fea94bc708ddac8ea5b0c4788dc2ad202f3ccb2887742f?s=96&d=wp_user_avatar&r=g","caption":"Reda\u00e7\u00e3o JO"},"url":"https:\/\/jornaldasoficinas.com\/pt\/author\/joredacao\/"}]}},"_links":{"self":[{"href":"https:\/\/jornaldasoficinas.com\/pt\/wp-json\/wp\/v2\/posts\/72930","targetHints":{"allow":["GET"]}}],"collection":[{"href":"https:\/\/jornaldasoficinas.com\/pt\/wp-json\/wp\/v2\/posts"}],"about":[{"href":"https:\/\/jornaldasoficinas.com\/pt\/wp-json\/wp\/v2\/types\/post"}],"author":[{"embeddable":true,"href":"https:\/\/jornaldasoficinas.com\/pt\/wp-json\/wp\/v2\/users\/15"}],"replies":[{"embeddable":true,"href":"https:\/\/jornaldasoficinas.com\/pt\/wp-json\/wp\/v2\/comments?post=72930"}],"version-history":[{"count":0,"href":"https:\/\/jornaldasoficinas.com\/pt\/wp-json\/wp\/v2\/posts\/72930\/revisions"}],"wp:featuredmedia":[{"embeddable":true,"href":"https:\/\/jornaldasoficinas.com\/pt\/wp-json\/wp\/v2\/media\/72931"}],"wp:attachment":[{"href":"https:\/\/jornaldasoficinas.com\/pt\/wp-json\/wp\/v2\/media?parent=72930"}],"wp:term":[{"taxonomy":"category","embeddable":true,"href":"https:\/\/jornaldasoficinas.com\/pt\/wp-json\/wp\/v2\/categories?post=72930"},{"taxonomy":"post_tag","embeddable":true,"href":"https:\/\/jornaldasoficinas.com\/pt\/wp-json\/wp\/v2\/tags?post=72930"}],"curies":[{"name":"wp","href":"https:\/\/api.w.org\/{rel}","templated":true}]}}