{"id":73019,"date":"2023-10-10T14:00:25","date_gmt":"2023-10-10T13:00:25","guid":{"rendered":"https:\/\/jornaldasoficinas.com\/pt\/?p=73019"},"modified":"2023-10-09T16:52:56","modified_gmt":"2023-10-09T15:52:56","slug":"dacia-vendeu-8-milhoes-de-carros-nos-ultimos-19-anos","status":"publish","type":"post","link":"https:\/\/jornaldasoficinas.com\/pt\/dacia-vendeu-8-milhoes-de-carros-nos-ultimos-19-anos\/","title":{"rendered":"DACIA vendeu 8 milh\u00f5es de carros nos \u00faltimos 19 anos"},"content":{"rendered":"<p><strong><img loading=\"lazy\" decoding=\"async\" class=\"alignnone size-full wp-image-72956\" src=\"https:\/\/jornaldasoficinas.com\/pt\/wp-content\/uploads\/2023\/09\/DACIA-vendeu-8-milhoes-de-carros-nos-ultimos-19-anos.png\" alt=\"09 - DACIA vendeu 8 milhoes de carros nos ultimos 19 anos\" width=\"1024\" height=\"581\" srcset=\"https:\/\/jornaldasoficinas.com\/pt\/wp-content\/uploads\/2023\/09\/DACIA-vendeu-8-milhoes-de-carros-nos-ultimos-19-anos.png 1024w, https:\/\/jornaldasoficinas.com\/pt\/wp-content\/uploads\/2023\/09\/DACIA-vendeu-8-milhoes-de-carros-nos-ultimos-19-anos-300x170.png 300w, https:\/\/jornaldasoficinas.com\/pt\/wp-content\/uploads\/2023\/09\/DACIA-vendeu-8-milhoes-de-carros-nos-ultimos-19-anos-150x85.png 150w, https:\/\/jornaldasoficinas.com\/pt\/wp-content\/uploads\/2023\/09\/DACIA-vendeu-8-milhoes-de-carros-nos-ultimos-19-anos-768x436.png 768w\" sizes=\"auto, (max-width: 1024px) 100vw, 1024px\" \/><\/strong><\/p>\n<p><strong>Desde 2004, a <a href=\"https:\/\/www.dacia.pt\/\" target=\"_blank\" rel=\"noopener\">DACIA<\/a>, vendeu 8 milh\u00f5es de autom\u00f3veis em 44 pa\u00edses do mundo. Tendo passado de um fabricante nacional romeno, antes de 2004, a um grande nome da ind\u00fastria autom\u00f3vel conhecido em toda a Europa, a marca sofreu uma metamorfose radical para se tornar uma hist\u00f3ria de sucesso absoluto<\/strong><\/p>\n<p>O fabricante romeno que viria a tornar-se a Dacia foi fundado, em 1968. Inicialmente era conhecido como UAP, que significa Uzina de Autoturisme Pitesti, ou f\u00e1brica de autom\u00f3veis de Pitesti, em refer\u00eancia \u00e0 cidade no rio Arges, no centro da Rom\u00e9nia, onde a f\u00e1brica estava sediada. A sede da empresa ainda hoje se situa nesta cidade.<\/p>\n<p>O primeiro log\u00f3tipo Dacia est\u00e1 repleto de refer\u00eancias locais e nacionais. A montanha ao fundo presta homenagem \u00e0 Rom\u00e9nia e aos C\u00e1rpatos, em particular. No centro, a \u00e1guia prov\u00e9m do bras\u00e3o de armas do condado de Arges, na regi\u00e3o da Muntenia, onde se encontra a sede da UAP.<\/p>\n<p>O atual nome Dacia apareceu, pela primeira vez, em 1980, num log\u00f3tipo a preto e branco. \u00c9 diretamente inspirado em &#8220;Dacii&#8221;, o nome Romano para a Rom\u00e9nia.<\/p>\n<p>O Grupo Renault adquiriu o construtor romeno em 1999. Em 2003, o azul foi acrescentado ao log\u00f3tipo, que manteve a forma de um escudo. Apresentado na grelha frontal do Dacia Logan (comercializado pela primeira vez em 2004), foi o primeiro log\u00f3tipo da marca a tornar-se reconhec\u00edvel fora da Rom\u00e9nia e em toda a Europa.<\/p>\n<p>A marca inaugurou um novo log\u00f3tipo, para assinalar o lan\u00e7amento do Sandero, em 2008. O fundo azul deu lugar a um cinzento-claro, enquanto uma parte da forma do escudo foi cortada ao meio.<\/p>\n<p>Em 2021, foi desenvolvido um novo emblema denominado &#8220;Dacia Link&#8221; para simbolizar a confian\u00e7a entre a Dacia e os seus clientes. \u00c9 composto por um D e um C interligados ao meio. O log\u00f3tipo de texto inclui as cinco letras do nome da marca apresentadas num tipo de letra minimalista para refletir a personalidade da marca \u2013 robusta e elementar.<\/p>\n<p><strong>Autom\u00f3veis vendidos em 44 pa\u00edses<br \/>\n<\/strong>O primeiro Dacia Logan, lan\u00e7ado em 2004, devia, inicialmente, ser reservado ao mercado romeno e depois alargado aos mercados da Europa de Leste. No entanto, devido \u00e0s fortes vendas, o modelo foi disponibilizado em muitos pa\u00edses do resto do continente. Esta foi a primeira pedra no caminho para o sucesso da marca.<\/p>\n<p>Desde ent\u00e3o, os modelos Dacia s\u00e3o comercializados em 44 pa\u00edses em todo o Mediterr\u00e2neo.<br \/>\nEmbora a sua terra natal, a Rom\u00e9nia, figure entre os 5 principais pa\u00edses da marca, a Fran\u00e7a representa o seu principal mercado em termos de vendas, seguida de It\u00e1lia.<\/p>\n<p>A marca est\u00e1 a crescer cada vez mais. Pelo segundo ano consecutivo, a Dacia \u00e9 a marca l\u00edder de vendas a particulares, na Europa. Lidera igualmente o mercado em Portugal e na B\u00e9lgica, e \u00e9 terceira em Fran\u00e7a. Este desempenho refor\u00e7a o posicionamento da marca e reflete a qualidade dos seus autom\u00f3veis.<\/p>\n<p><strong>Uma marca procurada pelos clientes particulares<br \/>\n<\/strong>Atualmente, a gama Dacia est\u00e1 estruturada em torno de quatro pilares, cada um claramente definido e com um design atraente. Com uma rela\u00e7\u00e3o qualidade-pre\u00e7o imbat\u00edvel, a gama conquistou muitos f\u00e3s. A notoriedade da marca est\u00e1 a aumentar \u2013 toda a gente na Europa j\u00e1 ouviu falar da Dacia.<\/p>\n<p>As vendas est\u00e3o constantemente a aumentar. Em 2022, a Dacia atingiu uma quota recorde de 7,6% no mercado europeu de particulares (em compara\u00e7\u00e3o com os 6,2% em 2021). A marca goza agora de uma das mais elevadas taxas de convers\u00e3o e fideliza\u00e7\u00e3o do mercado.<\/p>\n<p>Pelo sexto ano consecutivo (desde 2017), o Dacia Sandero foi o autom\u00f3vel mais vendido no mercado europeu de particulares. O Duster ficou em segundo lugar em 2022 e \u00e9 tamb\u00e9m o SUV mais vendido, a clientes particulares, desde 2018.<\/p>\n<p><strong>Uma gama atraente e repleta de ic\u00f3nicos best-sellers<br \/>\n<\/strong>A gama principal da Dacia inclui um autom\u00f3vel el\u00e9trico urbano, o Dacia Spring totalmente el\u00e9trico (desde 2020), um hatchback compacto, o Dacia Sandero, e a sua vers\u00e3o mais aventureira, o Sandero Stepway (desde 2008), o SUV Dacia Duster (desde 2010), e um autom\u00f3vel familiar de sete lugares, o Dacia Jogger (desde finais de 2021).<\/p>\n<p>A berlina Logan (lan\u00e7ada em 2004) continua a ser vendida na Europa de Leste. Esta gama de modelos permitiu \u00e0 Dacia atingir o marco simb\u00f3lico dos 8 milh\u00f5es de autom\u00f3veis vendidos, em 2023. Repartidos por modelos, estes representam:<\/p>\n<ul>\n<li>2,78 milh\u00f5es de Sandero;<\/li>\n<li>2,26 milh\u00f5es de Duster;<\/li>\n<li>1,97 milh\u00f5es de Logan;<\/li>\n<li>630 000 Dokker;<\/li>\n<li>346 000 Lodgy;<\/li>\n<li>93 000 Spring;<\/li>\n<li>80 000 Jogger;<\/li>\n<li>56 000 Pick-ups;<\/li>\n<li>51 000 Solenza.<\/li>\n<\/ul>\n<p>Estes n\u00fameros provam que os clientes aderiram \u00e0 filosofia da marca, que nunca se afastou do pioneirismo, da criatividade e de uma rela\u00e7\u00e3o qualidade-pre\u00e7o imbat\u00edvel.<\/p>\n","protected":false},"excerpt":{"rendered":"<p>Desde 2004, a DACIA, vendeu 8&#8230;<\/p>\n","protected":false},"author":15,"featured_media":72956,"comment_status":"closed","ping_status":"closed","sticky":false,"template":"","format":"standard","meta":{"footnotes":""},"categories":[37],"tags":[6364,822],"class_list":["post-73019","post","type-post","status-publish","format-standard","has-post-thumbnail","hentry","category-mercado","tag-8-milhoes-de-automoveis","tag-dacia"],"yoast_head":"<!-- This site is optimized with the Yoast SEO plugin v27.4 - https:\/\/yoast.com\/product\/yoast-seo-wordpress\/ -->\n<title>DACIA vendeu 8 milh\u00f5es de carros nos \u00faltimos 19 anos - Jornal das Oficinas<\/title>\n<meta name=\"description\" content=\"Desde 2004, a DACIA, vendeu 8 milh\u00f5es de autom\u00f3veis em 44 pa\u00edses do mundo. Tendo passado de um fabricante nacional romeno\" \/>\n<meta name=\"robots\" content=\"index, follow, max-snippet:-1, max-image-preview:large, max-video-preview:-1\" \/>\n<link rel=\"canonical\" href=\"https:\/\/jornaldasoficinas.com\/pt\/dacia-vendeu-8-milhoes-de-carros-nos-ultimos-19-anos\/\" \/>\n<meta property=\"og:locale\" content=\"pt_PT\" \/>\n<meta property=\"og:type\" content=\"article\" \/>\n<meta property=\"og:title\" content=\"DACIA vendeu 8 milh\u00f5es de carros nos \u00faltimos 19 anos - Jornal das Oficinas\" \/>\n<meta property=\"og:description\" content=\"Desde 2004, a DACIA, vendeu 8 milh\u00f5es de autom\u00f3veis em 44 pa\u00edses do mundo. Tendo passado de um fabricante nacional romeno\" \/>\n<meta property=\"og:url\" content=\"https:\/\/jornaldasoficinas.com\/pt\/dacia-vendeu-8-milhoes-de-carros-nos-ultimos-19-anos\/\" \/>\n<meta property=\"og:site_name\" content=\"Jornal das Oficinas\" \/>\n<meta property=\"article:publisher\" content=\"https:\/\/www.facebook.com\/jornaloficinas\" \/>\n<meta property=\"article:published_time\" content=\"2023-10-10T13:00:25+00:00\" \/>\n<meta property=\"og:image\" content=\"https:\/\/jornaldasoficinas.com\/pt\/wp-content\/uploads\/2023\/09\/DACIA-vendeu-8-milhoes-de-carros-nos-ultimos-19-anos.png\" \/>\n\t<meta property=\"og:image:width\" content=\"1024\" \/>\n\t<meta property=\"og:image:height\" content=\"581\" \/>\n\t<meta property=\"og:image:type\" content=\"image\/png\" \/>\n<meta name=\"author\" content=\"Reda\u00e7\u00e3o JO\" \/>\n<meta name=\"twitter:card\" content=\"summary_large_image\" \/>\n<meta name=\"twitter:creator\" content=\"@jornaloficinas\" \/>\n<meta name=\"twitter:site\" content=\"@jornaloficinas\" \/>\n<meta name=\"twitter:label1\" content=\"Escrito por\" \/>\n\t<meta name=\"twitter:data1\" content=\"Reda\u00e7\u00e3o JO\" \/>\n\t<meta name=\"twitter:label2\" content=\"Tempo estimado de leitura\" \/>\n\t<meta name=\"twitter:data2\" content=\"5 minutos\" \/>\n<script type=\"application\/ld+json\" class=\"yoast-schema-graph\">{\"@context\":\"https:\\\/\\\/schema.org\",\"@graph\":[{\"@type\":\"Article\",\"@id\":\"https:\\\/\\\/jornaldasoficinas.com\\\/pt\\\/dacia-vendeu-8-milhoes-de-carros-nos-ultimos-19-anos\\\/#article\",\"isPartOf\":{\"@id\":\"https:\\\/\\\/jornaldasoficinas.com\\\/pt\\\/dacia-vendeu-8-milhoes-de-carros-nos-ultimos-19-anos\\\/\"},\"author\":{\"name\":\"Reda\u00e7\u00e3o JO\",\"@id\":\"https:\\\/\\\/jornaldasoficinas.com\\\/pt\\\/#\\\/schema\\\/person\\\/a38eef5de2c41d9e7c9ac10141afddf3\"},\"headline\":\"DACIA vendeu 8 milh\u00f5es de carros nos \u00faltimos 19 anos\",\"datePublished\":\"2023-10-10T13:00:25+00:00\",\"mainEntityOfPage\":{\"@id\":\"https:\\\/\\\/jornaldasoficinas.com\\\/pt\\\/dacia-vendeu-8-milhoes-de-carros-nos-ultimos-19-anos\\\/\"},\"wordCount\":798,\"publisher\":{\"@id\":\"https:\\\/\\\/jornaldasoficinas.com\\\/pt\\\/#organization\"},\"image\":{\"@id\":\"https:\\\/\\\/jornaldasoficinas.com\\\/pt\\\/dacia-vendeu-8-milhoes-de-carros-nos-ultimos-19-anos\\\/#primaryimage\"},\"thumbnailUrl\":\"https:\\\/\\\/jornaldasoficinas.com\\\/pt\\\/wp-content\\\/uploads\\\/2023\\\/09\\\/DACIA-vendeu-8-milhoes-de-carros-nos-ultimos-19-anos.png\",\"keywords\":[\"8 milh\u00f5es de autom\u00f3veis\",\"Dacia\"],\"articleSection\":[\"Mercado\"],\"inLanguage\":\"pt-PT\"},{\"@type\":\"WebPage\",\"@id\":\"https:\\\/\\\/jornaldasoficinas.com\\\/pt\\\/dacia-vendeu-8-milhoes-de-carros-nos-ultimos-19-anos\\\/\",\"url\":\"https:\\\/\\\/jornaldasoficinas.com\\\/pt\\\/dacia-vendeu-8-milhoes-de-carros-nos-ultimos-19-anos\\\/\",\"name\":\"DACIA vendeu 8 milh\u00f5es de carros nos \u00faltimos 19 anos - Jornal das Oficinas\",\"isPartOf\":{\"@id\":\"https:\\\/\\\/jornaldasoficinas.com\\\/pt\\\/#website\"},\"primaryImageOfPage\":{\"@id\":\"https:\\\/\\\/jornaldasoficinas.com\\\/pt\\\/dacia-vendeu-8-milhoes-de-carros-nos-ultimos-19-anos\\\/#primaryimage\"},\"image\":{\"@id\":\"https:\\\/\\\/jornaldasoficinas.com\\\/pt\\\/dacia-vendeu-8-milhoes-de-carros-nos-ultimos-19-anos\\\/#primaryimage\"},\"thumbnailUrl\":\"https:\\\/\\\/jornaldasoficinas.com\\\/pt\\\/wp-content\\\/uploads\\\/2023\\\/09\\\/DACIA-vendeu-8-milhoes-de-carros-nos-ultimos-19-anos.png\",\"datePublished\":\"2023-10-10T13:00:25+00:00\",\"description\":\"Desde 2004, a DACIA, vendeu 8 milh\u00f5es de autom\u00f3veis em 44 pa\u00edses do mundo. Tendo passado de um fabricante nacional romeno\",\"breadcrumb\":{\"@id\":\"https:\\\/\\\/jornaldasoficinas.com\\\/pt\\\/dacia-vendeu-8-milhoes-de-carros-nos-ultimos-19-anos\\\/#breadcrumb\"},\"inLanguage\":\"pt-PT\",\"potentialAction\":[{\"@type\":\"ReadAction\",\"target\":[\"https:\\\/\\\/jornaldasoficinas.com\\\/pt\\\/dacia-vendeu-8-milhoes-de-carros-nos-ultimos-19-anos\\\/\"]}]},{\"@type\":\"ImageObject\",\"inLanguage\":\"pt-PT\",\"@id\":\"https:\\\/\\\/jornaldasoficinas.com\\\/pt\\\/dacia-vendeu-8-milhoes-de-carros-nos-ultimos-19-anos\\\/#primaryimage\",\"url\":\"https:\\\/\\\/jornaldasoficinas.com\\\/pt\\\/wp-content\\\/uploads\\\/2023\\\/09\\\/DACIA-vendeu-8-milhoes-de-carros-nos-ultimos-19-anos.png\",\"contentUrl\":\"https:\\\/\\\/jornaldasoficinas.com\\\/pt\\\/wp-content\\\/uploads\\\/2023\\\/09\\\/DACIA-vendeu-8-milhoes-de-carros-nos-ultimos-19-anos.png\",\"width\":1024,\"height\":581,\"caption\":\"09 - DACIA vendeu 8 milhoes de carros nos ultimos 19 anos\"},{\"@type\":\"BreadcrumbList\",\"@id\":\"https:\\\/\\\/jornaldasoficinas.com\\\/pt\\\/dacia-vendeu-8-milhoes-de-carros-nos-ultimos-19-anos\\\/#breadcrumb\",\"itemListElement\":[{\"@type\":\"ListItem\",\"position\":1,\"name\":\"In\u00edcio\",\"item\":\"https:\\\/\\\/jornaldasoficinas.com\\\/pt\\\/\"},{\"@type\":\"ListItem\",\"position\":2,\"name\":\"DACIA vendeu 8 milh\u00f5es de carros nos \u00faltimos 19 anos\"}]},{\"@type\":\"WebSite\",\"@id\":\"https:\\\/\\\/jornaldasoficinas.com\\\/pt\\\/#website\",\"url\":\"https:\\\/\\\/jornaldasoficinas.com\\\/pt\\\/\",\"name\":\"Jornal das Oficinas\",\"description\":\"Jornal independente do Aftermarket Autom\u00f3vel em Portugal\",\"publisher\":{\"@id\":\"https:\\\/\\\/jornaldasoficinas.com\\\/pt\\\/#organization\"},\"potentialAction\":[{\"@type\":\"SearchAction\",\"target\":{\"@type\":\"EntryPoint\",\"urlTemplate\":\"https:\\\/\\\/jornaldasoficinas.com\\\/pt\\\/?s={search_term_string}\"},\"query-input\":{\"@type\":\"PropertyValueSpecification\",\"valueRequired\":true,\"valueName\":\"search_term_string\"}}],\"inLanguage\":\"pt-PT\"},{\"@type\":\"Organization\",\"@id\":\"https:\\\/\\\/jornaldasoficinas.com\\\/pt\\\/#organization\",\"name\":\"Jornal das Oficinas\",\"url\":\"https:\\\/\\\/jornaldasoficinas.com\\\/pt\\\/\",\"logo\":{\"@type\":\"ImageObject\",\"inLanguage\":\"pt-PT\",\"@id\":\"https:\\\/\\\/jornaldasoficinas.com\\\/pt\\\/#\\\/schema\\\/logo\\\/image\\\/\",\"url\":\"https:\\\/\\\/jornaldasoficinas.com\\\/pt\\\/wp-content\\\/uploads\\\/logoJO-SEO.png\",\"contentUrl\":\"https:\\\/\\\/jornaldasoficinas.com\\\/pt\\\/wp-content\\\/uploads\\\/logoJO-SEO.png\",\"width\":285,\"height\":450,\"caption\":\"Jornal das Oficinas\"},\"image\":{\"@id\":\"https:\\\/\\\/jornaldasoficinas.com\\\/pt\\\/#\\\/schema\\\/logo\\\/image\\\/\"},\"sameAs\":[\"https:\\\/\\\/www.facebook.com\\\/jornaloficinas\",\"https:\\\/\\\/x.com\\\/jornaloficinas\",\"https:\\\/\\\/www.instagram.com\\\/jornal_oficinas\\\/\",\"https:\\\/\\\/www.linkedin.com\\\/company\\\/jornal-das-oficinas\\\/\",\"https:\\\/\\\/www.youtube.com\\\/channel\\\/UCbQZBqtcvV-oSQrr7RzINGg\"]},{\"@type\":\"Person\",\"@id\":\"https:\\\/\\\/jornaldasoficinas.com\\\/pt\\\/#\\\/schema\\\/person\\\/a38eef5de2c41d9e7c9ac10141afddf3\",\"name\":\"Reda\u00e7\u00e3o JO\",\"image\":{\"@type\":\"ImageObject\",\"inLanguage\":\"pt-PT\",\"@id\":\"https:\\\/\\\/secure.gravatar.com\\\/avatar\\\/71f2fa71737ad68a84fea94bc708ddac8ea5b0c4788dc2ad202f3ccb2887742f?s=96&d=wp_user_avatar&r=g\",\"url\":\"https:\\\/\\\/secure.gravatar.com\\\/avatar\\\/71f2fa71737ad68a84fea94bc708ddac8ea5b0c4788dc2ad202f3ccb2887742f?s=96&d=wp_user_avatar&r=g\",\"contentUrl\":\"https:\\\/\\\/secure.gravatar.com\\\/avatar\\\/71f2fa71737ad68a84fea94bc708ddac8ea5b0c4788dc2ad202f3ccb2887742f?s=96&d=wp_user_avatar&r=g\",\"caption\":\"Reda\u00e7\u00e3o JO\"},\"url\":\"https:\\\/\\\/jornaldasoficinas.com\\\/pt\\\/author\\\/joredacao\\\/\"}]}<\/script>\n<!-- \/ Yoast SEO plugin. -->","yoast_head_json":{"title":"DACIA vendeu 8 milh\u00f5es de carros nos \u00faltimos 19 anos - Jornal das Oficinas","description":"Desde 2004, a DACIA, vendeu 8 milh\u00f5es de autom\u00f3veis em 44 pa\u00edses do mundo. Tendo passado de um fabricante nacional romeno","robots":{"index":"index","follow":"follow","max-snippet":"max-snippet:-1","max-image-preview":"max-image-preview:large","max-video-preview":"max-video-preview:-1"},"canonical":"https:\/\/jornaldasoficinas.com\/pt\/dacia-vendeu-8-milhoes-de-carros-nos-ultimos-19-anos\/","og_locale":"pt_PT","og_type":"article","og_title":"DACIA vendeu 8 milh\u00f5es de carros nos \u00faltimos 19 anos - Jornal das Oficinas","og_description":"Desde 2004, a DACIA, vendeu 8 milh\u00f5es de autom\u00f3veis em 44 pa\u00edses do mundo. Tendo passado de um fabricante nacional romeno","og_url":"https:\/\/jornaldasoficinas.com\/pt\/dacia-vendeu-8-milhoes-de-carros-nos-ultimos-19-anos\/","og_site_name":"Jornal das Oficinas","article_publisher":"https:\/\/www.facebook.com\/jornaloficinas","article_published_time":"2023-10-10T13:00:25+00:00","og_image":[{"width":1024,"height":581,"url":"https:\/\/jornaldasoficinas.com\/pt\/wp-content\/uploads\/2023\/09\/DACIA-vendeu-8-milhoes-de-carros-nos-ultimos-19-anos.png","type":"image\/png"}],"author":"Reda\u00e7\u00e3o JO","twitter_card":"summary_large_image","twitter_creator":"@jornaloficinas","twitter_site":"@jornaloficinas","twitter_misc":{"Escrito por":"Reda\u00e7\u00e3o JO","Tempo estimado de leitura":"5 minutos"},"schema":{"@context":"https:\/\/schema.org","@graph":[{"@type":"Article","@id":"https:\/\/jornaldasoficinas.com\/pt\/dacia-vendeu-8-milhoes-de-carros-nos-ultimos-19-anos\/#article","isPartOf":{"@id":"https:\/\/jornaldasoficinas.com\/pt\/dacia-vendeu-8-milhoes-de-carros-nos-ultimos-19-anos\/"},"author":{"name":"Reda\u00e7\u00e3o JO","@id":"https:\/\/jornaldasoficinas.com\/pt\/#\/schema\/person\/a38eef5de2c41d9e7c9ac10141afddf3"},"headline":"DACIA vendeu 8 milh\u00f5es de carros nos \u00faltimos 19 anos","datePublished":"2023-10-10T13:00:25+00:00","mainEntityOfPage":{"@id":"https:\/\/jornaldasoficinas.com\/pt\/dacia-vendeu-8-milhoes-de-carros-nos-ultimos-19-anos\/"},"wordCount":798,"publisher":{"@id":"https:\/\/jornaldasoficinas.com\/pt\/#organization"},"image":{"@id":"https:\/\/jornaldasoficinas.com\/pt\/dacia-vendeu-8-milhoes-de-carros-nos-ultimos-19-anos\/#primaryimage"},"thumbnailUrl":"https:\/\/jornaldasoficinas.com\/pt\/wp-content\/uploads\/2023\/09\/DACIA-vendeu-8-milhoes-de-carros-nos-ultimos-19-anos.png","keywords":["8 milh\u00f5es de autom\u00f3veis","Dacia"],"articleSection":["Mercado"],"inLanguage":"pt-PT"},{"@type":"WebPage","@id":"https:\/\/jornaldasoficinas.com\/pt\/dacia-vendeu-8-milhoes-de-carros-nos-ultimos-19-anos\/","url":"https:\/\/jornaldasoficinas.com\/pt\/dacia-vendeu-8-milhoes-de-carros-nos-ultimos-19-anos\/","name":"DACIA vendeu 8 milh\u00f5es de carros nos \u00faltimos 19 anos - Jornal das Oficinas","isPartOf":{"@id":"https:\/\/jornaldasoficinas.com\/pt\/#website"},"primaryImageOfPage":{"@id":"https:\/\/jornaldasoficinas.com\/pt\/dacia-vendeu-8-milhoes-de-carros-nos-ultimos-19-anos\/#primaryimage"},"image":{"@id":"https:\/\/jornaldasoficinas.com\/pt\/dacia-vendeu-8-milhoes-de-carros-nos-ultimos-19-anos\/#primaryimage"},"thumbnailUrl":"https:\/\/jornaldasoficinas.com\/pt\/wp-content\/uploads\/2023\/09\/DACIA-vendeu-8-milhoes-de-carros-nos-ultimos-19-anos.png","datePublished":"2023-10-10T13:00:25+00:00","description":"Desde 2004, a DACIA, vendeu 8 milh\u00f5es de autom\u00f3veis em 44 pa\u00edses do mundo. Tendo passado de um fabricante nacional romeno","breadcrumb":{"@id":"https:\/\/jornaldasoficinas.com\/pt\/dacia-vendeu-8-milhoes-de-carros-nos-ultimos-19-anos\/#breadcrumb"},"inLanguage":"pt-PT","potentialAction":[{"@type":"ReadAction","target":["https:\/\/jornaldasoficinas.com\/pt\/dacia-vendeu-8-milhoes-de-carros-nos-ultimos-19-anos\/"]}]},{"@type":"ImageObject","inLanguage":"pt-PT","@id":"https:\/\/jornaldasoficinas.com\/pt\/dacia-vendeu-8-milhoes-de-carros-nos-ultimos-19-anos\/#primaryimage","url":"https:\/\/jornaldasoficinas.com\/pt\/wp-content\/uploads\/2023\/09\/DACIA-vendeu-8-milhoes-de-carros-nos-ultimos-19-anos.png","contentUrl":"https:\/\/jornaldasoficinas.com\/pt\/wp-content\/uploads\/2023\/09\/DACIA-vendeu-8-milhoes-de-carros-nos-ultimos-19-anos.png","width":1024,"height":581,"caption":"09 - DACIA vendeu 8 milhoes de carros nos ultimos 19 anos"},{"@type":"BreadcrumbList","@id":"https:\/\/jornaldasoficinas.com\/pt\/dacia-vendeu-8-milhoes-de-carros-nos-ultimos-19-anos\/#breadcrumb","itemListElement":[{"@type":"ListItem","position":1,"name":"In\u00edcio","item":"https:\/\/jornaldasoficinas.com\/pt\/"},{"@type":"ListItem","position":2,"name":"DACIA vendeu 8 milh\u00f5es de carros nos \u00faltimos 19 anos"}]},{"@type":"WebSite","@id":"https:\/\/jornaldasoficinas.com\/pt\/#website","url":"https:\/\/jornaldasoficinas.com\/pt\/","name":"Jornal das Oficinas","description":"Jornal independente do Aftermarket Autom\u00f3vel em Portugal","publisher":{"@id":"https:\/\/jornaldasoficinas.com\/pt\/#organization"},"potentialAction":[{"@type":"SearchAction","target":{"@type":"EntryPoint","urlTemplate":"https:\/\/jornaldasoficinas.com\/pt\/?s={search_term_string}"},"query-input":{"@type":"PropertyValueSpecification","valueRequired":true,"valueName":"search_term_string"}}],"inLanguage":"pt-PT"},{"@type":"Organization","@id":"https:\/\/jornaldasoficinas.com\/pt\/#organization","name":"Jornal das Oficinas","url":"https:\/\/jornaldasoficinas.com\/pt\/","logo":{"@type":"ImageObject","inLanguage":"pt-PT","@id":"https:\/\/jornaldasoficinas.com\/pt\/#\/schema\/logo\/image\/","url":"https:\/\/jornaldasoficinas.com\/pt\/wp-content\/uploads\/logoJO-SEO.png","contentUrl":"https:\/\/jornaldasoficinas.com\/pt\/wp-content\/uploads\/logoJO-SEO.png","width":285,"height":450,"caption":"Jornal das Oficinas"},"image":{"@id":"https:\/\/jornaldasoficinas.com\/pt\/#\/schema\/logo\/image\/"},"sameAs":["https:\/\/www.facebook.com\/jornaloficinas","https:\/\/x.com\/jornaloficinas","https:\/\/www.instagram.com\/jornal_oficinas\/","https:\/\/www.linkedin.com\/company\/jornal-das-oficinas\/","https:\/\/www.youtube.com\/channel\/UCbQZBqtcvV-oSQrr7RzINGg"]},{"@type":"Person","@id":"https:\/\/jornaldasoficinas.com\/pt\/#\/schema\/person\/a38eef5de2c41d9e7c9ac10141afddf3","name":"Reda\u00e7\u00e3o JO","image":{"@type":"ImageObject","inLanguage":"pt-PT","@id":"https:\/\/secure.gravatar.com\/avatar\/71f2fa71737ad68a84fea94bc708ddac8ea5b0c4788dc2ad202f3ccb2887742f?s=96&d=wp_user_avatar&r=g","url":"https:\/\/secure.gravatar.com\/avatar\/71f2fa71737ad68a84fea94bc708ddac8ea5b0c4788dc2ad202f3ccb2887742f?s=96&d=wp_user_avatar&r=g","contentUrl":"https:\/\/secure.gravatar.com\/avatar\/71f2fa71737ad68a84fea94bc708ddac8ea5b0c4788dc2ad202f3ccb2887742f?s=96&d=wp_user_avatar&r=g","caption":"Reda\u00e7\u00e3o JO"},"url":"https:\/\/jornaldasoficinas.com\/pt\/author\/joredacao\/"}]}},"_links":{"self":[{"href":"https:\/\/jornaldasoficinas.com\/pt\/wp-json\/wp\/v2\/posts\/73019","targetHints":{"allow":["GET"]}}],"collection":[{"href":"https:\/\/jornaldasoficinas.com\/pt\/wp-json\/wp\/v2\/posts"}],"about":[{"href":"https:\/\/jornaldasoficinas.com\/pt\/wp-json\/wp\/v2\/types\/post"}],"author":[{"embeddable":true,"href":"https:\/\/jornaldasoficinas.com\/pt\/wp-json\/wp\/v2\/users\/15"}],"replies":[{"embeddable":true,"href":"https:\/\/jornaldasoficinas.com\/pt\/wp-json\/wp\/v2\/comments?post=73019"}],"version-history":[{"count":0,"href":"https:\/\/jornaldasoficinas.com\/pt\/wp-json\/wp\/v2\/posts\/73019\/revisions"}],"wp:featuredmedia":[{"embeddable":true,"href":"https:\/\/jornaldasoficinas.com\/pt\/wp-json\/wp\/v2\/media\/72956"}],"wp:attachment":[{"href":"https:\/\/jornaldasoficinas.com\/pt\/wp-json\/wp\/v2\/media?parent=73019"}],"wp:term":[{"taxonomy":"category","embeddable":true,"href":"https:\/\/jornaldasoficinas.com\/pt\/wp-json\/wp\/v2\/categories?post=73019"},{"taxonomy":"post_tag","embeddable":true,"href":"https:\/\/jornaldasoficinas.com\/pt\/wp-json\/wp\/v2\/tags?post=73019"}],"curies":[{"name":"wp","href":"https:\/\/api.w.org\/{rel}","templated":true}]}}