{"id":73107,"date":"2023-10-12T12:30:19","date_gmt":"2023-10-12T11:30:19","guid":{"rendered":"https:\/\/jornaldasoficinas.com\/pt\/?p=73107"},"modified":"2023-10-11T21:44:57","modified_gmt":"2023-10-11T20:44:57","slug":"150-anos-de-bilstein-olhando-para-o-futuro","status":"publish","type":"post","link":"https:\/\/jornaldasoficinas.com\/pt\/150-anos-de-bilstein-olhando-para-o-futuro\/","title":{"rendered":"150 anos de BILSTEIN: olhando para o futuro"},"content":{"rendered":"<p><img loading=\"lazy\" decoding=\"async\" class=\"alignnone size-full wp-image-73109\" src=\"https:\/\/jornaldasoficinas.com\/pt\/wp-content\/uploads\/2023\/09\/150-anos-de-BILSTEIN.png\" alt=\"09 - 150 anos de BILSTEIN\" width=\"1024\" height=\"581\" srcset=\"https:\/\/jornaldasoficinas.com\/pt\/wp-content\/uploads\/2023\/09\/150-anos-de-BILSTEIN.png 1024w, https:\/\/jornaldasoficinas.com\/pt\/wp-content\/uploads\/2023\/09\/150-anos-de-BILSTEIN-300x170.png 300w, https:\/\/jornaldasoficinas.com\/pt\/wp-content\/uploads\/2023\/09\/150-anos-de-BILSTEIN-150x85.png 150w, https:\/\/jornaldasoficinas.com\/pt\/wp-content\/uploads\/2023\/09\/150-anos-de-BILSTEIN-768x436.png 768w\" sizes=\"auto, (max-width: 1024px) 100vw, 1024px\" \/><\/p>\n<p><strong>Realiza\u00e7\u00f5es excecionais surgem frequentemente quando anos de experi\u00eancia se encontram com a capacidade de inovar. Onde o trabalho artesanal e a vontade absoluta de otimizar se fundem para criar um todo perfeito. Parece uma conce\u00e7\u00e3o ideal e, ao mesmo tempo, \u00e9 o tema central dos 150 anos de hist\u00f3ria da <a href=\"https:\/\/bilstein.com\/en\/\" target=\"_blank\" rel=\"noopener\">BILSTEIN<\/a><\/strong><\/p>\n<p>Fundada em 1873 como uma empresa para a produ\u00e7\u00e3o de ferragens para janelas, o fundador August Bilstein d\u00e1 o primeiro grande passo com a AUBI em 1885: Ele monta a sua pr\u00f3pria f\u00e1brica de t\u00eampera onde os materiais s\u00e3o aquecidos durante um per\u00edodo de tempo mais longo, expandindo assim o seu portf\u00f3lio para incluir ferragens de constru\u00e7\u00e3o e grampos de parafuso.<\/p>\n<p>Em 1919, o seu filho Hans Bilstein acrescenta \u00e0 empresa um laminador de tiras de ferro para a produ\u00e7\u00e3o de barras de meia-volta para ferragens de janelas, que na altura eram escassas. Em 1930, a Bilstein adquire a empresa Levator, sediada em Berlim, lan\u00e7ando assim as bases decisivas para o futuro.<\/p>\n<p><strong>Para-choques cromados e macacos hidr\u00e1ulicos<br \/>\n<\/strong>A Levator \u00e9 especializada em macacos para autom\u00f3veis e sistemas de gruas. A partir de agora, a Bilstein fabrica para-choques como o seu produto inicial para a ind\u00fastria autom\u00f3vel e torna-se o primeiro fornecedor de elementos de prote\u00e7\u00e3o cromados para ve\u00edculos de produ\u00e7\u00e3o. Hans Bilstein expande a especializa\u00e7\u00e3o para macacos hidr\u00e1ulicos ao comprar a empresa vienense Robitschek em 1938 e, em 1940, acrescenta guindastes girat\u00f3rios e girat\u00f3rios \u00e0 experi\u00eancia da Bilstein, que podem ser usados para reparar ve\u00edculos militares.<\/p>\n<p><strong>1954: o nascimento do amortecedor de press\u00e3o de g\u00e1s<br \/>\n<\/strong>As funda\u00e7\u00f5es da BILSTEIN como fornecedor da ind\u00fastria autom\u00f3vel tinham sido solidamente estabelecidas com o fabrico de para-choques e macacos hidr\u00e1ulicos quando, em 1954, os engenheiros da BILSTEIN usaram a sua riqueza de experi\u00eancia para anunciar uma verdadeira revolu\u00e7\u00e3o: A BILSTEIN implementou pela primeira vez o conhecido princ\u00edpio &#8220;de Carbon&#8221; numa aplica\u00e7\u00e3o pronta para produ\u00e7\u00e3o em s\u00e9rie: O amortecedor monotubo de press\u00e3o de g\u00e1s nasceu e foi instalado pela primeira vez num ve\u00edculo de produ\u00e7\u00e3o pela Mercedes-Benz em 1957.<\/p>\n<p><strong>O desporto autom\u00f3vel como motor de inova\u00e7\u00e3o<br \/>\n<\/strong>N\u00e3o demorou muito at\u00e9 que os novos amortecedores, que eram de longe superiores aos amortecedores telesc\u00f3picos utilizados na altura, encontrassem o seu caminho para o desporto motorizado &#8211; e fizeram da empresa de Ennepetal um motor de inova\u00e7\u00e3o tamb\u00e9m neste campo. No in\u00edcio dos anos 60, a BILSTEIN iniciou o seu envolvimento no desporto autom\u00f3vel, que se manteve com grande sucesso at\u00e9 aos dias de hoje, coroado por vit\u00f3rias no Rali de Monte Carlo, em todas as principais corridas de 24 horas e em v\u00e1rios t\u00edtulos do campeonato mundial de F\u00f3rmula 1.<\/p>\n<p><strong>Um passo \u00e0 frente por tradi\u00e7\u00e3o<br \/>\n<\/strong>At\u00e9 hoje, n\u00e3o s\u00e3o apenas os principais fabricantes de autom\u00f3veis que beneficiam da experi\u00eancia da BILSTEIN no desporto autom\u00f3vel, utilizando os amortecedores BILSTEIN como equipamento original. Os elevados padr\u00f5es de qualidade e o imenso potencial inovador s\u00e3o tamb\u00e9m extremamente populares entre os pilotos de trackday e os entusiastas do tuning. Para al\u00e9m disso, os produtos BILSTEIN para o mercado p\u00f3s-venda s\u00e3o fabricados nas mesmas linhas de produ\u00e7\u00e3o que a gama OE e, por isso, cumprem os mais elevados padr\u00f5es. O portf\u00f3lio de produtos da BILSTEIN est\u00e1 tamb\u00e9m perfeitamente posicionado com amortecedores de alta performance, suspens\u00f5es desportivas e coilover para otimiza\u00e7\u00e3o da suspens\u00e3o, de forma a real\u00e7ar todas as caracter\u00edsticas desejadas de um ve\u00edculo.<\/p>\n<p><strong>13 milh\u00f5es de amortecedores por ano<br \/>\n<\/strong>4.600 funcion\u00e1rios em seis localiza\u00e7\u00f5es em todo o mundo est\u00e3o atualmente a moldar o futuro das suspens\u00f5es BILSTEIN, fi\u00e9is ao lema &#8220;A pr\u00f3xima inova\u00e7\u00e3o \u00e9 sempre mais importante do que a \u00faltima&#8221;. Produzem cerca de 13 milh\u00f5es de amortecedores por ano. Centrando-se nos elevados padr\u00f5es tradicionais, definem o rumo para um futuro de sucesso com vis\u00e3o e empenho: MUITO \u00c0 FRENTE!<\/p>\n<p>Para mais informa\u00e7\u00f5es sobre os 150 anos da BILSTEIN clique <a href=\"https:\/\/bilstein.com\/de\/150jahre\/\" target=\"_blank\" rel=\"noopener\">aqui<\/a>.<\/p>\n<div class=\"wonderplugingallery-container\" id=\"wonderplugingallery-container-160\" style=\"max-width:960px;margin:0 auto;\"><div class=\"wonderplugingallery\" id=\"wonderplugingallery-160\" data-galleryid=\"160\" data-width=\"960\" data-height=\"540\" data-skin=\"gallery\" data-playsinline=\"false\" data-mutevideo=\"false\" data-random=\"false\" data-autoslide=\"false\" data-autoplayvideo=\"false\" data-schemamarkup=\"false\" data-stopallplaying=\"false\" data-reloadonvideoend=\"false\" data-donotuseposter=\"false\" data-enabletabindex=\"false\" data-loadnextonvideoend=\"false\" data-hidetitlewhenvideoisplaying=\"false\" data-disablehovereventontouch=\"false\" data-autoslideandplayafterfirstplayed=\"false\" data-html5player=\"true\" data-responsive=\"true\" data-fullwidth=\"false\" data-showtitle=\"true\" data-showdescription=\"true\" data-showplaybutton=\"true\" data-showfullscreenbutton=\"true\" data-showtimer=\"true\" data-showcarousel=\"true\" data-galleryshadow=\"false\" data-slideshadow=\"true\" data-thumbshowtitle=\"false\" data-thumbshowimage=\"true\" data-thumbshadow=\"true\" data-lightboxshowtitle=\"true\" data-lightboxshowdescription=\"true\" data-specifyid=\"true\" data-donotinit=\"false\" data-addinitscript=\"false\" data-triggerresize=\"false\" data-thumbcolumnsresponsive=\"false\" data-thumbverticalmiddle=\"true\" data-removeinlinecss=\"true\" data-switchonmouseover=\"false\" data-showcategory=\"true\" data-carouselpagination=\"false\" data-showimgtitle=\"false\" data-titlesmallscreen=\"false\" data-initsocial=\"true\" data-showsocial=\"false\" data-showemail=\"false\" data-showfacebook=\"true\" data-showtwitter=\"true\" data-showpinterest=\"true\" data-socialrotateeffect=\"true\" data-doshortcodeontext=\"false\" data-loop=\"0\" data-duration=\"1500\" data-slideduration=\"1000\" data-slideshowinterval=\"6000\" data-googleanalyticsaccount=\"\" data-ga4account=\"\" data-resizemode=\"fill\" data-imagetoolboxmode=\"mouseover\" data-effect=\"fade\" data-padding=\"12\" data-bgcolor=\"\" data-bgimage=\"\" data-thumbwidth=\"120\" data-thumbheight=\"60\" data-thumbgap=\"8\" data-thumbrowgap=\"16\" data-lightboxtextheight=\"72\" data-lightboxtitlecss=\"{color:#333333; font:bold 12px Arial,Helvetica,sans-serif; overflow:hidden; white-space:normal; line-height:18px;}\" data-lightboxdescriptioncss=\"{color:#333333; font:normal 12px Arial,Helvetica,sans-serif; overflow:hidden; white-space:normal; line-height:14px;}\" data-titlecss=\"{color:#ffffff; font-size:14px; font-family:Armata, sans-serif, Arial; overflow:hidden; text-align:left; padding:10px 0px 10px 10px; background:rgb(102, 102, 102) transparent; background:rgba(102, 102, 102, 0.6);}\" data-descriptioncss=\"{color:#ffffff; font-size:13px; font-family:Armata, sans-serif, Arial; overflow:hidden; text-align:left; padding:0px 0px 10px 10px; background:rgb(102, 102, 102) transparent; background:rgba(102, 102, 102, 0.6);}\" data-titleheight=\"72\" data-titlesmallscreenwidth=\"640\" data-titleheightsmallscreen=\"148\" data-socialmode=\"mouseover\" data-socialposition=\"position:absolute;top:8px;right:8px;\" data-socialpositionlightbox=\"position:absolute;top:8px;right:8px;\" data-socialdirection=\"horizontal\" data-socialbuttonsize=\"32\" data-socialbuttonfontsize=\"18\" data-defaultvideovolume=\"1\" data-thumbtitleheight=\"24\" data-thumbmediumtitleheight=\"48\" data-thumbsmalltitleheight=\"72\" data-categoryheight=\"48\" data-categorydefault=\"all\" data-triggerresizedelay=\"100\" data-thumbmediumsize=\"800\" data-thumbsmallsize=\"480\" data-thumbmediumwidth=\"64\" data-thumbmediumheight=\"64\" data-thumbsmallwidth=\"48\" data-thumbsmallheight=\"48\" data-imgtitle=\"title\" data-carouselpaginationrow=\"3\" data-categorystyle=\"dropdown\" data-categorylist=\"[{&quot;slug&quot;:&quot;all&quot;,&quot;caption&quot;:&quot;Show All&quot;}]\" data-jsfolder=\"https:\/\/jornaldasoficinas.com\/pt\/wp-content\/plugins\/wonderplugin-gallery\/engine\/\" style=\"display:none;\" ><a class=\"html5galleryimglink\" href=\"https:\/\/jornaldasoficinas.com\/pt\/wp-content\/uploads\/2023\/09\/150-anos-de-BILSTEIN\/03_Bilstein_150-years.jpg\" data-mediatype=1><img decoding=\"async\" class=\"html5galleryimg html5gallery-tn-image\" src=\"https:\/\/jornaldasoficinas.com\/pt\/wp-content\/uploads\/2023\/09\/150-anos-de-BILSTEIN\/03_Bilstein_150-years.jpg\" alt=\"\"><\/a><div class=\"html5gallery-info\"><\/div><a class=\"html5galleryimglink\" href=\"https:\/\/jornaldasoficinas.com\/pt\/wp-content\/uploads\/2023\/09\/150-anos-de-BILSTEIN\/04_Bilstein_150-years.jpg\" data-mediatype=1><img decoding=\"async\" class=\"html5galleryimg html5gallery-tn-image\" src=\"https:\/\/jornaldasoficinas.com\/pt\/wp-content\/uploads\/2023\/09\/150-anos-de-BILSTEIN\/04_Bilstein_150-years.jpg\" alt=\"\"><\/a><div class=\"html5gallery-info\"><\/div><a class=\"html5galleryimglink\" href=\"https:\/\/jornaldasoficinas.com\/pt\/wp-content\/uploads\/2023\/09\/150-anos-de-BILSTEIN\/05_Bilstein_150-years.jpg\" data-mediatype=1><img decoding=\"async\" class=\"html5galleryimg html5gallery-tn-image\" src=\"https:\/\/jornaldasoficinas.com\/pt\/wp-content\/uploads\/2023\/09\/150-anos-de-BILSTEIN\/05_Bilstein_150-years.jpg\" alt=\"\"><\/a><div class=\"html5gallery-info\"><\/div><a class=\"html5galleryimglink\" href=\"https:\/\/jornaldasoficinas.com\/pt\/wp-content\/uploads\/2023\/09\/150-anos-de-BILSTEIN\/06_Bilstein_150-years.jpg\" data-mediatype=1><img decoding=\"async\" class=\"html5galleryimg html5gallery-tn-image\" src=\"https:\/\/jornaldasoficinas.com\/pt\/wp-content\/uploads\/2023\/09\/150-anos-de-BILSTEIN\/06_Bilstein_150-years.jpg\" alt=\"\"><\/a><div class=\"html5gallery-info\"><\/div><a class=\"html5galleryimglink\" href=\"https:\/\/jornaldasoficinas.com\/pt\/wp-content\/uploads\/2023\/09\/150-anos-de-BILSTEIN\/07_Bilstein_150-years.jpg\" data-mediatype=1><img decoding=\"async\" class=\"html5galleryimg html5gallery-tn-image\" src=\"https:\/\/jornaldasoficinas.com\/pt\/wp-content\/uploads\/2023\/09\/150-anos-de-BILSTEIN\/07_Bilstein_150-years.jpg\" alt=\"\"><\/a><div class=\"html5gallery-info\"><\/div><a class=\"html5galleryimglink\" href=\"https:\/\/jornaldasoficinas.com\/pt\/wp-content\/uploads\/2023\/09\/150-anos-de-BILSTEIN\/08_Bilstein_150-years.jpg\" data-mediatype=1><img decoding=\"async\" class=\"html5galleryimg html5gallery-tn-image\" src=\"https:\/\/jornaldasoficinas.com\/pt\/wp-content\/uploads\/2023\/09\/150-anos-de-BILSTEIN\/08_Bilstein_150-years.jpg\" alt=\"\"><\/a><div class=\"html5gallery-info\"><\/div><a class=\"html5galleryimglink\" href=\"https:\/\/jornaldasoficinas.com\/pt\/wp-content\/uploads\/2023\/09\/150-anos-de-BILSTEIN\/09_Bilstein_150-years.jpg\" data-mediatype=1><img decoding=\"async\" class=\"html5galleryimg html5gallery-tn-image\" src=\"https:\/\/jornaldasoficinas.com\/pt\/wp-content\/uploads\/2023\/09\/150-anos-de-BILSTEIN\/09_Bilstein_150-years.jpg\" alt=\"\"><\/a><div class=\"html5gallery-info\"><\/div><a class=\"html5galleryimglink\" href=\"https:\/\/jornaldasoficinas.com\/pt\/wp-content\/uploads\/2023\/09\/150-anos-de-BILSTEIN\/14_Bilstein_150-years.jpg\" data-mediatype=1><img decoding=\"async\" class=\"html5galleryimg html5gallery-tn-image\" src=\"https:\/\/jornaldasoficinas.com\/pt\/wp-content\/uploads\/2023\/09\/150-anos-de-BILSTEIN\/14_Bilstein_150-years.jpg\" alt=\"\"><\/a><div class=\"html5gallery-info\"><\/div><a class=\"html5galleryimglink\" href=\"https:\/\/jornaldasoficinas.com\/pt\/wp-content\/uploads\/2023\/09\/150-anos-de-BILSTEIN\/17_Bilstein_150-years.jpg\" data-mediatype=1><img decoding=\"async\" class=\"html5galleryimg html5gallery-tn-image\" src=\"https:\/\/jornaldasoficinas.com\/pt\/wp-content\/uploads\/2023\/09\/150-anos-de-BILSTEIN\/17_Bilstein_150-years.jpg\" alt=\"\"><\/a><div class=\"html5gallery-info\"><\/div><a class=\"html5galleryimglink\" href=\"https:\/\/jornaldasoficinas.com\/pt\/wp-content\/uploads\/2023\/09\/150-anos-de-BILSTEIN\/22_Bilstein_150-years.jpg\" data-mediatype=1><img decoding=\"async\" class=\"html5galleryimg html5gallery-tn-image\" src=\"https:\/\/jornaldasoficinas.com\/pt\/wp-content\/uploads\/2023\/09\/150-anos-de-BILSTEIN\/22_Bilstein_150-years.jpg\" alt=\"\"><\/a><div class=\"html5gallery-info\"><\/div><a class=\"html5galleryimglink\" href=\"https:\/\/jornaldasoficinas.com\/pt\/wp-content\/uploads\/2023\/09\/150-anos-de-BILSTEIN\/25_Bilstein_150-years.jpg\" data-mediatype=1><img decoding=\"async\" class=\"html5galleryimg html5gallery-tn-image\" src=\"https:\/\/jornaldasoficinas.com\/pt\/wp-content\/uploads\/2023\/09\/150-anos-de-BILSTEIN\/25_Bilstein_150-years.jpg\" alt=\"\"><\/a><div class=\"html5gallery-info\"><\/div><a class=\"html5galleryimglink\" href=\"https:\/\/jornaldasoficinas.com\/pt\/wp-content\/uploads\/2023\/09\/150-anos-de-BILSTEIN\/29_Bilstein_150-years.jpg\" data-mediatype=1><img decoding=\"async\" class=\"html5galleryimg html5gallery-tn-image\" src=\"https:\/\/jornaldasoficinas.com\/pt\/wp-content\/uploads\/2023\/09\/150-anos-de-BILSTEIN\/29_Bilstein_150-years.jpg\" alt=\"\"><\/a><div class=\"html5gallery-info\"><\/div><a class=\"html5galleryimglink\" href=\"https:\/\/jornaldasoficinas.com\/pt\/wp-content\/uploads\/2023\/09\/150-anos-de-BILSTEIN\/30_Bilstein_150-years.jpg\" data-mediatype=1><img decoding=\"async\" class=\"html5galleryimg html5gallery-tn-image\" src=\"https:\/\/jornaldasoficinas.com\/pt\/wp-content\/uploads\/2023\/09\/150-anos-de-BILSTEIN\/30_Bilstein_150-years.jpg\" alt=\"\"><\/a><div class=\"html5gallery-info\"><\/div><a class=\"html5galleryimglink\" href=\"https:\/\/jornaldasoficinas.com\/pt\/wp-content\/uploads\/2023\/09\/150-anos-de-BILSTEIN\/33_Bilstein_150-years.jpg\" data-mediatype=1><img decoding=\"async\" class=\"html5galleryimg html5gallery-tn-image\" src=\"https:\/\/jornaldasoficinas.com\/pt\/wp-content\/uploads\/2023\/09\/150-anos-de-BILSTEIN\/33_Bilstein_150-years.jpg\" alt=\"\"><\/a><div class=\"html5gallery-info\"><\/div><a class=\"html5galleryimglink\" href=\"https:\/\/jornaldasoficinas.com\/pt\/wp-content\/uploads\/2023\/09\/150-anos-de-BILSTEIN\/34_Bilstein_150-years.jpg\" data-mediatype=1><img decoding=\"async\" class=\"html5galleryimg html5gallery-tn-image\" src=\"https:\/\/jornaldasoficinas.com\/pt\/wp-content\/uploads\/2023\/09\/150-anos-de-BILSTEIN\/34_Bilstein_150-years.jpg\" alt=\"\"><\/a><div class=\"html5gallery-info\"><\/div><a class=\"html5galleryimglink\" href=\"https:\/\/jornaldasoficinas.com\/pt\/wp-content\/uploads\/2023\/09\/150-anos-de-BILSTEIN\/35_Bilstein_150-years.jpg\" data-mediatype=1><img decoding=\"async\" class=\"html5galleryimg html5gallery-tn-image\" src=\"https:\/\/jornaldasoficinas.com\/pt\/wp-content\/uploads\/2023\/09\/150-anos-de-BILSTEIN\/35_Bilstein_150-years.jpg\" alt=\"\"><\/a><div class=\"html5gallery-info\"><\/div><\/div><\/div><script>function wondergallery_160_appendcss(csscode) {var head=document.head || document.getElementsByTagName(\"head\")[0];var style=document.createElement(\"style\");head.appendChild(style);style.type=\"text\/css\";if (style.styleSheet){style.styleSheet.cssText=csscode;} else {style.appendChild(document.createTextNode(csscode));}};wondergallery_160_appendcss(\"#wonderplugingallery-160 .html5gallery-cat-selection-160 { \tbox-sizing: border-box; \ttext-align: center; }  #wonderplugingallery-160 .html5gallery-cat-selection-160 select { \tbox-sizing: border-box; \tmargin: 4px auto; }\");<\/script>\n","protected":false},"excerpt":{"rendered":"<p>Realiza\u00e7\u00f5es excecionais surgem frequentemente quando anos&#8230;<\/p>\n","protected":false},"author":15,"featured_media":73109,"comment_status":"closed","ping_status":"closed","sticky":false,"template":"","format":"standard","meta":{"footnotes":""},"categories":[29],"tags":[6381,1014,1012],"class_list":["post-73107","post","type-post","status-publish","format-standard","has-post-thumbnail","hentry","category-empresas","tag-150-anos-de-bilstein","tag-amortecedores","tag-bilstein"],"yoast_head":"<!-- This site is optimized with the Yoast SEO plugin v27.5 - https:\/\/yoast.com\/product\/yoast-seo-wordpress\/ -->\n<title>150 anos de BILSTEIN: olhando para o futuro - Jornal das Oficinas<\/title>\n<meta name=\"description\" content=\"Realiza\u00e7\u00f5es excecionais surgem frequentemente quando anos de experi\u00eancia se encontram com a capacidade de inovar\" \/>\n<meta name=\"robots\" content=\"index, follow, max-snippet:-1, max-image-preview:large, max-video-preview:-1\" \/>\n<link rel=\"canonical\" href=\"https:\/\/jornaldasoficinas.com\/pt\/150-anos-de-bilstein-olhando-para-o-futuro\/\" \/>\n<meta property=\"og:locale\" content=\"pt_PT\" \/>\n<meta property=\"og:type\" content=\"article\" \/>\n<meta property=\"og:title\" content=\"150 anos de BILSTEIN: olhando para o futuro - Jornal das Oficinas\" \/>\n<meta property=\"og:description\" content=\"Realiza\u00e7\u00f5es excecionais surgem frequentemente quando anos de experi\u00eancia se encontram com a capacidade de inovar\" \/>\n<meta property=\"og:url\" content=\"https:\/\/jornaldasoficinas.com\/pt\/150-anos-de-bilstein-olhando-para-o-futuro\/\" \/>\n<meta property=\"og:site_name\" content=\"Jornal das Oficinas\" \/>\n<meta property=\"article:publisher\" content=\"https:\/\/www.facebook.com\/jornaloficinas\" \/>\n<meta property=\"article:published_time\" content=\"2023-10-12T11:30:19+00:00\" \/>\n<meta property=\"og:image\" content=\"https:\/\/jornaldasoficinas.com\/pt\/wp-content\/uploads\/2023\/09\/150-anos-de-BILSTEIN.png\" \/>\n\t<meta property=\"og:image:width\" content=\"1024\" \/>\n\t<meta property=\"og:image:height\" content=\"581\" \/>\n\t<meta property=\"og:image:type\" content=\"image\/png\" \/>\n<meta name=\"author\" content=\"Reda\u00e7\u00e3o JO\" \/>\n<meta name=\"twitter:card\" content=\"summary_large_image\" \/>\n<meta name=\"twitter:creator\" content=\"@jornaloficinas\" \/>\n<meta name=\"twitter:site\" content=\"@jornaloficinas\" \/>\n<meta name=\"twitter:label1\" content=\"Escrito por\" \/>\n\t<meta name=\"twitter:data1\" content=\"Reda\u00e7\u00e3o JO\" \/>\n\t<meta name=\"twitter:label2\" content=\"Tempo estimado de leitura\" \/>\n\t<meta name=\"twitter:data2\" content=\"4 minutos\" \/>\n<script type=\"application\/ld+json\" class=\"yoast-schema-graph\">{\"@context\":\"https:\\\/\\\/schema.org\",\"@graph\":[{\"@type\":\"Article\",\"@id\":\"https:\\\/\\\/jornaldasoficinas.com\\\/pt\\\/150-anos-de-bilstein-olhando-para-o-futuro\\\/#article\",\"isPartOf\":{\"@id\":\"https:\\\/\\\/jornaldasoficinas.com\\\/pt\\\/150-anos-de-bilstein-olhando-para-o-futuro\\\/\"},\"author\":{\"name\":\"Reda\u00e7\u00e3o JO\",\"@id\":\"https:\\\/\\\/jornaldasoficinas.com\\\/pt\\\/#\\\/schema\\\/person\\\/a38eef5de2c41d9e7c9ac10141afddf3\"},\"headline\":\"150 anos de BILSTEIN: olhando para o futuro\",\"datePublished\":\"2023-10-12T11:30:19+00:00\",\"mainEntityOfPage\":{\"@id\":\"https:\\\/\\\/jornaldasoficinas.com\\\/pt\\\/150-anos-de-bilstein-olhando-para-o-futuro\\\/\"},\"wordCount\":706,\"publisher\":{\"@id\":\"https:\\\/\\\/jornaldasoficinas.com\\\/pt\\\/#organization\"},\"image\":{\"@id\":\"https:\\\/\\\/jornaldasoficinas.com\\\/pt\\\/150-anos-de-bilstein-olhando-para-o-futuro\\\/#primaryimage\"},\"thumbnailUrl\":\"https:\\\/\\\/jornaldasoficinas.com\\\/pt\\\/wp-content\\\/uploads\\\/2023\\\/09\\\/150-anos-de-BILSTEIN.png\",\"keywords\":[\"150 anos de BILSTEIN\",\"amortecedores\",\"Bilstein\"],\"articleSection\":[\"Empresas\"],\"inLanguage\":\"pt-PT\"},{\"@type\":\"WebPage\",\"@id\":\"https:\\\/\\\/jornaldasoficinas.com\\\/pt\\\/150-anos-de-bilstein-olhando-para-o-futuro\\\/\",\"url\":\"https:\\\/\\\/jornaldasoficinas.com\\\/pt\\\/150-anos-de-bilstein-olhando-para-o-futuro\\\/\",\"name\":\"150 anos de BILSTEIN: olhando para o futuro - Jornal das Oficinas\",\"isPartOf\":{\"@id\":\"https:\\\/\\\/jornaldasoficinas.com\\\/pt\\\/#website\"},\"primaryImageOfPage\":{\"@id\":\"https:\\\/\\\/jornaldasoficinas.com\\\/pt\\\/150-anos-de-bilstein-olhando-para-o-futuro\\\/#primaryimage\"},\"image\":{\"@id\":\"https:\\\/\\\/jornaldasoficinas.com\\\/pt\\\/150-anos-de-bilstein-olhando-para-o-futuro\\\/#primaryimage\"},\"thumbnailUrl\":\"https:\\\/\\\/jornaldasoficinas.com\\\/pt\\\/wp-content\\\/uploads\\\/2023\\\/09\\\/150-anos-de-BILSTEIN.png\",\"datePublished\":\"2023-10-12T11:30:19+00:00\",\"description\":\"Realiza\u00e7\u00f5es excecionais surgem frequentemente quando anos de experi\u00eancia se encontram com a capacidade de inovar\",\"breadcrumb\":{\"@id\":\"https:\\\/\\\/jornaldasoficinas.com\\\/pt\\\/150-anos-de-bilstein-olhando-para-o-futuro\\\/#breadcrumb\"},\"inLanguage\":\"pt-PT\",\"potentialAction\":[{\"@type\":\"ReadAction\",\"target\":[\"https:\\\/\\\/jornaldasoficinas.com\\\/pt\\\/150-anos-de-bilstein-olhando-para-o-futuro\\\/\"]}]},{\"@type\":\"ImageObject\",\"inLanguage\":\"pt-PT\",\"@id\":\"https:\\\/\\\/jornaldasoficinas.com\\\/pt\\\/150-anos-de-bilstein-olhando-para-o-futuro\\\/#primaryimage\",\"url\":\"https:\\\/\\\/jornaldasoficinas.com\\\/pt\\\/wp-content\\\/uploads\\\/2023\\\/09\\\/150-anos-de-BILSTEIN.png\",\"contentUrl\":\"https:\\\/\\\/jornaldasoficinas.com\\\/pt\\\/wp-content\\\/uploads\\\/2023\\\/09\\\/150-anos-de-BILSTEIN.png\",\"width\":1024,\"height\":581,\"caption\":\"09 - 150 anos de BILSTEIN\"},{\"@type\":\"BreadcrumbList\",\"@id\":\"https:\\\/\\\/jornaldasoficinas.com\\\/pt\\\/150-anos-de-bilstein-olhando-para-o-futuro\\\/#breadcrumb\",\"itemListElement\":[{\"@type\":\"ListItem\",\"position\":1,\"name\":\"In\u00edcio\",\"item\":\"https:\\\/\\\/jornaldasoficinas.com\\\/pt\\\/\"},{\"@type\":\"ListItem\",\"position\":2,\"name\":\"150 anos de BILSTEIN: olhando para o futuro\"}]},{\"@type\":\"WebSite\",\"@id\":\"https:\\\/\\\/jornaldasoficinas.com\\\/pt\\\/#website\",\"url\":\"https:\\\/\\\/jornaldasoficinas.com\\\/pt\\\/\",\"name\":\"Jornal das Oficinas\",\"description\":\"Jornal independente do Aftermarket Autom\u00f3vel em Portugal\",\"publisher\":{\"@id\":\"https:\\\/\\\/jornaldasoficinas.com\\\/pt\\\/#organization\"},\"potentialAction\":[{\"@type\":\"SearchAction\",\"target\":{\"@type\":\"EntryPoint\",\"urlTemplate\":\"https:\\\/\\\/jornaldasoficinas.com\\\/pt\\\/?s={search_term_string}\"},\"query-input\":{\"@type\":\"PropertyValueSpecification\",\"valueRequired\":true,\"valueName\":\"search_term_string\"}}],\"inLanguage\":\"pt-PT\"},{\"@type\":\"Organization\",\"@id\":\"https:\\\/\\\/jornaldasoficinas.com\\\/pt\\\/#organization\",\"name\":\"Jornal das Oficinas\",\"url\":\"https:\\\/\\\/jornaldasoficinas.com\\\/pt\\\/\",\"logo\":{\"@type\":\"ImageObject\",\"inLanguage\":\"pt-PT\",\"@id\":\"https:\\\/\\\/jornaldasoficinas.com\\\/pt\\\/#\\\/schema\\\/logo\\\/image\\\/\",\"url\":\"https:\\\/\\\/jornaldasoficinas.com\\\/pt\\\/wp-content\\\/uploads\\\/logoJO-SEO.png\",\"contentUrl\":\"https:\\\/\\\/jornaldasoficinas.com\\\/pt\\\/wp-content\\\/uploads\\\/logoJO-SEO.png\",\"width\":285,\"height\":450,\"caption\":\"Jornal das Oficinas\"},\"image\":{\"@id\":\"https:\\\/\\\/jornaldasoficinas.com\\\/pt\\\/#\\\/schema\\\/logo\\\/image\\\/\"},\"sameAs\":[\"https:\\\/\\\/www.facebook.com\\\/jornaloficinas\",\"https:\\\/\\\/x.com\\\/jornaloficinas\",\"https:\\\/\\\/www.instagram.com\\\/jornal_oficinas\\\/\",\"https:\\\/\\\/www.linkedin.com\\\/company\\\/jornal-das-oficinas\\\/\",\"https:\\\/\\\/www.youtube.com\\\/channel\\\/UCbQZBqtcvV-oSQrr7RzINGg\"]},{\"@type\":\"Person\",\"@id\":\"https:\\\/\\\/jornaldasoficinas.com\\\/pt\\\/#\\\/schema\\\/person\\\/a38eef5de2c41d9e7c9ac10141afddf3\",\"name\":\"Reda\u00e7\u00e3o JO\",\"image\":{\"@type\":\"ImageObject\",\"inLanguage\":\"pt-PT\",\"@id\":\"https:\\\/\\\/secure.gravatar.com\\\/avatar\\\/71f2fa71737ad68a84fea94bc708ddac8ea5b0c4788dc2ad202f3ccb2887742f?s=96&d=wp_user_avatar&r=g\",\"url\":\"https:\\\/\\\/secure.gravatar.com\\\/avatar\\\/71f2fa71737ad68a84fea94bc708ddac8ea5b0c4788dc2ad202f3ccb2887742f?s=96&d=wp_user_avatar&r=g\",\"contentUrl\":\"https:\\\/\\\/secure.gravatar.com\\\/avatar\\\/71f2fa71737ad68a84fea94bc708ddac8ea5b0c4788dc2ad202f3ccb2887742f?s=96&d=wp_user_avatar&r=g\",\"caption\":\"Reda\u00e7\u00e3o JO\"},\"url\":\"https:\\\/\\\/jornaldasoficinas.com\\\/pt\\\/author\\\/joredacao\\\/\"}]}<\/script>\n<!-- \/ Yoast SEO plugin. -->","yoast_head_json":{"title":"150 anos de BILSTEIN: olhando para o futuro - Jornal das Oficinas","description":"Realiza\u00e7\u00f5es excecionais surgem frequentemente quando anos de experi\u00eancia se encontram com a capacidade de inovar","robots":{"index":"index","follow":"follow","max-snippet":"max-snippet:-1","max-image-preview":"max-image-preview:large","max-video-preview":"max-video-preview:-1"},"canonical":"https:\/\/jornaldasoficinas.com\/pt\/150-anos-de-bilstein-olhando-para-o-futuro\/","og_locale":"pt_PT","og_type":"article","og_title":"150 anos de BILSTEIN: olhando para o futuro - Jornal das Oficinas","og_description":"Realiza\u00e7\u00f5es excecionais surgem frequentemente quando anos de experi\u00eancia se encontram com a capacidade de inovar","og_url":"https:\/\/jornaldasoficinas.com\/pt\/150-anos-de-bilstein-olhando-para-o-futuro\/","og_site_name":"Jornal das Oficinas","article_publisher":"https:\/\/www.facebook.com\/jornaloficinas","article_published_time":"2023-10-12T11:30:19+00:00","og_image":[{"width":1024,"height":581,"url":"https:\/\/jornaldasoficinas.com\/pt\/wp-content\/uploads\/2023\/09\/150-anos-de-BILSTEIN.png","type":"image\/png"}],"author":"Reda\u00e7\u00e3o JO","twitter_card":"summary_large_image","twitter_creator":"@jornaloficinas","twitter_site":"@jornaloficinas","twitter_misc":{"Escrito por":"Reda\u00e7\u00e3o JO","Tempo estimado de leitura":"4 minutos"},"schema":{"@context":"https:\/\/schema.org","@graph":[{"@type":"Article","@id":"https:\/\/jornaldasoficinas.com\/pt\/150-anos-de-bilstein-olhando-para-o-futuro\/#article","isPartOf":{"@id":"https:\/\/jornaldasoficinas.com\/pt\/150-anos-de-bilstein-olhando-para-o-futuro\/"},"author":{"name":"Reda\u00e7\u00e3o JO","@id":"https:\/\/jornaldasoficinas.com\/pt\/#\/schema\/person\/a38eef5de2c41d9e7c9ac10141afddf3"},"headline":"150 anos de BILSTEIN: olhando para o futuro","datePublished":"2023-10-12T11:30:19+00:00","mainEntityOfPage":{"@id":"https:\/\/jornaldasoficinas.com\/pt\/150-anos-de-bilstein-olhando-para-o-futuro\/"},"wordCount":706,"publisher":{"@id":"https:\/\/jornaldasoficinas.com\/pt\/#organization"},"image":{"@id":"https:\/\/jornaldasoficinas.com\/pt\/150-anos-de-bilstein-olhando-para-o-futuro\/#primaryimage"},"thumbnailUrl":"https:\/\/jornaldasoficinas.com\/pt\/wp-content\/uploads\/2023\/09\/150-anos-de-BILSTEIN.png","keywords":["150 anos de BILSTEIN","amortecedores","Bilstein"],"articleSection":["Empresas"],"inLanguage":"pt-PT"},{"@type":"WebPage","@id":"https:\/\/jornaldasoficinas.com\/pt\/150-anos-de-bilstein-olhando-para-o-futuro\/","url":"https:\/\/jornaldasoficinas.com\/pt\/150-anos-de-bilstein-olhando-para-o-futuro\/","name":"150 anos de BILSTEIN: olhando para o futuro - Jornal das Oficinas","isPartOf":{"@id":"https:\/\/jornaldasoficinas.com\/pt\/#website"},"primaryImageOfPage":{"@id":"https:\/\/jornaldasoficinas.com\/pt\/150-anos-de-bilstein-olhando-para-o-futuro\/#primaryimage"},"image":{"@id":"https:\/\/jornaldasoficinas.com\/pt\/150-anos-de-bilstein-olhando-para-o-futuro\/#primaryimage"},"thumbnailUrl":"https:\/\/jornaldasoficinas.com\/pt\/wp-content\/uploads\/2023\/09\/150-anos-de-BILSTEIN.png","datePublished":"2023-10-12T11:30:19+00:00","description":"Realiza\u00e7\u00f5es excecionais surgem frequentemente quando anos de experi\u00eancia se encontram com a capacidade de inovar","breadcrumb":{"@id":"https:\/\/jornaldasoficinas.com\/pt\/150-anos-de-bilstein-olhando-para-o-futuro\/#breadcrumb"},"inLanguage":"pt-PT","potentialAction":[{"@type":"ReadAction","target":["https:\/\/jornaldasoficinas.com\/pt\/150-anos-de-bilstein-olhando-para-o-futuro\/"]}]},{"@type":"ImageObject","inLanguage":"pt-PT","@id":"https:\/\/jornaldasoficinas.com\/pt\/150-anos-de-bilstein-olhando-para-o-futuro\/#primaryimage","url":"https:\/\/jornaldasoficinas.com\/pt\/wp-content\/uploads\/2023\/09\/150-anos-de-BILSTEIN.png","contentUrl":"https:\/\/jornaldasoficinas.com\/pt\/wp-content\/uploads\/2023\/09\/150-anos-de-BILSTEIN.png","width":1024,"height":581,"caption":"09 - 150 anos de BILSTEIN"},{"@type":"BreadcrumbList","@id":"https:\/\/jornaldasoficinas.com\/pt\/150-anos-de-bilstein-olhando-para-o-futuro\/#breadcrumb","itemListElement":[{"@type":"ListItem","position":1,"name":"In\u00edcio","item":"https:\/\/jornaldasoficinas.com\/pt\/"},{"@type":"ListItem","position":2,"name":"150 anos de BILSTEIN: olhando para o futuro"}]},{"@type":"WebSite","@id":"https:\/\/jornaldasoficinas.com\/pt\/#website","url":"https:\/\/jornaldasoficinas.com\/pt\/","name":"Jornal das Oficinas","description":"Jornal independente do Aftermarket Autom\u00f3vel em Portugal","publisher":{"@id":"https:\/\/jornaldasoficinas.com\/pt\/#organization"},"potentialAction":[{"@type":"SearchAction","target":{"@type":"EntryPoint","urlTemplate":"https:\/\/jornaldasoficinas.com\/pt\/?s={search_term_string}"},"query-input":{"@type":"PropertyValueSpecification","valueRequired":true,"valueName":"search_term_string"}}],"inLanguage":"pt-PT"},{"@type":"Organization","@id":"https:\/\/jornaldasoficinas.com\/pt\/#organization","name":"Jornal das Oficinas","url":"https:\/\/jornaldasoficinas.com\/pt\/","logo":{"@type":"ImageObject","inLanguage":"pt-PT","@id":"https:\/\/jornaldasoficinas.com\/pt\/#\/schema\/logo\/image\/","url":"https:\/\/jornaldasoficinas.com\/pt\/wp-content\/uploads\/logoJO-SEO.png","contentUrl":"https:\/\/jornaldasoficinas.com\/pt\/wp-content\/uploads\/logoJO-SEO.png","width":285,"height":450,"caption":"Jornal das Oficinas"},"image":{"@id":"https:\/\/jornaldasoficinas.com\/pt\/#\/schema\/logo\/image\/"},"sameAs":["https:\/\/www.facebook.com\/jornaloficinas","https:\/\/x.com\/jornaloficinas","https:\/\/www.instagram.com\/jornal_oficinas\/","https:\/\/www.linkedin.com\/company\/jornal-das-oficinas\/","https:\/\/www.youtube.com\/channel\/UCbQZBqtcvV-oSQrr7RzINGg"]},{"@type":"Person","@id":"https:\/\/jornaldasoficinas.com\/pt\/#\/schema\/person\/a38eef5de2c41d9e7c9ac10141afddf3","name":"Reda\u00e7\u00e3o JO","image":{"@type":"ImageObject","inLanguage":"pt-PT","@id":"https:\/\/secure.gravatar.com\/avatar\/71f2fa71737ad68a84fea94bc708ddac8ea5b0c4788dc2ad202f3ccb2887742f?s=96&d=wp_user_avatar&r=g","url":"https:\/\/secure.gravatar.com\/avatar\/71f2fa71737ad68a84fea94bc708ddac8ea5b0c4788dc2ad202f3ccb2887742f?s=96&d=wp_user_avatar&r=g","contentUrl":"https:\/\/secure.gravatar.com\/avatar\/71f2fa71737ad68a84fea94bc708ddac8ea5b0c4788dc2ad202f3ccb2887742f?s=96&d=wp_user_avatar&r=g","caption":"Reda\u00e7\u00e3o JO"},"url":"https:\/\/jornaldasoficinas.com\/pt\/author\/joredacao\/"}]}},"_links":{"self":[{"href":"https:\/\/jornaldasoficinas.com\/pt\/wp-json\/wp\/v2\/posts\/73107","targetHints":{"allow":["GET"]}}],"collection":[{"href":"https:\/\/jornaldasoficinas.com\/pt\/wp-json\/wp\/v2\/posts"}],"about":[{"href":"https:\/\/jornaldasoficinas.com\/pt\/wp-json\/wp\/v2\/types\/post"}],"author":[{"embeddable":true,"href":"https:\/\/jornaldasoficinas.com\/pt\/wp-json\/wp\/v2\/users\/15"}],"replies":[{"embeddable":true,"href":"https:\/\/jornaldasoficinas.com\/pt\/wp-json\/wp\/v2\/comments?post=73107"}],"version-history":[{"count":0,"href":"https:\/\/jornaldasoficinas.com\/pt\/wp-json\/wp\/v2\/posts\/73107\/revisions"}],"wp:featuredmedia":[{"embeddable":true,"href":"https:\/\/jornaldasoficinas.com\/pt\/wp-json\/wp\/v2\/media\/73109"}],"wp:attachment":[{"href":"https:\/\/jornaldasoficinas.com\/pt\/wp-json\/wp\/v2\/media?parent=73107"}],"wp:term":[{"taxonomy":"category","embeddable":true,"href":"https:\/\/jornaldasoficinas.com\/pt\/wp-json\/wp\/v2\/categories?post=73107"},{"taxonomy":"post_tag","embeddable":true,"href":"https:\/\/jornaldasoficinas.com\/pt\/wp-json\/wp\/v2\/tags?post=73107"}],"curies":[{"name":"wp","href":"https:\/\/api.w.org\/{rel}","templated":true}]}}