{"id":7319,"date":"2019-12-01T08:30:06","date_gmt":"2019-12-01T08:30:06","guid":{"rendered":"https:\/\/jornaldasoficinas.com\/pt\/?p=7319"},"modified":"2019-12-01T10:44:51","modified_gmt":"2019-12-01T10:44:51","slug":"valeo-e-o-fabricante-do-mes-de-dezembro-na-auto-delta","status":"publish","type":"post","link":"https:\/\/jornaldasoficinas.com\/pt\/valeo-e-o-fabricante-do-mes-de-dezembro-na-auto-delta\/","title":{"rendered":"Valeo \u00e9 o Fabricante do M\u00eas de dezembro na Auto Delta"},"content":{"rendered":"<p><img loading=\"lazy\" decoding=\"async\" class=\"alignnone wp-image-7318 size-full\" src=\"https:\/\/jornaldasoficinas.com\/pt\/wp-content\/uploads\/2019\/11\/Em-Dezembro-a-Valeo-e\u0301-o-Fabricante-do-Me\u0302s-na-Auto-Delta.jpg\" alt=\"11 - Em-Dezembro-a-Valeo-e\u0301-o-Fabricante-do-Me\u0302s-na-Auto-Delta\" width=\"1024\" height=\"581\" srcset=\"https:\/\/jornaldasoficinas.com\/pt\/wp-content\/uploads\/2019\/11\/Em-Dezembro-a-Valeo-e\u0301-o-Fabricante-do-Me\u0302s-na-Auto-Delta.jpg 1024w, https:\/\/jornaldasoficinas.com\/pt\/wp-content\/uploads\/2019\/11\/Em-Dezembro-a-Valeo-e\u0301-o-Fabricante-do-Me\u0302s-na-Auto-Delta-300x170.jpg 300w, https:\/\/jornaldasoficinas.com\/pt\/wp-content\/uploads\/2019\/11\/Em-Dezembro-a-Valeo-e\u0301-o-Fabricante-do-Me\u0302s-na-Auto-Delta-150x85.jpg 150w, https:\/\/jornaldasoficinas.com\/pt\/wp-content\/uploads\/2019\/11\/Em-Dezembro-a-Valeo-e\u0301-o-Fabricante-do-Me\u0302s-na-Auto-Delta-768x436.jpg 768w\" sizes=\"auto, (max-width: 1024px) 100vw, 1024px\" \/><\/p>\n<p><strong>Chegados a mais um final de ano, a Valeo assume posi\u00e7\u00e3o de destaque na Auto Delta durante todo o m\u00eas de dezembro. Por isso, ser\u00e3o v\u00e1rias as campanhas previstas para este m\u00eas.<\/strong><\/p>\n<p>A <a href=\"https:\/\/www.valeo.com\/en\/\" target=\"_blank\" rel=\"noopener noreferrer\">Valeo<\/a> \u00e9 um nome a ter em conta na <a href=\"https:\/\/www.autodelta.pt\/\" target=\"_blank\" rel=\"noopener noreferrer\">Auto Delta<\/a>. Fabricante de renome em sistemas de embraiagem e material el\u00e9trico, disp\u00f5e de uma variedade de gamas e produtos que lhe confere uma import\u00e2ncia especial, principalmente num mercado maduro, como \u00e9 o portugu\u00eas.<\/p>\n<p>Durante todo o m\u00eas de dezembro, ser\u00e3o muitas as campanhas em que o cliente poder\u00e1 aproveitar para refor\u00e7ar o seu portef\u00f3lio com um produto de qualidade superior, a um pre\u00e7o altamente competitivo.<\/p>\n<p>\u201cAuto Delta &amp; Valeo \u2013 Com os Melhores, a Caminho do Futuro!\u201d, pode ler-se no comunicado enviado \u00e0 nossa reda\u00e7\u00e3o.<\/p>\n","protected":false},"excerpt":{"rendered":"<p>Chegados a mais um final de&#8230;<\/p>\n","protected":false},"author":15,"featured_media":7318,"comment_status":"closed","ping_status":"closed","sticky":false,"template":"","format":"standard","meta":{"footnotes":""},"categories":[29],"tags":[918,187,188,917],"class_list":["post-7319","post","type-post","status-publish","format-standard","has-post-thumbnail","hentry","category-empresas","tag-atr","tag-auto-delta","tag-cga-car-service","tag-valeo"],"yoast_head":"<!-- This site is optimized with the Yoast SEO plugin v27.4 - https:\/\/yoast.com\/product\/yoast-seo-wordpress\/ -->\n<title>Valeo \u00e9 o Fabricante do M\u00eas de dezembro na Auto Delta - Jornal das Oficinas<\/title>\n<meta name=\"robots\" content=\"index, follow, max-snippet:-1, max-image-preview:large, max-video-preview:-1\" \/>\n<link rel=\"canonical\" href=\"https:\/\/jornaldasoficinas.com\/pt\/valeo-e-o-fabricante-do-mes-de-dezembro-na-auto-delta\/\" \/>\n<meta property=\"og:locale\" content=\"pt_PT\" \/>\n<meta property=\"og:type\" content=\"article\" \/>\n<meta property=\"og:title\" content=\"Valeo \u00e9 o Fabricante do M\u00eas de dezembro na Auto Delta - Jornal das Oficinas\" \/>\n<meta property=\"og:description\" content=\"Chegados a mais um final de...\" \/>\n<meta property=\"og:url\" content=\"https:\/\/jornaldasoficinas.com\/pt\/valeo-e-o-fabricante-do-mes-de-dezembro-na-auto-delta\/\" \/>\n<meta property=\"og:site_name\" content=\"Jornal das Oficinas\" \/>\n<meta property=\"article:publisher\" content=\"https:\/\/www.facebook.com\/jornaloficinas\" \/>\n<meta property=\"article:published_time\" content=\"2019-12-01T08:30:06+00:00\" \/>\n<meta property=\"article:modified_time\" content=\"2019-12-01T10:44:51+00:00\" \/>\n<meta property=\"og:image\" content=\"https:\/\/jornaldasoficinas.com\/pt\/wp-content\/uploads\/2019\/11\/Em-Dezembro-a-Valeo-e\u0301-o-Fabricante-do-Me\u0302s-na-Auto-Delta.jpg\" \/>\n\t<meta property=\"og:image:width\" content=\"1024\" \/>\n\t<meta property=\"og:image:height\" content=\"581\" \/>\n\t<meta property=\"og:image:type\" content=\"image\/jpeg\" \/>\n<meta name=\"author\" content=\"Reda\u00e7\u00e3o JO\" \/>\n<meta name=\"twitter:card\" content=\"summary_large_image\" \/>\n<meta name=\"twitter:creator\" content=\"@jornaloficinas\" \/>\n<meta name=\"twitter:site\" content=\"@jornaloficinas\" \/>\n<meta name=\"twitter:label1\" content=\"Escrito por\" \/>\n\t<meta name=\"twitter:data1\" content=\"Reda\u00e7\u00e3o JO\" \/>\n\t<meta name=\"twitter:label2\" content=\"Tempo estimado de leitura\" \/>\n\t<meta name=\"twitter:data2\" content=\"1 minuto\" \/>\n<script type=\"application\/ld+json\" class=\"yoast-schema-graph\">{\"@context\":\"https:\\\/\\\/schema.org\",\"@graph\":[{\"@type\":\"Article\",\"@id\":\"https:\\\/\\\/jornaldasoficinas.com\\\/pt\\\/valeo-e-o-fabricante-do-mes-de-dezembro-na-auto-delta\\\/#article\",\"isPartOf\":{\"@id\":\"https:\\\/\\\/jornaldasoficinas.com\\\/pt\\\/valeo-e-o-fabricante-do-mes-de-dezembro-na-auto-delta\\\/\"},\"author\":{\"name\":\"Reda\u00e7\u00e3o JO\",\"@id\":\"https:\\\/\\\/jornaldasoficinas.com\\\/pt\\\/#\\\/schema\\\/person\\\/a38eef5de2c41d9e7c9ac10141afddf3\"},\"headline\":\"Valeo \u00e9 o Fabricante do M\u00eas de dezembro na Auto Delta\",\"datePublished\":\"2019-12-01T08:30:06+00:00\",\"dateModified\":\"2019-12-01T10:44:51+00:00\",\"mainEntityOfPage\":{\"@id\":\"https:\\\/\\\/jornaldasoficinas.com\\\/pt\\\/valeo-e-o-fabricante-do-mes-de-dezembro-na-auto-delta\\\/\"},\"wordCount\":150,\"publisher\":{\"@id\":\"https:\\\/\\\/jornaldasoficinas.com\\\/pt\\\/#organization\"},\"image\":{\"@id\":\"https:\\\/\\\/jornaldasoficinas.com\\\/pt\\\/valeo-e-o-fabricante-do-mes-de-dezembro-na-auto-delta\\\/#primaryimage\"},\"thumbnailUrl\":\"https:\\\/\\\/jornaldasoficinas.com\\\/pt\\\/wp-content\\\/uploads\\\/2019\\\/11\\\/Em-Dezembro-a-Valeo-e\u0301-o-Fabricante-do-Me\u0302s-na-Auto-Delta.jpg\",\"keywords\":[\"ATR\",\"Auto Delta\",\"CGA Car Service\",\"Valeo\"],\"articleSection\":[\"Empresas\"],\"inLanguage\":\"pt-PT\"},{\"@type\":\"WebPage\",\"@id\":\"https:\\\/\\\/jornaldasoficinas.com\\\/pt\\\/valeo-e-o-fabricante-do-mes-de-dezembro-na-auto-delta\\\/\",\"url\":\"https:\\\/\\\/jornaldasoficinas.com\\\/pt\\\/valeo-e-o-fabricante-do-mes-de-dezembro-na-auto-delta\\\/\",\"name\":\"Valeo \u00e9 o Fabricante do M\u00eas de dezembro na Auto Delta - Jornal das Oficinas\",\"isPartOf\":{\"@id\":\"https:\\\/\\\/jornaldasoficinas.com\\\/pt\\\/#website\"},\"primaryImageOfPage\":{\"@id\":\"https:\\\/\\\/jornaldasoficinas.com\\\/pt\\\/valeo-e-o-fabricante-do-mes-de-dezembro-na-auto-delta\\\/#primaryimage\"},\"image\":{\"@id\":\"https:\\\/\\\/jornaldasoficinas.com\\\/pt\\\/valeo-e-o-fabricante-do-mes-de-dezembro-na-auto-delta\\\/#primaryimage\"},\"thumbnailUrl\":\"https:\\\/\\\/jornaldasoficinas.com\\\/pt\\\/wp-content\\\/uploads\\\/2019\\\/11\\\/Em-Dezembro-a-Valeo-e\u0301-o-Fabricante-do-Me\u0302s-na-Auto-Delta.jpg\",\"datePublished\":\"2019-12-01T08:30:06+00:00\",\"dateModified\":\"2019-12-01T10:44:51+00:00\",\"breadcrumb\":{\"@id\":\"https:\\\/\\\/jornaldasoficinas.com\\\/pt\\\/valeo-e-o-fabricante-do-mes-de-dezembro-na-auto-delta\\\/#breadcrumb\"},\"inLanguage\":\"pt-PT\",\"potentialAction\":[{\"@type\":\"ReadAction\",\"target\":[\"https:\\\/\\\/jornaldasoficinas.com\\\/pt\\\/valeo-e-o-fabricante-do-mes-de-dezembro-na-auto-delta\\\/\"]}]},{\"@type\":\"ImageObject\",\"inLanguage\":\"pt-PT\",\"@id\":\"https:\\\/\\\/jornaldasoficinas.com\\\/pt\\\/valeo-e-o-fabricante-do-mes-de-dezembro-na-auto-delta\\\/#primaryimage\",\"url\":\"https:\\\/\\\/jornaldasoficinas.com\\\/pt\\\/wp-content\\\/uploads\\\/2019\\\/11\\\/Em-Dezembro-a-Valeo-e\u0301-o-Fabricante-do-Me\u0302s-na-Auto-Delta.jpg\",\"contentUrl\":\"https:\\\/\\\/jornaldasoficinas.com\\\/pt\\\/wp-content\\\/uploads\\\/2019\\\/11\\\/Em-Dezembro-a-Valeo-e\u0301-o-Fabricante-do-Me\u0302s-na-Auto-Delta.jpg\",\"width\":1024,\"height\":581,\"caption\":\"11 - Em-Dezembro-a-Valeo-e\u0301-o-Fabricante-do-Me\u0302s-na-Auto-Delta\"},{\"@type\":\"BreadcrumbList\",\"@id\":\"https:\\\/\\\/jornaldasoficinas.com\\\/pt\\\/valeo-e-o-fabricante-do-mes-de-dezembro-na-auto-delta\\\/#breadcrumb\",\"itemListElement\":[{\"@type\":\"ListItem\",\"position\":1,\"name\":\"In\u00edcio\",\"item\":\"https:\\\/\\\/jornaldasoficinas.com\\\/pt\\\/\"},{\"@type\":\"ListItem\",\"position\":2,\"name\":\"Valeo \u00e9 o Fabricante do M\u00eas de dezembro na Auto Delta\"}]},{\"@type\":\"WebSite\",\"@id\":\"https:\\\/\\\/jornaldasoficinas.com\\\/pt\\\/#website\",\"url\":\"https:\\\/\\\/jornaldasoficinas.com\\\/pt\\\/\",\"name\":\"Jornal das Oficinas\",\"description\":\"Jornal independente do Aftermarket Autom\u00f3vel em Portugal\",\"publisher\":{\"@id\":\"https:\\\/\\\/jornaldasoficinas.com\\\/pt\\\/#organization\"},\"potentialAction\":[{\"@type\":\"SearchAction\",\"target\":{\"@type\":\"EntryPoint\",\"urlTemplate\":\"https:\\\/\\\/jornaldasoficinas.com\\\/pt\\\/?s={search_term_string}\"},\"query-input\":{\"@type\":\"PropertyValueSpecification\",\"valueRequired\":true,\"valueName\":\"search_term_string\"}}],\"inLanguage\":\"pt-PT\"},{\"@type\":\"Organization\",\"@id\":\"https:\\\/\\\/jornaldasoficinas.com\\\/pt\\\/#organization\",\"name\":\"Jornal das Oficinas\",\"url\":\"https:\\\/\\\/jornaldasoficinas.com\\\/pt\\\/\",\"logo\":{\"@type\":\"ImageObject\",\"inLanguage\":\"pt-PT\",\"@id\":\"https:\\\/\\\/jornaldasoficinas.com\\\/pt\\\/#\\\/schema\\\/logo\\\/image\\\/\",\"url\":\"https:\\\/\\\/jornaldasoficinas.com\\\/pt\\\/wp-content\\\/uploads\\\/logoJO-SEO.png\",\"contentUrl\":\"https:\\\/\\\/jornaldasoficinas.com\\\/pt\\\/wp-content\\\/uploads\\\/logoJO-SEO.png\",\"width\":285,\"height\":450,\"caption\":\"Jornal das Oficinas\"},\"image\":{\"@id\":\"https:\\\/\\\/jornaldasoficinas.com\\\/pt\\\/#\\\/schema\\\/logo\\\/image\\\/\"},\"sameAs\":[\"https:\\\/\\\/www.facebook.com\\\/jornaloficinas\",\"https:\\\/\\\/x.com\\\/jornaloficinas\",\"https:\\\/\\\/www.instagram.com\\\/jornal_oficinas\\\/\",\"https:\\\/\\\/www.linkedin.com\\\/company\\\/jornal-das-oficinas\\\/\",\"https:\\\/\\\/www.youtube.com\\\/channel\\\/UCbQZBqtcvV-oSQrr7RzINGg\"]},{\"@type\":\"Person\",\"@id\":\"https:\\\/\\\/jornaldasoficinas.com\\\/pt\\\/#\\\/schema\\\/person\\\/a38eef5de2c41d9e7c9ac10141afddf3\",\"name\":\"Reda\u00e7\u00e3o JO\",\"image\":{\"@type\":\"ImageObject\",\"inLanguage\":\"pt-PT\",\"@id\":\"https:\\\/\\\/secure.gravatar.com\\\/avatar\\\/71f2fa71737ad68a84fea94bc708ddac8ea5b0c4788dc2ad202f3ccb2887742f?s=96&d=wp_user_avatar&r=g\",\"url\":\"https:\\\/\\\/secure.gravatar.com\\\/avatar\\\/71f2fa71737ad68a84fea94bc708ddac8ea5b0c4788dc2ad202f3ccb2887742f?s=96&d=wp_user_avatar&r=g\",\"contentUrl\":\"https:\\\/\\\/secure.gravatar.com\\\/avatar\\\/71f2fa71737ad68a84fea94bc708ddac8ea5b0c4788dc2ad202f3ccb2887742f?s=96&d=wp_user_avatar&r=g\",\"caption\":\"Reda\u00e7\u00e3o JO\"},\"url\":\"https:\\\/\\\/jornaldasoficinas.com\\\/pt\\\/author\\\/joredacao\\\/\"}]}<\/script>\n<!-- \/ Yoast SEO plugin. -->","yoast_head_json":{"title":"Valeo \u00e9 o Fabricante do M\u00eas de dezembro na Auto Delta - Jornal das Oficinas","robots":{"index":"index","follow":"follow","max-snippet":"max-snippet:-1","max-image-preview":"max-image-preview:large","max-video-preview":"max-video-preview:-1"},"canonical":"https:\/\/jornaldasoficinas.com\/pt\/valeo-e-o-fabricante-do-mes-de-dezembro-na-auto-delta\/","og_locale":"pt_PT","og_type":"article","og_title":"Valeo \u00e9 o Fabricante do M\u00eas de dezembro na Auto Delta - Jornal das Oficinas","og_description":"Chegados a mais um final de...","og_url":"https:\/\/jornaldasoficinas.com\/pt\/valeo-e-o-fabricante-do-mes-de-dezembro-na-auto-delta\/","og_site_name":"Jornal das Oficinas","article_publisher":"https:\/\/www.facebook.com\/jornaloficinas","article_published_time":"2019-12-01T08:30:06+00:00","article_modified_time":"2019-12-01T10:44:51+00:00","og_image":[{"width":1024,"height":581,"url":"https:\/\/jornaldasoficinas.com\/pt\/wp-content\/uploads\/2019\/11\/Em-Dezembro-a-Valeo-e\u0301-o-Fabricante-do-Me\u0302s-na-Auto-Delta.jpg","type":"image\/jpeg"}],"author":"Reda\u00e7\u00e3o JO","twitter_card":"summary_large_image","twitter_creator":"@jornaloficinas","twitter_site":"@jornaloficinas","twitter_misc":{"Escrito por":"Reda\u00e7\u00e3o JO","Tempo estimado de leitura":"1 minuto"},"schema":{"@context":"https:\/\/schema.org","@graph":[{"@type":"Article","@id":"https:\/\/jornaldasoficinas.com\/pt\/valeo-e-o-fabricante-do-mes-de-dezembro-na-auto-delta\/#article","isPartOf":{"@id":"https:\/\/jornaldasoficinas.com\/pt\/valeo-e-o-fabricante-do-mes-de-dezembro-na-auto-delta\/"},"author":{"name":"Reda\u00e7\u00e3o JO","@id":"https:\/\/jornaldasoficinas.com\/pt\/#\/schema\/person\/a38eef5de2c41d9e7c9ac10141afddf3"},"headline":"Valeo \u00e9 o Fabricante do M\u00eas de dezembro na Auto Delta","datePublished":"2019-12-01T08:30:06+00:00","dateModified":"2019-12-01T10:44:51+00:00","mainEntityOfPage":{"@id":"https:\/\/jornaldasoficinas.com\/pt\/valeo-e-o-fabricante-do-mes-de-dezembro-na-auto-delta\/"},"wordCount":150,"publisher":{"@id":"https:\/\/jornaldasoficinas.com\/pt\/#organization"},"image":{"@id":"https:\/\/jornaldasoficinas.com\/pt\/valeo-e-o-fabricante-do-mes-de-dezembro-na-auto-delta\/#primaryimage"},"thumbnailUrl":"https:\/\/jornaldasoficinas.com\/pt\/wp-content\/uploads\/2019\/11\/Em-Dezembro-a-Valeo-e\u0301-o-Fabricante-do-Me\u0302s-na-Auto-Delta.jpg","keywords":["ATR","Auto Delta","CGA Car Service","Valeo"],"articleSection":["Empresas"],"inLanguage":"pt-PT"},{"@type":"WebPage","@id":"https:\/\/jornaldasoficinas.com\/pt\/valeo-e-o-fabricante-do-mes-de-dezembro-na-auto-delta\/","url":"https:\/\/jornaldasoficinas.com\/pt\/valeo-e-o-fabricante-do-mes-de-dezembro-na-auto-delta\/","name":"Valeo \u00e9 o Fabricante do M\u00eas de dezembro na Auto Delta - Jornal das Oficinas","isPartOf":{"@id":"https:\/\/jornaldasoficinas.com\/pt\/#website"},"primaryImageOfPage":{"@id":"https:\/\/jornaldasoficinas.com\/pt\/valeo-e-o-fabricante-do-mes-de-dezembro-na-auto-delta\/#primaryimage"},"image":{"@id":"https:\/\/jornaldasoficinas.com\/pt\/valeo-e-o-fabricante-do-mes-de-dezembro-na-auto-delta\/#primaryimage"},"thumbnailUrl":"https:\/\/jornaldasoficinas.com\/pt\/wp-content\/uploads\/2019\/11\/Em-Dezembro-a-Valeo-e\u0301-o-Fabricante-do-Me\u0302s-na-Auto-Delta.jpg","datePublished":"2019-12-01T08:30:06+00:00","dateModified":"2019-12-01T10:44:51+00:00","breadcrumb":{"@id":"https:\/\/jornaldasoficinas.com\/pt\/valeo-e-o-fabricante-do-mes-de-dezembro-na-auto-delta\/#breadcrumb"},"inLanguage":"pt-PT","potentialAction":[{"@type":"ReadAction","target":["https:\/\/jornaldasoficinas.com\/pt\/valeo-e-o-fabricante-do-mes-de-dezembro-na-auto-delta\/"]}]},{"@type":"ImageObject","inLanguage":"pt-PT","@id":"https:\/\/jornaldasoficinas.com\/pt\/valeo-e-o-fabricante-do-mes-de-dezembro-na-auto-delta\/#primaryimage","url":"https:\/\/jornaldasoficinas.com\/pt\/wp-content\/uploads\/2019\/11\/Em-Dezembro-a-Valeo-e\u0301-o-Fabricante-do-Me\u0302s-na-Auto-Delta.jpg","contentUrl":"https:\/\/jornaldasoficinas.com\/pt\/wp-content\/uploads\/2019\/11\/Em-Dezembro-a-Valeo-e\u0301-o-Fabricante-do-Me\u0302s-na-Auto-Delta.jpg","width":1024,"height":581,"caption":"11 - Em-Dezembro-a-Valeo-e\u0301-o-Fabricante-do-Me\u0302s-na-Auto-Delta"},{"@type":"BreadcrumbList","@id":"https:\/\/jornaldasoficinas.com\/pt\/valeo-e-o-fabricante-do-mes-de-dezembro-na-auto-delta\/#breadcrumb","itemListElement":[{"@type":"ListItem","position":1,"name":"In\u00edcio","item":"https:\/\/jornaldasoficinas.com\/pt\/"},{"@type":"ListItem","position":2,"name":"Valeo \u00e9 o Fabricante do M\u00eas de dezembro na Auto Delta"}]},{"@type":"WebSite","@id":"https:\/\/jornaldasoficinas.com\/pt\/#website","url":"https:\/\/jornaldasoficinas.com\/pt\/","name":"Jornal das Oficinas","description":"Jornal independente do Aftermarket Autom\u00f3vel em Portugal","publisher":{"@id":"https:\/\/jornaldasoficinas.com\/pt\/#organization"},"potentialAction":[{"@type":"SearchAction","target":{"@type":"EntryPoint","urlTemplate":"https:\/\/jornaldasoficinas.com\/pt\/?s={search_term_string}"},"query-input":{"@type":"PropertyValueSpecification","valueRequired":true,"valueName":"search_term_string"}}],"inLanguage":"pt-PT"},{"@type":"Organization","@id":"https:\/\/jornaldasoficinas.com\/pt\/#organization","name":"Jornal das Oficinas","url":"https:\/\/jornaldasoficinas.com\/pt\/","logo":{"@type":"ImageObject","inLanguage":"pt-PT","@id":"https:\/\/jornaldasoficinas.com\/pt\/#\/schema\/logo\/image\/","url":"https:\/\/jornaldasoficinas.com\/pt\/wp-content\/uploads\/logoJO-SEO.png","contentUrl":"https:\/\/jornaldasoficinas.com\/pt\/wp-content\/uploads\/logoJO-SEO.png","width":285,"height":450,"caption":"Jornal das Oficinas"},"image":{"@id":"https:\/\/jornaldasoficinas.com\/pt\/#\/schema\/logo\/image\/"},"sameAs":["https:\/\/www.facebook.com\/jornaloficinas","https:\/\/x.com\/jornaloficinas","https:\/\/www.instagram.com\/jornal_oficinas\/","https:\/\/www.linkedin.com\/company\/jornal-das-oficinas\/","https:\/\/www.youtube.com\/channel\/UCbQZBqtcvV-oSQrr7RzINGg"]},{"@type":"Person","@id":"https:\/\/jornaldasoficinas.com\/pt\/#\/schema\/person\/a38eef5de2c41d9e7c9ac10141afddf3","name":"Reda\u00e7\u00e3o JO","image":{"@type":"ImageObject","inLanguage":"pt-PT","@id":"https:\/\/secure.gravatar.com\/avatar\/71f2fa71737ad68a84fea94bc708ddac8ea5b0c4788dc2ad202f3ccb2887742f?s=96&d=wp_user_avatar&r=g","url":"https:\/\/secure.gravatar.com\/avatar\/71f2fa71737ad68a84fea94bc708ddac8ea5b0c4788dc2ad202f3ccb2887742f?s=96&d=wp_user_avatar&r=g","contentUrl":"https:\/\/secure.gravatar.com\/avatar\/71f2fa71737ad68a84fea94bc708ddac8ea5b0c4788dc2ad202f3ccb2887742f?s=96&d=wp_user_avatar&r=g","caption":"Reda\u00e7\u00e3o JO"},"url":"https:\/\/jornaldasoficinas.com\/pt\/author\/joredacao\/"}]}},"_links":{"self":[{"href":"https:\/\/jornaldasoficinas.com\/pt\/wp-json\/wp\/v2\/posts\/7319","targetHints":{"allow":["GET"]}}],"collection":[{"href":"https:\/\/jornaldasoficinas.com\/pt\/wp-json\/wp\/v2\/posts"}],"about":[{"href":"https:\/\/jornaldasoficinas.com\/pt\/wp-json\/wp\/v2\/types\/post"}],"author":[{"embeddable":true,"href":"https:\/\/jornaldasoficinas.com\/pt\/wp-json\/wp\/v2\/users\/15"}],"replies":[{"embeddable":true,"href":"https:\/\/jornaldasoficinas.com\/pt\/wp-json\/wp\/v2\/comments?post=7319"}],"version-history":[{"count":0,"href":"https:\/\/jornaldasoficinas.com\/pt\/wp-json\/wp\/v2\/posts\/7319\/revisions"}],"wp:featuredmedia":[{"embeddable":true,"href":"https:\/\/jornaldasoficinas.com\/pt\/wp-json\/wp\/v2\/media\/7318"}],"wp:attachment":[{"href":"https:\/\/jornaldasoficinas.com\/pt\/wp-json\/wp\/v2\/media?parent=7319"}],"wp:term":[{"taxonomy":"category","embeddable":true,"href":"https:\/\/jornaldasoficinas.com\/pt\/wp-json\/wp\/v2\/categories?post=7319"},{"taxonomy":"post_tag","embeddable":true,"href":"https:\/\/jornaldasoficinas.com\/pt\/wp-json\/wp\/v2\/tags?post=7319"}],"curies":[{"name":"wp","href":"https:\/\/api.w.org\/{rel}","templated":true}]}}