{"id":73226,"date":"2023-10-16T10:00:52","date_gmt":"2023-10-16T09:00:52","guid":{"rendered":"https:\/\/jornaldasoficinas.com\/pt\/?p=73226"},"modified":"2023-10-15T16:34:23","modified_gmt":"2023-10-15T15:34:23","slug":"go-charge-a-nova-aposta-eletrificada-do-grupo-salvador-caetano","status":"publish","type":"post","link":"https:\/\/jornaldasoficinas.com\/pt\/go-charge-a-nova-aposta-eletrificada-do-grupo-salvador-caetano\/","title":{"rendered":"Go.Charge a nova aposta eletrificada do Grupo Salvador Caetano"},"content":{"rendered":"<p><strong><img loading=\"lazy\" decoding=\"async\" class=\"alignnone size-full wp-image-73172\" src=\"https:\/\/jornaldasoficinas.com\/pt\/wp-content\/uploads\/2023\/09\/Go.Charge-a-nova-aposta-eletrificada-do-Grupo-Salvador-Caetano.jpg\" alt=\"09 - Go.Charge a nova aposta eletrificada do Grupo Salvador Caetano\" width=\"1024\" height=\"581\" srcset=\"https:\/\/jornaldasoficinas.com\/pt\/wp-content\/uploads\/2023\/09\/Go.Charge-a-nova-aposta-eletrificada-do-Grupo-Salvador-Caetano.jpg 1024w, https:\/\/jornaldasoficinas.com\/pt\/wp-content\/uploads\/2023\/09\/Go.Charge-a-nova-aposta-eletrificada-do-Grupo-Salvador-Caetano-300x170.jpg 300w, https:\/\/jornaldasoficinas.com\/pt\/wp-content\/uploads\/2023\/09\/Go.Charge-a-nova-aposta-eletrificada-do-Grupo-Salvador-Caetano-150x85.jpg 150w, https:\/\/jornaldasoficinas.com\/pt\/wp-content\/uploads\/2023\/09\/Go.Charge-a-nova-aposta-eletrificada-do-Grupo-Salvador-Caetano-768x436.jpg 768w\" sizes=\"auto, (max-width: 1024px) 100vw, 1024px\" \/>\u00a0<\/strong><\/p>\n<p><strong>A transi\u00e7\u00e3o e ado\u00e7\u00e3o de uma mobilidade el\u00e9trica e sustent\u00e1vel est\u00e1 cada vez simplificada. Com o intuito de reunir numa s\u00f3 plataforma um conjunto de solu\u00e7\u00f5es e servi\u00e7os \u2013 como a utiliza\u00e7\u00e3o privilegiada de uma rede de carregamento privada e a total digitaliza\u00e7\u00e3o do processo de carregamento na Rede P\u00fablica \u2013 o <a href=\"https:\/\/salvadorcaetano.pt\/\" target=\"_blank\" rel=\"noopener\">Grupo Salvador Caetano<\/a> lan\u00e7ou a\u00a0<a href=\"https:\/\/www.gocharge.pt\/pt\/\" target=\"_blank\" rel=\"noopener\">Go.Charge<\/a>, uma empresa totalmente orientada para a mobilidade do futuro<\/strong><\/p>\n<p>A Go.Charge agrega, numa s\u00f3 plataforma, v\u00e1rias funcionalidades \u00fateis para todos. Apenas com o uso do telem\u00f3vel \u00e9 poss\u00edvel acompanhar, em tempo real, o processo de carregamento; aceder a uma rede com milhares de postos de carregamento (e em constante expans\u00e3o); fazer simula\u00e7\u00f5es de carregamento (pre\u00e7o, tempo e pot\u00eancia); gerir dados e analisar estat\u00edsticas de utiliza\u00e7\u00e3o; assim como efetuar os carregamentos de forma totalmente digital.<\/p>\n<p>Pensada tamb\u00e9m para facilitar a transi\u00e7\u00e3o energ\u00e9tica das empresas, esta solu\u00e7\u00e3o permite a gest\u00e3o de frotas de ve\u00edculos eletrificados, de forma 100 por cento digital e customizada. Com a possibilidade de definir acessos e controlar custos, a Go.Charge permite o acesso a toda a frota num s\u00f3 local, atribuindo permiss\u00f5es de utiliza\u00e7\u00e3o aos colaboradores, assim como criar grupos de utilizadores. A aplica\u00e7\u00e3o facilita ainda a an\u00e1lise e a gest\u00e3o do\u00a0<em>plafond<\/em>\u00a0dos colaboradores.<\/p>\n<p><strong>Mais do que uma\u00a0<em>app<\/em>, a Go.Charge apresenta diferentes solu\u00e7\u00f5es<br \/>\n<\/strong>\u201cDiferenciamo-nos pela conjuga\u00e7\u00e3o de v\u00e1rias solu\u00e7\u00f5es numa \u00fanica plataforma\u201d, explica Ricardo Soares, diretor da Go.Charge, sublinhando a falta de prepara\u00e7\u00e3o que ainda se verifica na \u201ctransi\u00e7\u00e3o do ve\u00edculo a combust\u00e3o, para o ve\u00edculo el\u00e9trico\u201d, j\u00e1 que muitos clientes \u201cs\u00f3 se lembram que \u00e9 imposs\u00edvel carregar um carro el\u00e9trico na rede p\u00fablica sem ter um cart\u00e3o de carregamento, quando v\u00e3o levantar o ve\u00edculo novo.\u201d<\/p>\n<p>\u201cA aplica\u00e7\u00e3o, que est\u00e1 dispon\u00edvel na App Store e Google Play, foi criada precisamente para tornar este processo e a ado\u00e7\u00e3o de uma nova rotina mais simples, dotando os clientes de ve\u00edculos el\u00e9tricos de todas as ferramentas necess\u00e1rias. Ou seja, o cliente pode levantar o seu ve\u00edculo novo agora e fazer o carregamento do mesmo dentro de pouco tempo, em qualquer carregador da rede p\u00fablica e, adicionalmente, em mais de 30 pa\u00edses atrav\u00e9s de acordos de\u00a0<em>roaming<\/em>, que permitem o acesso a milhares de postos\u201d, conclui Ricardo Soares.<\/p>\n<p>Enquanto empresa de energia verde, a Go.Charge aliou-se ao \u201cObjetivo\u00a0FIT for 55\u2033\u00a0do Pacto Ecol\u00f3gico Europeu\u201d, procurando tamb\u00e9m dar solu\u00e7\u00f5es para objetivos futuros, rumo \u00e0 neutralidade carb\u00f3nica. Neste \u00e2mbito, al\u00e9m da\u00a0<em>app<\/em>, a empresa apresenta tamb\u00e9m servi\u00e7os de instala\u00e7\u00f5es el\u00e9tricas, diferentes solu\u00e7\u00f5es de carregamento (wallbox ou solu\u00e7\u00f5es de carregamento corporativas), pain\u00e9is fotovoltaicos ou solares, solu\u00e7\u00f5es de gest\u00e3o eficiente de energia, entre outros. A Go.Charge faz ainda consultoria energ\u00e9tica, gerindo todo o processo do cliente, do in\u00edcio ao fim, com o foco colocado nas necessidades espec\u00edficas de cada cliente.<\/p>\n<p><strong>Go.Charge presente no 7\u00ba. Sal\u00e3o Autom\u00f3vel H\u00edbrido e El\u00e9trico<br \/>\n<\/strong>Com o intuito de dar a conhecer todos os seus produtos e servi\u00e7os, a Go.Charge vai marcar presen\u00e7a na s\u00e9tima edi\u00e7\u00e3o do Sal\u00e3o Autom\u00f3vel H\u00edbrido e El\u00e9trico, que se realiza entre 13 e 15 outubro, na Alf\u00e2ndega do Porto. Com uma equipa no local, dispon\u00edvel para explicar as solu\u00e7\u00f5es integradas que o Go.Charge oferece, o stand apresentar\u00e1 ainda desafios e jogos, para que os visitantes possam interagir e familiarizar-se com as diferentes quest\u00f5es da mobilidade sustent\u00e1vel.<\/p>\n","protected":false},"excerpt":{"rendered":"<p>\u00a0 A transi\u00e7\u00e3o e ado\u00e7\u00e3o de&#8230;<\/p>\n","protected":false},"author":15,"featured_media":73172,"comment_status":"closed","ping_status":"closed","sticky":false,"template":"","format":"standard","meta":{"footnotes":""},"categories":[29],"tags":[1100,6395,1173,1421],"class_list":["post-73226","post","type-post","status-publish","format-standard","has-post-thumbnail","hentry","category-empresas","tag-eletrificacao","tag-go-charge","tag-grupo-salvador-caetano","tag-mobilidade-eletrica"],"yoast_head":"<!-- This site is optimized with the Yoast SEO plugin v27.5 - https:\/\/yoast.com\/product\/yoast-seo-wordpress\/ -->\n<title>Go.Charge a nova aposta eletrificada do Grupo Salvador Caetano - Jornal das Oficinas<\/title>\n<meta name=\"description\" content=\"A transi\u00e7\u00e3o e ado\u00e7\u00e3o de uma mobilidade el\u00e9trica e sustent\u00e1vel est\u00e1 cada vez simplificada. Com o intuito de reunir numa s\u00f3 plataforma\" \/>\n<meta name=\"robots\" content=\"index, follow, max-snippet:-1, max-image-preview:large, max-video-preview:-1\" \/>\n<link rel=\"canonical\" href=\"https:\/\/jornaldasoficinas.com\/pt\/go-charge-a-nova-aposta-eletrificada-do-grupo-salvador-caetano\/\" \/>\n<meta property=\"og:locale\" content=\"pt_PT\" \/>\n<meta property=\"og:type\" content=\"article\" \/>\n<meta property=\"og:title\" content=\"Go.Charge a nova aposta eletrificada do Grupo Salvador Caetano - Jornal das Oficinas\" \/>\n<meta property=\"og:description\" content=\"A transi\u00e7\u00e3o e ado\u00e7\u00e3o de uma mobilidade el\u00e9trica e sustent\u00e1vel est\u00e1 cada vez simplificada. Com o intuito de reunir numa s\u00f3 plataforma\" \/>\n<meta property=\"og:url\" content=\"https:\/\/jornaldasoficinas.com\/pt\/go-charge-a-nova-aposta-eletrificada-do-grupo-salvador-caetano\/\" \/>\n<meta property=\"og:site_name\" content=\"Jornal das Oficinas\" \/>\n<meta property=\"article:publisher\" content=\"https:\/\/www.facebook.com\/jornaloficinas\" \/>\n<meta property=\"article:published_time\" content=\"2023-10-16T09:00:52+00:00\" \/>\n<meta property=\"og:image\" content=\"https:\/\/jornaldasoficinas.com\/pt\/wp-content\/uploads\/2023\/09\/Go.Charge-a-nova-aposta-eletrificada-do-Grupo-Salvador-Caetano.jpg\" \/>\n\t<meta property=\"og:image:width\" content=\"1024\" \/>\n\t<meta property=\"og:image:height\" content=\"581\" \/>\n\t<meta property=\"og:image:type\" content=\"image\/jpeg\" \/>\n<meta name=\"author\" content=\"Reda\u00e7\u00e3o JO\" \/>\n<meta name=\"twitter:card\" content=\"summary_large_image\" \/>\n<meta name=\"twitter:creator\" content=\"@jornaloficinas\" \/>\n<meta name=\"twitter:site\" content=\"@jornaloficinas\" \/>\n<meta name=\"twitter:label1\" content=\"Escrito por\" \/>\n\t<meta name=\"twitter:data1\" content=\"Reda\u00e7\u00e3o JO\" \/>\n\t<meta name=\"twitter:label2\" content=\"Tempo estimado de leitura\" \/>\n\t<meta name=\"twitter:data2\" content=\"4 minutos\" \/>\n<script type=\"application\/ld+json\" class=\"yoast-schema-graph\">{\"@context\":\"https:\\\/\\\/schema.org\",\"@graph\":[{\"@type\":\"Article\",\"@id\":\"https:\\\/\\\/jornaldasoficinas.com\\\/pt\\\/go-charge-a-nova-aposta-eletrificada-do-grupo-salvador-caetano\\\/#article\",\"isPartOf\":{\"@id\":\"https:\\\/\\\/jornaldasoficinas.com\\\/pt\\\/go-charge-a-nova-aposta-eletrificada-do-grupo-salvador-caetano\\\/\"},\"author\":{\"name\":\"Reda\u00e7\u00e3o JO\",\"@id\":\"https:\\\/\\\/jornaldasoficinas.com\\\/pt\\\/#\\\/schema\\\/person\\\/a38eef5de2c41d9e7c9ac10141afddf3\"},\"headline\":\"Go.Charge a nova aposta eletrificada do Grupo Salvador Caetano\",\"datePublished\":\"2023-10-16T09:00:52+00:00\",\"mainEntityOfPage\":{\"@id\":\"https:\\\/\\\/jornaldasoficinas.com\\\/pt\\\/go-charge-a-nova-aposta-eletrificada-do-grupo-salvador-caetano\\\/\"},\"wordCount\":639,\"publisher\":{\"@id\":\"https:\\\/\\\/jornaldasoficinas.com\\\/pt\\\/#organization\"},\"image\":{\"@id\":\"https:\\\/\\\/jornaldasoficinas.com\\\/pt\\\/go-charge-a-nova-aposta-eletrificada-do-grupo-salvador-caetano\\\/#primaryimage\"},\"thumbnailUrl\":\"https:\\\/\\\/jornaldasoficinas.com\\\/pt\\\/wp-content\\\/uploads\\\/2023\\\/09\\\/Go.Charge-a-nova-aposta-eletrificada-do-Grupo-Salvador-Caetano.jpg\",\"keywords\":[\"Eletrifica\u00e7\u00e3o\",\"Go.Charge\",\"Grupo Salvador Caetano\",\"Mobilidade el\u00e9trica\"],\"articleSection\":[\"Empresas\"],\"inLanguage\":\"pt-PT\"},{\"@type\":\"WebPage\",\"@id\":\"https:\\\/\\\/jornaldasoficinas.com\\\/pt\\\/go-charge-a-nova-aposta-eletrificada-do-grupo-salvador-caetano\\\/\",\"url\":\"https:\\\/\\\/jornaldasoficinas.com\\\/pt\\\/go-charge-a-nova-aposta-eletrificada-do-grupo-salvador-caetano\\\/\",\"name\":\"Go.Charge a nova aposta eletrificada do Grupo Salvador Caetano - Jornal das Oficinas\",\"isPartOf\":{\"@id\":\"https:\\\/\\\/jornaldasoficinas.com\\\/pt\\\/#website\"},\"primaryImageOfPage\":{\"@id\":\"https:\\\/\\\/jornaldasoficinas.com\\\/pt\\\/go-charge-a-nova-aposta-eletrificada-do-grupo-salvador-caetano\\\/#primaryimage\"},\"image\":{\"@id\":\"https:\\\/\\\/jornaldasoficinas.com\\\/pt\\\/go-charge-a-nova-aposta-eletrificada-do-grupo-salvador-caetano\\\/#primaryimage\"},\"thumbnailUrl\":\"https:\\\/\\\/jornaldasoficinas.com\\\/pt\\\/wp-content\\\/uploads\\\/2023\\\/09\\\/Go.Charge-a-nova-aposta-eletrificada-do-Grupo-Salvador-Caetano.jpg\",\"datePublished\":\"2023-10-16T09:00:52+00:00\",\"description\":\"A transi\u00e7\u00e3o e ado\u00e7\u00e3o de uma mobilidade el\u00e9trica e sustent\u00e1vel est\u00e1 cada vez simplificada. Com o intuito de reunir numa s\u00f3 plataforma\",\"breadcrumb\":{\"@id\":\"https:\\\/\\\/jornaldasoficinas.com\\\/pt\\\/go-charge-a-nova-aposta-eletrificada-do-grupo-salvador-caetano\\\/#breadcrumb\"},\"inLanguage\":\"pt-PT\",\"potentialAction\":[{\"@type\":\"ReadAction\",\"target\":[\"https:\\\/\\\/jornaldasoficinas.com\\\/pt\\\/go-charge-a-nova-aposta-eletrificada-do-grupo-salvador-caetano\\\/\"]}]},{\"@type\":\"ImageObject\",\"inLanguage\":\"pt-PT\",\"@id\":\"https:\\\/\\\/jornaldasoficinas.com\\\/pt\\\/go-charge-a-nova-aposta-eletrificada-do-grupo-salvador-caetano\\\/#primaryimage\",\"url\":\"https:\\\/\\\/jornaldasoficinas.com\\\/pt\\\/wp-content\\\/uploads\\\/2023\\\/09\\\/Go.Charge-a-nova-aposta-eletrificada-do-Grupo-Salvador-Caetano.jpg\",\"contentUrl\":\"https:\\\/\\\/jornaldasoficinas.com\\\/pt\\\/wp-content\\\/uploads\\\/2023\\\/09\\\/Go.Charge-a-nova-aposta-eletrificada-do-Grupo-Salvador-Caetano.jpg\",\"width\":1024,\"height\":581,\"caption\":\"09 - Go.Charge a nova aposta eletrificada do Grupo Salvador Caetano\"},{\"@type\":\"BreadcrumbList\",\"@id\":\"https:\\\/\\\/jornaldasoficinas.com\\\/pt\\\/go-charge-a-nova-aposta-eletrificada-do-grupo-salvador-caetano\\\/#breadcrumb\",\"itemListElement\":[{\"@type\":\"ListItem\",\"position\":1,\"name\":\"In\u00edcio\",\"item\":\"https:\\\/\\\/jornaldasoficinas.com\\\/pt\\\/\"},{\"@type\":\"ListItem\",\"position\":2,\"name\":\"Go.Charge a nova aposta eletrificada do Grupo Salvador Caetano\"}]},{\"@type\":\"WebSite\",\"@id\":\"https:\\\/\\\/jornaldasoficinas.com\\\/pt\\\/#website\",\"url\":\"https:\\\/\\\/jornaldasoficinas.com\\\/pt\\\/\",\"name\":\"Jornal das Oficinas\",\"description\":\"Jornal independente do Aftermarket Autom\u00f3vel em Portugal\",\"publisher\":{\"@id\":\"https:\\\/\\\/jornaldasoficinas.com\\\/pt\\\/#organization\"},\"potentialAction\":[{\"@type\":\"SearchAction\",\"target\":{\"@type\":\"EntryPoint\",\"urlTemplate\":\"https:\\\/\\\/jornaldasoficinas.com\\\/pt\\\/?s={search_term_string}\"},\"query-input\":{\"@type\":\"PropertyValueSpecification\",\"valueRequired\":true,\"valueName\":\"search_term_string\"}}],\"inLanguage\":\"pt-PT\"},{\"@type\":\"Organization\",\"@id\":\"https:\\\/\\\/jornaldasoficinas.com\\\/pt\\\/#organization\",\"name\":\"Jornal das Oficinas\",\"url\":\"https:\\\/\\\/jornaldasoficinas.com\\\/pt\\\/\",\"logo\":{\"@type\":\"ImageObject\",\"inLanguage\":\"pt-PT\",\"@id\":\"https:\\\/\\\/jornaldasoficinas.com\\\/pt\\\/#\\\/schema\\\/logo\\\/image\\\/\",\"url\":\"https:\\\/\\\/jornaldasoficinas.com\\\/pt\\\/wp-content\\\/uploads\\\/logoJO-SEO.png\",\"contentUrl\":\"https:\\\/\\\/jornaldasoficinas.com\\\/pt\\\/wp-content\\\/uploads\\\/logoJO-SEO.png\",\"width\":285,\"height\":450,\"caption\":\"Jornal das Oficinas\"},\"image\":{\"@id\":\"https:\\\/\\\/jornaldasoficinas.com\\\/pt\\\/#\\\/schema\\\/logo\\\/image\\\/\"},\"sameAs\":[\"https:\\\/\\\/www.facebook.com\\\/jornaloficinas\",\"https:\\\/\\\/x.com\\\/jornaloficinas\",\"https:\\\/\\\/www.instagram.com\\\/jornal_oficinas\\\/\",\"https:\\\/\\\/www.linkedin.com\\\/company\\\/jornal-das-oficinas\\\/\",\"https:\\\/\\\/www.youtube.com\\\/channel\\\/UCbQZBqtcvV-oSQrr7RzINGg\"]},{\"@type\":\"Person\",\"@id\":\"https:\\\/\\\/jornaldasoficinas.com\\\/pt\\\/#\\\/schema\\\/person\\\/a38eef5de2c41d9e7c9ac10141afddf3\",\"name\":\"Reda\u00e7\u00e3o JO\",\"image\":{\"@type\":\"ImageObject\",\"inLanguage\":\"pt-PT\",\"@id\":\"https:\\\/\\\/secure.gravatar.com\\\/avatar\\\/71f2fa71737ad68a84fea94bc708ddac8ea5b0c4788dc2ad202f3ccb2887742f?s=96&d=wp_user_avatar&r=g\",\"url\":\"https:\\\/\\\/secure.gravatar.com\\\/avatar\\\/71f2fa71737ad68a84fea94bc708ddac8ea5b0c4788dc2ad202f3ccb2887742f?s=96&d=wp_user_avatar&r=g\",\"contentUrl\":\"https:\\\/\\\/secure.gravatar.com\\\/avatar\\\/71f2fa71737ad68a84fea94bc708ddac8ea5b0c4788dc2ad202f3ccb2887742f?s=96&d=wp_user_avatar&r=g\",\"caption\":\"Reda\u00e7\u00e3o JO\"},\"url\":\"https:\\\/\\\/jornaldasoficinas.com\\\/pt\\\/author\\\/joredacao\\\/\"}]}<\/script>\n<!-- \/ Yoast SEO plugin. -->","yoast_head_json":{"title":"Go.Charge a nova aposta eletrificada do Grupo Salvador Caetano - Jornal das Oficinas","description":"A transi\u00e7\u00e3o e ado\u00e7\u00e3o de uma mobilidade el\u00e9trica e sustent\u00e1vel est\u00e1 cada vez simplificada. Com o intuito de reunir numa s\u00f3 plataforma","robots":{"index":"index","follow":"follow","max-snippet":"max-snippet:-1","max-image-preview":"max-image-preview:large","max-video-preview":"max-video-preview:-1"},"canonical":"https:\/\/jornaldasoficinas.com\/pt\/go-charge-a-nova-aposta-eletrificada-do-grupo-salvador-caetano\/","og_locale":"pt_PT","og_type":"article","og_title":"Go.Charge a nova aposta eletrificada do Grupo Salvador Caetano - Jornal das Oficinas","og_description":"A transi\u00e7\u00e3o e ado\u00e7\u00e3o de uma mobilidade el\u00e9trica e sustent\u00e1vel est\u00e1 cada vez simplificada. Com o intuito de reunir numa s\u00f3 plataforma","og_url":"https:\/\/jornaldasoficinas.com\/pt\/go-charge-a-nova-aposta-eletrificada-do-grupo-salvador-caetano\/","og_site_name":"Jornal das Oficinas","article_publisher":"https:\/\/www.facebook.com\/jornaloficinas","article_published_time":"2023-10-16T09:00:52+00:00","og_image":[{"width":1024,"height":581,"url":"https:\/\/jornaldasoficinas.com\/pt\/wp-content\/uploads\/2023\/09\/Go.Charge-a-nova-aposta-eletrificada-do-Grupo-Salvador-Caetano.jpg","type":"image\/jpeg"}],"author":"Reda\u00e7\u00e3o JO","twitter_card":"summary_large_image","twitter_creator":"@jornaloficinas","twitter_site":"@jornaloficinas","twitter_misc":{"Escrito por":"Reda\u00e7\u00e3o JO","Tempo estimado de leitura":"4 minutos"},"schema":{"@context":"https:\/\/schema.org","@graph":[{"@type":"Article","@id":"https:\/\/jornaldasoficinas.com\/pt\/go-charge-a-nova-aposta-eletrificada-do-grupo-salvador-caetano\/#article","isPartOf":{"@id":"https:\/\/jornaldasoficinas.com\/pt\/go-charge-a-nova-aposta-eletrificada-do-grupo-salvador-caetano\/"},"author":{"name":"Reda\u00e7\u00e3o JO","@id":"https:\/\/jornaldasoficinas.com\/pt\/#\/schema\/person\/a38eef5de2c41d9e7c9ac10141afddf3"},"headline":"Go.Charge a nova aposta eletrificada do Grupo Salvador Caetano","datePublished":"2023-10-16T09:00:52+00:00","mainEntityOfPage":{"@id":"https:\/\/jornaldasoficinas.com\/pt\/go-charge-a-nova-aposta-eletrificada-do-grupo-salvador-caetano\/"},"wordCount":639,"publisher":{"@id":"https:\/\/jornaldasoficinas.com\/pt\/#organization"},"image":{"@id":"https:\/\/jornaldasoficinas.com\/pt\/go-charge-a-nova-aposta-eletrificada-do-grupo-salvador-caetano\/#primaryimage"},"thumbnailUrl":"https:\/\/jornaldasoficinas.com\/pt\/wp-content\/uploads\/2023\/09\/Go.Charge-a-nova-aposta-eletrificada-do-Grupo-Salvador-Caetano.jpg","keywords":["Eletrifica\u00e7\u00e3o","Go.Charge","Grupo Salvador Caetano","Mobilidade el\u00e9trica"],"articleSection":["Empresas"],"inLanguage":"pt-PT"},{"@type":"WebPage","@id":"https:\/\/jornaldasoficinas.com\/pt\/go-charge-a-nova-aposta-eletrificada-do-grupo-salvador-caetano\/","url":"https:\/\/jornaldasoficinas.com\/pt\/go-charge-a-nova-aposta-eletrificada-do-grupo-salvador-caetano\/","name":"Go.Charge a nova aposta eletrificada do Grupo Salvador Caetano - Jornal das Oficinas","isPartOf":{"@id":"https:\/\/jornaldasoficinas.com\/pt\/#website"},"primaryImageOfPage":{"@id":"https:\/\/jornaldasoficinas.com\/pt\/go-charge-a-nova-aposta-eletrificada-do-grupo-salvador-caetano\/#primaryimage"},"image":{"@id":"https:\/\/jornaldasoficinas.com\/pt\/go-charge-a-nova-aposta-eletrificada-do-grupo-salvador-caetano\/#primaryimage"},"thumbnailUrl":"https:\/\/jornaldasoficinas.com\/pt\/wp-content\/uploads\/2023\/09\/Go.Charge-a-nova-aposta-eletrificada-do-Grupo-Salvador-Caetano.jpg","datePublished":"2023-10-16T09:00:52+00:00","description":"A transi\u00e7\u00e3o e ado\u00e7\u00e3o de uma mobilidade el\u00e9trica e sustent\u00e1vel est\u00e1 cada vez simplificada. Com o intuito de reunir numa s\u00f3 plataforma","breadcrumb":{"@id":"https:\/\/jornaldasoficinas.com\/pt\/go-charge-a-nova-aposta-eletrificada-do-grupo-salvador-caetano\/#breadcrumb"},"inLanguage":"pt-PT","potentialAction":[{"@type":"ReadAction","target":["https:\/\/jornaldasoficinas.com\/pt\/go-charge-a-nova-aposta-eletrificada-do-grupo-salvador-caetano\/"]}]},{"@type":"ImageObject","inLanguage":"pt-PT","@id":"https:\/\/jornaldasoficinas.com\/pt\/go-charge-a-nova-aposta-eletrificada-do-grupo-salvador-caetano\/#primaryimage","url":"https:\/\/jornaldasoficinas.com\/pt\/wp-content\/uploads\/2023\/09\/Go.Charge-a-nova-aposta-eletrificada-do-Grupo-Salvador-Caetano.jpg","contentUrl":"https:\/\/jornaldasoficinas.com\/pt\/wp-content\/uploads\/2023\/09\/Go.Charge-a-nova-aposta-eletrificada-do-Grupo-Salvador-Caetano.jpg","width":1024,"height":581,"caption":"09 - Go.Charge a nova aposta eletrificada do Grupo Salvador Caetano"},{"@type":"BreadcrumbList","@id":"https:\/\/jornaldasoficinas.com\/pt\/go-charge-a-nova-aposta-eletrificada-do-grupo-salvador-caetano\/#breadcrumb","itemListElement":[{"@type":"ListItem","position":1,"name":"In\u00edcio","item":"https:\/\/jornaldasoficinas.com\/pt\/"},{"@type":"ListItem","position":2,"name":"Go.Charge a nova aposta eletrificada do Grupo Salvador Caetano"}]},{"@type":"WebSite","@id":"https:\/\/jornaldasoficinas.com\/pt\/#website","url":"https:\/\/jornaldasoficinas.com\/pt\/","name":"Jornal das Oficinas","description":"Jornal independente do Aftermarket Autom\u00f3vel em Portugal","publisher":{"@id":"https:\/\/jornaldasoficinas.com\/pt\/#organization"},"potentialAction":[{"@type":"SearchAction","target":{"@type":"EntryPoint","urlTemplate":"https:\/\/jornaldasoficinas.com\/pt\/?s={search_term_string}"},"query-input":{"@type":"PropertyValueSpecification","valueRequired":true,"valueName":"search_term_string"}}],"inLanguage":"pt-PT"},{"@type":"Organization","@id":"https:\/\/jornaldasoficinas.com\/pt\/#organization","name":"Jornal das Oficinas","url":"https:\/\/jornaldasoficinas.com\/pt\/","logo":{"@type":"ImageObject","inLanguage":"pt-PT","@id":"https:\/\/jornaldasoficinas.com\/pt\/#\/schema\/logo\/image\/","url":"https:\/\/jornaldasoficinas.com\/pt\/wp-content\/uploads\/logoJO-SEO.png","contentUrl":"https:\/\/jornaldasoficinas.com\/pt\/wp-content\/uploads\/logoJO-SEO.png","width":285,"height":450,"caption":"Jornal das Oficinas"},"image":{"@id":"https:\/\/jornaldasoficinas.com\/pt\/#\/schema\/logo\/image\/"},"sameAs":["https:\/\/www.facebook.com\/jornaloficinas","https:\/\/x.com\/jornaloficinas","https:\/\/www.instagram.com\/jornal_oficinas\/","https:\/\/www.linkedin.com\/company\/jornal-das-oficinas\/","https:\/\/www.youtube.com\/channel\/UCbQZBqtcvV-oSQrr7RzINGg"]},{"@type":"Person","@id":"https:\/\/jornaldasoficinas.com\/pt\/#\/schema\/person\/a38eef5de2c41d9e7c9ac10141afddf3","name":"Reda\u00e7\u00e3o JO","image":{"@type":"ImageObject","inLanguage":"pt-PT","@id":"https:\/\/secure.gravatar.com\/avatar\/71f2fa71737ad68a84fea94bc708ddac8ea5b0c4788dc2ad202f3ccb2887742f?s=96&d=wp_user_avatar&r=g","url":"https:\/\/secure.gravatar.com\/avatar\/71f2fa71737ad68a84fea94bc708ddac8ea5b0c4788dc2ad202f3ccb2887742f?s=96&d=wp_user_avatar&r=g","contentUrl":"https:\/\/secure.gravatar.com\/avatar\/71f2fa71737ad68a84fea94bc708ddac8ea5b0c4788dc2ad202f3ccb2887742f?s=96&d=wp_user_avatar&r=g","caption":"Reda\u00e7\u00e3o JO"},"url":"https:\/\/jornaldasoficinas.com\/pt\/author\/joredacao\/"}]}},"_links":{"self":[{"href":"https:\/\/jornaldasoficinas.com\/pt\/wp-json\/wp\/v2\/posts\/73226","targetHints":{"allow":["GET"]}}],"collection":[{"href":"https:\/\/jornaldasoficinas.com\/pt\/wp-json\/wp\/v2\/posts"}],"about":[{"href":"https:\/\/jornaldasoficinas.com\/pt\/wp-json\/wp\/v2\/types\/post"}],"author":[{"embeddable":true,"href":"https:\/\/jornaldasoficinas.com\/pt\/wp-json\/wp\/v2\/users\/15"}],"replies":[{"embeddable":true,"href":"https:\/\/jornaldasoficinas.com\/pt\/wp-json\/wp\/v2\/comments?post=73226"}],"version-history":[{"count":0,"href":"https:\/\/jornaldasoficinas.com\/pt\/wp-json\/wp\/v2\/posts\/73226\/revisions"}],"wp:featuredmedia":[{"embeddable":true,"href":"https:\/\/jornaldasoficinas.com\/pt\/wp-json\/wp\/v2\/media\/73172"}],"wp:attachment":[{"href":"https:\/\/jornaldasoficinas.com\/pt\/wp-json\/wp\/v2\/media?parent=73226"}],"wp:term":[{"taxonomy":"category","embeddable":true,"href":"https:\/\/jornaldasoficinas.com\/pt\/wp-json\/wp\/v2\/categories?post=73226"},{"taxonomy":"post_tag","embeddable":true,"href":"https:\/\/jornaldasoficinas.com\/pt\/wp-json\/wp\/v2\/tags?post=73226"}],"curies":[{"name":"wp","href":"https:\/\/api.w.org\/{rel}","templated":true}]}}