{"id":73255,"date":"2023-10-16T12:30:55","date_gmt":"2023-10-16T11:30:55","guid":{"rendered":"https:\/\/jornaldasoficinas.com\/pt\/?p=73255"},"modified":"2023-11-15T13:26:22","modified_gmt":"2023-11-15T13:26:22","slug":"gala-top-100-uma-noite-de-brilho-e-reconhecimento","status":"publish","type":"post","link":"https:\/\/jornaldasoficinas.com\/pt\/gala-top-100-uma-noite-de-brilho-e-reconhecimento\/","title":{"rendered":"Gala TOP 100: Uma noite de brilho e reconhecimento!"},"content":{"rendered":"<p><strong> <img loading=\"lazy\" decoding=\"async\" class=\"alignnone size-full wp-image-73262\" src=\"https:\/\/jornaldasoficinas.com\/pt\/wp-content\/uploads\/2023\/09\/TOP100-1.jpeg\" alt=\"09 - TOP100 1\" width=\"1024\" height=\"581\" srcset=\"https:\/\/jornaldasoficinas.com\/pt\/wp-content\/uploads\/2023\/09\/TOP100-1.jpeg 1024w, https:\/\/jornaldasoficinas.com\/pt\/wp-content\/uploads\/2023\/09\/TOP100-1-300x170.jpeg 300w, https:\/\/jornaldasoficinas.com\/pt\/wp-content\/uploads\/2023\/09\/TOP100-1-150x85.jpeg 150w, https:\/\/jornaldasoficinas.com\/pt\/wp-content\/uploads\/2023\/09\/TOP100-1-768x436.jpeg 768w\" sizes=\"auto, (max-width: 1024px) 100vw, 1024px\" \/><br \/>\n<\/strong><\/p>\n<p><strong>A Quinta de S\u00e3o Luiz, em Coimbra, voltou a ser palco de mais uma edi\u00e7\u00e3o da <a href=\"https:\/\/www.apcomunicacao.com\/galatop100\" target=\"_blank\" rel=\"noopener\">Gala TOP 100<\/a>, cerim\u00f3nia que premiou no dia 13 de outubro, os melhores do aftermarket nacional. Uma noite de brilho e reconhecimento para os 200 convidados presentes no maior evento social do setor<\/strong><\/p>\n<p>Numa noite que irradiou entusiasmo e camaradagem, os profissionais do setor aftermarket reuniram-se para celebrar o seu compromisso e paix\u00e3o pelo que fazem. Mais do que premiar as empresas que se distinguiram pelo bom desempenho ao longo do ano, a IX Gala TOP 100 foi tamb\u00e9m uma oportunidade de unir pessoas que contribuem para o desenvolvimento do aftermarket de forma \u00fanica.<\/p>\n<p>A celebra\u00e7\u00e3o foi uma oportunidade para os participantes expressarem o seu orgulho de pertencerem a este setor e compartilharem as suas hist\u00f3rias de sucesso num mercado que deve muito do seu crescimento ao esfor\u00e7o e dedica\u00e7\u00e3o incans\u00e1veis de cada uma das empresas presentes na Gala. O amplo sal\u00e3o da Quinta de S\u00e3o Luiz ficou totalmente cheio e o ambiente que se viveu foi de muita boa disposi\u00e7\u00e3o e entusiasmo.<\/p>\n<p><strong>Distinguir os melhores<br \/>\n<\/strong>Ap\u00f3s as apresenta\u00e7\u00f5es da expoMEC\u00c2NICA 2024, por Jos\u00e9 Costa, diretor da Kikai Eventos, e do F\u00f3rum DPAI\/ACAP, por Joaquim Candeias, presidente da DPAI, deu-se in\u00edcio ao momento alto do evento: a cerim\u00f3nia da entrega dos Trof\u00e9us TOP 100 aos melhores distribuidores e oficinas. Tal como dita a tradi\u00e7\u00e3o, foram entregues trof\u00e9us \u00e0s empresas do p\u00f3dio das dez categorias consideradas: Distribuidores de Pe\u00e7as Ligeiros, Distribuidores de Pe\u00e7as Pesados, Distribuidores de Equipamentos, Distribuidores de Repintura; Distribuidores de Pneus; Oficinas em Rede, Oficinas de Ligeiros, Oficinas de Pesados, Oficinas de Colis\u00e3o e Oficinas de Pneus. No total foram entregues trinta trof\u00e9us aos melhores de cada categoria.<\/p>\n<p>Os vencedores agradeceram emocionados, expressando a sua gratid\u00e3o aos colegas e clientes que os t\u00eam apoiado nas suas jornadas. Ficou assim fortalecida a uni\u00e3o dos profissionais do setor, que apesar de pertenceram a diferentes \u00e1reas t\u00eam como elo de liga\u00e7\u00e3o o aftermarket e o orgulho de pertencerem a este setor t\u00e3o importante para a economia nacional.<\/p>\n<p>A noite culminou numa festa p\u00f3s-cerim\u00f3nia, onde os convidados puderam comemorar as vit\u00f3rias e socializar. A IX Gala TOP 100 de entrega de trof\u00e9us aos melhores distribuidores e oficinas foi uma noite inesquec\u00edvel de glamour, reconhecimento e celebra\u00e7\u00e3o das realiza\u00e7\u00f5es de empresas e empres\u00e1rios em diversas \u00e1reas. Ela refor\u00e7ou a import\u00e2ncia de reconhecer e aplaudir o talento e o esfor\u00e7o das pessoas que contribuem para o crescimento e desenvolvimento do aftermarket em Portugal.<\/p>\n<p><strong>Patrocinadores apoiam e valorizam a Gala<br \/>\n<\/strong>A realiza\u00e7\u00e3o da Gala TOP 100 e a evolu\u00e7\u00e3o que ela tem tido ao longo dos anos, s\u00f3 tem sido poss\u00edvel gra\u00e7as ao apoio de patrocinadores e parceiros, que t\u00eam reconhecido a import\u00e2ncia deste evento que j\u00e1 se tornou numa tradi\u00e7\u00e3o no panorama do aftermarket nacional.<\/p>\n<p>Como tal, ap\u00f3s a entrega dos trof\u00e9us, n\u00e3o quisemos deixar de fazer refer\u00eancia aos nossos patrocinadores e em formato de agradecimento oferecemos a todos uma placa comemorativa da IX Gala TOP 100, que este ano contou com um n\u00famero recorde de 17 patrocinadores, o que revela bem o interesse e a valoriza\u00e7\u00e3o que as marcas conferem a este evento, que nos motiva a querer tornar a Gala cada vez melhor.<\/p>\n<p><a href=\"https:\/\/www.ufifilters.com\/en\/\" target=\"_blank\" rel=\"noopener\">UFI FILTERS<\/a>; <a href=\"https:\/\/www.dieseltechnic.com\/pt-br\/\" target=\"_blank\" rel=\"noopener\">DIESEL TECHNIC<\/a>; <a href=\"https:\/\/catalog.mann-filter.com\/\/EU\/por\" target=\"_blank\" rel=\"noopener\">MANN FILTER<\/a>; <a href=\"https:\/\/www.sampa.com\/pt\" target=\"_blank\" rel=\"noopener\">SAMPA<\/a>; <a href=\"https:\/\/www.tabspain.com\/pt-pt\/\" target=\"_blank\" rel=\"noopener\">TAB BATTERIES<\/a>; <a href=\"https:\/\/www.corteco.com\/en\/home\/\" target=\"_blank\" rel=\"noopener\">CORTECO<\/a>; <a href=\"https:\/\/laranja2016.wixsite.com\/trustconstrucao\/\" target=\"_blank\" rel=\"noopener\">TRUST AUTO<\/a>; <a href=\"https:\/\/pro4matic.com\/pt\/\" target=\"_blank\" rel=\"noopener\">PRO4MATIC<\/a>; <a href=\"https:\/\/www.repsol.pt\/particulares\/\" target=\"_blank\" rel=\"noopener\">REPSOL<\/a>; <a href=\"https:\/\/www.autelportugal.pt\/\" target=\"_blank\" rel=\"noopener\">AUTEL<\/a>; <a href=\"https:\/\/goshop.pt\/\" target=\"_blank\" rel=\"noopener\">GO SHOP<\/a>; <a href=\"https:\/\/rplclima.com\/\" target=\"_blank\" rel=\"noopener\">RPL QUALITY<\/a>; <a href=\"https:\/\/www.tirsopneus.com\/\" target=\"_blank\" rel=\"noopener\">TIRSO PNEUS<\/a>; <a href=\"https:\/\/www.mewa.pt\/\" target=\"_blank\" rel=\"noopener\">MEWA<\/a>; <a href=\"https:\/\/www.philips.pt\/\" target=\"_blank\" rel=\"noopener\">PHILIPS<\/a>; <a href=\"https:\/\/www.lizarte.com\/index.aspx\" target=\"_blank\" rel=\"noopener\">LIZARTE<\/a> e <a href=\"https:\/\/www.mcoutinhopecas.pt\/\" target=\"_blank\" rel=\"noopener\">MCOUTINHO PE\u00c7AS<\/a>\/<a href=\"https:\/\/www.azauto.pt\/\" target=\"_blank\" rel=\"noopener\">AZ AUTO<\/a>, foram os patrocinadores da IX Gala TOP 100, a quem agradecemos todo o apoio e entusiasmo demonstrados.<\/p>\n","protected":false},"excerpt":{"rendered":"<p>A Quinta de S\u00e3o Luiz, em&#8230;<\/p>\n","protected":false},"author":15,"featured_media":73262,"comment_status":"closed","ping_status":"closed","sticky":false,"template":"","format":"standard","meta":{"footnotes":""},"categories":[29,2969],"tags":[201],"class_list":["post-73255","post","type-post","status-publish","format-standard","has-post-thumbnail","hentry","category-empresas","category-gala-top-100","tag-gala-top-100"],"yoast_head":"<!-- This site is optimized with the Yoast SEO plugin v27.5 - https:\/\/yoast.com\/product\/yoast-seo-wordpress\/ -->\n<title>Gala TOP 100: Uma noite de brilho e reconhecimento! - Jornal das Oficinas<\/title>\n<meta name=\"description\" content=\"A Quinta de S\u00e3o Luiz, em Coimbra, voltou a ser palco de mais uma edi\u00e7\u00e3o da Gala TOP 100, cerim\u00f3nia que premiou no dia 13 de outubro\" \/>\n<meta name=\"robots\" content=\"index, follow, max-snippet:-1, max-image-preview:large, max-video-preview:-1\" \/>\n<link rel=\"canonical\" href=\"https:\/\/jornaldasoficinas.com\/pt\/gala-top-100-uma-noite-de-brilho-e-reconhecimento\/\" \/>\n<meta property=\"og:locale\" content=\"pt_PT\" \/>\n<meta property=\"og:type\" content=\"article\" \/>\n<meta property=\"og:title\" content=\"Gala TOP 100: Uma noite de brilho e reconhecimento! - Jornal das Oficinas\" \/>\n<meta property=\"og:description\" content=\"A Quinta de S\u00e3o Luiz, em Coimbra, voltou a ser palco de mais uma edi\u00e7\u00e3o da Gala TOP 100, cerim\u00f3nia que premiou no dia 13 de outubro\" \/>\n<meta property=\"og:url\" content=\"https:\/\/jornaldasoficinas.com\/pt\/gala-top-100-uma-noite-de-brilho-e-reconhecimento\/\" \/>\n<meta property=\"og:site_name\" content=\"Jornal das Oficinas\" \/>\n<meta property=\"article:publisher\" content=\"https:\/\/www.facebook.com\/jornaloficinas\" \/>\n<meta property=\"article:published_time\" content=\"2023-10-16T11:30:55+00:00\" \/>\n<meta property=\"article:modified_time\" content=\"2023-11-15T13:26:22+00:00\" \/>\n<meta property=\"og:image\" content=\"https:\/\/jornaldasoficinas.com\/pt\/wp-content\/uploads\/2023\/09\/TOP100-1.jpeg\" \/>\n\t<meta property=\"og:image:width\" content=\"1024\" \/>\n\t<meta property=\"og:image:height\" content=\"581\" \/>\n\t<meta property=\"og:image:type\" content=\"image\/jpeg\" \/>\n<meta name=\"author\" content=\"Reda\u00e7\u00e3o JO\" \/>\n<meta name=\"twitter:card\" content=\"summary_large_image\" \/>\n<meta name=\"twitter:creator\" content=\"@jornaloficinas\" \/>\n<meta name=\"twitter:site\" content=\"@jornaloficinas\" \/>\n<meta name=\"twitter:label1\" content=\"Escrito por\" \/>\n\t<meta name=\"twitter:data1\" content=\"Reda\u00e7\u00e3o JO\" \/>\n\t<meta name=\"twitter:label2\" content=\"Tempo estimado de leitura\" \/>\n\t<meta name=\"twitter:data2\" content=\"4 minutos\" \/>\n<script type=\"application\/ld+json\" class=\"yoast-schema-graph\">{\"@context\":\"https:\\\/\\\/schema.org\",\"@graph\":[{\"@type\":\"Article\",\"@id\":\"https:\\\/\\\/jornaldasoficinas.com\\\/pt\\\/gala-top-100-uma-noite-de-brilho-e-reconhecimento\\\/#article\",\"isPartOf\":{\"@id\":\"https:\\\/\\\/jornaldasoficinas.com\\\/pt\\\/gala-top-100-uma-noite-de-brilho-e-reconhecimento\\\/\"},\"author\":{\"name\":\"Reda\u00e7\u00e3o JO\",\"@id\":\"https:\\\/\\\/jornaldasoficinas.com\\\/pt\\\/#\\\/schema\\\/person\\\/a38eef5de2c41d9e7c9ac10141afddf3\"},\"headline\":\"Gala TOP 100: Uma noite de brilho e reconhecimento!\",\"datePublished\":\"2023-10-16T11:30:55+00:00\",\"dateModified\":\"2023-11-15T13:26:22+00:00\",\"mainEntityOfPage\":{\"@id\":\"https:\\\/\\\/jornaldasoficinas.com\\\/pt\\\/gala-top-100-uma-noite-de-brilho-e-reconhecimento\\\/\"},\"wordCount\":639,\"publisher\":{\"@id\":\"https:\\\/\\\/jornaldasoficinas.com\\\/pt\\\/#organization\"},\"image\":{\"@id\":\"https:\\\/\\\/jornaldasoficinas.com\\\/pt\\\/gala-top-100-uma-noite-de-brilho-e-reconhecimento\\\/#primaryimage\"},\"thumbnailUrl\":\"https:\\\/\\\/jornaldasoficinas.com\\\/pt\\\/wp-content\\\/uploads\\\/2023\\\/09\\\/TOP100-1.jpeg\",\"keywords\":[\"Gala TOP 100\"],\"articleSection\":[\"Empresas\",\"Gala Top 100\"],\"inLanguage\":\"pt-PT\"},{\"@type\":\"WebPage\",\"@id\":\"https:\\\/\\\/jornaldasoficinas.com\\\/pt\\\/gala-top-100-uma-noite-de-brilho-e-reconhecimento\\\/\",\"url\":\"https:\\\/\\\/jornaldasoficinas.com\\\/pt\\\/gala-top-100-uma-noite-de-brilho-e-reconhecimento\\\/\",\"name\":\"Gala TOP 100: Uma noite de brilho e reconhecimento! - Jornal das Oficinas\",\"isPartOf\":{\"@id\":\"https:\\\/\\\/jornaldasoficinas.com\\\/pt\\\/#website\"},\"primaryImageOfPage\":{\"@id\":\"https:\\\/\\\/jornaldasoficinas.com\\\/pt\\\/gala-top-100-uma-noite-de-brilho-e-reconhecimento\\\/#primaryimage\"},\"image\":{\"@id\":\"https:\\\/\\\/jornaldasoficinas.com\\\/pt\\\/gala-top-100-uma-noite-de-brilho-e-reconhecimento\\\/#primaryimage\"},\"thumbnailUrl\":\"https:\\\/\\\/jornaldasoficinas.com\\\/pt\\\/wp-content\\\/uploads\\\/2023\\\/09\\\/TOP100-1.jpeg\",\"datePublished\":\"2023-10-16T11:30:55+00:00\",\"dateModified\":\"2023-11-15T13:26:22+00:00\",\"description\":\"A Quinta de S\u00e3o Luiz, em Coimbra, voltou a ser palco de mais uma edi\u00e7\u00e3o da Gala TOP 100, cerim\u00f3nia que premiou no dia 13 de outubro\",\"breadcrumb\":{\"@id\":\"https:\\\/\\\/jornaldasoficinas.com\\\/pt\\\/gala-top-100-uma-noite-de-brilho-e-reconhecimento\\\/#breadcrumb\"},\"inLanguage\":\"pt-PT\",\"potentialAction\":[{\"@type\":\"ReadAction\",\"target\":[\"https:\\\/\\\/jornaldasoficinas.com\\\/pt\\\/gala-top-100-uma-noite-de-brilho-e-reconhecimento\\\/\"]}]},{\"@type\":\"ImageObject\",\"inLanguage\":\"pt-PT\",\"@id\":\"https:\\\/\\\/jornaldasoficinas.com\\\/pt\\\/gala-top-100-uma-noite-de-brilho-e-reconhecimento\\\/#primaryimage\",\"url\":\"https:\\\/\\\/jornaldasoficinas.com\\\/pt\\\/wp-content\\\/uploads\\\/2023\\\/09\\\/TOP100-1.jpeg\",\"contentUrl\":\"https:\\\/\\\/jornaldasoficinas.com\\\/pt\\\/wp-content\\\/uploads\\\/2023\\\/09\\\/TOP100-1.jpeg\",\"width\":1024,\"height\":581,\"caption\":\"09 - TOP100 1\"},{\"@type\":\"BreadcrumbList\",\"@id\":\"https:\\\/\\\/jornaldasoficinas.com\\\/pt\\\/gala-top-100-uma-noite-de-brilho-e-reconhecimento\\\/#breadcrumb\",\"itemListElement\":[{\"@type\":\"ListItem\",\"position\":1,\"name\":\"In\u00edcio\",\"item\":\"https:\\\/\\\/jornaldasoficinas.com\\\/pt\\\/\"},{\"@type\":\"ListItem\",\"position\":2,\"name\":\"Gala TOP 100: Uma noite de brilho e reconhecimento!\"}]},{\"@type\":\"WebSite\",\"@id\":\"https:\\\/\\\/jornaldasoficinas.com\\\/pt\\\/#website\",\"url\":\"https:\\\/\\\/jornaldasoficinas.com\\\/pt\\\/\",\"name\":\"Jornal das Oficinas\",\"description\":\"Jornal independente do Aftermarket Autom\u00f3vel em Portugal\",\"publisher\":{\"@id\":\"https:\\\/\\\/jornaldasoficinas.com\\\/pt\\\/#organization\"},\"potentialAction\":[{\"@type\":\"SearchAction\",\"target\":{\"@type\":\"EntryPoint\",\"urlTemplate\":\"https:\\\/\\\/jornaldasoficinas.com\\\/pt\\\/?s={search_term_string}\"},\"query-input\":{\"@type\":\"PropertyValueSpecification\",\"valueRequired\":true,\"valueName\":\"search_term_string\"}}],\"inLanguage\":\"pt-PT\"},{\"@type\":\"Organization\",\"@id\":\"https:\\\/\\\/jornaldasoficinas.com\\\/pt\\\/#organization\",\"name\":\"Jornal das Oficinas\",\"url\":\"https:\\\/\\\/jornaldasoficinas.com\\\/pt\\\/\",\"logo\":{\"@type\":\"ImageObject\",\"inLanguage\":\"pt-PT\",\"@id\":\"https:\\\/\\\/jornaldasoficinas.com\\\/pt\\\/#\\\/schema\\\/logo\\\/image\\\/\",\"url\":\"https:\\\/\\\/jornaldasoficinas.com\\\/pt\\\/wp-content\\\/uploads\\\/logoJO-SEO.png\",\"contentUrl\":\"https:\\\/\\\/jornaldasoficinas.com\\\/pt\\\/wp-content\\\/uploads\\\/logoJO-SEO.png\",\"width\":285,\"height\":450,\"caption\":\"Jornal das Oficinas\"},\"image\":{\"@id\":\"https:\\\/\\\/jornaldasoficinas.com\\\/pt\\\/#\\\/schema\\\/logo\\\/image\\\/\"},\"sameAs\":[\"https:\\\/\\\/www.facebook.com\\\/jornaloficinas\",\"https:\\\/\\\/x.com\\\/jornaloficinas\",\"https:\\\/\\\/www.instagram.com\\\/jornal_oficinas\\\/\",\"https:\\\/\\\/www.linkedin.com\\\/company\\\/jornal-das-oficinas\\\/\",\"https:\\\/\\\/www.youtube.com\\\/channel\\\/UCbQZBqtcvV-oSQrr7RzINGg\"]},{\"@type\":\"Person\",\"@id\":\"https:\\\/\\\/jornaldasoficinas.com\\\/pt\\\/#\\\/schema\\\/person\\\/a38eef5de2c41d9e7c9ac10141afddf3\",\"name\":\"Reda\u00e7\u00e3o JO\",\"image\":{\"@type\":\"ImageObject\",\"inLanguage\":\"pt-PT\",\"@id\":\"https:\\\/\\\/secure.gravatar.com\\\/avatar\\\/71f2fa71737ad68a84fea94bc708ddac8ea5b0c4788dc2ad202f3ccb2887742f?s=96&d=wp_user_avatar&r=g\",\"url\":\"https:\\\/\\\/secure.gravatar.com\\\/avatar\\\/71f2fa71737ad68a84fea94bc708ddac8ea5b0c4788dc2ad202f3ccb2887742f?s=96&d=wp_user_avatar&r=g\",\"contentUrl\":\"https:\\\/\\\/secure.gravatar.com\\\/avatar\\\/71f2fa71737ad68a84fea94bc708ddac8ea5b0c4788dc2ad202f3ccb2887742f?s=96&d=wp_user_avatar&r=g\",\"caption\":\"Reda\u00e7\u00e3o JO\"},\"url\":\"https:\\\/\\\/jornaldasoficinas.com\\\/pt\\\/author\\\/joredacao\\\/\"}]}<\/script>\n<!-- \/ Yoast SEO plugin. -->","yoast_head_json":{"title":"Gala TOP 100: Uma noite de brilho e reconhecimento! - Jornal das Oficinas","description":"A Quinta de S\u00e3o Luiz, em Coimbra, voltou a ser palco de mais uma edi\u00e7\u00e3o da Gala TOP 100, cerim\u00f3nia que premiou no dia 13 de outubro","robots":{"index":"index","follow":"follow","max-snippet":"max-snippet:-1","max-image-preview":"max-image-preview:large","max-video-preview":"max-video-preview:-1"},"canonical":"https:\/\/jornaldasoficinas.com\/pt\/gala-top-100-uma-noite-de-brilho-e-reconhecimento\/","og_locale":"pt_PT","og_type":"article","og_title":"Gala TOP 100: Uma noite de brilho e reconhecimento! - Jornal das Oficinas","og_description":"A Quinta de S\u00e3o Luiz, em Coimbra, voltou a ser palco de mais uma edi\u00e7\u00e3o da Gala TOP 100, cerim\u00f3nia que premiou no dia 13 de outubro","og_url":"https:\/\/jornaldasoficinas.com\/pt\/gala-top-100-uma-noite-de-brilho-e-reconhecimento\/","og_site_name":"Jornal das Oficinas","article_publisher":"https:\/\/www.facebook.com\/jornaloficinas","article_published_time":"2023-10-16T11:30:55+00:00","article_modified_time":"2023-11-15T13:26:22+00:00","og_image":[{"width":1024,"height":581,"url":"https:\/\/jornaldasoficinas.com\/pt\/wp-content\/uploads\/2023\/09\/TOP100-1.jpeg","type":"image\/jpeg"}],"author":"Reda\u00e7\u00e3o JO","twitter_card":"summary_large_image","twitter_creator":"@jornaloficinas","twitter_site":"@jornaloficinas","twitter_misc":{"Escrito por":"Reda\u00e7\u00e3o JO","Tempo estimado de leitura":"4 minutos"},"schema":{"@context":"https:\/\/schema.org","@graph":[{"@type":"Article","@id":"https:\/\/jornaldasoficinas.com\/pt\/gala-top-100-uma-noite-de-brilho-e-reconhecimento\/#article","isPartOf":{"@id":"https:\/\/jornaldasoficinas.com\/pt\/gala-top-100-uma-noite-de-brilho-e-reconhecimento\/"},"author":{"name":"Reda\u00e7\u00e3o JO","@id":"https:\/\/jornaldasoficinas.com\/pt\/#\/schema\/person\/a38eef5de2c41d9e7c9ac10141afddf3"},"headline":"Gala TOP 100: Uma noite de brilho e reconhecimento!","datePublished":"2023-10-16T11:30:55+00:00","dateModified":"2023-11-15T13:26:22+00:00","mainEntityOfPage":{"@id":"https:\/\/jornaldasoficinas.com\/pt\/gala-top-100-uma-noite-de-brilho-e-reconhecimento\/"},"wordCount":639,"publisher":{"@id":"https:\/\/jornaldasoficinas.com\/pt\/#organization"},"image":{"@id":"https:\/\/jornaldasoficinas.com\/pt\/gala-top-100-uma-noite-de-brilho-e-reconhecimento\/#primaryimage"},"thumbnailUrl":"https:\/\/jornaldasoficinas.com\/pt\/wp-content\/uploads\/2023\/09\/TOP100-1.jpeg","keywords":["Gala TOP 100"],"articleSection":["Empresas","Gala Top 100"],"inLanguage":"pt-PT"},{"@type":"WebPage","@id":"https:\/\/jornaldasoficinas.com\/pt\/gala-top-100-uma-noite-de-brilho-e-reconhecimento\/","url":"https:\/\/jornaldasoficinas.com\/pt\/gala-top-100-uma-noite-de-brilho-e-reconhecimento\/","name":"Gala TOP 100: Uma noite de brilho e reconhecimento! - Jornal das Oficinas","isPartOf":{"@id":"https:\/\/jornaldasoficinas.com\/pt\/#website"},"primaryImageOfPage":{"@id":"https:\/\/jornaldasoficinas.com\/pt\/gala-top-100-uma-noite-de-brilho-e-reconhecimento\/#primaryimage"},"image":{"@id":"https:\/\/jornaldasoficinas.com\/pt\/gala-top-100-uma-noite-de-brilho-e-reconhecimento\/#primaryimage"},"thumbnailUrl":"https:\/\/jornaldasoficinas.com\/pt\/wp-content\/uploads\/2023\/09\/TOP100-1.jpeg","datePublished":"2023-10-16T11:30:55+00:00","dateModified":"2023-11-15T13:26:22+00:00","description":"A Quinta de S\u00e3o Luiz, em Coimbra, voltou a ser palco de mais uma edi\u00e7\u00e3o da Gala TOP 100, cerim\u00f3nia que premiou no dia 13 de outubro","breadcrumb":{"@id":"https:\/\/jornaldasoficinas.com\/pt\/gala-top-100-uma-noite-de-brilho-e-reconhecimento\/#breadcrumb"},"inLanguage":"pt-PT","potentialAction":[{"@type":"ReadAction","target":["https:\/\/jornaldasoficinas.com\/pt\/gala-top-100-uma-noite-de-brilho-e-reconhecimento\/"]}]},{"@type":"ImageObject","inLanguage":"pt-PT","@id":"https:\/\/jornaldasoficinas.com\/pt\/gala-top-100-uma-noite-de-brilho-e-reconhecimento\/#primaryimage","url":"https:\/\/jornaldasoficinas.com\/pt\/wp-content\/uploads\/2023\/09\/TOP100-1.jpeg","contentUrl":"https:\/\/jornaldasoficinas.com\/pt\/wp-content\/uploads\/2023\/09\/TOP100-1.jpeg","width":1024,"height":581,"caption":"09 - TOP100 1"},{"@type":"BreadcrumbList","@id":"https:\/\/jornaldasoficinas.com\/pt\/gala-top-100-uma-noite-de-brilho-e-reconhecimento\/#breadcrumb","itemListElement":[{"@type":"ListItem","position":1,"name":"In\u00edcio","item":"https:\/\/jornaldasoficinas.com\/pt\/"},{"@type":"ListItem","position":2,"name":"Gala TOP 100: Uma noite de brilho e reconhecimento!"}]},{"@type":"WebSite","@id":"https:\/\/jornaldasoficinas.com\/pt\/#website","url":"https:\/\/jornaldasoficinas.com\/pt\/","name":"Jornal das Oficinas","description":"Jornal independente do Aftermarket Autom\u00f3vel em Portugal","publisher":{"@id":"https:\/\/jornaldasoficinas.com\/pt\/#organization"},"potentialAction":[{"@type":"SearchAction","target":{"@type":"EntryPoint","urlTemplate":"https:\/\/jornaldasoficinas.com\/pt\/?s={search_term_string}"},"query-input":{"@type":"PropertyValueSpecification","valueRequired":true,"valueName":"search_term_string"}}],"inLanguage":"pt-PT"},{"@type":"Organization","@id":"https:\/\/jornaldasoficinas.com\/pt\/#organization","name":"Jornal das Oficinas","url":"https:\/\/jornaldasoficinas.com\/pt\/","logo":{"@type":"ImageObject","inLanguage":"pt-PT","@id":"https:\/\/jornaldasoficinas.com\/pt\/#\/schema\/logo\/image\/","url":"https:\/\/jornaldasoficinas.com\/pt\/wp-content\/uploads\/logoJO-SEO.png","contentUrl":"https:\/\/jornaldasoficinas.com\/pt\/wp-content\/uploads\/logoJO-SEO.png","width":285,"height":450,"caption":"Jornal das Oficinas"},"image":{"@id":"https:\/\/jornaldasoficinas.com\/pt\/#\/schema\/logo\/image\/"},"sameAs":["https:\/\/www.facebook.com\/jornaloficinas","https:\/\/x.com\/jornaloficinas","https:\/\/www.instagram.com\/jornal_oficinas\/","https:\/\/www.linkedin.com\/company\/jornal-das-oficinas\/","https:\/\/www.youtube.com\/channel\/UCbQZBqtcvV-oSQrr7RzINGg"]},{"@type":"Person","@id":"https:\/\/jornaldasoficinas.com\/pt\/#\/schema\/person\/a38eef5de2c41d9e7c9ac10141afddf3","name":"Reda\u00e7\u00e3o JO","image":{"@type":"ImageObject","inLanguage":"pt-PT","@id":"https:\/\/secure.gravatar.com\/avatar\/71f2fa71737ad68a84fea94bc708ddac8ea5b0c4788dc2ad202f3ccb2887742f?s=96&d=wp_user_avatar&r=g","url":"https:\/\/secure.gravatar.com\/avatar\/71f2fa71737ad68a84fea94bc708ddac8ea5b0c4788dc2ad202f3ccb2887742f?s=96&d=wp_user_avatar&r=g","contentUrl":"https:\/\/secure.gravatar.com\/avatar\/71f2fa71737ad68a84fea94bc708ddac8ea5b0c4788dc2ad202f3ccb2887742f?s=96&d=wp_user_avatar&r=g","caption":"Reda\u00e7\u00e3o JO"},"url":"https:\/\/jornaldasoficinas.com\/pt\/author\/joredacao\/"}]}},"_links":{"self":[{"href":"https:\/\/jornaldasoficinas.com\/pt\/wp-json\/wp\/v2\/posts\/73255","targetHints":{"allow":["GET"]}}],"collection":[{"href":"https:\/\/jornaldasoficinas.com\/pt\/wp-json\/wp\/v2\/posts"}],"about":[{"href":"https:\/\/jornaldasoficinas.com\/pt\/wp-json\/wp\/v2\/types\/post"}],"author":[{"embeddable":true,"href":"https:\/\/jornaldasoficinas.com\/pt\/wp-json\/wp\/v2\/users\/15"}],"replies":[{"embeddable":true,"href":"https:\/\/jornaldasoficinas.com\/pt\/wp-json\/wp\/v2\/comments?post=73255"}],"version-history":[{"count":0,"href":"https:\/\/jornaldasoficinas.com\/pt\/wp-json\/wp\/v2\/posts\/73255\/revisions"}],"wp:featuredmedia":[{"embeddable":true,"href":"https:\/\/jornaldasoficinas.com\/pt\/wp-json\/wp\/v2\/media\/73262"}],"wp:attachment":[{"href":"https:\/\/jornaldasoficinas.com\/pt\/wp-json\/wp\/v2\/media?parent=73255"}],"wp:term":[{"taxonomy":"category","embeddable":true,"href":"https:\/\/jornaldasoficinas.com\/pt\/wp-json\/wp\/v2\/categories?post=73255"},{"taxonomy":"post_tag","embeddable":true,"href":"https:\/\/jornaldasoficinas.com\/pt\/wp-json\/wp\/v2\/tags?post=73255"}],"curies":[{"name":"wp","href":"https:\/\/api.w.org\/{rel}","templated":true}]}}