{"id":73336,"date":"2023-10-17T20:00:47","date_gmt":"2023-10-17T19:00:47","guid":{"rendered":"https:\/\/jornaldasoficinas.com\/pt\/?p=73336"},"modified":"2023-10-17T09:18:44","modified_gmt":"2023-10-17T08:18:44","slug":"671-dos-automoveis-ligeiros-usados-em-portugal-sao-internacionais","status":"publish","type":"post","link":"https:\/\/jornaldasoficinas.com\/pt\/671-dos-automoveis-ligeiros-usados-em-portugal-sao-internacionais\/","title":{"rendered":"67,1% dos autom\u00f3veis ligeiros usados em Portugal s\u00e3o internacionais"},"content":{"rendered":"<p><img loading=\"lazy\" decoding=\"async\" class=\"size-full wp-image-73296\" src=\"https:\/\/jornaldasoficinas.com\/pt\/wp-content\/uploads\/2023\/09\/671-dos-automoveis-ligeiros-usados-em-Portugal-sao-internacionais.jpg\" alt=\"09 - 671 dos automoveis ligeiros usados em Portugal sao internacionais\" width=\"1024\" height=\"581\" srcset=\"https:\/\/jornaldasoficinas.com\/pt\/wp-content\/uploads\/2023\/09\/671-dos-automoveis-ligeiros-usados-em-Portugal-sao-internacionais.jpg 1024w, https:\/\/jornaldasoficinas.com\/pt\/wp-content\/uploads\/2023\/09\/671-dos-automoveis-ligeiros-usados-em-Portugal-sao-internacionais-300x170.jpg 300w, https:\/\/jornaldasoficinas.com\/pt\/wp-content\/uploads\/2023\/09\/671-dos-automoveis-ligeiros-usados-em-Portugal-sao-internacionais-150x85.jpg 150w, https:\/\/jornaldasoficinas.com\/pt\/wp-content\/uploads\/2023\/09\/671-dos-automoveis-ligeiros-usados-em-Portugal-sao-internacionais-768x436.jpg 768w\" sizes=\"auto, (max-width: 1024px) 100vw, 1024px\" \/><\/p>\n<p><strong>Ao longo dos anos, a Alemanha tem vindo a tornar-se local de elei\u00e7\u00e3o para a compra de autom\u00f3veis usados. De acordo com a Autoridade Federal de Transportes Motorizados da Alemanha, todos os anos, cerca de 2 milh\u00f5es de autom\u00f3veis alem\u00e3es usados s\u00e3o registados noutros pa\u00edses. Em alguns Estados-Membros, a percentagem de carros usados importados da Alemanha ultrapassa os 50%. Especificamente em Portugal, a <a href=\"https:\/\/www.acap.pt\/pt\/home\" target=\"_blank\" rel=\"noopener\">ACAP<\/a> indica que 67,1% dos autom\u00f3veis ligeiros usados, matriculados em 2022, foram importados da UE, sendo a Alemanha uma das principais fontes de importa\u00e7\u00e3o<\/strong><\/p>\n<p>Os sites de classificados mais populares da Alemanha listam milh\u00f5es de ve\u00edculos, pelo que a gama de autom\u00f3veis \u00e0 venda \u00e9 mais vasta do que em qualquer outro lugar do continente. No entanto, alguns dos ve\u00edculos que aparecem nestes an\u00fancios podem ser de outros pa\u00edses.<\/p>\n<p>Informa\u00e7\u00f5es da carVertical, empresa de hist\u00f3ricos autom\u00f3veis, sugerem que 4,3% dos carros \u00e0 venda na Alemanha podem nunca ter visto as estradas de Berlim, Munique ou Hamburgo, nem as ic\u00f3nicas autoestradas germ\u00e2nicas. Esses autom\u00f3veis podem ter origem noutros pa\u00edses.<\/p>\n<p>Antes de serem importados para venda na Alemanha, esses ve\u00edculos eram, maioritariamente, de It\u00e1lia (16,6%), Fran\u00e7a (12,7%), dos EUA (10,6%), da B\u00e9lgica (9,1%) e da Rom\u00e9nia\u00a0(5,1%).<\/p>\n<p>Em vez de adquirirem um autom\u00f3vel alem\u00e3o, os compradores arriscam-se a comprar um ve\u00edculo importado de outro pa\u00eds. Se o vendedor esconder o pa\u00eds de origem do autom\u00f3vel, este pode n\u00e3o estar nas melhores condi\u00e7\u00f5es. Ali\u00e1s, as repara\u00e7\u00f5es de baixa qualidade, a elevada quilometragem e os danos ocultos s\u00e3o raz\u00f5es comuns para os vendedores tentarem ocultar o passado do ve\u00edculo e vend\u00ea-lo noutro pa\u00eds. Como os pa\u00edses n\u00e3o costumam trocar informa\u00e7\u00f5es sobre o hist\u00f3rico dos autom\u00f3veis, pode ser dif\u00edcil detetar estas fraudes.<\/p>\n<p>\u201cCerca de 4,3% dos autom\u00f3veis registados na Alemanha t\u00eam informa\u00e7\u00f5es registadas em pa\u00edses estrangeiros. Repar\u00e1mos que as pessoas vendem modelos caros na Alemanha, mas os nossos registos sugerem que muitos deles nunca foram utilizados no pa\u00eds. Isto cria a ilus\u00e3o de que se est\u00e1 a comprar um carro alem\u00e3o bem tratado, quando na realidade \u00e9 importado de It\u00e1lia, Fran\u00e7a ou Rom\u00e9nia\u201d, explicou Matas Buzelis, Diretor de Comunica\u00e7\u00f5es e especialista em autom\u00f3veis da carVertical.<\/p>\n<p><strong>Porque \u00e9 que os compradores e vendedores portugueses se sentem atra\u00eddos pelo mercado alem\u00e3o?<br \/>\n<\/strong>Segundo Buzelis, com a escassez de autom\u00f3veis novos, a oferta de modelos de alta qualidade no mercado de autom\u00f3veis usados pode ser limitada. \u00c9 por isso que alguns vendedores tentam negociar os seus ve\u00edculos na Alemanha, porque o pa\u00eds tem um p\u00fablico mais vasto. Se algu\u00e9m n\u00e3o consegue vender o seu autom\u00f3vel na Rep\u00fablica Checa ou na Rom\u00e9nia, pode tentar faz\u00ea-lo noutro local.<\/p>\n<p>A Alemanha tem uma reputa\u00e7\u00e3o de atrair compradores de autom\u00f3veis de diferentes pa\u00edses europeus. Como o mercado portugu\u00eas de carros usados tem crescido nos \u00faltimos anos, n\u00e3o \u00e9 de surpreender que os carros alem\u00e3es se tenham tornado uma op\u00e7\u00e3o bastante procurada.<\/p>\n<p>Quando se analisa as importa\u00e7\u00f5es de autom\u00f3veis novos e usados em Portugal, verifica-se que s\u00e3o os mais abundantes \u2013 a Alemanha totalizou 1,22 mil milh\u00f5es de euros, de acordo com a OEC.<\/p>\n<p>Os compradores portugueses podem optar por esta via por v\u00e1rias raz\u00f5es, sendo o pre\u00e7o um dos principais motivos. Os atrasos na produ\u00e7\u00e3o de autom\u00f3veis novos devido \u00e0 escassez de pe\u00e7as autom\u00f3veis tamb\u00e9m podem ter um efeito significativo. Ainda no ano passado, a escassez mundial de semicondutores provocou um aumento das importa\u00e7\u00f5es de ve\u00edculos usados para Portugal.<\/p>\n<p>Importar um carro tamb\u00e9m \u00e9 uma boa op\u00e7\u00e3o para quem procura uma marca ou modelo espec\u00edfico que n\u00e3o esteja dispon\u00edvel em Portugal. Existe ainda um mito generalizado de que os condutores na Alemanha compram carros mais recentes, mais bem equipados e mais caros, e que seguem rigorosamente as recomenda\u00e7\u00f5es de manuten\u00e7\u00e3o dos fabricantes. Na realidade, estes clich\u00e9s podem induzir as pessoas a adquirir autom\u00f3veis sem consultarem o historial do ve\u00edculo ou um mec\u00e2nico certificado.<\/p>\n","protected":false},"excerpt":{"rendered":"<p>Ao longo dos anos, a Alemanha&#8230;<\/p>\n","protected":false},"author":15,"featured_media":73296,"comment_status":"closed","ping_status":"closed","sticky":false,"template":"","format":"standard","meta":{"footnotes":""},"categories":[37],"tags":[157,6013,3147],"class_list":["post-73336","post","type-post","status-publish","format-standard","has-post-thumbnail","hentry","category-mercado","tag-acap","tag-automoveis-ligeiros","tag-automoveis-usados"],"yoast_head":"<!-- This site is optimized with the Yoast SEO plugin v27.4 - https:\/\/yoast.com\/product\/yoast-seo-wordpress\/ -->\n<title>67,1% dos autom\u00f3veis ligeiros usados em Portugal s\u00e3o internacionais - Jornal das Oficinas<\/title>\n<meta name=\"description\" content=\"Especificamente em Portugal, a ACAP indica que 67,1% dos autom\u00f3veis ligeiros usados, matriculados em 2022, foram importados da UE\" \/>\n<meta name=\"robots\" content=\"index, follow, max-snippet:-1, max-image-preview:large, max-video-preview:-1\" \/>\n<link rel=\"canonical\" href=\"https:\/\/jornaldasoficinas.com\/pt\/671-dos-automoveis-ligeiros-usados-em-portugal-sao-internacionais\/\" \/>\n<meta property=\"og:locale\" content=\"pt_PT\" \/>\n<meta property=\"og:type\" content=\"article\" \/>\n<meta property=\"og:title\" content=\"67,1% dos autom\u00f3veis ligeiros usados em Portugal s\u00e3o internacionais - Jornal das Oficinas\" \/>\n<meta property=\"og:description\" content=\"Especificamente em Portugal, a ACAP indica que 67,1% dos autom\u00f3veis ligeiros usados, matriculados em 2022, foram importados da UE\" \/>\n<meta property=\"og:url\" content=\"https:\/\/jornaldasoficinas.com\/pt\/671-dos-automoveis-ligeiros-usados-em-portugal-sao-internacionais\/\" \/>\n<meta property=\"og:site_name\" content=\"Jornal das Oficinas\" \/>\n<meta property=\"article:publisher\" content=\"https:\/\/www.facebook.com\/jornaloficinas\" \/>\n<meta property=\"article:published_time\" content=\"2023-10-17T19:00:47+00:00\" \/>\n<meta property=\"og:image\" content=\"https:\/\/jornaldasoficinas.com\/pt\/wp-content\/uploads\/2023\/09\/671-dos-automoveis-ligeiros-usados-em-Portugal-sao-internacionais.jpg\" \/>\n\t<meta property=\"og:image:width\" content=\"1024\" \/>\n\t<meta property=\"og:image:height\" content=\"581\" \/>\n\t<meta property=\"og:image:type\" content=\"image\/jpeg\" \/>\n<meta name=\"author\" content=\"Reda\u00e7\u00e3o JO\" \/>\n<meta name=\"twitter:card\" content=\"summary_large_image\" \/>\n<meta name=\"twitter:creator\" content=\"@jornaloficinas\" \/>\n<meta name=\"twitter:site\" content=\"@jornaloficinas\" \/>\n<meta name=\"twitter:label1\" content=\"Escrito por\" \/>\n\t<meta name=\"twitter:data1\" content=\"Reda\u00e7\u00e3o JO\" \/>\n\t<meta name=\"twitter:label2\" content=\"Tempo estimado de leitura\" \/>\n\t<meta name=\"twitter:data2\" content=\"4 minutos\" \/>\n<script type=\"application\/ld+json\" class=\"yoast-schema-graph\">{\"@context\":\"https:\\\/\\\/schema.org\",\"@graph\":[{\"@type\":\"Article\",\"@id\":\"https:\\\/\\\/jornaldasoficinas.com\\\/pt\\\/671-dos-automoveis-ligeiros-usados-em-portugal-sao-internacionais\\\/#article\",\"isPartOf\":{\"@id\":\"https:\\\/\\\/jornaldasoficinas.com\\\/pt\\\/671-dos-automoveis-ligeiros-usados-em-portugal-sao-internacionais\\\/\"},\"author\":{\"name\":\"Reda\u00e7\u00e3o JO\",\"@id\":\"https:\\\/\\\/jornaldasoficinas.com\\\/pt\\\/#\\\/schema\\\/person\\\/a38eef5de2c41d9e7c9ac10141afddf3\"},\"headline\":\"67,1% dos autom\u00f3veis ligeiros usados em Portugal s\u00e3o internacionais\",\"datePublished\":\"2023-10-17T19:00:47+00:00\",\"mainEntityOfPage\":{\"@id\":\"https:\\\/\\\/jornaldasoficinas.com\\\/pt\\\/671-dos-automoveis-ligeiros-usados-em-portugal-sao-internacionais\\\/\"},\"wordCount\":727,\"publisher\":{\"@id\":\"https:\\\/\\\/jornaldasoficinas.com\\\/pt\\\/#organization\"},\"image\":{\"@id\":\"https:\\\/\\\/jornaldasoficinas.com\\\/pt\\\/671-dos-automoveis-ligeiros-usados-em-portugal-sao-internacionais\\\/#primaryimage\"},\"thumbnailUrl\":\"https:\\\/\\\/jornaldasoficinas.com\\\/pt\\\/wp-content\\\/uploads\\\/2023\\\/09\\\/671-dos-automoveis-ligeiros-usados-em-Portugal-sao-internacionais.jpg\",\"keywords\":[\"ACAP\",\"Autom\u00f3veis ligeiros\",\"Autom\u00f3veis usados\"],\"articleSection\":[\"Mercado\"],\"inLanguage\":\"pt-PT\"},{\"@type\":\"WebPage\",\"@id\":\"https:\\\/\\\/jornaldasoficinas.com\\\/pt\\\/671-dos-automoveis-ligeiros-usados-em-portugal-sao-internacionais\\\/\",\"url\":\"https:\\\/\\\/jornaldasoficinas.com\\\/pt\\\/671-dos-automoveis-ligeiros-usados-em-portugal-sao-internacionais\\\/\",\"name\":\"67,1% dos autom\u00f3veis ligeiros usados em Portugal s\u00e3o internacionais - Jornal das Oficinas\",\"isPartOf\":{\"@id\":\"https:\\\/\\\/jornaldasoficinas.com\\\/pt\\\/#website\"},\"primaryImageOfPage\":{\"@id\":\"https:\\\/\\\/jornaldasoficinas.com\\\/pt\\\/671-dos-automoveis-ligeiros-usados-em-portugal-sao-internacionais\\\/#primaryimage\"},\"image\":{\"@id\":\"https:\\\/\\\/jornaldasoficinas.com\\\/pt\\\/671-dos-automoveis-ligeiros-usados-em-portugal-sao-internacionais\\\/#primaryimage\"},\"thumbnailUrl\":\"https:\\\/\\\/jornaldasoficinas.com\\\/pt\\\/wp-content\\\/uploads\\\/2023\\\/09\\\/671-dos-automoveis-ligeiros-usados-em-Portugal-sao-internacionais.jpg\",\"datePublished\":\"2023-10-17T19:00:47+00:00\",\"description\":\"Especificamente em Portugal, a ACAP indica que 67,1% dos autom\u00f3veis ligeiros usados, matriculados em 2022, foram importados da UE\",\"breadcrumb\":{\"@id\":\"https:\\\/\\\/jornaldasoficinas.com\\\/pt\\\/671-dos-automoveis-ligeiros-usados-em-portugal-sao-internacionais\\\/#breadcrumb\"},\"inLanguage\":\"pt-PT\",\"potentialAction\":[{\"@type\":\"ReadAction\",\"target\":[\"https:\\\/\\\/jornaldasoficinas.com\\\/pt\\\/671-dos-automoveis-ligeiros-usados-em-portugal-sao-internacionais\\\/\"]}]},{\"@type\":\"ImageObject\",\"inLanguage\":\"pt-PT\",\"@id\":\"https:\\\/\\\/jornaldasoficinas.com\\\/pt\\\/671-dos-automoveis-ligeiros-usados-em-portugal-sao-internacionais\\\/#primaryimage\",\"url\":\"https:\\\/\\\/jornaldasoficinas.com\\\/pt\\\/wp-content\\\/uploads\\\/2023\\\/09\\\/671-dos-automoveis-ligeiros-usados-em-Portugal-sao-internacionais.jpg\",\"contentUrl\":\"https:\\\/\\\/jornaldasoficinas.com\\\/pt\\\/wp-content\\\/uploads\\\/2023\\\/09\\\/671-dos-automoveis-ligeiros-usados-em-Portugal-sao-internacionais.jpg\",\"width\":1024,\"height\":581,\"caption\":\"Black cars and white cars on the german autobahn\"},{\"@type\":\"BreadcrumbList\",\"@id\":\"https:\\\/\\\/jornaldasoficinas.com\\\/pt\\\/671-dos-automoveis-ligeiros-usados-em-portugal-sao-internacionais\\\/#breadcrumb\",\"itemListElement\":[{\"@type\":\"ListItem\",\"position\":1,\"name\":\"In\u00edcio\",\"item\":\"https:\\\/\\\/jornaldasoficinas.com\\\/pt\\\/\"},{\"@type\":\"ListItem\",\"position\":2,\"name\":\"67,1% dos autom\u00f3veis ligeiros usados em Portugal s\u00e3o internacionais\"}]},{\"@type\":\"WebSite\",\"@id\":\"https:\\\/\\\/jornaldasoficinas.com\\\/pt\\\/#website\",\"url\":\"https:\\\/\\\/jornaldasoficinas.com\\\/pt\\\/\",\"name\":\"Jornal das Oficinas\",\"description\":\"Jornal independente do Aftermarket Autom\u00f3vel em Portugal\",\"publisher\":{\"@id\":\"https:\\\/\\\/jornaldasoficinas.com\\\/pt\\\/#organization\"},\"potentialAction\":[{\"@type\":\"SearchAction\",\"target\":{\"@type\":\"EntryPoint\",\"urlTemplate\":\"https:\\\/\\\/jornaldasoficinas.com\\\/pt\\\/?s={search_term_string}\"},\"query-input\":{\"@type\":\"PropertyValueSpecification\",\"valueRequired\":true,\"valueName\":\"search_term_string\"}}],\"inLanguage\":\"pt-PT\"},{\"@type\":\"Organization\",\"@id\":\"https:\\\/\\\/jornaldasoficinas.com\\\/pt\\\/#organization\",\"name\":\"Jornal das Oficinas\",\"url\":\"https:\\\/\\\/jornaldasoficinas.com\\\/pt\\\/\",\"logo\":{\"@type\":\"ImageObject\",\"inLanguage\":\"pt-PT\",\"@id\":\"https:\\\/\\\/jornaldasoficinas.com\\\/pt\\\/#\\\/schema\\\/logo\\\/image\\\/\",\"url\":\"https:\\\/\\\/jornaldasoficinas.com\\\/pt\\\/wp-content\\\/uploads\\\/logoJO-SEO.png\",\"contentUrl\":\"https:\\\/\\\/jornaldasoficinas.com\\\/pt\\\/wp-content\\\/uploads\\\/logoJO-SEO.png\",\"width\":285,\"height\":450,\"caption\":\"Jornal das Oficinas\"},\"image\":{\"@id\":\"https:\\\/\\\/jornaldasoficinas.com\\\/pt\\\/#\\\/schema\\\/logo\\\/image\\\/\"},\"sameAs\":[\"https:\\\/\\\/www.facebook.com\\\/jornaloficinas\",\"https:\\\/\\\/x.com\\\/jornaloficinas\",\"https:\\\/\\\/www.instagram.com\\\/jornal_oficinas\\\/\",\"https:\\\/\\\/www.linkedin.com\\\/company\\\/jornal-das-oficinas\\\/\",\"https:\\\/\\\/www.youtube.com\\\/channel\\\/UCbQZBqtcvV-oSQrr7RzINGg\"]},{\"@type\":\"Person\",\"@id\":\"https:\\\/\\\/jornaldasoficinas.com\\\/pt\\\/#\\\/schema\\\/person\\\/a38eef5de2c41d9e7c9ac10141afddf3\",\"name\":\"Reda\u00e7\u00e3o JO\",\"image\":{\"@type\":\"ImageObject\",\"inLanguage\":\"pt-PT\",\"@id\":\"https:\\\/\\\/secure.gravatar.com\\\/avatar\\\/71f2fa71737ad68a84fea94bc708ddac8ea5b0c4788dc2ad202f3ccb2887742f?s=96&d=wp_user_avatar&r=g\",\"url\":\"https:\\\/\\\/secure.gravatar.com\\\/avatar\\\/71f2fa71737ad68a84fea94bc708ddac8ea5b0c4788dc2ad202f3ccb2887742f?s=96&d=wp_user_avatar&r=g\",\"contentUrl\":\"https:\\\/\\\/secure.gravatar.com\\\/avatar\\\/71f2fa71737ad68a84fea94bc708ddac8ea5b0c4788dc2ad202f3ccb2887742f?s=96&d=wp_user_avatar&r=g\",\"caption\":\"Reda\u00e7\u00e3o JO\"},\"url\":\"https:\\\/\\\/jornaldasoficinas.com\\\/pt\\\/author\\\/joredacao\\\/\"}]}<\/script>\n<!-- \/ Yoast SEO plugin. -->","yoast_head_json":{"title":"67,1% dos autom\u00f3veis ligeiros usados em Portugal s\u00e3o internacionais - Jornal das Oficinas","description":"Especificamente em Portugal, a ACAP indica que 67,1% dos autom\u00f3veis ligeiros usados, matriculados em 2022, foram importados da UE","robots":{"index":"index","follow":"follow","max-snippet":"max-snippet:-1","max-image-preview":"max-image-preview:large","max-video-preview":"max-video-preview:-1"},"canonical":"https:\/\/jornaldasoficinas.com\/pt\/671-dos-automoveis-ligeiros-usados-em-portugal-sao-internacionais\/","og_locale":"pt_PT","og_type":"article","og_title":"67,1% dos autom\u00f3veis ligeiros usados em Portugal s\u00e3o internacionais - Jornal das Oficinas","og_description":"Especificamente em Portugal, a ACAP indica que 67,1% dos autom\u00f3veis ligeiros usados, matriculados em 2022, foram importados da UE","og_url":"https:\/\/jornaldasoficinas.com\/pt\/671-dos-automoveis-ligeiros-usados-em-portugal-sao-internacionais\/","og_site_name":"Jornal das Oficinas","article_publisher":"https:\/\/www.facebook.com\/jornaloficinas","article_published_time":"2023-10-17T19:00:47+00:00","og_image":[{"width":1024,"height":581,"url":"https:\/\/jornaldasoficinas.com\/pt\/wp-content\/uploads\/2023\/09\/671-dos-automoveis-ligeiros-usados-em-Portugal-sao-internacionais.jpg","type":"image\/jpeg"}],"author":"Reda\u00e7\u00e3o JO","twitter_card":"summary_large_image","twitter_creator":"@jornaloficinas","twitter_site":"@jornaloficinas","twitter_misc":{"Escrito por":"Reda\u00e7\u00e3o JO","Tempo estimado de leitura":"4 minutos"},"schema":{"@context":"https:\/\/schema.org","@graph":[{"@type":"Article","@id":"https:\/\/jornaldasoficinas.com\/pt\/671-dos-automoveis-ligeiros-usados-em-portugal-sao-internacionais\/#article","isPartOf":{"@id":"https:\/\/jornaldasoficinas.com\/pt\/671-dos-automoveis-ligeiros-usados-em-portugal-sao-internacionais\/"},"author":{"name":"Reda\u00e7\u00e3o JO","@id":"https:\/\/jornaldasoficinas.com\/pt\/#\/schema\/person\/a38eef5de2c41d9e7c9ac10141afddf3"},"headline":"67,1% dos autom\u00f3veis ligeiros usados em Portugal s\u00e3o internacionais","datePublished":"2023-10-17T19:00:47+00:00","mainEntityOfPage":{"@id":"https:\/\/jornaldasoficinas.com\/pt\/671-dos-automoveis-ligeiros-usados-em-portugal-sao-internacionais\/"},"wordCount":727,"publisher":{"@id":"https:\/\/jornaldasoficinas.com\/pt\/#organization"},"image":{"@id":"https:\/\/jornaldasoficinas.com\/pt\/671-dos-automoveis-ligeiros-usados-em-portugal-sao-internacionais\/#primaryimage"},"thumbnailUrl":"https:\/\/jornaldasoficinas.com\/pt\/wp-content\/uploads\/2023\/09\/671-dos-automoveis-ligeiros-usados-em-Portugal-sao-internacionais.jpg","keywords":["ACAP","Autom\u00f3veis ligeiros","Autom\u00f3veis usados"],"articleSection":["Mercado"],"inLanguage":"pt-PT"},{"@type":"WebPage","@id":"https:\/\/jornaldasoficinas.com\/pt\/671-dos-automoveis-ligeiros-usados-em-portugal-sao-internacionais\/","url":"https:\/\/jornaldasoficinas.com\/pt\/671-dos-automoveis-ligeiros-usados-em-portugal-sao-internacionais\/","name":"67,1% dos autom\u00f3veis ligeiros usados em Portugal s\u00e3o internacionais - Jornal das Oficinas","isPartOf":{"@id":"https:\/\/jornaldasoficinas.com\/pt\/#website"},"primaryImageOfPage":{"@id":"https:\/\/jornaldasoficinas.com\/pt\/671-dos-automoveis-ligeiros-usados-em-portugal-sao-internacionais\/#primaryimage"},"image":{"@id":"https:\/\/jornaldasoficinas.com\/pt\/671-dos-automoveis-ligeiros-usados-em-portugal-sao-internacionais\/#primaryimage"},"thumbnailUrl":"https:\/\/jornaldasoficinas.com\/pt\/wp-content\/uploads\/2023\/09\/671-dos-automoveis-ligeiros-usados-em-Portugal-sao-internacionais.jpg","datePublished":"2023-10-17T19:00:47+00:00","description":"Especificamente em Portugal, a ACAP indica que 67,1% dos autom\u00f3veis ligeiros usados, matriculados em 2022, foram importados da UE","breadcrumb":{"@id":"https:\/\/jornaldasoficinas.com\/pt\/671-dos-automoveis-ligeiros-usados-em-portugal-sao-internacionais\/#breadcrumb"},"inLanguage":"pt-PT","potentialAction":[{"@type":"ReadAction","target":["https:\/\/jornaldasoficinas.com\/pt\/671-dos-automoveis-ligeiros-usados-em-portugal-sao-internacionais\/"]}]},{"@type":"ImageObject","inLanguage":"pt-PT","@id":"https:\/\/jornaldasoficinas.com\/pt\/671-dos-automoveis-ligeiros-usados-em-portugal-sao-internacionais\/#primaryimage","url":"https:\/\/jornaldasoficinas.com\/pt\/wp-content\/uploads\/2023\/09\/671-dos-automoveis-ligeiros-usados-em-Portugal-sao-internacionais.jpg","contentUrl":"https:\/\/jornaldasoficinas.com\/pt\/wp-content\/uploads\/2023\/09\/671-dos-automoveis-ligeiros-usados-em-Portugal-sao-internacionais.jpg","width":1024,"height":581,"caption":"Black cars and white cars on the german autobahn"},{"@type":"BreadcrumbList","@id":"https:\/\/jornaldasoficinas.com\/pt\/671-dos-automoveis-ligeiros-usados-em-portugal-sao-internacionais\/#breadcrumb","itemListElement":[{"@type":"ListItem","position":1,"name":"In\u00edcio","item":"https:\/\/jornaldasoficinas.com\/pt\/"},{"@type":"ListItem","position":2,"name":"67,1% dos autom\u00f3veis ligeiros usados em Portugal s\u00e3o internacionais"}]},{"@type":"WebSite","@id":"https:\/\/jornaldasoficinas.com\/pt\/#website","url":"https:\/\/jornaldasoficinas.com\/pt\/","name":"Jornal das Oficinas","description":"Jornal independente do Aftermarket Autom\u00f3vel em Portugal","publisher":{"@id":"https:\/\/jornaldasoficinas.com\/pt\/#organization"},"potentialAction":[{"@type":"SearchAction","target":{"@type":"EntryPoint","urlTemplate":"https:\/\/jornaldasoficinas.com\/pt\/?s={search_term_string}"},"query-input":{"@type":"PropertyValueSpecification","valueRequired":true,"valueName":"search_term_string"}}],"inLanguage":"pt-PT"},{"@type":"Organization","@id":"https:\/\/jornaldasoficinas.com\/pt\/#organization","name":"Jornal das Oficinas","url":"https:\/\/jornaldasoficinas.com\/pt\/","logo":{"@type":"ImageObject","inLanguage":"pt-PT","@id":"https:\/\/jornaldasoficinas.com\/pt\/#\/schema\/logo\/image\/","url":"https:\/\/jornaldasoficinas.com\/pt\/wp-content\/uploads\/logoJO-SEO.png","contentUrl":"https:\/\/jornaldasoficinas.com\/pt\/wp-content\/uploads\/logoJO-SEO.png","width":285,"height":450,"caption":"Jornal das Oficinas"},"image":{"@id":"https:\/\/jornaldasoficinas.com\/pt\/#\/schema\/logo\/image\/"},"sameAs":["https:\/\/www.facebook.com\/jornaloficinas","https:\/\/x.com\/jornaloficinas","https:\/\/www.instagram.com\/jornal_oficinas\/","https:\/\/www.linkedin.com\/company\/jornal-das-oficinas\/","https:\/\/www.youtube.com\/channel\/UCbQZBqtcvV-oSQrr7RzINGg"]},{"@type":"Person","@id":"https:\/\/jornaldasoficinas.com\/pt\/#\/schema\/person\/a38eef5de2c41d9e7c9ac10141afddf3","name":"Reda\u00e7\u00e3o JO","image":{"@type":"ImageObject","inLanguage":"pt-PT","@id":"https:\/\/secure.gravatar.com\/avatar\/71f2fa71737ad68a84fea94bc708ddac8ea5b0c4788dc2ad202f3ccb2887742f?s=96&d=wp_user_avatar&r=g","url":"https:\/\/secure.gravatar.com\/avatar\/71f2fa71737ad68a84fea94bc708ddac8ea5b0c4788dc2ad202f3ccb2887742f?s=96&d=wp_user_avatar&r=g","contentUrl":"https:\/\/secure.gravatar.com\/avatar\/71f2fa71737ad68a84fea94bc708ddac8ea5b0c4788dc2ad202f3ccb2887742f?s=96&d=wp_user_avatar&r=g","caption":"Reda\u00e7\u00e3o JO"},"url":"https:\/\/jornaldasoficinas.com\/pt\/author\/joredacao\/"}]}},"_links":{"self":[{"href":"https:\/\/jornaldasoficinas.com\/pt\/wp-json\/wp\/v2\/posts\/73336","targetHints":{"allow":["GET"]}}],"collection":[{"href":"https:\/\/jornaldasoficinas.com\/pt\/wp-json\/wp\/v2\/posts"}],"about":[{"href":"https:\/\/jornaldasoficinas.com\/pt\/wp-json\/wp\/v2\/types\/post"}],"author":[{"embeddable":true,"href":"https:\/\/jornaldasoficinas.com\/pt\/wp-json\/wp\/v2\/users\/15"}],"replies":[{"embeddable":true,"href":"https:\/\/jornaldasoficinas.com\/pt\/wp-json\/wp\/v2\/comments?post=73336"}],"version-history":[{"count":0,"href":"https:\/\/jornaldasoficinas.com\/pt\/wp-json\/wp\/v2\/posts\/73336\/revisions"}],"wp:featuredmedia":[{"embeddable":true,"href":"https:\/\/jornaldasoficinas.com\/pt\/wp-json\/wp\/v2\/media\/73296"}],"wp:attachment":[{"href":"https:\/\/jornaldasoficinas.com\/pt\/wp-json\/wp\/v2\/media?parent=73336"}],"wp:term":[{"taxonomy":"category","embeddable":true,"href":"https:\/\/jornaldasoficinas.com\/pt\/wp-json\/wp\/v2\/categories?post=73336"},{"taxonomy":"post_tag","embeddable":true,"href":"https:\/\/jornaldasoficinas.com\/pt\/wp-json\/wp\/v2\/tags?post=73336"}],"curies":[{"name":"wp","href":"https:\/\/api.w.org\/{rel}","templated":true}]}}