{"id":73349,"date":"2023-10-18T08:00:14","date_gmt":"2023-10-18T07:00:14","guid":{"rendered":"https:\/\/jornaldasoficinas.com\/pt\/?p=73349"},"modified":"2023-10-17T10:15:50","modified_gmt":"2023-10-17T09:15:50","slug":"brembo-lanca-kit-greenance-baixas-emissoes","status":"publish","type":"post","link":"https:\/\/jornaldasoficinas.com\/pt\/brembo-lanca-kit-greenance-baixas-emissoes\/","title":{"rendered":"Brembo lan\u00e7a Kit Greenance baixas emiss\u00f5es"},"content":{"rendered":"<p><img loading=\"lazy\" decoding=\"async\" class=\"alignnone size-full wp-image-73343\" src=\"https:\/\/jornaldasoficinas.com\/pt\/wp-content\/uploads\/2023\/09\/Brembo-lanca-kit-Greenance.jpg\" alt=\"09 - Brembo lanca kit Greenance\" width=\"1024\" height=\"581\" srcset=\"https:\/\/jornaldasoficinas.com\/pt\/wp-content\/uploads\/2023\/09\/Brembo-lanca-kit-Greenance.jpg 1024w, https:\/\/jornaldasoficinas.com\/pt\/wp-content\/uploads\/2023\/09\/Brembo-lanca-kit-Greenance-300x170.jpg 300w, https:\/\/jornaldasoficinas.com\/pt\/wp-content\/uploads\/2023\/09\/Brembo-lanca-kit-Greenance-150x85.jpg 150w, https:\/\/jornaldasoficinas.com\/pt\/wp-content\/uploads\/2023\/09\/Brembo-lanca-kit-Greenance-768x436.jpg 768w\" sizes=\"auto, (max-width: 1024px) 100vw, 1024px\" \/><\/p>\n<p><strong>A <a href=\"https:\/\/www.bremboparts.com\/europe\/pt\" target=\"_blank\" rel=\"noopener\">Brembo<\/a>, empresa l\u00edder no desenvolvimento e produ\u00e7\u00e3o de sistemas de travagem de alto desempenho, anuncia a introdu\u00e7\u00e3o no mercado do novo Kit Brembo Beyond Greenance, uma solu\u00e7\u00e3o de travagem ecol\u00f3gica, atualmente concebida especificamente para ve\u00edculos comerciais ligeiros<\/strong><\/p>\n<p>O seu nome deriva da fus\u00e3o das palavras &#8220;GREEN&#8221; (verde) e &#8220;PERFORMANCE&#8221; (desempenho), o Brembo Greenance Kit \u00e9 uma solu\u00e7\u00e3o que antecipa as exig\u00eancias de baixo impacto ambiental. Corresponde \u00e0s expectativas dos clientes e \u00e0 consci\u00eancia ambiental para contribuir para um mundo sustent\u00e1vel e mais verde, sem comprometer o desempenho de travagem de topo esperado dos produtos Brembo.<\/p>\n<p>O Greenance Kit \u00e9 a combina\u00e7\u00e3o perfeita de desempenho e durabilidade, garantindo um impacto ambiental muito menor durante a travagem, com uma redu\u00e7\u00e3o significativa das emiss\u00f5es de part\u00edculas: -83% em PM101 e -80% em PM2.5.<\/p>\n<p>Esta solu\u00e7\u00e3o pioneira garante um aumento da quilometragem e uma melhoria significativa em termos de custo total de propriedade dos ve\u00edculos, com uma redu\u00e7\u00e3o m\u00e9dia de 15%. Assegura uma maior durabilidade dos discos de trav\u00e3o, triplicando2 a sua vida \u00fatil esperada. Isto conduz a uma economia de custos relevante ao longo da vida do ve\u00edculo, que \u00e9 uma prioridade m\u00e1xima para os profissionais de longa dist\u00e2ncia e condutores de ve\u00edculos comerciais ligeiros e frotas.<\/p>\n<p>O Greenance Kit inclui uma gama desenvolvida em conjunto de discos de liga leve inovadores e combinados com pastilhas de trav\u00e3o recentemente concebidas, que enriquecem consideravelmente a linha de Aftermarket da Brembo. Isto deriva diretamente da extensa heran\u00e7a e experi\u00eancia da empresa e do seu cont\u00ednuo enfoque na inova\u00e7\u00e3o nos mercados de competi\u00e7\u00e3o\/desporto motorizado e equipamento original (OE).<\/p>\n<p>Gra\u00e7as ao know-how tecnol\u00f3gico inigual\u00e1vel da Brembo e \u00e0 investiga\u00e7\u00e3o e desenvolvimento cont\u00ednuos em tecnologias de travagem, o Kit Greenance oferece a solu\u00e7\u00e3o mais sustent\u00e1vel sem comprometer o desempenho. Estes kits j\u00e1 passaram os testes de homologa\u00e7\u00e3o ECE-R90, bem como os mais severos testes de estrada de refer\u00eancia, efetuados pelos t\u00e9cnicos da empresa, de acordo com os requisitos mais rigorosos da Brembo.<\/p>\n<p>O Greenance Kit faz parte da nova linha de produtos Brembo Beyond, a linha de solu\u00e7\u00f5es da empresa concebida para trazer inova\u00e7\u00e3o e sustentabilidade em pe\u00e7as de substitui\u00e7\u00e3o para todos os novos ve\u00edculos de mobilidade.<\/p>\n<p>Apresentado oficialmente no ano passado na Automechanika, o Greenance Kit da Brembo est\u00e1 agora dispon\u00edvel no mercado para os modelos mais populares de ve\u00edculos comerciais ligeiros (europeus), como o Citro\u00ebn Jumper, Fiat Ducato e Talento, Ford Transit, Iveco Daily, Mercedes Vito e Sprinter, Nissan NV 300 e 400, Opel Movano e Vivaro, Peugeot Expert, Renault Master e Traffic, bem como o VW Crafter e Transporter.<\/p>\n<p>O produto lan\u00e7ado est\u00e1 listado na Bremboparts e na TecDoc e ser\u00e1 apresentado nas feiras Automechanika Dubai, Las Vegas AAPEX e Automechanika Shanghai.<\/p>\n<p>Mais pormenores podem ser encontrados <a href=\"https:\/\/www.bremboparts.com\/europe\/en\/products\/beyond\/beyond-greenance-kit-products\" target=\"_blank\" rel=\"noopener\">aqui<\/a>.<\/p>\n","protected":false},"excerpt":{"rendered":"<p>A Brembo, empresa l\u00edder no desenvolvimento&#8230;<\/p>\n","protected":false},"author":15,"featured_media":73343,"comment_status":"closed","ping_status":"closed","sticky":false,"template":"","format":"standard","meta":{"footnotes":""},"categories":[29],"tags":[283,6418,595],"class_list":["post-73349","post","type-post","status-publish","format-standard","has-post-thumbnail","hentry","category-empresas","tag-brembo","tag-kit-greenance","tag-travoes"],"yoast_head":"<!-- This site is optimized with the Yoast SEO plugin v27.4 - https:\/\/yoast.com\/product\/yoast-seo-wordpress\/ -->\n<title>Brembo lan\u00e7a Kit Greenance baixas emiss\u00f5es - Jornal das Oficinas<\/title>\n<meta name=\"description\" content=\"A Brembo, anuncia a introdu\u00e7\u00e3o no mercado do novo Kit Brembo Beyond Greenance, uma solu\u00e7\u00e3o de travagem ecol\u00f3gica\" \/>\n<meta name=\"robots\" content=\"index, follow, max-snippet:-1, max-image-preview:large, max-video-preview:-1\" \/>\n<link rel=\"canonical\" href=\"https:\/\/jornaldasoficinas.com\/pt\/brembo-lanca-kit-greenance-baixas-emissoes\/\" \/>\n<meta property=\"og:locale\" content=\"pt_PT\" \/>\n<meta property=\"og:type\" content=\"article\" \/>\n<meta property=\"og:title\" content=\"Brembo lan\u00e7a Kit Greenance baixas emiss\u00f5es - Jornal das Oficinas\" \/>\n<meta property=\"og:description\" content=\"A Brembo, anuncia a introdu\u00e7\u00e3o no mercado do novo Kit Brembo Beyond Greenance, uma solu\u00e7\u00e3o de travagem ecol\u00f3gica\" \/>\n<meta property=\"og:url\" content=\"https:\/\/jornaldasoficinas.com\/pt\/brembo-lanca-kit-greenance-baixas-emissoes\/\" \/>\n<meta property=\"og:site_name\" content=\"Jornal das Oficinas\" \/>\n<meta property=\"article:publisher\" content=\"https:\/\/www.facebook.com\/jornaloficinas\" \/>\n<meta property=\"article:published_time\" content=\"2023-10-18T07:00:14+00:00\" \/>\n<meta property=\"og:image\" content=\"https:\/\/jornaldasoficinas.com\/pt\/wp-content\/uploads\/2023\/09\/Brembo-lanca-kit-Greenance.jpg\" \/>\n\t<meta property=\"og:image:width\" content=\"1024\" \/>\n\t<meta property=\"og:image:height\" content=\"581\" \/>\n\t<meta property=\"og:image:type\" content=\"image\/jpeg\" \/>\n<meta name=\"author\" content=\"Reda\u00e7\u00e3o JO\" \/>\n<meta name=\"twitter:card\" content=\"summary_large_image\" \/>\n<meta name=\"twitter:creator\" content=\"@jornaloficinas\" \/>\n<meta name=\"twitter:site\" content=\"@jornaloficinas\" \/>\n<meta name=\"twitter:label1\" content=\"Escrito por\" \/>\n\t<meta name=\"twitter:data1\" content=\"Reda\u00e7\u00e3o JO\" \/>\n\t<meta name=\"twitter:label2\" content=\"Tempo estimado de leitura\" \/>\n\t<meta name=\"twitter:data2\" content=\"3 minutos\" \/>\n<script type=\"application\/ld+json\" class=\"yoast-schema-graph\">{\"@context\":\"https:\\\/\\\/schema.org\",\"@graph\":[{\"@type\":\"Article\",\"@id\":\"https:\\\/\\\/jornaldasoficinas.com\\\/pt\\\/brembo-lanca-kit-greenance-baixas-emissoes\\\/#article\",\"isPartOf\":{\"@id\":\"https:\\\/\\\/jornaldasoficinas.com\\\/pt\\\/brembo-lanca-kit-greenance-baixas-emissoes\\\/\"},\"author\":{\"name\":\"Reda\u00e7\u00e3o JO\",\"@id\":\"https:\\\/\\\/jornaldasoficinas.com\\\/pt\\\/#\\\/schema\\\/person\\\/a38eef5de2c41d9e7c9ac10141afddf3\"},\"headline\":\"Brembo lan\u00e7a Kit Greenance baixas emiss\u00f5es\",\"datePublished\":\"2023-10-18T07:00:14+00:00\",\"mainEntityOfPage\":{\"@id\":\"https:\\\/\\\/jornaldasoficinas.com\\\/pt\\\/brembo-lanca-kit-greenance-baixas-emissoes\\\/\"},\"wordCount\":504,\"publisher\":{\"@id\":\"https:\\\/\\\/jornaldasoficinas.com\\\/pt\\\/#organization\"},\"image\":{\"@id\":\"https:\\\/\\\/jornaldasoficinas.com\\\/pt\\\/brembo-lanca-kit-greenance-baixas-emissoes\\\/#primaryimage\"},\"thumbnailUrl\":\"https:\\\/\\\/jornaldasoficinas.com\\\/pt\\\/wp-content\\\/uploads\\\/2023\\\/09\\\/Brembo-lanca-kit-Greenance.jpg\",\"keywords\":[\"Brembo\",\"Kit Greenance\",\"trav\u00f5es\"],\"articleSection\":[\"Empresas\"],\"inLanguage\":\"pt-PT\"},{\"@type\":\"WebPage\",\"@id\":\"https:\\\/\\\/jornaldasoficinas.com\\\/pt\\\/brembo-lanca-kit-greenance-baixas-emissoes\\\/\",\"url\":\"https:\\\/\\\/jornaldasoficinas.com\\\/pt\\\/brembo-lanca-kit-greenance-baixas-emissoes\\\/\",\"name\":\"Brembo lan\u00e7a Kit Greenance baixas emiss\u00f5es - Jornal das Oficinas\",\"isPartOf\":{\"@id\":\"https:\\\/\\\/jornaldasoficinas.com\\\/pt\\\/#website\"},\"primaryImageOfPage\":{\"@id\":\"https:\\\/\\\/jornaldasoficinas.com\\\/pt\\\/brembo-lanca-kit-greenance-baixas-emissoes\\\/#primaryimage\"},\"image\":{\"@id\":\"https:\\\/\\\/jornaldasoficinas.com\\\/pt\\\/brembo-lanca-kit-greenance-baixas-emissoes\\\/#primaryimage\"},\"thumbnailUrl\":\"https:\\\/\\\/jornaldasoficinas.com\\\/pt\\\/wp-content\\\/uploads\\\/2023\\\/09\\\/Brembo-lanca-kit-Greenance.jpg\",\"datePublished\":\"2023-10-18T07:00:14+00:00\",\"description\":\"A Brembo, anuncia a introdu\u00e7\u00e3o no mercado do novo Kit Brembo Beyond Greenance, uma solu\u00e7\u00e3o de travagem ecol\u00f3gica\",\"breadcrumb\":{\"@id\":\"https:\\\/\\\/jornaldasoficinas.com\\\/pt\\\/brembo-lanca-kit-greenance-baixas-emissoes\\\/#breadcrumb\"},\"inLanguage\":\"pt-PT\",\"potentialAction\":[{\"@type\":\"ReadAction\",\"target\":[\"https:\\\/\\\/jornaldasoficinas.com\\\/pt\\\/brembo-lanca-kit-greenance-baixas-emissoes\\\/\"]}]},{\"@type\":\"ImageObject\",\"inLanguage\":\"pt-PT\",\"@id\":\"https:\\\/\\\/jornaldasoficinas.com\\\/pt\\\/brembo-lanca-kit-greenance-baixas-emissoes\\\/#primaryimage\",\"url\":\"https:\\\/\\\/jornaldasoficinas.com\\\/pt\\\/wp-content\\\/uploads\\\/2023\\\/09\\\/Brembo-lanca-kit-Greenance.jpg\",\"contentUrl\":\"https:\\\/\\\/jornaldasoficinas.com\\\/pt\\\/wp-content\\\/uploads\\\/2023\\\/09\\\/Brembo-lanca-kit-Greenance.jpg\",\"width\":1024,\"height\":581,\"caption\":\"09 - Brembo lanca kit Greenance\"},{\"@type\":\"BreadcrumbList\",\"@id\":\"https:\\\/\\\/jornaldasoficinas.com\\\/pt\\\/brembo-lanca-kit-greenance-baixas-emissoes\\\/#breadcrumb\",\"itemListElement\":[{\"@type\":\"ListItem\",\"position\":1,\"name\":\"In\u00edcio\",\"item\":\"https:\\\/\\\/jornaldasoficinas.com\\\/pt\\\/\"},{\"@type\":\"ListItem\",\"position\":2,\"name\":\"Brembo lan\u00e7a Kit Greenance baixas emiss\u00f5es\"}]},{\"@type\":\"WebSite\",\"@id\":\"https:\\\/\\\/jornaldasoficinas.com\\\/pt\\\/#website\",\"url\":\"https:\\\/\\\/jornaldasoficinas.com\\\/pt\\\/\",\"name\":\"Jornal das Oficinas\",\"description\":\"Jornal independente do Aftermarket Autom\u00f3vel em Portugal\",\"publisher\":{\"@id\":\"https:\\\/\\\/jornaldasoficinas.com\\\/pt\\\/#organization\"},\"potentialAction\":[{\"@type\":\"SearchAction\",\"target\":{\"@type\":\"EntryPoint\",\"urlTemplate\":\"https:\\\/\\\/jornaldasoficinas.com\\\/pt\\\/?s={search_term_string}\"},\"query-input\":{\"@type\":\"PropertyValueSpecification\",\"valueRequired\":true,\"valueName\":\"search_term_string\"}}],\"inLanguage\":\"pt-PT\"},{\"@type\":\"Organization\",\"@id\":\"https:\\\/\\\/jornaldasoficinas.com\\\/pt\\\/#organization\",\"name\":\"Jornal das Oficinas\",\"url\":\"https:\\\/\\\/jornaldasoficinas.com\\\/pt\\\/\",\"logo\":{\"@type\":\"ImageObject\",\"inLanguage\":\"pt-PT\",\"@id\":\"https:\\\/\\\/jornaldasoficinas.com\\\/pt\\\/#\\\/schema\\\/logo\\\/image\\\/\",\"url\":\"https:\\\/\\\/jornaldasoficinas.com\\\/pt\\\/wp-content\\\/uploads\\\/logoJO-SEO.png\",\"contentUrl\":\"https:\\\/\\\/jornaldasoficinas.com\\\/pt\\\/wp-content\\\/uploads\\\/logoJO-SEO.png\",\"width\":285,\"height\":450,\"caption\":\"Jornal das Oficinas\"},\"image\":{\"@id\":\"https:\\\/\\\/jornaldasoficinas.com\\\/pt\\\/#\\\/schema\\\/logo\\\/image\\\/\"},\"sameAs\":[\"https:\\\/\\\/www.facebook.com\\\/jornaloficinas\",\"https:\\\/\\\/x.com\\\/jornaloficinas\",\"https:\\\/\\\/www.instagram.com\\\/jornal_oficinas\\\/\",\"https:\\\/\\\/www.linkedin.com\\\/company\\\/jornal-das-oficinas\\\/\",\"https:\\\/\\\/www.youtube.com\\\/channel\\\/UCbQZBqtcvV-oSQrr7RzINGg\"]},{\"@type\":\"Person\",\"@id\":\"https:\\\/\\\/jornaldasoficinas.com\\\/pt\\\/#\\\/schema\\\/person\\\/a38eef5de2c41d9e7c9ac10141afddf3\",\"name\":\"Reda\u00e7\u00e3o JO\",\"image\":{\"@type\":\"ImageObject\",\"inLanguage\":\"pt-PT\",\"@id\":\"https:\\\/\\\/secure.gravatar.com\\\/avatar\\\/71f2fa71737ad68a84fea94bc708ddac8ea5b0c4788dc2ad202f3ccb2887742f?s=96&d=wp_user_avatar&r=g\",\"url\":\"https:\\\/\\\/secure.gravatar.com\\\/avatar\\\/71f2fa71737ad68a84fea94bc708ddac8ea5b0c4788dc2ad202f3ccb2887742f?s=96&d=wp_user_avatar&r=g\",\"contentUrl\":\"https:\\\/\\\/secure.gravatar.com\\\/avatar\\\/71f2fa71737ad68a84fea94bc708ddac8ea5b0c4788dc2ad202f3ccb2887742f?s=96&d=wp_user_avatar&r=g\",\"caption\":\"Reda\u00e7\u00e3o JO\"},\"url\":\"https:\\\/\\\/jornaldasoficinas.com\\\/pt\\\/author\\\/joredacao\\\/\"}]}<\/script>\n<!-- \/ Yoast SEO plugin. -->","yoast_head_json":{"title":"Brembo lan\u00e7a Kit Greenance baixas emiss\u00f5es - Jornal das Oficinas","description":"A Brembo, anuncia a introdu\u00e7\u00e3o no mercado do novo Kit Brembo Beyond Greenance, uma solu\u00e7\u00e3o de travagem ecol\u00f3gica","robots":{"index":"index","follow":"follow","max-snippet":"max-snippet:-1","max-image-preview":"max-image-preview:large","max-video-preview":"max-video-preview:-1"},"canonical":"https:\/\/jornaldasoficinas.com\/pt\/brembo-lanca-kit-greenance-baixas-emissoes\/","og_locale":"pt_PT","og_type":"article","og_title":"Brembo lan\u00e7a Kit Greenance baixas emiss\u00f5es - Jornal das Oficinas","og_description":"A Brembo, anuncia a introdu\u00e7\u00e3o no mercado do novo Kit Brembo Beyond Greenance, uma solu\u00e7\u00e3o de travagem ecol\u00f3gica","og_url":"https:\/\/jornaldasoficinas.com\/pt\/brembo-lanca-kit-greenance-baixas-emissoes\/","og_site_name":"Jornal das Oficinas","article_publisher":"https:\/\/www.facebook.com\/jornaloficinas","article_published_time":"2023-10-18T07:00:14+00:00","og_image":[{"width":1024,"height":581,"url":"https:\/\/jornaldasoficinas.com\/pt\/wp-content\/uploads\/2023\/09\/Brembo-lanca-kit-Greenance.jpg","type":"image\/jpeg"}],"author":"Reda\u00e7\u00e3o JO","twitter_card":"summary_large_image","twitter_creator":"@jornaloficinas","twitter_site":"@jornaloficinas","twitter_misc":{"Escrito por":"Reda\u00e7\u00e3o JO","Tempo estimado de leitura":"3 minutos"},"schema":{"@context":"https:\/\/schema.org","@graph":[{"@type":"Article","@id":"https:\/\/jornaldasoficinas.com\/pt\/brembo-lanca-kit-greenance-baixas-emissoes\/#article","isPartOf":{"@id":"https:\/\/jornaldasoficinas.com\/pt\/brembo-lanca-kit-greenance-baixas-emissoes\/"},"author":{"name":"Reda\u00e7\u00e3o JO","@id":"https:\/\/jornaldasoficinas.com\/pt\/#\/schema\/person\/a38eef5de2c41d9e7c9ac10141afddf3"},"headline":"Brembo lan\u00e7a Kit Greenance baixas emiss\u00f5es","datePublished":"2023-10-18T07:00:14+00:00","mainEntityOfPage":{"@id":"https:\/\/jornaldasoficinas.com\/pt\/brembo-lanca-kit-greenance-baixas-emissoes\/"},"wordCount":504,"publisher":{"@id":"https:\/\/jornaldasoficinas.com\/pt\/#organization"},"image":{"@id":"https:\/\/jornaldasoficinas.com\/pt\/brembo-lanca-kit-greenance-baixas-emissoes\/#primaryimage"},"thumbnailUrl":"https:\/\/jornaldasoficinas.com\/pt\/wp-content\/uploads\/2023\/09\/Brembo-lanca-kit-Greenance.jpg","keywords":["Brembo","Kit Greenance","trav\u00f5es"],"articleSection":["Empresas"],"inLanguage":"pt-PT"},{"@type":"WebPage","@id":"https:\/\/jornaldasoficinas.com\/pt\/brembo-lanca-kit-greenance-baixas-emissoes\/","url":"https:\/\/jornaldasoficinas.com\/pt\/brembo-lanca-kit-greenance-baixas-emissoes\/","name":"Brembo lan\u00e7a Kit Greenance baixas emiss\u00f5es - Jornal das Oficinas","isPartOf":{"@id":"https:\/\/jornaldasoficinas.com\/pt\/#website"},"primaryImageOfPage":{"@id":"https:\/\/jornaldasoficinas.com\/pt\/brembo-lanca-kit-greenance-baixas-emissoes\/#primaryimage"},"image":{"@id":"https:\/\/jornaldasoficinas.com\/pt\/brembo-lanca-kit-greenance-baixas-emissoes\/#primaryimage"},"thumbnailUrl":"https:\/\/jornaldasoficinas.com\/pt\/wp-content\/uploads\/2023\/09\/Brembo-lanca-kit-Greenance.jpg","datePublished":"2023-10-18T07:00:14+00:00","description":"A Brembo, anuncia a introdu\u00e7\u00e3o no mercado do novo Kit Brembo Beyond Greenance, uma solu\u00e7\u00e3o de travagem ecol\u00f3gica","breadcrumb":{"@id":"https:\/\/jornaldasoficinas.com\/pt\/brembo-lanca-kit-greenance-baixas-emissoes\/#breadcrumb"},"inLanguage":"pt-PT","potentialAction":[{"@type":"ReadAction","target":["https:\/\/jornaldasoficinas.com\/pt\/brembo-lanca-kit-greenance-baixas-emissoes\/"]}]},{"@type":"ImageObject","inLanguage":"pt-PT","@id":"https:\/\/jornaldasoficinas.com\/pt\/brembo-lanca-kit-greenance-baixas-emissoes\/#primaryimage","url":"https:\/\/jornaldasoficinas.com\/pt\/wp-content\/uploads\/2023\/09\/Brembo-lanca-kit-Greenance.jpg","contentUrl":"https:\/\/jornaldasoficinas.com\/pt\/wp-content\/uploads\/2023\/09\/Brembo-lanca-kit-Greenance.jpg","width":1024,"height":581,"caption":"09 - Brembo lanca kit Greenance"},{"@type":"BreadcrumbList","@id":"https:\/\/jornaldasoficinas.com\/pt\/brembo-lanca-kit-greenance-baixas-emissoes\/#breadcrumb","itemListElement":[{"@type":"ListItem","position":1,"name":"In\u00edcio","item":"https:\/\/jornaldasoficinas.com\/pt\/"},{"@type":"ListItem","position":2,"name":"Brembo lan\u00e7a Kit Greenance baixas emiss\u00f5es"}]},{"@type":"WebSite","@id":"https:\/\/jornaldasoficinas.com\/pt\/#website","url":"https:\/\/jornaldasoficinas.com\/pt\/","name":"Jornal das Oficinas","description":"Jornal independente do Aftermarket Autom\u00f3vel em Portugal","publisher":{"@id":"https:\/\/jornaldasoficinas.com\/pt\/#organization"},"potentialAction":[{"@type":"SearchAction","target":{"@type":"EntryPoint","urlTemplate":"https:\/\/jornaldasoficinas.com\/pt\/?s={search_term_string}"},"query-input":{"@type":"PropertyValueSpecification","valueRequired":true,"valueName":"search_term_string"}}],"inLanguage":"pt-PT"},{"@type":"Organization","@id":"https:\/\/jornaldasoficinas.com\/pt\/#organization","name":"Jornal das Oficinas","url":"https:\/\/jornaldasoficinas.com\/pt\/","logo":{"@type":"ImageObject","inLanguage":"pt-PT","@id":"https:\/\/jornaldasoficinas.com\/pt\/#\/schema\/logo\/image\/","url":"https:\/\/jornaldasoficinas.com\/pt\/wp-content\/uploads\/logoJO-SEO.png","contentUrl":"https:\/\/jornaldasoficinas.com\/pt\/wp-content\/uploads\/logoJO-SEO.png","width":285,"height":450,"caption":"Jornal das Oficinas"},"image":{"@id":"https:\/\/jornaldasoficinas.com\/pt\/#\/schema\/logo\/image\/"},"sameAs":["https:\/\/www.facebook.com\/jornaloficinas","https:\/\/x.com\/jornaloficinas","https:\/\/www.instagram.com\/jornal_oficinas\/","https:\/\/www.linkedin.com\/company\/jornal-das-oficinas\/","https:\/\/www.youtube.com\/channel\/UCbQZBqtcvV-oSQrr7RzINGg"]},{"@type":"Person","@id":"https:\/\/jornaldasoficinas.com\/pt\/#\/schema\/person\/a38eef5de2c41d9e7c9ac10141afddf3","name":"Reda\u00e7\u00e3o JO","image":{"@type":"ImageObject","inLanguage":"pt-PT","@id":"https:\/\/secure.gravatar.com\/avatar\/71f2fa71737ad68a84fea94bc708ddac8ea5b0c4788dc2ad202f3ccb2887742f?s=96&d=wp_user_avatar&r=g","url":"https:\/\/secure.gravatar.com\/avatar\/71f2fa71737ad68a84fea94bc708ddac8ea5b0c4788dc2ad202f3ccb2887742f?s=96&d=wp_user_avatar&r=g","contentUrl":"https:\/\/secure.gravatar.com\/avatar\/71f2fa71737ad68a84fea94bc708ddac8ea5b0c4788dc2ad202f3ccb2887742f?s=96&d=wp_user_avatar&r=g","caption":"Reda\u00e7\u00e3o JO"},"url":"https:\/\/jornaldasoficinas.com\/pt\/author\/joredacao\/"}]}},"_links":{"self":[{"href":"https:\/\/jornaldasoficinas.com\/pt\/wp-json\/wp\/v2\/posts\/73349","targetHints":{"allow":["GET"]}}],"collection":[{"href":"https:\/\/jornaldasoficinas.com\/pt\/wp-json\/wp\/v2\/posts"}],"about":[{"href":"https:\/\/jornaldasoficinas.com\/pt\/wp-json\/wp\/v2\/types\/post"}],"author":[{"embeddable":true,"href":"https:\/\/jornaldasoficinas.com\/pt\/wp-json\/wp\/v2\/users\/15"}],"replies":[{"embeddable":true,"href":"https:\/\/jornaldasoficinas.com\/pt\/wp-json\/wp\/v2\/comments?post=73349"}],"version-history":[{"count":0,"href":"https:\/\/jornaldasoficinas.com\/pt\/wp-json\/wp\/v2\/posts\/73349\/revisions"}],"wp:featuredmedia":[{"embeddable":true,"href":"https:\/\/jornaldasoficinas.com\/pt\/wp-json\/wp\/v2\/media\/73343"}],"wp:attachment":[{"href":"https:\/\/jornaldasoficinas.com\/pt\/wp-json\/wp\/v2\/media?parent=73349"}],"wp:term":[{"taxonomy":"category","embeddable":true,"href":"https:\/\/jornaldasoficinas.com\/pt\/wp-json\/wp\/v2\/categories?post=73349"},{"taxonomy":"post_tag","embeddable":true,"href":"https:\/\/jornaldasoficinas.com\/pt\/wp-json\/wp\/v2\/tags?post=73349"}],"curies":[{"name":"wp","href":"https:\/\/api.w.org\/{rel}","templated":true}]}}