{"id":73374,"date":"2023-10-18T10:00:35","date_gmt":"2023-10-18T09:00:35","guid":{"rendered":"https:\/\/jornaldasoficinas.com\/pt\/?p=73374"},"modified":"2023-10-17T19:44:38","modified_gmt":"2023-10-17T18:44:38","slug":"kroftools-reforca-portfolio-com-novas-ferramentas-eletricas","status":"publish","type":"post","link":"https:\/\/jornaldasoficinas.com\/pt\/kroftools-reforca-portfolio-com-novas-ferramentas-eletricas\/","title":{"rendered":"KROFTools refor\u00e7a portf\u00f3lio com novas ferramentas el\u00e9tricas"},"content":{"rendered":"<p><img loading=\"lazy\" decoding=\"async\" class=\"alignnone size-full wp-image-73341\" src=\"https:\/\/jornaldasoficinas.com\/pt\/wp-content\/uploads\/2023\/09\/KROFTools-reforca-portfolio-2.jpg\" alt=\"09 - KROFTools reforca portfolio 2\" width=\"1024\" height=\"581\" srcset=\"https:\/\/jornaldasoficinas.com\/pt\/wp-content\/uploads\/2023\/09\/KROFTools-reforca-portfolio-2.jpg 1024w, https:\/\/jornaldasoficinas.com\/pt\/wp-content\/uploads\/2023\/09\/KROFTools-reforca-portfolio-2-300x170.jpg 300w, https:\/\/jornaldasoficinas.com\/pt\/wp-content\/uploads\/2023\/09\/KROFTools-reforca-portfolio-2-150x85.jpg 150w, https:\/\/jornaldasoficinas.com\/pt\/wp-content\/uploads\/2023\/09\/KROFTools-reforca-portfolio-2-768x436.jpg 768w\" sizes=\"auto, (max-width: 1024px) 100vw, 1024px\" \/><\/p>\n<p><strong>A <a href=\"https:\/\/www.kroftools.com\/pt\/\" target=\"_blank\" rel=\"noopener\">KROFTools<\/a> acrescentou ao seu portf\u00f3lio de produtos de ferramentas el\u00e9tricas novas lanternas, gambiarras e projetores<\/strong><\/p>\n<p><strong>1150 &#8211; LANTERNA PEN RECARREG\u00c1VEL 200LM<\/strong><\/p>\n<p>Luz:<br \/>\nLuz principal &#8211; COB LED alta pot\u00eancia<br \/>\nLuz de topo &#8211; SMD LED alta pot\u00eancia<\/p>\n<p>Pot\u00eancia:<br \/>\nModo pot\u00eancia m\u00e1x. luz principal &#8211; aprox. 300LM<br \/>\nModo ECO luz principal &#8211; aprox. 100LM<br \/>\nLuz de topo &#8211; aprox. 200LM<\/p>\n<p>Tempo de funcionamento:<br \/>\nModo pot\u00eancia m\u00e1xima luz principal &#8211; aprox. 2h<br \/>\nModo ECO luz principal &#8211; aprox. 5h<br \/>\nLuz de topo &#8211; aprox. 2.5h<\/p>\n<p>Caracter\u00edsticas:<br \/>\nEspecifica\u00e7\u00f5es bateria: Li-Ion 3.7 V, 750 mAh, 2775 Wh<br \/>\nTempo de carga: Aproximadamente 2.5h (\u00b130min)<br \/>\nEntrada de carga: DC 5V 1A<br \/>\nGrau de prote\u00e7\u00e3o: IP20<br \/>\nTemperatura de funcionamento: -10\u00baC~+40\u00baC<\/p>\n<p><strong>1151 &#8211; LANTERNA FLASHLIGHT RECARREG\u00c1VEL ROTATIVA 90\u00ba 350LM<\/strong><\/p>\n<p>Luz:<br \/>\nLED super brilhante de alta pot\u00eancia<\/p>\n<p>Pot\u00eancia:<br \/>\nModo baixa luminosidade &#8211; aprox. 50LM<br \/>\nModo m\u00e1xima luminosidade &#8211; aprox. 350LM<\/p>\n<p>Tempo de funcionamento:<br \/>\nModo baixa luminosidade &#8211; aprox. 8h<br \/>\nModo m\u00e1xima luminosidade &#8211; aprox. 2.5h<\/p>\n<p>Caracteristicas:<br \/>\nEspecifica\u00e7\u00e3o bateria: Li-ion 3.7V, 750mAh, 2.775Wh<br \/>\nDist\u00e2ncia de ilumina\u00e7\u00e3o: 60 metros<br \/>\n\u00c2ngulo do feixe de luz: 30\u00b0<br \/>\nTempo de carga: aprox. 2.5h (\u00b130min)<br \/>\nEntrada de carga: DC 5V 1A<br \/>\nGrau de prote\u00e7\u00e3o: IP65<br \/>\nTemperatura de funcionamento: -10\u00b0~+40\u00b0C<\/p>\n<p><strong>1153 &#8211; GAMBIARRA INSPE\u00c7\u00c3O ULTRA FINA 400LM<\/strong><\/p>\n<p>Luz:<br \/>\nLuz principal: 4W COB LED<br \/>\nLuz topo: 2W SMD LED<\/p>\n<p>Pot\u00eancia:<br \/>\nModo de pouca luminosidade &#8211; aprox. 100LM<br \/>\nModo de alta luminosidade &#8211; aprox. 400LM<\/p>\n<p>Tempo funcionamento:<br \/>\nModo de pouca luminosidade &#8211; aprox. 6h<br \/>\nModo de alta luminosidade &#8211; aprox. 2.5h<\/p>\n<p>Caracter\u00edsticas:<br \/>\nEspecifica\u00e7\u00f5es bateria: Li-ion 3.7V, 1500mAh, 5.55Wh<br \/>\nTempo de carga: aprox. 2h(\u00b130min)<br \/>\nEntrada de carga: DC 5V 1A<br \/>\nGrau de prote\u00e7\u00e3o: IP65<br \/>\nTemperatura de funcionamento: \u201310\u00baC~+40\u00baC<\/p>\n<p><strong>1154 &#8211; GAMBIARRA WIRELESS ULTRA FINA DOBR\u00c1VEL 800 LM<\/strong><\/p>\n<p>Luz:<br \/>\nLuz principal &#8211; COB LED super brilhante<br \/>\nLuz de topo &#8211; SMD LED<\/p>\n<p>Pot\u00eancia:<br \/>\nModo pouca luminosidade luz principal &#8211; aprox. 400LM<br \/>\nModo de alta luminosidade luz principal &#8211; aprox. 800LM<br \/>\nModo de luz traseira &#8211; aprox. 400LM<br \/>\nModo de luz de topo &#8211; aprox. 120LM<\/p>\n<p>Tempo funcionamento:<br \/>\nModo de pouca luminosidade luz principal &#8211; aprox. 4.5h<br \/>\nModo de alta luminosidade luz principal &#8211; aprox. 2.5h<br \/>\nModo de luz traseira &#8211; aprox. 4.5h<br \/>\nModo de luz de topo &#8211; aprox. 9h<\/p>\n<p>Caracter\u00edsticas:<br \/>\nEspecifica\u00e7\u00f5es bateria: Li-ion 3.7V, 2600mAh, 9.62Wh<br \/>\nTempo de carga: aprox. 3.5h(\u00b130min)<br \/>\nEntrada de carga: DC 5V 1A<br \/>\nGrau de prote\u00e7\u00e3o: IP65<br \/>\nTemperatura de funcionamento: \u201310\u00baC~+40\u00baC<\/p>\n<p><strong>1155 &#8211; GAMBIARRA DE CABE\u00c7A C\/SENSOR MOVIMENTO 700LM<\/strong><\/p>\n<p>Luz:<br \/>\nLuz principal: COB LED<br \/>\nLuz secund\u00e1ria: LED SMD<\/p>\n<p>Pot\u00eancia:<br \/>\nModo de pouca luminosidade &#8211; aprox. 150LM<br \/>\nModo de alta luminosidade &#8211; aprox. 500LM<br \/>\nModo de luz secund\u00e1ria &#8211; aprox. 200LM<br \/>\nLuz total pouca luminosidade &#8211; aprox. 200LM<br \/>\nLuz total alta luminosidade &#8211; aprox. 700LM<\/p>\n<p>Tempo funcionamento:<br \/>\nModo de pouca luminosidade &#8211; aprox. 8h<br \/>\nModo de alta luminosidade &#8211; aprox. 3.5h<br \/>\nModo de luz secund\u00e1ria &#8211; aprox. 8h<br \/>\nLuz total pouca luminosidade &#8211; aprox. 6h<br \/>\nLuz total alta luminosidade &#8211; aprox. 2h<\/p>\n<p>Caracteristicas:<br \/>\nEspecifica\u00e7\u00f5es bateria: Li-ion 3.7V, 2600mAh, 9.62Wh<br \/>\nTempo de carga: aprox. 4h(\u00b130min)<br \/>\nEntrada de carga: DC 5V 1A<br \/>\nGrau de prote\u00e7\u00e3o. IP54<br \/>\nTemperatura de funcionamento: \u201310\u00baC~+40\u00baC<\/p>\n<p><strong>1156 &#8211; PROJETOR 1500LM C\/ POWERBANK<\/strong><\/p>\n<p>Luz:<br \/>\nLED COB de alta pot\u00eancia<\/p>\n<p>Pot\u00eancia:<br \/>\nModo ECO &#8211; aprox. 150LM<br \/>\nModo de pouca luminosidade &#8211; aprox. 375LM<br \/>\nModo de luminosidade interm\u00e9dia &#8211; aprox. 750LM<br \/>\nModo alta luminosidade &#8211; aprox. 1125LM<br \/>\nModo de pot\u00eancia m\u00e1xima &#8211; aprox. 1500LM<\/p>\n<p>Tempo funcionamento:<br \/>\nModo ECO &#8211; aprox. 25h<br \/>\nModo de pouca luminosidade &#8211; aprox. 12h<br \/>\nModo de luminosidade interm\u00e9dia &#8211; aprox. 6h<br \/>\nModo alta luminosidade &#8211; aprox. 4h<br \/>\nModo de pot\u00eancia m\u00e1xima &#8211; aprox. 3h<\/p>\n<p>Caracter\u00edsticas:<br \/>\nEspecifica\u00e7\u00e3o da bateria: Li-ion 3.7V, 5200mAh, 19.24Wh<br \/>\nTempo de carga: aprox. 2.5h(\u00b130min)<br \/>\nEntrada de carga: DC 5V 2A<br \/>\nGrau de prote\u00e7\u00e3o: IP65<br \/>\nTemperatura de funcionamento: \u201310\u00baC~+40\u00baC<\/p>\n","protected":false},"excerpt":{"rendered":"<p>A KROFTools acrescentou ao seu portf\u00f3lio&#8230;<\/p>\n","protected":false},"author":15,"featured_media":73341,"comment_status":"closed","ping_status":"closed","sticky":false,"template":"","format":"standard","meta":{"footnotes":""},"categories":[6],"tags":[6419,6421,42,406,6422,6420],"class_list":["post-73374","post","type-post","status-publish","format-standard","has-post-thumbnail","hentry","category-equipamentos","tag-ferramentas-eletricas","tag-gambiarras","tag-kroftools","tag-lanternas","tag-projetores","tag-reforca-portfolio"],"yoast_head":"<!-- This site is optimized with the Yoast SEO plugin v27.4 - https:\/\/yoast.com\/product\/yoast-seo-wordpress\/ -->\n<title>KROFTools refor\u00e7a portf\u00f3lio com novas ferramentas el\u00e9tricas - Jornal das Oficinas<\/title>\n<meta name=\"description\" content=\"A KROFTools acrescentou ao seu portf\u00f3lio de produtos de ferramentas el\u00e9tricas novas lanternas, gambiarras e projetores\" \/>\n<meta name=\"robots\" content=\"index, follow, max-snippet:-1, max-image-preview:large, max-video-preview:-1\" \/>\n<link rel=\"canonical\" href=\"https:\/\/jornaldasoficinas.com\/pt\/kroftools-reforca-portfolio-com-novas-ferramentas-eletricas\/\" \/>\n<meta property=\"og:locale\" content=\"pt_PT\" \/>\n<meta property=\"og:type\" content=\"article\" \/>\n<meta property=\"og:title\" content=\"KROFTools refor\u00e7a portf\u00f3lio com novas ferramentas el\u00e9tricas - Jornal das Oficinas\" \/>\n<meta property=\"og:description\" content=\"A KROFTools acrescentou ao seu portf\u00f3lio de produtos de ferramentas el\u00e9tricas novas lanternas, gambiarras e projetores\" \/>\n<meta property=\"og:url\" content=\"https:\/\/jornaldasoficinas.com\/pt\/kroftools-reforca-portfolio-com-novas-ferramentas-eletricas\/\" \/>\n<meta property=\"og:site_name\" content=\"Jornal das Oficinas\" \/>\n<meta property=\"article:publisher\" content=\"https:\/\/www.facebook.com\/jornaloficinas\" \/>\n<meta property=\"article:published_time\" content=\"2023-10-18T09:00:35+00:00\" \/>\n<meta property=\"og:image\" content=\"https:\/\/jornaldasoficinas.com\/pt\/wp-content\/uploads\/2023\/09\/KROFTools-reforca-portfolio-2.jpg\" \/>\n\t<meta property=\"og:image:width\" content=\"1024\" \/>\n\t<meta property=\"og:image:height\" content=\"581\" \/>\n\t<meta property=\"og:image:type\" content=\"image\/jpeg\" \/>\n<meta name=\"author\" content=\"Reda\u00e7\u00e3o JO\" \/>\n<meta name=\"twitter:card\" content=\"summary_large_image\" \/>\n<meta name=\"twitter:creator\" content=\"@jornaloficinas\" \/>\n<meta name=\"twitter:site\" content=\"@jornaloficinas\" \/>\n<meta name=\"twitter:label1\" content=\"Escrito por\" \/>\n\t<meta name=\"twitter:data1\" content=\"Reda\u00e7\u00e3o JO\" \/>\n\t<meta name=\"twitter:label2\" content=\"Tempo estimado de leitura\" \/>\n\t<meta name=\"twitter:data2\" content=\"4 minutos\" \/>\n<script type=\"application\/ld+json\" class=\"yoast-schema-graph\">{\"@context\":\"https:\\\/\\\/schema.org\",\"@graph\":[{\"@type\":\"Article\",\"@id\":\"https:\\\/\\\/jornaldasoficinas.com\\\/pt\\\/kroftools-reforca-portfolio-com-novas-ferramentas-eletricas\\\/#article\",\"isPartOf\":{\"@id\":\"https:\\\/\\\/jornaldasoficinas.com\\\/pt\\\/kroftools-reforca-portfolio-com-novas-ferramentas-eletricas\\\/\"},\"author\":{\"name\":\"Reda\u00e7\u00e3o JO\",\"@id\":\"https:\\\/\\\/jornaldasoficinas.com\\\/pt\\\/#\\\/schema\\\/person\\\/a38eef5de2c41d9e7c9ac10141afddf3\"},\"headline\":\"KROFTools refor\u00e7a portf\u00f3lio com novas ferramentas el\u00e9tricas\",\"datePublished\":\"2023-10-18T09:00:35+00:00\",\"mainEntityOfPage\":{\"@id\":\"https:\\\/\\\/jornaldasoficinas.com\\\/pt\\\/kroftools-reforca-portfolio-com-novas-ferramentas-eletricas\\\/\"},\"wordCount\":668,\"publisher\":{\"@id\":\"https:\\\/\\\/jornaldasoficinas.com\\\/pt\\\/#organization\"},\"image\":{\"@id\":\"https:\\\/\\\/jornaldasoficinas.com\\\/pt\\\/kroftools-reforca-portfolio-com-novas-ferramentas-eletricas\\\/#primaryimage\"},\"thumbnailUrl\":\"https:\\\/\\\/jornaldasoficinas.com\\\/pt\\\/wp-content\\\/uploads\\\/2023\\\/09\\\/KROFTools-reforca-portfolio-2.jpg\",\"keywords\":[\"ferramentas el\u00e9tricas\",\"gambiarras\",\"KROFtools\",\"Lanternas\",\"projetores\",\"refor\u00e7a portf\u00f3lio\"],\"articleSection\":[\"Equipamentos\"],\"inLanguage\":\"pt-PT\"},{\"@type\":\"WebPage\",\"@id\":\"https:\\\/\\\/jornaldasoficinas.com\\\/pt\\\/kroftools-reforca-portfolio-com-novas-ferramentas-eletricas\\\/\",\"url\":\"https:\\\/\\\/jornaldasoficinas.com\\\/pt\\\/kroftools-reforca-portfolio-com-novas-ferramentas-eletricas\\\/\",\"name\":\"KROFTools refor\u00e7a portf\u00f3lio com novas ferramentas el\u00e9tricas - Jornal das Oficinas\",\"isPartOf\":{\"@id\":\"https:\\\/\\\/jornaldasoficinas.com\\\/pt\\\/#website\"},\"primaryImageOfPage\":{\"@id\":\"https:\\\/\\\/jornaldasoficinas.com\\\/pt\\\/kroftools-reforca-portfolio-com-novas-ferramentas-eletricas\\\/#primaryimage\"},\"image\":{\"@id\":\"https:\\\/\\\/jornaldasoficinas.com\\\/pt\\\/kroftools-reforca-portfolio-com-novas-ferramentas-eletricas\\\/#primaryimage\"},\"thumbnailUrl\":\"https:\\\/\\\/jornaldasoficinas.com\\\/pt\\\/wp-content\\\/uploads\\\/2023\\\/09\\\/KROFTools-reforca-portfolio-2.jpg\",\"datePublished\":\"2023-10-18T09:00:35+00:00\",\"description\":\"A KROFTools acrescentou ao seu portf\u00f3lio de produtos de ferramentas el\u00e9tricas novas lanternas, gambiarras e projetores\",\"breadcrumb\":{\"@id\":\"https:\\\/\\\/jornaldasoficinas.com\\\/pt\\\/kroftools-reforca-portfolio-com-novas-ferramentas-eletricas\\\/#breadcrumb\"},\"inLanguage\":\"pt-PT\",\"potentialAction\":[{\"@type\":\"ReadAction\",\"target\":[\"https:\\\/\\\/jornaldasoficinas.com\\\/pt\\\/kroftools-reforca-portfolio-com-novas-ferramentas-eletricas\\\/\"]}]},{\"@type\":\"ImageObject\",\"inLanguage\":\"pt-PT\",\"@id\":\"https:\\\/\\\/jornaldasoficinas.com\\\/pt\\\/kroftools-reforca-portfolio-com-novas-ferramentas-eletricas\\\/#primaryimage\",\"url\":\"https:\\\/\\\/jornaldasoficinas.com\\\/pt\\\/wp-content\\\/uploads\\\/2023\\\/09\\\/KROFTools-reforca-portfolio-2.jpg\",\"contentUrl\":\"https:\\\/\\\/jornaldasoficinas.com\\\/pt\\\/wp-content\\\/uploads\\\/2023\\\/09\\\/KROFTools-reforca-portfolio-2.jpg\",\"width\":1024,\"height\":581,\"caption\":\"09 - KROFTools reforca portfolio 2\"},{\"@type\":\"BreadcrumbList\",\"@id\":\"https:\\\/\\\/jornaldasoficinas.com\\\/pt\\\/kroftools-reforca-portfolio-com-novas-ferramentas-eletricas\\\/#breadcrumb\",\"itemListElement\":[{\"@type\":\"ListItem\",\"position\":1,\"name\":\"In\u00edcio\",\"item\":\"https:\\\/\\\/jornaldasoficinas.com\\\/pt\\\/\"},{\"@type\":\"ListItem\",\"position\":2,\"name\":\"KROFTools refor\u00e7a portf\u00f3lio com novas ferramentas el\u00e9tricas\"}]},{\"@type\":\"WebSite\",\"@id\":\"https:\\\/\\\/jornaldasoficinas.com\\\/pt\\\/#website\",\"url\":\"https:\\\/\\\/jornaldasoficinas.com\\\/pt\\\/\",\"name\":\"Jornal das Oficinas\",\"description\":\"Jornal independente do Aftermarket Autom\u00f3vel em Portugal\",\"publisher\":{\"@id\":\"https:\\\/\\\/jornaldasoficinas.com\\\/pt\\\/#organization\"},\"potentialAction\":[{\"@type\":\"SearchAction\",\"target\":{\"@type\":\"EntryPoint\",\"urlTemplate\":\"https:\\\/\\\/jornaldasoficinas.com\\\/pt\\\/?s={search_term_string}\"},\"query-input\":{\"@type\":\"PropertyValueSpecification\",\"valueRequired\":true,\"valueName\":\"search_term_string\"}}],\"inLanguage\":\"pt-PT\"},{\"@type\":\"Organization\",\"@id\":\"https:\\\/\\\/jornaldasoficinas.com\\\/pt\\\/#organization\",\"name\":\"Jornal das Oficinas\",\"url\":\"https:\\\/\\\/jornaldasoficinas.com\\\/pt\\\/\",\"logo\":{\"@type\":\"ImageObject\",\"inLanguage\":\"pt-PT\",\"@id\":\"https:\\\/\\\/jornaldasoficinas.com\\\/pt\\\/#\\\/schema\\\/logo\\\/image\\\/\",\"url\":\"https:\\\/\\\/jornaldasoficinas.com\\\/pt\\\/wp-content\\\/uploads\\\/logoJO-SEO.png\",\"contentUrl\":\"https:\\\/\\\/jornaldasoficinas.com\\\/pt\\\/wp-content\\\/uploads\\\/logoJO-SEO.png\",\"width\":285,\"height\":450,\"caption\":\"Jornal das Oficinas\"},\"image\":{\"@id\":\"https:\\\/\\\/jornaldasoficinas.com\\\/pt\\\/#\\\/schema\\\/logo\\\/image\\\/\"},\"sameAs\":[\"https:\\\/\\\/www.facebook.com\\\/jornaloficinas\",\"https:\\\/\\\/x.com\\\/jornaloficinas\",\"https:\\\/\\\/www.instagram.com\\\/jornal_oficinas\\\/\",\"https:\\\/\\\/www.linkedin.com\\\/company\\\/jornal-das-oficinas\\\/\",\"https:\\\/\\\/www.youtube.com\\\/channel\\\/UCbQZBqtcvV-oSQrr7RzINGg\"]},{\"@type\":\"Person\",\"@id\":\"https:\\\/\\\/jornaldasoficinas.com\\\/pt\\\/#\\\/schema\\\/person\\\/a38eef5de2c41d9e7c9ac10141afddf3\",\"name\":\"Reda\u00e7\u00e3o JO\",\"image\":{\"@type\":\"ImageObject\",\"inLanguage\":\"pt-PT\",\"@id\":\"https:\\\/\\\/secure.gravatar.com\\\/avatar\\\/71f2fa71737ad68a84fea94bc708ddac8ea5b0c4788dc2ad202f3ccb2887742f?s=96&d=wp_user_avatar&r=g\",\"url\":\"https:\\\/\\\/secure.gravatar.com\\\/avatar\\\/71f2fa71737ad68a84fea94bc708ddac8ea5b0c4788dc2ad202f3ccb2887742f?s=96&d=wp_user_avatar&r=g\",\"contentUrl\":\"https:\\\/\\\/secure.gravatar.com\\\/avatar\\\/71f2fa71737ad68a84fea94bc708ddac8ea5b0c4788dc2ad202f3ccb2887742f?s=96&d=wp_user_avatar&r=g\",\"caption\":\"Reda\u00e7\u00e3o JO\"},\"url\":\"https:\\\/\\\/jornaldasoficinas.com\\\/pt\\\/author\\\/joredacao\\\/\"}]}<\/script>\n<!-- \/ Yoast SEO plugin. -->","yoast_head_json":{"title":"KROFTools refor\u00e7a portf\u00f3lio com novas ferramentas el\u00e9tricas - Jornal das Oficinas","description":"A KROFTools acrescentou ao seu portf\u00f3lio de produtos de ferramentas el\u00e9tricas novas lanternas, gambiarras e projetores","robots":{"index":"index","follow":"follow","max-snippet":"max-snippet:-1","max-image-preview":"max-image-preview:large","max-video-preview":"max-video-preview:-1"},"canonical":"https:\/\/jornaldasoficinas.com\/pt\/kroftools-reforca-portfolio-com-novas-ferramentas-eletricas\/","og_locale":"pt_PT","og_type":"article","og_title":"KROFTools refor\u00e7a portf\u00f3lio com novas ferramentas el\u00e9tricas - Jornal das Oficinas","og_description":"A KROFTools acrescentou ao seu portf\u00f3lio de produtos de ferramentas el\u00e9tricas novas lanternas, gambiarras e projetores","og_url":"https:\/\/jornaldasoficinas.com\/pt\/kroftools-reforca-portfolio-com-novas-ferramentas-eletricas\/","og_site_name":"Jornal das Oficinas","article_publisher":"https:\/\/www.facebook.com\/jornaloficinas","article_published_time":"2023-10-18T09:00:35+00:00","og_image":[{"width":1024,"height":581,"url":"https:\/\/jornaldasoficinas.com\/pt\/wp-content\/uploads\/2023\/09\/KROFTools-reforca-portfolio-2.jpg","type":"image\/jpeg"}],"author":"Reda\u00e7\u00e3o JO","twitter_card":"summary_large_image","twitter_creator":"@jornaloficinas","twitter_site":"@jornaloficinas","twitter_misc":{"Escrito por":"Reda\u00e7\u00e3o JO","Tempo estimado de leitura":"4 minutos"},"schema":{"@context":"https:\/\/schema.org","@graph":[{"@type":"Article","@id":"https:\/\/jornaldasoficinas.com\/pt\/kroftools-reforca-portfolio-com-novas-ferramentas-eletricas\/#article","isPartOf":{"@id":"https:\/\/jornaldasoficinas.com\/pt\/kroftools-reforca-portfolio-com-novas-ferramentas-eletricas\/"},"author":{"name":"Reda\u00e7\u00e3o JO","@id":"https:\/\/jornaldasoficinas.com\/pt\/#\/schema\/person\/a38eef5de2c41d9e7c9ac10141afddf3"},"headline":"KROFTools refor\u00e7a portf\u00f3lio com novas ferramentas el\u00e9tricas","datePublished":"2023-10-18T09:00:35+00:00","mainEntityOfPage":{"@id":"https:\/\/jornaldasoficinas.com\/pt\/kroftools-reforca-portfolio-com-novas-ferramentas-eletricas\/"},"wordCount":668,"publisher":{"@id":"https:\/\/jornaldasoficinas.com\/pt\/#organization"},"image":{"@id":"https:\/\/jornaldasoficinas.com\/pt\/kroftools-reforca-portfolio-com-novas-ferramentas-eletricas\/#primaryimage"},"thumbnailUrl":"https:\/\/jornaldasoficinas.com\/pt\/wp-content\/uploads\/2023\/09\/KROFTools-reforca-portfolio-2.jpg","keywords":["ferramentas el\u00e9tricas","gambiarras","KROFtools","Lanternas","projetores","refor\u00e7a portf\u00f3lio"],"articleSection":["Equipamentos"],"inLanguage":"pt-PT"},{"@type":"WebPage","@id":"https:\/\/jornaldasoficinas.com\/pt\/kroftools-reforca-portfolio-com-novas-ferramentas-eletricas\/","url":"https:\/\/jornaldasoficinas.com\/pt\/kroftools-reforca-portfolio-com-novas-ferramentas-eletricas\/","name":"KROFTools refor\u00e7a portf\u00f3lio com novas ferramentas el\u00e9tricas - Jornal das Oficinas","isPartOf":{"@id":"https:\/\/jornaldasoficinas.com\/pt\/#website"},"primaryImageOfPage":{"@id":"https:\/\/jornaldasoficinas.com\/pt\/kroftools-reforca-portfolio-com-novas-ferramentas-eletricas\/#primaryimage"},"image":{"@id":"https:\/\/jornaldasoficinas.com\/pt\/kroftools-reforca-portfolio-com-novas-ferramentas-eletricas\/#primaryimage"},"thumbnailUrl":"https:\/\/jornaldasoficinas.com\/pt\/wp-content\/uploads\/2023\/09\/KROFTools-reforca-portfolio-2.jpg","datePublished":"2023-10-18T09:00:35+00:00","description":"A KROFTools acrescentou ao seu portf\u00f3lio de produtos de ferramentas el\u00e9tricas novas lanternas, gambiarras e projetores","breadcrumb":{"@id":"https:\/\/jornaldasoficinas.com\/pt\/kroftools-reforca-portfolio-com-novas-ferramentas-eletricas\/#breadcrumb"},"inLanguage":"pt-PT","potentialAction":[{"@type":"ReadAction","target":["https:\/\/jornaldasoficinas.com\/pt\/kroftools-reforca-portfolio-com-novas-ferramentas-eletricas\/"]}]},{"@type":"ImageObject","inLanguage":"pt-PT","@id":"https:\/\/jornaldasoficinas.com\/pt\/kroftools-reforca-portfolio-com-novas-ferramentas-eletricas\/#primaryimage","url":"https:\/\/jornaldasoficinas.com\/pt\/wp-content\/uploads\/2023\/09\/KROFTools-reforca-portfolio-2.jpg","contentUrl":"https:\/\/jornaldasoficinas.com\/pt\/wp-content\/uploads\/2023\/09\/KROFTools-reforca-portfolio-2.jpg","width":1024,"height":581,"caption":"09 - KROFTools reforca portfolio 2"},{"@type":"BreadcrumbList","@id":"https:\/\/jornaldasoficinas.com\/pt\/kroftools-reforca-portfolio-com-novas-ferramentas-eletricas\/#breadcrumb","itemListElement":[{"@type":"ListItem","position":1,"name":"In\u00edcio","item":"https:\/\/jornaldasoficinas.com\/pt\/"},{"@type":"ListItem","position":2,"name":"KROFTools refor\u00e7a portf\u00f3lio com novas ferramentas el\u00e9tricas"}]},{"@type":"WebSite","@id":"https:\/\/jornaldasoficinas.com\/pt\/#website","url":"https:\/\/jornaldasoficinas.com\/pt\/","name":"Jornal das Oficinas","description":"Jornal independente do Aftermarket Autom\u00f3vel em Portugal","publisher":{"@id":"https:\/\/jornaldasoficinas.com\/pt\/#organization"},"potentialAction":[{"@type":"SearchAction","target":{"@type":"EntryPoint","urlTemplate":"https:\/\/jornaldasoficinas.com\/pt\/?s={search_term_string}"},"query-input":{"@type":"PropertyValueSpecification","valueRequired":true,"valueName":"search_term_string"}}],"inLanguage":"pt-PT"},{"@type":"Organization","@id":"https:\/\/jornaldasoficinas.com\/pt\/#organization","name":"Jornal das Oficinas","url":"https:\/\/jornaldasoficinas.com\/pt\/","logo":{"@type":"ImageObject","inLanguage":"pt-PT","@id":"https:\/\/jornaldasoficinas.com\/pt\/#\/schema\/logo\/image\/","url":"https:\/\/jornaldasoficinas.com\/pt\/wp-content\/uploads\/logoJO-SEO.png","contentUrl":"https:\/\/jornaldasoficinas.com\/pt\/wp-content\/uploads\/logoJO-SEO.png","width":285,"height":450,"caption":"Jornal das Oficinas"},"image":{"@id":"https:\/\/jornaldasoficinas.com\/pt\/#\/schema\/logo\/image\/"},"sameAs":["https:\/\/www.facebook.com\/jornaloficinas","https:\/\/x.com\/jornaloficinas","https:\/\/www.instagram.com\/jornal_oficinas\/","https:\/\/www.linkedin.com\/company\/jornal-das-oficinas\/","https:\/\/www.youtube.com\/channel\/UCbQZBqtcvV-oSQrr7RzINGg"]},{"@type":"Person","@id":"https:\/\/jornaldasoficinas.com\/pt\/#\/schema\/person\/a38eef5de2c41d9e7c9ac10141afddf3","name":"Reda\u00e7\u00e3o JO","image":{"@type":"ImageObject","inLanguage":"pt-PT","@id":"https:\/\/secure.gravatar.com\/avatar\/71f2fa71737ad68a84fea94bc708ddac8ea5b0c4788dc2ad202f3ccb2887742f?s=96&d=wp_user_avatar&r=g","url":"https:\/\/secure.gravatar.com\/avatar\/71f2fa71737ad68a84fea94bc708ddac8ea5b0c4788dc2ad202f3ccb2887742f?s=96&d=wp_user_avatar&r=g","contentUrl":"https:\/\/secure.gravatar.com\/avatar\/71f2fa71737ad68a84fea94bc708ddac8ea5b0c4788dc2ad202f3ccb2887742f?s=96&d=wp_user_avatar&r=g","caption":"Reda\u00e7\u00e3o JO"},"url":"https:\/\/jornaldasoficinas.com\/pt\/author\/joredacao\/"}]}},"_links":{"self":[{"href":"https:\/\/jornaldasoficinas.com\/pt\/wp-json\/wp\/v2\/posts\/73374","targetHints":{"allow":["GET"]}}],"collection":[{"href":"https:\/\/jornaldasoficinas.com\/pt\/wp-json\/wp\/v2\/posts"}],"about":[{"href":"https:\/\/jornaldasoficinas.com\/pt\/wp-json\/wp\/v2\/types\/post"}],"author":[{"embeddable":true,"href":"https:\/\/jornaldasoficinas.com\/pt\/wp-json\/wp\/v2\/users\/15"}],"replies":[{"embeddable":true,"href":"https:\/\/jornaldasoficinas.com\/pt\/wp-json\/wp\/v2\/comments?post=73374"}],"version-history":[{"count":0,"href":"https:\/\/jornaldasoficinas.com\/pt\/wp-json\/wp\/v2\/posts\/73374\/revisions"}],"wp:featuredmedia":[{"embeddable":true,"href":"https:\/\/jornaldasoficinas.com\/pt\/wp-json\/wp\/v2\/media\/73341"}],"wp:attachment":[{"href":"https:\/\/jornaldasoficinas.com\/pt\/wp-json\/wp\/v2\/media?parent=73374"}],"wp:term":[{"taxonomy":"category","embeddable":true,"href":"https:\/\/jornaldasoficinas.com\/pt\/wp-json\/wp\/v2\/categories?post=73374"},{"taxonomy":"post_tag","embeddable":true,"href":"https:\/\/jornaldasoficinas.com\/pt\/wp-json\/wp\/v2\/tags?post=73374"}],"curies":[{"name":"wp","href":"https:\/\/api.w.org\/{rel}","templated":true}]}}