{"id":73392,"date":"2023-10-18T14:00:34","date_gmt":"2023-10-18T13:00:34","guid":{"rendered":"https:\/\/jornaldasoficinas.com\/pt\/?p=73392"},"modified":"2023-10-18T09:22:43","modified_gmt":"2023-10-18T08:22:43","slug":"anecra-valoriza-incentivo-ao-abate-de-vfv","status":"publish","type":"post","link":"https:\/\/jornaldasoficinas.com\/pt\/anecra-valoriza-incentivo-ao-abate-de-vfv\/","title":{"rendered":"ANECRA valoriza incentivo ao abate de VFV"},"content":{"rendered":"<p><img loading=\"lazy\" decoding=\"async\" class=\"alignnone size-full wp-image-73342\" src=\"https:\/\/jornaldasoficinas.com\/pt\/wp-content\/uploads\/2023\/09\/ANECRA-valoriza-incentivo.jpg\" alt=\"09 - ANECRA valoriza incentivo\" width=\"1024\" height=\"581\" srcset=\"https:\/\/jornaldasoficinas.com\/pt\/wp-content\/uploads\/2023\/09\/ANECRA-valoriza-incentivo.jpg 1024w, https:\/\/jornaldasoficinas.com\/pt\/wp-content\/uploads\/2023\/09\/ANECRA-valoriza-incentivo-300x170.jpg 300w, https:\/\/jornaldasoficinas.com\/pt\/wp-content\/uploads\/2023\/09\/ANECRA-valoriza-incentivo-150x85.jpg 150w, https:\/\/jornaldasoficinas.com\/pt\/wp-content\/uploads\/2023\/09\/ANECRA-valoriza-incentivo-768x436.jpg 768w\" sizes=\"auto, (max-width: 1024px) 100vw, 1024px\" \/><\/p>\n<p><strong>A <a href=\"https:\/\/www.anecra.pt\/\" target=\"_blank\" rel=\"noopener\">ANECRA<\/a>, congratula-se com o facto da Proposta de Or\u00e7amento de Estado entregue pelo Governo na Assembleia da Rep\u00fablica, ter inscrita uma medida que prev\u00ea a Reintrodu\u00e7\u00e3o do Incentivo ao Abate de Viaturas em Fim de Vida (matriculados at\u00e9 2007)<\/strong><\/p>\n<p>Esta \u00e9 uma Medida com um elevado alcance estrat\u00e9gico, muito em particular numa altura em que o parque autom\u00f3vel Portugu\u00eas se encontra extremamente envelhecido; atualmente muito pr\u00f3ximo dos 14 anos de idade m\u00e9dia e que a ANECRA tem vindo a defender junto das diferentes inst\u00e2ncias Governamentais desde h\u00e1 v\u00e1rios anos.<\/p>\n<p>N\u00e3o obstante ainda n\u00e3o ter detalhes dos mecanismos da medida, a ANECRA sa\u00fada o facto de a medida estar assente num incentivo de um valor pecuni\u00e1rio a atribuir pelo Fundo Ambiental, contra a aquisi\u00e7\u00e3o de um ve\u00edculo novo ou usado zero emiss\u00f5es (at\u00e9 quatro anos), de ve\u00edculo novo a combust\u00e3o interna com emiss\u00f5es reduzidas.<\/p>\n<p>Segundo Roberto Gaspar, Secret\u00e1rio Geral da ANECRA, \u201cesta medida ter\u00e1 impactos extremamente positivos aos mais diferentes n\u00edveis, em particular nas vertentes, Econ\u00f3mica, Social, Ambiental, Energ\u00e9tica e de Seguran\u00e7a Rodovi\u00e1ria.<\/p>\n<p>A Associa\u00e7\u00e3o destaca ainda o facto desta medida avan\u00e7ar na mesma altura e em simult\u00e2neo com uma altera\u00e7\u00e3o fiscal substantiva no IUC (Imposto \u00danico Circula\u00e7\u00e3o Autom\u00f3vel), com a penaliza\u00e7\u00e3o das Viaturas com Matr\u00edcula anterior a 2007 (25\u20ac j\u00e1 em 2024) e que se insere numa l\u00f3gica de uma denominada Fiscalidade Verde.<\/p>\n","protected":false},"excerpt":{"rendered":"<p>A ANECRA, congratula-se com o facto&#8230;<\/p>\n","protected":false},"author":15,"featured_media":73342,"comment_status":"closed","ping_status":"closed","sticky":false,"template":"","format":"standard","meta":{"footnotes":""},"categories":[37],"tags":[137,6424,1741],"class_list":["post-73392","post","type-post","status-publish","format-standard","has-post-thumbnail","hentry","category-mercado","tag-anecra","tag-incentivos-ao-abate","tag-veiculos-em-fim-de-vida"],"yoast_head":"<!-- This site is optimized with the Yoast SEO plugin v27.5 - https:\/\/yoast.com\/product\/yoast-seo-wordpress\/ -->\n<title>ANECRA valoriza incentivo ao abate de VFV - Jornal das Oficinas<\/title>\n<meta name=\"description\" content=\"A ANECRA, congratula-se com o facto da Proposta de Or\u00e7amento de Estado entregue pelo Governo na Assembleia da Rep\u00fablica\" \/>\n<meta name=\"robots\" content=\"index, follow, max-snippet:-1, max-image-preview:large, max-video-preview:-1\" \/>\n<link rel=\"canonical\" href=\"https:\/\/jornaldasoficinas.com\/pt\/anecra-valoriza-incentivo-ao-abate-de-vfv\/\" \/>\n<meta property=\"og:locale\" content=\"pt_PT\" \/>\n<meta property=\"og:type\" content=\"article\" \/>\n<meta property=\"og:title\" content=\"ANECRA valoriza incentivo ao abate de VFV - Jornal das Oficinas\" \/>\n<meta property=\"og:description\" content=\"A ANECRA, congratula-se com o facto da Proposta de Or\u00e7amento de Estado entregue pelo Governo na Assembleia da Rep\u00fablica\" \/>\n<meta property=\"og:url\" content=\"https:\/\/jornaldasoficinas.com\/pt\/anecra-valoriza-incentivo-ao-abate-de-vfv\/\" \/>\n<meta property=\"og:site_name\" content=\"Jornal das Oficinas\" \/>\n<meta property=\"article:publisher\" content=\"https:\/\/www.facebook.com\/jornaloficinas\" \/>\n<meta property=\"article:published_time\" content=\"2023-10-18T13:00:34+00:00\" \/>\n<meta property=\"og:image\" content=\"https:\/\/jornaldasoficinas.com\/pt\/wp-content\/uploads\/2023\/09\/ANECRA-valoriza-incentivo.jpg\" \/>\n\t<meta property=\"og:image:width\" content=\"1024\" \/>\n\t<meta property=\"og:image:height\" content=\"581\" \/>\n\t<meta property=\"og:image:type\" content=\"image\/jpeg\" \/>\n<meta name=\"author\" content=\"Reda\u00e7\u00e3o JO\" \/>\n<meta name=\"twitter:card\" content=\"summary_large_image\" \/>\n<meta name=\"twitter:creator\" content=\"@jornaloficinas\" \/>\n<meta name=\"twitter:site\" content=\"@jornaloficinas\" \/>\n<meta name=\"twitter:label1\" content=\"Escrito por\" \/>\n\t<meta name=\"twitter:data1\" content=\"Reda\u00e7\u00e3o JO\" \/>\n\t<meta name=\"twitter:label2\" content=\"Tempo estimado de leitura\" \/>\n\t<meta name=\"twitter:data2\" content=\"2 minutos\" \/>\n<script type=\"application\/ld+json\" class=\"yoast-schema-graph\">{\"@context\":\"https:\\\/\\\/schema.org\",\"@graph\":[{\"@type\":\"Article\",\"@id\":\"https:\\\/\\\/jornaldasoficinas.com\\\/pt\\\/anecra-valoriza-incentivo-ao-abate-de-vfv\\\/#article\",\"isPartOf\":{\"@id\":\"https:\\\/\\\/jornaldasoficinas.com\\\/pt\\\/anecra-valoriza-incentivo-ao-abate-de-vfv\\\/\"},\"author\":{\"name\":\"Reda\u00e7\u00e3o JO\",\"@id\":\"https:\\\/\\\/jornaldasoficinas.com\\\/pt\\\/#\\\/schema\\\/person\\\/a38eef5de2c41d9e7c9ac10141afddf3\"},\"headline\":\"ANECRA valoriza incentivo ao abate de VFV\",\"datePublished\":\"2023-10-18T13:00:34+00:00\",\"mainEntityOfPage\":{\"@id\":\"https:\\\/\\\/jornaldasoficinas.com\\\/pt\\\/anecra-valoriza-incentivo-ao-abate-de-vfv\\\/\"},\"wordCount\":260,\"publisher\":{\"@id\":\"https:\\\/\\\/jornaldasoficinas.com\\\/pt\\\/#organization\"},\"image\":{\"@id\":\"https:\\\/\\\/jornaldasoficinas.com\\\/pt\\\/anecra-valoriza-incentivo-ao-abate-de-vfv\\\/#primaryimage\"},\"thumbnailUrl\":\"https:\\\/\\\/jornaldasoficinas.com\\\/pt\\\/wp-content\\\/uploads\\\/2023\\\/09\\\/ANECRA-valoriza-incentivo.jpg\",\"keywords\":[\"ANECRA\",\"incentivos ao abate\",\"Ve\u00edculos em Fim de Vida\"],\"articleSection\":[\"Mercado\"],\"inLanguage\":\"pt-PT\"},{\"@type\":\"WebPage\",\"@id\":\"https:\\\/\\\/jornaldasoficinas.com\\\/pt\\\/anecra-valoriza-incentivo-ao-abate-de-vfv\\\/\",\"url\":\"https:\\\/\\\/jornaldasoficinas.com\\\/pt\\\/anecra-valoriza-incentivo-ao-abate-de-vfv\\\/\",\"name\":\"ANECRA valoriza incentivo ao abate de VFV - Jornal das Oficinas\",\"isPartOf\":{\"@id\":\"https:\\\/\\\/jornaldasoficinas.com\\\/pt\\\/#website\"},\"primaryImageOfPage\":{\"@id\":\"https:\\\/\\\/jornaldasoficinas.com\\\/pt\\\/anecra-valoriza-incentivo-ao-abate-de-vfv\\\/#primaryimage\"},\"image\":{\"@id\":\"https:\\\/\\\/jornaldasoficinas.com\\\/pt\\\/anecra-valoriza-incentivo-ao-abate-de-vfv\\\/#primaryimage\"},\"thumbnailUrl\":\"https:\\\/\\\/jornaldasoficinas.com\\\/pt\\\/wp-content\\\/uploads\\\/2023\\\/09\\\/ANECRA-valoriza-incentivo.jpg\",\"datePublished\":\"2023-10-18T13:00:34+00:00\",\"description\":\"A ANECRA, congratula-se com o facto da Proposta de Or\u00e7amento de Estado entregue pelo Governo na Assembleia da Rep\u00fablica\",\"breadcrumb\":{\"@id\":\"https:\\\/\\\/jornaldasoficinas.com\\\/pt\\\/anecra-valoriza-incentivo-ao-abate-de-vfv\\\/#breadcrumb\"},\"inLanguage\":\"pt-PT\",\"potentialAction\":[{\"@type\":\"ReadAction\",\"target\":[\"https:\\\/\\\/jornaldasoficinas.com\\\/pt\\\/anecra-valoriza-incentivo-ao-abate-de-vfv\\\/\"]}]},{\"@type\":\"ImageObject\",\"inLanguage\":\"pt-PT\",\"@id\":\"https:\\\/\\\/jornaldasoficinas.com\\\/pt\\\/anecra-valoriza-incentivo-ao-abate-de-vfv\\\/#primaryimage\",\"url\":\"https:\\\/\\\/jornaldasoficinas.com\\\/pt\\\/wp-content\\\/uploads\\\/2023\\\/09\\\/ANECRA-valoriza-incentivo.jpg\",\"contentUrl\":\"https:\\\/\\\/jornaldasoficinas.com\\\/pt\\\/wp-content\\\/uploads\\\/2023\\\/09\\\/ANECRA-valoriza-incentivo.jpg\",\"width\":1024,\"height\":581,\"caption\":\"09 - ANECRA valoriza incentivo\"},{\"@type\":\"BreadcrumbList\",\"@id\":\"https:\\\/\\\/jornaldasoficinas.com\\\/pt\\\/anecra-valoriza-incentivo-ao-abate-de-vfv\\\/#breadcrumb\",\"itemListElement\":[{\"@type\":\"ListItem\",\"position\":1,\"name\":\"In\u00edcio\",\"item\":\"https:\\\/\\\/jornaldasoficinas.com\\\/pt\\\/\"},{\"@type\":\"ListItem\",\"position\":2,\"name\":\"ANECRA valoriza incentivo ao abate de VFV\"}]},{\"@type\":\"WebSite\",\"@id\":\"https:\\\/\\\/jornaldasoficinas.com\\\/pt\\\/#website\",\"url\":\"https:\\\/\\\/jornaldasoficinas.com\\\/pt\\\/\",\"name\":\"Jornal das Oficinas\",\"description\":\"Jornal independente do Aftermarket Autom\u00f3vel em Portugal\",\"publisher\":{\"@id\":\"https:\\\/\\\/jornaldasoficinas.com\\\/pt\\\/#organization\"},\"potentialAction\":[{\"@type\":\"SearchAction\",\"target\":{\"@type\":\"EntryPoint\",\"urlTemplate\":\"https:\\\/\\\/jornaldasoficinas.com\\\/pt\\\/?s={search_term_string}\"},\"query-input\":{\"@type\":\"PropertyValueSpecification\",\"valueRequired\":true,\"valueName\":\"search_term_string\"}}],\"inLanguage\":\"pt-PT\"},{\"@type\":\"Organization\",\"@id\":\"https:\\\/\\\/jornaldasoficinas.com\\\/pt\\\/#organization\",\"name\":\"Jornal das Oficinas\",\"url\":\"https:\\\/\\\/jornaldasoficinas.com\\\/pt\\\/\",\"logo\":{\"@type\":\"ImageObject\",\"inLanguage\":\"pt-PT\",\"@id\":\"https:\\\/\\\/jornaldasoficinas.com\\\/pt\\\/#\\\/schema\\\/logo\\\/image\\\/\",\"url\":\"https:\\\/\\\/jornaldasoficinas.com\\\/pt\\\/wp-content\\\/uploads\\\/logoJO-SEO.png\",\"contentUrl\":\"https:\\\/\\\/jornaldasoficinas.com\\\/pt\\\/wp-content\\\/uploads\\\/logoJO-SEO.png\",\"width\":285,\"height\":450,\"caption\":\"Jornal das Oficinas\"},\"image\":{\"@id\":\"https:\\\/\\\/jornaldasoficinas.com\\\/pt\\\/#\\\/schema\\\/logo\\\/image\\\/\"},\"sameAs\":[\"https:\\\/\\\/www.facebook.com\\\/jornaloficinas\",\"https:\\\/\\\/x.com\\\/jornaloficinas\",\"https:\\\/\\\/www.instagram.com\\\/jornal_oficinas\\\/\",\"https:\\\/\\\/www.linkedin.com\\\/company\\\/jornal-das-oficinas\\\/\",\"https:\\\/\\\/www.youtube.com\\\/channel\\\/UCbQZBqtcvV-oSQrr7RzINGg\"]},{\"@type\":\"Person\",\"@id\":\"https:\\\/\\\/jornaldasoficinas.com\\\/pt\\\/#\\\/schema\\\/person\\\/a38eef5de2c41d9e7c9ac10141afddf3\",\"name\":\"Reda\u00e7\u00e3o JO\",\"image\":{\"@type\":\"ImageObject\",\"inLanguage\":\"pt-PT\",\"@id\":\"https:\\\/\\\/secure.gravatar.com\\\/avatar\\\/71f2fa71737ad68a84fea94bc708ddac8ea5b0c4788dc2ad202f3ccb2887742f?s=96&d=wp_user_avatar&r=g\",\"url\":\"https:\\\/\\\/secure.gravatar.com\\\/avatar\\\/71f2fa71737ad68a84fea94bc708ddac8ea5b0c4788dc2ad202f3ccb2887742f?s=96&d=wp_user_avatar&r=g\",\"contentUrl\":\"https:\\\/\\\/secure.gravatar.com\\\/avatar\\\/71f2fa71737ad68a84fea94bc708ddac8ea5b0c4788dc2ad202f3ccb2887742f?s=96&d=wp_user_avatar&r=g\",\"caption\":\"Reda\u00e7\u00e3o JO\"},\"url\":\"https:\\\/\\\/jornaldasoficinas.com\\\/pt\\\/author\\\/joredacao\\\/\"}]}<\/script>\n<!-- \/ Yoast SEO plugin. -->","yoast_head_json":{"title":"ANECRA valoriza incentivo ao abate de VFV - Jornal das Oficinas","description":"A ANECRA, congratula-se com o facto da Proposta de Or\u00e7amento de Estado entregue pelo Governo na Assembleia da Rep\u00fablica","robots":{"index":"index","follow":"follow","max-snippet":"max-snippet:-1","max-image-preview":"max-image-preview:large","max-video-preview":"max-video-preview:-1"},"canonical":"https:\/\/jornaldasoficinas.com\/pt\/anecra-valoriza-incentivo-ao-abate-de-vfv\/","og_locale":"pt_PT","og_type":"article","og_title":"ANECRA valoriza incentivo ao abate de VFV - Jornal das Oficinas","og_description":"A ANECRA, congratula-se com o facto da Proposta de Or\u00e7amento de Estado entregue pelo Governo na Assembleia da Rep\u00fablica","og_url":"https:\/\/jornaldasoficinas.com\/pt\/anecra-valoriza-incentivo-ao-abate-de-vfv\/","og_site_name":"Jornal das Oficinas","article_publisher":"https:\/\/www.facebook.com\/jornaloficinas","article_published_time":"2023-10-18T13:00:34+00:00","og_image":[{"width":1024,"height":581,"url":"https:\/\/jornaldasoficinas.com\/pt\/wp-content\/uploads\/2023\/09\/ANECRA-valoriza-incentivo.jpg","type":"image\/jpeg"}],"author":"Reda\u00e7\u00e3o JO","twitter_card":"summary_large_image","twitter_creator":"@jornaloficinas","twitter_site":"@jornaloficinas","twitter_misc":{"Escrito por":"Reda\u00e7\u00e3o JO","Tempo estimado de leitura":"2 minutos"},"schema":{"@context":"https:\/\/schema.org","@graph":[{"@type":"Article","@id":"https:\/\/jornaldasoficinas.com\/pt\/anecra-valoriza-incentivo-ao-abate-de-vfv\/#article","isPartOf":{"@id":"https:\/\/jornaldasoficinas.com\/pt\/anecra-valoriza-incentivo-ao-abate-de-vfv\/"},"author":{"name":"Reda\u00e7\u00e3o JO","@id":"https:\/\/jornaldasoficinas.com\/pt\/#\/schema\/person\/a38eef5de2c41d9e7c9ac10141afddf3"},"headline":"ANECRA valoriza incentivo ao abate de VFV","datePublished":"2023-10-18T13:00:34+00:00","mainEntityOfPage":{"@id":"https:\/\/jornaldasoficinas.com\/pt\/anecra-valoriza-incentivo-ao-abate-de-vfv\/"},"wordCount":260,"publisher":{"@id":"https:\/\/jornaldasoficinas.com\/pt\/#organization"},"image":{"@id":"https:\/\/jornaldasoficinas.com\/pt\/anecra-valoriza-incentivo-ao-abate-de-vfv\/#primaryimage"},"thumbnailUrl":"https:\/\/jornaldasoficinas.com\/pt\/wp-content\/uploads\/2023\/09\/ANECRA-valoriza-incentivo.jpg","keywords":["ANECRA","incentivos ao abate","Ve\u00edculos em Fim de Vida"],"articleSection":["Mercado"],"inLanguage":"pt-PT"},{"@type":"WebPage","@id":"https:\/\/jornaldasoficinas.com\/pt\/anecra-valoriza-incentivo-ao-abate-de-vfv\/","url":"https:\/\/jornaldasoficinas.com\/pt\/anecra-valoriza-incentivo-ao-abate-de-vfv\/","name":"ANECRA valoriza incentivo ao abate de VFV - Jornal das Oficinas","isPartOf":{"@id":"https:\/\/jornaldasoficinas.com\/pt\/#website"},"primaryImageOfPage":{"@id":"https:\/\/jornaldasoficinas.com\/pt\/anecra-valoriza-incentivo-ao-abate-de-vfv\/#primaryimage"},"image":{"@id":"https:\/\/jornaldasoficinas.com\/pt\/anecra-valoriza-incentivo-ao-abate-de-vfv\/#primaryimage"},"thumbnailUrl":"https:\/\/jornaldasoficinas.com\/pt\/wp-content\/uploads\/2023\/09\/ANECRA-valoriza-incentivo.jpg","datePublished":"2023-10-18T13:00:34+00:00","description":"A ANECRA, congratula-se com o facto da Proposta de Or\u00e7amento de Estado entregue pelo Governo na Assembleia da Rep\u00fablica","breadcrumb":{"@id":"https:\/\/jornaldasoficinas.com\/pt\/anecra-valoriza-incentivo-ao-abate-de-vfv\/#breadcrumb"},"inLanguage":"pt-PT","potentialAction":[{"@type":"ReadAction","target":["https:\/\/jornaldasoficinas.com\/pt\/anecra-valoriza-incentivo-ao-abate-de-vfv\/"]}]},{"@type":"ImageObject","inLanguage":"pt-PT","@id":"https:\/\/jornaldasoficinas.com\/pt\/anecra-valoriza-incentivo-ao-abate-de-vfv\/#primaryimage","url":"https:\/\/jornaldasoficinas.com\/pt\/wp-content\/uploads\/2023\/09\/ANECRA-valoriza-incentivo.jpg","contentUrl":"https:\/\/jornaldasoficinas.com\/pt\/wp-content\/uploads\/2023\/09\/ANECRA-valoriza-incentivo.jpg","width":1024,"height":581,"caption":"09 - ANECRA valoriza incentivo"},{"@type":"BreadcrumbList","@id":"https:\/\/jornaldasoficinas.com\/pt\/anecra-valoriza-incentivo-ao-abate-de-vfv\/#breadcrumb","itemListElement":[{"@type":"ListItem","position":1,"name":"In\u00edcio","item":"https:\/\/jornaldasoficinas.com\/pt\/"},{"@type":"ListItem","position":2,"name":"ANECRA valoriza incentivo ao abate de VFV"}]},{"@type":"WebSite","@id":"https:\/\/jornaldasoficinas.com\/pt\/#website","url":"https:\/\/jornaldasoficinas.com\/pt\/","name":"Jornal das Oficinas","description":"Jornal independente do Aftermarket Autom\u00f3vel em Portugal","publisher":{"@id":"https:\/\/jornaldasoficinas.com\/pt\/#organization"},"potentialAction":[{"@type":"SearchAction","target":{"@type":"EntryPoint","urlTemplate":"https:\/\/jornaldasoficinas.com\/pt\/?s={search_term_string}"},"query-input":{"@type":"PropertyValueSpecification","valueRequired":true,"valueName":"search_term_string"}}],"inLanguage":"pt-PT"},{"@type":"Organization","@id":"https:\/\/jornaldasoficinas.com\/pt\/#organization","name":"Jornal das Oficinas","url":"https:\/\/jornaldasoficinas.com\/pt\/","logo":{"@type":"ImageObject","inLanguage":"pt-PT","@id":"https:\/\/jornaldasoficinas.com\/pt\/#\/schema\/logo\/image\/","url":"https:\/\/jornaldasoficinas.com\/pt\/wp-content\/uploads\/logoJO-SEO.png","contentUrl":"https:\/\/jornaldasoficinas.com\/pt\/wp-content\/uploads\/logoJO-SEO.png","width":285,"height":450,"caption":"Jornal das Oficinas"},"image":{"@id":"https:\/\/jornaldasoficinas.com\/pt\/#\/schema\/logo\/image\/"},"sameAs":["https:\/\/www.facebook.com\/jornaloficinas","https:\/\/x.com\/jornaloficinas","https:\/\/www.instagram.com\/jornal_oficinas\/","https:\/\/www.linkedin.com\/company\/jornal-das-oficinas\/","https:\/\/www.youtube.com\/channel\/UCbQZBqtcvV-oSQrr7RzINGg"]},{"@type":"Person","@id":"https:\/\/jornaldasoficinas.com\/pt\/#\/schema\/person\/a38eef5de2c41d9e7c9ac10141afddf3","name":"Reda\u00e7\u00e3o JO","image":{"@type":"ImageObject","inLanguage":"pt-PT","@id":"https:\/\/secure.gravatar.com\/avatar\/71f2fa71737ad68a84fea94bc708ddac8ea5b0c4788dc2ad202f3ccb2887742f?s=96&d=wp_user_avatar&r=g","url":"https:\/\/secure.gravatar.com\/avatar\/71f2fa71737ad68a84fea94bc708ddac8ea5b0c4788dc2ad202f3ccb2887742f?s=96&d=wp_user_avatar&r=g","contentUrl":"https:\/\/secure.gravatar.com\/avatar\/71f2fa71737ad68a84fea94bc708ddac8ea5b0c4788dc2ad202f3ccb2887742f?s=96&d=wp_user_avatar&r=g","caption":"Reda\u00e7\u00e3o JO"},"url":"https:\/\/jornaldasoficinas.com\/pt\/author\/joredacao\/"}]}},"_links":{"self":[{"href":"https:\/\/jornaldasoficinas.com\/pt\/wp-json\/wp\/v2\/posts\/73392","targetHints":{"allow":["GET"]}}],"collection":[{"href":"https:\/\/jornaldasoficinas.com\/pt\/wp-json\/wp\/v2\/posts"}],"about":[{"href":"https:\/\/jornaldasoficinas.com\/pt\/wp-json\/wp\/v2\/types\/post"}],"author":[{"embeddable":true,"href":"https:\/\/jornaldasoficinas.com\/pt\/wp-json\/wp\/v2\/users\/15"}],"replies":[{"embeddable":true,"href":"https:\/\/jornaldasoficinas.com\/pt\/wp-json\/wp\/v2\/comments?post=73392"}],"version-history":[{"count":0,"href":"https:\/\/jornaldasoficinas.com\/pt\/wp-json\/wp\/v2\/posts\/73392\/revisions"}],"wp:featuredmedia":[{"embeddable":true,"href":"https:\/\/jornaldasoficinas.com\/pt\/wp-json\/wp\/v2\/media\/73342"}],"wp:attachment":[{"href":"https:\/\/jornaldasoficinas.com\/pt\/wp-json\/wp\/v2\/media?parent=73392"}],"wp:term":[{"taxonomy":"category","embeddable":true,"href":"https:\/\/jornaldasoficinas.com\/pt\/wp-json\/wp\/v2\/categories?post=73392"},{"taxonomy":"post_tag","embeddable":true,"href":"https:\/\/jornaldasoficinas.com\/pt\/wp-json\/wp\/v2\/tags?post=73392"}],"curies":[{"name":"wp","href":"https:\/\/api.w.org\/{rel}","templated":true}]}}