{"id":73394,"date":"2023-10-18T16:00:06","date_gmt":"2023-10-18T15:00:06","guid":{"rendered":"https:\/\/jornaldasoficinas.com\/pt\/?p=73394"},"modified":"2023-10-18T09:39:12","modified_gmt":"2023-10-18T08:39:12","slug":"infopro-digital-automotive-responde-as-necessidades-do-pos-venda","status":"publish","type":"post","link":"https:\/\/jornaldasoficinas.com\/pt\/infopro-digital-automotive-responde-as-necessidades-do-pos-venda\/","title":{"rendered":"Infopro Digital Automotive responde \u00e0s necessidades do p\u00f3s-venda"},"content":{"rendered":"<p><img loading=\"lazy\" decoding=\"async\" class=\"alignnone size-full wp-image-73396\" src=\"https:\/\/jornaldasoficinas.com\/pt\/wp-content\/uploads\/2023\/09\/Infopro-Digital-Automotive.jpg\" alt=\"09 - Infopro Digital Automotive\" width=\"1024\" height=\"581\" srcset=\"https:\/\/jornaldasoficinas.com\/pt\/wp-content\/uploads\/2023\/09\/Infopro-Digital-Automotive.jpg 1024w, https:\/\/jornaldasoficinas.com\/pt\/wp-content\/uploads\/2023\/09\/Infopro-Digital-Automotive-300x170.jpg 300w, https:\/\/jornaldasoficinas.com\/pt\/wp-content\/uploads\/2023\/09\/Infopro-Digital-Automotive-150x85.jpg 150w, https:\/\/jornaldasoficinas.com\/pt\/wp-content\/uploads\/2023\/09\/Infopro-Digital-Automotive-768x436.jpg 768w\" sizes=\"auto, (max-width: 1024px) 100vw, 1024px\" \/><\/p>\n<p><strong>A <a href=\"https:\/\/www.infopro-digital-automotive.pt\/\" target=\"_blank\" rel=\"noopener\">Infopro Digital Automotive<\/a>, fornecedor l\u00edder de informa\u00e7\u00e3o t\u00e9cnica, software e servi\u00e7os B2B para todo o aftermarket autom\u00f3vel, tem por miss\u00e3o principal acompanhar e contribuir para o sucesso das empresas do sector num mundo cada vez mais complexo e digital com solu\u00e7\u00f5es espec\u00edficas. A sua gama de software e de servi\u00e7os responde \u00e0s necessidades das oficinas e dos distribuidores<\/strong><\/p>\n<p><strong>Como obter facilmente informa\u00e7\u00f5es t\u00e9cnicas?<br \/>\n<\/strong>Com esta necessidade no centro das suas solu\u00e7\u00f5es de informa\u00e7\u00e3o t\u00e9cnica, a Infopro Digital Automotive criou a <a href=\"https:\/\/www.infopro-digital-automotive.pt\/produtos\/software-de-dados-tecnicos-de-automoveis-atelio-data\/?utm_source=partner&amp;utm_medium=media&amp;utm_campaign=jornaldasoficinas&amp;utm_content=&amp;utm_product=ateliodata\" target=\"_blank\" rel=\"noopener\">Atelio Data<\/a>, uma inovadora base de dados t\u00e9cnica autom\u00f3vel que revoluciona como a informa\u00e7\u00e3o t\u00e9cnica \u00e9 utilizada na oficina e os m\u00e9todos de repara\u00e7\u00e3o e manuten\u00e7\u00e3o. Com informa\u00e7\u00e3o direta do fabricante: desenhos t\u00e9cnicos detalhados, m\u00f3dulo de diagn\u00f3stico guiado, diagramas el\u00e9tricos e avarias frequentes.<\/p>\n<p><strong>Como posso melhorar a gest\u00e3o?<br \/>\n<\/strong>Para Distribuidores de pe\u00e7as sobressalentes, oferece um conjunto integrado de softwares liderado por IsiParts, o ERP especializado mais amplamente implementado no mercado espanhol. <a href=\"https:\/\/www.infopro-digital-automotive.pt\/produtos\/software-de-gestao-global-para-distribuidores-de-pecas-isiparts\/?utm_source=partner&amp;utm_medium=media&amp;utm_campaign=jornaldasoficinas&amp;utm_content=&amp;utm_product=isiparts\" target=\"_blank\" rel=\"noopener\">IsiParts<\/a>, \u00e9 totalmente personalizado para as necessidades de qualquer neg\u00f3cio de pe\u00e7as sobressalentes e pode tamb\u00e9m ser ligado a um sistema de vendas online, fabricantes e outros distribuidores.<\/p>\n<p>Para Oficinas, Infopro Digital Automotive oferece <a href=\"https:\/\/www.infopro-digital-automotive.pt\/produtos\/software-de-gestao-para-oficinas-atelio-pro\/?utm_source=partner&amp;utm_medium=media&amp;utm_campaign=jornaldasoficinas&amp;utm_content=&amp;utm_product=ateliopro\" target=\"_blank\" rel=\"noopener\">Atelio Pro<\/a>, um software de gest\u00e3o e fatura\u00e7\u00e3o online. Disp\u00f5e de um m\u00f3dulo de rece\u00e7\u00e3o e entrega de ve\u00edculos e \u00e9 ideal para criar encomendas de repara\u00e7\u00e3o, preparar or\u00e7amentos, faturar e efetuar pagamentos, acompanhar as estat\u00edsticas de stocks e atividades, gerir o calend\u00e1rio de marca\u00e7\u00f5es e enviar comunica\u00e7\u00f5es aos clientes por SMS e correio eletr\u00f3nico.<\/p>\n<p><strong>Quais s\u00e3o as pe\u00e7as sobressalentes certas?<br \/>\n<\/strong>O resultado de mais de 30 anos de experi\u00eancia, combinando dados OEM e IAM, Infopro Digital Automotive oferece \u00e0s oficinas e distribuidores de pe\u00e7as sobressalentes dois cat\u00e1logos de pe\u00e7as e sistemas de vendas on-line B2B que se tornaram verdadeiros standards no sector e permitem-lhes conhecer e comercializar exatamente as pe\u00e7as certas para cada ve\u00edculo, evitando-se erros e facilitando a compra: <a href=\"https:\/\/www.infopro-digital-automotive.pt\/produtos\/catalogo-pecas-sobressalentes-atelio-aftermarket-international\/?utm_source=partner&amp;utm_medium=media&amp;utm_campaign=jornaldasoficinas&amp;utm_content=&amp;utm_product=ami\" target=\"_blank\" rel=\"noopener\">Atelio Aftermarket International<\/a> e <a href=\"https:\/\/www.infopro-digital-automotive.pt\/produtos\/sistema-de-vendas-on-line-b2b-para-distribuidores-i2i\/?utm_source=partner&amp;utm_medium=media&amp;utm_campaign=jornaldasoficinas&amp;utm_content=&amp;utm_product=i2i\" target=\"_blank\" rel=\"noopener\">i2i<\/a>, ambos tamb\u00e9m com a possibilidade de as oficinas fazerem cota\u00e7\u00f5es e com acesso a informa\u00e7\u00f5es t\u00e9cnicas.<\/p>\n<p>Para mais informa\u00e7\u00f5es clique <a href=\"http:\/\/www.infopro-digital-automotive.pt\/\" target=\"_blank\" rel=\"noopener\">aqui<\/a>.<\/p>\n","protected":false},"excerpt":{"rendered":"<p>A Infopro Digital Automotive, fornecedor l\u00edder&#8230;<\/p>\n","protected":false},"author":15,"featured_media":73396,"comment_status":"closed","ping_status":"closed","sticky":false,"template":"","format":"standard","meta":{"footnotes":""},"categories":[29],"tags":[3113,6425,6075,6427,2690,6426,4567],"class_list":["post-73394","post","type-post","status-publish","format-standard","has-post-thumbnail","hentry","category-empresas","tag-atelio-aftermarket-international","tag-atelio-data","tag-atelio-pro","tag-i2i","tag-infopro-digital-automotive","tag-isiparts","tag-servicos-b2b"],"yoast_head":"<!-- This site is optimized with the Yoast SEO plugin v27.5 - https:\/\/yoast.com\/product\/yoast-seo-wordpress\/ -->\n<title>Infopro Digital Automotive responde \u00e0s necessidades do p\u00f3s-venda - Jornal das Oficinas<\/title>\n<meta name=\"description\" content=\"A Infopro Digital Automotive, fornecedor l\u00edder de informa\u00e7\u00e3o t\u00e9cnica, software e servi\u00e7os B2B para todo o aftermarket autom\u00f3vel\" \/>\n<meta name=\"robots\" content=\"index, follow, max-snippet:-1, max-image-preview:large, max-video-preview:-1\" \/>\n<link rel=\"canonical\" href=\"https:\/\/jornaldasoficinas.com\/pt\/infopro-digital-automotive-responde-as-necessidades-do-pos-venda\/\" \/>\n<meta property=\"og:locale\" content=\"pt_PT\" \/>\n<meta property=\"og:type\" content=\"article\" \/>\n<meta property=\"og:title\" content=\"Infopro Digital Automotive responde \u00e0s necessidades do p\u00f3s-venda - Jornal das Oficinas\" \/>\n<meta property=\"og:description\" content=\"A Infopro Digital Automotive, fornecedor l\u00edder de informa\u00e7\u00e3o t\u00e9cnica, software e servi\u00e7os B2B para todo o aftermarket autom\u00f3vel\" \/>\n<meta property=\"og:url\" content=\"https:\/\/jornaldasoficinas.com\/pt\/infopro-digital-automotive-responde-as-necessidades-do-pos-venda\/\" \/>\n<meta property=\"og:site_name\" content=\"Jornal das Oficinas\" \/>\n<meta property=\"article:publisher\" content=\"https:\/\/www.facebook.com\/jornaloficinas\" \/>\n<meta property=\"article:published_time\" content=\"2023-10-18T15:00:06+00:00\" \/>\n<meta property=\"og:image\" content=\"https:\/\/jornaldasoficinas.com\/pt\/wp-content\/uploads\/2023\/09\/Infopro-Digital-Automotive.jpg\" \/>\n\t<meta property=\"og:image:width\" content=\"1024\" \/>\n\t<meta property=\"og:image:height\" content=\"581\" \/>\n\t<meta property=\"og:image:type\" content=\"image\/jpeg\" \/>\n<meta name=\"author\" content=\"Reda\u00e7\u00e3o JO\" \/>\n<meta name=\"twitter:card\" content=\"summary_large_image\" \/>\n<meta name=\"twitter:creator\" content=\"@jornaloficinas\" \/>\n<meta name=\"twitter:site\" content=\"@jornaloficinas\" \/>\n<meta name=\"twitter:label1\" content=\"Escrito por\" \/>\n\t<meta name=\"twitter:data1\" content=\"Reda\u00e7\u00e3o JO\" \/>\n\t<meta name=\"twitter:label2\" content=\"Tempo estimado de leitura\" \/>\n\t<meta name=\"twitter:data2\" content=\"3 minutos\" \/>\n<script type=\"application\/ld+json\" class=\"yoast-schema-graph\">{\"@context\":\"https:\\\/\\\/schema.org\",\"@graph\":[{\"@type\":\"Article\",\"@id\":\"https:\\\/\\\/jornaldasoficinas.com\\\/pt\\\/infopro-digital-automotive-responde-as-necessidades-do-pos-venda\\\/#article\",\"isPartOf\":{\"@id\":\"https:\\\/\\\/jornaldasoficinas.com\\\/pt\\\/infopro-digital-automotive-responde-as-necessidades-do-pos-venda\\\/\"},\"author\":{\"name\":\"Reda\u00e7\u00e3o JO\",\"@id\":\"https:\\\/\\\/jornaldasoficinas.com\\\/pt\\\/#\\\/schema\\\/person\\\/a38eef5de2c41d9e7c9ac10141afddf3\"},\"headline\":\"Infopro Digital Automotive responde \u00e0s necessidades do p\u00f3s-venda\",\"datePublished\":\"2023-10-18T15:00:06+00:00\",\"mainEntityOfPage\":{\"@id\":\"https:\\\/\\\/jornaldasoficinas.com\\\/pt\\\/infopro-digital-automotive-responde-as-necessidades-do-pos-venda\\\/\"},\"wordCount\":398,\"publisher\":{\"@id\":\"https:\\\/\\\/jornaldasoficinas.com\\\/pt\\\/#organization\"},\"image\":{\"@id\":\"https:\\\/\\\/jornaldasoficinas.com\\\/pt\\\/infopro-digital-automotive-responde-as-necessidades-do-pos-venda\\\/#primaryimage\"},\"thumbnailUrl\":\"https:\\\/\\\/jornaldasoficinas.com\\\/pt\\\/wp-content\\\/uploads\\\/2023\\\/09\\\/Infopro-Digital-Automotive.jpg\",\"keywords\":[\"Atelio Aftermarket International\",\"Atelio Data\",\"Atelio Pro\",\"i2i\",\"Infopro Digital Automotive\",\"IsiParts\",\"servi\u00e7os B2B\"],\"articleSection\":[\"Empresas\"],\"inLanguage\":\"pt-PT\"},{\"@type\":\"WebPage\",\"@id\":\"https:\\\/\\\/jornaldasoficinas.com\\\/pt\\\/infopro-digital-automotive-responde-as-necessidades-do-pos-venda\\\/\",\"url\":\"https:\\\/\\\/jornaldasoficinas.com\\\/pt\\\/infopro-digital-automotive-responde-as-necessidades-do-pos-venda\\\/\",\"name\":\"Infopro Digital Automotive responde \u00e0s necessidades do p\u00f3s-venda - Jornal das Oficinas\",\"isPartOf\":{\"@id\":\"https:\\\/\\\/jornaldasoficinas.com\\\/pt\\\/#website\"},\"primaryImageOfPage\":{\"@id\":\"https:\\\/\\\/jornaldasoficinas.com\\\/pt\\\/infopro-digital-automotive-responde-as-necessidades-do-pos-venda\\\/#primaryimage\"},\"image\":{\"@id\":\"https:\\\/\\\/jornaldasoficinas.com\\\/pt\\\/infopro-digital-automotive-responde-as-necessidades-do-pos-venda\\\/#primaryimage\"},\"thumbnailUrl\":\"https:\\\/\\\/jornaldasoficinas.com\\\/pt\\\/wp-content\\\/uploads\\\/2023\\\/09\\\/Infopro-Digital-Automotive.jpg\",\"datePublished\":\"2023-10-18T15:00:06+00:00\",\"description\":\"A Infopro Digital Automotive, fornecedor l\u00edder de informa\u00e7\u00e3o t\u00e9cnica, software e servi\u00e7os B2B para todo o aftermarket autom\u00f3vel\",\"breadcrumb\":{\"@id\":\"https:\\\/\\\/jornaldasoficinas.com\\\/pt\\\/infopro-digital-automotive-responde-as-necessidades-do-pos-venda\\\/#breadcrumb\"},\"inLanguage\":\"pt-PT\",\"potentialAction\":[{\"@type\":\"ReadAction\",\"target\":[\"https:\\\/\\\/jornaldasoficinas.com\\\/pt\\\/infopro-digital-automotive-responde-as-necessidades-do-pos-venda\\\/\"]}]},{\"@type\":\"ImageObject\",\"inLanguage\":\"pt-PT\",\"@id\":\"https:\\\/\\\/jornaldasoficinas.com\\\/pt\\\/infopro-digital-automotive-responde-as-necessidades-do-pos-venda\\\/#primaryimage\",\"url\":\"https:\\\/\\\/jornaldasoficinas.com\\\/pt\\\/wp-content\\\/uploads\\\/2023\\\/09\\\/Infopro-Digital-Automotive.jpg\",\"contentUrl\":\"https:\\\/\\\/jornaldasoficinas.com\\\/pt\\\/wp-content\\\/uploads\\\/2023\\\/09\\\/Infopro-Digital-Automotive.jpg\",\"width\":1024,\"height\":581,\"caption\":\"09 - Infopro Digital Automotive\"},{\"@type\":\"BreadcrumbList\",\"@id\":\"https:\\\/\\\/jornaldasoficinas.com\\\/pt\\\/infopro-digital-automotive-responde-as-necessidades-do-pos-venda\\\/#breadcrumb\",\"itemListElement\":[{\"@type\":\"ListItem\",\"position\":1,\"name\":\"In\u00edcio\",\"item\":\"https:\\\/\\\/jornaldasoficinas.com\\\/pt\\\/\"},{\"@type\":\"ListItem\",\"position\":2,\"name\":\"Infopro Digital Automotive responde \u00e0s necessidades do p\u00f3s-venda\"}]},{\"@type\":\"WebSite\",\"@id\":\"https:\\\/\\\/jornaldasoficinas.com\\\/pt\\\/#website\",\"url\":\"https:\\\/\\\/jornaldasoficinas.com\\\/pt\\\/\",\"name\":\"Jornal das Oficinas\",\"description\":\"Jornal independente do Aftermarket Autom\u00f3vel em Portugal\",\"publisher\":{\"@id\":\"https:\\\/\\\/jornaldasoficinas.com\\\/pt\\\/#organization\"},\"potentialAction\":[{\"@type\":\"SearchAction\",\"target\":{\"@type\":\"EntryPoint\",\"urlTemplate\":\"https:\\\/\\\/jornaldasoficinas.com\\\/pt\\\/?s={search_term_string}\"},\"query-input\":{\"@type\":\"PropertyValueSpecification\",\"valueRequired\":true,\"valueName\":\"search_term_string\"}}],\"inLanguage\":\"pt-PT\"},{\"@type\":\"Organization\",\"@id\":\"https:\\\/\\\/jornaldasoficinas.com\\\/pt\\\/#organization\",\"name\":\"Jornal das Oficinas\",\"url\":\"https:\\\/\\\/jornaldasoficinas.com\\\/pt\\\/\",\"logo\":{\"@type\":\"ImageObject\",\"inLanguage\":\"pt-PT\",\"@id\":\"https:\\\/\\\/jornaldasoficinas.com\\\/pt\\\/#\\\/schema\\\/logo\\\/image\\\/\",\"url\":\"https:\\\/\\\/jornaldasoficinas.com\\\/pt\\\/wp-content\\\/uploads\\\/logoJO-SEO.png\",\"contentUrl\":\"https:\\\/\\\/jornaldasoficinas.com\\\/pt\\\/wp-content\\\/uploads\\\/logoJO-SEO.png\",\"width\":285,\"height\":450,\"caption\":\"Jornal das Oficinas\"},\"image\":{\"@id\":\"https:\\\/\\\/jornaldasoficinas.com\\\/pt\\\/#\\\/schema\\\/logo\\\/image\\\/\"},\"sameAs\":[\"https:\\\/\\\/www.facebook.com\\\/jornaloficinas\",\"https:\\\/\\\/x.com\\\/jornaloficinas\",\"https:\\\/\\\/www.instagram.com\\\/jornal_oficinas\\\/\",\"https:\\\/\\\/www.linkedin.com\\\/company\\\/jornal-das-oficinas\\\/\",\"https:\\\/\\\/www.youtube.com\\\/channel\\\/UCbQZBqtcvV-oSQrr7RzINGg\"]},{\"@type\":\"Person\",\"@id\":\"https:\\\/\\\/jornaldasoficinas.com\\\/pt\\\/#\\\/schema\\\/person\\\/a38eef5de2c41d9e7c9ac10141afddf3\",\"name\":\"Reda\u00e7\u00e3o JO\",\"image\":{\"@type\":\"ImageObject\",\"inLanguage\":\"pt-PT\",\"@id\":\"https:\\\/\\\/secure.gravatar.com\\\/avatar\\\/71f2fa71737ad68a84fea94bc708ddac8ea5b0c4788dc2ad202f3ccb2887742f?s=96&d=wp_user_avatar&r=g\",\"url\":\"https:\\\/\\\/secure.gravatar.com\\\/avatar\\\/71f2fa71737ad68a84fea94bc708ddac8ea5b0c4788dc2ad202f3ccb2887742f?s=96&d=wp_user_avatar&r=g\",\"contentUrl\":\"https:\\\/\\\/secure.gravatar.com\\\/avatar\\\/71f2fa71737ad68a84fea94bc708ddac8ea5b0c4788dc2ad202f3ccb2887742f?s=96&d=wp_user_avatar&r=g\",\"caption\":\"Reda\u00e7\u00e3o JO\"},\"url\":\"https:\\\/\\\/jornaldasoficinas.com\\\/pt\\\/author\\\/joredacao\\\/\"}]}<\/script>\n<!-- \/ Yoast SEO plugin. -->","yoast_head_json":{"title":"Infopro Digital Automotive responde \u00e0s necessidades do p\u00f3s-venda - Jornal das Oficinas","description":"A Infopro Digital Automotive, fornecedor l\u00edder de informa\u00e7\u00e3o t\u00e9cnica, software e servi\u00e7os B2B para todo o aftermarket autom\u00f3vel","robots":{"index":"index","follow":"follow","max-snippet":"max-snippet:-1","max-image-preview":"max-image-preview:large","max-video-preview":"max-video-preview:-1"},"canonical":"https:\/\/jornaldasoficinas.com\/pt\/infopro-digital-automotive-responde-as-necessidades-do-pos-venda\/","og_locale":"pt_PT","og_type":"article","og_title":"Infopro Digital Automotive responde \u00e0s necessidades do p\u00f3s-venda - Jornal das Oficinas","og_description":"A Infopro Digital Automotive, fornecedor l\u00edder de informa\u00e7\u00e3o t\u00e9cnica, software e servi\u00e7os B2B para todo o aftermarket autom\u00f3vel","og_url":"https:\/\/jornaldasoficinas.com\/pt\/infopro-digital-automotive-responde-as-necessidades-do-pos-venda\/","og_site_name":"Jornal das Oficinas","article_publisher":"https:\/\/www.facebook.com\/jornaloficinas","article_published_time":"2023-10-18T15:00:06+00:00","og_image":[{"width":1024,"height":581,"url":"https:\/\/jornaldasoficinas.com\/pt\/wp-content\/uploads\/2023\/09\/Infopro-Digital-Automotive.jpg","type":"image\/jpeg"}],"author":"Reda\u00e7\u00e3o JO","twitter_card":"summary_large_image","twitter_creator":"@jornaloficinas","twitter_site":"@jornaloficinas","twitter_misc":{"Escrito por":"Reda\u00e7\u00e3o JO","Tempo estimado de leitura":"3 minutos"},"schema":{"@context":"https:\/\/schema.org","@graph":[{"@type":"Article","@id":"https:\/\/jornaldasoficinas.com\/pt\/infopro-digital-automotive-responde-as-necessidades-do-pos-venda\/#article","isPartOf":{"@id":"https:\/\/jornaldasoficinas.com\/pt\/infopro-digital-automotive-responde-as-necessidades-do-pos-venda\/"},"author":{"name":"Reda\u00e7\u00e3o JO","@id":"https:\/\/jornaldasoficinas.com\/pt\/#\/schema\/person\/a38eef5de2c41d9e7c9ac10141afddf3"},"headline":"Infopro Digital Automotive responde \u00e0s necessidades do p\u00f3s-venda","datePublished":"2023-10-18T15:00:06+00:00","mainEntityOfPage":{"@id":"https:\/\/jornaldasoficinas.com\/pt\/infopro-digital-automotive-responde-as-necessidades-do-pos-venda\/"},"wordCount":398,"publisher":{"@id":"https:\/\/jornaldasoficinas.com\/pt\/#organization"},"image":{"@id":"https:\/\/jornaldasoficinas.com\/pt\/infopro-digital-automotive-responde-as-necessidades-do-pos-venda\/#primaryimage"},"thumbnailUrl":"https:\/\/jornaldasoficinas.com\/pt\/wp-content\/uploads\/2023\/09\/Infopro-Digital-Automotive.jpg","keywords":["Atelio Aftermarket International","Atelio Data","Atelio Pro","i2i","Infopro Digital Automotive","IsiParts","servi\u00e7os B2B"],"articleSection":["Empresas"],"inLanguage":"pt-PT"},{"@type":"WebPage","@id":"https:\/\/jornaldasoficinas.com\/pt\/infopro-digital-automotive-responde-as-necessidades-do-pos-venda\/","url":"https:\/\/jornaldasoficinas.com\/pt\/infopro-digital-automotive-responde-as-necessidades-do-pos-venda\/","name":"Infopro Digital Automotive responde \u00e0s necessidades do p\u00f3s-venda - Jornal das Oficinas","isPartOf":{"@id":"https:\/\/jornaldasoficinas.com\/pt\/#website"},"primaryImageOfPage":{"@id":"https:\/\/jornaldasoficinas.com\/pt\/infopro-digital-automotive-responde-as-necessidades-do-pos-venda\/#primaryimage"},"image":{"@id":"https:\/\/jornaldasoficinas.com\/pt\/infopro-digital-automotive-responde-as-necessidades-do-pos-venda\/#primaryimage"},"thumbnailUrl":"https:\/\/jornaldasoficinas.com\/pt\/wp-content\/uploads\/2023\/09\/Infopro-Digital-Automotive.jpg","datePublished":"2023-10-18T15:00:06+00:00","description":"A Infopro Digital Automotive, fornecedor l\u00edder de informa\u00e7\u00e3o t\u00e9cnica, software e servi\u00e7os B2B para todo o aftermarket autom\u00f3vel","breadcrumb":{"@id":"https:\/\/jornaldasoficinas.com\/pt\/infopro-digital-automotive-responde-as-necessidades-do-pos-venda\/#breadcrumb"},"inLanguage":"pt-PT","potentialAction":[{"@type":"ReadAction","target":["https:\/\/jornaldasoficinas.com\/pt\/infopro-digital-automotive-responde-as-necessidades-do-pos-venda\/"]}]},{"@type":"ImageObject","inLanguage":"pt-PT","@id":"https:\/\/jornaldasoficinas.com\/pt\/infopro-digital-automotive-responde-as-necessidades-do-pos-venda\/#primaryimage","url":"https:\/\/jornaldasoficinas.com\/pt\/wp-content\/uploads\/2023\/09\/Infopro-Digital-Automotive.jpg","contentUrl":"https:\/\/jornaldasoficinas.com\/pt\/wp-content\/uploads\/2023\/09\/Infopro-Digital-Automotive.jpg","width":1024,"height":581,"caption":"09 - Infopro Digital Automotive"},{"@type":"BreadcrumbList","@id":"https:\/\/jornaldasoficinas.com\/pt\/infopro-digital-automotive-responde-as-necessidades-do-pos-venda\/#breadcrumb","itemListElement":[{"@type":"ListItem","position":1,"name":"In\u00edcio","item":"https:\/\/jornaldasoficinas.com\/pt\/"},{"@type":"ListItem","position":2,"name":"Infopro Digital Automotive responde \u00e0s necessidades do p\u00f3s-venda"}]},{"@type":"WebSite","@id":"https:\/\/jornaldasoficinas.com\/pt\/#website","url":"https:\/\/jornaldasoficinas.com\/pt\/","name":"Jornal das Oficinas","description":"Jornal independente do Aftermarket Autom\u00f3vel em Portugal","publisher":{"@id":"https:\/\/jornaldasoficinas.com\/pt\/#organization"},"potentialAction":[{"@type":"SearchAction","target":{"@type":"EntryPoint","urlTemplate":"https:\/\/jornaldasoficinas.com\/pt\/?s={search_term_string}"},"query-input":{"@type":"PropertyValueSpecification","valueRequired":true,"valueName":"search_term_string"}}],"inLanguage":"pt-PT"},{"@type":"Organization","@id":"https:\/\/jornaldasoficinas.com\/pt\/#organization","name":"Jornal das Oficinas","url":"https:\/\/jornaldasoficinas.com\/pt\/","logo":{"@type":"ImageObject","inLanguage":"pt-PT","@id":"https:\/\/jornaldasoficinas.com\/pt\/#\/schema\/logo\/image\/","url":"https:\/\/jornaldasoficinas.com\/pt\/wp-content\/uploads\/logoJO-SEO.png","contentUrl":"https:\/\/jornaldasoficinas.com\/pt\/wp-content\/uploads\/logoJO-SEO.png","width":285,"height":450,"caption":"Jornal das Oficinas"},"image":{"@id":"https:\/\/jornaldasoficinas.com\/pt\/#\/schema\/logo\/image\/"},"sameAs":["https:\/\/www.facebook.com\/jornaloficinas","https:\/\/x.com\/jornaloficinas","https:\/\/www.instagram.com\/jornal_oficinas\/","https:\/\/www.linkedin.com\/company\/jornal-das-oficinas\/","https:\/\/www.youtube.com\/channel\/UCbQZBqtcvV-oSQrr7RzINGg"]},{"@type":"Person","@id":"https:\/\/jornaldasoficinas.com\/pt\/#\/schema\/person\/a38eef5de2c41d9e7c9ac10141afddf3","name":"Reda\u00e7\u00e3o JO","image":{"@type":"ImageObject","inLanguage":"pt-PT","@id":"https:\/\/secure.gravatar.com\/avatar\/71f2fa71737ad68a84fea94bc708ddac8ea5b0c4788dc2ad202f3ccb2887742f?s=96&d=wp_user_avatar&r=g","url":"https:\/\/secure.gravatar.com\/avatar\/71f2fa71737ad68a84fea94bc708ddac8ea5b0c4788dc2ad202f3ccb2887742f?s=96&d=wp_user_avatar&r=g","contentUrl":"https:\/\/secure.gravatar.com\/avatar\/71f2fa71737ad68a84fea94bc708ddac8ea5b0c4788dc2ad202f3ccb2887742f?s=96&d=wp_user_avatar&r=g","caption":"Reda\u00e7\u00e3o JO"},"url":"https:\/\/jornaldasoficinas.com\/pt\/author\/joredacao\/"}]}},"_links":{"self":[{"href":"https:\/\/jornaldasoficinas.com\/pt\/wp-json\/wp\/v2\/posts\/73394","targetHints":{"allow":["GET"]}}],"collection":[{"href":"https:\/\/jornaldasoficinas.com\/pt\/wp-json\/wp\/v2\/posts"}],"about":[{"href":"https:\/\/jornaldasoficinas.com\/pt\/wp-json\/wp\/v2\/types\/post"}],"author":[{"embeddable":true,"href":"https:\/\/jornaldasoficinas.com\/pt\/wp-json\/wp\/v2\/users\/15"}],"replies":[{"embeddable":true,"href":"https:\/\/jornaldasoficinas.com\/pt\/wp-json\/wp\/v2\/comments?post=73394"}],"version-history":[{"count":0,"href":"https:\/\/jornaldasoficinas.com\/pt\/wp-json\/wp\/v2\/posts\/73394\/revisions"}],"wp:featuredmedia":[{"embeddable":true,"href":"https:\/\/jornaldasoficinas.com\/pt\/wp-json\/wp\/v2\/media\/73396"}],"wp:attachment":[{"href":"https:\/\/jornaldasoficinas.com\/pt\/wp-json\/wp\/v2\/media?parent=73394"}],"wp:term":[{"taxonomy":"category","embeddable":true,"href":"https:\/\/jornaldasoficinas.com\/pt\/wp-json\/wp\/v2\/categories?post=73394"},{"taxonomy":"post_tag","embeddable":true,"href":"https:\/\/jornaldasoficinas.com\/pt\/wp-json\/wp\/v2\/tags?post=73394"}],"curies":[{"name":"wp","href":"https:\/\/api.w.org\/{rel}","templated":true}]}}