{"id":73417,"date":"2023-10-19T08:00:23","date_gmt":"2023-10-19T07:00:23","guid":{"rendered":"https:\/\/jornaldasoficinas.com\/pt\/?p=73417"},"modified":"2023-10-18T10:40:56","modified_gmt":"2023-10-18T09:40:56","slug":"domingos-morgado-nomeado-distribuidor-da-xtool-tech","status":"publish","type":"post","link":"https:\/\/jornaldasoficinas.com\/pt\/domingos-morgado-nomeado-distribuidor-da-xtool-tech\/","title":{"rendered":"Domingos &#038; Morgado nomeado distribuidor da XTool Tech"},"content":{"rendered":"<p><img loading=\"lazy\" decoding=\"async\" class=\"alignnone size-full wp-image-73395\" src=\"https:\/\/jornaldasoficinas.com\/pt\/wp-content\/uploads\/2023\/09\/Domingos-Morgado-nomeado.jpg\" alt=\"09 - Domingos Morgado nomeado\" width=\"1024\" height=\"581\" srcset=\"https:\/\/jornaldasoficinas.com\/pt\/wp-content\/uploads\/2023\/09\/Domingos-Morgado-nomeado.jpg 1024w, https:\/\/jornaldasoficinas.com\/pt\/wp-content\/uploads\/2023\/09\/Domingos-Morgado-nomeado-300x170.jpg 300w, https:\/\/jornaldasoficinas.com\/pt\/wp-content\/uploads\/2023\/09\/Domingos-Morgado-nomeado-150x85.jpg 150w, https:\/\/jornaldasoficinas.com\/pt\/wp-content\/uploads\/2023\/09\/Domingos-Morgado-nomeado-768x436.jpg 768w\" sizes=\"auto, (max-width: 1024px) 100vw, 1024px\" \/><\/p>\n<p><strong>A <a href=\"https:\/\/www.domingos-morgado.pt\/\" target=\"_blank\" rel=\"noopener\">Domingos &amp; Morgado<\/a> foi nomeado distribuidor da marca XTool Tech, uma Gama Prestige de Sistemas de Diagn\u00f3stico para Viaturas. A XTooL Tech, fabricante de uma gama premium de Sistemas de Diagn\u00f3stico para Viaturas, homologados pelos maiores Construtores Autom\u00f3veis Mundiais, confiou na capacidade da Domingos &amp; Morgado para desenvolver o seu produto<\/strong><\/p>\n<p>N\u00e3o \u00e9 uma distin\u00e7\u00e3o qualquer, mas sim o reconhecimento desta prestigiada empresa americana pelo trabalho levado a cabo \u2013 ao longo dos seus mais de 25 anos de exist\u00eancia \u2013 pela Domingos &amp; Morgado no desenvolvimento de mercados Premium no Sector Autom\u00f3vel.<\/p>\n<p>Bem assente na sua capacidade t\u00e9cnica, a Domingos &amp; Morgado aceitou este aliciante desafio de colocar no mercado um produto altamente tecnol\u00f3gico, exigente sob o ponto de vista do p\u00f3s-venda mas, ao mesmo tempo, gratificante pelo envolvimento pessoal que lhe \u00e9 exigido.<\/p>\n<p>Conjugando estes dois desafios \u2013 Tecnologia Premium &amp; Apoio T\u00e9cnico \u2013 a Domingos &amp; Morgado n\u00e3o hesitou em aceitar esta nomea\u00e7\u00e3o, acreditando que pode trazer uma mais-valia significativa ao Mercado do Diagn\u00f3stico em Portugal e, consequentemente, ser um parceiro ideal da X TooL Tech neste novo desafio Europeu.<\/p>\n<p><strong>Campanha promocional<br \/>\n<\/strong>Como promo\u00e7\u00e3o de lan\u00e7amento, a Domingos &amp; Morgado vai lan\u00e7ar uma campanha\u00a0promocional\u00a0\u2013 em parceria com a\u00a0GRENKE\u00a0\u2013 at\u00e9 31 de Dezembro do corrente ano, com prazos de pagamento a 12 e a 24 meses,\u00a0Sem Despesas e Sem Juros.<\/p>\n<p>A XTOOL TECH\u00a0 \u00e9 uma marca americana, de Equipamentos de Diagn\u00f3stico Auto, com a qual a Domingos &amp; Morgado fez uma parceria de distribui\u00e7\u00e3o. \u00c9 um equipamento de alt\u00edssima qualidade, e dos mais completos presentes no mercado.<\/p>\n<p>A\u00a0XTOOL TECH\u00a0escolheu a Domingos &amp; Morgado com o intuito de associar \u00e0 marca, um Servi\u00e7o de Assist\u00eancia T\u00e9cnica de Qualidade, pelo qual a\u00a0empresa \u00e9 reconhecida no mercado dos Equipamentos Auto.<\/p>\n","protected":false},"excerpt":{"rendered":"<p>A Domingos &amp; Morgado foi nomeado&#8230;<\/p>\n","protected":false},"author":15,"featured_media":73395,"comment_status":"closed","ping_status":"closed","sticky":false,"template":"","format":"standard","meta":{"footnotes":""},"categories":[6],"tags":[1555,6432,6431],"class_list":["post-73417","post","type-post","status-publish","format-standard","has-post-thumbnail","hentry","category-equipamentos","tag-domingos-morgado","tag-sistemas-de-diagnostico","tag-xtool-tech"],"yoast_head":"<!-- This site is optimized with the Yoast SEO plugin v27.4 - https:\/\/yoast.com\/product\/yoast-seo-wordpress\/ -->\n<title>Domingos &amp; Morgado nomeado distribuidor da XTool Tech - Jornal das Oficinas<\/title>\n<meta name=\"description\" content=\"A Domingos &amp; Morgado foi nomeado distribuidor da marca XTool Tech, uma Gama Prestige de Sistemas de Diagn\u00f3stico para Viaturas\" \/>\n<meta name=\"robots\" content=\"index, follow, max-snippet:-1, max-image-preview:large, max-video-preview:-1\" \/>\n<link rel=\"canonical\" href=\"https:\/\/jornaldasoficinas.com\/pt\/domingos-morgado-nomeado-distribuidor-da-xtool-tech\/\" \/>\n<meta property=\"og:locale\" content=\"pt_PT\" \/>\n<meta property=\"og:type\" content=\"article\" \/>\n<meta property=\"og:title\" content=\"Domingos &amp; Morgado nomeado distribuidor da XTool Tech - Jornal das Oficinas\" \/>\n<meta property=\"og:description\" content=\"A Domingos &amp; Morgado foi nomeado distribuidor da marca XTool Tech, uma Gama Prestige de Sistemas de Diagn\u00f3stico para Viaturas\" \/>\n<meta property=\"og:url\" content=\"https:\/\/jornaldasoficinas.com\/pt\/domingos-morgado-nomeado-distribuidor-da-xtool-tech\/\" \/>\n<meta property=\"og:site_name\" content=\"Jornal das Oficinas\" \/>\n<meta property=\"article:publisher\" content=\"https:\/\/www.facebook.com\/jornaloficinas\" \/>\n<meta property=\"article:published_time\" content=\"2023-10-19T07:00:23+00:00\" \/>\n<meta property=\"og:image\" content=\"https:\/\/jornaldasoficinas.com\/pt\/wp-content\/uploads\/2023\/09\/Domingos-Morgado-nomeado.jpg\" \/>\n\t<meta property=\"og:image:width\" content=\"1024\" \/>\n\t<meta property=\"og:image:height\" content=\"581\" \/>\n\t<meta property=\"og:image:type\" content=\"image\/jpeg\" \/>\n<meta name=\"author\" content=\"Reda\u00e7\u00e3o JO\" \/>\n<meta name=\"twitter:card\" content=\"summary_large_image\" \/>\n<meta name=\"twitter:creator\" content=\"@jornaloficinas\" \/>\n<meta name=\"twitter:site\" content=\"@jornaloficinas\" \/>\n<meta name=\"twitter:label1\" content=\"Escrito por\" \/>\n\t<meta name=\"twitter:data1\" content=\"Reda\u00e7\u00e3o JO\" \/>\n\t<meta name=\"twitter:label2\" content=\"Tempo estimado de leitura\" \/>\n\t<meta name=\"twitter:data2\" content=\"2 minutos\" \/>\n<script type=\"application\/ld+json\" class=\"yoast-schema-graph\">{\"@context\":\"https:\\\/\\\/schema.org\",\"@graph\":[{\"@type\":\"Article\",\"@id\":\"https:\\\/\\\/jornaldasoficinas.com\\\/pt\\\/domingos-morgado-nomeado-distribuidor-da-xtool-tech\\\/#article\",\"isPartOf\":{\"@id\":\"https:\\\/\\\/jornaldasoficinas.com\\\/pt\\\/domingos-morgado-nomeado-distribuidor-da-xtool-tech\\\/\"},\"author\":{\"name\":\"Reda\u00e7\u00e3o JO\",\"@id\":\"https:\\\/\\\/jornaldasoficinas.com\\\/pt\\\/#\\\/schema\\\/person\\\/a38eef5de2c41d9e7c9ac10141afddf3\"},\"headline\":\"Domingos &#038; Morgado nomeado distribuidor da XTool Tech\",\"datePublished\":\"2023-10-19T07:00:23+00:00\",\"mainEntityOfPage\":{\"@id\":\"https:\\\/\\\/jornaldasoficinas.com\\\/pt\\\/domingos-morgado-nomeado-distribuidor-da-xtool-tech\\\/\"},\"wordCount\":312,\"publisher\":{\"@id\":\"https:\\\/\\\/jornaldasoficinas.com\\\/pt\\\/#organization\"},\"image\":{\"@id\":\"https:\\\/\\\/jornaldasoficinas.com\\\/pt\\\/domingos-morgado-nomeado-distribuidor-da-xtool-tech\\\/#primaryimage\"},\"thumbnailUrl\":\"https:\\\/\\\/jornaldasoficinas.com\\\/pt\\\/wp-content\\\/uploads\\\/2023\\\/09\\\/Domingos-Morgado-nomeado.jpg\",\"keywords\":[\"Domingos &amp; Morgado\",\"Sistemas de diagn\u00f3stico\",\"XTool Tech\"],\"articleSection\":[\"Equipamentos\"],\"inLanguage\":\"pt-PT\"},{\"@type\":\"WebPage\",\"@id\":\"https:\\\/\\\/jornaldasoficinas.com\\\/pt\\\/domingos-morgado-nomeado-distribuidor-da-xtool-tech\\\/\",\"url\":\"https:\\\/\\\/jornaldasoficinas.com\\\/pt\\\/domingos-morgado-nomeado-distribuidor-da-xtool-tech\\\/\",\"name\":\"Domingos & Morgado nomeado distribuidor da XTool Tech - Jornal das Oficinas\",\"isPartOf\":{\"@id\":\"https:\\\/\\\/jornaldasoficinas.com\\\/pt\\\/#website\"},\"primaryImageOfPage\":{\"@id\":\"https:\\\/\\\/jornaldasoficinas.com\\\/pt\\\/domingos-morgado-nomeado-distribuidor-da-xtool-tech\\\/#primaryimage\"},\"image\":{\"@id\":\"https:\\\/\\\/jornaldasoficinas.com\\\/pt\\\/domingos-morgado-nomeado-distribuidor-da-xtool-tech\\\/#primaryimage\"},\"thumbnailUrl\":\"https:\\\/\\\/jornaldasoficinas.com\\\/pt\\\/wp-content\\\/uploads\\\/2023\\\/09\\\/Domingos-Morgado-nomeado.jpg\",\"datePublished\":\"2023-10-19T07:00:23+00:00\",\"description\":\"A Domingos & Morgado foi nomeado distribuidor da marca XTool Tech, uma Gama Prestige de Sistemas de Diagn\u00f3stico para Viaturas\",\"breadcrumb\":{\"@id\":\"https:\\\/\\\/jornaldasoficinas.com\\\/pt\\\/domingos-morgado-nomeado-distribuidor-da-xtool-tech\\\/#breadcrumb\"},\"inLanguage\":\"pt-PT\",\"potentialAction\":[{\"@type\":\"ReadAction\",\"target\":[\"https:\\\/\\\/jornaldasoficinas.com\\\/pt\\\/domingos-morgado-nomeado-distribuidor-da-xtool-tech\\\/\"]}]},{\"@type\":\"ImageObject\",\"inLanguage\":\"pt-PT\",\"@id\":\"https:\\\/\\\/jornaldasoficinas.com\\\/pt\\\/domingos-morgado-nomeado-distribuidor-da-xtool-tech\\\/#primaryimage\",\"url\":\"https:\\\/\\\/jornaldasoficinas.com\\\/pt\\\/wp-content\\\/uploads\\\/2023\\\/09\\\/Domingos-Morgado-nomeado.jpg\",\"contentUrl\":\"https:\\\/\\\/jornaldasoficinas.com\\\/pt\\\/wp-content\\\/uploads\\\/2023\\\/09\\\/Domingos-Morgado-nomeado.jpg\",\"width\":1024,\"height\":581,\"caption\":\"09 - Domingos Morgado nomeado\"},{\"@type\":\"BreadcrumbList\",\"@id\":\"https:\\\/\\\/jornaldasoficinas.com\\\/pt\\\/domingos-morgado-nomeado-distribuidor-da-xtool-tech\\\/#breadcrumb\",\"itemListElement\":[{\"@type\":\"ListItem\",\"position\":1,\"name\":\"In\u00edcio\",\"item\":\"https:\\\/\\\/jornaldasoficinas.com\\\/pt\\\/\"},{\"@type\":\"ListItem\",\"position\":2,\"name\":\"Domingos &#038; Morgado nomeado distribuidor da XTool Tech\"}]},{\"@type\":\"WebSite\",\"@id\":\"https:\\\/\\\/jornaldasoficinas.com\\\/pt\\\/#website\",\"url\":\"https:\\\/\\\/jornaldasoficinas.com\\\/pt\\\/\",\"name\":\"Jornal das Oficinas\",\"description\":\"Jornal independente do Aftermarket Autom\u00f3vel em Portugal\",\"publisher\":{\"@id\":\"https:\\\/\\\/jornaldasoficinas.com\\\/pt\\\/#organization\"},\"potentialAction\":[{\"@type\":\"SearchAction\",\"target\":{\"@type\":\"EntryPoint\",\"urlTemplate\":\"https:\\\/\\\/jornaldasoficinas.com\\\/pt\\\/?s={search_term_string}\"},\"query-input\":{\"@type\":\"PropertyValueSpecification\",\"valueRequired\":true,\"valueName\":\"search_term_string\"}}],\"inLanguage\":\"pt-PT\"},{\"@type\":\"Organization\",\"@id\":\"https:\\\/\\\/jornaldasoficinas.com\\\/pt\\\/#organization\",\"name\":\"Jornal das Oficinas\",\"url\":\"https:\\\/\\\/jornaldasoficinas.com\\\/pt\\\/\",\"logo\":{\"@type\":\"ImageObject\",\"inLanguage\":\"pt-PT\",\"@id\":\"https:\\\/\\\/jornaldasoficinas.com\\\/pt\\\/#\\\/schema\\\/logo\\\/image\\\/\",\"url\":\"https:\\\/\\\/jornaldasoficinas.com\\\/pt\\\/wp-content\\\/uploads\\\/logoJO-SEO.png\",\"contentUrl\":\"https:\\\/\\\/jornaldasoficinas.com\\\/pt\\\/wp-content\\\/uploads\\\/logoJO-SEO.png\",\"width\":285,\"height\":450,\"caption\":\"Jornal das Oficinas\"},\"image\":{\"@id\":\"https:\\\/\\\/jornaldasoficinas.com\\\/pt\\\/#\\\/schema\\\/logo\\\/image\\\/\"},\"sameAs\":[\"https:\\\/\\\/www.facebook.com\\\/jornaloficinas\",\"https:\\\/\\\/x.com\\\/jornaloficinas\",\"https:\\\/\\\/www.instagram.com\\\/jornal_oficinas\\\/\",\"https:\\\/\\\/www.linkedin.com\\\/company\\\/jornal-das-oficinas\\\/\",\"https:\\\/\\\/www.youtube.com\\\/channel\\\/UCbQZBqtcvV-oSQrr7RzINGg\"]},{\"@type\":\"Person\",\"@id\":\"https:\\\/\\\/jornaldasoficinas.com\\\/pt\\\/#\\\/schema\\\/person\\\/a38eef5de2c41d9e7c9ac10141afddf3\",\"name\":\"Reda\u00e7\u00e3o JO\",\"image\":{\"@type\":\"ImageObject\",\"inLanguage\":\"pt-PT\",\"@id\":\"https:\\\/\\\/secure.gravatar.com\\\/avatar\\\/71f2fa71737ad68a84fea94bc708ddac8ea5b0c4788dc2ad202f3ccb2887742f?s=96&d=wp_user_avatar&r=g\",\"url\":\"https:\\\/\\\/secure.gravatar.com\\\/avatar\\\/71f2fa71737ad68a84fea94bc708ddac8ea5b0c4788dc2ad202f3ccb2887742f?s=96&d=wp_user_avatar&r=g\",\"contentUrl\":\"https:\\\/\\\/secure.gravatar.com\\\/avatar\\\/71f2fa71737ad68a84fea94bc708ddac8ea5b0c4788dc2ad202f3ccb2887742f?s=96&d=wp_user_avatar&r=g\",\"caption\":\"Reda\u00e7\u00e3o JO\"},\"url\":\"https:\\\/\\\/jornaldasoficinas.com\\\/pt\\\/author\\\/joredacao\\\/\"}]}<\/script>\n<!-- \/ Yoast SEO plugin. -->","yoast_head_json":{"title":"Domingos & Morgado nomeado distribuidor da XTool Tech - Jornal das Oficinas","description":"A Domingos & Morgado foi nomeado distribuidor da marca XTool Tech, uma Gama Prestige de Sistemas de Diagn\u00f3stico para Viaturas","robots":{"index":"index","follow":"follow","max-snippet":"max-snippet:-1","max-image-preview":"max-image-preview:large","max-video-preview":"max-video-preview:-1"},"canonical":"https:\/\/jornaldasoficinas.com\/pt\/domingos-morgado-nomeado-distribuidor-da-xtool-tech\/","og_locale":"pt_PT","og_type":"article","og_title":"Domingos & Morgado nomeado distribuidor da XTool Tech - Jornal das Oficinas","og_description":"A Domingos & Morgado foi nomeado distribuidor da marca XTool Tech, uma Gama Prestige de Sistemas de Diagn\u00f3stico para Viaturas","og_url":"https:\/\/jornaldasoficinas.com\/pt\/domingos-morgado-nomeado-distribuidor-da-xtool-tech\/","og_site_name":"Jornal das Oficinas","article_publisher":"https:\/\/www.facebook.com\/jornaloficinas","article_published_time":"2023-10-19T07:00:23+00:00","og_image":[{"width":1024,"height":581,"url":"https:\/\/jornaldasoficinas.com\/pt\/wp-content\/uploads\/2023\/09\/Domingos-Morgado-nomeado.jpg","type":"image\/jpeg"}],"author":"Reda\u00e7\u00e3o JO","twitter_card":"summary_large_image","twitter_creator":"@jornaloficinas","twitter_site":"@jornaloficinas","twitter_misc":{"Escrito por":"Reda\u00e7\u00e3o JO","Tempo estimado de leitura":"2 minutos"},"schema":{"@context":"https:\/\/schema.org","@graph":[{"@type":"Article","@id":"https:\/\/jornaldasoficinas.com\/pt\/domingos-morgado-nomeado-distribuidor-da-xtool-tech\/#article","isPartOf":{"@id":"https:\/\/jornaldasoficinas.com\/pt\/domingos-morgado-nomeado-distribuidor-da-xtool-tech\/"},"author":{"name":"Reda\u00e7\u00e3o JO","@id":"https:\/\/jornaldasoficinas.com\/pt\/#\/schema\/person\/a38eef5de2c41d9e7c9ac10141afddf3"},"headline":"Domingos &#038; Morgado nomeado distribuidor da XTool Tech","datePublished":"2023-10-19T07:00:23+00:00","mainEntityOfPage":{"@id":"https:\/\/jornaldasoficinas.com\/pt\/domingos-morgado-nomeado-distribuidor-da-xtool-tech\/"},"wordCount":312,"publisher":{"@id":"https:\/\/jornaldasoficinas.com\/pt\/#organization"},"image":{"@id":"https:\/\/jornaldasoficinas.com\/pt\/domingos-morgado-nomeado-distribuidor-da-xtool-tech\/#primaryimage"},"thumbnailUrl":"https:\/\/jornaldasoficinas.com\/pt\/wp-content\/uploads\/2023\/09\/Domingos-Morgado-nomeado.jpg","keywords":["Domingos &amp; Morgado","Sistemas de diagn\u00f3stico","XTool Tech"],"articleSection":["Equipamentos"],"inLanguage":"pt-PT"},{"@type":"WebPage","@id":"https:\/\/jornaldasoficinas.com\/pt\/domingos-morgado-nomeado-distribuidor-da-xtool-tech\/","url":"https:\/\/jornaldasoficinas.com\/pt\/domingos-morgado-nomeado-distribuidor-da-xtool-tech\/","name":"Domingos & Morgado nomeado distribuidor da XTool Tech - Jornal das Oficinas","isPartOf":{"@id":"https:\/\/jornaldasoficinas.com\/pt\/#website"},"primaryImageOfPage":{"@id":"https:\/\/jornaldasoficinas.com\/pt\/domingos-morgado-nomeado-distribuidor-da-xtool-tech\/#primaryimage"},"image":{"@id":"https:\/\/jornaldasoficinas.com\/pt\/domingos-morgado-nomeado-distribuidor-da-xtool-tech\/#primaryimage"},"thumbnailUrl":"https:\/\/jornaldasoficinas.com\/pt\/wp-content\/uploads\/2023\/09\/Domingos-Morgado-nomeado.jpg","datePublished":"2023-10-19T07:00:23+00:00","description":"A Domingos & Morgado foi nomeado distribuidor da marca XTool Tech, uma Gama Prestige de Sistemas de Diagn\u00f3stico para Viaturas","breadcrumb":{"@id":"https:\/\/jornaldasoficinas.com\/pt\/domingos-morgado-nomeado-distribuidor-da-xtool-tech\/#breadcrumb"},"inLanguage":"pt-PT","potentialAction":[{"@type":"ReadAction","target":["https:\/\/jornaldasoficinas.com\/pt\/domingos-morgado-nomeado-distribuidor-da-xtool-tech\/"]}]},{"@type":"ImageObject","inLanguage":"pt-PT","@id":"https:\/\/jornaldasoficinas.com\/pt\/domingos-morgado-nomeado-distribuidor-da-xtool-tech\/#primaryimage","url":"https:\/\/jornaldasoficinas.com\/pt\/wp-content\/uploads\/2023\/09\/Domingos-Morgado-nomeado.jpg","contentUrl":"https:\/\/jornaldasoficinas.com\/pt\/wp-content\/uploads\/2023\/09\/Domingos-Morgado-nomeado.jpg","width":1024,"height":581,"caption":"09 - Domingos Morgado nomeado"},{"@type":"BreadcrumbList","@id":"https:\/\/jornaldasoficinas.com\/pt\/domingos-morgado-nomeado-distribuidor-da-xtool-tech\/#breadcrumb","itemListElement":[{"@type":"ListItem","position":1,"name":"In\u00edcio","item":"https:\/\/jornaldasoficinas.com\/pt\/"},{"@type":"ListItem","position":2,"name":"Domingos &#038; Morgado nomeado distribuidor da XTool Tech"}]},{"@type":"WebSite","@id":"https:\/\/jornaldasoficinas.com\/pt\/#website","url":"https:\/\/jornaldasoficinas.com\/pt\/","name":"Jornal das Oficinas","description":"Jornal independente do Aftermarket Autom\u00f3vel em Portugal","publisher":{"@id":"https:\/\/jornaldasoficinas.com\/pt\/#organization"},"potentialAction":[{"@type":"SearchAction","target":{"@type":"EntryPoint","urlTemplate":"https:\/\/jornaldasoficinas.com\/pt\/?s={search_term_string}"},"query-input":{"@type":"PropertyValueSpecification","valueRequired":true,"valueName":"search_term_string"}}],"inLanguage":"pt-PT"},{"@type":"Organization","@id":"https:\/\/jornaldasoficinas.com\/pt\/#organization","name":"Jornal das Oficinas","url":"https:\/\/jornaldasoficinas.com\/pt\/","logo":{"@type":"ImageObject","inLanguage":"pt-PT","@id":"https:\/\/jornaldasoficinas.com\/pt\/#\/schema\/logo\/image\/","url":"https:\/\/jornaldasoficinas.com\/pt\/wp-content\/uploads\/logoJO-SEO.png","contentUrl":"https:\/\/jornaldasoficinas.com\/pt\/wp-content\/uploads\/logoJO-SEO.png","width":285,"height":450,"caption":"Jornal das Oficinas"},"image":{"@id":"https:\/\/jornaldasoficinas.com\/pt\/#\/schema\/logo\/image\/"},"sameAs":["https:\/\/www.facebook.com\/jornaloficinas","https:\/\/x.com\/jornaloficinas","https:\/\/www.instagram.com\/jornal_oficinas\/","https:\/\/www.linkedin.com\/company\/jornal-das-oficinas\/","https:\/\/www.youtube.com\/channel\/UCbQZBqtcvV-oSQrr7RzINGg"]},{"@type":"Person","@id":"https:\/\/jornaldasoficinas.com\/pt\/#\/schema\/person\/a38eef5de2c41d9e7c9ac10141afddf3","name":"Reda\u00e7\u00e3o JO","image":{"@type":"ImageObject","inLanguage":"pt-PT","@id":"https:\/\/secure.gravatar.com\/avatar\/71f2fa71737ad68a84fea94bc708ddac8ea5b0c4788dc2ad202f3ccb2887742f?s=96&d=wp_user_avatar&r=g","url":"https:\/\/secure.gravatar.com\/avatar\/71f2fa71737ad68a84fea94bc708ddac8ea5b0c4788dc2ad202f3ccb2887742f?s=96&d=wp_user_avatar&r=g","contentUrl":"https:\/\/secure.gravatar.com\/avatar\/71f2fa71737ad68a84fea94bc708ddac8ea5b0c4788dc2ad202f3ccb2887742f?s=96&d=wp_user_avatar&r=g","caption":"Reda\u00e7\u00e3o JO"},"url":"https:\/\/jornaldasoficinas.com\/pt\/author\/joredacao\/"}]}},"_links":{"self":[{"href":"https:\/\/jornaldasoficinas.com\/pt\/wp-json\/wp\/v2\/posts\/73417","targetHints":{"allow":["GET"]}}],"collection":[{"href":"https:\/\/jornaldasoficinas.com\/pt\/wp-json\/wp\/v2\/posts"}],"about":[{"href":"https:\/\/jornaldasoficinas.com\/pt\/wp-json\/wp\/v2\/types\/post"}],"author":[{"embeddable":true,"href":"https:\/\/jornaldasoficinas.com\/pt\/wp-json\/wp\/v2\/users\/15"}],"replies":[{"embeddable":true,"href":"https:\/\/jornaldasoficinas.com\/pt\/wp-json\/wp\/v2\/comments?post=73417"}],"version-history":[{"count":0,"href":"https:\/\/jornaldasoficinas.com\/pt\/wp-json\/wp\/v2\/posts\/73417\/revisions"}],"wp:featuredmedia":[{"embeddable":true,"href":"https:\/\/jornaldasoficinas.com\/pt\/wp-json\/wp\/v2\/media\/73395"}],"wp:attachment":[{"href":"https:\/\/jornaldasoficinas.com\/pt\/wp-json\/wp\/v2\/media?parent=73417"}],"wp:term":[{"taxonomy":"category","embeddable":true,"href":"https:\/\/jornaldasoficinas.com\/pt\/wp-json\/wp\/v2\/categories?post=73417"},{"taxonomy":"post_tag","embeddable":true,"href":"https:\/\/jornaldasoficinas.com\/pt\/wp-json\/wp\/v2\/tags?post=73417"}],"curies":[{"name":"wp","href":"https:\/\/api.w.org\/{rel}","templated":true}]}}