{"id":73419,"date":"2023-10-19T10:00:10","date_gmt":"2023-10-19T09:00:10","guid":{"rendered":"https:\/\/jornaldasoficinas.com\/pt\/?p=73419"},"modified":"2023-10-18T10:47:50","modified_gmt":"2023-10-18T09:47:50","slug":"o-papel-das-baterias-12v-na-mobilidade-eletrica","status":"publish","type":"post","link":"https:\/\/jornaldasoficinas.com\/pt\/o-papel-das-baterias-12v-na-mobilidade-eletrica\/","title":{"rendered":"O Papel das Baterias 12V na Mobilidade El\u00e9trica"},"content":{"rendered":"<p><img loading=\"lazy\" decoding=\"async\" class=\"alignnone size-full wp-image-73399\" src=\"https:\/\/jornaldasoficinas.com\/pt\/wp-content\/uploads\/2023\/09\/O-Papel-das-Baterias.png\" alt=\"09 - O Papel das Baterias\" width=\"1024\" height=\"581\" srcset=\"https:\/\/jornaldasoficinas.com\/pt\/wp-content\/uploads\/2023\/09\/O-Papel-das-Baterias.png 1024w, https:\/\/jornaldasoficinas.com\/pt\/wp-content\/uploads\/2023\/09\/O-Papel-das-Baterias-300x170.png 300w, https:\/\/jornaldasoficinas.com\/pt\/wp-content\/uploads\/2023\/09\/O-Papel-das-Baterias-150x85.png 150w, https:\/\/jornaldasoficinas.com\/pt\/wp-content\/uploads\/2023\/09\/O-Papel-das-Baterias-768x436.png 768w\" sizes=\"auto, (max-width: 1024px) 100vw, 1024px\" \/><\/p>\n<p><strong>A mobilidade el\u00e9trica, ou e-mobility, emergiu como um pilar fundamental na busca por um futuro mais sustent\u00e1vel e ambientalmente respons\u00e1vel, tanto em Portugal como em toda a Europa<\/strong><\/p>\n<p>Este movimento revolucion\u00e1rio visa reduzir as emiss\u00f5es de carbono, promover a qualidade do ar e reduzir a depend\u00eancia dos combust\u00edveis f\u00f3sseis. Na Europa, onde a consci\u00eancia ambiental est\u00e1 no topo da agenda pol\u00edtica, a e-mobilidade tornou-se uma prioridade incontest\u00e1vel, e j\u00e1 come\u00e7amos a ver os resultados. Em Portugal, a propor\u00e7\u00e3o de ve\u00edculos el\u00e9tricos matriculados nos primeiros sete meses de 2023 j\u00e1 alcan\u00e7ou uma impressionante marca de 15,7%.<\/p>\n<p>Mas para que esta vis\u00e3o se torne realidade, existem diversos elementos cruciais em jogo. Estes incluem o desenvolvimento de infraestruturas de carregamento acess\u00edveis e eficientes, a implementa\u00e7\u00e3o de regulamenta\u00e7\u00f5es favor\u00e1veis \u00e0 e-mobility, a cria\u00e7\u00e3o de incentivos financeiros e a cont\u00ednua sensibiliza\u00e7\u00e3o do p\u00fablico para os benef\u00edcios desta tecnologia.<\/p>\n<p>No que diz respeito \u00e0 ado\u00e7\u00e3o de carros h\u00edbridos e el\u00e9tricos, \u00e9 imprescind\u00edvel que tanto os usu\u00e1rios quanto as oficinas estejam familiarizados com as particularidades destas novas tecnologias de ve\u00edculos.<\/p>\n<p>Um elemento muitas vezes desconhecido, mas fundamental na mobilidade el\u00e9trica, s\u00e3o as baterias de 12V. Estas baterias desempenham um papel essencial no funcionamento dos ve\u00edculos el\u00e9tricos, alimentando sistemas auxiliares, garantindo a funcionalidade dos recursos de seguran\u00e7a, conforto e conectividade.<\/p>\n<p><strong>Quando o ve\u00edculo est\u00e1 desligado<br \/>\n<\/strong>Quando o carro est\u00e1 desligado, a bateria de 12V assume a responsabilidade de fornecer a energia essencial para inici\u00e1-lo quando a chave \u00e9 virada ou o bot\u00e3o de igni\u00e7\u00e3o \u00e9 pressionado. Al\u00e9m disso, tamb\u00e9m \u00e9 respons\u00e1vel por alimentar sistemas auxiliares, como as luzes, o r\u00e1dio, os sistemas de entretenimento, o computador de bordo e outros componentes eletr\u00f3nicos do ve\u00edculo.<\/p>\n<p><strong>Durante a condu\u00e7\u00e3o<br \/>\n<\/strong>Durante a condu\u00e7\u00e3o, a bateria de 12V continua a desempenhar v\u00e1rias fun\u00e7\u00f5es essenciais nos ve\u00edculos xEV. \u00c9 respons\u00e1vel por suportar picos de carga e fornecer energia para os sistemas el\u00e9tricos do ve\u00edculo (como o sistema de igni\u00e7\u00e3o e navega\u00e7\u00e3o, o motor de arranque, ou as luzes) sempre que houver uma demanda s\u00fabita de energia.<\/p>\n<p><strong>Quando o sistema falha<br \/>\n<\/strong>Quando ocorre uma falha no sistema el\u00e9trico principal do ve\u00edculo xEV, a bateria de 12V desempenha um papel cr\u00edtico na manuten\u00e7\u00e3o da seguran\u00e7a. Ela fornece energia para sistemas essenciais, como as luzes de emerg\u00eancia ou os sistemas de dire\u00e7\u00e3o assistida. Isto permite ao condutor manter o controle do ve\u00edculo e garantir a seguran\u00e7a n\u00e3o apenas dos passageiros, como tamb\u00e9m dos outros ve\u00edculos na estrada.<\/p>\n<p>Em \u00faltima an\u00e1lise, as baterias de 12V s\u00e3o um dos elementos essenciais da e-mobilidade, desempenhando um papel cr\u00edtico na inicializa\u00e7\u00e3o, na alimenta\u00e7\u00e3o de sistemas secund\u00e1rios e na manuten\u00e7\u00e3o da seguran\u00e7a do ve\u00edculo.<\/p>\n<p>A Clarios, como empresa l\u00edder em solu\u00e7\u00f5es de baterias, abra\u00e7ou a transi\u00e7\u00e3o para a e-mobilidade com a sua nova linha de baterias VARTA AGM desenvolvida para ve\u00edculos xEV. Esta gama foi desenvolvida em colabora\u00e7\u00e3o com os principais fabricantes de autom\u00f3veis e incorpora a tecnologia ideal para aplica\u00e7\u00f5es altamente exigentes, desde sistemas Start-Stop modernos at\u00e9 ve\u00edculos totalmente el\u00e9tricos.<\/p>\n<p>Atualmente, a linha de produtos VARTA xEV abrange 97% dos ve\u00edculos no segmento xEV, e continuar\u00e1 a ser expandida para acompanhar as necessidades e evolu\u00e7\u00e3o do mercado. Assim, a Clarios est\u00e1 preparada para suportar todos os ve\u00edculos xEV e contribuir para uma mobilidade mais respons\u00e1vel e sustent\u00e1vel.<\/p>\n<p>Descubra mais no VARTA Partner Portal <a href=\"https:\/\/varta-partner-portal.com\/varta-xev-page\" target=\"_blank\" rel=\"noopener\">aqui<\/a>.<\/p>\n","protected":false},"excerpt":{"rendered":"<p>A mobilidade el\u00e9trica, ou e-mobility, emergiu&#8230;<\/p>\n","protected":false},"author":15,"featured_media":73399,"comment_status":"closed","ping_status":"closed","sticky":false,"template":"","format":"standard","meta":{"footnotes":""},"categories":[29],"tags":[512,2963,1421,1767],"class_list":["post-73419","post","type-post","status-publish","format-standard","has-post-thumbnail","hentry","category-empresas","tag-baterias","tag-e-mobility","tag-mobilidade-eletrica","tag-sustentabilidade"],"yoast_head":"<!-- This site is optimized with the Yoast SEO plugin v27.4 - https:\/\/yoast.com\/product\/yoast-seo-wordpress\/ -->\n<title>O Papel das Baterias 12V na Mobilidade El\u00e9trica - Jornal das Oficinas<\/title>\n<meta name=\"description\" content=\"A mobilidade el\u00e9trica, ou e-mobility, emergiu como um pilar fundamental na busca por um futuro mais sustent\u00e1vel e ambientalmente respons\u00e1vel\" \/>\n<meta name=\"robots\" content=\"index, follow, max-snippet:-1, max-image-preview:large, max-video-preview:-1\" \/>\n<link rel=\"canonical\" href=\"https:\/\/jornaldasoficinas.com\/pt\/o-papel-das-baterias-12v-na-mobilidade-eletrica\/\" \/>\n<meta property=\"og:locale\" content=\"pt_PT\" \/>\n<meta property=\"og:type\" content=\"article\" \/>\n<meta property=\"og:title\" content=\"O Papel das Baterias 12V na Mobilidade El\u00e9trica - Jornal das Oficinas\" \/>\n<meta property=\"og:description\" content=\"A mobilidade el\u00e9trica, ou e-mobility, emergiu como um pilar fundamental na busca por um futuro mais sustent\u00e1vel e ambientalmente respons\u00e1vel\" \/>\n<meta property=\"og:url\" content=\"https:\/\/jornaldasoficinas.com\/pt\/o-papel-das-baterias-12v-na-mobilidade-eletrica\/\" \/>\n<meta property=\"og:site_name\" content=\"Jornal das Oficinas\" \/>\n<meta property=\"article:publisher\" content=\"https:\/\/www.facebook.com\/jornaloficinas\" \/>\n<meta property=\"article:published_time\" content=\"2023-10-19T09:00:10+00:00\" \/>\n<meta property=\"og:image\" content=\"https:\/\/jornaldasoficinas.com\/pt\/wp-content\/uploads\/2023\/09\/O-Papel-das-Baterias.png\" \/>\n\t<meta property=\"og:image:width\" content=\"1024\" \/>\n\t<meta property=\"og:image:height\" content=\"581\" \/>\n\t<meta property=\"og:image:type\" content=\"image\/png\" \/>\n<meta name=\"author\" content=\"Reda\u00e7\u00e3o JO\" \/>\n<meta name=\"twitter:card\" content=\"summary_large_image\" \/>\n<meta name=\"twitter:creator\" content=\"@jornaloficinas\" \/>\n<meta name=\"twitter:site\" content=\"@jornaloficinas\" \/>\n<meta name=\"twitter:label1\" content=\"Escrito por\" \/>\n\t<meta name=\"twitter:data1\" content=\"Reda\u00e7\u00e3o JO\" \/>\n\t<meta name=\"twitter:label2\" content=\"Tempo estimado de leitura\" \/>\n\t<meta name=\"twitter:data2\" content=\"4 minutos\" \/>\n<script type=\"application\/ld+json\" class=\"yoast-schema-graph\">{\"@context\":\"https:\\\/\\\/schema.org\",\"@graph\":[{\"@type\":\"Article\",\"@id\":\"https:\\\/\\\/jornaldasoficinas.com\\\/pt\\\/o-papel-das-baterias-12v-na-mobilidade-eletrica\\\/#article\",\"isPartOf\":{\"@id\":\"https:\\\/\\\/jornaldasoficinas.com\\\/pt\\\/o-papel-das-baterias-12v-na-mobilidade-eletrica\\\/\"},\"author\":{\"name\":\"Reda\u00e7\u00e3o JO\",\"@id\":\"https:\\\/\\\/jornaldasoficinas.com\\\/pt\\\/#\\\/schema\\\/person\\\/a38eef5de2c41d9e7c9ac10141afddf3\"},\"headline\":\"O Papel das Baterias 12V na Mobilidade El\u00e9trica\",\"datePublished\":\"2023-10-19T09:00:10+00:00\",\"mainEntityOfPage\":{\"@id\":\"https:\\\/\\\/jornaldasoficinas.com\\\/pt\\\/o-papel-das-baterias-12v-na-mobilidade-eletrica\\\/\"},\"wordCount\":637,\"publisher\":{\"@id\":\"https:\\\/\\\/jornaldasoficinas.com\\\/pt\\\/#organization\"},\"image\":{\"@id\":\"https:\\\/\\\/jornaldasoficinas.com\\\/pt\\\/o-papel-das-baterias-12v-na-mobilidade-eletrica\\\/#primaryimage\"},\"thumbnailUrl\":\"https:\\\/\\\/jornaldasoficinas.com\\\/pt\\\/wp-content\\\/uploads\\\/2023\\\/09\\\/O-Papel-das-Baterias.png\",\"keywords\":[\"Baterias\",\"E-Mobility\",\"Mobilidade el\u00e9trica\",\"Sustentabilidade\"],\"articleSection\":[\"Empresas\"],\"inLanguage\":\"pt-PT\"},{\"@type\":\"WebPage\",\"@id\":\"https:\\\/\\\/jornaldasoficinas.com\\\/pt\\\/o-papel-das-baterias-12v-na-mobilidade-eletrica\\\/\",\"url\":\"https:\\\/\\\/jornaldasoficinas.com\\\/pt\\\/o-papel-das-baterias-12v-na-mobilidade-eletrica\\\/\",\"name\":\"O Papel das Baterias 12V na Mobilidade El\u00e9trica - Jornal das Oficinas\",\"isPartOf\":{\"@id\":\"https:\\\/\\\/jornaldasoficinas.com\\\/pt\\\/#website\"},\"primaryImageOfPage\":{\"@id\":\"https:\\\/\\\/jornaldasoficinas.com\\\/pt\\\/o-papel-das-baterias-12v-na-mobilidade-eletrica\\\/#primaryimage\"},\"image\":{\"@id\":\"https:\\\/\\\/jornaldasoficinas.com\\\/pt\\\/o-papel-das-baterias-12v-na-mobilidade-eletrica\\\/#primaryimage\"},\"thumbnailUrl\":\"https:\\\/\\\/jornaldasoficinas.com\\\/pt\\\/wp-content\\\/uploads\\\/2023\\\/09\\\/O-Papel-das-Baterias.png\",\"datePublished\":\"2023-10-19T09:00:10+00:00\",\"description\":\"A mobilidade el\u00e9trica, ou e-mobility, emergiu como um pilar fundamental na busca por um futuro mais sustent\u00e1vel e ambientalmente respons\u00e1vel\",\"breadcrumb\":{\"@id\":\"https:\\\/\\\/jornaldasoficinas.com\\\/pt\\\/o-papel-das-baterias-12v-na-mobilidade-eletrica\\\/#breadcrumb\"},\"inLanguage\":\"pt-PT\",\"potentialAction\":[{\"@type\":\"ReadAction\",\"target\":[\"https:\\\/\\\/jornaldasoficinas.com\\\/pt\\\/o-papel-das-baterias-12v-na-mobilidade-eletrica\\\/\"]}]},{\"@type\":\"ImageObject\",\"inLanguage\":\"pt-PT\",\"@id\":\"https:\\\/\\\/jornaldasoficinas.com\\\/pt\\\/o-papel-das-baterias-12v-na-mobilidade-eletrica\\\/#primaryimage\",\"url\":\"https:\\\/\\\/jornaldasoficinas.com\\\/pt\\\/wp-content\\\/uploads\\\/2023\\\/09\\\/O-Papel-das-Baterias.png\",\"contentUrl\":\"https:\\\/\\\/jornaldasoficinas.com\\\/pt\\\/wp-content\\\/uploads\\\/2023\\\/09\\\/O-Papel-das-Baterias.png\",\"width\":1024,\"height\":581,\"caption\":\"09 - O Papel das Baterias\"},{\"@type\":\"BreadcrumbList\",\"@id\":\"https:\\\/\\\/jornaldasoficinas.com\\\/pt\\\/o-papel-das-baterias-12v-na-mobilidade-eletrica\\\/#breadcrumb\",\"itemListElement\":[{\"@type\":\"ListItem\",\"position\":1,\"name\":\"In\u00edcio\",\"item\":\"https:\\\/\\\/jornaldasoficinas.com\\\/pt\\\/\"},{\"@type\":\"ListItem\",\"position\":2,\"name\":\"O Papel das Baterias 12V na Mobilidade El\u00e9trica\"}]},{\"@type\":\"WebSite\",\"@id\":\"https:\\\/\\\/jornaldasoficinas.com\\\/pt\\\/#website\",\"url\":\"https:\\\/\\\/jornaldasoficinas.com\\\/pt\\\/\",\"name\":\"Jornal das Oficinas\",\"description\":\"Jornal independente do Aftermarket Autom\u00f3vel em Portugal\",\"publisher\":{\"@id\":\"https:\\\/\\\/jornaldasoficinas.com\\\/pt\\\/#organization\"},\"potentialAction\":[{\"@type\":\"SearchAction\",\"target\":{\"@type\":\"EntryPoint\",\"urlTemplate\":\"https:\\\/\\\/jornaldasoficinas.com\\\/pt\\\/?s={search_term_string}\"},\"query-input\":{\"@type\":\"PropertyValueSpecification\",\"valueRequired\":true,\"valueName\":\"search_term_string\"}}],\"inLanguage\":\"pt-PT\"},{\"@type\":\"Organization\",\"@id\":\"https:\\\/\\\/jornaldasoficinas.com\\\/pt\\\/#organization\",\"name\":\"Jornal das Oficinas\",\"url\":\"https:\\\/\\\/jornaldasoficinas.com\\\/pt\\\/\",\"logo\":{\"@type\":\"ImageObject\",\"inLanguage\":\"pt-PT\",\"@id\":\"https:\\\/\\\/jornaldasoficinas.com\\\/pt\\\/#\\\/schema\\\/logo\\\/image\\\/\",\"url\":\"https:\\\/\\\/jornaldasoficinas.com\\\/pt\\\/wp-content\\\/uploads\\\/logoJO-SEO.png\",\"contentUrl\":\"https:\\\/\\\/jornaldasoficinas.com\\\/pt\\\/wp-content\\\/uploads\\\/logoJO-SEO.png\",\"width\":285,\"height\":450,\"caption\":\"Jornal das Oficinas\"},\"image\":{\"@id\":\"https:\\\/\\\/jornaldasoficinas.com\\\/pt\\\/#\\\/schema\\\/logo\\\/image\\\/\"},\"sameAs\":[\"https:\\\/\\\/www.facebook.com\\\/jornaloficinas\",\"https:\\\/\\\/x.com\\\/jornaloficinas\",\"https:\\\/\\\/www.instagram.com\\\/jornal_oficinas\\\/\",\"https:\\\/\\\/www.linkedin.com\\\/company\\\/jornal-das-oficinas\\\/\",\"https:\\\/\\\/www.youtube.com\\\/channel\\\/UCbQZBqtcvV-oSQrr7RzINGg\"]},{\"@type\":\"Person\",\"@id\":\"https:\\\/\\\/jornaldasoficinas.com\\\/pt\\\/#\\\/schema\\\/person\\\/a38eef5de2c41d9e7c9ac10141afddf3\",\"name\":\"Reda\u00e7\u00e3o JO\",\"image\":{\"@type\":\"ImageObject\",\"inLanguage\":\"pt-PT\",\"@id\":\"https:\\\/\\\/secure.gravatar.com\\\/avatar\\\/71f2fa71737ad68a84fea94bc708ddac8ea5b0c4788dc2ad202f3ccb2887742f?s=96&d=wp_user_avatar&r=g\",\"url\":\"https:\\\/\\\/secure.gravatar.com\\\/avatar\\\/71f2fa71737ad68a84fea94bc708ddac8ea5b0c4788dc2ad202f3ccb2887742f?s=96&d=wp_user_avatar&r=g\",\"contentUrl\":\"https:\\\/\\\/secure.gravatar.com\\\/avatar\\\/71f2fa71737ad68a84fea94bc708ddac8ea5b0c4788dc2ad202f3ccb2887742f?s=96&d=wp_user_avatar&r=g\",\"caption\":\"Reda\u00e7\u00e3o JO\"},\"url\":\"https:\\\/\\\/jornaldasoficinas.com\\\/pt\\\/author\\\/joredacao\\\/\"}]}<\/script>\n<!-- \/ Yoast SEO plugin. -->","yoast_head_json":{"title":"O Papel das Baterias 12V na Mobilidade El\u00e9trica - Jornal das Oficinas","description":"A mobilidade el\u00e9trica, ou e-mobility, emergiu como um pilar fundamental na busca por um futuro mais sustent\u00e1vel e ambientalmente respons\u00e1vel","robots":{"index":"index","follow":"follow","max-snippet":"max-snippet:-1","max-image-preview":"max-image-preview:large","max-video-preview":"max-video-preview:-1"},"canonical":"https:\/\/jornaldasoficinas.com\/pt\/o-papel-das-baterias-12v-na-mobilidade-eletrica\/","og_locale":"pt_PT","og_type":"article","og_title":"O Papel das Baterias 12V na Mobilidade El\u00e9trica - Jornal das Oficinas","og_description":"A mobilidade el\u00e9trica, ou e-mobility, emergiu como um pilar fundamental na busca por um futuro mais sustent\u00e1vel e ambientalmente respons\u00e1vel","og_url":"https:\/\/jornaldasoficinas.com\/pt\/o-papel-das-baterias-12v-na-mobilidade-eletrica\/","og_site_name":"Jornal das Oficinas","article_publisher":"https:\/\/www.facebook.com\/jornaloficinas","article_published_time":"2023-10-19T09:00:10+00:00","og_image":[{"width":1024,"height":581,"url":"https:\/\/jornaldasoficinas.com\/pt\/wp-content\/uploads\/2023\/09\/O-Papel-das-Baterias.png","type":"image\/png"}],"author":"Reda\u00e7\u00e3o JO","twitter_card":"summary_large_image","twitter_creator":"@jornaloficinas","twitter_site":"@jornaloficinas","twitter_misc":{"Escrito por":"Reda\u00e7\u00e3o JO","Tempo estimado de leitura":"4 minutos"},"schema":{"@context":"https:\/\/schema.org","@graph":[{"@type":"Article","@id":"https:\/\/jornaldasoficinas.com\/pt\/o-papel-das-baterias-12v-na-mobilidade-eletrica\/#article","isPartOf":{"@id":"https:\/\/jornaldasoficinas.com\/pt\/o-papel-das-baterias-12v-na-mobilidade-eletrica\/"},"author":{"name":"Reda\u00e7\u00e3o JO","@id":"https:\/\/jornaldasoficinas.com\/pt\/#\/schema\/person\/a38eef5de2c41d9e7c9ac10141afddf3"},"headline":"O Papel das Baterias 12V na Mobilidade El\u00e9trica","datePublished":"2023-10-19T09:00:10+00:00","mainEntityOfPage":{"@id":"https:\/\/jornaldasoficinas.com\/pt\/o-papel-das-baterias-12v-na-mobilidade-eletrica\/"},"wordCount":637,"publisher":{"@id":"https:\/\/jornaldasoficinas.com\/pt\/#organization"},"image":{"@id":"https:\/\/jornaldasoficinas.com\/pt\/o-papel-das-baterias-12v-na-mobilidade-eletrica\/#primaryimage"},"thumbnailUrl":"https:\/\/jornaldasoficinas.com\/pt\/wp-content\/uploads\/2023\/09\/O-Papel-das-Baterias.png","keywords":["Baterias","E-Mobility","Mobilidade el\u00e9trica","Sustentabilidade"],"articleSection":["Empresas"],"inLanguage":"pt-PT"},{"@type":"WebPage","@id":"https:\/\/jornaldasoficinas.com\/pt\/o-papel-das-baterias-12v-na-mobilidade-eletrica\/","url":"https:\/\/jornaldasoficinas.com\/pt\/o-papel-das-baterias-12v-na-mobilidade-eletrica\/","name":"O Papel das Baterias 12V na Mobilidade El\u00e9trica - Jornal das Oficinas","isPartOf":{"@id":"https:\/\/jornaldasoficinas.com\/pt\/#website"},"primaryImageOfPage":{"@id":"https:\/\/jornaldasoficinas.com\/pt\/o-papel-das-baterias-12v-na-mobilidade-eletrica\/#primaryimage"},"image":{"@id":"https:\/\/jornaldasoficinas.com\/pt\/o-papel-das-baterias-12v-na-mobilidade-eletrica\/#primaryimage"},"thumbnailUrl":"https:\/\/jornaldasoficinas.com\/pt\/wp-content\/uploads\/2023\/09\/O-Papel-das-Baterias.png","datePublished":"2023-10-19T09:00:10+00:00","description":"A mobilidade el\u00e9trica, ou e-mobility, emergiu como um pilar fundamental na busca por um futuro mais sustent\u00e1vel e ambientalmente respons\u00e1vel","breadcrumb":{"@id":"https:\/\/jornaldasoficinas.com\/pt\/o-papel-das-baterias-12v-na-mobilidade-eletrica\/#breadcrumb"},"inLanguage":"pt-PT","potentialAction":[{"@type":"ReadAction","target":["https:\/\/jornaldasoficinas.com\/pt\/o-papel-das-baterias-12v-na-mobilidade-eletrica\/"]}]},{"@type":"ImageObject","inLanguage":"pt-PT","@id":"https:\/\/jornaldasoficinas.com\/pt\/o-papel-das-baterias-12v-na-mobilidade-eletrica\/#primaryimage","url":"https:\/\/jornaldasoficinas.com\/pt\/wp-content\/uploads\/2023\/09\/O-Papel-das-Baterias.png","contentUrl":"https:\/\/jornaldasoficinas.com\/pt\/wp-content\/uploads\/2023\/09\/O-Papel-das-Baterias.png","width":1024,"height":581,"caption":"09 - O Papel das Baterias"},{"@type":"BreadcrumbList","@id":"https:\/\/jornaldasoficinas.com\/pt\/o-papel-das-baterias-12v-na-mobilidade-eletrica\/#breadcrumb","itemListElement":[{"@type":"ListItem","position":1,"name":"In\u00edcio","item":"https:\/\/jornaldasoficinas.com\/pt\/"},{"@type":"ListItem","position":2,"name":"O Papel das Baterias 12V na Mobilidade El\u00e9trica"}]},{"@type":"WebSite","@id":"https:\/\/jornaldasoficinas.com\/pt\/#website","url":"https:\/\/jornaldasoficinas.com\/pt\/","name":"Jornal das Oficinas","description":"Jornal independente do Aftermarket Autom\u00f3vel em Portugal","publisher":{"@id":"https:\/\/jornaldasoficinas.com\/pt\/#organization"},"potentialAction":[{"@type":"SearchAction","target":{"@type":"EntryPoint","urlTemplate":"https:\/\/jornaldasoficinas.com\/pt\/?s={search_term_string}"},"query-input":{"@type":"PropertyValueSpecification","valueRequired":true,"valueName":"search_term_string"}}],"inLanguage":"pt-PT"},{"@type":"Organization","@id":"https:\/\/jornaldasoficinas.com\/pt\/#organization","name":"Jornal das Oficinas","url":"https:\/\/jornaldasoficinas.com\/pt\/","logo":{"@type":"ImageObject","inLanguage":"pt-PT","@id":"https:\/\/jornaldasoficinas.com\/pt\/#\/schema\/logo\/image\/","url":"https:\/\/jornaldasoficinas.com\/pt\/wp-content\/uploads\/logoJO-SEO.png","contentUrl":"https:\/\/jornaldasoficinas.com\/pt\/wp-content\/uploads\/logoJO-SEO.png","width":285,"height":450,"caption":"Jornal das Oficinas"},"image":{"@id":"https:\/\/jornaldasoficinas.com\/pt\/#\/schema\/logo\/image\/"},"sameAs":["https:\/\/www.facebook.com\/jornaloficinas","https:\/\/x.com\/jornaloficinas","https:\/\/www.instagram.com\/jornal_oficinas\/","https:\/\/www.linkedin.com\/company\/jornal-das-oficinas\/","https:\/\/www.youtube.com\/channel\/UCbQZBqtcvV-oSQrr7RzINGg"]},{"@type":"Person","@id":"https:\/\/jornaldasoficinas.com\/pt\/#\/schema\/person\/a38eef5de2c41d9e7c9ac10141afddf3","name":"Reda\u00e7\u00e3o JO","image":{"@type":"ImageObject","inLanguage":"pt-PT","@id":"https:\/\/secure.gravatar.com\/avatar\/71f2fa71737ad68a84fea94bc708ddac8ea5b0c4788dc2ad202f3ccb2887742f?s=96&d=wp_user_avatar&r=g","url":"https:\/\/secure.gravatar.com\/avatar\/71f2fa71737ad68a84fea94bc708ddac8ea5b0c4788dc2ad202f3ccb2887742f?s=96&d=wp_user_avatar&r=g","contentUrl":"https:\/\/secure.gravatar.com\/avatar\/71f2fa71737ad68a84fea94bc708ddac8ea5b0c4788dc2ad202f3ccb2887742f?s=96&d=wp_user_avatar&r=g","caption":"Reda\u00e7\u00e3o JO"},"url":"https:\/\/jornaldasoficinas.com\/pt\/author\/joredacao\/"}]}},"_links":{"self":[{"href":"https:\/\/jornaldasoficinas.com\/pt\/wp-json\/wp\/v2\/posts\/73419","targetHints":{"allow":["GET"]}}],"collection":[{"href":"https:\/\/jornaldasoficinas.com\/pt\/wp-json\/wp\/v2\/posts"}],"about":[{"href":"https:\/\/jornaldasoficinas.com\/pt\/wp-json\/wp\/v2\/types\/post"}],"author":[{"embeddable":true,"href":"https:\/\/jornaldasoficinas.com\/pt\/wp-json\/wp\/v2\/users\/15"}],"replies":[{"embeddable":true,"href":"https:\/\/jornaldasoficinas.com\/pt\/wp-json\/wp\/v2\/comments?post=73419"}],"version-history":[{"count":0,"href":"https:\/\/jornaldasoficinas.com\/pt\/wp-json\/wp\/v2\/posts\/73419\/revisions"}],"wp:featuredmedia":[{"embeddable":true,"href":"https:\/\/jornaldasoficinas.com\/pt\/wp-json\/wp\/v2\/media\/73399"}],"wp:attachment":[{"href":"https:\/\/jornaldasoficinas.com\/pt\/wp-json\/wp\/v2\/media?parent=73419"}],"wp:term":[{"taxonomy":"category","embeddable":true,"href":"https:\/\/jornaldasoficinas.com\/pt\/wp-json\/wp\/v2\/categories?post=73419"},{"taxonomy":"post_tag","embeddable":true,"href":"https:\/\/jornaldasoficinas.com\/pt\/wp-json\/wp\/v2\/tags?post=73419"}],"curies":[{"name":"wp","href":"https:\/\/api.w.org\/{rel}","templated":true}]}}