{"id":73580,"date":"2023-10-23T12:30:18","date_gmt":"2023-10-23T11:30:18","guid":{"rendered":"https:\/\/jornaldasoficinas.com\/pt\/?p=73580"},"modified":"2023-10-23T14:14:24","modified_gmt":"2023-10-23T13:14:24","slug":"7a-oficina-franqueada-midas-abre-portas-em-viseu","status":"publish","type":"post","link":"https:\/\/jornaldasoficinas.com\/pt\/7a-oficina-franqueada-midas-abre-portas-em-viseu\/","title":{"rendered":"7\u00aa oficina franqueada Midas abre portas em Viseu"},"content":{"rendered":"<p><img loading=\"lazy\" decoding=\"async\" class=\"alignnone size-full wp-image-73424\" src=\"https:\/\/jornaldasoficinas.com\/pt\/wp-content\/uploads\/2023\/09\/9.-7a-oficina-franqueada-Midas-abre-portas-em-Viseu.png\" alt=\"09 - 9. 7a oficina franqueada Midas abre portas em Viseu\" width=\"1024\" height=\"581\" srcset=\"https:\/\/jornaldasoficinas.com\/pt\/wp-content\/uploads\/2023\/09\/9.-7a-oficina-franqueada-Midas-abre-portas-em-Viseu.png 1024w, https:\/\/jornaldasoficinas.com\/pt\/wp-content\/uploads\/2023\/09\/9.-7a-oficina-franqueada-Midas-abre-portas-em-Viseu-300x170.png 300w, https:\/\/jornaldasoficinas.com\/pt\/wp-content\/uploads\/2023\/09\/9.-7a-oficina-franqueada-Midas-abre-portas-em-Viseu-150x85.png 150w, https:\/\/jornaldasoficinas.com\/pt\/wp-content\/uploads\/2023\/09\/9.-7a-oficina-franqueada-Midas-abre-portas-em-Viseu-768x436.png 768w\" sizes=\"auto, (max-width: 1024px) 100vw, 1024px\" \/><strong>\u00a0<\/strong><\/p>\n<p><strong>No passado dia 12 de outubro, a <a href=\"https:\/\/www.midas.pt\/\" target=\"_blank\" rel=\"noopener\">Midas<\/a> voltou a expandir a sua presen\u00e7a em Portugal, <\/strong><strong>com a inaugura\u00e7\u00e3o formal da 22\u00aa oficina da rede, a MIDAS Viseu. Trata-se de um marco significativo para a l\u00edder em servi\u00e7os autom\u00f3veis multimarca, uma vez que esta \u00e9 a 2\u00aa oficina franqueada em parceria com o grupo <a href=\"https:\/\/www.maintarget.pt\/pt\/\" target=\"_blank\" rel=\"noopener\">MainTarget<\/a> e a 7\u00aa oficina franqueada no pa\u00eds<\/strong><\/p>\n<p>A cerim\u00f3nia de abertura da MIDAS Viseu contou com a presen\u00e7a de clientes, empres\u00e1rios e outras figuras proeminentes da cidade, nomeadamente a Vereadora do Urbanismo da C\u00e2mara de Viseu, Mara Almeida. O evento foi marcado por uma atmosfera festiva e pelo entusiasmo da comunidade, que agora passa a contar com uma ampla gama de servi\u00e7os e uma equipa altamente qualificada, pronta para fazer a diferen\u00e7a na manuten\u00e7\u00e3o autom\u00f3vel viseense.<\/p>\n<p>Carlos Silva, representante da MainStation, do grupo MainTarget, que gere a nova oficina em Viseu, expressou a sua satisfa\u00e7\u00e3o em fazer parte da fam\u00edlia MIDAS e enfatizou o compromisso da equipa em fornecer um servi\u00e7o r\u00e1pido e atencioso aos clientes da regi\u00e3o.<\/p>\n<p>Este compromisso \u00e9 refor\u00e7ado pela localiza\u00e7\u00e3o estrat\u00e9gica da oficina no Edif\u00edcio Real Business Centre, mesmo ao lado do Pal\u00e1cio do Gelo. Al\u00e9m da proximidade aos seus clientes, para marcar o per\u00edodo de abertura, e tal como aconteceu nas anteriores oficinas MIDAS, a MIDAS Viseu oferece aos condutores que a visitem uma promo\u00e7\u00e3o especial: um diagn\u00f3stico completo em 80 pontos e um desconto \u00fanico de 20% em revis\u00f5es.<\/p>\n<p>Os clientes s\u00e3o ainda convidados a visitar a oficina sem marca\u00e7\u00e3o pr\u00e9via, embora os agendamentos tamb\u00e9m podem ser feitos online, facilitando e agilizando todo o processo.<\/p>\n","protected":false},"excerpt":{"rendered":"<p>\u00a0 No passado dia 12 de&#8230;<\/p>\n","protected":false},"author":15,"featured_media":73424,"comment_status":"closed","ping_status":"closed","sticky":false,"template":"","format":"standard","meta":{"footnotes":""},"categories":[29],"tags":[6452,6451,6450,939,1780],"class_list":["post-73580","post","type-post","status-publish","format-standard","has-post-thumbnail","hentry","category-empresas","tag-22a-oficina-da-rede","tag-7a-oficina-franqueada","tag-maintarget","tag-midas","tag-viseu"],"yoast_head":"<!-- This site is optimized with the Yoast SEO plugin v27.4 - https:\/\/yoast.com\/product\/yoast-seo-wordpress\/ -->\n<title>7\u00aa oficina franqueada Midas abre portas em Viseu - Jornal das Oficinas<\/title>\n<meta name=\"description\" content=\"No passado dia 12 de outubro, a Midas voltou a expandir a sua presen\u00e7a em Portugal, com a inaugura\u00e7\u00e3o formal da 22\u00aa oficina da rede\" \/>\n<meta name=\"robots\" content=\"index, follow, max-snippet:-1, max-image-preview:large, max-video-preview:-1\" \/>\n<link rel=\"canonical\" href=\"https:\/\/jornaldasoficinas.com\/pt\/7a-oficina-franqueada-midas-abre-portas-em-viseu\/\" \/>\n<meta property=\"og:locale\" content=\"pt_PT\" \/>\n<meta property=\"og:type\" content=\"article\" \/>\n<meta property=\"og:title\" content=\"7\u00aa oficina franqueada Midas abre portas em Viseu - Jornal das Oficinas\" \/>\n<meta property=\"og:description\" content=\"No passado dia 12 de outubro, a Midas voltou a expandir a sua presen\u00e7a em Portugal, com a inaugura\u00e7\u00e3o formal da 22\u00aa oficina da rede\" \/>\n<meta property=\"og:url\" content=\"https:\/\/jornaldasoficinas.com\/pt\/7a-oficina-franqueada-midas-abre-portas-em-viseu\/\" \/>\n<meta property=\"og:site_name\" content=\"Jornal das Oficinas\" \/>\n<meta property=\"article:publisher\" content=\"https:\/\/www.facebook.com\/jornaloficinas\" \/>\n<meta property=\"article:published_time\" content=\"2023-10-23T11:30:18+00:00\" \/>\n<meta property=\"article:modified_time\" content=\"2023-10-23T13:14:24+00:00\" \/>\n<meta property=\"og:image\" content=\"https:\/\/jornaldasoficinas.com\/pt\/wp-content\/uploads\/2023\/09\/9.-7a-oficina-franqueada-Midas-abre-portas-em-Viseu.png\" \/>\n\t<meta property=\"og:image:width\" content=\"1024\" \/>\n\t<meta property=\"og:image:height\" content=\"581\" \/>\n\t<meta property=\"og:image:type\" content=\"image\/png\" \/>\n<meta name=\"author\" content=\"Reda\u00e7\u00e3o JO\" \/>\n<meta name=\"twitter:card\" content=\"summary_large_image\" \/>\n<meta name=\"twitter:creator\" content=\"@jornaloficinas\" \/>\n<meta name=\"twitter:site\" content=\"@jornaloficinas\" \/>\n<meta name=\"twitter:label1\" content=\"Escrito por\" \/>\n\t<meta name=\"twitter:data1\" content=\"Reda\u00e7\u00e3o JO\" \/>\n\t<meta name=\"twitter:label2\" content=\"Tempo estimado de leitura\" \/>\n\t<meta name=\"twitter:data2\" content=\"2 minutos\" \/>\n<script type=\"application\/ld+json\" class=\"yoast-schema-graph\">{\"@context\":\"https:\\\/\\\/schema.org\",\"@graph\":[{\"@type\":\"Article\",\"@id\":\"https:\\\/\\\/jornaldasoficinas.com\\\/pt\\\/7a-oficina-franqueada-midas-abre-portas-em-viseu\\\/#article\",\"isPartOf\":{\"@id\":\"https:\\\/\\\/jornaldasoficinas.com\\\/pt\\\/7a-oficina-franqueada-midas-abre-portas-em-viseu\\\/\"},\"author\":{\"name\":\"Reda\u00e7\u00e3o JO\",\"@id\":\"https:\\\/\\\/jornaldasoficinas.com\\\/pt\\\/#\\\/schema\\\/person\\\/a38eef5de2c41d9e7c9ac10141afddf3\"},\"headline\":\"7\u00aa oficina franqueada Midas abre portas em Viseu\",\"datePublished\":\"2023-10-23T11:30:18+00:00\",\"dateModified\":\"2023-10-23T13:14:24+00:00\",\"mainEntityOfPage\":{\"@id\":\"https:\\\/\\\/jornaldasoficinas.com\\\/pt\\\/7a-oficina-franqueada-midas-abre-portas-em-viseu\\\/\"},\"wordCount\":298,\"publisher\":{\"@id\":\"https:\\\/\\\/jornaldasoficinas.com\\\/pt\\\/#organization\"},\"image\":{\"@id\":\"https:\\\/\\\/jornaldasoficinas.com\\\/pt\\\/7a-oficina-franqueada-midas-abre-portas-em-viseu\\\/#primaryimage\"},\"thumbnailUrl\":\"https:\\\/\\\/jornaldasoficinas.com\\\/pt\\\/wp-content\\\/uploads\\\/2023\\\/09\\\/9.-7a-oficina-franqueada-Midas-abre-portas-em-Viseu.png\",\"keywords\":[\"22\u00aa oficina da rede\",\"7\u00aa oficina franqueada\",\"MainTarget\",\"Midas\",\"Viseu\"],\"articleSection\":[\"Empresas\"],\"inLanguage\":\"pt-PT\"},{\"@type\":\"WebPage\",\"@id\":\"https:\\\/\\\/jornaldasoficinas.com\\\/pt\\\/7a-oficina-franqueada-midas-abre-portas-em-viseu\\\/\",\"url\":\"https:\\\/\\\/jornaldasoficinas.com\\\/pt\\\/7a-oficina-franqueada-midas-abre-portas-em-viseu\\\/\",\"name\":\"7\u00aa oficina franqueada Midas abre portas em Viseu - Jornal das Oficinas\",\"isPartOf\":{\"@id\":\"https:\\\/\\\/jornaldasoficinas.com\\\/pt\\\/#website\"},\"primaryImageOfPage\":{\"@id\":\"https:\\\/\\\/jornaldasoficinas.com\\\/pt\\\/7a-oficina-franqueada-midas-abre-portas-em-viseu\\\/#primaryimage\"},\"image\":{\"@id\":\"https:\\\/\\\/jornaldasoficinas.com\\\/pt\\\/7a-oficina-franqueada-midas-abre-portas-em-viseu\\\/#primaryimage\"},\"thumbnailUrl\":\"https:\\\/\\\/jornaldasoficinas.com\\\/pt\\\/wp-content\\\/uploads\\\/2023\\\/09\\\/9.-7a-oficina-franqueada-Midas-abre-portas-em-Viseu.png\",\"datePublished\":\"2023-10-23T11:30:18+00:00\",\"dateModified\":\"2023-10-23T13:14:24+00:00\",\"description\":\"No passado dia 12 de outubro, a Midas voltou a expandir a sua presen\u00e7a em Portugal, com a inaugura\u00e7\u00e3o formal da 22\u00aa oficina da rede\",\"breadcrumb\":{\"@id\":\"https:\\\/\\\/jornaldasoficinas.com\\\/pt\\\/7a-oficina-franqueada-midas-abre-portas-em-viseu\\\/#breadcrumb\"},\"inLanguage\":\"pt-PT\",\"potentialAction\":[{\"@type\":\"ReadAction\",\"target\":[\"https:\\\/\\\/jornaldasoficinas.com\\\/pt\\\/7a-oficina-franqueada-midas-abre-portas-em-viseu\\\/\"]}]},{\"@type\":\"ImageObject\",\"inLanguage\":\"pt-PT\",\"@id\":\"https:\\\/\\\/jornaldasoficinas.com\\\/pt\\\/7a-oficina-franqueada-midas-abre-portas-em-viseu\\\/#primaryimage\",\"url\":\"https:\\\/\\\/jornaldasoficinas.com\\\/pt\\\/wp-content\\\/uploads\\\/2023\\\/09\\\/9.-7a-oficina-franqueada-Midas-abre-portas-em-Viseu.png\",\"contentUrl\":\"https:\\\/\\\/jornaldasoficinas.com\\\/pt\\\/wp-content\\\/uploads\\\/2023\\\/09\\\/9.-7a-oficina-franqueada-Midas-abre-portas-em-Viseu.png\",\"width\":1024,\"height\":581,\"caption\":\"09 - 9. 7a oficina franqueada Midas abre portas em Viseu\"},{\"@type\":\"BreadcrumbList\",\"@id\":\"https:\\\/\\\/jornaldasoficinas.com\\\/pt\\\/7a-oficina-franqueada-midas-abre-portas-em-viseu\\\/#breadcrumb\",\"itemListElement\":[{\"@type\":\"ListItem\",\"position\":1,\"name\":\"In\u00edcio\",\"item\":\"https:\\\/\\\/jornaldasoficinas.com\\\/pt\\\/\"},{\"@type\":\"ListItem\",\"position\":2,\"name\":\"7\u00aa oficina franqueada Midas abre portas em Viseu\"}]},{\"@type\":\"WebSite\",\"@id\":\"https:\\\/\\\/jornaldasoficinas.com\\\/pt\\\/#website\",\"url\":\"https:\\\/\\\/jornaldasoficinas.com\\\/pt\\\/\",\"name\":\"Jornal das Oficinas\",\"description\":\"Jornal independente do Aftermarket Autom\u00f3vel em Portugal\",\"publisher\":{\"@id\":\"https:\\\/\\\/jornaldasoficinas.com\\\/pt\\\/#organization\"},\"potentialAction\":[{\"@type\":\"SearchAction\",\"target\":{\"@type\":\"EntryPoint\",\"urlTemplate\":\"https:\\\/\\\/jornaldasoficinas.com\\\/pt\\\/?s={search_term_string}\"},\"query-input\":{\"@type\":\"PropertyValueSpecification\",\"valueRequired\":true,\"valueName\":\"search_term_string\"}}],\"inLanguage\":\"pt-PT\"},{\"@type\":\"Organization\",\"@id\":\"https:\\\/\\\/jornaldasoficinas.com\\\/pt\\\/#organization\",\"name\":\"Jornal das Oficinas\",\"url\":\"https:\\\/\\\/jornaldasoficinas.com\\\/pt\\\/\",\"logo\":{\"@type\":\"ImageObject\",\"inLanguage\":\"pt-PT\",\"@id\":\"https:\\\/\\\/jornaldasoficinas.com\\\/pt\\\/#\\\/schema\\\/logo\\\/image\\\/\",\"url\":\"https:\\\/\\\/jornaldasoficinas.com\\\/pt\\\/wp-content\\\/uploads\\\/logoJO-SEO.png\",\"contentUrl\":\"https:\\\/\\\/jornaldasoficinas.com\\\/pt\\\/wp-content\\\/uploads\\\/logoJO-SEO.png\",\"width\":285,\"height\":450,\"caption\":\"Jornal das Oficinas\"},\"image\":{\"@id\":\"https:\\\/\\\/jornaldasoficinas.com\\\/pt\\\/#\\\/schema\\\/logo\\\/image\\\/\"},\"sameAs\":[\"https:\\\/\\\/www.facebook.com\\\/jornaloficinas\",\"https:\\\/\\\/x.com\\\/jornaloficinas\",\"https:\\\/\\\/www.instagram.com\\\/jornal_oficinas\\\/\",\"https:\\\/\\\/www.linkedin.com\\\/company\\\/jornal-das-oficinas\\\/\",\"https:\\\/\\\/www.youtube.com\\\/channel\\\/UCbQZBqtcvV-oSQrr7RzINGg\"]},{\"@type\":\"Person\",\"@id\":\"https:\\\/\\\/jornaldasoficinas.com\\\/pt\\\/#\\\/schema\\\/person\\\/a38eef5de2c41d9e7c9ac10141afddf3\",\"name\":\"Reda\u00e7\u00e3o JO\",\"image\":{\"@type\":\"ImageObject\",\"inLanguage\":\"pt-PT\",\"@id\":\"https:\\\/\\\/secure.gravatar.com\\\/avatar\\\/71f2fa71737ad68a84fea94bc708ddac8ea5b0c4788dc2ad202f3ccb2887742f?s=96&d=wp_user_avatar&r=g\",\"url\":\"https:\\\/\\\/secure.gravatar.com\\\/avatar\\\/71f2fa71737ad68a84fea94bc708ddac8ea5b0c4788dc2ad202f3ccb2887742f?s=96&d=wp_user_avatar&r=g\",\"contentUrl\":\"https:\\\/\\\/secure.gravatar.com\\\/avatar\\\/71f2fa71737ad68a84fea94bc708ddac8ea5b0c4788dc2ad202f3ccb2887742f?s=96&d=wp_user_avatar&r=g\",\"caption\":\"Reda\u00e7\u00e3o JO\"},\"url\":\"https:\\\/\\\/jornaldasoficinas.com\\\/pt\\\/author\\\/joredacao\\\/\"}]}<\/script>\n<!-- \/ Yoast SEO plugin. -->","yoast_head_json":{"title":"7\u00aa oficina franqueada Midas abre portas em Viseu - Jornal das Oficinas","description":"No passado dia 12 de outubro, a Midas voltou a expandir a sua presen\u00e7a em Portugal, com a inaugura\u00e7\u00e3o formal da 22\u00aa oficina da rede","robots":{"index":"index","follow":"follow","max-snippet":"max-snippet:-1","max-image-preview":"max-image-preview:large","max-video-preview":"max-video-preview:-1"},"canonical":"https:\/\/jornaldasoficinas.com\/pt\/7a-oficina-franqueada-midas-abre-portas-em-viseu\/","og_locale":"pt_PT","og_type":"article","og_title":"7\u00aa oficina franqueada Midas abre portas em Viseu - Jornal das Oficinas","og_description":"No passado dia 12 de outubro, a Midas voltou a expandir a sua presen\u00e7a em Portugal, com a inaugura\u00e7\u00e3o formal da 22\u00aa oficina da rede","og_url":"https:\/\/jornaldasoficinas.com\/pt\/7a-oficina-franqueada-midas-abre-portas-em-viseu\/","og_site_name":"Jornal das Oficinas","article_publisher":"https:\/\/www.facebook.com\/jornaloficinas","article_published_time":"2023-10-23T11:30:18+00:00","article_modified_time":"2023-10-23T13:14:24+00:00","og_image":[{"width":1024,"height":581,"url":"https:\/\/jornaldasoficinas.com\/pt\/wp-content\/uploads\/2023\/09\/9.-7a-oficina-franqueada-Midas-abre-portas-em-Viseu.png","type":"image\/png"}],"author":"Reda\u00e7\u00e3o JO","twitter_card":"summary_large_image","twitter_creator":"@jornaloficinas","twitter_site":"@jornaloficinas","twitter_misc":{"Escrito por":"Reda\u00e7\u00e3o JO","Tempo estimado de leitura":"2 minutos"},"schema":{"@context":"https:\/\/schema.org","@graph":[{"@type":"Article","@id":"https:\/\/jornaldasoficinas.com\/pt\/7a-oficina-franqueada-midas-abre-portas-em-viseu\/#article","isPartOf":{"@id":"https:\/\/jornaldasoficinas.com\/pt\/7a-oficina-franqueada-midas-abre-portas-em-viseu\/"},"author":{"name":"Reda\u00e7\u00e3o JO","@id":"https:\/\/jornaldasoficinas.com\/pt\/#\/schema\/person\/a38eef5de2c41d9e7c9ac10141afddf3"},"headline":"7\u00aa oficina franqueada Midas abre portas em Viseu","datePublished":"2023-10-23T11:30:18+00:00","dateModified":"2023-10-23T13:14:24+00:00","mainEntityOfPage":{"@id":"https:\/\/jornaldasoficinas.com\/pt\/7a-oficina-franqueada-midas-abre-portas-em-viseu\/"},"wordCount":298,"publisher":{"@id":"https:\/\/jornaldasoficinas.com\/pt\/#organization"},"image":{"@id":"https:\/\/jornaldasoficinas.com\/pt\/7a-oficina-franqueada-midas-abre-portas-em-viseu\/#primaryimage"},"thumbnailUrl":"https:\/\/jornaldasoficinas.com\/pt\/wp-content\/uploads\/2023\/09\/9.-7a-oficina-franqueada-Midas-abre-portas-em-Viseu.png","keywords":["22\u00aa oficina da rede","7\u00aa oficina franqueada","MainTarget","Midas","Viseu"],"articleSection":["Empresas"],"inLanguage":"pt-PT"},{"@type":"WebPage","@id":"https:\/\/jornaldasoficinas.com\/pt\/7a-oficina-franqueada-midas-abre-portas-em-viseu\/","url":"https:\/\/jornaldasoficinas.com\/pt\/7a-oficina-franqueada-midas-abre-portas-em-viseu\/","name":"7\u00aa oficina franqueada Midas abre portas em Viseu - Jornal das Oficinas","isPartOf":{"@id":"https:\/\/jornaldasoficinas.com\/pt\/#website"},"primaryImageOfPage":{"@id":"https:\/\/jornaldasoficinas.com\/pt\/7a-oficina-franqueada-midas-abre-portas-em-viseu\/#primaryimage"},"image":{"@id":"https:\/\/jornaldasoficinas.com\/pt\/7a-oficina-franqueada-midas-abre-portas-em-viseu\/#primaryimage"},"thumbnailUrl":"https:\/\/jornaldasoficinas.com\/pt\/wp-content\/uploads\/2023\/09\/9.-7a-oficina-franqueada-Midas-abre-portas-em-Viseu.png","datePublished":"2023-10-23T11:30:18+00:00","dateModified":"2023-10-23T13:14:24+00:00","description":"No passado dia 12 de outubro, a Midas voltou a expandir a sua presen\u00e7a em Portugal, com a inaugura\u00e7\u00e3o formal da 22\u00aa oficina da rede","breadcrumb":{"@id":"https:\/\/jornaldasoficinas.com\/pt\/7a-oficina-franqueada-midas-abre-portas-em-viseu\/#breadcrumb"},"inLanguage":"pt-PT","potentialAction":[{"@type":"ReadAction","target":["https:\/\/jornaldasoficinas.com\/pt\/7a-oficina-franqueada-midas-abre-portas-em-viseu\/"]}]},{"@type":"ImageObject","inLanguage":"pt-PT","@id":"https:\/\/jornaldasoficinas.com\/pt\/7a-oficina-franqueada-midas-abre-portas-em-viseu\/#primaryimage","url":"https:\/\/jornaldasoficinas.com\/pt\/wp-content\/uploads\/2023\/09\/9.-7a-oficina-franqueada-Midas-abre-portas-em-Viseu.png","contentUrl":"https:\/\/jornaldasoficinas.com\/pt\/wp-content\/uploads\/2023\/09\/9.-7a-oficina-franqueada-Midas-abre-portas-em-Viseu.png","width":1024,"height":581,"caption":"09 - 9. 7a oficina franqueada Midas abre portas em Viseu"},{"@type":"BreadcrumbList","@id":"https:\/\/jornaldasoficinas.com\/pt\/7a-oficina-franqueada-midas-abre-portas-em-viseu\/#breadcrumb","itemListElement":[{"@type":"ListItem","position":1,"name":"In\u00edcio","item":"https:\/\/jornaldasoficinas.com\/pt\/"},{"@type":"ListItem","position":2,"name":"7\u00aa oficina franqueada Midas abre portas em Viseu"}]},{"@type":"WebSite","@id":"https:\/\/jornaldasoficinas.com\/pt\/#website","url":"https:\/\/jornaldasoficinas.com\/pt\/","name":"Jornal das Oficinas","description":"Jornal independente do Aftermarket Autom\u00f3vel em Portugal","publisher":{"@id":"https:\/\/jornaldasoficinas.com\/pt\/#organization"},"potentialAction":[{"@type":"SearchAction","target":{"@type":"EntryPoint","urlTemplate":"https:\/\/jornaldasoficinas.com\/pt\/?s={search_term_string}"},"query-input":{"@type":"PropertyValueSpecification","valueRequired":true,"valueName":"search_term_string"}}],"inLanguage":"pt-PT"},{"@type":"Organization","@id":"https:\/\/jornaldasoficinas.com\/pt\/#organization","name":"Jornal das Oficinas","url":"https:\/\/jornaldasoficinas.com\/pt\/","logo":{"@type":"ImageObject","inLanguage":"pt-PT","@id":"https:\/\/jornaldasoficinas.com\/pt\/#\/schema\/logo\/image\/","url":"https:\/\/jornaldasoficinas.com\/pt\/wp-content\/uploads\/logoJO-SEO.png","contentUrl":"https:\/\/jornaldasoficinas.com\/pt\/wp-content\/uploads\/logoJO-SEO.png","width":285,"height":450,"caption":"Jornal das Oficinas"},"image":{"@id":"https:\/\/jornaldasoficinas.com\/pt\/#\/schema\/logo\/image\/"},"sameAs":["https:\/\/www.facebook.com\/jornaloficinas","https:\/\/x.com\/jornaloficinas","https:\/\/www.instagram.com\/jornal_oficinas\/","https:\/\/www.linkedin.com\/company\/jornal-das-oficinas\/","https:\/\/www.youtube.com\/channel\/UCbQZBqtcvV-oSQrr7RzINGg"]},{"@type":"Person","@id":"https:\/\/jornaldasoficinas.com\/pt\/#\/schema\/person\/a38eef5de2c41d9e7c9ac10141afddf3","name":"Reda\u00e7\u00e3o JO","image":{"@type":"ImageObject","inLanguage":"pt-PT","@id":"https:\/\/secure.gravatar.com\/avatar\/71f2fa71737ad68a84fea94bc708ddac8ea5b0c4788dc2ad202f3ccb2887742f?s=96&d=wp_user_avatar&r=g","url":"https:\/\/secure.gravatar.com\/avatar\/71f2fa71737ad68a84fea94bc708ddac8ea5b0c4788dc2ad202f3ccb2887742f?s=96&d=wp_user_avatar&r=g","contentUrl":"https:\/\/secure.gravatar.com\/avatar\/71f2fa71737ad68a84fea94bc708ddac8ea5b0c4788dc2ad202f3ccb2887742f?s=96&d=wp_user_avatar&r=g","caption":"Reda\u00e7\u00e3o JO"},"url":"https:\/\/jornaldasoficinas.com\/pt\/author\/joredacao\/"}]}},"_links":{"self":[{"href":"https:\/\/jornaldasoficinas.com\/pt\/wp-json\/wp\/v2\/posts\/73580","targetHints":{"allow":["GET"]}}],"collection":[{"href":"https:\/\/jornaldasoficinas.com\/pt\/wp-json\/wp\/v2\/posts"}],"about":[{"href":"https:\/\/jornaldasoficinas.com\/pt\/wp-json\/wp\/v2\/types\/post"}],"author":[{"embeddable":true,"href":"https:\/\/jornaldasoficinas.com\/pt\/wp-json\/wp\/v2\/users\/15"}],"replies":[{"embeddable":true,"href":"https:\/\/jornaldasoficinas.com\/pt\/wp-json\/wp\/v2\/comments?post=73580"}],"version-history":[{"count":0,"href":"https:\/\/jornaldasoficinas.com\/pt\/wp-json\/wp\/v2\/posts\/73580\/revisions"}],"wp:featuredmedia":[{"embeddable":true,"href":"https:\/\/jornaldasoficinas.com\/pt\/wp-json\/wp\/v2\/media\/73424"}],"wp:attachment":[{"href":"https:\/\/jornaldasoficinas.com\/pt\/wp-json\/wp\/v2\/media?parent=73580"}],"wp:term":[{"taxonomy":"category","embeddable":true,"href":"https:\/\/jornaldasoficinas.com\/pt\/wp-json\/wp\/v2\/categories?post=73580"},{"taxonomy":"post_tag","embeddable":true,"href":"https:\/\/jornaldasoficinas.com\/pt\/wp-json\/wp\/v2\/tags?post=73580"}],"curies":[{"name":"wp","href":"https:\/\/api.w.org\/{rel}","templated":true}]}}