{"id":73659,"date":"2023-10-24T12:30:28","date_gmt":"2023-10-24T11:30:28","guid":{"rendered":"https:\/\/jornaldasoficinas.com\/pt\/?p=73659"},"modified":"2023-10-24T08:59:24","modified_gmt":"2023-10-24T07:59:24","slug":"34a-convencao-anecra-debate-caminho-da-sustentabilidade-automovel","status":"publish","type":"post","link":"https:\/\/jornaldasoficinas.com\/pt\/34a-convencao-anecra-debate-caminho-da-sustentabilidade-automovel\/","title":{"rendered":"34\u00aa Conven\u00e7\u00e3o ANECRA debate Caminho da Sustentabilidade Autom\u00f3vel"},"content":{"rendered":"<p><img loading=\"lazy\" decoding=\"async\" class=\"alignnone size-full wp-image-73596\" src=\"https:\/\/jornaldasoficinas.com\/pt\/wp-content\/uploads\/2023\/09\/34a-Convencao-ANECRA-debate-Caminho-da-Sustentabilidade-Automovel.jpg\" alt=\"09 - 34a Convencao ANECRA debate Caminho da Sustentabilidade Automovel\" width=\"1024\" height=\"581\" srcset=\"https:\/\/jornaldasoficinas.com\/pt\/wp-content\/uploads\/2023\/09\/34a-Convencao-ANECRA-debate-Caminho-da-Sustentabilidade-Automovel.jpg 1024w, https:\/\/jornaldasoficinas.com\/pt\/wp-content\/uploads\/2023\/09\/34a-Convencao-ANECRA-debate-Caminho-da-Sustentabilidade-Automovel-300x170.jpg 300w, https:\/\/jornaldasoficinas.com\/pt\/wp-content\/uploads\/2023\/09\/34a-Convencao-ANECRA-debate-Caminho-da-Sustentabilidade-Automovel-150x85.jpg 150w, https:\/\/jornaldasoficinas.com\/pt\/wp-content\/uploads\/2023\/09\/34a-Convencao-ANECRA-debate-Caminho-da-Sustentabilidade-Automovel-768x436.jpg 768w\" sizes=\"auto, (max-width: 1024px) 100vw, 1024px\" \/><\/p>\n<p><strong>A\u00a0<a href=\"https:\/\/www.anecra.pt\/\" target=\"_blank\" rel=\"noopener\">ANECRA<\/a>, realiza no dia\u00a027 de outubro, no\u00a0Centro de Congressos de Lisboa, a sua\u00a034\u00aa Conven\u00e7\u00e3o Anual, sob o mote\u00a0\u201cSector Autom\u00f3vel \u2013 No Caminho da Sustentabilidade\u201d, na qual participam os principais\u00a0<em>players<\/em>\u00a0da \u00e1rea autom\u00f3vel. Este ano, o evento \u00e9 composto por cinco pain\u00e9is onde ser\u00e3o abordados novos paradigmas como a\u00a0Sustentabilidade na perspetiva Ambiental, Social e Econ\u00f3mica, a Mobilidade, a Eletrifica\u00e7\u00e3o, a Intelig\u00eancia Artificial e a Realidade Aumentada<\/strong><\/p>\n<p>A Sess\u00e3o de Abertura do evento estar\u00e1 a cargo de Alexandre Ferreira, Presidente da Dire\u00e7\u00e3o da ANECRA, seguida de uma abordagem ao tema \u201cSetor Autom\u00f3vel \u2013 no Caminho da Sustentabilidade\u201d, onde ficar\u00e1 exposta a perspetiva de Roberto Gaspar, Secret\u00e1rio-Geral da ANECRA e de Alfredo Amaral, CEO &amp; Founder da OKIS 360.<\/p>\n<p>Seguem-se dois pain\u00e9is destinados ao Ap\u00f3s Venda, o primeiro tem como mote \u201cOs Desafios Imediatos da Atividade do Ap\u00f3s Venda\u201d e conta com a participa\u00e7\u00e3o de Nuno Rold\u00e3o, Vice-Presidente da Dire\u00e7\u00e3o da ANECRA, de Ra\u00fal Gonz\u00e1lez Martin, CEO da <a href=\"https:\/\/www.somosmovilidad.com\/\" target=\"_blank\" rel=\"noopener\">Somos Movilidad<\/a>, de Duarte Reis, Administrador da <a href=\"https:\/\/autocrescente.com\/\" target=\"_blank\" rel=\"noopener\">Auto Crescente<\/a>, de Carla Marques, Administradora da 2M1J, Solu\u00e7\u00f5es Auto, representante da <a href=\"https:\/\/aserauto.com\/pt-pt\/\" target=\"_blank\" rel=\"noopener\">Rede Aserauto<\/a> e de Carlos Guerreiro, Administrador da <a href=\"https:\/\/www.autojoteca.pt\/\" target=\"_blank\" rel=\"noopener\">Auto Joteca<\/a>, Neste painel, Nuno Garoupa, Country Manager da <a href=\"https:\/\/www.gipa.eu\/pt-pt\/\" target=\"_blank\" rel=\"noopener\">Gipa<\/a> \u00e9 orador e Roberto Gaspar, Secret\u00e1rio-Geral da ANECRA \u00e9 moderador. O segundo painel dedicado ao Ap\u00f3s Venda abordar\u00e1 o tema \u201cDa Mobilidade \u00e0 Eletrifica\u00e7\u00e3o Passando pela Intelig\u00eancia Artificial \u2013 Quais os Grandes Desafios para os Operadores?\u201d e ter\u00e1 como participantes Tiago Ribeiro, Portugal Business Development da <a href=\"http:\/\/www.solera.pt\/\" target=\"_blank\" rel=\"noopener\">Audatex<\/a>, Emanuel Proen\u00e7a, Presidente da Dire\u00e7\u00e3o da <a href=\"https:\/\/www.aba-bioenergia.pt\/\" target=\"_blank\" rel=\"noopener\">ABA,<\/a> Pedro Barros, CEO da <a href=\"https:\/\/www.tips4y.pt\/\" target=\"_blank\" rel=\"noopener\">TIPS4Y<\/a> e Carlos Jesus, CEO da <a href=\"https:\/\/evolutionsbc.pt\/\" target=\"_blank\" rel=\"noopener\">EVolution<\/a>. Este painel ter\u00e1 como orador e participante Ricardo Oliveira, L\u00edder do <a href=\"https:\/\/www.world-shopper.com\/viver_eletrico\/o-que-e-viver-eletrico\" target=\"_blank\" rel=\"noopener\">Projeto Viver El\u00e9trico<\/a> e como moderadora Rita Rodrigues, Jornalista <a href=\"https:\/\/cnnportugal.iol.pt\/\" target=\"_blank\" rel=\"noopener\">CNN Portugal<\/a>.<\/p>\n<p>O \u00faltimo painel do per\u00edodo da manh\u00e3 \u00e9 dedicado ao tema do \u201cFinanciamento Autom\u00f3vel e a Sustentabilidade das Empresas\u201d e contar\u00e1 com as presen\u00e7as de Pedro Nuno Ferreira, Head of <a href=\"https:\/\/www.automotivebusiness.com.br\/pt\/\" target=\"_blank\" rel=\"noopener\">Automotive Business<\/a>, do <a href=\"https:\/\/www.cetelem.pt\/\" target=\"_blank\" rel=\"noopener\">Cetelem BNP Paribas<\/a>, de Lic\u00ednio Santos, Board Member e CCO da <a href=\"https:\/\/www.cofidis.pt\/\" target=\"_blank\" rel=\"noopener\">Cofidis<\/a> Portugal, de Nuno Zigue, CEO do <a href=\"https:\/\/www.santanderconsumer.pt\/\" target=\"_blank\" rel=\"noopener\">Santander Consumer<\/a> e de Hugo Ramalho, Head of Long Channel, da <a href=\"https:\/\/www.credibom.pt\/\" target=\"_blank\" rel=\"noopener\">Credibom<\/a>. Este painel tem como oradora e participante Leonor Santos, Presidente da Dire\u00e7\u00e3o da <a href=\"https:\/\/www.asfac.pt\/\" target=\"_blank\" rel=\"noopener\">ASFAC<\/a> e como moderadora a jornalista Rita Rodrigues. O per\u00edodo da manh\u00e3 termina com uma discuss\u00e3o sobre o tema do \u201cFuturo das Responsabilidades Ambientais, Sociais e de Governance (ESG) das Empresas (os desafios e as oportunidades de neg\u00f3cio).<\/p>\n<p>J\u00e1 durante a tarde ser\u00e1 poss\u00edvel assistir ao painel \u201cO Com\u00e9rcio de Ve\u00edculos Usados \u2013 a Sustentabilidade de uma \u00c1rea em Profunda Transforma\u00e7\u00e3o\u201d que ter\u00e1 como participantes Rui Melo, Gerente da <a href=\"https:\/\/www.tribalcar.pt\/\" target=\"_blank\" rel=\"noopener\">Tribalcar<\/a>, C\u00e1tia Serrano, CEO da <a href=\"https:\/\/www.equacaomotor.com\/\" target=\"_blank\" rel=\"noopener\">Equa\u00e7\u00e3o Motor<\/a>, Sandra Meira, Gerente da <a href=\"https:\/\/www.meirauto.pt\/\" target=\"_blank\" rel=\"noopener\">Meirauto<\/a>, Rui Ferreira, CEO da <a href=\"https:\/\/www.carplus.pt\/\" target=\"_blank\" rel=\"noopener\">Carplus<\/a>, Am\u00e9rico Barroso, Administrador da <a href=\"https:\/\/www.sobarroso.pt\/\" target=\"_blank\" rel=\"noopener\">S\u00f3 Barroso<\/a> e Tiago Jorge, CEO da <a href=\"https:\/\/www.calhambeq.pt\/\" target=\"_blank\" rel=\"noopener\">Calhambeq Car<\/a>. Este painel ter\u00e1 como orador e participante Nuno Castel-Branco, CEO do <a href=\"https:\/\/www.standvirtual.com\/\" target=\"_blank\" rel=\"noopener\">Standvirtual<\/a> e como moderadora a jornalista Rita Rodrigues.<\/p>\n<p>Segue-se o painel, \u201cOs Grandes Desafios da Sustentabilidade da Ind\u00fastria Autom\u00f3vel\u201d que ter\u00e1 como participantes Manuel Coutinho, Vice-Presidente da Dire\u00e7\u00e3o da ANECRA, Ant\u00f3nio Oliveira Martins, Managing Director, da <a href=\"https:\/\/www.leaseplan.com\/pt-pt\/\" target=\"_blank\" rel=\"noopener\">LEASEPLAN<\/a> Portugal, Rodrigo Men\u00e9res, Director Geral da <a href=\"https:\/\/www.santogal.pt\/\" target=\"_blank\" rel=\"noopener\">Santogal V<\/a> e Alfredo Barros Leite, Administrador da <a href=\"https:\/\/blmotor.autosolucoes.pt\/\" target=\"_blank\" rel=\"noopener\">BL Motor<\/a>. Este painel ter\u00e1 como oradora e participante Mar\u00edlia Machado dos Santos, General Manager da Volkswagen <a href=\"https:\/\/www.siva.pt\/#\/\" target=\"_blank\" rel=\"noopener\">SIVA<\/a>, SA e como moderadora Rita Rodrigues. Este Painel ter\u00e1 ainda a participa\u00e7\u00e3o de Jo\u00e3o Reis da Plataforma Promo\u00e7\u00e3o dos Combust\u00edveis de Baixo Carbono, Sandra Sousa, Administradora da <a href=\"https:\/\/xanauto.pt\/\" target=\"_blank\" rel=\"noopener\">Xanauto<\/a>, Bernard Lycke e Diretor Geral do <a href=\"https:\/\/www.cecra.eu\/\" target=\"_blank\" rel=\"noopener\">CECRA<\/a>.<\/p>\n<p>A Sess\u00e3o Solene de Encerramento do evento ser\u00e1 sobre o tema \u201cOs Enormes Desafios do Caminho a Percorrer para um Mundo Mais Sustent\u00e1vel: Ambiental, Social e Econ\u00f3mico\u201d e ter\u00e1 como orador Luis Mira Amaral, Advisory Consultant da <a href=\"https:\/\/fnway.com\/\" target=\"_blank\" rel=\"noopener\">FNWAY CONSULTING<\/a> seguindo-se o habitual Discurso de Encerramento realizado por Alexandre Ferreira, Presidente da Dire\u00e7\u00e3o da ANECRA.<\/p>\n","protected":false},"excerpt":{"rendered":"<p>A\u00a0ANECRA, realiza no dia\u00a027 de outubro,&#8230;<\/p>\n","protected":false},"author":15,"featured_media":73596,"comment_status":"closed","ping_status":"closed","sticky":false,"template":"","format":"standard","meta":{"footnotes":""},"categories":[29],"tags":[6464,6462,1449,137,5540,6465,6471,2550,2177,6349,5711,6466,4785,6461,1100,5541,2510,384,1087,519,5543,335,6467,1586,6168,6470,2496,6469,6463,2198,1767,2654,6468,6472],"class_list":["post-73659","post","type-post","status-publish","format-standard","has-post-thumbnail","hentry","category-empresas","tag-2m1j","tag-34a-convencao-anual","tag-aba","tag-anecra","tag-asfac","tag-auto-joteca","tag-bl-motor","tag-carplus","tag-cecra","tag-centro-de-congressos-de-lisboa","tag-cetelem-bnp-paribas","tag-cnn-portugal","tag-credibom","tag-dia-27-de-outubro","tag-eletrificacao","tag-equacao-motor","tag-evolution","tag-gipa","tag-inteligencia-artificial","tag-leaseplan","tag-meirauto","tag-mobilidade","tag-projeto-viver-eletrico","tag-realidade-aumentada","tag-rede-aserauto","tag-santogal-v","tag-siva","tag-so-barroso","tag-somos-movilidad","tag-standvirtual","tag-sustentabilidade","tag-tips4y","tag-tribalcar","tag-xanauto"],"yoast_head":"<!-- This site is optimized with the Yoast SEO plugin v27.4 - https:\/\/yoast.com\/product\/yoast-seo-wordpress\/ -->\n<title>34\u00aa Conven\u00e7\u00e3o ANECRA debate Caminho da Sustentabilidade Autom\u00f3vel - Jornal das Oficinas<\/title>\n<meta name=\"description\" content=\"A\u00a0ANECRA, realiza no dia\u00a027 de outubro,\u00a0Centro de Congressos de Lisboa, a sua\u00a034\u00aa Conven\u00e7\u00e3o Anual, na qual participam os principais\u00a0players\" \/>\n<meta name=\"robots\" content=\"index, follow, max-snippet:-1, max-image-preview:large, max-video-preview:-1\" \/>\n<link rel=\"canonical\" href=\"https:\/\/jornaldasoficinas.com\/pt\/34a-convencao-anecra-debate-caminho-da-sustentabilidade-automovel\/\" \/>\n<meta property=\"og:locale\" content=\"pt_PT\" \/>\n<meta property=\"og:type\" content=\"article\" \/>\n<meta property=\"og:title\" content=\"34\u00aa Conven\u00e7\u00e3o ANECRA debate Caminho da Sustentabilidade Autom\u00f3vel - Jornal das Oficinas\" \/>\n<meta property=\"og:description\" content=\"A\u00a0ANECRA, realiza no dia\u00a027 de outubro,\u00a0Centro de Congressos de Lisboa, a sua\u00a034\u00aa Conven\u00e7\u00e3o Anual, na qual participam os principais\u00a0players\" \/>\n<meta property=\"og:url\" content=\"https:\/\/jornaldasoficinas.com\/pt\/34a-convencao-anecra-debate-caminho-da-sustentabilidade-automovel\/\" \/>\n<meta property=\"og:site_name\" content=\"Jornal das Oficinas\" \/>\n<meta property=\"article:publisher\" content=\"https:\/\/www.facebook.com\/jornaloficinas\" \/>\n<meta property=\"article:published_time\" content=\"2023-10-24T11:30:28+00:00\" \/>\n<meta property=\"og:image\" content=\"https:\/\/jornaldasoficinas.com\/pt\/wp-content\/uploads\/2023\/09\/34a-Convencao-ANECRA-debate-Caminho-da-Sustentabilidade-Automovel.jpg\" \/>\n\t<meta property=\"og:image:width\" content=\"1024\" \/>\n\t<meta property=\"og:image:height\" content=\"581\" \/>\n\t<meta property=\"og:image:type\" content=\"image\/jpeg\" \/>\n<meta name=\"author\" content=\"Reda\u00e7\u00e3o JO\" \/>\n<meta name=\"twitter:card\" content=\"summary_large_image\" \/>\n<meta name=\"twitter:creator\" content=\"@jornaloficinas\" \/>\n<meta name=\"twitter:site\" content=\"@jornaloficinas\" \/>\n<meta name=\"twitter:label1\" content=\"Escrito por\" \/>\n\t<meta name=\"twitter:data1\" content=\"Reda\u00e7\u00e3o JO\" \/>\n\t<meta name=\"twitter:label2\" content=\"Tempo estimado de leitura\" \/>\n\t<meta name=\"twitter:data2\" content=\"4 minutos\" \/>\n<script type=\"application\/ld+json\" class=\"yoast-schema-graph\">{\"@context\":\"https:\\\/\\\/schema.org\",\"@graph\":[{\"@type\":\"Article\",\"@id\":\"https:\\\/\\\/jornaldasoficinas.com\\\/pt\\\/34a-convencao-anecra-debate-caminho-da-sustentabilidade-automovel\\\/#article\",\"isPartOf\":{\"@id\":\"https:\\\/\\\/jornaldasoficinas.com\\\/pt\\\/34a-convencao-anecra-debate-caminho-da-sustentabilidade-automovel\\\/\"},\"author\":{\"name\":\"Reda\u00e7\u00e3o JO\",\"@id\":\"https:\\\/\\\/jornaldasoficinas.com\\\/pt\\\/#\\\/schema\\\/person\\\/a38eef5de2c41d9e7c9ac10141afddf3\"},\"headline\":\"34\u00aa Conven\u00e7\u00e3o ANECRA debate Caminho da Sustentabilidade Autom\u00f3vel\",\"datePublished\":\"2023-10-24T11:30:28+00:00\",\"mainEntityOfPage\":{\"@id\":\"https:\\\/\\\/jornaldasoficinas.com\\\/pt\\\/34a-convencao-anecra-debate-caminho-da-sustentabilidade-automovel\\\/\"},\"wordCount\":687,\"publisher\":{\"@id\":\"https:\\\/\\\/jornaldasoficinas.com\\\/pt\\\/#organization\"},\"image\":{\"@id\":\"https:\\\/\\\/jornaldasoficinas.com\\\/pt\\\/34a-convencao-anecra-debate-caminho-da-sustentabilidade-automovel\\\/#primaryimage\"},\"thumbnailUrl\":\"https:\\\/\\\/jornaldasoficinas.com\\\/pt\\\/wp-content\\\/uploads\\\/2023\\\/09\\\/34a-Convencao-ANECRA-debate-Caminho-da-Sustentabilidade-Automovel.jpg\",\"keywords\":[\"2M1J\",\"34\u00aa Conven\u00e7\u00e3o Anual\",\"ABA\",\"ANECRA\",\"ASFAC\",\"Auto Joteca\",\"BL Motor\",\"Carplus\",\"CECRA\",\"Centro de Congressos de Lisboa\",\"Cetelem BNP Paribas\",\"CNN Portugal\",\"Credibom\",\"dia\u00a027 de outubro\",\"Eletrifica\u00e7\u00e3o\",\"Equa\u00e7\u00e3o Motor\",\"EVolution\",\"GiPA\",\"Intelig\u00eancia artificial\",\"LeasePlan\",\"Meirauto\",\"Mobilidade\",\"Projeto Viver El\u00e9trico\",\"Realidade aumentada\",\"Rede aserAuto\",\"Santogal V\",\"SIVA\",\"S\u00f3 Barroso\",\"Somos Movilidad\",\"Standvirtual\",\"Sustentabilidade\",\"Tips4y\",\"Tribalcar\",\"Xanauto\"],\"articleSection\":[\"Empresas\"],\"inLanguage\":\"pt-PT\"},{\"@type\":\"WebPage\",\"@id\":\"https:\\\/\\\/jornaldasoficinas.com\\\/pt\\\/34a-convencao-anecra-debate-caminho-da-sustentabilidade-automovel\\\/\",\"url\":\"https:\\\/\\\/jornaldasoficinas.com\\\/pt\\\/34a-convencao-anecra-debate-caminho-da-sustentabilidade-automovel\\\/\",\"name\":\"34\u00aa Conven\u00e7\u00e3o ANECRA debate Caminho da Sustentabilidade Autom\u00f3vel - Jornal das Oficinas\",\"isPartOf\":{\"@id\":\"https:\\\/\\\/jornaldasoficinas.com\\\/pt\\\/#website\"},\"primaryImageOfPage\":{\"@id\":\"https:\\\/\\\/jornaldasoficinas.com\\\/pt\\\/34a-convencao-anecra-debate-caminho-da-sustentabilidade-automovel\\\/#primaryimage\"},\"image\":{\"@id\":\"https:\\\/\\\/jornaldasoficinas.com\\\/pt\\\/34a-convencao-anecra-debate-caminho-da-sustentabilidade-automovel\\\/#primaryimage\"},\"thumbnailUrl\":\"https:\\\/\\\/jornaldasoficinas.com\\\/pt\\\/wp-content\\\/uploads\\\/2023\\\/09\\\/34a-Convencao-ANECRA-debate-Caminho-da-Sustentabilidade-Automovel.jpg\",\"datePublished\":\"2023-10-24T11:30:28+00:00\",\"description\":\"A\u00a0ANECRA, realiza no dia\u00a027 de outubro,\u00a0Centro de Congressos de Lisboa, a sua\u00a034\u00aa Conven\u00e7\u00e3o Anual, na qual participam os principais\u00a0players\",\"breadcrumb\":{\"@id\":\"https:\\\/\\\/jornaldasoficinas.com\\\/pt\\\/34a-convencao-anecra-debate-caminho-da-sustentabilidade-automovel\\\/#breadcrumb\"},\"inLanguage\":\"pt-PT\",\"potentialAction\":[{\"@type\":\"ReadAction\",\"target\":[\"https:\\\/\\\/jornaldasoficinas.com\\\/pt\\\/34a-convencao-anecra-debate-caminho-da-sustentabilidade-automovel\\\/\"]}]},{\"@type\":\"ImageObject\",\"inLanguage\":\"pt-PT\",\"@id\":\"https:\\\/\\\/jornaldasoficinas.com\\\/pt\\\/34a-convencao-anecra-debate-caminho-da-sustentabilidade-automovel\\\/#primaryimage\",\"url\":\"https:\\\/\\\/jornaldasoficinas.com\\\/pt\\\/wp-content\\\/uploads\\\/2023\\\/09\\\/34a-Convencao-ANECRA-debate-Caminho-da-Sustentabilidade-Automovel.jpg\",\"contentUrl\":\"https:\\\/\\\/jornaldasoficinas.com\\\/pt\\\/wp-content\\\/uploads\\\/2023\\\/09\\\/34a-Convencao-ANECRA-debate-Caminho-da-Sustentabilidade-Automovel.jpg\",\"width\":1024,\"height\":581,\"caption\":\"09 - 34a Convencao ANECRA debate Caminho da Sustentabilidade Automovel\"},{\"@type\":\"BreadcrumbList\",\"@id\":\"https:\\\/\\\/jornaldasoficinas.com\\\/pt\\\/34a-convencao-anecra-debate-caminho-da-sustentabilidade-automovel\\\/#breadcrumb\",\"itemListElement\":[{\"@type\":\"ListItem\",\"position\":1,\"name\":\"In\u00edcio\",\"item\":\"https:\\\/\\\/jornaldasoficinas.com\\\/pt\\\/\"},{\"@type\":\"ListItem\",\"position\":2,\"name\":\"34\u00aa Conven\u00e7\u00e3o ANECRA debate Caminho da Sustentabilidade Autom\u00f3vel\"}]},{\"@type\":\"WebSite\",\"@id\":\"https:\\\/\\\/jornaldasoficinas.com\\\/pt\\\/#website\",\"url\":\"https:\\\/\\\/jornaldasoficinas.com\\\/pt\\\/\",\"name\":\"Jornal das Oficinas\",\"description\":\"Jornal independente do Aftermarket Autom\u00f3vel em Portugal\",\"publisher\":{\"@id\":\"https:\\\/\\\/jornaldasoficinas.com\\\/pt\\\/#organization\"},\"potentialAction\":[{\"@type\":\"SearchAction\",\"target\":{\"@type\":\"EntryPoint\",\"urlTemplate\":\"https:\\\/\\\/jornaldasoficinas.com\\\/pt\\\/?s={search_term_string}\"},\"query-input\":{\"@type\":\"PropertyValueSpecification\",\"valueRequired\":true,\"valueName\":\"search_term_string\"}}],\"inLanguage\":\"pt-PT\"},{\"@type\":\"Organization\",\"@id\":\"https:\\\/\\\/jornaldasoficinas.com\\\/pt\\\/#organization\",\"name\":\"Jornal das Oficinas\",\"url\":\"https:\\\/\\\/jornaldasoficinas.com\\\/pt\\\/\",\"logo\":{\"@type\":\"ImageObject\",\"inLanguage\":\"pt-PT\",\"@id\":\"https:\\\/\\\/jornaldasoficinas.com\\\/pt\\\/#\\\/schema\\\/logo\\\/image\\\/\",\"url\":\"https:\\\/\\\/jornaldasoficinas.com\\\/pt\\\/wp-content\\\/uploads\\\/logoJO-SEO.png\",\"contentUrl\":\"https:\\\/\\\/jornaldasoficinas.com\\\/pt\\\/wp-content\\\/uploads\\\/logoJO-SEO.png\",\"width\":285,\"height\":450,\"caption\":\"Jornal das Oficinas\"},\"image\":{\"@id\":\"https:\\\/\\\/jornaldasoficinas.com\\\/pt\\\/#\\\/schema\\\/logo\\\/image\\\/\"},\"sameAs\":[\"https:\\\/\\\/www.facebook.com\\\/jornaloficinas\",\"https:\\\/\\\/x.com\\\/jornaloficinas\",\"https:\\\/\\\/www.instagram.com\\\/jornal_oficinas\\\/\",\"https:\\\/\\\/www.linkedin.com\\\/company\\\/jornal-das-oficinas\\\/\",\"https:\\\/\\\/www.youtube.com\\\/channel\\\/UCbQZBqtcvV-oSQrr7RzINGg\"]},{\"@type\":\"Person\",\"@id\":\"https:\\\/\\\/jornaldasoficinas.com\\\/pt\\\/#\\\/schema\\\/person\\\/a38eef5de2c41d9e7c9ac10141afddf3\",\"name\":\"Reda\u00e7\u00e3o JO\",\"image\":{\"@type\":\"ImageObject\",\"inLanguage\":\"pt-PT\",\"@id\":\"https:\\\/\\\/secure.gravatar.com\\\/avatar\\\/71f2fa71737ad68a84fea94bc708ddac8ea5b0c4788dc2ad202f3ccb2887742f?s=96&d=wp_user_avatar&r=g\",\"url\":\"https:\\\/\\\/secure.gravatar.com\\\/avatar\\\/71f2fa71737ad68a84fea94bc708ddac8ea5b0c4788dc2ad202f3ccb2887742f?s=96&d=wp_user_avatar&r=g\",\"contentUrl\":\"https:\\\/\\\/secure.gravatar.com\\\/avatar\\\/71f2fa71737ad68a84fea94bc708ddac8ea5b0c4788dc2ad202f3ccb2887742f?s=96&d=wp_user_avatar&r=g\",\"caption\":\"Reda\u00e7\u00e3o JO\"},\"url\":\"https:\\\/\\\/jornaldasoficinas.com\\\/pt\\\/author\\\/joredacao\\\/\"}]}<\/script>\n<!-- \/ Yoast SEO plugin. -->","yoast_head_json":{"title":"34\u00aa Conven\u00e7\u00e3o ANECRA debate Caminho da Sustentabilidade Autom\u00f3vel - Jornal das Oficinas","description":"A\u00a0ANECRA, realiza no dia\u00a027 de outubro,\u00a0Centro de Congressos de Lisboa, a sua\u00a034\u00aa Conven\u00e7\u00e3o Anual, na qual participam os principais\u00a0players","robots":{"index":"index","follow":"follow","max-snippet":"max-snippet:-1","max-image-preview":"max-image-preview:large","max-video-preview":"max-video-preview:-1"},"canonical":"https:\/\/jornaldasoficinas.com\/pt\/34a-convencao-anecra-debate-caminho-da-sustentabilidade-automovel\/","og_locale":"pt_PT","og_type":"article","og_title":"34\u00aa Conven\u00e7\u00e3o ANECRA debate Caminho da Sustentabilidade Autom\u00f3vel - Jornal das Oficinas","og_description":"A\u00a0ANECRA, realiza no dia\u00a027 de outubro,\u00a0Centro de Congressos de Lisboa, a sua\u00a034\u00aa Conven\u00e7\u00e3o Anual, na qual participam os principais\u00a0players","og_url":"https:\/\/jornaldasoficinas.com\/pt\/34a-convencao-anecra-debate-caminho-da-sustentabilidade-automovel\/","og_site_name":"Jornal das Oficinas","article_publisher":"https:\/\/www.facebook.com\/jornaloficinas","article_published_time":"2023-10-24T11:30:28+00:00","og_image":[{"width":1024,"height":581,"url":"https:\/\/jornaldasoficinas.com\/pt\/wp-content\/uploads\/2023\/09\/34a-Convencao-ANECRA-debate-Caminho-da-Sustentabilidade-Automovel.jpg","type":"image\/jpeg"}],"author":"Reda\u00e7\u00e3o JO","twitter_card":"summary_large_image","twitter_creator":"@jornaloficinas","twitter_site":"@jornaloficinas","twitter_misc":{"Escrito por":"Reda\u00e7\u00e3o JO","Tempo estimado de leitura":"4 minutos"},"schema":{"@context":"https:\/\/schema.org","@graph":[{"@type":"Article","@id":"https:\/\/jornaldasoficinas.com\/pt\/34a-convencao-anecra-debate-caminho-da-sustentabilidade-automovel\/#article","isPartOf":{"@id":"https:\/\/jornaldasoficinas.com\/pt\/34a-convencao-anecra-debate-caminho-da-sustentabilidade-automovel\/"},"author":{"name":"Reda\u00e7\u00e3o JO","@id":"https:\/\/jornaldasoficinas.com\/pt\/#\/schema\/person\/a38eef5de2c41d9e7c9ac10141afddf3"},"headline":"34\u00aa Conven\u00e7\u00e3o ANECRA debate Caminho da Sustentabilidade Autom\u00f3vel","datePublished":"2023-10-24T11:30:28+00:00","mainEntityOfPage":{"@id":"https:\/\/jornaldasoficinas.com\/pt\/34a-convencao-anecra-debate-caminho-da-sustentabilidade-automovel\/"},"wordCount":687,"publisher":{"@id":"https:\/\/jornaldasoficinas.com\/pt\/#organization"},"image":{"@id":"https:\/\/jornaldasoficinas.com\/pt\/34a-convencao-anecra-debate-caminho-da-sustentabilidade-automovel\/#primaryimage"},"thumbnailUrl":"https:\/\/jornaldasoficinas.com\/pt\/wp-content\/uploads\/2023\/09\/34a-Convencao-ANECRA-debate-Caminho-da-Sustentabilidade-Automovel.jpg","keywords":["2M1J","34\u00aa Conven\u00e7\u00e3o Anual","ABA","ANECRA","ASFAC","Auto Joteca","BL Motor","Carplus","CECRA","Centro de Congressos de Lisboa","Cetelem BNP Paribas","CNN Portugal","Credibom","dia\u00a027 de outubro","Eletrifica\u00e7\u00e3o","Equa\u00e7\u00e3o Motor","EVolution","GiPA","Intelig\u00eancia artificial","LeasePlan","Meirauto","Mobilidade","Projeto Viver El\u00e9trico","Realidade aumentada","Rede aserAuto","Santogal V","SIVA","S\u00f3 Barroso","Somos Movilidad","Standvirtual","Sustentabilidade","Tips4y","Tribalcar","Xanauto"],"articleSection":["Empresas"],"inLanguage":"pt-PT"},{"@type":"WebPage","@id":"https:\/\/jornaldasoficinas.com\/pt\/34a-convencao-anecra-debate-caminho-da-sustentabilidade-automovel\/","url":"https:\/\/jornaldasoficinas.com\/pt\/34a-convencao-anecra-debate-caminho-da-sustentabilidade-automovel\/","name":"34\u00aa Conven\u00e7\u00e3o ANECRA debate Caminho da Sustentabilidade Autom\u00f3vel - Jornal das Oficinas","isPartOf":{"@id":"https:\/\/jornaldasoficinas.com\/pt\/#website"},"primaryImageOfPage":{"@id":"https:\/\/jornaldasoficinas.com\/pt\/34a-convencao-anecra-debate-caminho-da-sustentabilidade-automovel\/#primaryimage"},"image":{"@id":"https:\/\/jornaldasoficinas.com\/pt\/34a-convencao-anecra-debate-caminho-da-sustentabilidade-automovel\/#primaryimage"},"thumbnailUrl":"https:\/\/jornaldasoficinas.com\/pt\/wp-content\/uploads\/2023\/09\/34a-Convencao-ANECRA-debate-Caminho-da-Sustentabilidade-Automovel.jpg","datePublished":"2023-10-24T11:30:28+00:00","description":"A\u00a0ANECRA, realiza no dia\u00a027 de outubro,\u00a0Centro de Congressos de Lisboa, a sua\u00a034\u00aa Conven\u00e7\u00e3o Anual, na qual participam os principais\u00a0players","breadcrumb":{"@id":"https:\/\/jornaldasoficinas.com\/pt\/34a-convencao-anecra-debate-caminho-da-sustentabilidade-automovel\/#breadcrumb"},"inLanguage":"pt-PT","potentialAction":[{"@type":"ReadAction","target":["https:\/\/jornaldasoficinas.com\/pt\/34a-convencao-anecra-debate-caminho-da-sustentabilidade-automovel\/"]}]},{"@type":"ImageObject","inLanguage":"pt-PT","@id":"https:\/\/jornaldasoficinas.com\/pt\/34a-convencao-anecra-debate-caminho-da-sustentabilidade-automovel\/#primaryimage","url":"https:\/\/jornaldasoficinas.com\/pt\/wp-content\/uploads\/2023\/09\/34a-Convencao-ANECRA-debate-Caminho-da-Sustentabilidade-Automovel.jpg","contentUrl":"https:\/\/jornaldasoficinas.com\/pt\/wp-content\/uploads\/2023\/09\/34a-Convencao-ANECRA-debate-Caminho-da-Sustentabilidade-Automovel.jpg","width":1024,"height":581,"caption":"09 - 34a Convencao ANECRA debate Caminho da Sustentabilidade Automovel"},{"@type":"BreadcrumbList","@id":"https:\/\/jornaldasoficinas.com\/pt\/34a-convencao-anecra-debate-caminho-da-sustentabilidade-automovel\/#breadcrumb","itemListElement":[{"@type":"ListItem","position":1,"name":"In\u00edcio","item":"https:\/\/jornaldasoficinas.com\/pt\/"},{"@type":"ListItem","position":2,"name":"34\u00aa Conven\u00e7\u00e3o ANECRA debate Caminho da Sustentabilidade Autom\u00f3vel"}]},{"@type":"WebSite","@id":"https:\/\/jornaldasoficinas.com\/pt\/#website","url":"https:\/\/jornaldasoficinas.com\/pt\/","name":"Jornal das Oficinas","description":"Jornal independente do Aftermarket Autom\u00f3vel em Portugal","publisher":{"@id":"https:\/\/jornaldasoficinas.com\/pt\/#organization"},"potentialAction":[{"@type":"SearchAction","target":{"@type":"EntryPoint","urlTemplate":"https:\/\/jornaldasoficinas.com\/pt\/?s={search_term_string}"},"query-input":{"@type":"PropertyValueSpecification","valueRequired":true,"valueName":"search_term_string"}}],"inLanguage":"pt-PT"},{"@type":"Organization","@id":"https:\/\/jornaldasoficinas.com\/pt\/#organization","name":"Jornal das Oficinas","url":"https:\/\/jornaldasoficinas.com\/pt\/","logo":{"@type":"ImageObject","inLanguage":"pt-PT","@id":"https:\/\/jornaldasoficinas.com\/pt\/#\/schema\/logo\/image\/","url":"https:\/\/jornaldasoficinas.com\/pt\/wp-content\/uploads\/logoJO-SEO.png","contentUrl":"https:\/\/jornaldasoficinas.com\/pt\/wp-content\/uploads\/logoJO-SEO.png","width":285,"height":450,"caption":"Jornal das Oficinas"},"image":{"@id":"https:\/\/jornaldasoficinas.com\/pt\/#\/schema\/logo\/image\/"},"sameAs":["https:\/\/www.facebook.com\/jornaloficinas","https:\/\/x.com\/jornaloficinas","https:\/\/www.instagram.com\/jornal_oficinas\/","https:\/\/www.linkedin.com\/company\/jornal-das-oficinas\/","https:\/\/www.youtube.com\/channel\/UCbQZBqtcvV-oSQrr7RzINGg"]},{"@type":"Person","@id":"https:\/\/jornaldasoficinas.com\/pt\/#\/schema\/person\/a38eef5de2c41d9e7c9ac10141afddf3","name":"Reda\u00e7\u00e3o JO","image":{"@type":"ImageObject","inLanguage":"pt-PT","@id":"https:\/\/secure.gravatar.com\/avatar\/71f2fa71737ad68a84fea94bc708ddac8ea5b0c4788dc2ad202f3ccb2887742f?s=96&d=wp_user_avatar&r=g","url":"https:\/\/secure.gravatar.com\/avatar\/71f2fa71737ad68a84fea94bc708ddac8ea5b0c4788dc2ad202f3ccb2887742f?s=96&d=wp_user_avatar&r=g","contentUrl":"https:\/\/secure.gravatar.com\/avatar\/71f2fa71737ad68a84fea94bc708ddac8ea5b0c4788dc2ad202f3ccb2887742f?s=96&d=wp_user_avatar&r=g","caption":"Reda\u00e7\u00e3o JO"},"url":"https:\/\/jornaldasoficinas.com\/pt\/author\/joredacao\/"}]}},"_links":{"self":[{"href":"https:\/\/jornaldasoficinas.com\/pt\/wp-json\/wp\/v2\/posts\/73659","targetHints":{"allow":["GET"]}}],"collection":[{"href":"https:\/\/jornaldasoficinas.com\/pt\/wp-json\/wp\/v2\/posts"}],"about":[{"href":"https:\/\/jornaldasoficinas.com\/pt\/wp-json\/wp\/v2\/types\/post"}],"author":[{"embeddable":true,"href":"https:\/\/jornaldasoficinas.com\/pt\/wp-json\/wp\/v2\/users\/15"}],"replies":[{"embeddable":true,"href":"https:\/\/jornaldasoficinas.com\/pt\/wp-json\/wp\/v2\/comments?post=73659"}],"version-history":[{"count":0,"href":"https:\/\/jornaldasoficinas.com\/pt\/wp-json\/wp\/v2\/posts\/73659\/revisions"}],"wp:featuredmedia":[{"embeddable":true,"href":"https:\/\/jornaldasoficinas.com\/pt\/wp-json\/wp\/v2\/media\/73596"}],"wp:attachment":[{"href":"https:\/\/jornaldasoficinas.com\/pt\/wp-json\/wp\/v2\/media?parent=73659"}],"wp:term":[{"taxonomy":"category","embeddable":true,"href":"https:\/\/jornaldasoficinas.com\/pt\/wp-json\/wp\/v2\/categories?post=73659"},{"taxonomy":"post_tag","embeddable":true,"href":"https:\/\/jornaldasoficinas.com\/pt\/wp-json\/wp\/v2\/tags?post=73659"}],"curies":[{"name":"wp","href":"https:\/\/api.w.org\/{rel}","templated":true}]}}