{"id":73838,"date":"2023-10-27T14:00:18","date_gmt":"2023-10-27T13:00:18","guid":{"rendered":"https:\/\/jornaldasoficinas.com\/pt\/?p=73838"},"modified":"2023-10-27T08:57:29","modified_gmt":"2023-10-27T07:57:29","slug":"2a-edicao-gmc-contou-com-a-presenca-de-8-000-profissionais","status":"publish","type":"post","link":"https:\/\/jornaldasoficinas.com\/pt\/2a-edicao-gmc-contou-com-a-presenca-de-8-000-profissionais\/","title":{"rendered":"2\u00aa edi\u00e7\u00e3o GMC contou com a presen\u00e7a de 8.000 profissionais"},"content":{"rendered":"<p><img loading=\"lazy\" decoding=\"async\" class=\"alignnone size-full wp-image-73839\" src=\"https:\/\/jornaldasoficinas.com\/pt\/wp-content\/uploads\/2023\/09\/2a-edicao-GMC-contou-com-a-presenca-de-8.000-profissionais-.jpeg\" alt=\"09 - 2a edicao GMC contou com a presenca de 8.000 profissionais \" width=\"1024\" height=\"581\" srcset=\"https:\/\/jornaldasoficinas.com\/pt\/wp-content\/uploads\/2023\/09\/2a-edicao-GMC-contou-com-a-presenca-de-8.000-profissionais-.jpeg 1024w, https:\/\/jornaldasoficinas.com\/pt\/wp-content\/uploads\/2023\/09\/2a-edicao-GMC-contou-com-a-presenca-de-8.000-profissionais--300x170.jpeg 300w, https:\/\/jornaldasoficinas.com\/pt\/wp-content\/uploads\/2023\/09\/2a-edicao-GMC-contou-com-a-presenca-de-8.000-profissionais--150x85.jpeg 150w, https:\/\/jornaldasoficinas.com\/pt\/wp-content\/uploads\/2023\/09\/2a-edicao-GMC-contou-com-a-presenca-de-8.000-profissionais--768x436.jpeg 768w\" sizes=\"auto, (max-width: 1024px) 100vw, 1024px\" \/><\/p>\n<p><strong>A segunda edi\u00e7\u00e3o da <a href=\"https:\/\/www.ifema.es\/en\/global-mobility-call\" target=\"_blank\" rel=\"noopener\">Global Mobility Call<\/a> (GMC) terminou com grande sucesso em todos os seus indicadores, consolidando a GMC como um ponto de encontro fundamental para debater a mobilidade sustent\u00e1vel numa perspetiva hol\u00edstica. Os visitantes no local aumentaram 42% para 8.000 profissionais; e cerca de 500 oradores participaram em algumas das 120 mesas redondas e confer\u00eancias setoriais. Com mais de 104 organiza\u00e7\u00f5es participantes, o n\u00famero de expositores cresceu 76% em rela\u00e7\u00e3o \u00e0 edi\u00e7\u00e3o anterior<\/strong><\/p>\n<p>Organizado pela <a href=\"https:\/\/www.ifema.es\/en\" target=\"_blank\" rel=\"noopener\">IFEMA MADRID<\/a> e <a href=\"https:\/\/smobhub.com\/\" target=\"_blank\" rel=\"noopener\">Smobhub<\/a>, o GMC Congress and Expo afirma-se como uma plataforma internacional \u00fanica, reunindo todas as ind\u00fastrias e partes interessadas envolvidas na mobilidade sustent\u00e1vel de pessoas e bens, onde os participantes t\u00eam a oportunidade de mergulhar nas \u00faltimas tend\u00eancias, inova\u00e7\u00f5es revolucion\u00e1rias e projetos de \u00faltima gera\u00e7\u00e3o que est\u00e3o a moldar o futuro da mobilidade global sustent\u00e1vel. A Global Mobility Call confirmou que a terceira edi\u00e7\u00e3o ter\u00e1 lugar no pr\u00f3ximo ano, de 19 a 21 de novembro.<\/p>\n<p>O papel da eletrifica\u00e7\u00e3o e de outros combust\u00edveis alternativos na descarboniza\u00e7\u00e3o, a multimodalidade dos transportes, as novas infra-estruturas, a par da inova\u00e7\u00e3o, digitaliza\u00e7\u00e3o e novas tecnologias foram alguns dos temas mais referidos, contribuindo para a cria\u00e7\u00e3o de um paradigma de uma nova mobilidade mundial, n\u00e3o contaminante, segura, acess\u00edvel e sustent\u00e1vel. As informa\u00e7\u00f5es fornecidas pelos oradores e as discuss\u00f5es nas \u00e1reas do congresso ser\u00e3o compiladas no primeiro relat\u00f3rio de mobilidade sustent\u00e1vel do GMC, que os especialistas do Instituto Fraunhofer ir\u00e3o produzir nas pr\u00f3ximas semanas. O objetivo deste documento \u00e9 disponibilizar o conhecimento gerado durante o evento a todas as partes interessadas.<\/p>\n<p>Pela primeira vez, a Global Mobility Call teve um pa\u00eds parceiro para o evento: It\u00e1lia, atrav\u00e9s da Ag\u00eancia Italiana para o Com\u00e9rcio Externo (ICE), que promoveu as PME e startups italianas num espa\u00e7o de exposi\u00e7\u00e3o de 80 m2, onde doze destas empresas italianas estiveram presentes para mostrar as tecnologias &#8220;Made in Italy&#8221; e a inova\u00e7\u00e3o nos diferentes sectores da mobilidade sustent\u00e1vel.<\/p>\n<p>Tamb\u00e9m esta edi\u00e7\u00e3o apresentou, pela primeira vez, os pr\u00e9mios Innowinner, Personalidade e Stand Sustent\u00e1vel, que reconhecem as melhores iniciativas tecnol\u00f3gicas, a sustentabilidade dos expositores e as carreiras profissionais de destaque em prol da mobilidade sustent\u00e1vel. Os pr\u00e9mios Innowinner foram atribu\u00eddos \u00e0 empresa Antolin; Personalidade a Trent Victor, e Participa\u00e7\u00e3o Sustent\u00e1vel ao stand da empresa Arriva.<\/p>\n<p><strong>Debate sobre temas urgentes de mobilidade<br \/>\n<\/strong>A multimodalidade no transporte de passageiros foi um dos temas desta edi\u00e7\u00e3o do Global Mobility Call, em que os peritos optaram, para o seu desenvolvimento \u00f3timo, pela colabora\u00e7\u00e3o p\u00fablico-privada. Os participantes apelaram a que se tivesse em conta a situa\u00e7\u00e3o dos meios urbanos e rurais e convidaram tamb\u00e9m a que se tivesse em conta o papel da micromobilidade para as viagens de \u00faltima milha para al\u00e9m do transporte coletivo.<\/p>\n<p>No que diz respeito \u00e0 transforma\u00e7\u00e3o dos servi\u00e7os aos viajantes na Uni\u00e3o Europeia, foi discutido o desenvolvimento dos Servi\u00e7os de Mobilidade Digital Multimodal (SMD), que a Comiss\u00e3o Europeia est\u00e1 a preparar com o objetivo de proteger a privacidade dos consumidores, adotar as tecnologias mais recentes e colocar o cidad\u00e3o no centro da estrat\u00e9gia.<\/p>\n<p>No \u00faltimo dia do congresso, realizou-se uma confer\u00eancia alargada sobre os Corredores 360o: Atl\u00e2ntico e Mediterr\u00e2neo. Os corredores transeuropeus s\u00e3o uma infraestrutura multimodal fundamental para o desenvolvimento econ\u00f3mico e social, bem como para as liga\u00e7\u00f5es na Europa e para a descarboniza\u00e7\u00e3o do transporte de mercadorias e de passageiros. Os representantes das institui\u00e7\u00f5es e das empresas privadas salientaram que estas infraestruturas s\u00e3o a alavanca que permitir\u00e1 uma melhor efici\u00eancia para as empresas e uma melhor conectividade para os cidad\u00e3os.<\/p>\n<p><strong>Motopropulsores alternativos<br \/>\n<\/strong>A eletrifica\u00e7\u00e3o dos ve\u00edculos foi outra das \u00e1reas tem\u00e1ticas muito presentes na Global Mobility Call, tendo sido apresentada como um caminho indispens\u00e1vel para a mudan\u00e7a para modelos de mobilidade sustent\u00e1vel, juntamente com a digitaliza\u00e7\u00e3o e a inova\u00e7\u00e3o.<\/p>\n<p>Diferentes especialistas em mobilidade el\u00e9trica explicaram a urg\u00eancia de alcan\u00e7ar uma realidade com uma maior presen\u00e7a de ve\u00edculos el\u00e9tricos e de acelerar a eletrifica\u00e7\u00e3o para cumprir os objetivos estabelecidos pela Uni\u00e3o Europeia. Outros combust\u00edveis alternativos, como o hidrog\u00e9nio ou o biometano, tamb\u00e9m foram mencionados como formas complementares de alcan\u00e7ar uma mobilidade limpa.<\/p>\n<p><strong>Solu\u00e7\u00f5es de ponta na GMC Expo<br \/>\n<\/strong>A GMC Expo acolheu mais de 100 empresas e startups que apresentaram os seus projetos inovadores. A exposi\u00e7\u00e3o apresentou um conjunto diversificado de sectores, incluindo os transportes, as infra-estruturas, os bens de consumo, a tecnologia e o sector jur\u00eddico, desempenhando cada um deles um papel fundamental no desenvolvimento de solu\u00e7\u00f5es de mobilidade.<\/p>\n<p>Na \u00e1rea de exposi\u00e7\u00e3o, o projeto Mission H24 exibiu o seu primeiro prot\u00f3tipo de carro de corrida hidrog\u00e9nio-el\u00e9trico, o Le Mans Prototype Hydrogen (H2) Gaseous, e tornou-se uma das principais atra\u00e7\u00f5es do evento. O carro tem como objetivo mostrar o potencial do hidrog\u00e9nio tanto para o circuito de resist\u00eancia como para a mobilidade em geral. Outras das novidades nesta \u00e1rea foram um simulador de F\u00f3rmula E, um robot-guia para invisuais em grandes espa\u00e7os ou solu\u00e7\u00f5es de seguran\u00e7a para pe\u00f5es, entre outras.<\/p>\n<p>Fora do pavilh\u00e3o, a empresa turca Karsan apresentou o e-Atak, um autocarro el\u00e9trico aut\u00f3nomo que, pela primeira vez na Europa, na Noruega, consegue gerir com sucesso o tr\u00e1fego rodovi\u00e1rio em quaisquer condi\u00e7\u00f5es de estrada e sem necessidade de interven\u00e7\u00e3o do condutor.<\/p>\n","protected":false},"excerpt":{"rendered":"<p>A segunda edi\u00e7\u00e3o da Global Mobility&#8230;<\/p>\n","protected":false},"author":15,"featured_media":73839,"comment_status":"closed","ping_status":"closed","sticky":false,"template":"","format":"standard","meta":{"footnotes":""},"categories":[37],"tags":[6498,6500,6499,4716,4819,4870,5123],"class_list":["post-73838","post","type-post","status-publish","format-standard","has-post-thumbnail","hentry","category-mercado","tag-2-a-edicao-gmc","tag-500-oradores","tag-8-000-profissionais","tag-evento","tag-global-mobility-call","tag-ifema-madrid","tag-smobhub"],"yoast_head":"<!-- This site is optimized with the Yoast SEO plugin v27.5 - https:\/\/yoast.com\/product\/yoast-seo-wordpress\/ -->\n<title>2\u00aa edi\u00e7\u00e3o GMC contou com a presen\u00e7a de 8.000 profissionais - Jornal das Oficinas<\/title>\n<meta name=\"description\" content=\"A 2.\u00aa edi\u00e7\u00e3o da GMC terminou com grande sucesso em todos os seus indicadores, consolidando a GMC como um ponto de encontro fundamental\" \/>\n<meta name=\"robots\" content=\"index, follow, max-snippet:-1, max-image-preview:large, max-video-preview:-1\" \/>\n<link rel=\"canonical\" href=\"https:\/\/jornaldasoficinas.com\/pt\/2a-edicao-gmc-contou-com-a-presenca-de-8-000-profissionais\/\" \/>\n<meta property=\"og:locale\" content=\"pt_PT\" \/>\n<meta property=\"og:type\" content=\"article\" \/>\n<meta property=\"og:title\" content=\"2\u00aa edi\u00e7\u00e3o GMC contou com a presen\u00e7a de 8.000 profissionais - Jornal das Oficinas\" \/>\n<meta property=\"og:description\" content=\"A 2.\u00aa edi\u00e7\u00e3o da GMC terminou com grande sucesso em todos os seus indicadores, consolidando a GMC como um ponto de encontro fundamental\" \/>\n<meta property=\"og:url\" content=\"https:\/\/jornaldasoficinas.com\/pt\/2a-edicao-gmc-contou-com-a-presenca-de-8-000-profissionais\/\" \/>\n<meta property=\"og:site_name\" content=\"Jornal das Oficinas\" \/>\n<meta property=\"article:publisher\" content=\"https:\/\/www.facebook.com\/jornaloficinas\" \/>\n<meta property=\"article:published_time\" content=\"2023-10-27T13:00:18+00:00\" \/>\n<meta property=\"og:image\" content=\"https:\/\/jornaldasoficinas.com\/pt\/wp-content\/uploads\/2023\/09\/2a-edicao-GMC-contou-com-a-presenca-de-8.000-profissionais-.jpeg\" \/>\n\t<meta property=\"og:image:width\" content=\"1024\" \/>\n\t<meta property=\"og:image:height\" content=\"581\" \/>\n\t<meta property=\"og:image:type\" content=\"image\/jpeg\" \/>\n<meta name=\"author\" content=\"Reda\u00e7\u00e3o JO\" \/>\n<meta name=\"twitter:card\" content=\"summary_large_image\" \/>\n<meta name=\"twitter:creator\" content=\"@jornaloficinas\" \/>\n<meta name=\"twitter:site\" content=\"@jornaloficinas\" \/>\n<meta name=\"twitter:label1\" content=\"Escrito por\" \/>\n\t<meta name=\"twitter:data1\" content=\"Reda\u00e7\u00e3o JO\" \/>\n\t<meta name=\"twitter:label2\" content=\"Tempo estimado de leitura\" \/>\n\t<meta name=\"twitter:data2\" content=\"5 minutos\" \/>\n<script type=\"application\/ld+json\" class=\"yoast-schema-graph\">{\"@context\":\"https:\\\/\\\/schema.org\",\"@graph\":[{\"@type\":\"Article\",\"@id\":\"https:\\\/\\\/jornaldasoficinas.com\\\/pt\\\/2a-edicao-gmc-contou-com-a-presenca-de-8-000-profissionais\\\/#article\",\"isPartOf\":{\"@id\":\"https:\\\/\\\/jornaldasoficinas.com\\\/pt\\\/2a-edicao-gmc-contou-com-a-presenca-de-8-000-profissionais\\\/\"},\"author\":{\"name\":\"Reda\u00e7\u00e3o JO\",\"@id\":\"https:\\\/\\\/jornaldasoficinas.com\\\/pt\\\/#\\\/schema\\\/person\\\/a38eef5de2c41d9e7c9ac10141afddf3\"},\"headline\":\"2\u00aa edi\u00e7\u00e3o GMC contou com a presen\u00e7a de 8.000 profissionais\",\"datePublished\":\"2023-10-27T13:00:18+00:00\",\"mainEntityOfPage\":{\"@id\":\"https:\\\/\\\/jornaldasoficinas.com\\\/pt\\\/2a-edicao-gmc-contou-com-a-presenca-de-8-000-profissionais\\\/\"},\"wordCount\":965,\"publisher\":{\"@id\":\"https:\\\/\\\/jornaldasoficinas.com\\\/pt\\\/#organization\"},\"image\":{\"@id\":\"https:\\\/\\\/jornaldasoficinas.com\\\/pt\\\/2a-edicao-gmc-contou-com-a-presenca-de-8-000-profissionais\\\/#primaryimage\"},\"thumbnailUrl\":\"https:\\\/\\\/jornaldasoficinas.com\\\/pt\\\/wp-content\\\/uploads\\\/2023\\\/09\\\/2a-edicao-GMC-contou-com-a-presenca-de-8.000-profissionais-.jpeg\",\"keywords\":[\"2.\u00aa Edi\u00e7\u00e3o GMC\",\"500 oradores\",\"8.000 profissionais\",\"Evento\",\"Global Mobility Call\",\"IFEMA MADRID\",\"Smobhub\"],\"articleSection\":[\"Mercado\"],\"inLanguage\":\"pt-PT\"},{\"@type\":\"WebPage\",\"@id\":\"https:\\\/\\\/jornaldasoficinas.com\\\/pt\\\/2a-edicao-gmc-contou-com-a-presenca-de-8-000-profissionais\\\/\",\"url\":\"https:\\\/\\\/jornaldasoficinas.com\\\/pt\\\/2a-edicao-gmc-contou-com-a-presenca-de-8-000-profissionais\\\/\",\"name\":\"2\u00aa edi\u00e7\u00e3o GMC contou com a presen\u00e7a de 8.000 profissionais - Jornal das Oficinas\",\"isPartOf\":{\"@id\":\"https:\\\/\\\/jornaldasoficinas.com\\\/pt\\\/#website\"},\"primaryImageOfPage\":{\"@id\":\"https:\\\/\\\/jornaldasoficinas.com\\\/pt\\\/2a-edicao-gmc-contou-com-a-presenca-de-8-000-profissionais\\\/#primaryimage\"},\"image\":{\"@id\":\"https:\\\/\\\/jornaldasoficinas.com\\\/pt\\\/2a-edicao-gmc-contou-com-a-presenca-de-8-000-profissionais\\\/#primaryimage\"},\"thumbnailUrl\":\"https:\\\/\\\/jornaldasoficinas.com\\\/pt\\\/wp-content\\\/uploads\\\/2023\\\/09\\\/2a-edicao-GMC-contou-com-a-presenca-de-8.000-profissionais-.jpeg\",\"datePublished\":\"2023-10-27T13:00:18+00:00\",\"description\":\"A 2.\u00aa edi\u00e7\u00e3o da GMC terminou com grande sucesso em todos os seus indicadores, consolidando a GMC como um ponto de encontro fundamental\",\"breadcrumb\":{\"@id\":\"https:\\\/\\\/jornaldasoficinas.com\\\/pt\\\/2a-edicao-gmc-contou-com-a-presenca-de-8-000-profissionais\\\/#breadcrumb\"},\"inLanguage\":\"pt-PT\",\"potentialAction\":[{\"@type\":\"ReadAction\",\"target\":[\"https:\\\/\\\/jornaldasoficinas.com\\\/pt\\\/2a-edicao-gmc-contou-com-a-presenca-de-8-000-profissionais\\\/\"]}]},{\"@type\":\"ImageObject\",\"inLanguage\":\"pt-PT\",\"@id\":\"https:\\\/\\\/jornaldasoficinas.com\\\/pt\\\/2a-edicao-gmc-contou-com-a-presenca-de-8-000-profissionais\\\/#primaryimage\",\"url\":\"https:\\\/\\\/jornaldasoficinas.com\\\/pt\\\/wp-content\\\/uploads\\\/2023\\\/09\\\/2a-edicao-GMC-contou-com-a-presenca-de-8.000-profissionais-.jpeg\",\"contentUrl\":\"https:\\\/\\\/jornaldasoficinas.com\\\/pt\\\/wp-content\\\/uploads\\\/2023\\\/09\\\/2a-edicao-GMC-contou-com-a-presenca-de-8.000-profissionais-.jpeg\",\"width\":1024,\"height\":581,\"caption\":\"09 - 2a edicao GMC contou com a presenca de 8.000 profissionais\"},{\"@type\":\"BreadcrumbList\",\"@id\":\"https:\\\/\\\/jornaldasoficinas.com\\\/pt\\\/2a-edicao-gmc-contou-com-a-presenca-de-8-000-profissionais\\\/#breadcrumb\",\"itemListElement\":[{\"@type\":\"ListItem\",\"position\":1,\"name\":\"In\u00edcio\",\"item\":\"https:\\\/\\\/jornaldasoficinas.com\\\/pt\\\/\"},{\"@type\":\"ListItem\",\"position\":2,\"name\":\"2\u00aa edi\u00e7\u00e3o GMC contou com a presen\u00e7a de 8.000 profissionais\"}]},{\"@type\":\"WebSite\",\"@id\":\"https:\\\/\\\/jornaldasoficinas.com\\\/pt\\\/#website\",\"url\":\"https:\\\/\\\/jornaldasoficinas.com\\\/pt\\\/\",\"name\":\"Jornal das Oficinas\",\"description\":\"Jornal independente do Aftermarket Autom\u00f3vel em Portugal\",\"publisher\":{\"@id\":\"https:\\\/\\\/jornaldasoficinas.com\\\/pt\\\/#organization\"},\"potentialAction\":[{\"@type\":\"SearchAction\",\"target\":{\"@type\":\"EntryPoint\",\"urlTemplate\":\"https:\\\/\\\/jornaldasoficinas.com\\\/pt\\\/?s={search_term_string}\"},\"query-input\":{\"@type\":\"PropertyValueSpecification\",\"valueRequired\":true,\"valueName\":\"search_term_string\"}}],\"inLanguage\":\"pt-PT\"},{\"@type\":\"Organization\",\"@id\":\"https:\\\/\\\/jornaldasoficinas.com\\\/pt\\\/#organization\",\"name\":\"Jornal das Oficinas\",\"url\":\"https:\\\/\\\/jornaldasoficinas.com\\\/pt\\\/\",\"logo\":{\"@type\":\"ImageObject\",\"inLanguage\":\"pt-PT\",\"@id\":\"https:\\\/\\\/jornaldasoficinas.com\\\/pt\\\/#\\\/schema\\\/logo\\\/image\\\/\",\"url\":\"https:\\\/\\\/jornaldasoficinas.com\\\/pt\\\/wp-content\\\/uploads\\\/logoJO-SEO.png\",\"contentUrl\":\"https:\\\/\\\/jornaldasoficinas.com\\\/pt\\\/wp-content\\\/uploads\\\/logoJO-SEO.png\",\"width\":285,\"height\":450,\"caption\":\"Jornal das Oficinas\"},\"image\":{\"@id\":\"https:\\\/\\\/jornaldasoficinas.com\\\/pt\\\/#\\\/schema\\\/logo\\\/image\\\/\"},\"sameAs\":[\"https:\\\/\\\/www.facebook.com\\\/jornaloficinas\",\"https:\\\/\\\/x.com\\\/jornaloficinas\",\"https:\\\/\\\/www.instagram.com\\\/jornal_oficinas\\\/\",\"https:\\\/\\\/www.linkedin.com\\\/company\\\/jornal-das-oficinas\\\/\",\"https:\\\/\\\/www.youtube.com\\\/channel\\\/UCbQZBqtcvV-oSQrr7RzINGg\"]},{\"@type\":\"Person\",\"@id\":\"https:\\\/\\\/jornaldasoficinas.com\\\/pt\\\/#\\\/schema\\\/person\\\/a38eef5de2c41d9e7c9ac10141afddf3\",\"name\":\"Reda\u00e7\u00e3o JO\",\"image\":{\"@type\":\"ImageObject\",\"inLanguage\":\"pt-PT\",\"@id\":\"https:\\\/\\\/secure.gravatar.com\\\/avatar\\\/71f2fa71737ad68a84fea94bc708ddac8ea5b0c4788dc2ad202f3ccb2887742f?s=96&d=wp_user_avatar&r=g\",\"url\":\"https:\\\/\\\/secure.gravatar.com\\\/avatar\\\/71f2fa71737ad68a84fea94bc708ddac8ea5b0c4788dc2ad202f3ccb2887742f?s=96&d=wp_user_avatar&r=g\",\"contentUrl\":\"https:\\\/\\\/secure.gravatar.com\\\/avatar\\\/71f2fa71737ad68a84fea94bc708ddac8ea5b0c4788dc2ad202f3ccb2887742f?s=96&d=wp_user_avatar&r=g\",\"caption\":\"Reda\u00e7\u00e3o JO\"},\"url\":\"https:\\\/\\\/jornaldasoficinas.com\\\/pt\\\/author\\\/joredacao\\\/\"}]}<\/script>\n<!-- \/ Yoast SEO plugin. -->","yoast_head_json":{"title":"2\u00aa edi\u00e7\u00e3o GMC contou com a presen\u00e7a de 8.000 profissionais - Jornal das Oficinas","description":"A 2.\u00aa edi\u00e7\u00e3o da GMC terminou com grande sucesso em todos os seus indicadores, consolidando a GMC como um ponto de encontro fundamental","robots":{"index":"index","follow":"follow","max-snippet":"max-snippet:-1","max-image-preview":"max-image-preview:large","max-video-preview":"max-video-preview:-1"},"canonical":"https:\/\/jornaldasoficinas.com\/pt\/2a-edicao-gmc-contou-com-a-presenca-de-8-000-profissionais\/","og_locale":"pt_PT","og_type":"article","og_title":"2\u00aa edi\u00e7\u00e3o GMC contou com a presen\u00e7a de 8.000 profissionais - Jornal das Oficinas","og_description":"A 2.\u00aa edi\u00e7\u00e3o da GMC terminou com grande sucesso em todos os seus indicadores, consolidando a GMC como um ponto de encontro fundamental","og_url":"https:\/\/jornaldasoficinas.com\/pt\/2a-edicao-gmc-contou-com-a-presenca-de-8-000-profissionais\/","og_site_name":"Jornal das Oficinas","article_publisher":"https:\/\/www.facebook.com\/jornaloficinas","article_published_time":"2023-10-27T13:00:18+00:00","og_image":[{"width":1024,"height":581,"url":"https:\/\/jornaldasoficinas.com\/pt\/wp-content\/uploads\/2023\/09\/2a-edicao-GMC-contou-com-a-presenca-de-8.000-profissionais-.jpeg","type":"image\/jpeg"}],"author":"Reda\u00e7\u00e3o JO","twitter_card":"summary_large_image","twitter_creator":"@jornaloficinas","twitter_site":"@jornaloficinas","twitter_misc":{"Escrito por":"Reda\u00e7\u00e3o JO","Tempo estimado de leitura":"5 minutos"},"schema":{"@context":"https:\/\/schema.org","@graph":[{"@type":"Article","@id":"https:\/\/jornaldasoficinas.com\/pt\/2a-edicao-gmc-contou-com-a-presenca-de-8-000-profissionais\/#article","isPartOf":{"@id":"https:\/\/jornaldasoficinas.com\/pt\/2a-edicao-gmc-contou-com-a-presenca-de-8-000-profissionais\/"},"author":{"name":"Reda\u00e7\u00e3o JO","@id":"https:\/\/jornaldasoficinas.com\/pt\/#\/schema\/person\/a38eef5de2c41d9e7c9ac10141afddf3"},"headline":"2\u00aa edi\u00e7\u00e3o GMC contou com a presen\u00e7a de 8.000 profissionais","datePublished":"2023-10-27T13:00:18+00:00","mainEntityOfPage":{"@id":"https:\/\/jornaldasoficinas.com\/pt\/2a-edicao-gmc-contou-com-a-presenca-de-8-000-profissionais\/"},"wordCount":965,"publisher":{"@id":"https:\/\/jornaldasoficinas.com\/pt\/#organization"},"image":{"@id":"https:\/\/jornaldasoficinas.com\/pt\/2a-edicao-gmc-contou-com-a-presenca-de-8-000-profissionais\/#primaryimage"},"thumbnailUrl":"https:\/\/jornaldasoficinas.com\/pt\/wp-content\/uploads\/2023\/09\/2a-edicao-GMC-contou-com-a-presenca-de-8.000-profissionais-.jpeg","keywords":["2.\u00aa Edi\u00e7\u00e3o GMC","500 oradores","8.000 profissionais","Evento","Global Mobility Call","IFEMA MADRID","Smobhub"],"articleSection":["Mercado"],"inLanguage":"pt-PT"},{"@type":"WebPage","@id":"https:\/\/jornaldasoficinas.com\/pt\/2a-edicao-gmc-contou-com-a-presenca-de-8-000-profissionais\/","url":"https:\/\/jornaldasoficinas.com\/pt\/2a-edicao-gmc-contou-com-a-presenca-de-8-000-profissionais\/","name":"2\u00aa edi\u00e7\u00e3o GMC contou com a presen\u00e7a de 8.000 profissionais - Jornal das Oficinas","isPartOf":{"@id":"https:\/\/jornaldasoficinas.com\/pt\/#website"},"primaryImageOfPage":{"@id":"https:\/\/jornaldasoficinas.com\/pt\/2a-edicao-gmc-contou-com-a-presenca-de-8-000-profissionais\/#primaryimage"},"image":{"@id":"https:\/\/jornaldasoficinas.com\/pt\/2a-edicao-gmc-contou-com-a-presenca-de-8-000-profissionais\/#primaryimage"},"thumbnailUrl":"https:\/\/jornaldasoficinas.com\/pt\/wp-content\/uploads\/2023\/09\/2a-edicao-GMC-contou-com-a-presenca-de-8.000-profissionais-.jpeg","datePublished":"2023-10-27T13:00:18+00:00","description":"A 2.\u00aa edi\u00e7\u00e3o da GMC terminou com grande sucesso em todos os seus indicadores, consolidando a GMC como um ponto de encontro fundamental","breadcrumb":{"@id":"https:\/\/jornaldasoficinas.com\/pt\/2a-edicao-gmc-contou-com-a-presenca-de-8-000-profissionais\/#breadcrumb"},"inLanguage":"pt-PT","potentialAction":[{"@type":"ReadAction","target":["https:\/\/jornaldasoficinas.com\/pt\/2a-edicao-gmc-contou-com-a-presenca-de-8-000-profissionais\/"]}]},{"@type":"ImageObject","inLanguage":"pt-PT","@id":"https:\/\/jornaldasoficinas.com\/pt\/2a-edicao-gmc-contou-com-a-presenca-de-8-000-profissionais\/#primaryimage","url":"https:\/\/jornaldasoficinas.com\/pt\/wp-content\/uploads\/2023\/09\/2a-edicao-GMC-contou-com-a-presenca-de-8.000-profissionais-.jpeg","contentUrl":"https:\/\/jornaldasoficinas.com\/pt\/wp-content\/uploads\/2023\/09\/2a-edicao-GMC-contou-com-a-presenca-de-8.000-profissionais-.jpeg","width":1024,"height":581,"caption":"09 - 2a edicao GMC contou com a presenca de 8.000 profissionais"},{"@type":"BreadcrumbList","@id":"https:\/\/jornaldasoficinas.com\/pt\/2a-edicao-gmc-contou-com-a-presenca-de-8-000-profissionais\/#breadcrumb","itemListElement":[{"@type":"ListItem","position":1,"name":"In\u00edcio","item":"https:\/\/jornaldasoficinas.com\/pt\/"},{"@type":"ListItem","position":2,"name":"2\u00aa edi\u00e7\u00e3o GMC contou com a presen\u00e7a de 8.000 profissionais"}]},{"@type":"WebSite","@id":"https:\/\/jornaldasoficinas.com\/pt\/#website","url":"https:\/\/jornaldasoficinas.com\/pt\/","name":"Jornal das Oficinas","description":"Jornal independente do Aftermarket Autom\u00f3vel em Portugal","publisher":{"@id":"https:\/\/jornaldasoficinas.com\/pt\/#organization"},"potentialAction":[{"@type":"SearchAction","target":{"@type":"EntryPoint","urlTemplate":"https:\/\/jornaldasoficinas.com\/pt\/?s={search_term_string}"},"query-input":{"@type":"PropertyValueSpecification","valueRequired":true,"valueName":"search_term_string"}}],"inLanguage":"pt-PT"},{"@type":"Organization","@id":"https:\/\/jornaldasoficinas.com\/pt\/#organization","name":"Jornal das Oficinas","url":"https:\/\/jornaldasoficinas.com\/pt\/","logo":{"@type":"ImageObject","inLanguage":"pt-PT","@id":"https:\/\/jornaldasoficinas.com\/pt\/#\/schema\/logo\/image\/","url":"https:\/\/jornaldasoficinas.com\/pt\/wp-content\/uploads\/logoJO-SEO.png","contentUrl":"https:\/\/jornaldasoficinas.com\/pt\/wp-content\/uploads\/logoJO-SEO.png","width":285,"height":450,"caption":"Jornal das Oficinas"},"image":{"@id":"https:\/\/jornaldasoficinas.com\/pt\/#\/schema\/logo\/image\/"},"sameAs":["https:\/\/www.facebook.com\/jornaloficinas","https:\/\/x.com\/jornaloficinas","https:\/\/www.instagram.com\/jornal_oficinas\/","https:\/\/www.linkedin.com\/company\/jornal-das-oficinas\/","https:\/\/www.youtube.com\/channel\/UCbQZBqtcvV-oSQrr7RzINGg"]},{"@type":"Person","@id":"https:\/\/jornaldasoficinas.com\/pt\/#\/schema\/person\/a38eef5de2c41d9e7c9ac10141afddf3","name":"Reda\u00e7\u00e3o JO","image":{"@type":"ImageObject","inLanguage":"pt-PT","@id":"https:\/\/secure.gravatar.com\/avatar\/71f2fa71737ad68a84fea94bc708ddac8ea5b0c4788dc2ad202f3ccb2887742f?s=96&d=wp_user_avatar&r=g","url":"https:\/\/secure.gravatar.com\/avatar\/71f2fa71737ad68a84fea94bc708ddac8ea5b0c4788dc2ad202f3ccb2887742f?s=96&d=wp_user_avatar&r=g","contentUrl":"https:\/\/secure.gravatar.com\/avatar\/71f2fa71737ad68a84fea94bc708ddac8ea5b0c4788dc2ad202f3ccb2887742f?s=96&d=wp_user_avatar&r=g","caption":"Reda\u00e7\u00e3o JO"},"url":"https:\/\/jornaldasoficinas.com\/pt\/author\/joredacao\/"}]}},"_links":{"self":[{"href":"https:\/\/jornaldasoficinas.com\/pt\/wp-json\/wp\/v2\/posts\/73838","targetHints":{"allow":["GET"]}}],"collection":[{"href":"https:\/\/jornaldasoficinas.com\/pt\/wp-json\/wp\/v2\/posts"}],"about":[{"href":"https:\/\/jornaldasoficinas.com\/pt\/wp-json\/wp\/v2\/types\/post"}],"author":[{"embeddable":true,"href":"https:\/\/jornaldasoficinas.com\/pt\/wp-json\/wp\/v2\/users\/15"}],"replies":[{"embeddable":true,"href":"https:\/\/jornaldasoficinas.com\/pt\/wp-json\/wp\/v2\/comments?post=73838"}],"version-history":[{"count":0,"href":"https:\/\/jornaldasoficinas.com\/pt\/wp-json\/wp\/v2\/posts\/73838\/revisions"}],"wp:featuredmedia":[{"embeddable":true,"href":"https:\/\/jornaldasoficinas.com\/pt\/wp-json\/wp\/v2\/media\/73839"}],"wp:attachment":[{"href":"https:\/\/jornaldasoficinas.com\/pt\/wp-json\/wp\/v2\/media?parent=73838"}],"wp:term":[{"taxonomy":"category","embeddable":true,"href":"https:\/\/jornaldasoficinas.com\/pt\/wp-json\/wp\/v2\/categories?post=73838"},{"taxonomy":"post_tag","embeddable":true,"href":"https:\/\/jornaldasoficinas.com\/pt\/wp-json\/wp\/v2\/tags?post=73838"}],"curies":[{"name":"wp","href":"https:\/\/api.w.org\/{rel}","templated":true}]}}