{"id":74145,"date":"2023-11-02T16:00:54","date_gmt":"2023-11-02T16:00:54","guid":{"rendered":"https:\/\/jornaldasoficinas.com\/pt\/?p=74145"},"modified":"2023-11-02T10:13:31","modified_gmt":"2023-11-02T10:13:31","slug":"manheim-portugal-aposta-nos-leiloes-internacionais","status":"publish","type":"post","link":"https:\/\/jornaldasoficinas.com\/pt\/manheim-portugal-aposta-nos-leiloes-internacionais\/","title":{"rendered":"Manheim Portugal aposta nos leil\u00f5es internacionais"},"content":{"rendered":"<p><img loading=\"lazy\" decoding=\"async\" class=\"alignnone size-full wp-image-74072\" src=\"https:\/\/jornaldasoficinas.com\/pt\/wp-content\/uploads\/2023\/09\/Manheim-Portugal-aposta-nos-leiloes-internacionais-.jpg\" alt=\"09 - Manheim Portugal aposta nos leiloes internacionais \" width=\"1024\" height=\"581\" srcset=\"https:\/\/jornaldasoficinas.com\/pt\/wp-content\/uploads\/2023\/09\/Manheim-Portugal-aposta-nos-leiloes-internacionais-.jpg 1024w, https:\/\/jornaldasoficinas.com\/pt\/wp-content\/uploads\/2023\/09\/Manheim-Portugal-aposta-nos-leiloes-internacionais--300x170.jpg 300w, https:\/\/jornaldasoficinas.com\/pt\/wp-content\/uploads\/2023\/09\/Manheim-Portugal-aposta-nos-leiloes-internacionais--150x85.jpg 150w, https:\/\/jornaldasoficinas.com\/pt\/wp-content\/uploads\/2023\/09\/Manheim-Portugal-aposta-nos-leiloes-internacionais--768x436.jpg 768w\" sizes=\"auto, (max-width: 1024px) 100vw, 1024px\" \/><\/p>\n<p><strong>A <a href=\"https:\/\/www.manheim.pt\/\" target=\"_blank\" rel=\"noopener\">Manheim Portugal<\/a>, empresa especializada em remarketing de ve\u00edculos para profissionais, inaugurou os leil\u00f5es internacionais nos seus canais de venda digitais<\/strong><\/p>\n<p>A partir de agora, os ve\u00edculos geridos pela marca em Espanha est\u00e3o tamb\u00e9m dispon\u00edveis em leil\u00e3o para os clientes em Portugal, gra\u00e7as a uma parceria entre as duas sucursais. A empresa assinou ainda com uma das principais empresas de aluguer do mercado europeu para a disponibiliza\u00e7\u00e3o das suas viaturas, provenientes de Espanha e Fran\u00e7a, aos clientes da Manheim Portugal.<\/p>\n<p>\u201cA aquisi\u00e7\u00e3o de ve\u00edculos internacionais \u00e9 uma tend\u00eancia crescente no mercado autom\u00f3vel portugu\u00eas, tendo representado cerca de dois ter\u00e7os das novas matr\u00edculas em 2022. Conseguirmos oferecer esta possibilidade aos nossos clientes foi um passo muito importante para n\u00f3s\u201d, real\u00e7ou Manuel Costa, Diretor Geral da Manheim Portugal. \u201cEstamos confiantes que esta seja a primeira de muitas sinergias com outras marcas do grupo.\u201d<\/p>\n<p>Os leil\u00f5es internacionais est\u00e3o dispon\u00edveis\u00a0<a href=\"https:\/\/www.manheim.pt\/catalogues-and-events\/\" target=\"_blank\" rel=\"noopener\">atrav\u00e9s do site da Manheim Portugal<\/a>\u00a0a todos os clientes. A empresa assegura o transporte dos ve\u00edculos adquiridos at\u00e9 aos seus Centros em Lisboa ou no Porto.<\/p>\n","protected":false},"excerpt":{"rendered":"<p>A Manheim Portugal, empresa especializada em&#8230;<\/p>\n","protected":false},"author":15,"featured_media":74072,"comment_status":"closed","ping_status":"closed","sticky":false,"template":"","format":"standard","meta":{"footnotes":""},"categories":[29],"tags":[6535,5848,6536],"class_list":["post-74145","post","type-post","status-publish","format-standard","has-post-thumbnail","hentry","category-empresas","tag-leiloes-internacionais","tag-manheim-portugal","tag-remarketing-de-veiculos"],"yoast_head":"<!-- This site is optimized with the Yoast SEO plugin v27.5 - https:\/\/yoast.com\/product\/yoast-seo-wordpress\/ -->\n<title>Manheim Portugal aposta nos leil\u00f5es internacionais - Jornal das Oficinas<\/title>\n<meta name=\"description\" content=\"A Manheim Portugal, empresa especializada em remarketing de ve\u00edculos para profissionais, inaugurou os leil\u00f5es internacionais nos seus canais\" \/>\n<meta name=\"robots\" content=\"index, follow, max-snippet:-1, max-image-preview:large, max-video-preview:-1\" \/>\n<link rel=\"canonical\" href=\"https:\/\/jornaldasoficinas.com\/pt\/manheim-portugal-aposta-nos-leiloes-internacionais\/\" \/>\n<meta property=\"og:locale\" content=\"pt_PT\" \/>\n<meta property=\"og:type\" content=\"article\" \/>\n<meta property=\"og:title\" content=\"Manheim Portugal aposta nos leil\u00f5es internacionais - Jornal das Oficinas\" \/>\n<meta property=\"og:description\" content=\"A Manheim Portugal, empresa especializada em remarketing de ve\u00edculos para profissionais, inaugurou os leil\u00f5es internacionais nos seus canais\" \/>\n<meta property=\"og:url\" content=\"https:\/\/jornaldasoficinas.com\/pt\/manheim-portugal-aposta-nos-leiloes-internacionais\/\" \/>\n<meta property=\"og:site_name\" content=\"Jornal das Oficinas\" \/>\n<meta property=\"article:publisher\" content=\"https:\/\/www.facebook.com\/jornaloficinas\" \/>\n<meta property=\"article:published_time\" content=\"2023-11-02T16:00:54+00:00\" \/>\n<meta property=\"og:image\" content=\"https:\/\/jornaldasoficinas.com\/pt\/wp-content\/uploads\/2023\/09\/Manheim-Portugal-aposta-nos-leiloes-internacionais-.jpg\" \/>\n\t<meta property=\"og:image:width\" content=\"1024\" \/>\n\t<meta property=\"og:image:height\" content=\"581\" \/>\n\t<meta property=\"og:image:type\" content=\"image\/jpeg\" \/>\n<meta name=\"author\" content=\"Reda\u00e7\u00e3o JO\" \/>\n<meta name=\"twitter:card\" content=\"summary_large_image\" \/>\n<meta name=\"twitter:creator\" content=\"@jornaloficinas\" \/>\n<meta name=\"twitter:site\" content=\"@jornaloficinas\" \/>\n<meta name=\"twitter:label1\" content=\"Escrito por\" \/>\n\t<meta name=\"twitter:data1\" content=\"Reda\u00e7\u00e3o JO\" \/>\n\t<meta name=\"twitter:label2\" content=\"Tempo estimado de leitura\" \/>\n\t<meta name=\"twitter:data2\" content=\"2 minutos\" \/>\n<script type=\"application\/ld+json\" class=\"yoast-schema-graph\">{\"@context\":\"https:\\\/\\\/schema.org\",\"@graph\":[{\"@type\":\"Article\",\"@id\":\"https:\\\/\\\/jornaldasoficinas.com\\\/pt\\\/manheim-portugal-aposta-nos-leiloes-internacionais\\\/#article\",\"isPartOf\":{\"@id\":\"https:\\\/\\\/jornaldasoficinas.com\\\/pt\\\/manheim-portugal-aposta-nos-leiloes-internacionais\\\/\"},\"author\":{\"name\":\"Reda\u00e7\u00e3o JO\",\"@id\":\"https:\\\/\\\/jornaldasoficinas.com\\\/pt\\\/#\\\/schema\\\/person\\\/a38eef5de2c41d9e7c9ac10141afddf3\"},\"headline\":\"Manheim Portugal aposta nos leil\u00f5es internacionais\",\"datePublished\":\"2023-11-02T16:00:54+00:00\",\"mainEntityOfPage\":{\"@id\":\"https:\\\/\\\/jornaldasoficinas.com\\\/pt\\\/manheim-portugal-aposta-nos-leiloes-internacionais\\\/\"},\"wordCount\":202,\"publisher\":{\"@id\":\"https:\\\/\\\/jornaldasoficinas.com\\\/pt\\\/#organization\"},\"image\":{\"@id\":\"https:\\\/\\\/jornaldasoficinas.com\\\/pt\\\/manheim-portugal-aposta-nos-leiloes-internacionais\\\/#primaryimage\"},\"thumbnailUrl\":\"https:\\\/\\\/jornaldasoficinas.com\\\/pt\\\/wp-content\\\/uploads\\\/2023\\\/09\\\/Manheim-Portugal-aposta-nos-leiloes-internacionais-.jpg\",\"keywords\":[\"Leil\u00f5es internacionais\",\"Manheim Portugal\",\"remarketing de ve\u00edculos\"],\"articleSection\":[\"Empresas\"],\"inLanguage\":\"pt-PT\"},{\"@type\":\"WebPage\",\"@id\":\"https:\\\/\\\/jornaldasoficinas.com\\\/pt\\\/manheim-portugal-aposta-nos-leiloes-internacionais\\\/\",\"url\":\"https:\\\/\\\/jornaldasoficinas.com\\\/pt\\\/manheim-portugal-aposta-nos-leiloes-internacionais\\\/\",\"name\":\"Manheim Portugal aposta nos leil\u00f5es internacionais - Jornal das Oficinas\",\"isPartOf\":{\"@id\":\"https:\\\/\\\/jornaldasoficinas.com\\\/pt\\\/#website\"},\"primaryImageOfPage\":{\"@id\":\"https:\\\/\\\/jornaldasoficinas.com\\\/pt\\\/manheim-portugal-aposta-nos-leiloes-internacionais\\\/#primaryimage\"},\"image\":{\"@id\":\"https:\\\/\\\/jornaldasoficinas.com\\\/pt\\\/manheim-portugal-aposta-nos-leiloes-internacionais\\\/#primaryimage\"},\"thumbnailUrl\":\"https:\\\/\\\/jornaldasoficinas.com\\\/pt\\\/wp-content\\\/uploads\\\/2023\\\/09\\\/Manheim-Portugal-aposta-nos-leiloes-internacionais-.jpg\",\"datePublished\":\"2023-11-02T16:00:54+00:00\",\"description\":\"A Manheim Portugal, empresa especializada em remarketing de ve\u00edculos para profissionais, inaugurou os leil\u00f5es internacionais nos seus canais\",\"breadcrumb\":{\"@id\":\"https:\\\/\\\/jornaldasoficinas.com\\\/pt\\\/manheim-portugal-aposta-nos-leiloes-internacionais\\\/#breadcrumb\"},\"inLanguage\":\"pt-PT\",\"potentialAction\":[{\"@type\":\"ReadAction\",\"target\":[\"https:\\\/\\\/jornaldasoficinas.com\\\/pt\\\/manheim-portugal-aposta-nos-leiloes-internacionais\\\/\"]}]},{\"@type\":\"ImageObject\",\"inLanguage\":\"pt-PT\",\"@id\":\"https:\\\/\\\/jornaldasoficinas.com\\\/pt\\\/manheim-portugal-aposta-nos-leiloes-internacionais\\\/#primaryimage\",\"url\":\"https:\\\/\\\/jornaldasoficinas.com\\\/pt\\\/wp-content\\\/uploads\\\/2023\\\/09\\\/Manheim-Portugal-aposta-nos-leiloes-internacionais-.jpg\",\"contentUrl\":\"https:\\\/\\\/jornaldasoficinas.com\\\/pt\\\/wp-content\\\/uploads\\\/2023\\\/09\\\/Manheim-Portugal-aposta-nos-leiloes-internacionais-.jpg\",\"width\":1024,\"height\":581,\"caption\":\"09 - Manheim Portugal aposta nos leiloes internacionais\"},{\"@type\":\"BreadcrumbList\",\"@id\":\"https:\\\/\\\/jornaldasoficinas.com\\\/pt\\\/manheim-portugal-aposta-nos-leiloes-internacionais\\\/#breadcrumb\",\"itemListElement\":[{\"@type\":\"ListItem\",\"position\":1,\"name\":\"In\u00edcio\",\"item\":\"https:\\\/\\\/jornaldasoficinas.com\\\/pt\\\/\"},{\"@type\":\"ListItem\",\"position\":2,\"name\":\"Manheim Portugal aposta nos leil\u00f5es internacionais\"}]},{\"@type\":\"WebSite\",\"@id\":\"https:\\\/\\\/jornaldasoficinas.com\\\/pt\\\/#website\",\"url\":\"https:\\\/\\\/jornaldasoficinas.com\\\/pt\\\/\",\"name\":\"Jornal das Oficinas\",\"description\":\"Jornal independente do Aftermarket Autom\u00f3vel em Portugal\",\"publisher\":{\"@id\":\"https:\\\/\\\/jornaldasoficinas.com\\\/pt\\\/#organization\"},\"potentialAction\":[{\"@type\":\"SearchAction\",\"target\":{\"@type\":\"EntryPoint\",\"urlTemplate\":\"https:\\\/\\\/jornaldasoficinas.com\\\/pt\\\/?s={search_term_string}\"},\"query-input\":{\"@type\":\"PropertyValueSpecification\",\"valueRequired\":true,\"valueName\":\"search_term_string\"}}],\"inLanguage\":\"pt-PT\"},{\"@type\":\"Organization\",\"@id\":\"https:\\\/\\\/jornaldasoficinas.com\\\/pt\\\/#organization\",\"name\":\"Jornal das Oficinas\",\"url\":\"https:\\\/\\\/jornaldasoficinas.com\\\/pt\\\/\",\"logo\":{\"@type\":\"ImageObject\",\"inLanguage\":\"pt-PT\",\"@id\":\"https:\\\/\\\/jornaldasoficinas.com\\\/pt\\\/#\\\/schema\\\/logo\\\/image\\\/\",\"url\":\"https:\\\/\\\/jornaldasoficinas.com\\\/pt\\\/wp-content\\\/uploads\\\/logoJO-SEO.png\",\"contentUrl\":\"https:\\\/\\\/jornaldasoficinas.com\\\/pt\\\/wp-content\\\/uploads\\\/logoJO-SEO.png\",\"width\":285,\"height\":450,\"caption\":\"Jornal das Oficinas\"},\"image\":{\"@id\":\"https:\\\/\\\/jornaldasoficinas.com\\\/pt\\\/#\\\/schema\\\/logo\\\/image\\\/\"},\"sameAs\":[\"https:\\\/\\\/www.facebook.com\\\/jornaloficinas\",\"https:\\\/\\\/x.com\\\/jornaloficinas\",\"https:\\\/\\\/www.instagram.com\\\/jornal_oficinas\\\/\",\"https:\\\/\\\/www.linkedin.com\\\/company\\\/jornal-das-oficinas\\\/\",\"https:\\\/\\\/www.youtube.com\\\/channel\\\/UCbQZBqtcvV-oSQrr7RzINGg\"]},{\"@type\":\"Person\",\"@id\":\"https:\\\/\\\/jornaldasoficinas.com\\\/pt\\\/#\\\/schema\\\/person\\\/a38eef5de2c41d9e7c9ac10141afddf3\",\"name\":\"Reda\u00e7\u00e3o JO\",\"image\":{\"@type\":\"ImageObject\",\"inLanguage\":\"pt-PT\",\"@id\":\"https:\\\/\\\/secure.gravatar.com\\\/avatar\\\/71f2fa71737ad68a84fea94bc708ddac8ea5b0c4788dc2ad202f3ccb2887742f?s=96&d=wp_user_avatar&r=g\",\"url\":\"https:\\\/\\\/secure.gravatar.com\\\/avatar\\\/71f2fa71737ad68a84fea94bc708ddac8ea5b0c4788dc2ad202f3ccb2887742f?s=96&d=wp_user_avatar&r=g\",\"contentUrl\":\"https:\\\/\\\/secure.gravatar.com\\\/avatar\\\/71f2fa71737ad68a84fea94bc708ddac8ea5b0c4788dc2ad202f3ccb2887742f?s=96&d=wp_user_avatar&r=g\",\"caption\":\"Reda\u00e7\u00e3o JO\"},\"url\":\"https:\\\/\\\/jornaldasoficinas.com\\\/pt\\\/author\\\/joredacao\\\/\"}]}<\/script>\n<!-- \/ Yoast SEO plugin. -->","yoast_head_json":{"title":"Manheim Portugal aposta nos leil\u00f5es internacionais - Jornal das Oficinas","description":"A Manheim Portugal, empresa especializada em remarketing de ve\u00edculos para profissionais, inaugurou os leil\u00f5es internacionais nos seus canais","robots":{"index":"index","follow":"follow","max-snippet":"max-snippet:-1","max-image-preview":"max-image-preview:large","max-video-preview":"max-video-preview:-1"},"canonical":"https:\/\/jornaldasoficinas.com\/pt\/manheim-portugal-aposta-nos-leiloes-internacionais\/","og_locale":"pt_PT","og_type":"article","og_title":"Manheim Portugal aposta nos leil\u00f5es internacionais - Jornal das Oficinas","og_description":"A Manheim Portugal, empresa especializada em remarketing de ve\u00edculos para profissionais, inaugurou os leil\u00f5es internacionais nos seus canais","og_url":"https:\/\/jornaldasoficinas.com\/pt\/manheim-portugal-aposta-nos-leiloes-internacionais\/","og_site_name":"Jornal das Oficinas","article_publisher":"https:\/\/www.facebook.com\/jornaloficinas","article_published_time":"2023-11-02T16:00:54+00:00","og_image":[{"width":1024,"height":581,"url":"https:\/\/jornaldasoficinas.com\/pt\/wp-content\/uploads\/2023\/09\/Manheim-Portugal-aposta-nos-leiloes-internacionais-.jpg","type":"image\/jpeg"}],"author":"Reda\u00e7\u00e3o JO","twitter_card":"summary_large_image","twitter_creator":"@jornaloficinas","twitter_site":"@jornaloficinas","twitter_misc":{"Escrito por":"Reda\u00e7\u00e3o JO","Tempo estimado de leitura":"2 minutos"},"schema":{"@context":"https:\/\/schema.org","@graph":[{"@type":"Article","@id":"https:\/\/jornaldasoficinas.com\/pt\/manheim-portugal-aposta-nos-leiloes-internacionais\/#article","isPartOf":{"@id":"https:\/\/jornaldasoficinas.com\/pt\/manheim-portugal-aposta-nos-leiloes-internacionais\/"},"author":{"name":"Reda\u00e7\u00e3o JO","@id":"https:\/\/jornaldasoficinas.com\/pt\/#\/schema\/person\/a38eef5de2c41d9e7c9ac10141afddf3"},"headline":"Manheim Portugal aposta nos leil\u00f5es internacionais","datePublished":"2023-11-02T16:00:54+00:00","mainEntityOfPage":{"@id":"https:\/\/jornaldasoficinas.com\/pt\/manheim-portugal-aposta-nos-leiloes-internacionais\/"},"wordCount":202,"publisher":{"@id":"https:\/\/jornaldasoficinas.com\/pt\/#organization"},"image":{"@id":"https:\/\/jornaldasoficinas.com\/pt\/manheim-portugal-aposta-nos-leiloes-internacionais\/#primaryimage"},"thumbnailUrl":"https:\/\/jornaldasoficinas.com\/pt\/wp-content\/uploads\/2023\/09\/Manheim-Portugal-aposta-nos-leiloes-internacionais-.jpg","keywords":["Leil\u00f5es internacionais","Manheim Portugal","remarketing de ve\u00edculos"],"articleSection":["Empresas"],"inLanguage":"pt-PT"},{"@type":"WebPage","@id":"https:\/\/jornaldasoficinas.com\/pt\/manheim-portugal-aposta-nos-leiloes-internacionais\/","url":"https:\/\/jornaldasoficinas.com\/pt\/manheim-portugal-aposta-nos-leiloes-internacionais\/","name":"Manheim Portugal aposta nos leil\u00f5es internacionais - Jornal das Oficinas","isPartOf":{"@id":"https:\/\/jornaldasoficinas.com\/pt\/#website"},"primaryImageOfPage":{"@id":"https:\/\/jornaldasoficinas.com\/pt\/manheim-portugal-aposta-nos-leiloes-internacionais\/#primaryimage"},"image":{"@id":"https:\/\/jornaldasoficinas.com\/pt\/manheim-portugal-aposta-nos-leiloes-internacionais\/#primaryimage"},"thumbnailUrl":"https:\/\/jornaldasoficinas.com\/pt\/wp-content\/uploads\/2023\/09\/Manheim-Portugal-aposta-nos-leiloes-internacionais-.jpg","datePublished":"2023-11-02T16:00:54+00:00","description":"A Manheim Portugal, empresa especializada em remarketing de ve\u00edculos para profissionais, inaugurou os leil\u00f5es internacionais nos seus canais","breadcrumb":{"@id":"https:\/\/jornaldasoficinas.com\/pt\/manheim-portugal-aposta-nos-leiloes-internacionais\/#breadcrumb"},"inLanguage":"pt-PT","potentialAction":[{"@type":"ReadAction","target":["https:\/\/jornaldasoficinas.com\/pt\/manheim-portugal-aposta-nos-leiloes-internacionais\/"]}]},{"@type":"ImageObject","inLanguage":"pt-PT","@id":"https:\/\/jornaldasoficinas.com\/pt\/manheim-portugal-aposta-nos-leiloes-internacionais\/#primaryimage","url":"https:\/\/jornaldasoficinas.com\/pt\/wp-content\/uploads\/2023\/09\/Manheim-Portugal-aposta-nos-leiloes-internacionais-.jpg","contentUrl":"https:\/\/jornaldasoficinas.com\/pt\/wp-content\/uploads\/2023\/09\/Manheim-Portugal-aposta-nos-leiloes-internacionais-.jpg","width":1024,"height":581,"caption":"09 - Manheim Portugal aposta nos leiloes internacionais"},{"@type":"BreadcrumbList","@id":"https:\/\/jornaldasoficinas.com\/pt\/manheim-portugal-aposta-nos-leiloes-internacionais\/#breadcrumb","itemListElement":[{"@type":"ListItem","position":1,"name":"In\u00edcio","item":"https:\/\/jornaldasoficinas.com\/pt\/"},{"@type":"ListItem","position":2,"name":"Manheim Portugal aposta nos leil\u00f5es internacionais"}]},{"@type":"WebSite","@id":"https:\/\/jornaldasoficinas.com\/pt\/#website","url":"https:\/\/jornaldasoficinas.com\/pt\/","name":"Jornal das Oficinas","description":"Jornal independente do Aftermarket Autom\u00f3vel em Portugal","publisher":{"@id":"https:\/\/jornaldasoficinas.com\/pt\/#organization"},"potentialAction":[{"@type":"SearchAction","target":{"@type":"EntryPoint","urlTemplate":"https:\/\/jornaldasoficinas.com\/pt\/?s={search_term_string}"},"query-input":{"@type":"PropertyValueSpecification","valueRequired":true,"valueName":"search_term_string"}}],"inLanguage":"pt-PT"},{"@type":"Organization","@id":"https:\/\/jornaldasoficinas.com\/pt\/#organization","name":"Jornal das Oficinas","url":"https:\/\/jornaldasoficinas.com\/pt\/","logo":{"@type":"ImageObject","inLanguage":"pt-PT","@id":"https:\/\/jornaldasoficinas.com\/pt\/#\/schema\/logo\/image\/","url":"https:\/\/jornaldasoficinas.com\/pt\/wp-content\/uploads\/logoJO-SEO.png","contentUrl":"https:\/\/jornaldasoficinas.com\/pt\/wp-content\/uploads\/logoJO-SEO.png","width":285,"height":450,"caption":"Jornal das Oficinas"},"image":{"@id":"https:\/\/jornaldasoficinas.com\/pt\/#\/schema\/logo\/image\/"},"sameAs":["https:\/\/www.facebook.com\/jornaloficinas","https:\/\/x.com\/jornaloficinas","https:\/\/www.instagram.com\/jornal_oficinas\/","https:\/\/www.linkedin.com\/company\/jornal-das-oficinas\/","https:\/\/www.youtube.com\/channel\/UCbQZBqtcvV-oSQrr7RzINGg"]},{"@type":"Person","@id":"https:\/\/jornaldasoficinas.com\/pt\/#\/schema\/person\/a38eef5de2c41d9e7c9ac10141afddf3","name":"Reda\u00e7\u00e3o JO","image":{"@type":"ImageObject","inLanguage":"pt-PT","@id":"https:\/\/secure.gravatar.com\/avatar\/71f2fa71737ad68a84fea94bc708ddac8ea5b0c4788dc2ad202f3ccb2887742f?s=96&d=wp_user_avatar&r=g","url":"https:\/\/secure.gravatar.com\/avatar\/71f2fa71737ad68a84fea94bc708ddac8ea5b0c4788dc2ad202f3ccb2887742f?s=96&d=wp_user_avatar&r=g","contentUrl":"https:\/\/secure.gravatar.com\/avatar\/71f2fa71737ad68a84fea94bc708ddac8ea5b0c4788dc2ad202f3ccb2887742f?s=96&d=wp_user_avatar&r=g","caption":"Reda\u00e7\u00e3o JO"},"url":"https:\/\/jornaldasoficinas.com\/pt\/author\/joredacao\/"}]}},"_links":{"self":[{"href":"https:\/\/jornaldasoficinas.com\/pt\/wp-json\/wp\/v2\/posts\/74145","targetHints":{"allow":["GET"]}}],"collection":[{"href":"https:\/\/jornaldasoficinas.com\/pt\/wp-json\/wp\/v2\/posts"}],"about":[{"href":"https:\/\/jornaldasoficinas.com\/pt\/wp-json\/wp\/v2\/types\/post"}],"author":[{"embeddable":true,"href":"https:\/\/jornaldasoficinas.com\/pt\/wp-json\/wp\/v2\/users\/15"}],"replies":[{"embeddable":true,"href":"https:\/\/jornaldasoficinas.com\/pt\/wp-json\/wp\/v2\/comments?post=74145"}],"version-history":[{"count":0,"href":"https:\/\/jornaldasoficinas.com\/pt\/wp-json\/wp\/v2\/posts\/74145\/revisions"}],"wp:featuredmedia":[{"embeddable":true,"href":"https:\/\/jornaldasoficinas.com\/pt\/wp-json\/wp\/v2\/media\/74072"}],"wp:attachment":[{"href":"https:\/\/jornaldasoficinas.com\/pt\/wp-json\/wp\/v2\/media?parent=74145"}],"wp:term":[{"taxonomy":"category","embeddable":true,"href":"https:\/\/jornaldasoficinas.com\/pt\/wp-json\/wp\/v2\/categories?post=74145"},{"taxonomy":"post_tag","embeddable":true,"href":"https:\/\/jornaldasoficinas.com\/pt\/wp-json\/wp\/v2\/tags?post=74145"}],"curies":[{"name":"wp","href":"https:\/\/api.w.org\/{rel}","templated":true}]}}